{"id":32880,"date":"2023-09-13T19:41:08","date_gmt":"2023-09-13T19:41:08","guid":{"rendered":"https:\/\/dmsjuridica.com\/buscador_20179478954\/salapenalcronologico20230723\/2023\/09\/13\/ap2511-201647978\/"},"modified":"2023-09-13T19:41:08","modified_gmt":"2023-09-13T19:41:08","slug":"ap2511-201647978","status":"publish","type":"post","link":"https:\/\/dmsjuridica.com\/buscador_20179478954\/salapenalcronologico20230723\/2023\/09\/13\/ap2511-201647978\/","title":{"rendered":"AP2511-2016(47978)"},"content":{"rendered":"\n<p>\u00a0 \u00a0 \u00a0\u00a0<\/p>\n<p>CORTE SUPREMA DE JUSTICIA \u00a0<\/p>\n<p>SALA DE CASACI\u00d3N PENAL \u00a0<\/p>\n<p>EUGENIO \u00a0FERN\u00c1NDEZ \u00a0CARLIER<\/p>\n<p>Magistrado Ponente \u00a0\u00a0<\/p>\n<p>AP2511-2016 \u00a0<\/p>\n<p>Radicaci\u00f3n N\u00ba 47978 \u00a0<\/p>\n<p>Aprobado mediante Acta No. 135 \u00a0<\/p>\n<p>\u00a0 \u00a0\u00a0 \u00a0\u00a0 \u00a0\u00a0Bogot\u00e1, \u00a0D. \u00a0C., \u00a0veintisiete \u00a0(27) \u00a0de abril de dos mil diecis\u00e9is \u00a0(2016). \u00a0\u00a0<\/p>\n<p>ASUNTO \u00a0<\/p>\n<p>La \u00a0Sala \u00a0decide \u00a0sobre \u00a0la \u00a0competencia para \u00a0conocer \u00a0 del \u00a0 juzgamiento \u00a0de \u00a0NODIER \u00a0BENJAM\u00cdN \u00a0NOGUERA \u00a0TOVAR \u00a0\u2013alias \u00a0MA\u00d1O-, \u00a0a \u00a0quien \u00a0la \u00a0Fiscal\u00eda \u00a0atribuye \u00a0la \u00a0comisi\u00f3n \u00a0de \u00a0los delitos de concierto para delinquir en concurso \u00a0heterog\u00e9neo \u00a0con hurto calificado y fabricaci\u00f3n, tr\u00e1fico, porte o tenencia de \u00a0armas \u00a0 de \u00a0 fuego, \u00a0 accesorios, \u00a0 partes \u00a0 o \u00a0 municiones, \u00a0 en \u00a0 calidad \u00a0 de \u00a0c\u00f3mplice. \u00a0\u00a0<\/p>\n<p>HECHOS \u00a0<\/p>\n<p>Da cuenta la actuaci\u00f3n que mediante fuente no \u00a0formal \u00a0se tuvo conocimiento de la existencia de una organizaci\u00f3n delincuencial \u00a0dedicada al hurto, bajo la modalidad de fleteo. \u00a0\u00a0<\/p>\n<p>A \u00a0partir \u00a0de \u00a0esta informaci\u00f3n y apoyado en \u00a0labores \u00a0de investigaci\u00f3n se logr\u00f3 la identificaci\u00f3n de aproximadamente 30 de \u00a0sus \u00a0 integrantes, \u00a0 entre \u00a0 ellos \u00a0 NODIER \u00a0 BENJAM\u00cdN \u00a0 NOGUERA \u00a0 \u2013alias \u00a0Ma\u00f1o-; \u00a0as\u00ed como la existencia \u00a0de \u00a0casi \u00a0100 \u00a0eventos de hurto en modalidad de fleteo, principalmente en Cali y \u00a0en \u00a0 menor \u00a0 medida \u00a0 en \u00a0 Palmira \u00a0 y \u00a0 Santander \u00a0 de \u00a0 Quilichao- \u00a0Valle \u00a0del \u00a0Cauca. \u00a0\u00a0<\/p>\n<p>Destaca la participaci\u00f3n de BENJAM\u00cdN NOGUERA \u00a0en \u00a0el \u00a0evento \u00a0ocurrido \u00a0el 16 de septiembre de 2013 en Palmira-Valle, donde el \u00a0grupo \u00a0de \u00a0\u201cDorys\u201d le hurt\u00f3 a ELIBERTO MART\u00cdNEZ GAVIRIRA cinco millones de \u00a0pesos.\u00a0\u00a0\u00a0\u00a0\u00a0 \u00a0\u00a0<\/p>\n<p>ACTUACI\u00d3N PROCESAL RELEVANTE \u00a0<\/p>\n<p>1.- \u00a0Por solicitud de la Fiscal\u00eda, el 29 de \u00a0octubre \u00a0de \u00a02014 \u00a0la \u00a0Juez \u00a018 \u00a0Penal \u00a0Municipal \u00a0con \u00a0Funci\u00f3n \u00a0de \u00a0Control de \u00a0Garant\u00edas \u00a0de \u00a0Cali-Valle libr\u00f3 orden de captura en contra de NODIER BENJAM\u00cdN \u00a0NOGUERA TOVAR, entre otros. \u00a0\u00a0<\/p>\n<p>2.-Los \u00a0d\u00edas 6 y 7 de noviembre de 2015, el \u00a0Juzgado \u00a029 Penal Municipal con Funci\u00f3n de Control de Garant\u00edas de Cali- Valle \u00a0del \u00a0 Cauca \u00a0 celebr\u00f3 \u00a0 audiencias \u00a0 concentradas, \u00a0en \u00a0las \u00a0cuales, \u00a0legaliz\u00f3 \u00a0diligencias \u00a0de \u00a0allanamientos \u00a0y \u00a0registros, \u00a0as\u00ed \u00a0como \u00a0la \u00a0captura de NODIER \u00a0BENJAM\u00cdN \u00a0 \u00a0 NOGUERA \u00a0 \u00a0 TOVAR \u00a0 \u00a0 \u2013alias \u00a0 \u00a0 \u00a0Ma\u00f1o- \u00a0 \u00a0 \u00a0\u2013entre \u00a0otros-, \u00a0seguidamente \u00a0la \u00a0Fiscal\u00eda \u00a0le formul\u00f3 imputaci\u00f3n \u00a0como \u00a0autor \u00a0del delito de concierto para delinquir en concurso heterog\u00e9neo con \u00a0hurto \u00a0calificado \u00a0y fabricaci\u00f3n, tr\u00e1fico, porte o tenencia de armas de fuego, \u00a0accesorios, partes o municiones; sin que aceptara los cargos. \u00a0\u00a0<\/p>\n<p>2.- El 16 de diciembre de 2015, la Fiscal\u00eda \u00a0radic\u00f3 \u00a0el \u00a0escrito \u00a0de \u00a0acusaci\u00f3n \u00a0con \u00a0preacuerdo \u00a0en el Centro de Servicios \u00a0Judiciales \u00a0de \u00a0Cali-Valle \u00a0en \u00a0contra \u00a0de \u00a0NODIER \u00a0BENJAM\u00cdN NOGUERA TOVAR como \u00a0c\u00f3mplice \u00a0de \u00a0los \u00a0delitos \u00a0de \u00a0concierto \u00a0para delinquir agravado, conforme lo \u00a0previsto \u00a0en \u00a0el \u00a0art\u00edculo \u00a0340 \u00a0inciso \u00a02\u00ba \u00a0del \u00a0C\u00f3digo \u00a0Penal, \u00a0en concurso \u00a0heterog\u00e9neo \u00a0con \u00a0el \u00a0punible \u00a0de \u00a0hurto \u00a0calificado \u00a0y agravado descrito en el \u00a0art\u00edculo \u00a0240 \u00a0y \u00a0241 \u00a0\u00edbidem, \u00a0en \u00a0concurso \u00a0con \u00a0el \u00a0delito de fabricaci\u00f3n, \u00a0tr\u00e1fico, \u00a0porte \u00a0o \u00a0tenencia de armas de fuego, accesorios, partes o municiones \u00a0sancionado en el art\u00edculo 365 del Estatuto Punitivo. \u00a0\u00a0<\/p>\n<p>3. \u00a0Asignado \u00a0el \u00a0conocimiento del asunto al \u00a0Juzgado \u00a011 \u00a0Penal \u00a0del Circuito con Funciones de Conocimiento de Cali-Valle del \u00a0Cauca, \u00a0convoc\u00f3 \u00a0a \u00a0la celebraci\u00f3n de audiencia de verificaci\u00f3n de preacuerdo \u00a0el \u00a011 \u00a0de \u00a0abril \u00a0de \u00a02016, \u00a0oportunidad \u00a0en \u00a0la \u00a0cual \u00a0la \u00a0Juez \u00a0manifest\u00f3 su \u00a0incompetencia \u00a0para conocer la actuaci\u00f3n, advirtiendo que los hechos en los que \u00a0result\u00f3 \u00a0v\u00edctima \u00a0EDILBERTO \u00a0MART\u00cdNEZ \u00a0GAVIRIA, \u00a0evento \u00a0atribuido \u00a0a NOGUERA \u00a0TOVAR, \u00a0tuvieron ocurrencia en Palmira- Valle, por lo que el funcionario a quien \u00a0correspond\u00eda \u00a0 conocer \u00a0 de \u00a0 este \u00a0 asunto \u00a0 era \u00a0 a \u00a0un \u00a0hom\u00f3logo \u00a0en \u00a0dicha \u00a0ciudad. \u00a0\u00a0<\/p>\n<p>As\u00ed \u00a0las \u00a0cosas, la Juez orden\u00f3 remitir la \u00a0diligencia \u00a0a \u00a0esta Corporaci\u00f3n para dirimir el conflicto, conforme lo previsto \u00a0en el art\u00edculo 54 de la Ley 906 de 2004. \u00a0\u00a0<\/p>\n<p>CONSIDERACIONES \u00a0<\/p>\n<p>1. Corresponde a la \u00a0Sala \u00a0de \u00a0Casaci\u00f3n \u00a0Penal \u00a0de \u00a0la \u00a0Corte \u00a0Suprema \u00a0de \u00a0Justicia, conforme a los \u00a0lineamientos \u00a0contenidos \u00a0en \u00a0el \u00a0numeral \u00a04\u00b0 del art\u00edculo 32 de la Ley 906 de \u00a02004, \u00a0 pronunciarse \u00a0 sobre \u00a0 la \u00a0 competencia \u00a0cuando \u00a0se \u00a0trate \u00a0de \u00a0aforados \u00a0constitucionales \u00a0y \u00a0legales, \u00a0o \u00a0de \u00a0tribunales, \u00a0o \u00a0de \u00a0juzgados de diferentes \u00a0distritos. \u00a0\u00a0<\/p>\n<p>As\u00ed \u00a0mismo, el art\u00edculo 54 ib\u00eddem precisa \u00a0que \u00a0cuando \u00a0el \u00a0Juez al que se le presente la acusaci\u00f3n manifieste su falta de \u00a0competencia \u00a0para actuar, deber\u00e1 remitirlo inmediatamente al funcionario que le \u00a0incumbe \u00a0definirla, \u00a0quien \u00a0adoptara \u00a0la \u00a0decisi\u00f3n de fondo en un t\u00e9rmino de 3 \u00a0d\u00edas, \u00a0 e \u00a0 igualmente \u00a0 indica \u00a0 que \u00a0 este \u00a0 tr\u00e1mite \u00a0debe \u00a0seguirse \u00a0cuando \u00a0\u00abla \u00a0incompetencia la proponga la defensa\u00bb \u00a0\u00a0<\/p>\n<p>En \u00a0el caso en estudio, la Juez 11 Penal del \u00a0Circuito \u00a0 \u00a0con \u00a0 \u00a0Funciones \u00a0 \u00a0de \u00a0 \u00a0Conocimiento \u00a0 \u00a0de \u00a0 \u00a0Cali \u00a0 \u00a0\u2013 \u00a0 Valle \u00a0 del \u00a0 Cauca \u00a0manifest\u00f3 \u00a0su \u00a0incompetencia \u00a0para \u00a0conocer \u00a0de \u00a0la \u00a0presente \u00a0actuaci\u00f3n, al considerar que el \u00a0conocimiento \u00a0de \u00a0la \u00a0causa \u00a0correspond\u00eda \u00a0a un hom\u00f3logo de Palmira- Valle del \u00a0Cauca, \u00a0en \u00a0tanto \u00a0que el evento endilgado a NODIER BENJAM\u00cdN NOGUERA TOVAR tuvo \u00a0ocurrencia \u00a0en \u00a0esa \u00a0ciudad. \u00a0Raz\u00f3n \u00a0por \u00a0la cual se avala la competencia de la \u00a0Corte \u00a0para \u00a0definir \u00a0la \u00a0competencia en el presente asunto, en tanto que se ven \u00a0enfrentados despachos de los distritos judiciales de Cali y Buga. \u00a0\u00a0<\/p>\n<p>2. La definici\u00f3n de \u00a0competencia \u00a0es un mecanismo que busca de manera c\u00e9lere, \u00e1gil y definitiva que \u00a0se \u00a0establezca, \u00a0en \u00a0caso \u00a0de \u00a0duda, el funcionario al que le compete conocer de \u00a0determinado \u00a0asunto, \u00a0de \u00a0all\u00ed que una vez presentada tal situaci\u00f3n se env\u00edan \u00a0las diligencias al superior funcional para que la resuelva. \u00a0\u00a0<\/p>\n<p>3.-La \u00a0competencia \u00a0para \u00a0conocer \u00a0de determinado asunto se define atendiendo a los factores como el \u00a0personal \u00a0 \u2013referente \u00a0al \u00a0fuero \u00a0del \u00a0sujeto \u00a0activo de la conducta-, el objetivo \u00a0\u2013atiende la naturaleza del \u00a0punible- \u00a0 \u00a0 y \u00a0 \u00a0el \u00a0 \u00a0territorial \u00a0 \u00a0\u2013lugar \u00a0geogr\u00e1fico en donde se ejecuta \u00a0el \u00a0hecho \u00a0delictivo-, \u00a0pues \u00a0con ello se garantiza el \u00a0debido \u00a0 proceso \u00a0y \u00a0de \u00a0contera \u00a0los \u00a0principios \u00a0de \u00a0inmediaci\u00f3n, \u00a0celeridad, \u00a0imparcialidad \u00a0 y \u00a0econom\u00eda \u00a0procesal. \u00a01 \u00a0\u00a0<\/p>\n<p>Ahora bien, en cuanto al factor territorial, \u00a0el \u00a0art\u00edculo \u00a014 del C\u00f3digo Penal precisa que a su vez est\u00e1 determinado por 3 \u00a0factores, \u00a0tales \u00a0como \u00a0lo son: i) el lugar en el que se ha ejecutado la acci\u00f3n \u00a0t\u00edpica \u00a0\u2013teor\u00eda \u00a0de \u00a0la \u00a0actividad-, ii) el lugar donde se produjo el resultado \u00a0\u2013teor\u00eda \u00a0del \u00a0resultado \u00a0\u2013 y iii) el que atiende la \u00a0equivalencia \u00a0 \u00a0de \u00a0 \u00a0acci\u00f3n \u00a0 \u00a0y \u00a0 resultado, \u00a0 indistintamente \u00a0 \u2013teor\u00eda \u00a0de \u00a0la \u00a0ubicuidad-2. \u00a0\u00a0<\/p>\n<p>As\u00ed \u00a0mismo, \u00a0el \u00a0art\u00edculo \u00a052 \u00cdbidem, \u00a0refiere \u00a0que debe definirse \u00a0la \u00a0competencia, de manera prevalente, en atenci\u00f3n al \u00a0lugar \u00a0 \u00a0donde \u00a0 \u00a0i) \u00a0 \u00a0se \u00a0 cometi\u00f3 \u00a0 el \u00a0 \u00a0delito \u00a0 m\u00e1s \u00a0 grave, \u00a0 ii) \u00a0 se \u00a0realiz\u00f3 \u00a0el \u00a0mayor n\u00famero \u00a0de \u00a0conductas \u00a0punibles, \u00a0iii) \u00a0se \u00a0produjo \u00a0la \u00a0primera aprehensi\u00f3n \u00a0 o \u00a0 iv) \u00a0 se \u00a0 formul\u00f3 \u00a0primero \u00a0la \u00a0imputaci\u00f3n. \u00a0\u00a0<\/p>\n<p>Y \u00a0en el presente \u00a0evento, \u00a0 cuando \u00a0 la \u00a0Fiscal\u00eda \u00a0formul\u00f3 \u00a0 imputaci\u00f3n \u00a0 a \u00a0NODIER \u00a0BENJAM\u00cdN \u00a0NOGUERA \u00a0 \u00a0 \u00a0 \u00a0 TOVAR \u00a0 \u00a0 \u00a0 \u00a0destac\u00f3: \u00a0\u00a0<\/p>\n<p>NODIER \u00a0participaba del grupo de la se\u00f1ora \u00a0DEISY \u00a0MU\u00d1OZ, \u00a0fueron \u00a0indistintos \u00a0los \u00a0eventos \u00a0en \u00a0los cuales \u00e9l particip\u00f3 \u00a0porque \u00a0as\u00ed lo pueden indicar los audios, lo que desde luego son varios los que \u00a0se \u00a0traen \u00a0ac\u00e1, \u00a0pero \u00a0fue \u00a0uno \u00a0de los cuales en los que particip\u00f3, se logr\u00f3 \u00a0judicializar \u00a0y \u00a0ese \u00a0hecho \u00a0ocurri\u00f3 \u00a0en \u00a0la \u00a0ciudad de Palmira, hecho que para \u00a0efectos \u00a0de \u00a0esta \u00a0audiencia o para din\u00e1mica de esta audiencia se denomina como \u00a0el \u00a0evento \u00a0N\u00ba \u00a017, \u00a0este \u00a0evento \u00a0fue \u00a0advertido, dig\u00e1moslo as\u00ed a trav\u00e9s de \u00a0audios \u00a0en tiempo real con la Polic\u00eda Nacional de Palmira (\u2026,\u2026) se lleg\u00f3 a \u00a0la \u00a0consumaci\u00f3n \u00a0de \u00a0ese \u00a0hurto \u00a0a \u00a0un \u00a0ciudadano \u00a0de nombre ELIBERTO MART\u00cdNEZ \u00a0GAVIRIA, \u00a0a \u00a0quien \u00a0despojaron \u00a0de \u00a0la \u00a0suma de cinco millones de pesos, que los \u00a0llevaba \u00a0entre \u00a0la \u00a0media, hab\u00eda salido de Bancolombia y detr\u00e1s de \u00e9l estaban \u00a0alias \u00a0Deisy, \u00a0alias David, alias Daniela, alias Margi, alias Alex, alias Rat\u00f3n \u00a0y \u00a0el \u00a0se\u00f1or \u00a0aqu\u00ed \u00a0presente \u00a0el \u00a0se\u00f1or NODIER BANJAM\u00cdN, conocido como alias \u00a0Ma\u00f1o \u00a0(\u2026,\u2026) \u00a0para \u00a0esa \u00a0fecha del 16 de septiembre del 2013 (\u2026,\u2026) quien \u00a0dio \u00a0motocicleta \u00a0para \u00a0esa \u00a0fecha \u00a0fue precisamente el se\u00f1or NODIER BENJAM\u00cdN, \u00a0conocido \u00a0como Ma\u00f1o porque as\u00ed lo dio a conocer \u00e9l mismo a trav\u00e9s de audios, \u00a0as\u00ed \u00a0se \u00a0conoce \u00a0a \u00a0trav\u00e9s \u00a0de audio la participaci\u00f3n de \u00e9ste y es amplia en \u00a0manifestar \u00a0que como \u00e9l andaba en su motocicleta no fue capturado junto con los \u00a0que \u00a0ubicaron a la altura del peaje entre Buenaventura y Palmira, los llevaron a \u00a0Palmira, \u00a0les \u00a0encontraron \u00a0el \u00a0arma \u00a0de \u00a0fuego \u00a0con que cometieron la actividad \u00a0delictiva, \u00a0les \u00a0incautaron el dinero (\u2026,\u2026)aparecen otra serie de videos que \u00a0lo \u00a0dejan \u00a0a \u00a0usted inmerso dentro de ese concierto para delinquir porque fueron \u00a0en \u00a0distintas fechas donde usted se concert\u00f3 con Deisy para cometer ese tipo de \u00a0delitos \u00a0(\u2026,\u2026) \u00a0este grupo de Desisy les gustaba, adem\u00e1s de cometer delitos \u00a0ac\u00e1 \u00a0en \u00a0Cali, \u00a0fueron \u00a0muchos los que particip\u00f3, Deisy viajaba con su grupo a \u00a0Palmira.3 \u00a0\u00a0<\/p>\n<p>Conforme \u00a0a \u00a0esta descripci\u00f3n f\u00e1ctica, la \u00a0Fiscal\u00eda \u00a0le \u00a0endilg\u00f3 \u00a0a \u00a0NODIER \u00a0BENJAM\u00cdN NOGUERA \u00a0TOVAR \u00a0su \u00a0responsabilidad en los delitos de concierto \u00a0para \u00a0delinquir, \u00a0conforme \u00a0lo \u00a0prev\u00e9 \u00a0el \u00a0art\u00edculo \u00a0340 \u00a0inciso \u00a01\u00badel C\u00f3digo \u00a0Penal, \u00a0el \u00a0cual \u00a0contempla \u00a0una \u00a0pena de prisi\u00f3n que oscila entre 4 \u00a0a \u00a09 \u00a0a\u00f1os \u00a0de \u00a0prisi\u00f3n, \u00a0as\u00ed como \u00a0tambi\u00e9n \u00a0el \u00a0reato de hurto \u00a0calificado \u00a0por \u00a0haberse cometido con violencia sobre \u00a0las \u00a0 personas, \u00a0 establecido \u00a0 en \u00a0 los \u00a0art\u00edculos \u00a0239 \u00a0 y \u00a0240 \u00a0inciso \u00a02\u00ba \u00a0\u00edbidem, \u00a0que prescribe una pena de prisi\u00f3n de 8 a 16 \u00a0a\u00f1os, \u00a0 \u00a0y \u00a0 \u00a0el \u00a0 \u00a0punible \u00a0 \u00a0de \u00a0 \u00a0fabricaci\u00f3n, \u00a0 \u00a0 tr\u00e1fico, \u00a0 \u00a0porte \u00a0 \u00a0o \u00a0 \u00a0tenencia \u00a0 \u00a0de \u00a0 arma \u00a0 de \u00a0 fuego, \u00a0 partes \u00a0 o \u00a0municiones, \u00a0previsto \u00a0en \u00a0el \u00a0art\u00edculo 365 \u00a0 del \u00a0 Estatuto \u00a0Penal, \u00a0 \u00a0el \u00a0 \u00a0cual \u00a0 \u00a0se\u00f1ala \u00a0 una \u00a0pena \u00a0de \u00a0prisi\u00f3n \u00a0de \u00a09 \u00a0a \u00a012 \u00a0a\u00f1os. \u00a0\u00a0<\/p>\n<p>Es \u00a0decir, \u00a0atendiendo \u00a0a \u00a0que el delito de \u00a0hurto \u00a0 \u00a0 calificado \u00a0prev\u00e9 \u00a0en \u00a0su \u00a0extremo \u00a0m\u00e1ximo una pena de prisi\u00f3n \u00a0mayor \u00a0al \u00a0de los \u00a0 \u00a0 otros \u00a0 \u00a0 punibles \u00a0 enrostrados \u00a0al \u00a0imputado, \u00a0 \u00a0\u00e9ste \u00a0representa \u00a0 \u00a0 la \u00a0 \u00a0 conducta \u00a0 \u00a0punible \u00a0 \u00a0de \u00a0 \u00a0mayor \u00a0 \u00a0gravedad. \u00a0\u00a0<\/p>\n<p>Ahora, \u00a0 el \u00a0representante \u00a0 del \u00a0 ente \u00a0 acusador \u00a0 precis\u00f3 \u00a0que \u00a0el \u00a0evento \u00a0por \u00a0el \u00a0cual \u00a0se \u00a0pudo vincular a NODIER \u00a0BENJAM\u00cdN \u00a0NOGUERA \u00a0con \u00a0la organizaci\u00f3n delincuencial dedicada al \u201cfleteo\u201d \u00a0tuvo \u00a0ocurrencia \u00a0el \u00a016 \u00a0de \u00a0septiembre \u00a0de \u00a02013 en Palmira- Valle del Cauca-, \u00a0cuando \u00a0\u00e9ste particip\u00f3 en el hurto, mediante el cual \u00a0ELIBERTO \u00a0MART\u00cdNEZ \u00a0GAVIRIA \u00a0fue \u00a0despojado de cinco \u00a0millones \u00a0de \u00a0pesos \u00a0que \u00a0llevaba \u00a0consigo. \u00a0Adem\u00e1s, \u00a0de \u00a0resaltar \u00a0que \u00a0aqu\u00e9l \u00a0participaba \u00a0directamente \u00a0con \u00a0el \u00a0grupo de \u201cDeisy\u201d quienes acostumbraban a \u00a0cometer \u00a0 tal \u00a0modalidad \u00a0il\u00edcita en ese municipio. \u00a0\u00a0<\/p>\n<p>Es \u00a0decir que, al tener ocurrencia el delito \u00a0de \u00a0hurto \u00a0calificado \u00a0en \u00a0Palmira- \u00a0Valle, \u00a0ninguna \u00a0incertidumbre \u00a0se presenta \u00a0respecto \u00a0a \u00a0que \u00a0el Juzgado Penal del Circuito con Funciones de Conocimiento de \u00a0esa \u00a0ciudad es el llamado a adelantar el juzgamiento de NODIER BENJAM\u00cdN NOHUERA \u00a0TOVAR, \u00a0 raz\u00f3n \u00a0por \u00a0la \u00a0cual \u00a0se \u00a0definir\u00e1 \u00a0la \u00a0competencia \u00a0asign\u00e1ndole \u00a0el \u00a0conocimiento \u00a0de \u00a0la \u00a0causa \u00a0por \u00a0los delitos de concierto para delinquir, hurto \u00a0calificado \u00a0y \u00a0fabricaci\u00f3n, \u00a0tr\u00e1fico, \u00a0porte \u00a0o \u00a0tenencia \u00a0de \u00a0arma \u00a0de fuego, \u00a0accesorios, \u00a0partes \u00a0o \u00a0municiones, a donde se remitir\u00e1 la actuaci\u00f3n, para que \u00a0se someta al correspondiente reparto. \u00a0\u00a0<\/p>\n<p>En \u00a0m\u00e9rito \u00a0de \u00a0lo \u00a0expuesto, \u00a0LA \u00a0 \u00a0SALA \u00a0 DE \u00a0 CASACI\u00d3N \u00a0 PENAL \u00a0 DE \u00a0 LA \u00a0 CORTE \u00a0 SUPREMA \u00a0 DE \u00a0JUSTICIA, \u00a0\u00a0<\/p>\n<p>RESUELVE \u00a0<\/p>\n<p>1. \u00a0DECLARAR que la \u00a0competencia \u00a0para \u00a0conocer \u00a0del \u00a0proceso \u00a0seguido \u00a0en contra de NODIER BENJAM\u00cdN \u00a0NOGUERA \u00a0TOVAR es el Juzgado Penal del Circuito con Funciones de Conocimiento de \u00a0Palmira- \u00a0Valle \u00a0del \u00a0Cauca, \u00a0raz\u00f3n \u00a0por \u00a0la \u00a0cual \u00a0se definir\u00e1 la competencia \u00a0asign\u00e1ndole \u00a0el \u00a0conocimiento \u00a0de \u00a0la \u00a0causa \u00a0por los delitos de concierto para \u00a0delinquir, \u00a0hurto \u00a0calificado y fabricaci\u00f3n, tr\u00e1fico, porte o tenencia de arma \u00a0de \u00a0fuego, \u00a0accesorios, \u00a0partes \u00a0o \u00a0municiones, \u00a0lugar \u00a0al \u00a0que \u00a0se remitir\u00e1 la \u00a0actuaci\u00f3n para que se someta al respectivo reparto. \u00a0\u00a0<\/p>\n<p>Contra esta decisi\u00f3n no \u00a0procede ning\u00fan recurso \u00a0\u00a0<\/p>\n<p>Comun\u00edquese \u00a0 \u00a0y \u00a0c\u00famplase \u00a0\u00a0<\/p>\n<p>GUSTAVO \u00a0ENRIQUE \u00a0MALO \u00a0FERN\u00c1NDEZ \u00a0\u00a0<\/p>\n<p>Magistrado \u00a0<\/p>\n<p>JOS\u00c9 FRANCISCO \u00a0 \u00a0 \u00a0 \u00a0 \u00a0 \u00a0 ACU\u00d1A \u00a0VIZCAYA<\/p>\n<p>Magistrado \u00a0\u00a0<\/p>\n<p>JOS\u00c9 \u00a0 LUIS \u00a0BARCEL\u00d3 \u00a0 \u00a0 \u00a0 \u00a0 \u00a0 CAMACHO<\/p>\n<p>Magistrado \u00a0\u00a0<\/p>\n<p>FERNANDO ALBERTO CASTRO CABALLERO \u00a0<\/p>\n<p>Magistrado \u00a0<\/p>\n<p>EUGENIO \u00a0 \u00a0 \u00a0 FERN\u00c1NDEZ CARLIER \u00a0\u00a0<\/p>\n<p>Magistrado \u00a0<\/p>\n<p>LUIS \u00a0 \u00a0ANTONIO \u00a0 \u00a0HERN\u00c1NDEZ BARBOSA<\/p>\n<p>Magistrado \u00a0\u00a0<\/p>\n<p>EYDER \u00a0PATI\u00d1O \u00a0CABRERA \u00a0\u00a0<\/p>\n<p>Magistrado \u00a0<\/p>\n<p>PATRICIA \u00a0 \u00a0SALAZAR \u00a0 \u00a0CU\u00c9LLAR \u00a0\u00a0<\/p>\n<p>Magistrada \u00a0<\/p>\n<p>LUIS GUILLERMO SALAZAR OTERO \u00a0<\/p>\n<p>Magistrado \u00a0<\/p>\n<p>NUBIA \u00a0 YOLANDA \u00a0NOVA \u00a0GARC\u00cdA \u00a0\u00a0<\/p>\n<p>Secretaria \u00a0<\/p>\n<p>\u00a0 \u00a0\u00a0<\/p>\n<p>1 \u00a0Al \u00a0respecto CSJ AP 14 feb. 2011, rad 35781 \u00a0\u00a0<\/p>\n<p>2 \u00a0Ib\u00eddem \u00a0\u00a0<\/p>\n<p>3 \u00a0A \u00a0record \u00a0 \u00a01:39:30 \u00a0 \u00a0Audio \u00a0 \u00a01 \u00a0 \u00a0de \u00a0 \u00a0la \u00a0 audiencia \u00a0 de \u00a0 formulaci\u00f3n \u00a0 de \u00a0imputaci\u00f3n \u00a0 \u00a0\u00a0<\/p>\n<p><\/p>\n","protected":false},"excerpt":{"rendered":"<p>\u00a0 \u00a0 \u00a0\u00a0 CORTE SUPREMA DE JUSTICIA \u00a0 SALA DE CASACI\u00d3N PENAL \u00a0 EUGENIO \u00a0FERN\u00c1NDEZ \u00a0CARLIER Magistrado Ponente \u00a0\u00a0 AP2511-2016 \u00a0 Radicaci\u00f3n N\u00ba 47978 \u00a0 Aprobado mediante Acta No. 135 \u00a0 \u00a0 \u00a0\u00a0 \u00a0\u00a0 \u00a0\u00a0Bogot\u00e1, \u00a0D. \u00a0C., \u00a0veintisiete \u00a0(27) \u00a0de abril de dos mil diecis\u00e9is \u00a0(2016). \u00a0\u00a0 ASUNTO \u00a0 La \u00a0Sala \u00a0decide \u00a0sobre \u00a0la \u00a0competencia [&hellip;]<\/p>\n","protected":false},"author":1,"featured_media":0,"comment_status":"open","ping_status":"open","sticky":false,"template":"","format":"standard","meta":{"footnotes":""},"categories":[25],"tags":[],"class_list":["post-32880","post","type-post","status-publish","format-standard","hentry","category-25"],"_links":{"self":[{"href":"https:\/\/dmsjuridica.com\/buscador_20179478954\/salapenalcronologico20230723\/wp-json\/wp\/v2\/posts\/32880","targetHints":{"allow":["GET"]}}],"collection":[{"href":"https:\/\/dmsjuridica.com\/buscador_20179478954\/salapenalcronologico20230723\/wp-json\/wp\/v2\/posts"}],"about":[{"href":"https:\/\/dmsjuridica.com\/buscador_20179478954\/salapenalcronologico20230723\/wp-json\/wp\/v2\/types\/post"}],"author":[{"embeddable":true,"href":"https:\/\/dmsjuridica.com\/buscador_20179478954\/salapenalcronologico20230723\/wp-json\/wp\/v2\/users\/1"}],"replies":[{"embeddable":true,"href":"https:\/\/dmsjuridica.com\/buscador_20179478954\/salapenalcronologico20230723\/wp-json\/wp\/v2\/comments?post=32880"}],"version-history":[{"count":0,"href":"https:\/\/dmsjuridica.com\/buscador_20179478954\/salapenalcronologico20230723\/wp-json\/wp\/v2\/posts\/32880\/revisions"}],"wp:attachment":[{"href":"https:\/\/dmsjuridica.com\/buscador_20179478954\/salapenalcronologico20230723\/wp-json\/wp\/v2\/media?parent=32880"}],"wp:term":[{"taxonomy":"category","embeddable":true,"href":"https:\/\/dmsjuridica.com\/buscador_20179478954\/salapenalcronologico20230723\/wp-json\/wp\/v2\/categories?post=32880"},{"taxonomy":"post_tag","embeddable":true,"href":"https:\/\/dmsjuridica.com\/buscador_20179478954\/salapenalcronologico20230723\/wp-json\/wp\/v2\/tags?post=32880"}],"curies":[{"name":"wp","href":"https:\/\/api.w.org\/{rel}","templated":true}]}}