{"id":32824,"date":"2023-09-13T19:41:05","date_gmt":"2023-09-13T19:41:05","guid":{"rendered":"https:\/\/dmsjuridica.com\/buscador_20179478954\/salapenalcronologico20230723\/2023\/09\/13\/ap2133-201644336\/"},"modified":"2023-09-13T19:41:05","modified_gmt":"2023-09-13T19:41:05","slug":"ap2133-201644336","status":"publish","type":"post","link":"https:\/\/dmsjuridica.com\/buscador_20179478954\/salapenalcronologico20230723\/2023\/09\/13\/ap2133-201644336\/","title":{"rendered":"AP2133-2016(44336)"},"content":{"rendered":"\n<p>\u00a0 \u00a0 CORTE SUPREMA DE JUSTICIA \u00a0<\/p>\n<p>SALA DE CASACI\u00d3N PENAL \u00a0<\/p>\n<p>LUIS GUILLERMO SALAZAR OTERO \u00a0<\/p>\n<p>Magistrado ponente \u00a0<\/p>\n<p>AP2133-2016 \u00a0<\/p>\n<p>Radicaci\u00f3n N\u00b0 44336 \u00a0<\/p>\n<p>Aprobado Acta No. 120 \u00a0<\/p>\n<p>Bogot\u00e1 D.C., trece (13) de abril de dos mil \u00a0diecis\u00e9is (2016). \u00a0\u00a0<\/p>\n<p>ASUNTO: \u00a0<\/p>\n<p>Se \u00a0pronuncia la Sala sobre el desistimiento \u00a0que \u00a0del recurso de casaci\u00f3n present\u00f3 el defensor de WILGEN ADRI\u00c1N RODR\u00cdGUEZ \u00a0BETANCUR. \u00a0\u00a0<\/p>\n<p>ANTECEDENTES \u00a0Y \u00a0CONSIDERACIONES: \u00a0\u00a0<\/p>\n<p>1. \u00a0El \u00a0Juzgado \u00a0Penal \u00a0del \u00a0Circuito \u00a0de La \u00a0Dorada, \u00a0el \u00a010 \u00a0de \u00a0diciembre \u00a0de \u00a02013, \u00a0conden\u00f3 \u00a0a WILGER ADRI\u00c1N RODR\u00cdGUEZ \u00a0BETANCUR \u00a0como \u00a0autor \u00a0material \u00a0del delito de tr\u00e1fico, fabricaci\u00f3n o porte de \u00a0estupefacientes, \u00a0 en \u00a0 la \u00a0 modalidad \u00a0 de \u00a0\u201cllevar \u00a0consigo\u201d, \u00a0a \u00a0la \u00a0pena \u00a0principal \u00a0de \u00a056 \u00a0meses \u00a0de \u00a0prisi\u00f3n \u00a0y \u00a0multa \u00a0de 1.75 salarios m\u00ednimos legales mensuales vigentes para el \u00a0a\u00f1o \u00a02013 \u00a0y \u00a0a la accesoria de inhabilitaci\u00f3n para el ejercicio de derechos y \u00a0funciones \u00a0p\u00fablicas \u00a0por \u00a0un \u00a0tiempo \u00a0igual \u00a0y \u00a0le \u00a0neg\u00f3 \u00a0el \u00a0subrogado \u00a0de la \u00a0suspensi\u00f3n \u00a0condicional de la ejecuci\u00f3n de la pena y la prisi\u00f3n domiciliaria. \u00a0\u00a0<\/p>\n<p>2. \u00a0Apelada \u00a0tal \u00a0determinaci\u00f3n \u00a0por la defensa, quien deprec\u00f3 la nulidad \u00a0de \u00a0la \u00a0actuaci\u00f3n y la concesi\u00f3n de la prisi\u00f3n domiciliaria como padre cabeza \u00a0de \u00a0familia, la Sala Penal del Tribunal Superior de Manizales en providencia del \u00a08 \u00a0de \u00a0abril \u00a0de \u00a02014 \u00a0resolvi\u00f3 no decretar la nulidad invocada, se abstuvo de \u00a0efectuar \u00a0 pronunciamiento \u00a0 sobre \u00a0 el \u00a0reconocimiento \u00a0o \u00a0no \u00a0de \u00a0la \u00a0prisi\u00f3n \u00a0domiciliaria \u00a0y \u00a0neg\u00f3 \u00a0el sustituto pretendido conforme con los art\u00edculos 38 y \u00a038B \u00a0del \u00a0C\u00f3digo \u00a0Penal, \u00a0modificado \u00a0por \u00a0la Ley 1709 de 2014, esto \u00faltimo en \u00a0respuesta a solicitud elevada el 21 de febrero del mismo a\u00f1o. \u00a0\u00a0<\/p>\n<p>3. \u00a0Interpuesto \u00a0recurso \u00a0extraordinario \u00a0de \u00a0casaci\u00f3n, \u00a0la \u00a0Corte \u00a0mediante \u00a0auto del 29 de abril de 2015, admiti\u00f3 el cargo \u00a0primero \u00a0de la demanda y fij\u00f3 fecha para la sustentaci\u00f3n, no obstante previa a \u00a0ella, \u00a0 el \u00a0 profesional \u00a0 del \u00a0 derecho \u00a0present\u00f3 \u00a0desistimiento \u00a0del \u00a0recurso \u00a0extraordinario. \u00a0\u00a0<\/p>\n<p>4. \u00a0Por \u00a0ser \u00a0jur\u00eddicamente \u00a0viable la Sala \u00a0aceptar\u00e1 \u00a0el desistimiento del recurso de casaci\u00f3n presentado por los acusados \u00a0y \u00a0su \u00a0defensor \u00a0toda vez que de conformidad con el art\u00edculo 199 del C\u00f3digo de \u00a0Procedimiento \u00a0Penal, \u00a0\u201cPodr\u00e1 desistirse del recurso \u00a0de \u00a0 casaci\u00f3n \u00a0y \u00a0de \u00a0la \u00a0acci\u00f3n \u00a0de \u00a0revisi\u00f3n \u00a0antes \u00a0de \u00a0que \u00a0la \u00a0Sala \u00a0las \u00a0decida.\u201d \u00a0\u00a0<\/p>\n<p>Por \u00a0lo \u00a0expuesto, \u00a0la \u00a0Corte \u00a0Suprema \u00a0de \u00a0Justicia, Sala de Casaci\u00f3n Penal, \u00a0\u00a0<\/p>\n<p>RESUELVE: \u00a0<\/p>\n<p>Aceptar \u00a0el desistimiento que del recurso de \u00a0casaci\u00f3n \u00a0 presentado \u00a0 por \u00a0 el \u00a0 defensor \u00a0 de \u00a0 WILGER \u00a0 ADRI\u00c1N \u00a0RODR\u00cdGUEZ \u00a0BETANCUR. \u00a0\u00a0<\/p>\n<p>Contra \u00a0 esta \u00a0 providencia \u00a0 no \u00a0proceden \u00a0recursos. \u00a0\u00a0<\/p>\n<p>C\u00f3piese, \u00a0 notif\u00edquese, \u00a0 c\u00famplase \u00a0 y \u00a0devu\u00e9lvase al Tribunal de origen, \u00a0\u00a0<\/p>\n<p>GUSTAVO ENRIQUE MALO FERN\u00c1NDEZ \u00a0<\/p>\n<p>JOS\u00c9 FRANCISCO ACU\u00d1A VIZCAYA \u00a0<\/p>\n<p>JOS\u00c9 LUIS BARCEL\u00d3 CAMACHO \u00a0<\/p>\n<p>FERNANDO ALBERTO CASTRO CABALLERO \u00a0<\/p>\n<p>EUGENIO FERN\u00c1NDEZ CARLIER \u00a0<\/p>\n<p>LUIS ANTONIO HERN\u00c1NDEZ BARBOSA \u00a0<\/p>\n<p>EYDER PATI\u00d1O CABRERA \u00a0<\/p>\n<p>PATRICIA SALAZAR CUELLAR \u00a0<\/p>\n<p>LUIS GUILLERMO SALAZAR OTERO \u00a0<\/p>\n<p>Nubia Yolanda Nova Garc\u00eda \u00a0<\/p>\n<p>Secretaria \u00a0<\/p>\n<p>\u00a0 \u00a0\u00a0<\/p>\n<p><\/p>\n","protected":false},"excerpt":{"rendered":"<p>\u00a0 \u00a0 CORTE SUPREMA DE JUSTICIA \u00a0 SALA DE CASACI\u00d3N PENAL \u00a0 LUIS GUILLERMO SALAZAR OTERO \u00a0 Magistrado ponente \u00a0 AP2133-2016 \u00a0 Radicaci\u00f3n N\u00b0 44336 \u00a0 Aprobado Acta No. 120 \u00a0 Bogot\u00e1 D.C., trece (13) de abril de dos mil \u00a0diecis\u00e9is (2016). \u00a0\u00a0 ASUNTO: \u00a0 Se \u00a0pronuncia la Sala sobre el desistimiento \u00a0que \u00a0del recurso [&hellip;]<\/p>\n","protected":false},"author":1,"featured_media":0,"comment_status":"open","ping_status":"open","sticky":false,"template":"","format":"standard","meta":{"footnotes":""},"categories":[25],"tags":[],"class_list":["post-32824","post","type-post","status-publish","format-standard","hentry","category-25"],"_links":{"self":[{"href":"https:\/\/dmsjuridica.com\/buscador_20179478954\/salapenalcronologico20230723\/wp-json\/wp\/v2\/posts\/32824","targetHints":{"allow":["GET"]}}],"collection":[{"href":"https:\/\/dmsjuridica.com\/buscador_20179478954\/salapenalcronologico20230723\/wp-json\/wp\/v2\/posts"}],"about":[{"href":"https:\/\/dmsjuridica.com\/buscador_20179478954\/salapenalcronologico20230723\/wp-json\/wp\/v2\/types\/post"}],"author":[{"embeddable":true,"href":"https:\/\/dmsjuridica.com\/buscador_20179478954\/salapenalcronologico20230723\/wp-json\/wp\/v2\/users\/1"}],"replies":[{"embeddable":true,"href":"https:\/\/dmsjuridica.com\/buscador_20179478954\/salapenalcronologico20230723\/wp-json\/wp\/v2\/comments?post=32824"}],"version-history":[{"count":0,"href":"https:\/\/dmsjuridica.com\/buscador_20179478954\/salapenalcronologico20230723\/wp-json\/wp\/v2\/posts\/32824\/revisions"}],"wp:attachment":[{"href":"https:\/\/dmsjuridica.com\/buscador_20179478954\/salapenalcronologico20230723\/wp-json\/wp\/v2\/media?parent=32824"}],"wp:term":[{"taxonomy":"category","embeddable":true,"href":"https:\/\/dmsjuridica.com\/buscador_20179478954\/salapenalcronologico20230723\/wp-json\/wp\/v2\/categories?post=32824"},{"taxonomy":"post_tag","embeddable":true,"href":"https:\/\/dmsjuridica.com\/buscador_20179478954\/salapenalcronologico20230723\/wp-json\/wp\/v2\/tags?post=32824"}],"curies":[{"name":"wp","href":"https:\/\/api.w.org\/{rel}","templated":true}]}}