{"id":32114,"date":"2023-09-13T17:39:41","date_gmt":"2023-09-13T17:39:41","guid":{"rendered":"https:\/\/dmsjuridica.com\/buscador_20179478954\/salapenalcronologico20230723\/2023\/09\/13\/cp054-201543800\/"},"modified":"2023-09-13T17:39:41","modified_gmt":"2023-09-13T17:39:41","slug":"cp054-201543800","status":"publish","type":"post","link":"https:\/\/dmsjuridica.com\/buscador_20179478954\/salapenalcronologico20230723\/2023\/09\/13\/cp054-201543800\/","title":{"rendered":"CP054-2015(43800)"},"content":{"rendered":"\n<p>\u00a0 \u00a0 \u00a0\u00a0\u00a0\u00a0\u00a0\u00a0\u00a0\u00a0\u00a0\u00a0\u00a0\u00a0\u00a0\u00a0\u00a0\u00a0\u00a0\u00a0\u00a0\u00a0\u00a0\u00a0\u00a0\u00a0\u00a0\u00a0\u00a0\u00a0 \u00a0 \u00a0\u00a0<\/p>\n<p>CORTE SUPREMA DE JUSTICIA \u00a0<\/p>\n<p>SALA DE CASACI\u00d3N PENAL \u00a0<\/p>\n<p>EYDER \u00a0 \u00a0PATI\u00d1O \u00a0CABRERA \u00a0\u00a0<\/p>\n<p>Magistrado \u00a0Ponente \u00a0\u00a0<\/p>\n<p>CP054-2015 \u00a0<\/p>\n<p>Radicaci\u00f3n \u00a0 \u00a0 N\u00b0 \u00a0 \u00a0 43800 \u00a0\u00a0<\/p>\n<p>(Aprobado \u00a0Acta \u00a0N\u00b0 \u00a0 \u00a0175) \u00a0\u00a0<\/p>\n<p>Bogot\u00e1 D.C., veinte (20) de mayo de dos mil \u00a0quince (2015). \u00a0\u00a0<\/p>\n<p>MOTIVO DE LA DECISI\u00d3N \u00a0<\/p>\n<p>La Corte Suprema de Justicia emite concepto \u00a0sobre \u00a0la \u00a0solicitud \u00a0de \u00a0extradici\u00f3n \u00a0formulada por el Gobierno de los Estados \u00a0Unidos \u00a0de \u00a0Am\u00e9rica, \u00a0a \u00a0trav\u00e9s \u00a0de su Embajada en nuestro pa\u00eds, respecto del \u00a0ciudadano \u00a0 \u00a0colombiano \u00a0 \u00a0JORGE \u00a0 \u00a0ISAAC \u00a0 RENGIFO \u00a0VALENTIERRA. \u00a0\u00a0<\/p>\n<p>ANTECEDENTES \u00a0<\/p>\n<p>1. Mediante \u00a0 Nota \u00a0 Verbal \u00a0N\u00b0. \u00a0 \u00a0 2457 \u00a0del \u00a0 \u00a020 \u00a0de \u00a0noviembre \u00a0de \u00a0 \u00a020131, la Embajada \u00a0de \u00a0los Estados Unidos de Am\u00e9rica solicit\u00f3 la detenci\u00f3n provisional con fines \u00a0de \u00a0extradici\u00f3n \u00a0de \u00a0JORGE \u00a0ISAAC \u00a0 RENGIFO \u00a0 VALENTIERRA, \u00a0 petici\u00f3n \u00a0 que \u00a0se \u00a0formaliz\u00f3 \u00a0 con \u00a0 la \u00a0 comunicaci\u00f3n \u00a0 diplom\u00e1tica \u00a0N\u00b0. \u00a0 \u00a00798 \u00a0 del \u00a07 \u00a0 \u00a0de \u00a0 mayo \u00a0 \u00a0 del \u00a0 \u00a0 a\u00f1o \u00a0 \u00a0 posterior2. \u00a0\u00a0<\/p>\n<p>2. El \u00a0Ministerio \u00a0de \u00a0Justicia \u00a0y \u00a0del \u00a0Derecho \u00a0remiti\u00f3 a la Corte la \u00a0documentaci\u00f3n \u00a0enviada \u00a0por \u00a0la \u00a0Embajada \u00a0de \u00a0los \u00a0Estados Unidos de Am\u00e9rica, \u00a0debidamente \u00a0 \u00a0 \u00a0traducida \u00a0 \u00a0 y \u00a0 \u00a0 autenticada3, \u00a0 previo \u00a0 concepto \u00a0de \u00a0su \u00a0hom\u00f3logo \u00a0de \u00a0Relaciones \u00a0Exteriores \u00a0sobre \u00a0la vigencia entre la Rep\u00fablica de \u00a0Colombia \u00a0 \u00a0y \u00a0 \u00a0los \u00a0 Estados \u00a0 Unidos \u00a0 de \u00a0 Am\u00e9rica \u00a0 de \u00a0 la \u00a0 \u00abConvenci\u00f3n \u00a0de \u00a0las \u00a0Naciones Unidas contra el tr\u00e1fico il\u00edcito \u00a0de \u00a0estupefacientes \u00a0y \u00a0sustancias \u00a0psicotr\u00f3picas\u00bb, \u00a0suscrita \u00a0en \u00a0Viena el 20 de diciembre de 1988, aclarando que en los aspectos no \u00a0regulados \u00a0por la Convenci\u00f3n aludida, el tr\u00e1mite se regir\u00e1 por lo previsto en \u00a0el ordenamiento jur\u00eddico colombiano. \u00a0\u00a0<\/p>\n<p>3. \u00a0La Fiscal\u00eda \u00a0General \u00a0de \u00a0la \u00a0Naci\u00f3n, \u00a0por medio de la resoluci\u00f3n \u00a0del \u00a0 26 \u00a0de \u00a0noviembre \u00a0 \u00a0 \u00a0de \u00a0 \u00a0 20134, \u00a0decret\u00f3 \u00a0la \u00a0captura \u00a0con \u00a0fines \u00a0de \u00a0extradici\u00f3n \u00a0 \u00a0 del \u00a0 \u00a0 ciudadano \u00a0 \u00a0JORGE \u00a0 \u00a0ISAAC \u00a0 RENGIFO \u00a0 VALENTIERRA, \u00a0la \u00a0cual \u00a0se \u00a0hizo \u00a0 \u00a0efectiva \u00a0 \u00a0el \u00a0 \u00a09 \u00a0de marzo de \u00a02014 \u00a0 \u00a0siendo \u00a0 \u00a0las \u00a018:10 \u00a0 horas, \u00a0en \u00a0 v\u00eda \u00a0 p\u00fablica \u00a0en \u00a0la \u00a0Carrera \u00a063 frente al \u00a0n\u00famero \u00a069-68 \u00a0barrio \u00a0El \u00a0Dorado \u00a0de \u00a0la \u00a0ciudad \u00a0de \u00a0Buenaventura5. \u00a0\u00a0<\/p>\n<p>4. El \u00a0 \u00a05 \u00a0 \u00a0de \u00a0 \u00a0junio \u00a0 del \u00a0mismo a\u00f1o, el requerido present\u00f3 \u00a0poder \u00a0 conferido \u00a0 a \u00a0 su \u00a0abogado \u00a0de \u00a0confianza6, \u00a0quien \u00a0el \u00a025 \u00a0de \u00a0ese mes \u00a0pidi\u00f3 para su decreto y pr\u00e1ctica algunos medios de \u00a0convicci\u00f3n7. \u00a0\u00a0<\/p>\n<p>5. El \u00a0 \u00a021 \u00a0 \u00a0de \u00a0 \u00a0julio \u00a0 de \u00a0 esa \u00a0 anualidad \u00a0 el \u00a0 pretendido \u00a0 \u00a0revoc\u00f3 \u00a0 el \u00a0 mandato \u00a0conferido \u00a0 y \u00a0 manifest\u00f3 \u00a0 no \u00a0 poseer \u00a0 recursos \u00a0econ\u00f3micos \u00a0para \u00a0designar \u00a0otro \u00a0 \u00a0profesional \u00a0 \u00a0del \u00a0 \u00a0derecho, \u00a0 raz\u00f3n \u00a0 por \u00a0la \u00a0cual \u00a0la \u00a0Corte \u00a0ofici\u00f3 \u00a0a la Defensor\u00eda del Pueblo para que por su \u00a0intermedio \u00a0lo hiciera, en \u00a0virtud \u00a0 de \u00a0 lo \u00a0 cual \u00a0 un \u00a0 abogado \u00a0adscrito \u00a0a \u00a0esa \u00a0entidad \u00a0tom\u00f3 \u00a0posesi\u00f3n \u00a0del cargo8. \u00a0\u00a0<\/p>\n<p>6. \u00a0 \u00a0 \u00a0 \u00a0 \u00a0Posteriormente, \u00a0una \u00a0vez \u00a0resuelto \u00a0lo \u00a0concerniente \u00a0a \u00a0la \u00a0defensa \u00a0del \u00a0pedido, \u00a0el 12 de \u00a0agosto \u00a0 de \u00a0 ese \u00a0 a\u00f1o, \u00a0 se \u00a0 le \u00a0 notific\u00f3 \u00a0 el \u00a0 auto \u00a0 que \u00a0 dispuso \u00a0correr traslado a los intervinientes con el prop\u00f3sito de \u00a0que \u00a0 solicitara \u00a0 las \u00a0pruebas \u00a0 \u00a0 \u00a0a \u00a0 \u00a0 \u00a0que \u00a0 \u00a0 \u00a0hubiera \u00a0 \u00a0 \u00a0lugar9. \u00a0\u00a0<\/p>\n<p>7. \u00a0Trascurrido \u00a0dicho \u00a0 \u00a0termino, \u00a0 el \u00a0Ministerio \u00a0 \u00a0P\u00fablico \u00a0 \u00a0manifest\u00f3 \u00a0 que \u00a0no \u00a0estimaba \u00a0necesario efectuar alguna petici\u00f3n10, \u00a0y \u00a0el \u00a0apoderado \u00a0 \u00a0 judicial, \u00a0 \u00a0estando \u00a0 \u00a0tambi\u00e9n \u00a0 \u00a0dentro \u00a0 \u00a0del \u00a0 t\u00e9rmino \u00a0legal, \u00a0 exhort\u00f3 \u00a0el \u00a0decreto \u00a0y \u00a0pr\u00e1ctica de \u00a0algunos \u00a0 \u00a0 medios \u00a0 \u00a0 de \u00a0 \u00a0 convicci\u00f3n11. \u00a0\u00a0<\/p>\n<p>8. \u00a0La Sala, a \u00a0trav\u00e9s \u00a0 de \u00a0 pronunciamiento \u00a0 del \u00a0 24 \u00a0de \u00a0 \u00a0 \u00a0 \u00a0 \u00a0septiembre \u00a0 \u00a0 \u00a0 \u00a0 \u00a0siguiente12, \u00a0neg\u00f3 \u00a0por improcedente la solicitud \u00a0probatoria \u00a0elevada \u00a0por \u00a0la \u00a0defensa \u00a0de JORGE ISAAC \u00a0RENGIFO VALENTIERRA. \u00a0\u00a0<\/p>\n<p>9. \u00a0 Dentro \u00a0del \u00a0t\u00e9rmino \u00a0legal \u00a0para \u00a0recurrir \u00a0el \u00a0auto \u00a0anterior, el pedido alleg\u00f3 escrito para tal fin, el cual la \u00a0Corte \u00a0 \u00a0 \u00a0 mediante \u00a0 \u00a0 \u00a0 pronunciamiento \u00a0 \u00a0 \u00a0 de \u00a0 \u00a0 \u00a0fecha \u00a0 \u00a0 \u00a03 \u00a0 \u00a0 \u00a0 \u00a0de \u00a0 \u00a0 \u00a0 \u00a0diciembre \u00a0 \u00a0 \u00a0 \u00a0 del \u00a0 \u00a0 \u00a0 \u00a0a\u00f1o \u00a0 \u00a0 \u00a0 previamente \u00a0mencionado13, \u00a0 resolvi\u00f3 \u00a0 no \u00a0 reponer \u00a0 y \u00a0 en \u00a0 consecuencia \u00a0orden\u00f3 \u00a0notificar \u00a0a \u00a0los \u00a0intervinientes \u00a0para que allegaran sus \u00a0estudios \u00a0previos \u00a0al \u00a0concepto \u00a0de \u00a0fondo, \u00a0lapso \u00a0durante \u00a0el cual \u00a0se \u00a0pronunci\u00f3 \u00a0el \u00a0Delegado \u00a0 \u00a0del \u00a0 Ministerio \u00a0 P\u00fablico14 \u00a0 \u00a0 y \u00a0 \u00a0el \u00a0apoderado \u00a0judicial \u00a0 \u00a0del \u00a0 \u00a0requerido \u00a0 \u00a0en \u00a0 extradici\u00f3n15. \u00a0\u00a0<\/p>\n<p>DOCUMENTOS ALLEGADOS \u00a0<\/p>\n<p>Con \u00a0la \u00a0Nota \u00a0Verbal \u00a0N\u00b0. 0798 \u00a0 \u00a0 \u00a0 del \u00a0 \u00a0 \u00a0 7 \u00a0de \u00a0mayo \u00a0de \u00a0 201416, \u00a0 \u00a0la \u00a0Embajada \u00a0de \u00a0los Estados Unidos de Am\u00e9rica aport\u00f3, \u00a0con su respectiva traducci\u00f3n, los siguientes documentos: \u00a0\u00a0<\/p>\n<p>1. Comunicaci\u00f3n \u00a0diplom\u00e1tica \u00a0 \u00a0N\u00b0. \u00a02457 \u00a0 del \u00a020 \u00a0de \u00a0noviembre \u00a0de \u00a0201317, \u00a0 por \u00a0cuyo \u00a0medio \u00a0la Embajada \u00a0del \u00a0 \u00a0Estado \u00a0 \u00a0peticionario \u00a0 \u00a0pidi\u00f3 \u00a0 la \u00a0 detenci\u00f3n \u00a0 provisional \u00a0con \u00a0fines \u00a0de \u00a0extradici\u00f3n \u00a0de \u00a0JORGE \u00a0 \u00a0ISAAC \u00a0 RENGIFO \u00a0 VALENTIERRA. \u00a0\u00a0<\/p>\n<p>2. \u00a0Declaraciones en apoyo de la solicitud \u00a0rendidas \u00a0 \u00a0bajo \u00a0 \u00a0juramento \u00a0 el \u00a0 22 \u00a0de \u00a0abril \u00a0del \u00a0 \u00a0mismo \u00a0 \u00a0a\u00f1o \u00a0 ante \u00a0 un \u00a0 Juez \u00a0 \u00a0de \u00a0 Instrucci\u00f3n \u00a0 de \u00a0 los \u00a0Estados \u00a0Unidos, \u00a0 \u00a0 \u00a0 \u00a0por \u00a0 \u00a0 \u00a0 \u00a0Mar\u00eda \u00a0 \u00a0Chapa \u00a0 L\u00f3pez18, \u00a0Fiscal \u00a0Auxiliar \u00a0de los Estados \u00a0Unidos \u00a0 \u00a0 para \u00a0 \u00a0el \u00a0 \u00a0Distrito \u00a0 \u00a0Central \u00a0 \u00a0de \u00a0Florida, \u00a0 \u00a0 \u00a0y \u00a0por \u00a0 \u00a0Ivette \u00a0 \u00a0R. \u00a0Barry19, \u00a0 \u00a0Agente \u00a0 Especial \u00a0 de \u00a0 \u00a0 \u00a0 \u00a0 \u00a0 \u00a0 la \u00a0Oficina \u00a0 Federal \u00a0 de \u00a0Investigaciones. \u00a0\u00a0<\/p>\n<p>3. Copia \u00a0certificada \u00a0de \u00a0la Acusaci\u00f3n \u00a0 \u00a0 \u00a0 \u00a0 No. \u00a0 \u00a0 \u00a0 \u00a0 \u00a0 \u00a08:13-cr-169-T-27TBM, \u00a0 \u00a0 dictada \u00a0 \u00a0 el \u00a04 \u00a0 de \u00a0 abril \u00a0 \u00a0 \u00a0 \u00a0 \u00a0 de \u00a0 \u00a0 \u00a0 \u00a0 \u00a0 \u00a0 2013, \u00a0por \u00a0el Tribunal de Distrito de \u00a0los \u00a0 Estados \u00a0 Unidos \u00a0 para \u00a0el \u00a0Distrito \u00a0Central \u00a0de \u00a0Florida Divisi\u00f3n de \u00a0Tampa20, \u00a0en la que se le formula el \u00a0cargo \u00a0contra \u00a0 \u00a0 \u00a0 \u00a0 \u00a0 el \u00a0 \u00a0 \u00a0 \u00a0 \u00a0 solicitado \u00a0 \u00a0 \u00a0 \u00a0 por \u00a0 \u00a0 delitos \u00a0 \u00a0 federales \u00a0 \u00a0de \u00a0narc\u00f3ticos. \u00a0\u00a0<\/p>\n<p>4. \u00a0 Copia \u00a0certificada \u00a0 de \u00a0 la \u00a0orden \u00a0de \u00a0arresto \u00a0de \u00a0fecha \u00a09 \u00a0 \u00a0 de \u00a0abril de \u00a02013 \u00a0 \u00a0 \u00a0 \u00a0 contra \u00a0 \u00a0 \u00a0 \u00a0 RENGIFO \u00a0VALENTIERRA21. \u00a0\u00a0<\/p>\n<p>5. \u00a0 \u00a0 \u00a0 \u00a0 Transcripci\u00f3n \u00a0 de \u00a0 las \u00a0disposiciones \u00a0legales \u00a0 \u00a0 \u00a0 \u00a0 \u00a0 \u00a0 \u00a0 \u00a0 \u00a0aplicables22. \u00a0\u00a0<\/p>\n<p>6. \u00a0 Certificaci\u00f3n \u00a0 de \u00a0 Mar\u00eda \u00a0 Fernanda \u00a0 Cuellar \u00a0 Botero, \u00a0Vicec\u00f3nsul \u00a0de Colombia \u00a0en \u00a0 Washington \u00a0 D.C., \u00a0Estados \u00a0Unidos, \u00a0sobre \u00a0la \u00a0autenticidad de la firma \u00a0de \u00a0 \u00a0 Dennis \u00a0 \u00a0J. \u00a0Wollen, \u00a0 quien \u00a0se \u00a0desempe\u00f1a \u00a0como \u00a0auxiliar \u00a0de \u00a0autenticaciones \u00a0del \u00a0Departamento \u00a0de \u00a0Estado de los Estados Unidos23. \u00a0\u00a0<\/p>\n<p>ESTUDIO \u00a0 \u00a0 \u00a0DEL \u00a0 \u00a0 \u00a0MINISTERIO P\u00daBLICO \u00a0\u00a0<\/p>\n<p>La \u00a0 \u00a0 \u00a0 \u00a0 \u00a0Procuradora \u00a0Tercera \u00a0 \u00a0 \u00a0 \u00a0 \u00a0 \u00a0 \u00a0 \u00a0 Delegada \u00a0para \u00a0 \u00a0 \u00a0 \u00a0la \u00a0 \u00a0 \u00a0 \u00a0Casaci\u00f3n \u00a0 \u00a0 \u00a0 \u00a0Penal24 \u00a0realiza \u00a0un \u00a0relato de la \u00a0actuaci\u00f3n \u00a0procesal \u00a0y \u00a0del \u00a0sustento \u00a0documental, \u00a0afirmando \u00a0que \u00a0ning\u00fan condicionamiento obra en relaci\u00f3n con el marco temporal \u00a0ni espacial de los comportamientos. \u00a0\u00a0<\/p>\n<p>As\u00ed \u00a0mismo, \u00a0en \u00a0orden \u00a0a \u00a0verificar \u00a0el \u00a0cumplimiento \u00a0 de \u00a0 las \u00a0 exigencias \u00a0 para \u00a0 la \u00a0viabilidad \u00a0de \u00a0la \u00a0petici\u00f3n, \u00a0estima \u00a0que \u00a0la \u00a0documentaci\u00f3n \u00a0presentada \u00a0goza de \u00a0plena \u00a0validez \u00a0formal, \u00a0pues \u00a0no \u00a0solo contiene la informaci\u00f3n legal requerida \u00a0sino \u00a0que \u00a0respecto \u00a0de \u00a0la \u00a0misma \u00a0se \u00a0agot\u00f3 \u00a0el \u00a0procedimiento inherente a su \u00a0originalidad. \u00a0\u00a0<\/p>\n<p>Igualmente, \u00a0se \u00a0acredita la plena identidad del requerido y se est\u00e1 \u00a0frente \u00a0 a \u00a0 la \u00a0persona \u00a0solicitada \u00a0 \u00a0en \u00a0 \u00a0extradici\u00f3n. \u00a0 Respecto \u00a0del \u00a0 principio \u00a0 de \u00a0 la \u00a0doble \u00a0incriminaci\u00f3n, \u00a0se\u00f1ala \u00a0 que \u00a0 de \u00a0 acuerdo \u00a0 con \u00a0 la \u00a0Acusaci\u00f3n \u00a0el \u00a0comportamiento \u00a0atribuido \u00a0encuadra \u00a0en \u00a0 \u00a0 \u00a0 \u00a0 \u00a0 \u00a0 el \u00a0 tipo \u00a0penal \u00a0de \u00a0\u00abtr\u00e1fico \u00a0 \u00a0 \u00a0 \u00a0 \u00a0 \u00a0 \u00a0 de \u00a0 \u00a0 \u00a0 \u00a0 \u00a0 \u00a0 \u00a0estupefacientes\u00bb, \u00a0delito que para la \u00e9poca \u00a0satisface \u00a0 el \u00a0 l\u00edmite \u00a0m\u00ednimo \u00a0de \u00a0la \u00a0pena \u00a0de \u00a0prisi\u00f3n \u00a0 \u00a0 \u00a0 \u00a0 \u00a0 establecida. \u00a0\u00a0<\/p>\n<p>En \u00a0 \u00a0 trat\u00e1ndose \u00a0 \u00a0 de \u00a0la \u00a0equivalencia de la providencia \u00a0proferida \u00a0 \u00a0en \u00a0 \u00a0el \u00a0 \u00a0extranjero, \u00a0 encuentra \u00a0 \u00a0 \u00a0 \u00a0 que \u00a0se cumple satisfactoriamente esta \u00a0exigencia \u00a0 porque \u00a0 el \u00a0 pronunciamiento \u00a0 judicial \u00a0 remitido \u00a0 por \u00a0el \u00a0pa\u00eds \u00a0requirente, contiene los \u00a0cargos \u00a0 por \u00a0 los \u00a0 cuales \u00a0 se \u00a0acusa \u00a0 y \u00a0responde \u00a0a \u00a0la \u00a0resoluci\u00f3n \u00a0de \u00a0acusaci\u00f3n de la legislaci\u00f3n colombiana. \u00a0\u00a0<\/p>\n<p>Finalmente, \u00a0 \u00a0 \u00a0exhorta \u00a0 a \u00a0la \u00a0Corporaci\u00f3n \u00a0para \u00a0que, \u00a0en \u00a0caso \u00a0que \u00a0conceptu\u00e9 favorablemente, \u00a0 la \u00a0 entrega \u00a0 del \u00a0 pretendido \u00a0se \u00a0 condicione \u00a0 a \u00a0 que \u00a0el \u00a0Gobierno \u00a0del \u00a0pa\u00eds \u00a0solicitante \u00a0vele \u00a0por sus derechos fundamentales y las garant\u00edas propias de su \u00a0condici\u00f3n de justiciable. \u00a0\u00a0<\/p>\n<p>En \u00a0virtud \u00a0de \u00a0lo \u00a0expuesto, \u00a0pide que \u00a0se \u00a0emita \u00a0concepto \u00a0favorable \u00a0a la extradici\u00f3n de \u00a0JORGE \u00a0 \u00a0ISAAC \u00a0 RENGIFO \u00a0 VALENTIERRA, \u00a0 \u00a0 en \u00a0 \u00a0 raz\u00f3n \u00a0 \u00a0al \u00a0cargo formulado en la Acusaci\u00f3n No. \u00a08:13-CR-169-T-211BM, \u00a0 \u00a0 dictada \u00a0 \u00a0 el \u00a04 \u00a0 de \u00a0 abril \u00a0de \u00a02013, \u00a0por \u00a0el \u00a0Tribunal de \u00a0Distrito \u00a0de \u00a0los \u00a0Estados \u00a0Unidos \u00a0para el Distrito \u00a0Central \u00a0de \u00a0Florida \u00a0Divisi\u00f3n de Tampa. \u00a0\u00a0<\/p>\n<p>ESTUDIO \u00a0 DE \u00a0LA DEFENSA \u00a0\u00a0<\/p>\n<p>Solicita en su \u00a0escrito \u00a0 de \u00a0 alegato \u00a0que \u00a0la \u00a0Sala \u00a0concept\u00fae \u00a0negativamente \u00a0al \u00a0pedido \u00a0de \u00a0extradici\u00f3n, evitando de \u00a0esta \u00a0 manera \u00a0 que \u00a0 se \u00a0 cometan \u00a0 \u00aberrores\u00bb \u00a0 \u00a0sobre \u00a0 \u00a0un \u00a0 ciudadano \u00a0colombiano. \u00a0Argumenta para ello que, su prohijado es \u00a0\u00abinocente \u00a0 de \u00a0los \u00a0cargos \u00a0que \u00a0le \u00a0imputan\u00bb25 \u00a0 \u00a0 \u00a0 \u00a0tal \u00a0 \u00a0 \u00a0y \u00a0 \u00a0 \u00a0como \u00a0 \u00a0 \u00a0se \u00a0 \u00a0 evidencia \u00a0 \u00a0 al \u00a0 \u00a0 \u00abobservar \u00a0 \u00a0 detenidamente \u00a0 \u00a0los \u00a0documentos \u00a0aportados \u00a0en el expediente\u00bb26. \u00a0\u00a0<\/p>\n<p>No obstante, en el evento que el mismo sea \u00a0favorable \u00a0se \u00a0le \u00a0reconozcan \u00a0todos los derechos y garant\u00edas inherentes al ser \u00a0humano \u00a0 contenidos \u00a0 en \u00a0 la \u00a0 Carta \u00a0Pol\u00edtica \u00a0y \u00a0el Bloque de Constitucionalidad. \u00a0\u00a0<\/p>\n<p>El apoderado, luego de hacer un recuento de \u00a0las \u00a0actuaciones \u00a0procesales \u00a0que \u00a0dieron \u00a0origen \u00a0a \u00a0este \u00a0tramite, \u00a0concluye que frente a los requisitos \u00a0exigidos \u00a0por \u00a0la normatividad colombiana respecto de la acusaci\u00f3n hecha por el \u00a0pa\u00eds \u00a0solicitante, \u00a0y \u00a0la \u00a0pr\u00e1ctica \u00a0de \u00a0pruebas \u00a0anticipadas \u00a0realizadas, \u00a0su \u00a0defendido \u00a0no pudo ejercer el derecho de defensa, por cuanto ambas cuestiones no \u00a0satisfacen \u00a0los \u00a0presupuestos legales contemplados en \u00a0el \u00a0c\u00f3digo \u00a0de \u00a0procedimiento penal colombiano, ley \u00a0906 de 2004. \u00a0\u00a0<\/p>\n<p>Concluye que su \u00a0defendido \u00a0 no \u00a0 es \u00a0 sujeto \u00a0 activo \u00a0 de \u00a0 la \u00a0 comisi\u00f3n \u00a0 de \u00a0 alg\u00fan \u00a0hecho \u00a0punible \u00a0 de \u00a0 los \u00a0 que \u00a0el \u00a0pa\u00eds \u00a0requirente \u00a0le \u00a0imputa, \u00a0toda \u00a0vez \u00a0que \u00a0no ha salido de Colombia.\u00a0 \u00a0\u00a0<\/p>\n<p>CONSIDERACIONES \u00a0<\/p>\n<p>De \u00a0 acuerdo \u00a0 con \u00a0 los \u00a0 presupuestos \u00a0establecidos \u00a0en \u00a0la \u00a0Ley \u00a0906 \u00a0de 2004, esta resulta \u00a0aplicable \u00a0al \u00a0caso \u00a0en \u00a0concreto, \u00a0ya \u00a0que \u00a0los \u00a0hechos \u00a0ocurrieron \u00abdesde \u00a0una \u00a0 fecha \u00a0 desconocida, \u00a0 continuando \u00a0 hasta \u00a0 la \u00a0fecha \u00a0de \u00a0la \u00a0Acusaci\u00f3n \u00a0Formal\u00bb, \u00a0 \u00a0seg\u00fan \u00a0lo \u00a0se\u00f1ala la Acusaci\u00f3n \u00a0No. \u00a08:13-cr-169-T-27TBM, \u00a0dictada \u00a0el 4 de abril de \u00a02013, \u00a0por \u00a0el \u00a0Tribunal \u00a0de \u00a0Distrito \u00a0de \u00a0los \u00a0Estados Unidos para el Distrito \u00a0Central \u00a0 \u00a0de \u00a0 \u00a0Florida \u00a0 Divisi\u00f3n \u00a0 de \u00a0 Tampa27. \u00a0\u00a0<\/p>\n<p>La Sala emitir\u00e1 \u00a0concepto \u00a0favorable \u00a0para \u00a0la \u00a0extradici\u00f3n del ciudadano colombiano \u00a0 \u00a0 \u00a0JORGE \u00a0 \u00a0 \u00a0ISAAC \u00a0 \u00a0 RENGIFO \u00a0VALENTIERRA, toda vez que \u00a0se \u00a0 \u00a0re\u00fanen \u00a0 \u00a0los \u00a0requisitos \u00a0 \u00a0legales \u00a0necesarios \u00a0para ello. \u00a0\u00a0<\/p>\n<p>1. \u00a0 Validez \u00a0formal de la documentaci\u00f3n presentada. \u00a0\u00a0<\/p>\n<p>Seg\u00fan \u00a0 las \u00a0 normas \u00a0 procedimentales \u00a0colombianas, \u00a0se \u00a0requiere \u00a0que \u00a0la \u00a0solicitud \u00a0de extradici\u00f3n se haga por v\u00eda \u00a0diplom\u00e1tica, \u00a0o de manera excepcional por la consular o de gobierno a gobierno, \u00a0acompa\u00f1ada \u00a0de \u00a0los \u00a0siguientes \u00a0documentos, \u00a0en \u00a0la \u00a0forma \u00a0establecida \u00a0en la \u00a0legislaci\u00f3n \u00a0del \u00a0Estado \u00a0solicitante: (i) copia o transcripci\u00f3n aut\u00e9ntica de \u00a0la \u00a0acusaci\u00f3n \u00a0o \u00a0del \u00a0fallo \u00a0dictado en el pa\u00eds extranjero, o su equivalente; \u00a0(ii) \u00a0 indicaci\u00f3n \u00a0 exacta \u00a0 de \u00a0 los \u00a0 actos \u00a0que \u00a0determinaron \u00a0la petici\u00f3n \u00a0y \u00a0del \u00a0lugar \u00a0y \u00a0la \u00a0fecha en que fueron ejecutados; \u00a0(iii) \u00a0todos \u00a0los \u00a0datos \u00a0que se posean y que sirvan \u00a0para \u00a0 establecer \u00a0 la \u00a0plena \u00a0identidad \u00a0de \u00a0la \u00a0persona \u00a0reclamada; \u00a0y \u00a0(iv) \u00a0copia \u00a0aut\u00e9ntica \u00a0de \u00a0las \u00a0disposiciones \u00a0penales \u00a0aplicables \u00a0para \u00a0el \u00a0caso28. \u00a0\u00a0<\/p>\n<p>El \u00a0art\u00edculo \u00a0251 del C\u00f3digo General del \u00a0Proceso \u00a0establece, \u00a0a \u00a0su \u00a0vez, que los documentos p\u00fablicos otorgados en pa\u00eds \u00a0extranjero \u00a0por \u00a0sus funcionarios, o con su intervenci\u00f3n, se deber\u00e1n presentar \u00a0debidamente \u00a0autenticados \u00a0por el c\u00f3nsul o agente diplom\u00e1tico de la Rep\u00fablica \u00a0o, \u00a0en \u00a0su \u00a0defecto, \u00a0por \u00a0el \u00a0de una naci\u00f3n amiga. Aunado a ello, la firma del \u00a0c\u00f3nsul \u00a0o \u00a0agente diplom\u00e1tico debe ser abonada por el Ministerio de Relaciones \u00a0Exteriores \u00a0de \u00a0Colombia y, si se trata de agentes consulares de un pa\u00eds amigo, \u00a0se \u00a0autenticar\u00e1n \u00a0previamente \u00a0por el funcionario competente del mismo y los de \u00a0\u00e9ste \u00a0 \u00a0 por \u00a0 \u00a0 el \u00a0 \u00a0 c\u00f3nsul \u00a0 \u00a0 colombiano29. \u00a0\u00a0<\/p>\n<p>Estas \u00a0exigencias \u00a0de \u00a0car\u00e1cter formal se \u00a0hallan \u00a0debidamente \u00a0reunidas \u00a0en \u00a0el caso analizado, \u00a0toda \u00a0 vez \u00a0 que \u00a0Magdalena \u00a0A. \u00a0Boynton, \u00a0Directora \u00a0Asociada de la Oficina de \u00a0Asuntos \u00a0Internacionales, Divisi\u00f3n de lo Penal, Departamento de Justicia de los \u00a0EE.UU. \u00a0Washington \u00a0DC., \u00a0certific\u00f3 \u00a0las \u00a0firmas \u00a0de \u00a0quienes suministraron las \u00a0declaraciones \u00a0 \u00a0de \u00a0 apoyo \u00a0 a \u00a0 la \u00a0 solicitud \u00a0 de \u00a0 extradici\u00f3n30; \u00a0 el \u00a0Procurador \u00a0 de \u00a0 los \u00a0 Estados \u00a0 Unidos, \u00a0 Eric \u00a0 H. \u00a0 Holder \u00a0 Jr.31, hizo lo \u00a0propio \u00a0 \u00a0 con \u00a0 \u00a0 aqu\u00e9lla \u00a0 \u00a0 y \u00a0 \u00a0la \u00a0 \u00a0 \u00a0 \u00a0 Directora \u00a0 \u00a0 \u00a0 \u00a0 \u00a0Adjunta \u00a0 de \u00a0 la \u00a0 Oficina \u00a0 de \u00a0 Asuntos \u00a0Internacionales \u00a0autentic\u00f3 \u00a0la \u00a0de \u00e9ste, todo lo cual fue certificado por John \u00a0F. \u00a0 \u00a0Kerry, \u00a0 Secretario \u00a0 de \u00a0 Estado32, \u00a0y \u00a0por \u00a0Sonya \u00a0 N. \u00a0 Johnson, \u00a0funcionario \u00a0Auxiliar \u00a0de Autenticaciones del Departamento de Estado33. \u00a0\u00a0<\/p>\n<p>Igualmente, \u00a0Mar\u00eda \u00a0 \u00a0Fernanda \u00a0 \u00a0Cuellar \u00a0 Botero, \u00a0 \u00a0la \u00a0Viceconsul de Colombia en \u00a0Washington \u00a0D.C., \u00a0cuya \u00a0firma \u00a0es \u00a0refrendada \u00a0por \u00a0el Ministerio de Relaciones \u00a0Exteriores \u00a0de \u00a0Colombia, \u00a0dio fe de que, en efecto, quien suscribe el documento \u00a0es \u00a0 el \u00a0 funcionario \u00a0 auxiliar \u00a0 de \u00a0 autenticaciones \u00a0 del \u00a0 Departamento \u00a0de \u00a0Estado34. \u00a0\u00a0<\/p>\n<p>En \u00a0las \u00a0anotadas condiciones, se concluye \u00a0que \u00a0los \u00a0requerimientos \u00a0formales \u00a0de \u00a0legalizaci\u00f3n \u00a0de \u00a0la documentaci\u00f3n que \u00a0sirven \u00a0de \u00a0sustento a la solicitud de extradici\u00f3n, exigidos por las normas del \u00a0Estado \u00a0requirente \u00a0y \u00a0el \u00a0Estado \u00a0Colombiano se cumplieron a cabalidad, por tal \u00a0raz\u00f3n \u00a0desde \u00a0esta \u00a0perspectiva \u00a0los documentos aportados con tal fin se tornan \u00a0aptos \u00a0para \u00a0ser \u00a0considerados \u00a0por \u00a0la Corte en el estudio que debe preceder el \u00a0concepto. \u00a0\u00a0<\/p>\n<p>2. \u00a0 \u00a0Plena \u00a0 \u00a0identidad \u00a0 \u00a0de \u00a0 \u00a0la \u00a0persona \u00a0 reclamada \u00a0en \u00a0extradici\u00f3n \u00a0\u00a0<\/p>\n<p>El Gobierno de los Estados Unidos inform\u00f3 \u00a0en \u00a0su \u00a0petici\u00f3n \u00a0que \u00a0el \u00a0requerido \u00a0se llama JORGE \u00a0ISAAC \u00a0 \u00a0 \u00a0RENGIFO \u00a0 \u00a0 \u00a0VALENTIERRA, \u00a0es colombiano, nacido el 12 \u00a0de \u00a0 \u00a0noviembre \u00a0 de \u00a01957, \u00a0identificado \u00a0con \u00a0la \u00a0c\u00e9dula \u00a0de \u00a0ciudadan\u00eda \u00a0 \u00a0 \u00a0 \u00a0 No. \u00a0 \u00a0 \u00a0 \u00a0 5.302.32635, \u00a0datos que corresponden a \u00a0quien \u00a0 \u00a0permanece \u00a0 \u00a0privado \u00a0 \u00a0de \u00a0 \u00a0la \u00a0 libertad \u00a0 desde \u00a0 el \u00a0 9 \u00a0 \u00a0 \u00a0 \u00a0de \u00a0 \u00a0 \u00a0 \u00a0marzo \u00a0de \u00a0 201436 \u00a0 con \u00a0fundamento \u00a0en \u00a0la \u00a0Nota \u00a0Verbal No. 0798 \u00a0del \u00a07 de \u00a0mayo \u00a0 de \u00a0 \u00a0 \u00a0 \u00a0 esa \u00a0 \u00a0 \u00a0 \u00a0anualidad, \u00a0procedente \u00a0de la Embajada \u00a0de \u00a0 \u00a0los \u00a0 \u00a0Estados \u00a0 \u00a0Unidos \u00a0 \u00a0de \u00a0 \u00a0Am\u00e9rica37, informaci\u00f3n que tambi\u00e9n \u00a0se \u00a0 \u00a0consigna \u00a0 \u00a0en \u00a0 \u00a0la \u00a0 \u00a0orden \u00a0 \u00a0de \u00a0 \u00a0captura \u00a0 de \u00a0 fecha \u00a0 26 \u00a0 de \u00a0noviembre \u00a0 de \u00a0 2013 \u00a0proferida \u00a0 \u00a0por \u00a0 el \u00a0 Fiscal \u00a0 General \u00a0 de \u00a0 la \u00a0Naci\u00f3n38. \u00a0\u00a0<\/p>\n<p>Confrontados estos registros con el acta de \u00a0derechos \u00a0 \u00a0 \u00a0 \u00a0 \u00a0 del \u00a0 \u00a0 \u00a0 \u00a0 \u00a0 capturado39, \u00a0el \u00a0informe \u00a0de consulta \u00a0web \u00a0de \u00a0la Direcci\u00f3n Nacional de Identificaci\u00f3n de la Registradur\u00eda Nacional \u00a0del \u00a0 \u00a0 \u00a0 \u00a0 \u00a0 \u00a0 Estado \u00a0 \u00a0 \u00a0 \u00a0 \u00a0 \u00a0 Civil40, \u00a0 \u00a0 \u00a0la \u00a0 \u00a0 \u00a0rese\u00f1a \u00a0fotogr\u00e1fica41 \u00a0 \u00a0 de \u00a0 \u00a0JORGE \u00a0 \u00a0ISAAC \u00a0 \u00a0RENGIFO \u00a0VALENTIERRA, \u00a0dan \u00a0cuenta \u00a0de \u00a0que \u00a0se \u00a0trata \u00a0de la \u00a0persona \u00a0 requerida \u00a0 en \u00a0 extradici\u00f3n \u00a0 por \u00a0 el \u00a0 Gobierno \u00a0 de \u00a0los \u00a0Estados \u00a0Unidos. \u00a0\u00a0<\/p>\n<p>Por \u00a0tanto, queda satisfecho el segundo de \u00a0los \u00a0presupuestos \u00a0a \u00a0los que alude el art\u00edculo 495 de la Ley 906 de 2004, para \u00a0que \u00a0 la \u00a0 extradici\u00f3n \u00a0 solicitada \u00a0 se \u00a0pueda \u00a0otorgar. \u00a0\u00a0<\/p>\n<p>3. Principio de \u00a0la doble incriminaci\u00f3n. \u00a0\u00a0<\/p>\n<p>De \u00a0conformidad con el art\u00edculo 493 de la \u00a0citada \u00a0normatividad, \u00a0se \u00a0impone \u00a0establecer que los comportamientos delictivos \u00a0imputados \u00a0a \u00a0la persona reclamada en el pa\u00eds solicitante est\u00e9n previstos como \u00a0delito \u00a0en \u00a0Colombia, \u00a0y \u00a0que \u00a0tengan \u00a0establecida \u00a0una sanci\u00f3n privativa de la \u00a0libertad cuyo m\u00ednimo no sea inferior a 4 a\u00f1os. \u00a0\u00a0<\/p>\n<p>Se \u00a0 analizar\u00e1n, \u00a0 por \u00a0 tanto, \u00a0 estos \u00a0condicionamientos. \u00a0\u00a0<\/p>\n<p>JORGE ISAAC RENGIFO VALENTIERRA \u00a0 \u00a0es \u00a0solicitado \u00a0en \u00a0extradici\u00f3n \u00a0por \u00a0el Gobierno de los Estados Unidos de Am\u00e9rica \u00a0para \u00a0 \u00a0que \u00a0 \u00a0comparezca \u00a0 \u00a0a \u00a0 \u00a0responder \u00a0 \u00a0en \u00a0 \u00a0juicio \u00a0 por \u00a0 el \u00a0 \u00a0 delito \u00a0 \u00a0de \u00a0 \u00a0concierto \u00a0 \u00a0 \u00a0para \u00a0 \u00a0 \u00a0delinquir \u00a0 \u00a0 \u00a0agravado \u00a0 \u00a0 \u00a0y \u00a0 \u00a0 \u00a0 \u00a0 \u00a0tr\u00e1fico \u00a0 \u00a0 \u00a0 \u00a0 de \u00a0estupefacientes, \u00a0seg\u00fan \u00a0la Acusaci\u00f3n No. \u00a08:13-cr-169-T-27TBM, \u00a0dictada el 4 de abril de 2013, \u00a0por \u00a0el \u00a0Tribunal \u00a0de Distrito de los Estados Unidos para el Distrito Central de \u00a0Florida \u00a0 \u00a0 \u00a0 \u00a0Divisi\u00f3n \u00a0 \u00a0 \u00a0 de \u00a0 \u00a0 \u00a0 Tampa42.\u00a0 \u00a0 Los \u00a0 \u00a0cargos \u00a0 formulados \u00a0 en \u00a0 su \u00a0 contra \u00a0 son \u00a0 del \u00a0 siguiente \u00a0tenor: \u00a0\u00a0<\/p>\n<p>\u00abEl \u00a0 Gran \u00a0Jurado emite la siguiente \u00a0acusaci\u00f3n: \u00a0\u00a0<\/p>\n<p>CARGO \u00a0 \u00a0 \u00a0 \u00a0 UNO \u00a0\u00a0<\/p>\n<p>Desde \u00a0una \u00a0fecha desconocida, continuando \u00a0hasta \u00a0la \u00a0fecha de esta Acusaci\u00f3n Formal, inclusive, en el Distrito Central de \u00a0Florida y en otros lugares, los acusados, \u00a0\u00a0<\/p>\n<p>(\u2026) \u00a0<\/p>\n<p>JORGE ISAAC RENGIFO VALENTIERRA \u00a0<\/p>\n<p>con \u00a0conocimiento \u00a0e \u00a0intencionalmente \u00a0se \u00a0combinaron, \u00a0concertaron \u00a0y \u00a0acordaron \u00a0con \u00a0otras \u00a0personas \u00a0cuyos \u00a0nombres son \u00a0conocidos \u00a0y \u00a0desconocidos \u00a0por \u00a0el \u00a0Gran \u00a0Jurado, \u00a0para \u00a0distribuir \u00a0cinco \u00a0(5) \u00a0kilogramos \u00a0o \u00a0m\u00e1s \u00a0de \u00a0una \u00a0mezcla o sustancia que \u00a0conten\u00eda \u00a0una \u00a0cantidad \u00a0detectable de coca\u00edna, una sustancia controlada de la \u00a0Categor\u00eda \u00a0II, sabiendo y con la intenci\u00f3n de que dicha sustancia se importara \u00a0il\u00edcitamente \u00a0a \u00a0los \u00a0Estados \u00a0Unidos, en contravenci\u00f3n de la Secci\u00f3n 959 del \u00a0T\u00edtulo 21 del C\u00f3digo de los Estados Unidos. \u00a0\u00a0<\/p>\n<p>Todo en contravenci\u00f3n de las Secciones 963 \u00a0y \u00a0 960 \u00a0 (b)(1)(B)(ii) \u00a0 del \u00a0 T\u00edtulo \u00a0 21 \u00a0 del \u00a0 C\u00f3digo \u00a0 de \u00a0 los \u00a0Estados \u00a0Unidos.\u00a0 \u00a0\u00a0<\/p>\n<p>CARGO \u00a0 \u00a0 \u00a0 \u00a0 DOS \u00a0\u00a0<\/p>\n<p>Desde \u00a0 \u00a0 \u00a0una \u00a0 \u00a0 \u00a0(sic) \u00a0desconocida, \u00a0continuando hasta \u00a0la \u00a0fecha \u00a0de \u00a0esta \u00a0Acusaci\u00f3n \u00a0Formal, \u00a0inclusive, \u00a0en \u00a0el Distrito Central de \u00a0Florida y en otros lugares, los acusados, \u00a0\u00a0<\/p>\n<p>(\u2026) \u00a0<\/p>\n<p>JORGE ISAAC RENGIFO VALENTIERRA \u00a0<\/p>\n<p>con \u00a0conocimiento \u00a0e \u00a0intencionalmente se \u00a0combinaron, \u00a0concertaron \u00a0y \u00a0acordaron \u00a0con \u00a0otras \u00a0personas \u00a0cuyos \u00a0nombres son \u00a0conocidos \u00a0y \u00a0desconocidos \u00a0por \u00a0el \u00a0Gran \u00a0Jurado, \u00a0para \u00a0distribuir \u00a0cinco \u00a0(5) \u00a0kilogramos \u00a0o \u00a0m\u00e1s \u00a0de \u00a0una \u00a0mezcla \u00a0o \u00a0sustancia \u00a0que \u00a0conten\u00eda \u00a0una cantidad \u00a0detectable \u00a0 de \u00a0 coca\u00edna, \u00a0una \u00a0sustancia \u00a0controlada \u00a0de \u00a0la \u00a0Categor\u00eda \u00a0II, \u00a0estando \u00a0a \u00a0bordo \u00a0de \u00a0una \u00a0embarcaci\u00f3n sujeta a la \u00a0jurisdicci\u00f3n \u00a0 \u00a0 \u00a0de \u00a0 \u00a0 \u00a0los \u00a0 \u00a0 \u00a0Estados \u00a0 \u00a0 \u00a0Unidos, \u00a0 \u00a0 en \u00a0 \u00a0 contravenci\u00f3n \u00a0de la Secci\u00f3n 70503(a) \u00a0y \u00a0 70506(a) \u00a0 y \u00a0 (b) \u00a0 del \u00a0T\u00edtulo \u00a046 \u00a0y \u00a0la \u00a0Secci\u00f3n \u00a0960(b)(1)(B)(ii) \u00a0del T\u00edtulo 21 del C\u00f3digo de los Estados Unidos. \u00a0\u00a0<\/p>\n<p>DECOMISO \u00a0<\/p>\n<p>\u00a0 \u00a0<\/p>\n<p>1. \u00a0 Las \u00a0alegaciones \u00a0 contenidas \u00a0en \u00a0el \u00a0Cargo \u00a0Uno \u00a0y \u00a0Dos \u00a0de \u00a0 \u00a0esta \u00a0 \u00a0Acusaci\u00f3n \u00a0 \u00a0Formal \u00a0 \u00a0por \u00a0medio \u00a0del \u00a0presente \u00a0vuelven \u00a0a \u00a0alegarse y se incorporan en \u00a0calidad \u00a0de \u00a0referencia \u00a0con \u00a0la \u00a0finalidad \u00a0de alegar decomisos, conforme a las \u00a0disposiciones \u00a0de \u00a0las \u00a0Secciones \u00a0853 \u00a0y \u00a0970 del T\u00edtulo 21 del C\u00f3digo de los \u00a0Estados \u00a0 Unidos; \u00a0la \u00a0Secci\u00f3n \u00a070507 \u00a0del \u00a0T\u00edtulo \u00a046 \u00a0del \u00a0C\u00f3digo de los Estados Unidos; la \u00a0Secci\u00f3n 881 (a) del T\u00edtulo 21 del \u00a0C\u00f3digo \u00a0de \u00a0los \u00a0Estados \u00a0Unidos \u00a0Secci\u00f3n 2461 (c) \u00a0del \u00a0 T\u00edtulo \u00a0 28 \u00a0 del \u00a0C\u00f3digo \u00a0de \u00a0los \u00a0Estados \u00a0Unidos. \u00a0\u00a0<\/p>\n<p>2. \u00a0Por \u00a0su \u00a0participaci\u00f3n \u00a0en todas las \u00a0infracciones \u00a0alegadas \u00a0en \u00a0los \u00a0Cargos \u00a0Uno y Dos de esta Acusaci\u00f3n Formal, en \u00a0contravenci\u00f3n \u00a0de \u00a0las \u00a0Secciones \u00a0960 \u00a0y 963 del T\u00edtulo 21 del C\u00f3digo de los \u00a0Estados \u00a0 Unidos, \u00a0lo \u00a0que \u00a0se \u00a0castiga \u00a0con \u00a0encarcelamiento \u00a0durante \u00a0m\u00e1s \u00a0de \u00a0un \u00a0 \u00a0 a\u00f1o, \u00a0 \u00a0los \u00a0acusados, \u00a0\u00a0<\/p>\n<p>\u00a0 \u00a0 \u00a0 \u00a0 \u00a0 (\u2026) \u00a0\u00a0<\/p>\n<p>JORGE ISAAC RENGIFO VALENTIERRA \u00a0<\/p>\n<p>deber\u00e1n ceder por decomiso a los Estados \u00a0Unidos, \u00a0conforme \u00a0a \u00a0la \u00a0Secci\u00f3n 970 del T\u00edtulo 21 del C\u00f3digo de los Estados \u00a0Unidos, \u00a0 incorporando \u00a0 las \u00a0disposiciones \u00a0de \u00a0la \u00a0Secci\u00f3n \u00a0853 \u00a0del \u00a0T\u00edtulo \u00a021 \u00a0del C\u00f3digo de los Estados Unidos, todos sus derecho, t\u00edtulos e intereses en: \u00a0\u00a0<\/p>\n<p>\u00a0 \u00a0 \u00a0<\/p>\n<p>a. propiedades \u00a0que \u00a0constituyan \u00a0y \u00a0se deriven de cualquier ganancia \u00a0que \u00a0los \u00a0acusados \u00a0hayan \u00a0obtenido, directa o indirectamente, como resultado de \u00a0dicha infracciones; y \u00a0\u00a0<\/p>\n<p>b. propiedades \u00a0que \u00a0se \u00a0hayan \u00a0usado \u00a0e \u00a0intentado usar de cualquier \u00a0manera \u00a0o \u00a0en \u00a0parte \u00a0para \u00a0cometer \u00a0o \u00a0para \u00a0facilitar \u00a0la \u00a0comisi\u00f3n de dichas \u00a0infracciones. \u00a0 \u00a0\u00a0<\/p>\n<p>3. Por su participaci\u00f3n en cualquiera de \u00a0las \u00a0infracciones \u00a0alegadas \u00a0en \u00a0el \u00a0Cargo \u00a0Dos \u00a0de \u00a0esta \u00a0Acusaci\u00f3n Formal, en \u00a0contravenci\u00f3n \u00a0de las Secciones 70503 y 70506 del T\u00edtulo 46 del C\u00f3digo de los \u00a0Estados \u00a0Unidos, que se castiguen con encarcelamiento \u00a0durante m\u00e1s de un a\u00f1o, los acusados, \u00a0\u00a0<\/p>\n<p>(\u2026) \u00a0<\/p>\n<p>JORGE ISAAC RENGIFO VALENTIERRA \u00a0<\/p>\n<p>deber\u00e1n ceder por decomiso a los Estados \u00a0Unidos, \u00a0conforme \u00a0a \u00a0la \u00a0Secci\u00f3n \u00a070507 del T\u00edtulo 46, la Secci\u00f3n 881(a) del \u00a0T\u00edtulo \u00a021 \u00a0y \u00a0la \u00a0Secci\u00f3n \u00a02461(c) \u00a0del T\u00edtulo 28 del C\u00f3digo de los Estados \u00a0Unidos, \u00a0toda \u00a0propiedad \u00a0que \u00a0est\u00e9 \u00a0sujeta \u00a0a \u00a0decomiso conforme a la Secci\u00f3n \u00a0881(a)(1) \u00a0al \u00a0(11) del T\u00edtulo 21 del C\u00f3digo de los Estados Unidos que se haya \u00a0usado \u00a0o \u00a0intentado \u00a0usar \u00a0para \u00a0cometer \u00a0o \u00a0facilitar \u00a0la \u00a0comisi\u00f3n \u00a0de dichos \u00a0delitos- \u00a0\u00a0<\/p>\n<p>4. Si alguna de las propiedades descritas \u00a0anteriormente \u00a0como \u00a0sujetas \u00a0a \u00a0decomiso \u00a0como \u00a0consecuencia \u00a0de \u00a0un acto o una \u00a0omisi\u00f3n de los acusados: \u00a0\u00a0<\/p>\n<p>\u00a0 \u00a0 \u00a0<\/p>\n<p>a. no \u00a0 puede \u00a0 encontrarse \u00a0 despu\u00e9s \u00a0 de \u00a0 ejercer \u00a0 las \u00a0 debidas \u00a0diligencias; \u00a0\u00a0<\/p>\n<p>b. fue \u00a0 transferida, \u00a0 vendida \u00a0 o \u00a0 depositada \u00a0 en \u00a0 manos \u00a0de \u00a0un \u00a0tercero; \u00a0\u00a0<\/p>\n<p>c. se coloc\u00f3 fuera de la jurisdicci\u00f3n del tribunal; \u00a0\u00a0<\/p>\n<p>d. ha disminuido considerablemente de valor; o bien \u00a0\u00a0<\/p>\n<p>e. se \u00a0integr\u00f3 \u00a0con \u00a0otra \u00a0propiedad \u00a0que \u00a0no puede subdividirse sin \u00a0dificultad, \u00a0 \u00a0\u00a0<\/p>\n<p>los \u00a0Estados \u00a0Unidos \u00a0tendr\u00e1n \u00a0derecho a \u00a0decomisar \u00a0propiedades sustitutas seg\u00fan las disposiciones de la Secci\u00f3n 853(p) \u00a0del \u00a0T\u00edtulo \u00a021 \u00a0del \u00a0C\u00f3digo \u00a0de \u00a0los Estados Unidos y la Secci\u00f3n 2461(c) del \u00a0T\u00edtulo 28 del C\u00f3digo de los Estado Unidos. \u00a0\u00a0<\/p>\n<p>Las conductas atribuidas por el Tribunal de \u00a0Distrito \u00a0de los Estados Unidos para el Distrito Central de Florida Divisi\u00f3n de \u00a0Tampa, \u00a0se recogen en la legislaci\u00f3n penal colombiana, bajo la denominaci\u00f3n de \u00a0concierto \u00a0para \u00a0delinquir \u00a0(en \u00a0este \u00a0caso \u00a0para \u00a0traficar \u00a0estupefacientes) \u00a0y \u00a0tr\u00e1fico \u00a0de \u00a0drogas \u00a0il\u00edcitas, \u00a0en \u00a0cualquiera \u00a0de \u00a0sus \u00a0modalidades, \u00a0en \u00a0los \u00a0art\u00edculos \u00a0340 \u00a0(modificado \u00a0por \u00a0el art\u00edculo 8\u00ba de la Ley 733 de enero 29 de \u00a02002; \u00a0por \u00a0el \u00a0art\u00edculo \u00a019 \u00a0de \u00a0la Ley 1121 de 2006) bajo la denominaci\u00f3n de \u00a0concierto \u00a0 \u00a0 \u00a0 \u00a0 \u00a0para \u00a0 \u00a0 \u00a0 \u00a0 \u00a0delinquir43; \u00a0 \u00a0el \u00a0 \u00a0art\u00edculo \u00a0 376 \u00a0(modificado \u00a0por \u00a0el \u00a0art\u00edculo \u00a011 \u00a0de \u00a0la \u00a0Ley \u00a01453 \u00a0de 2011) tipificado como \u00a0tr\u00e1fico, \u00a0fabricaci\u00f3n \u00a0o porte de estupefacientes44. \u00a0\u00a0<\/p>\n<p>De esta manera, confrontados los supuestos \u00a0f\u00e1cticos \u00a0referidos \u00a0en \u00a0la \u00a0acusaci\u00f3n \u00a0y \u00a0en \u00a0las \u00a0normas invocadas por la \u00a0autoridad \u00a0extranjera con las disposiciones internas \u00a0de \u00a0 Colombia, \u00a0 se \u00a0advierte \u00a0c\u00f3mo \u00a0las \u00a0 \u00a0 \u00a0 \u00a0 conductas \u00a0 \u00a0de \u00a0concierto para delinquir agravado y tr\u00e1fico \u00a0 \u00a0 \u00a0 \u00a0 \u00a0 de \u00a0 \u00a0 \u00a0 \u00a0 \u00a0 estupefacientes \u00a0 \u00a0 \u00a0 \u00a0 \u00a0 constituyen \u00a0comportamientos \u00a0proscritos \u00a0 \u00a0 y \u00a0penalizados \u00a0en \u00a0los dos \u00a0pa\u00edses, \u00a0 \u00a0 de \u00a0 \u00a0manera \u00a0 \u00a0que \u00a0 \u00a0los \u00a0 \u00a0 \u00a0 \u00a0 \u00a0cargos \u00a0 \u00a0 \u00a0 \u00a0 \u00a0 \u00a0atribuidos por \u00a0la \u00a0 \u00a0 autoridad \u00a0 \u00a0 for\u00e1nea \u00a0 \u00a0a \u00a0 \u00a0JORGE \u00a0 ISAAC \u00a0 RENGIFO \u00a0 VALENTIERRA \u00a0corresponden \u00a0 \u00a0a \u00a0tipos \u00a0 penales \u00a0nacionales \u00a0que tienen \u00a0previstas \u00a0sanciones \u00a0 \u00a0 \u00a0 \u00a0 \u00a0 \u00a0 superiores \u00a0a \u00a0 \u00a0los \u00a0 \u00a04 \u00a0 \u00a0a\u00f1os \u00a0 \u00a0de \u00a0 prisi\u00f3n, \u00a0 raz\u00f3n \u00a0por \u00a0la \u00a0cual \u00a0 \u00a0se \u00a0 encuentra \u00a0 satisfecho \u00a0 el \u00a0 principio \u00a0 de \u00a0 la \u00a0 doble \u00a0incriminaci\u00f3n. \u00a0\u00a0<\/p>\n<p>Justamente, \u00a0como \u00a0las \u00a0penas \u00a0para \u00a0los \u00a0comportamientos \u00a0descritos \u00a0en la Acusaci\u00f3n por Estados Unidos no es inferior a \u00a0los \u00a04 \u00a0a\u00f1os \u00a0de sanci\u00f3n privativa de la libertad que exige el numeral primero \u00a0del \u00a0 art\u00edculo \u00a0 493 \u00a0 de \u00a0 la \u00a0 Ley \u00a0 906 \u00a0 de \u00a0 2004, \u00a0 se \u00a0cumple \u00a0con \u00a0este \u00a0presupuesto. \u00a0\u00a0<\/p>\n<p>Adicionalmente, \u00a0 \u00a0se \u00a0 \u00a0observa \u00a0 \u00a0 \u00a0que \u00a0 \u00a0 la \u00a0 \u00a0Acusaci\u00f3n \u00a0 \u00a0No. \u00a0 8:13-cr-169-T-27TBM, \u00a0dictada \u00a0el \u00a04 \u00a0de \u00a0abril \u00a0de \u00a02013, \u00a0por el \u00a0Tribunal \u00a0de \u00a0Distrito de los Estados Unidos para el Distrito Central de Florida \u00a0Divisi\u00f3n \u00a0 de \u00a0 Tampa, \u00a0 incluye \u00a0la \u00a0alegaci\u00f3n \u00a0 \u00a0 de \u00a0 \u00a0 decomiso. \u00a0 \u00a0 \u00a0 \u00a0 Al \u00a0 respecto, \u00a0 es \u00a0de \u00a0se\u00f1alar \u00a0 \u00a0 \u00a0 \u00a0 \u00a0que \u00a0 tal \u00a0 afirmaci\u00f3n \u00a0no \u00a0debe \u00a0ser \u00a0entendida en estricto sentido como un cargo. \u00a0\u00a0<\/p>\n<p>En \u00a0efecto, \u00a0como lo ha venido expresando \u00a0esta \u00a0 \u00a0Corporaci\u00f3n \u00a0 respecto \u00a0 de \u00a0 situaciones \u00a0semejantes45, \u00a0 \u00a0 \u00a0el \u00a0 \u00a0 \u00a0se\u00f1alamiento \u00a0 \u00a0 de \u00a0decomiso \u00a0 \u00a0no \u00a0 comporta \u00a0 imputaci\u00f3n \u00a0alguna, pues se trata del anuncio de \u00a0la \u00a0consecuencia \u00a0patrimonial \u00a0que \u00a0la \u00a0declaratoria \u00a0de responsabilidad acarrea \u00a0respecto \u00a0de \u00a0los bienes involucrados en el delito, de cuya comisi\u00f3n \u00a0 se \u00a0 acusa \u00a0 al \u00a0requerido, \u00a0tema \u00a0ajeno \u00a0a \u00a0la \u00a0solicitud \u00a0de \u00a0extradici\u00f3n, \u00a0raz\u00f3n por \u00a0la \u00a0cual \u00a0no \u00a0se encuentra \u00a0comprendido \u00a0 \u00a0dentro \u00a0 de \u00a0 los \u00a0 aspectos \u00a0 por \u00a0 analizar \u00a0 en \u00a0 el concepto a emitir. \u00a0\u00a0<\/p>\n<p>4. Equivalencia \u00a0de las decisiones \u00a0\u00a0<\/p>\n<p>Hace \u00a0referencia \u00a0a \u00a0la \u00a0correspondencia \u00a0formal \u00a0 y \u00a0 sustancial \u00a0 que \u00a0 se \u00a0 debe \u00a0 dar \u00a0entre \u00a0la \u00a0decisi\u00f3n \u00a0que \u00a0contiene \u00a0los \u00a0cargos por los cuales se pide la \u00a0 \u00a0extradici\u00f3n \u00a0 de \u00a0 la \u00a0 persona \u00a0reclamada, \u00a0 y \u00a0 el \u00a0 acto \u00a0 procesal \u00a0conocido \u00a0en \u00a0la \u00a0legislaci\u00f3n \u00a0 \u00a0 \u00a0 \u00a0 \u00a0 \u00a0 colombiana \u00a0 \u00a0 \u00a0 \u00a0 \u00a0 \u00a0 como \u00a0 \u00a0 \u00a0 \u00a0 \u00a0 \u00a0 resoluci\u00f3n \u00a0de \u00a0acusaci\u00f3n \u00a0 \u00a0 \u00a0 \u00a0y\/o \u00a0 \u00a0 \u00a0 \u00a0escrito \u00a0 \u00a0 \u00a0 \u00a0de \u00a0 \u00a0 \u00a0 \u00a0acusaci\u00f3n, \u00a0 es \u00a0decir, \u00a0el \u00a0que \u00a0sirve de introducci\u00f3n a la fase del \u00a0juicio \u00a0y \u00a0a \u00a0trav\u00e9s del cual el Estado acusa a una \u00a0persona \u00a0 determinada \u00a0 de \u00a0violar \u00a0la \u00a0ley \u00a0penal, \u00a0discrimina \u00a0los \u00a0cargos \u00a0que \u00a0le \u00a0imputa, \u00a0consigna \u00a0los hechos que le sirven de \u00a0fundamento \u00a0y \u00a0determina \u00a0la \u00a0\u00e9poca \u00a0y \u00a0el lugar de \u00a0comisi\u00f3n \u00a0del il\u00edcito o \u00a0il\u00edcitos, \u00a0 para \u00a0 que \u00a0 el \u00a0solicitado \u00a0tenga \u00a0la \u00a0posibilidad \u00a0 \u00a0de \u00a0 conocerlos \u00a0 y \u00a0 enfrentarlos. \u00a0\u00a0<\/p>\n<p>\u00a0 \u00a0 \u00a0 \u00a0 \u00a0<\/p>\n<p>La \u00a0Acusaci\u00f3n \u00a0emitida \u00a0por \u00a0el \u00a0\u00f3rgano \u00a0judicial \u00a0de \u00a0los \u00a0Estados \u00a0Unidos contiene los requisitos de la formulaci\u00f3n de \u00a0acusaci\u00f3n \u00a0previstos \u00a0en \u00a0los \u00a0art\u00edculos 336 y 337 de la Ley 906 de 2004, pues \u00a0consigna \u00a0las circunstancias de tiempo, modo y lugar \u00a0en \u00a0que se realiz\u00f3 la conducta punible, su descripci\u00f3n t\u00edpica, las pruebas en \u00a0que \u00a0se \u00a0apoya, \u00a0las \u00a0normas \u00a0sustanciales \u00a0aplicables al caso, y permite que se \u00a0inicie el debate al interior del juicio. \u00a0\u00a0<\/p>\n<p>Contrario \u00a0 a \u00a0lo \u00a0manifestado \u00a0por \u00a0el \u00a0apoderado \u00a0de \u00a0la \u00a0Defensa, la providencia dictada en \u00a0el \u00a0exterior \u00a0y \u00a0la \u00a0regulada \u00a0en \u00a0la \u00a0legislaci\u00f3n \u00a0nacional \u00a0son equivalentes, \u00a0cumpliendo as\u00ed con esta prerrogativa. \u00a0\u00a0<\/p>\n<p>5. Causales de \u00a0improcedencia \u00a0\u00a0<\/p>\n<p>El \u00a0art\u00edculo \u00a035 \u00a0de \u00a0la \u00a0Constituci\u00f3n \u00a0Pol\u00edtica, \u00a0 modificado \u00a0por \u00a0el \u00a0primero \u00a0del \u00a0Acto \u00a0Legislativo \u00a001 \u00a0de \u00a01997, \u00a0ordena: \u00a0\u00a0<\/p>\n<p>La \u00a0extradici\u00f3n \u00a0se \u00a0podr\u00e1 \u00a0solicitar, \u00a0conceder \u00a0u \u00a0ofrecer \u00a0de acuerdo con los tratados p\u00fablicos y, en su defecto con \u00a0la ley. \u00a0\u00a0<\/p>\n<p>Adem\u00e1s, \u00a0 la \u00a0 extradici\u00f3n \u00a0 de \u00a0 los \u00a0colombianos \u00a0por \u00a0nacimiento se conceder\u00e1 por delitos cometidos en el exterior, \u00a0considerados como tales en la legislaci\u00f3n penal colombiana. \u00a0\u00a0<\/p>\n<p>La extradici\u00f3n no proceder\u00e1 por delitos \u00a0pol\u00edticos. \u00a0\u00a0<\/p>\n<p>No \u00a0proceder\u00e1 \u00a0la extradici\u00f3n cuando se \u00a0trate \u00a0de \u00a0hechos \u00a0cometidos \u00a0con anterioridad a la promulgaci\u00f3n de la presente \u00a0norma . \u00a0\u00a0<\/p>\n<p>De \u00a0acuerdo \u00a0con \u00a0esta \u00a0disposici\u00f3n, son \u00a0causales \u00a0de \u00a0improcedencia de la extradici\u00f3n las siguientes, (i) que el delito \u00a0por \u00a0el cual se procede sea de naturaleza pol\u00edtica, (ii) que se trate de hechos \u00a0cometidos \u00a0con \u00a0anterioridad \u00a0al 17 de diciembre de 1997, fecha de promulgaci\u00f3n \u00a0de \u00a0la \u00a0referida \u00a0norma, \u00a0y (iii) que el delito haya sido cometido en territorio \u00a0colombiano. \u00a0\u00a0<\/p>\n<p>Ninguna de estas prohibiciones concurre en \u00a0el \u00a0 \u00a0 caso \u00a0 \u00a0 analizado. \u00a0 \u00a0Los \u00a0 \u00a0delitos \u00a0de \u00a0 concierto \u00a0 para \u00a0delinquir \u00a0 \u00a0 agravado \u00a0 \u00a0y \u00a0 \u00a0tr\u00e1fico \u00a0 \u00a0de \u00a0 \u00a0estupefacientes \u00a0 \u00a0imputados \u00a0a \u00a0JORGE \u00a0ISAAC \u00a0RENGIFO \u00a0VALENTIERRA \u00a0 \u00a0 \u00a0 \u00a0 \u00a0 \u00a0 \u00a0 en \u00a0 \u00a0 \u00a0 \u00a0la \u00a0 \u00a0 \u00a0 \u00a0Acusaci\u00f3n \u00a0 No. \u00a08:13-cr-169-T-27TBM, \u00a0dictada \u00a0el \u00a04 \u00a0de \u00a0abril \u00a0de \u00a02013, \u00a0por el Tribunal de Distrito de los Estados \u00a0Unidos \u00a0para \u00a0el \u00a0Distrito \u00a0Central \u00a0de \u00a0Florida \u00a0Divisi\u00f3n de Tampa, \u00a0 es \u00a0de \u00a0naturaleza \u00a0com\u00fan, \u00a0no \u00a0pol\u00edtica, \u00a0y \u00a0los \u00a0hechos \u00a0en \u00a0los \u00a0cuales se sustenta \u00a0ocurrieron \u00a0alrededor del \u00a010 \u00a0de febrero de 2011, es \u00a0decir, despu\u00e9s de la promulgaci\u00f3n del acto legislativo. \u00a0\u00a0<\/p>\n<p>El \u00a0lugar \u00a0de \u00a0comisi\u00f3n \u00a0de \u00a0los \u00a0hechos \u00a0tampoco \u00a0 \u00a0 \u00a0se \u00a0 \u00a0 erige \u00a0 \u00a0 en \u00a0 \u00a0 causal \u00a0 \u00a0 de \u00a0 \u00a0 improcedencia. \u00a0 \u00a0 \u00a0 \u00a0 \u00a0 \u00a0 As\u00ed \u00a0 se \u00a0determina \u00a0del \u00a0estudio \u00a0de \u00a0la \u00a0decisi\u00f3n precitada \u00a0y \u00a0 de \u00a0 las \u00a0 declaraciones \u00a0de \u00a0apoyo, \u00a0 especialmente \u00a0 la \u00a0realizada \u00a0por \u00a0el \u00a0Agente \u00a0Especial \u00a0de \u00a0la \u00a0Oficina \u00a0Federal \u00a0de \u00a0Investigaciones \u00a0 (FBI), \u00a0Ivett \u00a0 \u00a0R. \u00a0 Barry46. \u00a0\u00a0<\/p>\n<p>\u00ab(\u2026) \u00a0\u00a0<\/p>\n<p>I. Antecedentes \u00a0<\/p>\n<p>5. \u00a0De 2007 al \u00a04 \u00a0 \u00a0 \u00a0 de \u00a0 \u00a0 \u00a0abril \u00a0 \u00a0 \u00a0de \u00a0 \u00a0 \u00a02013, \u00a0(\u2026) \u00a0y Jorge eran miembros de \u00a0una \u00a0organizaci\u00f3n \u00a0narcotraficante (DTO) responsable \u00a0de \u00a0transportar \u00a0coca\u00edna por medio de lanchas r\u00e1pidas en aguas internacionales \u00a0del \u00a0Oc\u00e9ano \u00a0Pac\u00edfico, \u00a0de \u00a0Colombia a Panam\u00e1, para su distribuci\u00f3n final en \u00a0los \u00a0Estado \u00a0Unidos. \u00a0M\u00faltiples \u00a0testigos \u00a0cooperadores \u00a0(CW) \u00a0con conocimiento \u00a0personal \u00a0de \u00a0la \u00a0participaci\u00f3n \u00a0de \u00a0los \u00a0acusados \u00a0declararon que (\u2026) era el \u00a0l\u00edder \u00a0de \u00a0las \u00a0operaciones \u00a0de \u00a0la \u00a0organizaci\u00f3n \u00a0en las costas de Colombia y \u00a0Panam\u00e1. \u00a0\u00c9l \u00a0coordinaba \u00a0embarques \u00a0de \u00a0m\u00faltiples \u00a0toneladas \u00a0de coca\u00edna, las cuales eran transportadas \u00a0por \u00a0lanchas \u00a0r\u00e1pidas \u00a0y \u00a0embarcaciones pesqueras de Colombia a Panam\u00e1, e iban \u00a0con \u00a0 destino \u00a0 a \u00a0 los \u00a0 Estados \u00a0Unidos. \u00a0El \u00a0CW \u00a0tambi\u00e9n \u00a0declar\u00f3 \u00a0que \u00a0las \u00a0responsabilidades \u00a0de \u00a0Jorge \u00a0inclu\u00edan \u00a0pagar a los \u00a0miembros \u00a0de \u00a0la \u00a0tripulaci\u00f3n \u00a0que \u00a0trabajaban \u00a0en \u00a0las \u00a0operaciones de drogas, \u00a0programar \u00a0el \u00a0transporte \u00a0de \u00a0combustible \u00a0durante las operaciones de drogas, y \u00a0proporcionar \u00a0los \u00a0c\u00f3digos \u00a0y \u00a0las \u00a0coordenadas en las que deb\u00eda entregarse la \u00a0coca\u00edna. \u00a0Seg\u00fan \u00a0el \u00a0CW, \u00a0los acusados estaban directamente involucrados en la \u00a0organizaci\u00f3n \u00a0de \u00a0dos \u00a0operaciones \u00a0de \u00a0contrabando de drogas frustradas por la \u00a0Guardia \u00a0Costera \u00a0de \u00a0los \u00a0Estados \u00a0Unidos \u00a0(USCG) en octubre de 2008 y junio de \u00a02013. \u00a0\u00a0<\/p>\n<p>II. Pruebas \u00a0<\/p>\n<p>\u00a0 \u00a0 \u00a0<\/p>\n<p>A. La incautaci\u00f3n de coca\u00edna en octubre de 2008 \u00a0 \u00a0\u00a0<\/p>\n<p>7. \u00a0El 16 de \u00a0octubre \u00a0de \u00a02008, \u00a0la \u00a0Guardia Costera de los Estados Unidos (USCG) intercept\u00f3 \u00a0una \u00a0lancha \u00a0r\u00e1pida \u00a0en \u00a0aguas \u00a0internacionales, \u00a0a \u00a0aproximadamente \u00a028 millas \u00a0n\u00e1uticas \u00a0de \u00a0la costa norte de Colombia en el este \u00a0del \u00a0 Oc\u00e9ano \u00a0 Pac\u00edfico. \u00a0La \u00a0lancha \u00a0r\u00e1pida \u00a0no \u00a0mostraba \u00a0 un \u00a0nombre \u00a0de \u00a0embarcaci\u00f3n, \u00a0n\u00famero \u00a0de \u00a0registro \u00a0ni \u00a0bandera \u00a0de \u00a0nacionalidad. \u00a0La \u00a0tripulaci\u00f3n dijo ser de nacionalidad colombiana. El gobierno \u00a0colombiano \u00a0fue \u00a0avisado, \u00a0pero \u00a0no confirmaron ni negaron la nacionalidad de la \u00a0embarcaci\u00f3n. \u00a0La \u00a0embarcaci\u00f3n \u00a0entonces se declar\u00f3 ap\u00e1trida y, por lo tanto, \u00a0sujeta a la jurisdicci\u00f3n de los Estados Unidos. \u00a0\u00a0<\/p>\n<p>8. La USCG recuper\u00f3 un total de 78 pacas \u00a0de \u00a0coca\u00edna, \u00a0con \u00a0un \u00a0peso \u00a0total \u00a0de \u00a01.585 kilogramos. La tripulaci\u00f3n de la \u00a0lancha \u00a0r\u00e1pida \u00a0fue llevada al Distrito Central de Florida y enjuiciarla. El CW \u00a0que \u00a0ten\u00eda \u00a0conocimiento \u00a0personal \u00a0de \u00a0la participaci\u00f3n de los acusados en la \u00a0operaci\u00f3n \u00a0declar\u00f3 \u00a0que los acusados hab\u00edan contratado y pagado al capit\u00e1n y \u00a0tripulaci\u00f3n arrestados en conexi\u00f3n con esta operaci\u00f3n de drogas. \u00a0\u00a0<\/p>\n<p>\u00a0 \u00a0 \u00a0<\/p>\n<p>A. Las \u00a0incautaciones \u00a0 \u00a0de \u00a0coca\u00edna \u00a0en \u00a0junio \u00a0de \u00a02012 \u00a0 \u00a0\u00a0<\/p>\n<p>9. \u00a0El \u00a012 \u00a0de \u00a0junio \u00a0de \u00a02012, la USCG \u00a0intercept\u00f3 \u00a0la \u00a0embarcaci\u00f3n \u00a0pesquera \u201cMistby\u201d aproximadamente a 90 millas \u00a0n\u00e1uticas \u00a0al este de Panam\u00e1, en aguas internacionales. La tripulaci\u00f3n indic\u00f3 \u00a0ser \u00a0de nacionalidad colombiana, y la embarcaci\u00f3n ten\u00eda un n\u00famero de registro \u00a0y \u00a0el nombre pintado en la lancha. El gobierno colombiano fue consultado y \u00e9ste \u00a0confirm\u00f3 \u00a0que \u00a0la \u00a0Mistby ten\u00eda un registro colombiano. El gobierno colombiano \u00a0otorg\u00f3 \u00a0permiso a la USCG para abordar y registrar la embarcaci\u00f3n y otorg\u00f3 la \u00a0jurisdicci\u00f3n \u00a0 \u00a0 a \u00a0 \u00a0 los \u00a0 \u00a0Estados \u00a0 \u00a0Unidos \u00a0 \u00a0para \u00a0 \u00a0enjuiciar \u00a0 \u00a0a \u00a0 \u00a0la \u00a0tripulaci\u00f3n- \u00a0\u00a0<\/p>\n<p>10. \u00a0El \u00a0personal de a USCG recuper\u00f3 12 \u00a0pacas \u00a0de \u00a0coca\u00edna, \u00a0con \u00a0un \u00a0peso \u00a0total \u00a0de \u00a0229 \u00a0kilogramos, \u00a0y \u00a010 pacas de \u00a0marihuana, \u00a0con un peso de 125 kilogramos. La tripulaci\u00f3n de la Misby (sic) fue \u00a0llevada \u00a0 al \u00a0Distrito \u00a0Central \u00a0de \u00a0Florida \u00a0y \u00a0enjuiciada. \u00a0El \u00a0CW \u00a0 \u00a0 \u00a0 \u00a0con \u00a0 \u00a0 \u00a0 conocimiento \u00a0personal de la participaci\u00f3n de los acusados en la \u00a0operaci\u00f3n \u00a0declar\u00f3 \u00a0que \u00a0los \u00a0acusados hab\u00edan asistido a reuniones y recibido \u00a0actualizaciones \u00a0de \u00a0la \u00a0partida \u00a0de \u00a0Mistby \u00a0de Colombia. Los acusados tambi\u00e9n \u00a0proporcionaron \u00a0 \u00a0 \u00a0 las \u00a0 \u00a0 \u00a0coordenadas \u00a0del \u00a0lugar \u00a0en \u00a0donde \u00a0deb\u00eda \u00a0entregarse \u00a0la \u00a0coca\u00edna. Seg\u00fan el CW, la Mistby \u00a0deb\u00eda \u00a0entregar \u00a0la \u00a0coca\u00edna \u00a0y la marihuana a los miembros de la DTO a la que \u00a0pertenec\u00edan \u00a0los \u00a0acusados \u00a0en \u00a0Panam\u00e1, para su distribuci\u00f3n posterior en los \u00a0Estados Unidos. \u00a0\u00a0<\/p>\n<p>III. Identificaci\u00f3n \u00a0<\/p>\n<p>(\u2026) \u00a0<\/p>\n<p>13. \u00a0Jorge \u00a0Isaac \u00a0Rengifo \u00a0Valentierra \u00a0es \u00a0ciudadano \u00a0de \u00a0la \u00a0Rep\u00fablica \u00a0de \u00a0Colombia, \u00a0nacido \u00a0el \u00a012 \u00a0de \u00a0noviembre de 1957 en Colombia. El \u00a0n\u00famero de su c\u00e9dula de ciudadan\u00eda es 5.302.326. \u00a0\u00a0<\/p>\n<p>14. Adjunta a esta declaraci\u00f3n jurada se \u00a0encuentra, \u00a0 \u00a0 como \u00a0 \u00a0 Prueba \u00a0 \u00a0E-2, \u00a0una \u00a0fotograf\u00eda \u00a0de \u00a0Jorge. \u00a0El CW, quien ten\u00eda conocimiento \u00a0personal \u00a0de \u00a0Jorge \u00a0y \u00a0los delitos inculpados, ha identificado a la persona que \u00a0aparece \u00a0en \u00a0la \u00a0Prueba \u00a0E-2 \u00a0como \u00a0Jorge \u00a0Isaac \u00a0Rengifo \u00a0Valentierra, \u00a0la \u00a0persona \u00a0cuya conducta \u00a0delictiva \u00a0se \u00a0describe \u00a0en \u00a0esta declaraci\u00f3n jurada. Adem\u00e1s agentes del orden \u00a0p\u00fablico \u00a0 de \u00a0Colombia \u00a0han \u00a0confirmado \u00a0que \u00a0la \u00a0persona \u00a0que \u00a0aparece \u00a0en \u00a0la \u00a0Prueba E-2 es \u00a0Jorge Isaac Rengifo Valentierra, \u00a0el \u00a0individuo \u00a0que \u00a0fue arrestado con la orden de arresto provisional emitida en \u00a0este caso\u00bb. \u00a0\u00a0<\/p>\n<p>Esta \u00a0rese\u00f1a \u00a0de \u00a0la actividad il\u00edcita \u00a0deja \u00a0en \u00a0claro \u00a0que los \u00a0hechos \u00a0 \u00a0 por \u00a0los \u00a0cuales \u00a0 \u00a0se \u00a0 \u00a0acusa \u00a0 \u00a0a \u00a0 \u00a0 \u00a0JORGE \u00a0 \u00a0 ISAAC \u00a0 \u00a0 RENGIFO \u00a0VALENTIERRA \u00a0 \u00a0 \u00a0 \u00a0 \u00a0 \u00a0 \u00a0 tuvieron \u00a0 \u00a0 como \u00a0 \u00a0objetivo \u00a0el \u00a0concierto \u00a0con \u00a0fines de narcotr\u00e1fico y \u00a0 \u00a0 tr\u00e1fico \u00a0 \u00a0 de \u00a0 \u00a0 estupefacientes \u00a0 \u00a0a \u00a0 \u00a0los \u00a0 \u00a0Estados \u00a0 \u00a0Unidos, \u00a0poniendo \u00a0de \u00a0manifiesto \u00a0que el acuerdo de voluntades, propio \u00a0del \u00a0concierto para delinquir, comprendi\u00f3 las actividades expuestas para que la \u00a0droga \u00a0finalmente \u00a0fuera \u00a0distribuida en territorio \u00a0norteamericano. \u00a0En esa medida, no cabe duda que los \u00a0hechos \u00a0que \u00a0le \u00a0son imputados al reclamado traspasaron las fronteras del pa\u00eds, \u00a0por \u00a0lo que se satisface el requisito que en ese sentido se\u00f1ala el art\u00edculo 35 \u00a0de \u00a0 la \u00a0 Carta \u00a0Pol\u00edtica, \u00a0modificado \u00a0por \u00a0el \u00a0Acto \u00a0Legislativo \u00a0No. \u00a001 \u00a0de \u00a01997. \u00a0\u00a0<\/p>\n<p>Por \u00a0 \u00a0tal \u00a0 \u00a0raz\u00f3n, \u00a0 la \u00a0Sala \u00a0no \u00a0comparte \u00a0lo \u00a0manifestado sobre este aspecto por el \u00a0defensor \u00a0 \u00a0de \u00a0 RENGIFO \u00a0 VALENTIERRA, \u00a0por \u00a0cuanto, \u00a0 del \u00a0an\u00e1lisis \u00a0efectuado \u00a0se \u00a0cumple \u00a0el \u00a0condicionamiento \u00a0constitucional \u00a0de \u00a0que \u00a0la conducta haya sido realizada en el \u00a0extranjero, \u00a0cualquiera \u00a0sea \u00a0la teor\u00eda que se aplique para determinar el lugar \u00a0de \u00a0 comisi\u00f3n \u00a0 del \u00a0 il\u00edcito \u00a0 (de \u00a0 la \u00a0 acci\u00f3n, \u00a0del \u00a0resultado \u00a0o \u00a0de \u00a0la \u00a0ubicuidad). \u00a0\u00a0<\/p>\n<p>Respuesta a los alegatos \u00a0<\/p>\n<p>Los aspectos formulados por el apoderado \u00a0del \u00a0pedido, \u00a0 \u00a0 frente \u00a0 \u00a0 a \u00a0 \u00a0la \u00a0exigencia \u00a0que \u00a0se \u00a0debe \u00a0hacer \u00a0al \u00a0 \u00a0 \u00a0 \u00a0 \u00a0pa\u00eds \u00a0 \u00a0 \u00a0 \u00a0 \u00a0requirente, \u00a0 \u00a0para \u00a0 \u00a0que \u00a0 \u00a0respete \u00a0las \u00a0 \u00a0 \u00a0 \u00a0 garant\u00edas \u00a0 \u00a0 \u00a0 \u00a0 fundamentales \u00a0consagradas \u00a0en \u00a0la \u00a0Constituci\u00f3n \u00a0y los Tratados \u00a0Internacionales, \u00a0 \u00a0 \u00a0 la \u00a0 \u00a0 \u00a0Sala, \u00a0 \u00a0 \u00a0garante \u00a0 \u00a0 \u00a0de \u00a0 \u00a0 \u00a0 la \u00a0 \u00a0 \u00a0 Carta \u00a0Pol\u00edtica \u00a0siempre pone \u00a0de \u00a0presente \u00a0la \u00a0exigencia \u00a0y \u00a0cumplimiento \u00a0 \u00a0de \u00a0las \u00a0mismas. \u00a0\u00a0<\/p>\n<p>Cabe \u00a0 \u00a0 \u00a0 \u00a0recordarle \u00a0al \u00a0se\u00f1or defensor que, el \u00a0an\u00e1lisis \u00a0de la Corte no tiene por prop\u00f3sito verificar la comisi\u00f3n de ninguna \u00a0conducta \u00a0punible, \u00a0ni \u00a0discutir \u00a0la validez de las \u00a0pruebas, \u00a0el lugar de realizaci\u00f3n, o la forma de participaci\u00f3n toda vez que su \u00a0tarea \u00a0se \u00a0limita \u00a0a \u00a0verificar \u00a0si la documentaci\u00f3n que acompa\u00f1a la petici\u00f3n \u00a0formal \u00a0de \u00a0extradici\u00f3n cumple con los requisitos se\u00f1alados en la Ley para tal \u00a0fin, \u00a0descartando \u00a0de \u00a0manera \u00a0tajante \u00a0un \u00a0proceso \u00a0de naturaleza contenciosa o \u00a0estrictamente \u00a0judicial, \u00a0en \u00a0donde \u00a0la \u00a0corporaci\u00f3n \u00a0funja \u00a0como Juez, bajo la \u00a0noci\u00f3n de un proceso penal. \u00a0\u00a0<\/p>\n<p>En \u00a0verdad, para la Sala es n\u00edtido que, \u00a0todas \u00a0aquellas peticiones probatorias cuya finalidad se centra en desvirtuar el \u00a0juicio \u00a0de \u00a0tipicidad, \u00a0antijuridicidad \u00a0y \u00a0culpabilidad \u00a0edificado por el pa\u00eds \u00a0extranjero \u00a0contra el ciudadano requerido, es ajeno a la competencia espec\u00edfica \u00a0de \u00a0esta \u00a0Corporaci\u00f3n, ya que no est\u00e1 facultada para controvertir la legalidad \u00a0de \u00a0 los \u00a0 medios \u00a0 de \u00a0 convicci\u00f3n, \u00a0 soporte \u00a0 de \u00a0 la \u00a0petici\u00f3n \u00a0del \u00a0pa\u00eds \u00a0requirente. \u00a0\u00a0<\/p>\n<p>Como \u00a0se \u00a0comparten \u00a0los \u00a0planteamientos \u00a0del \u00a0 Ministerio \u00a0P\u00fablico, sobra cualquier \u00a0comentario al respecto. \u00a0\u00a0<\/p>\n<p>\u00a0 \u00a0 \u00a0 \u00a06. \u00a0Condiciones \u00a0que debe imponer el \u00a0Gobierno si autoriza la extradici\u00f3n. \u00a0\u00a0<\/p>\n<p>Ante la eventual determinaci\u00f3n positiva \u00a0del \u00a0Gobierno \u00a0Nacional, \u00a0en \u00a0todo caso, respetando la \u00f3rbita de su competencia \u00a0como \u00a0 \u00a0 supremo \u00a0 \u00a0 director \u00a0 \u00a0de \u00a0 \u00a0las \u00a0 \u00a0relaciones \u00a0 \u00a0internacionales \u00a0y en consonancia con la solicitud efectuada por \u00a0 \u00a0 el \u00a0 \u00a0Delegado \u00a0del Ministerio P\u00fablico, la Corte considera pertinente recordar \u00a0que \u00a0debe \u00a0someter \u00a0la \u00a0extradici\u00f3n a los siguientes condicionamientos al pa\u00eds \u00a0requirente: \u00a0\u00a0<\/p>\n<p>\u00a0 \u00a0 \u00a0 \u00a0\u00a0 \u00a0 \u00a0 \u00a0 \u00a0 \u00a06.1. \u00a0Excluir las penas de muerte, la condena a prisi\u00f3n perpetua, \u00a0el \u00a0sometimiento \u00a0a \u00a0desaparici\u00f3n \u00a0forzada, \u00a0torturas, \u00a0tratos o penas crueles, \u00a0inhumanos \u00a0o \u00a0degradantes, \u00a0la \u00a0sanci\u00f3n \u00a0de destierro, o confiscaci\u00f3n para los \u00a0delitos \u00a0autorizados, \u00a0pues \u00a0esas \u00a0condenas \u00a0est\u00e1n \u00a0excluidas \u00a0del ordenamiento \u00a0jur\u00eddico \u00a0colombiano \u00a0de conformidad con los art\u00edculos 11, 12 y 34 \u00a0 \u00a0 \u00a0de \u00a0 \u00a0 la \u00a0 \u00a0 Constituci\u00f3n \u00a0Pol\u00edtica. \u00a0\u00a0<\/p>\n<p>\u00a0 \u00a0 \u00a0 \u00a0\u00a0 \u00a0 \u00a0 \u00a0 \u00a0 \u00a06.2. \u00a0 \u00a0 \u00a0 \u00a0 \u00a0 Recordar \u00a0 \u00a0al \u00a0 pa\u00eds \u00a0 requirente \u00a0la \u00a0 \u00a0prohibici\u00f3n \u00a0constitucional \u00a0 \u00a0de \u00a0 \u00a0juzgar \u00a0 \u00a0a \u00a0 JORGE \u00a0ISAAC \u00a0RENGIFO VALENTIERRA por \u00a0conductas \u00a0anteriores \u00a0al \u00a017 \u00a0de \u00a0diciembre \u00a0de \u00a01997 \u00a0y \u00a0diversas \u00a0de \u00a0las que \u00a0originaron \u00a0 \u00a0 \u00a0la \u00a0 \u00a0 presente \u00a0 \u00a0 petici\u00f3n. \u00a0\u00a0<\/p>\n<p>6.3. \u00a0Con \u00a0el \u00a0 \u00a0fin \u00a0 de \u00a0 preservar \u00a0 los \u00a0 derechos \u00a0 fundamentales \u00a0 del \u00a0 pretendido, condicionar su entrega a \u00a0que \u00a0 \u00a0el \u00a0 \u00a0Estado \u00a0 \u00a0solicitante \u00a0 le \u00a0garantice su permanencia en ese pa\u00eds y el retorno a Colombia \u00a0en \u00a0condiciones de dignidad y respeto por la persona humana, en el eventual caso \u00a0de \u00a0ser \u00a0sobrese\u00eddo, \u00a0absuelto, hallado inocente o de situaciones similares que \u00a0conduzcan \u00a0a \u00a0su libertad, incluso despu\u00e9s de su liberaci\u00f3n por haber cumplido \u00a0la \u00a0pena \u00a0que \u00a0le \u00a0fuere \u00a0impuesta \u00a0en la sentencia de condena, en raz\u00f3n de los \u00a0delitos por los cuales se autoriza su extradici\u00f3n. \u00a0\u00a0<\/p>\n<p>\u00a0 \u00a0 \u00a0 \u00a0\u00a0 \u00a0 \u00a0 \u00a0 \u00a0 \u00a06.4. \u00a0A \u00a0partir de los postulados axiol\u00f3gicos de la Constituci\u00f3n \u00a0Pol\u00edtica, \u00a0el Gobierno Nacional est\u00e1 en el deber de disponer lo necesario para \u00a0que \u00a0el \u00a0servicio \u00a0exterior \u00a0de la Rep\u00fablica realice un detallado seguimiento a \u00a0los \u00a0 \u00a0 \u00a0 \u00a0condicionamientos \u00a0 \u00a0 \u00a0 referidos47. \u00a0\u00a0<\/p>\n<p>6.5. \u00a0Supeditar \u00a0 \u00a0 la \u00a0 \u00a0entrega \u00a0 \u00a0de \u00a0 \u00a0JORGE \u00a0 ISAAC \u00a0 RENGIFO \u00a0VALENTIERRA \u00a0a que se le respeten como a cualquier otro nacional \u00a0todas \u00a0las garant\u00edas debidas a su calidad de procesado, en particular, a que su \u00a0situaci\u00f3n \u00a0de privaci\u00f3n de la libertad se desarrolle de manera digna, a que la \u00a0pena \u00a0privativa \u00a0de \u00a0la \u00a0libertad \u00a0tenga \u00a0la \u00a0finalidad \u00a0esencial \u00a0de \u00a0reforma y \u00a0readaptaci\u00f3n \u00a0social \u00a0(art\u00edculos \u00a029 \u00a0de \u00a0la \u00a0Carta; 9 y 10 de la Declaraci\u00f3n \u00a0Universal \u00a0 \u00a0 \u00a0 \u00a0 \u00a0 \u00a0de \u00a0 \u00a0 \u00a0 \u00a0 \u00a0 \u00a0Derechos \u00a0 \u00a0 \u00a0 \u00a0 \u00a0 \u00a0Humanos; \u00a0 \u00a0 \u00a0 \u00a0 \u00a0 5-3.6, \u00a07-2.5,8-1.2(a)(b)(c)(d)(e)(f)(g)(h).3.4.5, \u00a09 \u00a0de \u00a0la \u00a0Convenci\u00f3n \u00a0Americana de \u00a0Derechos \u00a0Humanos; \u00a09-2.3, 10-1.2.3, 14-1.2.3,5, y 15 del Pacto Internacional de \u00a0Derechos Civiles y Pol\u00edticos). \u00a0\u00a0<\/p>\n<p>Igualmente, debe condicionar la entrega a \u00a0que \u00a0el \u00a0pa\u00eds \u00a0reclamante, conforme a sus pol\u00edticas internas sobre la materia, \u00a0le \u00a0ofrezca \u00a0posibilidades \u00a0racionales y reales para que el eventual extraditado \u00a0pueda \u00a0tener \u00a0contacto \u00a0regular \u00a0con sus familiares m\u00e1s cercanos, habida cuenta \u00a0que \u00a0la \u00a0Carta Pol\u00edtica de 1991, en su art\u00edculo 42, reconoce a la familia como \u00a0n\u00facleo \u00a0esencial \u00a0de la sociedad, garantiza su protecci\u00f3n y reconoce su honra, \u00a0dignidad \u00a0e intimidad, lo cual se refuerza con la protecci\u00f3n adicional que a la \u00a0misma \u00a0le otorgan la Convenci\u00f3n Americana sobre Derechos Humanos (art\u00edculo 17) \u00a0y \u00a0 el \u00a0 Pacto \u00a0 Internacional \u00a0de \u00a0Derechos \u00a0Civiles \u00a0y \u00a0Pol\u00edticos \u00a0(art\u00edculo \u00a023). \u00a0\u00a0<\/p>\n<p>6.6. \u00a0Finalmente, \u00a0se recordar\u00e1 al pa\u00eds extranjero la obligaci\u00f3n de sus autoridades \u00a0de \u00a0tener \u00a0como \u00a0parte \u00a0cumplida \u00a0de \u00a0la \u00a0pena \u00a0en \u00a0caso \u00a0de \u00a0condena, el tiempo \u00a0que JORGE ISAAC RENGIFO \u00a0VALENTIERRA \u00a0 \u00a0haya \u00a0permanecido privado de su libertad en raz\u00f3n de este tr\u00e1mite. \u00a0\u00a0<\/p>\n<p>Por \u00a0lo \u00a0expuesto, \u00a0la \u00a0Corte Suprema de \u00a0Justicia, Sala de Casaci\u00f3n Penal, \u00a0\u00a0<\/p>\n<p>EMITE CONCEPTO FAVORABLE \u00a0<\/p>\n<p>Ante \u00a0la \u00a0solicitud \u00a0de \u00a0extradici\u00f3n del ciudadano colombiano \u00a0JORGE \u00a0 ISAAC \u00a0 RENGIFO \u00a0 VALENTIERRA, \u00a0efectuada \u00a0por el Gobierno de los \u00a0Estados \u00a0Unidos de Am\u00e9rica mediante Nota Verbal No. \u00a00798 \u00a0del 7 \u00a0 \u00a0 \u00a0 \u00a0de \u00a0 \u00a0 \u00a0 mayo \u00a0 de \u00a0 2014, \u00a0por \u00a0los \u00a0cargos \u00a0imputados \u00a0 en \u00a0 la \u00a0Acusaci\u00f3n \u00a0No. \u00a08:13-cr-169-T-27TBM, dictada el \u00a04 \u00a0de \u00a0abril \u00a0de 2013, por el Tribunal de Distrito de los Estados Unidos para el \u00a0Distrito \u00a0 \u00a0 Central \u00a0 \u00a0 de \u00a0 \u00a0 Florida \u00a0 \u00a0 Divisi\u00f3n \u00a0 \u00a0de \u00a0 \u00a0Tampa. \u00a0\u00a0<\/p>\n<p>Por \u00a0 la \u00a0 Secretar\u00eda \u00a0 de \u00a0 la \u00a0Sala \u00a0ent\u00e9rese \u00a0 \u00a0 \u00a0 \u00a0 \u00a0 \u00a0 \u00a0 \u00a0de \u00a0esta decisi\u00f3n a los interesados \u00a0e \u00a0intervinientes, \u00a0as\u00ed como al se\u00f1or Fiscal General de la Naci\u00f3n, para lo de \u00a0su cargo. \u00a0\u00a0<\/p>\n<p>Rem\u00edtase \u00a0el \u00a0expediente al Ministerio de \u00a0Justicia \u00a0y \u00a0del \u00a0Derecho, \u00a0para \u00a0lo \u00a0que \u00a0concierne \u00a0en \u00a0adelante \u00a0al \u00a0Gobierno \u00a0Nacional. \u00a0\u00a0<\/p>\n<p>JOS\u00c9 LUIS BARCEL\u00d3 CAMACHO \u00a0<\/p>\n<p>JOS\u00c9 LEONIDAS BUSTOS MART\u00cdNEZ \u00a0<\/p>\n<p>FERNANDO \u00a0 \u00a0 \u00a0ALBERTO \u00a0 \u00a0 CASTRO \u00a0CABALLERO \u00a0\u00a0<\/p>\n<p>EUGENIO FERN\u00c1NDEZ CARLIER \u00a0<\/p>\n<p>MAR\u00cdA \u00a0 \u00a0DEL \u00a0 \u00a0ROSARIO \u00a0 GONZ\u00c1LEZ \u00a0MU\u00d1OZ \u00a0\u00a0<\/p>\n<p>GUSTAVO \u00a0 \u00a0 \u00a0ENRIQUE \u00a0 \u00a0 \u00a0MALO \u00a0FERN\u00c1NDEZ \u00a0\u00a0<\/p>\n<p>EYDER PATI\u00d1O CABRERA \u00a0<\/p>\n<p>PATRICIA SALAZAR CU\u00c9LLAR \u00a0<\/p>\n<p>LUIS GUILLERMO SALAZAR OTERO \u00a0<\/p>\n<p>NUBIA YOLANDA NOVA GARC\u00cdA \u00a0<\/p>\n<p>Secretaria \u00a0 \u00a0<\/p>\n<p>1 \u00a0Folios \u00a0 134 \u00a0 a \u00a0 138, \u00a0 y \u00a0 139 \u00a0 a \u00a0 143 \u00a0(traducci\u00f3n \u00a0no \u00a0oficial) \u00a0carpeta \u00a0anexa. \u00a0\u00a0<\/p>\n<p>2 \u00a0Folios 26 a 31 y 32 a 38 Ib\u00eddem. \u00a0\u00a0<\/p>\n<p>3 \u00a0Folios 1 y 2 cuaderno de la Corte. \u00a0\u00a0<\/p>\n<p>4 \u00a0Folios 20 a 22 carpeta anexa. \u00a0\u00a0<\/p>\n<p>5 \u00a0Folios 6 y 7 carpeta anexa. \u00a0\u00a0<\/p>\n<p>6 \u00a0Folio \u00a0 \u00a0 \u00a0 \u00a0 \u00a0 \u00a08 \u00a0 \u00a0 \u00a0 \u00a0 \u00a0 \u00a0Ib\u00eddem. \u00a0\u00a0<\/p>\n<p>7 \u00a0Folio \u00a0 \u00a0 \u00a0 \u00a0 \u00a0 \u00a014 \u00a0 \u00a0 \u00a0 \u00a0 \u00a0 \u00a0Ib\u00eddem. \u00a0\u00a0<\/p>\n<p>8 \u00a0Folio \u00a0 \u00a0 \u00a0 \u00a0 \u00a0 \u00a024 \u00a0 \u00a0 \u00a0 \u00a0 \u00a0 \u00a0Ib\u00eddem. \u00a0\u00a0<\/p>\n<p>9 Folio \u00a027 Ib\u00eddem. \u00a0\u00a0<\/p>\n<p>10 \u00a0Folio \u00a0 \u00a0 \u00a0 \u00a0 \u00a0 \u00a029 \u00a0 \u00a0 \u00a0 \u00a0 \u00a0 \u00a0Ib\u00eddem. \u00a0\u00a0<\/p>\n<p>11 \u00a0Folios 30 a 31 Ib\u00eddem. \u00a0\u00a0<\/p>\n<p>12 \u00a0Folios 35 a 49 Ib\u00eddem. \u00a0\u00a0<\/p>\n<p>13 \u00a0Folios \u00a0 \u00a0 \u00a0 64 \u00a0 \u00a0 \u00a0a \u00a0 \u00a0 \u00a072 \u00a0 \u00a0 \u00a0Ib\u00eddem. \u00a0\u00a0<\/p>\n<p>14 \u00a0Folios \u00a0 \u00a0 \u00a0 78 \u00a0 \u00a0 \u00a0a \u00a0 \u00a0 \u00a089 \u00a0 \u00a0 \u00a0Ib\u00eddem. \u00a0\u00a0<\/p>\n<p>15 \u00a0Folios \u00a0 \u00a0 \u00a090 \u00a0 \u00a0 \u00a0a \u00a0 \u00a0 \u00a0111 \u00a0 \u00a0 \u00a0Ib\u00eddem. \u00a0\u00a0<\/p>\n<p>16 \u00a0Folios 26 a 31, y 32 a 38 (traducci\u00f3n no oficial) carpeta anexa. \u00a0\u00a0<\/p>\n<p>17 \u00a0Folios \u00a0 134 \u00a0 a \u00a0 138, \u00a0 y \u00a0 139 \u00a0 a \u00a0 143 \u00a0(traducci\u00f3n \u00a0no \u00a0oficial) \u00a0carpeta \u00a0anexa. \u00a0\u00a0<\/p>\n<p>18 \u00a0Folios 45 a 51 y 89 a 95 Ib\u00eddem. \u00a0\u00a0<\/p>\n<p>19 \u00a0Folios 79 a 82, y 123 a 127 Ib\u00eddem. \u00a0\u00a0<\/p>\n<p>20 \u00a0Folios 70 a 73, y 114 a 117 Ib\u00eddem. \u00a0\u00a0<\/p>\n<p>21 \u00a0Folios 119 y 75 Ib\u00eddem. \u00a0\u00a0<\/p>\n<p>22 \u00a0Folios \u00a0 54 \u00a0 a \u00a0 68 \u00a0 y \u00a0 98 \u00a0 a \u00a0112 \u00a0Ib\u00eddem. \u00a0\u00a0<\/p>\n<p>23 \u00a0Folio 39 carpeta anexa. \u00a0\u00a0<\/p>\n<p>24 \u00a0Folios \u00a078 \u00a0a \u00a089 \u00a0cuaderno \u00a0de \u00a0la Corte. \u00a0\u00a0<\/p>\n<p>25 \u00a0Folio \u00a0 \u00a0 \u00a0 \u00a0 \u00a0 \u00a0104 \u00a0 \u00a0 \u00a0 \u00a0 \u00a0 Ib\u00eddem. \u00a0\u00a0<\/p>\n<p>26 \u00a0Ib\u00eddem. \u00a0\u00a0<\/p>\n<p>27 \u00a0Folios 70 a 73, y 114 a 117 Ib\u00eddem. \u00a0\u00a0<\/p>\n<p>28 \u00a0Art\u00edculo 495 de la Ley 906 de 2004. \u00a0\u00a0<\/p>\n<p>29 \u00a0Esta \u00a0regulaci\u00f3n \u00a0legal \u00a0resulta \u00a0aplicable \u00a0al caso en virtud del principio de \u00a0integraci\u00f3n \u00a0normativa \u00a0prevista \u00a0en \u00a0el \u00a0art\u00edculo \u00a025 \u00a0del \u00a0estatuto procesal \u00a0penal. \u00a0\u00a0<\/p>\n<p>30 \u00a0Folios 44 y 88 (traducci\u00f3n no oficial) carpeta anexa. \u00a0\u00a0<\/p>\n<p>31 \u00a0Folios \u00a0 \u00a0 \u00a0 43 \u00a0 \u00a0 \u00a0y \u00a0 \u00a0 \u00a087 \u00a0 \u00a0 \u00a0Ib\u00eddem. \u00a0\u00a0<\/p>\n<p>32 \u00a0Folios \u00a0 \u00a0 \u00a0 41 \u00a0 \u00a0 \u00a0y \u00a0 \u00a0 \u00a042 \u00a0 \u00a0 \u00a0Ib\u00eddem. \u00a0\u00a0<\/p>\n<p>33 \u00a0Folio 40 Carpeta anexa. \u00a0\u00a0<\/p>\n<p>34 \u00a0Folio 39 carpeta anexa. \u00a0\u00a0<\/p>\n<p>35 \u00a0Folios \u00a026 \u00a0a \u00a031, y 32 a 38 (traducci\u00f3n no oficial) \u00a0carpeta anexa. \u00a0\u00a0<\/p>\n<p>36 \u00a0Folios 2 a 3 carpeta anexa. \u00a0\u00a0<\/p>\n<p>37 \u00a0Folios 26 a 31, y 32 a 38 (traducci\u00f3n no oficial) carpeta anexa. \u00a0\u00a0<\/p>\n<p>38 \u00a0Folios 20 a 22 carpeta anexa. \u00a0\u00a0<\/p>\n<p>39 \u00a0Folio 10 Ib\u00eddem. \u00a0\u00a0<\/p>\n<p>40 \u00a0Folio 8 Ib\u00eddem. \u00a0\u00a0<\/p>\n<p>41 \u00a0Folio \u00a0 \u00a0 \u00a0 \u00a0 \u00a0 \u00a012 \u00a0 \u00a0 \u00a0 \u00a0 \u00a0 \u00a0Ib\u00eddem. \u00a0\u00a0<\/p>\n<p>42 \u00a0Folios 70 a 73, y 114 a 117 Ib\u00eddem. \u00a0\u00a0<\/p>\n<p>43 \u00a0Art\u00edculo \u00a0340. \u00a0(modificado por la Ley 733 de 2002, \u00a0art\u00edculo \u00a08\u00ba). Concierto \u00a0para \u00a0delinquir. Cuando varias personas se concierten \u00a0con \u00a0el \u00a0fin \u00a0de \u00a0cometer \u00a0delitos, cada una de ellas ser\u00e1 penada, por esa sola \u00a0conducta, con prisi\u00f3n de cuatro (4) a ciento ocho (108) meses. \u00a0\u00a0<\/p>\n<p>(Inciso \u00a02\u00ba modificado por la Ley 1121 de \u00a02006, \u00a0art\u00edculo \u00a019). \u00a0Cuando el concierto sea para \u00a0cometer \u00a0delitos \u00a0de \u00a0genocidio, \u00a0desaparici\u00f3n \u00a0forzada \u00a0de \u00a0personas, tortura, \u00a0desplazamiento \u00a0forzado, \u00a0homicidio, \u00a0terrorismo, \u00a0tr\u00e1fico \u00a0de drogas t\u00f3xicas, \u00a0estupefacientes \u00a0o \u00a0sustancias \u00a0sicotr\u00f3picas, \u00a0secuestro, \u00a0secuestro extorsivo, \u00a0extorsi\u00f3n, \u00a0enriquecimiento \u00a0il\u00edcito, \u00a0lavado \u00a0de \u00a0activos \u00a0o \u00a0testaferrato \u00a0y \u00a0conexos, \u00a0 o \u00a0 Financiamiento \u00a0del \u00a0Terrorismo \u00a0y \u00a0administraci\u00f3n \u00a0de \u00a0recursos \u00a0relacionados \u00a0con actividades terroristas, la pena ser\u00e1 de prisi\u00f3n de ocho (8) \u00a0a \u00a0dieciocho \u00a0(18) a\u00f1os y multa de dos mil setecientos (2700) hasta treinta mil \u00a0(30000) salarios m\u00ednimos legales mensuales vigentes. \u00a0\u00a0<\/p>\n<p>La \u00a0pena \u00a0privativa \u00a0de \u00a0la \u00a0libertad \u00a0se \u00a0aumentar\u00e1 \u00a0en \u00a0la \u00a0mitad \u00a0para quienes organicen, fomenten, promuevan, dirijan, \u00a0encabecen, constituyan o financien el concierto para delinquir. \u00a0\u00a0<\/p>\n<p>44 \u00a0Art\u00edculo \u00a0376. (modificado por la Ley 1453 de 2011, \u00a0art\u00edculo \u00a011). \u00a0Tr\u00e1fico, \u00a0fabricaci\u00f3n \u00a0o porte de \u00a0estupefacientes. \u00a0El \u00a0que \u00a0sin \u00a0permiso de autoridad \u00a0competente, \u00a0introduzca \u00a0al \u00a0pa\u00eds, \u00a0as\u00ed \u00a0sea \u00a0en \u00a0tr\u00e1nsito \u00a0o \u00a0saque \u00a0de \u00e9l, \u00a0transporte, \u00a0 lleve \u00a0 consigo, \u00a0almacene, \u00a0conserve, \u00a0elabore, \u00a0venda, \u00a0ofrezca, \u00a0adquiera, \u00a0financie \u00a0o \u00a0suministre a cualquier t\u00edtulo sustancia estupefaciente, \u00a0sicotr\u00f3pica \u00a0o drogas sint\u00e9ticas que se encuentren contempladas en los cuadros \u00a0uno, \u00a0dos, \u00a0tres \u00a0y \u00a0cuatro del Convenio de las Naciones Unidas sobre Sustancias \u00a0Sicotr\u00f3picas, \u00a0incurrir\u00e1 \u00a0en prisi\u00f3n de ciento veintiocho (128) a trescientos \u00a0sesenta \u00a0(360) \u00a0meses \u00a0y \u00a0multa \u00a0de \u00a0mil \u00a0trescientos treinta y cuatro (1.334) a \u00a0cincuenta \u00a0 mil \u00a0 (50.000) \u00a0 salarios \u00a0 m\u00ednimos \u00a0 legales \u00a0mensuales \u00a0vigentes. \u00a0\u00a0<\/p>\n<p>Si \u00a0la \u00a0cantidad de droga no excede de mil \u00a0(1.000) \u00a0gramos \u00a0de \u00a0marihuana, \u00a0doscientos \u00a0(200) gramos de hach\u00eds, cien (100) \u00a0gramos \u00a0de \u00a0coca\u00edna \u00a0o \u00a0de sustancia estupefaciente a base de coca\u00edna o veinte \u00a0(20) \u00a0gramos \u00a0de \u00a0derivados \u00a0de \u00a0la \u00a0amapola, \u00a0doscientos \u00a0(200) gramos de droga \u00a0sint\u00e9tica, \u00a0sesenta \u00a0(60) \u00a0gramos \u00a0de \u00a0nitrato de amilo, sesenta (60) gramos de \u00a0ketamina \u00a0y \u00a0GHB, \u00a0la \u00a0pena \u00a0ser\u00e1 \u00a0de sesenta y cuatro (64) a ciento ocho (108) \u00a0meses \u00a0de prisi\u00f3n y multa de dos (2) a ciento cincuenta (150) salarios m\u00ednimos \u00a0legales mensuales vigentes. \u00a0\u00a0<\/p>\n<p>Si la cantidad de droga excede los l\u00edmites \u00a0m\u00e1ximos \u00a0previstos \u00a0en el inciso anterior sin pasar de diez mil (10.000) gramos \u00a0de \u00a0marihuana, \u00a0tres \u00a0mil \u00a0(3.000) \u00a0gramos de hach\u00eds, dos mil (2.000) gramos de \u00a0coca\u00edna \u00a0o de sustancia estupefaciente a base de coca\u00edna o sesenta (60) gramos \u00a0de \u00a0derivados \u00a0de \u00a0la \u00a0amapola, \u00a0cuatro \u00a0mil (4.000) gramos de droga sint\u00e9tica, \u00a0quinientos \u00a0(500) \u00a0gramos \u00a0de \u00a0nitrato \u00a0de \u00a0amilo, \u00a0quinientos \u00a0(500) \u00a0gramos de \u00a0ketamina \u00a0y GHB, la pena ser\u00e1 de noventa y seis (96) a ciento cuarenta y cuatro \u00a0(144) \u00a0meses \u00a0de \u00a0prisi\u00f3n \u00a0y \u00a0multa \u00a0de \u00a0ciento \u00a0veinte \u00a0y \u00a0cuatro \u00a0(124) a mil \u00a0quinientos (1.500) salarios m\u00ednimos legales mensuales vigentes. \u00a0\u00a0<\/p>\n<p>45 \u00a0Conceptos \u00a0del \u00a08 \u00a0de \u00a0junio de 2005, Rad. No. 23293; \u00a0mayo \u00a03 de 2007, Rad. No. 26756; octubre 4 de 2009, Rad No. 31825; septiembre 30 \u00a0de 2009, Rad. Nos. 32226 y 32228. \u00a0\u00a0<\/p>\n<p>46 \u00a0Folios 79 a 82, y 123 a 127 Ib\u00eddem. \u00a0\u00a0<\/p>\n<p>47 \u00a0\u00ab&#8230;es \u00a0preciso \u00a0advertir \u00a0que \u00a0como \u00a0el \u00a0instrumento \u00a0de la extradici\u00f3n entre \u00a0Estados \u00a0Unidos \u00a0de \u00a0Am\u00e9rica \u00a0y Colombia se rige, en ausencia de un instrumento \u00a0internacional \u00a0que \u00a0regule \u00a0los \u00a0motivos \u00a0de procedencia, requisitos, tr\u00e1mite y \u00a0condiciones, \u00a0por las normas contenidas en la Constituci\u00f3n Pol\u00edtica (art\u00edculo \u00a035) \u00a0y \u00a0en el C\u00f3digo de Procedimiento Penal (art\u00edculos 508 a 533 de la Ley 600 \u00a0de \u00a02000), \u00a0cuando \u00a0recae \u00a0sobre \u00a0ciudadanos \u00a0colombianos \u00a0por nacimiento -si es \u00a0pasiva-, \u00a0es \u00a0imperioso \u00a0que el Gobierno Nacional haga las exigencias que estime \u00a0convenientes \u00a0en \u00a0aras \u00a0a \u00a0que en el pa\u00eds reclamante se le reconozcan todos los \u00a0derechos \u00a0y \u00a0garant\u00edas inherentes a su calidad de colombiano y de procesado, en \u00a0especial \u00a0las \u00a0contenidas \u00a0en \u00a0la Carta Fundamental y en el denominado bloque de \u00a0constitucionalidad, \u00a0es decir, en aquellos convenios internacionales ratificados \u00a0por \u00a0Colombia \u00a0que \u00a0consagran y desarrollan derechos humanos (art\u00edculo 93 de la \u00a0Constituci\u00f3n, \u00a0 Declaraci\u00f3n \u00a0 Universal \u00a0 de \u00a0 Derechos \u00a0Humanos, \u00a0Convenci\u00f3n \u00a0Americana \u00a0de \u00a0Derechos \u00a0Humanos, \u00a0Pacto \u00a0Internacional \u00a0de \u00a0Derechos \u00a0Civiles y \u00a0Pol\u00edticos), \u00a0en \u00a0virtud del deber de protecci\u00f3n a esos derechos que para todas \u00a0las autoridades p\u00fablicas emana del art\u00edculo 2\u00ba ib\u00eddem. \u00a0\u00a0<\/p>\n<p>Los \u00a0condicionamientos \u00a0en cuesti\u00f3n tienen \u00a0car\u00e1cter \u00a0imperioso, \u00a0porque \u00a0la \u00a0extradici\u00f3n \u00a0de \u00a0un ciudadano colombiano por \u00a0nacimiento, \u00a0cualquiera \u00a0sea \u00a0el \u00a0delito \u00a0que \u00a0dio lugar a su entrega a un pa\u00eds \u00a0extranjero, \u00a0no \u00a0implica \u00a0que \u00a0pierda su nacionalidad ni los derechos que le son \u00a0anejos \u00a0a \u00a0tal \u00a0calidad. \u00a0Por \u00a0tanto, el deber de protecci\u00f3n de las autoridades \u00a0colombianas \u00a0se \u00a0extiende \u00a0a \u00a0tal \u00a0punto, \u00a0que \u00a0han \u00a0de \u00a0vigilar que en el pa\u00eds \u00a0reclamante \u00a0se le respete los derechos y garant\u00edas tal como si fuese juzgado en \u00a0Colombia. \u00a0A lo que renuncia el Estado que accede a la entrega de un connacional \u00a0es \u00a0a \u00a0ejercer \u00a0su \u00a0soberan\u00eda \u00a0jurisdiccional, de modo que en tanto aqu\u00e9l siga \u00a0siendo \u00a0s\u00fabdito \u00a0de \u00a0Colombia, \u00a0conserva \u00a0a \u00a0su \u00a0favor todas las prerrogativas, \u00a0garant\u00edas \u00a0y \u00a0derechos \u00a0que emanan de la Constituci\u00f3n y la ley, en particular, \u00a0aquellos \u00a0que se relacionan con su calidad de procesado y que tienen que ver con \u00a0la dignidad humana\u00bb. \u00a0\u00a0<\/p>\n<p>(Concepto \u00a0de \u00a0Extradici\u00f3n del 05\/09\/2006, \u00a0rad. n\u00fam. 25625). \u00a0 \u00a0\u00a0<\/p>\n<p><\/p>\n","protected":false},"excerpt":{"rendered":"<p>\u00a0 \u00a0 \u00a0\u00a0\u00a0\u00a0\u00a0\u00a0\u00a0\u00a0\u00a0\u00a0\u00a0\u00a0\u00a0\u00a0\u00a0\u00a0\u00a0\u00a0\u00a0\u00a0\u00a0\u00a0\u00a0\u00a0\u00a0\u00a0\u00a0\u00a0 \u00a0 \u00a0\u00a0 CORTE SUPREMA DE JUSTICIA \u00a0 SALA DE CASACI\u00d3N PENAL \u00a0 EYDER \u00a0 \u00a0PATI\u00d1O \u00a0CABRERA \u00a0\u00a0 Magistrado \u00a0Ponente \u00a0\u00a0 CP054-2015 \u00a0 Radicaci\u00f3n \u00a0 \u00a0 N\u00b0 \u00a0 \u00a0 43800 \u00a0\u00a0 (Aprobado \u00a0Acta \u00a0N\u00b0 \u00a0 \u00a0175) \u00a0\u00a0 Bogot\u00e1 D.C., veinte (20) de mayo de dos mil \u00a0quince (2015). \u00a0\u00a0 MOTIVO DE LA DECISI\u00d3N [&hellip;]<\/p>\n","protected":false},"author":1,"featured_media":0,"comment_status":"open","ping_status":"open","sticky":false,"template":"","format":"standard","meta":{"footnotes":""},"categories":[23],"tags":[],"class_list":["post-32114","post","type-post","status-publish","format-standard","hentry","category-23"],"_links":{"self":[{"href":"https:\/\/dmsjuridica.com\/buscador_20179478954\/salapenalcronologico20230723\/wp-json\/wp\/v2\/posts\/32114","targetHints":{"allow":["GET"]}}],"collection":[{"href":"https:\/\/dmsjuridica.com\/buscador_20179478954\/salapenalcronologico20230723\/wp-json\/wp\/v2\/posts"}],"about":[{"href":"https:\/\/dmsjuridica.com\/buscador_20179478954\/salapenalcronologico20230723\/wp-json\/wp\/v2\/types\/post"}],"author":[{"embeddable":true,"href":"https:\/\/dmsjuridica.com\/buscador_20179478954\/salapenalcronologico20230723\/wp-json\/wp\/v2\/users\/1"}],"replies":[{"embeddable":true,"href":"https:\/\/dmsjuridica.com\/buscador_20179478954\/salapenalcronologico20230723\/wp-json\/wp\/v2\/comments?post=32114"}],"version-history":[{"count":0,"href":"https:\/\/dmsjuridica.com\/buscador_20179478954\/salapenalcronologico20230723\/wp-json\/wp\/v2\/posts\/32114\/revisions"}],"wp:attachment":[{"href":"https:\/\/dmsjuridica.com\/buscador_20179478954\/salapenalcronologico20230723\/wp-json\/wp\/v2\/media?parent=32114"}],"wp:term":[{"taxonomy":"category","embeddable":true,"href":"https:\/\/dmsjuridica.com\/buscador_20179478954\/salapenalcronologico20230723\/wp-json\/wp\/v2\/categories?post=32114"},{"taxonomy":"post_tag","embeddable":true,"href":"https:\/\/dmsjuridica.com\/buscador_20179478954\/salapenalcronologico20230723\/wp-json\/wp\/v2\/tags?post=32114"}],"curies":[{"name":"wp","href":"https:\/\/api.w.org\/{rel}","templated":true}]}}