{"id":32051,"date":"2023-09-13T17:32:04","date_gmt":"2023-09-13T17:32:04","guid":{"rendered":"https:\/\/dmsjuridica.com\/buscador_20179478954\/salapenalcronologico20230723\/2023\/09\/13\/ap983-2015-45390\/"},"modified":"2023-09-13T17:32:04","modified_gmt":"2023-09-13T17:32:04","slug":"ap983-2015-45390","status":"publish","type":"post","link":"https:\/\/dmsjuridica.com\/buscador_20179478954\/salapenalcronologico20230723\/2023\/09\/13\/ap983-2015-45390\/","title":{"rendered":"AP983-2015 (45390)"},"content":{"rendered":"\n<p>\u00a0 \u00a0 CORTE SUPREMA DE JUSTICIA \u00a0<\/p>\n<p>SALA DE CASACI\u00d3N PENAL \u00a0<\/p>\n<p>Eyder \u00a0 \u00a0Pati\u00f1o \u00a0Cabrera \u00a0\u00a0<\/p>\n<p>Magistrado \u00a0Ponente \u00a0\u00a0<\/p>\n<p>AP983-2015 \u00a0<\/p>\n<p>Radicaci\u00f3n No. 45.390 \u00a0<\/p>\n<p>(Aprobado Acta No. 77) \u00a0<\/p>\n<p>Bogot\u00e1, D.C., veinticinco (25) de febrero de \u00a0dos mil quince (2015). \u00a0\u00a0<\/p>\n<p>MOTIVO DE LA DECISI\u00d3N \u00a0<\/p>\n<p>La \u00a0Sala \u00a0se pronuncia sobre la solicitud de \u00a0cambio \u00a0de \u00a0radicaci\u00f3n \u00a0presentada \u00a0por la Fiscal 34 Especializada de la Unidad \u00a0Nacional \u00a0contra \u00a0el \u00a0Crimen \u00a0Organizado \u00a0de \u00a0Bogot\u00e1, \u00a0dentro \u00a0de la actuaci\u00f3n \u00a0adelantada \u00a0en \u00a0contra \u00a0de \u00a0Vicente Guillermo Alvarado \u00a0Cantor \u00a0por \u00a0los \u00a0delitos de concierto para delinquir, \u00a0apoderamiento \u00a0de \u00a0hidrocarburos, \u00a0sus \u00a0derivados, biocombustibles o mezclas que \u00a0los contengan y hurto calificado y agravado. \u00a0\u00a0<\/p>\n<p>HECHOS \u00a0 \u00a0 Y \u00a0 \u00a0FUNDAMENTOS \u00a0 \u00a0DE \u00a0 \u00a0LA \u00a0PETICI\u00d3N \u00a0\u00a0<\/p>\n<p>1. \u00a0 \u00a0El \u00a0 \u00a014 \u00a0 de \u00a0 agosto1 \u00a0 y \u00a024 \u00a0de \u00a0septiembre \u00a0 \u00a0 \u00a0 \u00a0 \u00a0 \u00a0 de \u00a0 \u00a0 \u00a0 \u00a0 \u00a0 \u00a020142, la Fiscal\u00eda 34 Especializada \u00a0de \u00a0la Unidad Nacional contra el Crimen Organizado de Bogot\u00e1, present\u00f3 escrito \u00a0de \u00a0acusaci\u00f3n en contra de Vicente Guillermo Alvarado \u00a0Cantor, \u00a0 \u00a0con \u00a0 \u00a0fundamento \u00a0 en \u00a0 los \u00a0 siguientes \u00a0hechos: \u00a0\u00a0<\/p>\n<p>(\u2026) \u00a0La presente investigaci\u00f3n se inicia \u00a0bajo \u00a0informaci\u00f3n \u00a0de fuente humana de fecha 06 de septiembre del a\u00f1o 2013, en \u00a0la \u00a0cual \u00a0se dio inicio a investigaci\u00f3n de una posible estructura delincuencial \u00a0dedicada \u00a0al \u00a0hurto \u00a0continuo \u00a0de \u00a0hidrocarburos y otros delitos conexos, en los \u00a0campos \u00a0petroleros \u00a0de campo QUIFA y campo RUBIALES ubicados en la jurisdicci\u00f3n \u00a0rural \u00a0del \u00a0Municipio \u00a0de \u00a0Puerto \u00a0Gait\u00e1n Meta, donde es v\u00edctima la compa\u00f1\u00eda \u00a0Pacific \u00a0Rubiales \u00a0Energy \u00a0y \u00a0su socio Gubernamental Ecopetrol, ello teniendo en \u00a0cuenta \u00a0que \u00a0la finalidad de la investigaci\u00f3n es hallar los responsables de los \u00a0hurtos \u00a0continuos \u00a0del \u00a0combustible tipo ACPM y FUEL-OIL, que se almacena en los \u00a0tanques \u00a0ubicados en las diferentes locaciones de los campos petroleros y dem\u00e1s \u00a0tanques \u00a0de \u00a0abastecimientos que es utilizado para el desarrollo de la actividad \u00a0petrolera, \u00a0en \u00a0especial para el funcionamiento para las plantas que producen la \u00a0generaci\u00f3n \u00a0de \u00a0electricidad \u00a0local que hacen que funcionen los cl\u00faster que se \u00a0ubican \u00a0en \u00a0los \u00a0pozos \u00a0y \u00a0que \u00a0son \u00a0los \u00a0que \u00a0extraen el petr\u00f3leo crudo, dicho \u00a0combustible \u00a0durante \u00a0los \u00a0\u00faltimos \u00a0a\u00f1os las cifras de hurto son exorbitantes, \u00a0debido \u00a0a \u00a0la alta explotaci\u00f3n de petr\u00f3leo en esa regi\u00f3n del pa\u00eds que aporta \u00a0el \u00a070% \u00a0de \u00a0la producci\u00f3n total a nivel nacional, permitiendo el desarrollo de \u00a0la \u00a0econom\u00eda \u00a0del \u00a0municipio \u00a0de \u00a0Puerto \u00a0Gait\u00e1n, \u00a0teniendo en cuenta que esta \u00a0industria \u00a0minero-energ\u00e9tica \u00a0demanda gran cantidad de mano de obra y el uso de \u00a0bienes \u00a0y servicios, lo cual ha ocasionado la migraci\u00f3n de una gran cantidad de \u00a0personas \u00a0provenientes \u00a0de \u00a0diferentes \u00a0partes del pa\u00eds, triplicando el \u00edndice \u00a0poblacional \u00a0de \u00a0la \u00a0localidad de Puerto Gait\u00e1n y en especial de las veredas de \u00a0la \u00a0zona de influencia directa correspondiente a puerto triunfo, sector conocido \u00a0como el oasis, y el porvenir entre otras veredas aleda\u00f1as. \u00a0\u00a0<\/p>\n<p>(\u2026) \u00a0<\/p>\n<p>Se establece que en la investigaci\u00f3n que el \u00a0se\u00f1or \u00a0VICENTE ALVARADO CANTOR, hace parte activa de la organizaci\u00f3n participa \u00a0activamente \u00a0en \u00a0hurto \u00a0combustible \u00a0y \u00a0cobre \u00a0propiedad \u00a0de \u00a0la empresa PACIFIC \u00a0RUBIALES \u00a0ENERGY, \u00a0colocando en peligro sin justa causa los bienes jur\u00eddicos de \u00a0la \u00a0seguridad \u00a0p\u00fablica \u00a0y \u00a0el \u00a0orden \u00a0econ\u00f3mico y social. Igualmente el se\u00f1or \u00a0ALVARADO \u00a0CANTOR, \u00a0ten\u00eda \u00a0la \u00a0capacidad \u00a0para \u00a0determinarse \u00a0de \u00a0acuerdo \u00a0a esa \u00a0comprensi\u00f3n. \u00a0Siendo exigible al se\u00f1or ALVARADO CANTOR una conducta diferente, \u00a0consiste \u00a0 (sic) \u00a0 en \u00a0no \u00a0ser \u00a0parte \u00a0activa \u00a0de \u00a0la \u00a0organizaci\u00f3n. \u00a0\u00a0<\/p>\n<p>(\u2026) \u00a0<\/p>\n<p>Los \u00a0 elementos \u00a0 materiales \u00a0de \u00a0prueba, \u00a0evidencias \u00a0f\u00edsicas \u00a0e \u00a0informaci\u00f3n legalmente recolectada, en su mayor\u00eda las \u00a0interceptaciones \u00a0de \u00a0comunicaciones \u00a0telef\u00f3nicas, \u00a0declaraciones, inspecciones \u00a0judiciales \u00a0y \u00a0evidencia documental y los informes del agente encubierto, que de \u00a0manera \u00a0contundente \u00a0y \u00a0fundada \u00a0hablan \u00a0de la participaci\u00f3n activa de el (sic) \u00a0se\u00f1or \u00a0VICENTE \u00a0GUILLERMO \u00a0ALVARADO\u00a0 \u00a0CANTOR \u00a0dedicada al apoderamiento de \u00a0hidrocarburos \u00a0y \u00a0cable \u00a0de cobre, concretamente en CAPOS DE QUIFA Y RUBIALES de \u00a0propiedad de la empresa PACIFIC RUBIALES ENERGY. \u00a0\u00a0<\/p>\n<p>2. \u00a0Las \u00a0diligencias \u00a0fueron \u00a0repartidas \u00a0al \u00a0Juzgado \u00a04\u00ba \u00a0Penal del Circuito Especializado de Villavicencio, cuyo titular el \u00a020 \u00a0 \u00a0 \u00a0 \u00a0de \u00a0 \u00a0 \u00a0 \u00a0enero \u00a0 \u00a0 \u00a0 \u00a0de \u00a0 \u00a0 \u00a0 20153, \u00a0al \u00a0momento \u00a0de \u00a0instalar la \u00a0audiencia \u00a0de \u00a0formulaci\u00f3n de acusaci\u00f3n, \u00a0le \u00a0otorg\u00f3 \u00a0el \u00a0uso \u00a0de \u00a0la \u00a0palabra \u00a0a la representante del ente \u00a0acusador, \u00a0quien \u00a0solicit\u00f3 \u00a0el \u00a0cambio \u00a0de \u00a0radicaci\u00f3n del expediente, por las \u00a0siguientes razones: \u00a0\u00a0<\/p>\n<p>2.1. \u00a0Indic\u00f3 \u00a0una \u00a0serie de inconsistencias \u00a0presentadas \u00a0al \u00a0momento \u00a0de \u00a0ser \u00a0citada \u00a0para \u00a0la vista p\u00fablica de acusaci\u00f3n \u00a0programada \u00a0para \u00a0el \u00a08 \u00a0de \u00a0octubre \u00a0de 2014, debido a que los funcionarios del \u00a0despacho \u00a0dejaron \u00a0constancia \u00a0de \u00a0enteramiento, \u00a0sin que efectivamente le hayan \u00a0informado sobre la realizaci\u00f3n de la misma. \u00a0\u00a0<\/p>\n<p>Precis\u00f3 \u00a0que \u00a0mediante \u00a0oficio \u00a0del \u00a012 \u00a0de \u00a0noviembre \u00a0 \u00a0 \u00a0 \u00a0de \u00a0 \u00a0 \u00a0 \u00a0esa \u00a0 \u00a0 \u00a0 anualidad4, \u00a0el \u00a0Investigador de la DIJIN \u00a0le \u00a0 indic\u00f3 \u00a0 que \u00a0 en \u00a0 esa \u00a0 fecha \u00a0 obtuvo \u00a0 informaci\u00f3n \u00a0 de \u00a0\u00abfuente \u00a0humana\u00bb \u00a0que \u00a0se \u00a0hace \u00a0llamar \u00a0\u00abPAEZ\u00bb, quien se\u00f1al\u00f3 que \u00a0varios \u00a0de \u00a0los \u00a0indiciados \u00a0vinculados \u00a0con \u00a0la investigaci\u00f3n refirieron tener \u00a0conocimiento \u00a0de los datos del agente encubierto, del polic\u00eda judicial del caso \u00a0y \u00a0de \u00a0la \u00a0representante \u00a0del \u00a0ente \u00a0acusador, \u00a0a \u00a0quienes deber\u00e1n \u00abcolaborar\u00bb \u00a0 o \u00a0 de \u00a0 lo \u00a0 contrario \u00a0atentar\u00edan contra la vida e integridad f\u00edsica de ellos. \u00a0\u00a0<\/p>\n<p>Adujo \u00a0 que \u00a0 el \u00a0 referido \u00a0 investigador \u00a0entrevist\u00f3 \u00a0al \u00a0agente \u00a0encubierto, quien le manifest\u00f3 que por los alrededores \u00a0de \u00a0la residencia de su progenitora y de otros familiares, estuvieron merodeando \u00a0dos \u00a0sujetos \u00a0en b\u00fasqueda de aqu\u00e9l. Dicha informaci\u00f3n fue corroborada por los \u00a0consangu\u00edneos \u00a0del \u00a0referido \u00a0agente, \u00a0al \u00a0punto \u00a0que \u00a0uno \u00a0de ellos alcanz\u00f3 a \u00a0escuchar \u00a0que \u00a0dichos \u00a0individuos \u00a0en \u00a0tono \u00a0amenazante \u00a0llegaron a se\u00f1alar que \u00a0\u00abla \u00a0Fiscal\u00eda \u00a0no \u00a0lo \u00a0va \u00a0a \u00a0proteger \u00a0[al \u00a0agente \u00a0encubierto] toda la vida\u00bb. \u00a0\u00a0<\/p>\n<p>Resalt\u00f3 que en vista de lo anterior, pidi\u00f3 \u00a0iniciar \u00a0los \u00a0tr\u00e1mites \u00a0pertinentes \u00a0a la Oficina de Protecci\u00f3n de V\u00edctimas y \u00a0Testigos \u00a0de \u00a0la Fiscal\u00eda General de la Naci\u00f3n, con el fin de evaluar el nivel \u00a0riesgo \u00a0 \u00a0de \u00a0 \u00a0ella, \u00a0 \u00a0los \u00a0 \u00a0testigos, \u00a0 \u00a0el \u00a0 investigador \u00a0 y \u00a0 el \u00a0 agente \u00a0encubierto. \u00a0\u00a0<\/p>\n<p>Refiri\u00f3 que los indiciados han se\u00f1alado en \u00a0los \u00a0 interrogatorios \u00a0que \u00a0varios \u00a0miembros \u00a0de \u00a0la \u00a0organizaci\u00f3n \u00a0han \u00a0tenido \u00a0relaci\u00f3n \u00a0con \u00a0el 6\u00ba Frente de las Fuerzas Armadas Revolucionarias de Colombia \u00a0(FARC), \u00a0en \u00a0especial \u00a0en \u00a0lo \u00a0que \u00a0tiene \u00a0que \u00a0ver con el manejo de tr\u00e1fico de \u00a0estupefacientes, lo cual demuestra la peligrosidad de aqu\u00e9llos. \u00a0\u00a0<\/p>\n<p>Por lo anteriormente expuesto, considera que \u00a0en \u00a0Villavicencio \u00a0\u00abla justicia no est\u00e1 en capacidad \u00a0de \u00a0 \u00a0ser \u00a0 \u00a0administrada \u00a0 \u00a0con \u00a0 \u00a0independencia \u00a0 \u00a0y \u00a0 \u00a0eficiencia, \u00a0por \u00a0las \u00a0circunstancias \u00a0que atentan \u00a0contra \u00a0las \u00a0garant\u00edas \u00a0procesales \u00a0de \u00a0v\u00edctimas \u00a0y \u00a0de \u00a0toda la comunidad, la \u00a0publicidad \u00a0y \u00a0sobre \u00a0todo \u00a0la seguridad e integridad de los testigos procesales \u00a0as\u00ed \u00a0 \u00a0 \u00a0 \u00a0como \u00a0 \u00a0 \u00a0 de \u00a0 \u00a0 \u00a0 funcionarios\u00bb5. \u00a0\u00a0<\/p>\n<p>2.2. El apoderado de las v\u00edctimas coadyuv\u00f3 \u00a0la \u00a0petici\u00f3n \u00a0de \u00a0la \u00a0represente \u00a0del \u00a0ente \u00a0acusador y resalt\u00f3 que al parecer \u00a0est\u00e1n \u00a0frente \u00a0a \u00a0una \u00a0compleja organizaci\u00f3n criminal dedicada, entre otros, a \u00a0operaciones \u00a0de \u00a0narcotr\u00e1fico en el Departamento del Meta, lo cual evidencia el \u00a0poder \u00a0econ\u00f3mico \u00a0y \u00a0delictivo \u00a0que \u00a0ostentan, \u00a0lo que puede verse reflejado de \u00a0forma negativa en el proceso penal. \u00a0\u00a0<\/p>\n<p>Se\u00f1al\u00f3 que adelantar la causa en la ciudad \u00a0de \u00a0 Villavicencio \u00a0representa \u00a0un \u00a0grave \u00a0peligro \u00a0para \u00a0la \u00a0seguridad \u00a0de \u00a0los \u00a0intervinientes, \u00a0quienes \u00a0estar\u00edan \u00a0en \u00a0la \u00a0zona \u00a0de \u00a0operaci\u00f3n de dicha banda \u00a0criminal, \u00a0cuyos \u00a0alcances \u00a0delictivos se pueden reflejar en el territorio donde \u00a0se debe adelantar el juicio. \u00a0\u00a0<\/p>\n<p>2.3. \u00a0El \u00a0defensor \u00a0del procesado manifest\u00f3 \u00a0estar \u00a0en \u00a0desacuerdo \u00a0con los fundamentos expuestos por la Fiscal\u00eda, ya que en \u00a0Villavicencio \u00a0se ha adelantado investigaciones de personas que un alto grado de \u00a0peligrosidad, \u00a0sin \u00a0que \u00a0los \u00a0Fiscales Especializados de esa ciudad soliciten el \u00a0cambio \u00a0 de \u00a0 radicaci\u00f3n \u00a0y \u00a0sin \u00a0que \u00a0las \u00a0partes \u00a0adviertan \u00a0alg\u00fan \u00a0tipo \u00a0de \u00a0amenaza. \u00a0\u00a0<\/p>\n<p>Se\u00f1al\u00f3 \u00a0que \u00a0en todo el pa\u00eds se encuentra \u00a0circunstancias \u00a0que \u00a0pueden \u00a0afectar orden p\u00fablico, ya que existe influencia de \u00a0movimientos \u00a0guerrilleros, \u00a0paramilitares \u00a0y \u00a0BACRIM. \u00a0Indic\u00f3 que de llegarse a \u00a0aceptar \u00a0dicha \u00a0circunstancia \u00a0se \u00a0tendr\u00eda que ordenar el traslado de todos los \u00a0jueces del Departamento del Meta. \u00a0\u00a0<\/p>\n<p>Adujo \u00a0 que \u00a0no \u00a0existe \u00a0ning\u00fan \u00a0tipo \u00a0de \u00a0pronunciamiento \u00a0o \u00a0actuaci\u00f3n que demuestre que el juez de conocimiento hubiese \u00a0afectado \u00a0su \u00a0imparcialidad \u00a0e \u00a0independencia, \u00a0m\u00e1xime \u00a0cuando \u00a0se observa que, \u00a0aunque \u00a0existi\u00f3 \u00a0dificultad \u00a0en \u00a0la notificaci\u00f3n de las diferentes diligencias \u00a0con \u00a0destino \u00a0a \u00a0la \u00a0representante \u00a0de \u00a0la \u00a0Fiscal\u00eda, \u00a0lo \u00a0cierto \u00a0es que dicho \u00a0funcionario reconoci\u00f3 el error y ofreci\u00f3 las excusas del caso. \u00a0\u00a0<\/p>\n<p>Rese\u00f1\u00f3 \u00a0que a su prohijado le vulnerar\u00edan \u00a0sus \u00a0garant\u00edas \u00a0procesales \u00a0si \u00a0el \u00a0proceso es trasladado de Bogot\u00e1, ya que su \u00a0familia \u00a0no \u00a0podr\u00eda \u00a0acompa\u00f1arlo \u00a0en \u00a0el \u00a0desarrollo \u00a0de la causa ni pagar los \u00a0vi\u00e1ticos que generar\u00eda sus viajes hasta dicha capital. \u00a0\u00a0<\/p>\n<p>Resalt\u00f3 \u00a0que \u00a0no \u00a0es \u00a0cierto \u00a0que \u00a0en \u00a0el \u00a0Departamento \u00a0del \u00a0Meta, \u00a0en \u00a0especial en Puerto Gait\u00e1n, exista la presencia de \u00a0grupos \u00a0guerrilleros, \u00a0ya que es de p\u00fablico conocimiento que en esa zona ejerce \u00a0poder e influencia las BACRIM. \u00a0\u00a0<\/p>\n<p>Adujo que seg\u00fan informaci\u00f3n de \u00abEl \u00a0Tiempo\u00bb, \u00a0Villavicencio \u00a0es una de \u00a0las \u00a0poblaciones \u00a0m\u00e1s \u00a0seguras del pa\u00eds, por encima de urbes m\u00e1s grandes como \u00a0Cali. \u00a0\u00a0<\/p>\n<p>A\u00f1adi\u00f3 \u00a0que \u00a0durante \u00a0todo \u00a0su \u00a0ejercicio \u00a0profesional \u00a0como defensor de Derechos Humanos, nunca ha sido objeto de amenazas \u00a0y, \u00a0en \u00a0el \u00a0caso \u00a0de \u00a0que \u00a0ello suceda, le corresponder\u00eda al Estado, como en el \u00a0presente \u00a0asunto, \u00a0proteger su integridad personal y las de todas las partes del \u00a0proceso. \u00a0\u00a0<\/p>\n<p>3. El titular del despacho orden\u00f3 enviar el \u00a0expediente \u00a0al Tribunal de Villavicencio, el que, a su vez, dispuso su remisi\u00f3n \u00a0a \u00a0la \u00a0Corte Suprema de Justicia, ya que la solicitud de la Fiscal\u00eda General de \u00a0la \u00a0Naci\u00f3n \u00a0est\u00e1 encaminada a cambiar la radicaci\u00f3n de las diligencias a otro \u00a0Distrito Judicial. \u00a0\u00a0<\/p>\n<p>CONSIDERACIONES \u00a0<\/p>\n<p>1. \u00a0De conformidad \u00a0con \u00a0 lo \u00a0 establecido \u00a0 en \u00a0 el \u00a0 numeral \u00a0 8\u00b0 \u00a0del \u00a0art\u00edculo \u00a0 32 \u00a0 de \u00a0la \u00a0Ley \u00a0906 \u00a0de \u00a02004, \u00a0la \u00a0Sala \u00a0de \u00a0Casaci\u00f3n \u00a0Penal de la Corte Suprema de Justicia es competente para decidir \u00a0sobre \u00a0 \u00a0 \u00a0 la \u00a0 \u00a0 \u00a0solicitud \u00a0 \u00a0 \u00a0presentada \u00a0 \u00a0 \u00a0por \u00a0 \u00a0 \u00a0la \u00a0 \u00a0 \u00a0Fiscal\u00eda, \u00a0toda \u00a0vez \u00a0que, \u00a0en \u00a0esencia, \u00a0pretende \u00a0que el asunto se tramite en un distrito \u00a0judicial \u00a0distinto \u00a0al \u00a0de \u00a0Villavicencio, donde hoy se adelanta. \u00a0\u00a0<\/p>\n<p>Antes \u00a0de \u00a0abordar \u00a0el \u00a0estudio de fondo del \u00a0asunto, \u00a0hay \u00a0que \u00a0destacar \u00a0que raz\u00f3n le asisti\u00f3 a la Sala Penal del Tribunal \u00a0Superior \u00a0de \u00a0Villavicencio cuando orden\u00f3 enviar la actuaci\u00f3n a la Corte, pues \u00a0si \u00a0bien \u00a0en \u00a0ese \u00a0distrito judicial existen otros Juzgados Penales del Circuito \u00a0Especializado, \u00a0lo \u00a0cierto es que est\u00e1n ubicados en la misma ciudad, raz\u00f3n por \u00a0cual \u00a0en el evento de que el asunto lo tramitara dicho Tribunal ning\u00fan rango de \u00a0movilidad territorial tendr\u00eda. \u00a0\u00a0<\/p>\n<p>2. \u00a0El \u00a0cambio \u00a0de \u00a0radicaci\u00f3n opera en los \u00a0casos \u00a0 \u00a0taxativamente \u00a0 \u00a0contemplados \u00a0 en \u00a0 el \u00a0 art\u00edculo \u00a0 46 \u00a0 ib\u00eddem, \u00a0esto \u00a0es, \u00a0cuando \u00a0en \u00a0el lugar \u00a0donde \u00a0se \u00a0est\u00e9 \u00a0adelantando \u00a0la actuaci\u00f3n procesal existan circunstancias que \u00a0puedan \u00a0afectar \u00a0el \u00a0orden \u00a0p\u00fablico, \u00a0la imparcialidad o la independencia de la \u00a0administraci\u00f3n \u00a0de \u00a0justicia, \u00a0las \u00a0garant\u00edas \u00a0procesales, \u00a0la \u00a0publicidad del \u00a0juzgamiento, \u00a0la \u00a0seguridad \u00a0o \u00a0integridad \u00a0personal \u00a0de \u00a0los intervinientes, en \u00a0especial de las v\u00edctimas, o de los servidores p\u00fablicos. \u00a0\u00a0<\/p>\n<p>3. \u00a0Es una medida de car\u00e1cter excepcional y \u00a0residual \u00a0a la que se acude cuando se demuestra que hay condiciones externas con \u00a0capacidad \u00a0suficiente \u00a0para \u00a0alterar \u00a0el \u00a0normal \u00a0desarrollo \u00a0del \u00a0proceso \u00a0y su \u00a0finalidad \u00a0es \u00a0asegurar \u00a0una \u00a0recta, \u00a0cumplida \u00a0y \u00a0eficiente \u00a0administraci\u00f3n de \u00a0justicia, \u00a0al \u00a0no \u00a0haber \u00a0otros \u00a0mecanismos \u00a0jur\u00eddicos \u00a0distintos \u00a0que permitan \u00a0neutralizar las causas extra\u00f1as que se invocan. \u00a0\u00a0<\/p>\n<p>4. \u00a0La \u00a0solicitud \u00a0ha \u00a0de \u00a0estar debidamente \u00a0sustentada \u00a0y \u00a0a \u00a0ella se acompa\u00f1ar\u00e1n los elementos cognoscitivos pertinentes, \u00a0por \u00a0parte \u00a0quien \u00a0la \u00a0suscribe, \u00a0ante el juez que est\u00e9 conociendo del proceso, \u00a0quien informar\u00e1 al superior competente para que decida. \u00a0\u00a0<\/p>\n<p>5. \u00a0En \u00a0el \u00a0caso \u00a0objeto \u00a0 \u00a0de \u00a0 \u00a0estudio, \u00a0 la \u00a0 Fiscal\u00eda \u00a0 34 \u00a0Especializada \u00a0de \u00a0la \u00a0Unidad \u00a0Nacional \u00a0contra \u00a0el \u00a0Crimen \u00a0Organizado \u00a0 \u00a0 \u00a0de \u00a0 \u00a0 \u00a0Bogot\u00e1 \u00a0 \u00a0 \u00a0fund\u00f3 \u00a0 su \u00a0petici\u00f3n \u00a0en los supuestos \u00a0actos \u00a0intimidatorios \u00a0ejercidos \u00a0en contra del agente \u00a0encubierto \u00a0y \u00a0en \u00a0la \u00a0informaci\u00f3n \u00a0brindada \u00a0por un \u00a0informante, \u00a0 \u00a0 \u00a0 \u00a0quien \u00a0 \u00a0 \u00a0 se\u00f1al\u00f3 \u00a0que \u00a0el \u00a0procesado \u00a0est\u00e1 dispuesto a \u00a0ejercer \u00a0las medidas necesarias para que la actuaci\u00f3n \u00a0se \u00a0adelante \u00a0a favor de sus intereses, al punto que ya tiene identificados a la \u00a0Fiscal, \u00a0 al \u00a0investigador \u00a0y \u00a0al \u00a0referido \u00a0agente. \u00a0\u00a0<\/p>\n<p>Aunado \u00a0a \u00a0lo anterior, indic\u00f3 \u00a0que \u00a0el \u00a0grupo \u00a0delincuencial \u00a0al \u00a0que \u00a0supuestamente \u00a0pertenece el \u00a0imputado, \u00a0 tiene \u00a0 \u00a0relaci\u00f3n \u00a0 directa \u00a0 con \u00a0 el \u00a06\u00ba \u00a0Frente de las Fuerzas Armadas Revolucionarias de \u00a0Colombia \u00a0 (FARC), \u00a0 el \u00a0 cual \u00a0 ejerce \u00a0 influencia \u00a0donde \u00a0 se \u00a0adelantan \u00a0las \u00a0diligencias. \u00a0\u00a0<\/p>\n<p>No obstante, tan solo se limit\u00f3 a mencionar \u00a0dicha \u00a0circunstancia \u00a0sin demostrar, siquiera sumariamente, la influencia armada \u00a0que \u00a0tiene \u00a0dicha \u00a0organizaci\u00f3n \u00a0en \u00a0el distrito judicial donde se encuentra la \u00a0causa, en especial en la ciudad de Villavicencio. \u00a0\u00a0<\/p>\n<p>La \u00a0representante \u00a0del ente acusador tampoco \u00a0indic\u00f3 \u00a0la \u00a0forma \u00a0en \u00a0que \u00a0esa \u00a0situaci\u00f3n \u00a0podr\u00eda afectar la imparcialidad o \u00a0independencia \u00a0de \u00a0la \u00a0administraci\u00f3n \u00a0justicia, \u00a0las garant\u00edas procesales, la \u00a0seguridad \u00a0o \u00a0integridad \u00a0personal \u00a0de \u00a0los \u00a0intervinientes, \u00a0en especial de las \u00a0v\u00edctimas, o de los servidores p\u00fablicos. \u00a0\u00a0<\/p>\n<p>En relaci\u00f3n con esta circunstancia, la Corte \u00a0ha \u00a0 manifestado \u00a0 que \u00a0\u201cla \u00a0influencia \u00a0de \u00a0grupos \u00a0ilegales \u00a0en diversas zonas del pa\u00eds, entre las que indudablemente se encuentra \u00a0(\u2026) \u00a0como \u00a0es \u00a0de \u00a0p\u00fablico \u00a0conocimiento, \u00a0no \u00a0constituye \u00a0de \u00a0suyo argumento \u00a0suficiente \u00a0para \u00a0variar \u00a0la \u00a0competencia territorial en este asunto como que el \u00a0riesgo, \u00a0que no debe ser simplemente latente porque entonces no habr\u00eda lugar de \u00a0la \u00a0geograf\u00eda \u00a0nacional apto para realizar la actividad judicial, no denota las \u00a0caracter\u00edsticas \u00a0 \u00a0 de \u00a0 \u00a0 inminencia \u00a0 \u00a0que \u00a0 \u00a0aconsejar\u00edan \u00a0 \u00a0adoptar \u00a0 \u00a0esa \u00a0decisi\u00f3n\u201d.(CSJ \u00a0 \u00a0AP, \u00a0 \u00a024 \u00a0 abr. \u00a0 2001, \u00a0 rad. \u00a018.124) \u00a0\u00a0<\/p>\n<p>Por \u00a0ello, \u00a0a\u00fan \u00a0cuando el Departamento del \u00a0Meta, \u00a0como \u00a0otras \u00a0zonas \u00a0del \u00a0pa\u00eds, han sufrido las incursiones de los grupos \u00a0ilegales, \u00a0es \u00a0claro que la afectaci\u00f3n del orden p\u00fablico al cual se refiere el \u00a0art\u00edculo \u00a046 de la Ley 906 de 2004, no apunta a toda eventual circunstancia que \u00a0produzca \u00a0zozobra \u00a0o \u00a0alarma \u00a0en \u00a0el \u00a0conglomerado social, sino a aquella que se \u00a0encuentre \u00a0 \u00a0directamente \u00a0 \u00a0relacionada \u00a0 \u00a0con \u00a0 \u00a0los \u00a0 \u00a0hechos \u00a0 \u00a0objeto \u00a0 del \u00a0juicio. \u00a0\u00a0<\/p>\n<p>De lo contrario, se llegar\u00eda a la irracional \u00a0conclusi\u00f3n \u00a0de \u00a0que \u00a0en las \u00e1reas de Colombia donde est\u00e1 deteriorado el orden \u00a0p\u00fablico \u00a0por \u00a0la \u00a0influencia \u00a0de \u00a0organizaciones al margen de la ley, no ser\u00eda \u00a0viable \u00a0mantener \u00a0inc\u00f3lume la competencia de los funcionarios judiciales por el \u00a0factor territorial (CSJ AP, 9 nov. 2006, rad. 26326). \u00a0\u00a0<\/p>\n<p>As\u00ed \u00a0las \u00a0cosas, \u00a0la \u00a0aspiraci\u00f3n \u00a0de \u00a0la \u00a0Fiscal\u00eda \u00a0General \u00a0de \u00a0la \u00a0Naci\u00f3n \u00a0no \u00a0est\u00e1 llamada a prosperar, ya que si la \u00a0remoci\u00f3n \u00a0del \u00a0proceso \u00a0tiene \u00a0por finalidad contrarrestar factores externos de \u00a0perturbaci\u00f3n \u00a0en \u00a0el \u00a0ejercicio \u00a0de la actividad judicial y la seguridad de las \u00a0partes \u00a0y \u00a0de los funcionarios o su integridad personal, tal como lo tiene dicho \u00a0la \u00a0Sala, \u00a0ante \u00a0la \u00a0orfandad \u00a0probatoria \u00a0que \u00a0rodea \u00a0la \u00a0presentaci\u00f3n \u00a0de los \u00a0argumentos \u00a0de \u00a0la \u00a0petici\u00f3n \u00a0que \u00a0hace, \u00a0no \u00a0es \u00a0posible \u00a0sopesar la verdadera \u00a0magnitud \u00a0de \u00a0las condiciones de inseguridad personal arg\u00fcida, desconoci\u00e9ndose \u00a0si \u00a0dichas circunstancias se derivan de una situaci\u00f3n generalizada de violencia \u00a0que \u00a0agobia \u00a0al \u00a0territorio \u00a0nacional, o provienen y tienen relaci\u00f3n vinculante \u00a0con los hechos objeto de juzgamiento. \u00a0\u00a0<\/p>\n<p>La \u00a0Sala reitera (CSJ AP, 14 mar. 2006, rad. \u00a025176; \u00a0CSJ AP, 21 sep. 2010, rad. 34987 y CSJ AP, 20 jun. 2012, rad. 39217) que \u00a0si \u00a0de \u00a0la seguridad personal de las partes se trata, am\u00e9n de corresponderle al \u00a0Estado \u00a0velar \u00a0por \u00a0ella, \u00a0a \u00a0trav\u00e9s de los organismos competentes (tal como lo \u00a0est\u00e1 \u00a0haciendo \u00a0la \u00a0Programa de V\u00edctimas y Testigos de la Fiscal\u00eda General de \u00a0la \u00a0Naci\u00f3n), por parte alguna aparece acreditada la conexidad evidente entre la \u00a0circunstancia \u00a0de \u00a0inseguridad \u00a0expuesta \u00a0por \u00a0la \u00a0peticionaria, con el tr\u00e1mite \u00a0procesal cuyo cambio de radicaci\u00f3n persigue. \u00a0\u00a0<\/p>\n<p>Tal variaci\u00f3n, solamente puede darse cuando \u00a0se \u00a0presentan \u00a0situaciones \u00a0extremas \u00a0en \u00a0las \u00a0cuales \u00a0el \u00a0orden p\u00fablico, o las \u00a0garant\u00edas, \u00a0la \u00a0seguridad \u00a0y \u00a0la \u00a0integridad de los intervinientes, v\u00edctimas o \u00a0servidores \u00a0p\u00fablicos \u00a0corren \u00a0serio \u00a0riesgo \u00a0de \u00a0afectaci\u00f3n, \u00a0lo \u00a0cual \u00a0no \u00a0se \u00a0encuentra plenamente demostrado en este asunto.\u00a0 \u00a0\u00a0<\/p>\n<p>Por \u00a0\u00faltimo, \u00a0la \u00a0Sala no observa que en al \u00a0interior \u00a0 \u00a0del \u00a0 proceso \u00a0 penal \u00a0 adelantado \u00a0 en \u00a0 contra \u00a0 de \u00a0 Vicente \u00a0Guillermo \u00a0Alvarado \u00a0Cantor, \u00a0el \u00a0Juzgado \u00a04\u00ba \u00a0Penal \u00a0del Circuito Especializado de Villavicencio haya desplegado \u00a0alg\u00fan \u00a0tipo de actuaci\u00f3n que comprometa su imparcialidad e independencia, pues \u00a0aunque \u00a0existi\u00f3 \u00a0inconvenientes \u00a0al \u00a0momento de ser citada la representante del \u00a0ente \u00a0 acusador, \u00a0 su \u00a0titular \u00a0reconoci\u00f3 \u00a0la \u00a0falta \u00a0y \u00a0orden\u00f3 \u00a0realizar \u00a0los \u00a0correctivos \u00a0necesarios para que aqu\u00e9lla fuera notificada en debida forma sobre \u00a0la ejecuci\u00f3n de las siguientes diligencias. \u00a0\u00a0<\/p>\n<p>Por \u00a0las \u00a0anteriores \u00a0consideraciones, \u00a0la \u00a0petici\u00f3n ser\u00e1 negada. \u00a0\u00a0<\/p>\n<p>En \u00a0m\u00e9rito de lo \u00a0expuesto, \u00a0la \u00a0CORTE \u00a0SUPREMA DE JUSTICIA, \u00a0 \u00a0SALA \u00a0 \u00a0DE \u00a0 CASACI\u00d3N PENAL, \u00a0\u00a0<\/p>\n<p>RESUELVE \u00a0<\/p>\n<p>Primero. Negar el \u00a0cambio \u00a0de \u00a0radicaci\u00f3n \u00a0del \u00a0proceso \u00a0adelantado \u00a0en \u00a0contra \u00a0 \u00a0 de \u00a0 \u00a0 Vicente \u00a0 \u00a0Guillermo \u00a0 \u00a0Alvarado \u00a0Cantor. \u00a0\u00a0<\/p>\n<p>Segundo. Remitir \u00a0la \u00a0actuaci\u00f3n al Juzgado 4\u00ba Penal del Circuito Especializado de Villavicencio, \u00a0para que contin\u00fae con el tr\u00e1mite. \u00a0\u00a0<\/p>\n<p>C\u00f3piese, \u00a0 \u00a0 \u00a0comun\u00edquese \u00a0 \u00a0 \u00a0y \u00a0c\u00famplase \u00a0\u00a0<\/p>\n<p>Jos\u00e9 Luis Barcel\u00f3 Camacho \u00a0<\/p>\n<p>Jos\u00e9 Leonidas Bustos Mart\u00ednez \u00a0<\/p>\n<p>Fernando Alberto Castro Caballero \u00a0<\/p>\n<p>Eugenio Fern\u00e1ndez Carlier \u00a0<\/p>\n<p>Mar\u00eda \u00a0 \u00a0del \u00a0 \u00a0Rosario \u00a0 \u00a0Gonz\u00e1lez \u00a0Mu\u00f1oz \u00a0\u00a0<\/p>\n<p>Gustavo Enrique Malo Fern\u00e1ndez \u00a0<\/p>\n<p>Eyder Pati\u00f1o Cabrera \u00a0<\/p>\n<p>Patricia Salazar Cu\u00e9llar \u00a0<\/p>\n<p>Luis Guillermo Salazar Otero \u00a0<\/p>\n<p>Nubia Yolanda Nova Garc\u00eda \u00a0<\/p>\n<p>Secretaria \u00a0 \u00a0<\/p>\n<p>1 Cfr. \u00a0Folios \u00a01 \u00a0a 11 \u2013 cuaderno \u00a0No. 1. \u00a0\u00a0<\/p>\n<p>2 Cfr. \u00a0Folios \u00a01 \u00a0a 10 \u2013 cuaderno \u00a0anexo No.1. \u00a0\u00a0<\/p>\n<p>3 Cfr. \u00a0Folios \u00a058 y 59 \u2013 cuaderno \u00a0No.1. \u00a0\u00a0<\/p>\n<p>4 Cfr. \u00a0Folios \u00a046 \u00a0\u2013 cuaderno No. \u00a02. \u00a0\u00a0<\/p>\n<p>5 Cfr. \u00a0Registro \u00a0de \u00a0audiencia \u00a0celebrada \u00a0el \u00a020 \u00a0de \u00a0enero \u00a0de \u00a02015. \u00a0Minuto 14:33 a \u00a014:49. \u00a0 \u00a0\u00a0<\/p>\n<p><\/p>\n","protected":false},"excerpt":{"rendered":"<p>\u00a0 \u00a0 CORTE SUPREMA DE JUSTICIA \u00a0 SALA DE CASACI\u00d3N PENAL \u00a0 Eyder \u00a0 \u00a0Pati\u00f1o \u00a0Cabrera \u00a0\u00a0 Magistrado \u00a0Ponente \u00a0\u00a0 AP983-2015 \u00a0 Radicaci\u00f3n No. 45.390 \u00a0 (Aprobado Acta No. 77) \u00a0 Bogot\u00e1, D.C., veinticinco (25) de febrero de \u00a0dos mil quince (2015). \u00a0\u00a0 MOTIVO DE LA DECISI\u00d3N \u00a0 La \u00a0Sala \u00a0se pronuncia sobre la solicitud [&hellip;]<\/p>\n","protected":false},"author":1,"featured_media":0,"comment_status":"open","ping_status":"open","sticky":false,"template":"","format":"standard","meta":{"footnotes":""},"categories":[23],"tags":[],"class_list":["post-32051","post","type-post","status-publish","format-standard","hentry","category-23"],"_links":{"self":[{"href":"https:\/\/dmsjuridica.com\/buscador_20179478954\/salapenalcronologico20230723\/wp-json\/wp\/v2\/posts\/32051","targetHints":{"allow":["GET"]}}],"collection":[{"href":"https:\/\/dmsjuridica.com\/buscador_20179478954\/salapenalcronologico20230723\/wp-json\/wp\/v2\/posts"}],"about":[{"href":"https:\/\/dmsjuridica.com\/buscador_20179478954\/salapenalcronologico20230723\/wp-json\/wp\/v2\/types\/post"}],"author":[{"embeddable":true,"href":"https:\/\/dmsjuridica.com\/buscador_20179478954\/salapenalcronologico20230723\/wp-json\/wp\/v2\/users\/1"}],"replies":[{"embeddable":true,"href":"https:\/\/dmsjuridica.com\/buscador_20179478954\/salapenalcronologico20230723\/wp-json\/wp\/v2\/comments?post=32051"}],"version-history":[{"count":0,"href":"https:\/\/dmsjuridica.com\/buscador_20179478954\/salapenalcronologico20230723\/wp-json\/wp\/v2\/posts\/32051\/revisions"}],"wp:attachment":[{"href":"https:\/\/dmsjuridica.com\/buscador_20179478954\/salapenalcronologico20230723\/wp-json\/wp\/v2\/media?parent=32051"}],"wp:term":[{"taxonomy":"category","embeddable":true,"href":"https:\/\/dmsjuridica.com\/buscador_20179478954\/salapenalcronologico20230723\/wp-json\/wp\/v2\/categories?post=32051"},{"taxonomy":"post_tag","embeddable":true,"href":"https:\/\/dmsjuridica.com\/buscador_20179478954\/salapenalcronologico20230723\/wp-json\/wp\/v2\/tags?post=32051"}],"curies":[{"name":"wp","href":"https:\/\/api.w.org\/{rel}","templated":true}]}}