{"id":31995,"date":"2023-09-13T17:32:02","date_gmt":"2023-09-13T17:32:02","guid":{"rendered":"https:\/\/dmsjuridica.com\/buscador_20179478954\/salapenalcronologico20230723\/2023\/09\/13\/ap915-2015-37174\/"},"modified":"2023-09-13T17:32:02","modified_gmt":"2023-09-13T17:32:02","slug":"ap915-2015-37174","status":"publish","type":"post","link":"https:\/\/dmsjuridica.com\/buscador_20179478954\/salapenalcronologico20230723\/2023\/09\/13\/ap915-2015-37174\/","title":{"rendered":"AP915-2015 (37174)"},"content":{"rendered":"\n<p>\u00a0 \u00a0 CORTE SUPREMA DE JUSTICIA \u00a0<\/p>\n<p>SALA DE CASACI\u00d3N PENAL \u00a0<\/p>\n<p>LUIS GUILLERMO SALAZAR OTERO \u00a0<\/p>\n<p>Magistrado ponente \u00a0<\/p>\n<p>AP915-2015 \u00a0<\/p>\n<p>Radicaci\u00f3n N\u00b0 37174 \u00a0<\/p>\n<p>(Aprobado Acta No.77) \u00a0<\/p>\n<p>Bogot\u00e1 D.C., veinticinco (25) de febrero de \u00a0dos mil quince (2015) \u00a0\u00a0<\/p>\n<p>ASUNTO: \u00a0<\/p>\n<p>Se \u00a0pronuncia la Sala sobre la solicitud que \u00a0hace \u00a0el \u00a0procesado, \u00a0coadyuvado \u00a0por su defensor, en el sentido de desistir del \u00a0recurso de casaci\u00f3n. \u00a0\u00a0<\/p>\n<p>ANTECEDENTES Y CONSIDERACIONES: \u00a0<\/p>\n<p>1. Mediante sentencia del 26 de abril de 2011 \u00a0el \u00a0Tribunal Superior de Antioquia confirm\u00f3 la proferida el 19 de abril de 2010 \u00a0por \u00a0 el \u00a0Juzgado \u00a0Adjunto \u00a0al \u00a0Primero \u00a0Penal \u00a0del \u00a0Circuito \u00a0Especializado \u00a0de \u00a0Antioquia, \u00a0a \u00a0trav\u00e9s \u00a0de \u00a0la \u00a0cual se conden\u00f3 a Leonardo de Jes\u00fas Suaza como \u00a0autor \u00a0responsable \u00a0del \u00a0delito de\u00a0 secuestro extorsivo agravado, a la pena \u00a0principal \u00a0de 28 a\u00f1os de prisi\u00f3n y multa equivalente a 5.000 salarios m\u00ednimos \u00a0mensuales legales. \u00a0\u00a0<\/p>\n<p>2. \u00a0Contra aquella el defensor del encausado \u00a0interpuso \u00a0el \u00a0recurso extraordinario de casaci\u00f3n que sustent\u00f3 con demanda que \u00a0fue \u00a0declarada \u00a0conforme \u00a0a \u00a0las \u00a0exigencias legales en auto del 12 de agosto de \u00a02011 \u00a0y en consecuencia de la misma se dio traslado al Ministerio P\u00fablico a fin \u00a0de que rindiera el concepto de rigor. \u00a0\u00a0<\/p>\n<p>3. Hall\u00e1ndose por tanto el asunto pendiente \u00a0de \u00a0que \u00a0la \u00a0Procuradur\u00eda \u00a0Delegada \u00a0emitiere \u00a0su opini\u00f3n, el procesado con la \u00a0coadyuvancia \u00a0de \u00a0su \u00a0defensor \u00a0manifest\u00f3 por escrito su intenci\u00f3n de desistir \u00a0del recurso extraordinario.\u00a0 \u00a0\u00a0<\/p>\n<p>4. Dada dicha petici\u00f3n, el art\u00edculo 230 del \u00a0C\u00f3digo \u00a0de \u00a0Procedimiento \u00a0Penal \u00a0(Ley \u00a0600de \u00a02000), \u00a0aplicable \u00a0a \u00a0este caso, \u00a0contempla \u00a0la \u00a0posibilidad \u00a0del \u00a0desistimiento del recurso de casaci\u00f3n antes de \u00a0que \u00a0la \u00a0Corte \u00a0lo \u00a0decida, \u00a0lo \u00a0cual \u00a0implica \u00a0que sea presentado por el sujeto \u00a0procesal \u00a0 que \u00a0 promovi\u00f3 \u00a0 tal \u00a0 impugnaci\u00f3n \u00a0 y \u00a0 de \u00a0 manera \u00a0previa \u00a0a \u00a0su \u00a0resoluci\u00f3n. \u00a0\u00a0<\/p>\n<p>Ac\u00e1, \u00a0 la \u00a0 manifestaci\u00f3n \u00a0 que \u00a0 hacen \u00a0coet\u00e1neamente \u00a0el \u00a0incriminado \u00a0y \u00a0su \u00a0defensor \u00a0se \u00a0ajusta \u00a0a \u00a0los \u00a0antedichos \u00a0presupuestos, \u00a0toda \u00a0vez \u00a0que \u00a0el \u00a0recurso \u00a0fue \u00a0interpuesto y sustentado por el \u00a0profesional \u00a0del derecho que hoy coadyuva la expresi\u00f3n del procesado de dar por \u00a0terminado \u00a0el tr\u00e1mite en esta sede, luego ninguna otra decisi\u00f3n procede que la \u00a0de admitir el desistimiento aludido. \u00a0\u00a0<\/p>\n<p>En \u00a0m\u00e9rito de lo expuesto, la CORTE SUPREMA \u00a0DE JUSTICIA, Sala de Casaci\u00f3n Penal, \u00a0\u00a0<\/p>\n<p>RESUELVE: \u00a0<\/p>\n<p>Aceptar \u00a0el desistimiento que del recurso de \u00a0casaci\u00f3n \u00a0present\u00f3 \u00a0el \u00a0procesado \u00a0Leonardo de Jes\u00fas Suaza, coadyuvado por su \u00a0defensor. \u00a0\u00a0<\/p>\n<p>Contra \u00a0 esta \u00a0 providencia \u00a0 no \u00a0proceden \u00a0recursos. \u00a0\u00a0<\/p>\n<p>C\u00f3piese, \u00a0 notif\u00edquese, \u00a0 c\u00famplase \u00a0 y \u00a0devu\u00e9lvase al tribunal de origen, \u00a0\u00a0<\/p>\n<p>JOS\u00c9 LUIS BARCEL\u00d3 CAMACHO \u00a0<\/p>\n<p>FERNANDO ALBERTO CASTRO CABALLERO \u00a0<\/p>\n<p>JOS\u00c9 LEONIDAS BUSTOS MART\u00cdNEZ \u00a0<\/p>\n<p>EUGENIO FERN\u00c1NDEZ CARLIER \u00a0<\/p>\n<p>MAR\u00cdA \u00a0 \u00a0 DEL \u00a0 \u00a0ROSARIO \u00a0 \u00a0GONZ\u00c1LEZ \u00a0MU\u00d1OZ \u00a0\u00a0<\/p>\n<p>GUSTAVO ENRIQUE MALO FERN\u00c1NDEZ \u00a0<\/p>\n<p>EYDER PATI\u00d1O CABRERA \u00a0<\/p>\n<p>PATRICIA SALAZAR CU\u00c9LLAR \u00a0<\/p>\n<p>LUIS GUILLERMO SALAZAR OTERO \u00a0<\/p>\n<p>NUBIA YOLANDA NOVA GARC\u00cdA \u00a0<\/p>\n<p>Secretaria \u00a0<\/p>\n<p>\u00a0 \u00a0\u00a0<\/p>\n<p><\/p>\n","protected":false},"excerpt":{"rendered":"<p>\u00a0 \u00a0 CORTE SUPREMA DE JUSTICIA \u00a0 SALA DE CASACI\u00d3N PENAL \u00a0 LUIS GUILLERMO SALAZAR OTERO \u00a0 Magistrado ponente \u00a0 AP915-2015 \u00a0 Radicaci\u00f3n N\u00b0 37174 \u00a0 (Aprobado Acta No.77) \u00a0 Bogot\u00e1 D.C., veinticinco (25) de febrero de \u00a0dos mil quince (2015) \u00a0\u00a0 ASUNTO: \u00a0 Se \u00a0pronuncia la Sala sobre la solicitud que \u00a0hace \u00a0el \u00a0procesado, [&hellip;]<\/p>\n","protected":false},"author":1,"featured_media":0,"comment_status":"open","ping_status":"open","sticky":false,"template":"","format":"standard","meta":{"footnotes":""},"categories":[23],"tags":[],"class_list":["post-31995","post","type-post","status-publish","format-standard","hentry","category-23"],"_links":{"self":[{"href":"https:\/\/dmsjuridica.com\/buscador_20179478954\/salapenalcronologico20230723\/wp-json\/wp\/v2\/posts\/31995","targetHints":{"allow":["GET"]}}],"collection":[{"href":"https:\/\/dmsjuridica.com\/buscador_20179478954\/salapenalcronologico20230723\/wp-json\/wp\/v2\/posts"}],"about":[{"href":"https:\/\/dmsjuridica.com\/buscador_20179478954\/salapenalcronologico20230723\/wp-json\/wp\/v2\/types\/post"}],"author":[{"embeddable":true,"href":"https:\/\/dmsjuridica.com\/buscador_20179478954\/salapenalcronologico20230723\/wp-json\/wp\/v2\/users\/1"}],"replies":[{"embeddable":true,"href":"https:\/\/dmsjuridica.com\/buscador_20179478954\/salapenalcronologico20230723\/wp-json\/wp\/v2\/comments?post=31995"}],"version-history":[{"count":0,"href":"https:\/\/dmsjuridica.com\/buscador_20179478954\/salapenalcronologico20230723\/wp-json\/wp\/v2\/posts\/31995\/revisions"}],"wp:attachment":[{"href":"https:\/\/dmsjuridica.com\/buscador_20179478954\/salapenalcronologico20230723\/wp-json\/wp\/v2\/media?parent=31995"}],"wp:term":[{"taxonomy":"category","embeddable":true,"href":"https:\/\/dmsjuridica.com\/buscador_20179478954\/salapenalcronologico20230723\/wp-json\/wp\/v2\/categories?post=31995"},{"taxonomy":"post_tag","embeddable":true,"href":"https:\/\/dmsjuridica.com\/buscador_20179478954\/salapenalcronologico20230723\/wp-json\/wp\/v2\/tags?post=31995"}],"curies":[{"name":"wp","href":"https:\/\/api.w.org\/{rel}","templated":true}]}}