{"id":31853,"date":"2023-09-13T17:39:34","date_gmt":"2023-09-13T17:39:34","guid":{"rendered":"https:\/\/dmsjuridica.com\/buscador_20179478954\/salapenalcronologico20230723\/2023\/09\/13\/ap7220-201546914\/"},"modified":"2023-09-13T17:39:34","modified_gmt":"2023-09-13T17:39:34","slug":"ap7220-201546914","status":"publish","type":"post","link":"https:\/\/dmsjuridica.com\/buscador_20179478954\/salapenalcronologico20230723\/2023\/09\/13\/ap7220-201546914\/","title":{"rendered":"AP7220-2015(46914)"},"content":{"rendered":"\n<p>\u00a0 \u00a0 CORTE SUPREMA DE JUSTICIA \u00a0<\/p>\n<p>SALA DE CASACI\u00d3N PENAL \u00a0<\/p>\n<p>PATRICIA SALAZAR CUELLAR \u00a0<\/p>\n<p>Magistrada Ponente \u00a0<\/p>\n<p>AP7220-2015 \u00a0<\/p>\n<p>Radicaci\u00f3n No. 46914 \u00a0<\/p>\n<p>Aprobado Acta No. 437 \u00a0<\/p>\n<p>\u00a0 \u00a0\u00a0 \u00a0\u00a0 \u00a0\u00a0Bogot\u00e1 \u00a0D.C.,\u00a0 \u00a0diez \u00a0(10) \u00a0de \u00a0diciembre \u00a0de \u00a0dos \u00a0mil quince \u00a0(2015). \u00a0\u00a0<\/p>\n<p>VISTOS \u00a0<\/p>\n<p>Se \u00a0pronuncia \u00a0la Corte sobre los recursos de \u00a0apelaci\u00f3n \u00a0incoados \u00a0por \u00a0el \u00a0Ministerio \u00a0P\u00fablico, \u00a0la \u00a0defensa y el postulado \u00a0JOS\u00c9 \u00a0 \u00a0MAR\u00cdA \u00a0 \u00a0GARC\u00cdA \u00a0 \u00a0ARIAS \u00a0 \u00a0contra \u00a0la decisi\u00f3n del 29 de septiembre de 2015, por cuyo medio un \u00a0Magistrado \u00a0de \u00a0Control de Garant\u00edas de Justicia y Paz del Tribunal Superior de \u00a0Bogot\u00e1 \u00a0deneg\u00f3 \u00a0la \u00a0sustituci\u00f3n de la medida de aseguramiento privativa de la \u00a0libertad. \u00a0\u00a0<\/p>\n<p>ANTECEDENTES \u00a0<\/p>\n<p>El \u00a028 \u00a0de \u00a0agosto \u00a0de \u00a02015 \u00a0el \u00a0defensor de \u00a0JOS\u00c9 \u00a0 \u00a0MAR\u00cdA \u00a0 \u00a0GARC\u00cdA \u00a0 \u00a0ARIAS \u00a0 \u00a0impetr\u00f3 \u00a0 por \u00a0 segunda \u00a0 vez \u00a0la \u00a0sustituci\u00f3n \u00a0de \u00a0la \u00a0medida \u00a0de \u00a0aseguramiento por encontrar reunidas las exigencias de orden legal. \u00a0\u00a0<\/p>\n<p>La \u00a0audiencia \u00a0se \u00a0llev\u00f3 \u00a0a \u00a0cabo \u00a0el 29 de \u00a0septiembre \u00a0y \u00a0en ella el peticionario expuso que JOS\u00c9 \u00a0MAR\u00cdA \u00a0GARC\u00cdA \u00a0ARIAS \u00a0est\u00e1 \u00a0privado \u00a0de la libertad \u00a0desde \u00a0el \u00a010 \u00a0de \u00a0septiembre de 2002, fue postulado por el Gobierno Nacional al \u00a0tr\u00e1mite \u00a0de Justicia y Paz el 30 de marzo de 2007, por manera que lleva m\u00e1s de \u00a08 a\u00f1os de reclusi\u00f3n contados desde esa \u00faltima fecha. \u00a0\u00a0<\/p>\n<p>Consider\u00f3 \u00a0 \u00a0reunidos \u00a0 los \u00a0 restantes \u00a0presupuestos \u00a0 legales \u00a0 por \u00a0 cuanto \u00a0 GARC\u00cdA \u00a0ARIAS \u00a0ha \u00a0contribuido \u00a0al esclarecimiento de la verdad, como \u00a0certific\u00f3 \u00a0la \u00a0Fiscal\u00eda \u00a0General de la Naci\u00f3n, no ha cometido delitos dolosos \u00a0con \u00a0posterioridad a la desmovilizaci\u00f3n y aunque no ha entregado bienes para la \u00a0reparaci\u00f3n \u00a0de \u00a0v\u00edctimas, \u00a0la \u00a0comandancia del Bloque Central Bol\u00edvar s\u00ed los \u00a0suministr\u00f3. \u00a0\u00a0<\/p>\n<p>Aport\u00f3 \u00a0certificaciones \u00a0de \u00a0buena conducta \u00a0correspondientes \u00a0a \u00a0todo \u00a0el \u00a0periodo \u00a0de \u00a0reclusi\u00f3n \u00a0y \u00a0de las actividades de \u00a0resocializaci\u00f3n \u00a0del a\u00f1o 2007, la cuales, en su opini\u00f3n, eran las \u00fanicas que \u00a0deb\u00eda allegar. \u00a0\u00a0<\/p>\n<p>\u00a0 \u00a0<\/p>\n<p>Finalmente, \u00a0a \u00a0efectos \u00a0de \u00a0materializar \u00a0la \u00a0sustituci\u00f3n \u00a0de \u00a0la \u00a0medida, \u00a0pidi\u00f3 \u00a0la \u00a0suspensi\u00f3n \u00a0de \u00a0las \u00a0condenas \u00a0impuestas \u00a0por \u00a0la justicia \u00a0ordinaria, \u00a0conforme \u00a0lo \u00a0dispone \u00a0el \u00a0art\u00edculo \u00a018B \u00a0de \u00a0la \u00a0Ley \u00a0975 de 2005. \u00a0\u00a0<\/p>\n<p>LA DECISI\u00d3N IMPUGNADA \u00a0<\/p>\n<p>Un \u00a0Magistrado \u00a0de \u00a0Control de Garant\u00edas de \u00a0Justicia \u00a0y \u00a0Paz \u00a0del Tribunal Superior de Bogot\u00e1, en audiencia celebrada el 29 \u00a0de \u00a0septiembre \u00a0de \u00a02015, deneg\u00f3 la sustituci\u00f3n impetrada por estar ausente el \u00a0requisito \u00a0contemplado en el numeral 2 del art\u00edculo 18 A de la Ley 975 de 2005, \u00a0por \u00a0cuanto \u00a0no \u00a0se allegaron certificaciones sobre la ejecuci\u00f3n de actividades \u00a0de resocializaci\u00f3n anteriores al a\u00f1o 2007. \u00a0\u00a0<\/p>\n<p>Consider\u00f3 \u00a0 que \u00a0 la \u00a0decisi\u00f3n \u00a0de \u00a0esta \u00a0Corporaci\u00f3n \u00a0del \u00a019 de agosto de 2015, por cuyo medio confirm\u00f3 la negativa de \u00a0sustituir \u00a0la \u00a0privaci\u00f3n \u00a0de \u00a0la \u00a0libertad \u00a0a \u00a0GARC\u00cdA \u00a0ARIAS, \u00a0precis\u00f3 que \u00abno se \u00a0aport\u00f3 \u00a0certificaci\u00f3n \u00a0sobre \u00a0la ejecuci\u00f3n de actividades de resocializaci\u00f3n \u00a0anteriores \u00a0 al \u00a0 a\u00f1o \u00a0 2008\u00bb, \u00a0 por \u00a0 manera \u00a0 que \u00a0deb\u00eda \u00a0 demostrarse \u00a0 la \u00a0ejecuci\u00f3n \u00a0 de \u00a0ese \u00a0tipo \u00a0de \u00a0acciones \u00a0en \u00a0todo \u00a0el \u00a0periodo \u00a0de \u00a0reclusi\u00f3n. \u00a0\u00a0<\/p>\n<p>En \u00a0 consecuencia, \u00a0 como \u00a0la \u00a0defensa \u00a0no \u00a0suministr\u00f3 \u00a0informaci\u00f3n \u00a0sobre \u00a0las \u00a0labores \u00a0desarrolladas en los a\u00f1os 2002, \u00a02003 \u00a0 y \u00a0 algunos \u00a0 meses \u00a0de \u00a02004, \u00a02006 \u00a0y \u00a02007, \u00a0deneg\u00f3 \u00a0la \u00a0sustituci\u00f3n \u00a0incoada. \u00a0\u00a0<\/p>\n<p>Contra \u00a0 esa \u00a0determinaci\u00f3n \u00a0el \u00a0defensor \u00a0present\u00f3 \u00a0como \u00a0principal recurso de reposici\u00f3n, el cual fue definido en forma \u00a0desfavorable. \u00a0As\u00ed \u00a0mismo, \u00a0el \u00a0postulado, \u00a0el \u00a0Ministerio Publico y la defensa \u00a0apelaron, siendo concedida la alzada a todos los impugnantes. \u00a0\u00a0<\/p>\n<p>\u00a0\u00a0 \u00a0<\/p>\n<p>LAS IMPUGNACIONES \u00a0<\/p>\n<p>La defensa considera \u00a0que \u00a0la \u00a0decisi\u00f3n \u00a0del 19 de agosto de 2015, proferida en segunda instancia por \u00a0la \u00a0Corte \u00a0Suprema de Justicia, s\u00f3lo exigi\u00f3 la acreditaci\u00f3n de actividades de \u00a0resocializaci\u00f3n \u00a0correspondientes \u00a0al \u00a0a\u00f1o 2007. En ese orden, agrega, aport\u00f3 \u00a0la \u00a0constancia \u00a0No. \u00a07728 \u00a0del \u00a06 \u00a0de \u00a0julio de 2007 por cuyo medio el Instituto \u00a0Nacional \u00a0 \u00a0Penitenciario \u00a0 \u00a0y \u00a0 \u00a0Carcelario \u00a0 \u00a0certific\u00f3 \u00a0 \u00a0que \u00a0 JOS\u00c9 \u00a0 MAR\u00cdA \u00a0GARC\u00cdA \u00a0ARIAS \u00a0particip\u00f3 \u00a0entre \u00a0los meses de enero a junio de 2007 en cursos de desarrollo humano durante \u00a0732 \u00a0horas; \u00a0en \u00a0los \u00a0restantes \u00a0meses \u00a0fue \u00a0trasladado \u00a0varias \u00a0veces \u00a0de\u00a0 \u00a0establecimiento \u00a0 carcelario, \u00a0 situaci\u00f3n \u00a0 que \u00a0 le \u00a0 impidi\u00f3 \u00a0realizar \u00a0esas \u00a0actividades. \u00a0\u00a0<\/p>\n<p>Por \u00a0dem\u00e1s, \u00a0demanda \u00a0ponderar \u00a0el material \u00a0probatorio \u00a0porque \u00a0ello \u00a0permitir\u00e1 advertir que JOS\u00c9 \u00a0MAR\u00cdA \u00a0 GARC\u00cdA \u00a0 ARIAS \u00a0 se \u00a0 ha \u00a0 preparado \u00a0 para \u00a0reincorporarse a la sociedad. \u00a0\u00a0<\/p>\n<p>El \u00a0postulado \u00a0se \u00a0pleg\u00f3 a los argumentos expuestos por su apoderado. \u00a0\u00a0<\/p>\n<p>El \u00a0 \u00a0Ministerio \u00a0 \u00a0P\u00fablico \u00a0considera \u00a0vulnerada \u00a0la \u00a0garant\u00eda fundamental de la libertad por \u00a0cuanto \u00a0est\u00e1n reunidas las exigencias contenidas en el art\u00edculo 18 A de la Ley \u00a0975 \u00a0de 2005 para autorizar la sustituci\u00f3n de la medida intramural, no obstante \u00a0lo cual la magistratura neg\u00f3 el derecho. \u00a0\u00a0<\/p>\n<p>Destaca \u00a0que la sanci\u00f3n m\u00e1xima en justicia \u00a0transicional \u00a0es de 8 a\u00f1os, lapso superado por GARC\u00cdA \u00a0ARIAS, \u00a0quien \u00a0fue \u00a0postulado al proceso de Justicia y \u00a0Paz \u00a0el \u00a030 \u00a0de marzo de 2007, por manera que no puede exig\u00edrsele constancia de \u00a0resocializaci\u00f3n con antelaci\u00f3n a esa fecha. \u00a0\u00a0<\/p>\n<p>LOS NO RECURRENTES \u00a0<\/p>\n<p>La \u00a0 Fiscal\u00eda \u00a0considera \u00a0 que \u00a0 el \u00a0peticionario \u00a0re\u00fane \u00a0los \u00a0presupuestos \u00a0para \u00a0obtener \u00a0la \u00a0sustituci\u00f3n \u00a0de \u00a0la \u00a0medida \u00a0de \u00a0aseguramiento privativa de la libertad, siendo \u00a0necesario \u00a0ponderar \u00a0el \u00a0tema \u00a0de \u00a0la \u00a0resocializaci\u00f3n porque de lo contario el \u00a0postulado \u00a0estar\u00eda sometido a prisi\u00f3n indefinida, pues no adelant\u00f3 labores de \u00a0ese orden en los primeros a\u00f1os de su detenci\u00f3n. \u00a0\u00a0<\/p>\n<p>El \u00a0representante \u00a0de \u00a0v\u00edctimas \u00a0manifiesta \u00a0no \u00a0tener \u00a0observaciones \u00a0sobre \u00a0el \u00a0tema \u00a0de \u00a0debate. \u00a0\u00a0<\/p>\n<p>CONSIDERACIONES DE LA CORTE \u00a0<\/p>\n<p>De \u00a0conformidad \u00a0con \u00a0lo \u00a0establecido \u00a0en el \u00a0par\u00e1grafo \u00a01 del art\u00edculo 26 de la Ley 975 de 2005, modificado por el canon 27 \u00a0de \u00a0la \u00a0Ley \u00a01592 \u00a0de \u00a02012, \u00a0en \u00a0concordancia \u00a0con el art\u00edculo 68 ib\u00eddem y con el numeral 3\u00b0 del art\u00edculo \u00a032 \u00a0de \u00a0la \u00a0Ley \u00a0906 \u00a0de \u00a02004, \u00a0esta \u00a0Colegiatura es competente para desatar el \u00a0recurso \u00a0 \u00a0 \u00a0 \u00a0 de \u00a0 \u00a0 \u00a0 \u00a0apelaci\u00f3n\u00a0 \u00a0 \u00a0 \u00a0 \u00a0 \u00a0 interpuesto \u00a0 contra \u00a0 la \u00a0 providencia \u00a0proferida \u00a0por \u00a0un Magistrado de Control de Garant\u00edas \u00a0de \u00a0la \u00a0Sala \u00a0de Justicia y Paz del Tribunal Superior de Bogot\u00e1, por cuyo medio \u00a0deneg\u00f3 \u00a0la \u00a0sustituci\u00f3n \u00a0de \u00a0la \u00a0medida de aseguramiento impetrada en favor de \u00a0JOS\u00c9 \u00a0 \u00a0 MAR\u00cdA \u00a0 \u00a0 GARC\u00cdA \u00a0 \u00a0 ARIAS. \u00a0\u00a0<\/p>\n<p>En \u00a0atenci\u00f3n \u00a0al \u00a0tema \u00a0debatido \u00a0en \u00a0los \u00a0recursos, \u00a0 la \u00a0 Sala \u00a0 est\u00e1 \u00a0 circunscrita \u00a0 a \u00a0 determinar \u00a0 si \u00a0JOS\u00c9 \u00a0MAR\u00cdA GARC\u00cdA ARIAS tiene derecho a \u00a0la \u00a0sustituci\u00f3n \u00a0de \u00a0la \u00a0medida \u00a0de \u00a0aseguramiento \u00a0por \u00a0una no privativa de la \u00a0libertad, \u00a0para \u00a0lo \u00a0cual debe verificarse el cumplimiento de las exigencias del \u00a0articulo 18 A de la Ley 975 de 2005. \u00a0\u00a0<\/p>\n<p>Es \u00a0un \u00a0hecho \u00a0aceptado \u00a0en \u00a0la \u00a0providencia \u00a0impugnada \u00a0que \u00a0el \u00a0postulado \u00a0acredit\u00f3 satisfactoriamente los supuestos de los \u00a0numerales \u00a01, \u00a03, \u00a04 \u00a0y \u00a05, \u00a0circunstancia \u00a0no \u00a0controvertida por ninguno de los \u00a0intervinientes. \u00a0\u00a0<\/p>\n<p>Lo \u00a0 \u00a0anterior \u00a0 \u00a0porque \u00a0 \u00a0JOS\u00c9 \u00a0MAR\u00cdA \u00a0GARC\u00cdA ARIAS perteneci\u00f3 al \u00a0frente \u00a0Casta\u00f1o \u00a0Gil \u00a0del \u00a0Bloque \u00a0Central \u00a0Bol\u00edvar; \u00a0fue \u00a0capturado \u00a0por \u00a0las \u00a0autoridades \u00a0el 10 de septiembre de 2002 e ingres\u00f3 a establecimiento carcelario \u00a0del \u00a0INPEC \u00a0el \u00a0d\u00eda \u00a019 \u00a0del mismo mes y a\u00f1o, siendo postulado por el Gobierno \u00a0Nacional al tr\u00e1mite transicional el 30 de marzo de 2007. \u00a0\u00a0<\/p>\n<p>Adem\u00e1s, \u00a0la \u00a0magistratura \u00a0de \u00a0Control \u00a0de \u00a0Garant\u00edas \u00a0de \u00a0Justicia \u00a0y Paz de Bucaramanga le impuso medida de aseguramiento \u00a0el \u00a024 \u00a0de enero de 2014 por los punibles de concierto para delinquir, homicidio \u00a0y \u00a0tortura \u00a0en \u00a0persona \u00a0protegida, \u00a0desplazamiento \u00a0forzado, \u00a0secuestro \u00a0simple \u00a0agravado, \u00a0 \u00a0destrucci\u00f3n \u00a0 y \u00a0 apropiaci\u00f3n \u00a0 de \u00a0 bienes \u00a0 protegidos, \u00a0 entre \u00a0otros1. \u00a0\u00a0<\/p>\n<p>Siendo \u00a0 \u00a0ello \u00a0 \u00a0as\u00ed, \u00a0 \u00a0GARC\u00cdA \u00a0ARIAS \u00a0cumple \u00a0con \u00a0el \u00a0requisito \u00a0temporal \u00a0establecido en la ley para acceder a la sustituci\u00f3n, con mayor raz\u00f3n \u00a0cuando \u00a0los \u00a0hechos \u00a0atribuidos \u00a0se \u00a0cometieron \u00a0durante \u00a0y \u00a0con \u00a0ocasi\u00f3n de su \u00a0pertenencia \u00a0al grupo armado organizado al margen de la ley, seg\u00fan verific\u00f3 la \u00a0magistratura \u00a0 \u00a0 \u00a0 \u00a0 \u00a0a \u00a0 \u00a0 \u00a0 \u00a0 quo.\u00a0\u00a0 \u00a0\u00a0<\/p>\n<p>La \u00a0discusi\u00f3n \u00a0se centra en el cumplimiento \u00a0del \u00a0segundo presupuesto del art\u00edculo 18A de la Ley 975 de 2005, por cuyo medio \u00a0el \u00a0postulado \u00a0debe \u00abhaber participado en actividades \u00a0de \u00a0resocializaci\u00f3n \u00a0disponibles, \u00a0si \u00a0estas \u00a0fueren ofrecidas por el Instituto \u00a0Nacional \u00a0Penitenciario \u00a0y \u00a0carcelario, \u00a0INPEC, \u00a0y haber obtenido certificado de \u00a0buena conducta\u00bb. \u00a0\u00a0<\/p>\n<p>El \u00a0precepto \u00a0transcrito \u00a0se \u00a0refiere \u00a0a dos \u00a0circunstancias \u00a0 diferentes \u00a0 que \u00a0 deben \u00a0demostrarse: \u00a0(i) \u00a0que \u00a0el \u00a0postulado \u00a0particip\u00f3 \u00a0en \u00a0las \u00a0actividades \u00a0de resocializaci\u00f3n disponibles, y (ii) que ha \u00a0tenido buena conducta. \u00a0\u00a0<\/p>\n<p>Frente \u00a0 al \u00a0 segundo \u00a0 t\u00f3pico \u00a0 ning\u00fan \u00a0cuestionamiento \u00a0 \u00a0se \u00a0 \u00a0formula \u00a0 \u00a0porque \u00a0 \u00a0la \u00a0 \u00a0defensa \u00a0 \u00a0de \u00a0 GARC\u00cdA \u00a0ARIAS \u00a0alleg\u00f3 \u00a0constancias sobre \u00a0los \u00a0trece \u00a0a\u00f1os de confinamiento en establecimientos carcelarios administrados \u00a0por \u00a0el \u00a0INPEC, \u00a0sin \u00a0que \u00a0le \u00a0figuren sanciones disciplinarias o cualquier otra \u00a0anotaci\u00f3n \u00a0que \u00a0indique \u00a0falencias \u00a0en \u00a0su \u00a0comportamiento, \u00a0el \u00a0cual \u00a0ha \u00a0sido \u00a0calificado como bueno o ejemplar. \u00a0\u00a0<\/p>\n<p>El disenso surge en torno a la ejecuci\u00f3n de \u00a0actividades \u00a0de \u00a0resocializaci\u00f3n, \u00a0en particular, sobre el momento a partir del \u00a0cual \u00a0resulta \u00a0exigible \u00a0al \u00a0postulado realizar ese tipo de labores orientadas a \u00a0preparar \u00a0su retorno a la comunidad, pues el magistrado \u00a0a \u00a0quo considera que el deber asiste en todo el periodo \u00a0de \u00a0reclusi\u00f3n, mientras que los impugnantes opinan que la obligaci\u00f3n surge con \u00a0la candidatizaci\u00f3n al proceso transicional. \u00a0\u00a0<\/p>\n<p>Pues bien, el Bloque Central Bol\u00edvar al que \u00a0perteneci\u00f3 \u00a0GARC\u00cdA ARIAS se \u00a0desmoviliz\u00f3 \u00a0 en \u00a0 forma \u00a0 colectiva \u00a0 el \u00a0 31 \u00a0de \u00a0enero \u00a0de \u00a020062, \u00e9poca en la \u00a0cual \u00a0el postulado se encontraba privado de la libertad con ocasi\u00f3n del proceso \u00a0adelantado \u00a0 por \u00a0 el \u00a0 homicidio \u00a0 de \u00a0 Carlos \u00a0Pinto \u00a0Ram\u00edrez3. \u00a0Mediante escrito radicado ante el Alto Comisionado para la Paz el \u00a028 \u00a0de \u00a0junio de 2006, manifest\u00f3 su voluntad de acogerse a la Ley de Justicia y \u00a0Paz, \u00a0hito temporal a partir del cual resulta razonable exigirle el cumplimiento \u00a0de \u00a0las \u00a0obligaciones derivadas de su decisi\u00f3n de incorporarse al procedimiento \u00a0de Justicia y Paz.\u00a0\u00a0 \u00a0\u00a0<\/p>\n<p>En \u00a0efecto, \u00a0los art\u00edculos 2.2.5.1.2.1.1. y \u00a02.2.5.1.2.1.2.\u00a0 \u00a0 del \u00a0Decreto \u00a01069 \u00a0de \u00a020154 \u00a0establecen \u00a0que \u00a0el \u00a0Gobierno \u00a0Nacional \u00a0es \u00a0el \u00a0encargado \u00a0de \u00a0postular \u00a0a \u00a0los \u00a0desmovilizados \u00a0colectivos \u00a0e \u00a0individuales \u00a0de \u00a0los \u00a0grupos \u00a0organizados \u00a0al \u00a0margen \u00a0de \u00a0la \u00a0ley \u00a0al tr\u00e1mite \u00a0transicional, \u00a0evento en el cual \u00abser\u00e1 necesario que \u00a0los \u00a0desmovilizados \u00a0hayan manifestado por escrito ante el Ministerio de Defensa \u00a0Nacional \u00a0su voluntad de ser postulados\u00a0 al procedimiento penal especial de \u00a0justicia \u00a0y \u00a0paz, \u00a0y \u00a0declaren \u00a0bajo \u00a0la gravedad del juramento su compromiso de \u00a0cumplir \u00a0con todos los requisitos previstos en la Ley 975 de 2005\u00bb.\u00a0\u00a0 \u00a0\u00a0<\/p>\n<p>En \u00a0esas \u00a0condiciones, \u00a0en \u00a0los \u00a0eventos \u00a0de \u00a0desmovilizaci\u00f3n \u00a0individual \u00a0de \u00a0personas \u00a0privadas de la libertad, el deber de \u00a0participar \u00a0 en \u00a0 \u00abactividades \u00a0de \u00a0resocializaci\u00f3n \u00a0disponibles\u00bb \u00a0se \u00a0adquiere \u00a0con \u00a0la decisi\u00f3n libre y \u00a0voluntaria \u00a0de \u00a0ingresar \u00a0al \u00a0proceso \u00a0de \u00a0Justicia y Paz porque a partir de ese \u00a0momento \u00a0se \u00a0comprometen \u00a0a \u00a0cumplir \u00a0las \u00a0exigencias incluidas en ese compendio \u00a0normativo, \u00a0 incluida \u00a0 la \u00a0 obligaci\u00f3n \u00a0 de \u00a0 participar \u00a0en \u00a0las \u00a0labores \u00a0de \u00a0readaptaci\u00f3n \u00a0ofrecidas \u00a0por \u00a0el \u00a0INPEC, \u00a0dado \u00a0el \u00a0compromiso de contribuir al \u00a0esclarecimiento \u00a0 de \u00a0 la \u00a0verdad, \u00a0a \u00a0la \u00a0reparaci\u00f3n \u00a0de \u00a0las \u00a0v\u00edctimas \u00a0y \u00a0a \u00a0materializar la garant\u00eda de no repetici\u00f3n. \u00a0\u00a0<\/p>\n<p>Siendo \u00a0ello as\u00ed, el requisito examinado se \u00a0satisface \u00a0 \u00a0 porque \u00a0 \u00a0 JOS\u00c9 \u00a0 \u00a0MAR\u00cdA \u00a0 \u00a0GARC\u00cdA \u00a0ARIAS, \u00a0en \u00a0procura de prepararse para reingresar a la \u00a0comunidad, \u00a0desarroll\u00f3 las siguientes tareas, seg\u00fan certificaciones allegadas: \u00a0\u00a0<\/p>\n<p>\u00a0\u00a0 \u00a0<\/p>\n<p>A\u00f1o \u00a0\u00a0 \u00a0 \u00a0 \u00a0 \u00a0 \u00a0<\/p>\n<p>Tiempo \u00a0certificado \u00a0\u00a0 \u00a0 \u00a0 \u00a0 \u00a0 \u00a0<\/p>\n<p>Actividad \u00a0<\/p>\n<p>2006 \u00a0\u00a0 \u00a0 \u00a0 \u00a0 \u00a0 \u00a0<\/p>\n<p>Diciembre, \u00a0114 horas, \u00a0Certificado No. 6777, fl 350 \u00a0\u00a0 \u00a0 \u00a0 \u00a0 \u00a0 \u00a0<\/p>\n<p>Trabajo \u00a0<\/p>\n<p>2007 \u00a0\u00a0 \u00a0 \u00a0 \u00a0 \u00a0 \u00a0<\/p>\n<p>Enero \u00a0a \u00a0junio, \u00a0732 \u00a0horas, Certificado No. 7728 \u00a0\u00a0 \u00a0 \u00a0 \u00a0 \u00a0 \u00a0<\/p>\n<p>Estudio IT y Desarrollo \u00a0Humano \u00a0<\/p>\n<p>2008 \u00a0\u00a0 \u00a0 \u00a0 \u00a0 \u00a0 \u00a0<\/p>\n<p>-Febrero-Marzo, \u00a092 \u00a0horas, Certificado No. 386214 \u00a0\u00a0<\/p>\n<p>-Febrero-marzo, \u00a0Certificado sin n\u00famero, folio 334. \u00a0\u00a0 \u00a0 \u00a0 \u00a0 \u00a0 \u00a0<\/p>\n<p>Trabajo \u00a0\u00a0<\/p>\n<p>Maderas \u00a0 \u00a0 \u00a0 \u00a0 \u00a0\u2013 \u00a0 \u00a0 \u00a0C\u00edrculos \u00a0 \u00a0 \u00a0Productividad \u00a0artesanal \u00a0<\/p>\n<p>2009 \u00a0\u00a0 \u00a0 \u00a0 \u00a0 \u00a0 \u00a0<\/p>\n<p>-Marzo \u00a0a \u00a0julio, \u00a0438 \u00a0horas, Certificado No. 386214; \u00a0\u00a0<\/p>\n<p>-Agosto-septiembre, \u00a0 \u00a0Certificado \u00a0 \u00a0No. \u00a0387057 \u00a0\u00a0 \u00a0 \u00a0 \u00a0 \u00a0 \u00a0<\/p>\n<p>Educaci\u00f3n \u00a0B\u00e1sica \u00a0\u00a0<\/p>\n<p>Educaci\u00f3n B\u00e1sica \u00a0<\/p>\n<p>2010 \u00a0\u00a0 \u00a0 \u00a0 \u00a0 \u00a0 \u00a0<\/p>\n<p>-Mayo a septiembre, 908 \u00a0horas, Certificado No. 389953 \u00a0\u00a0<\/p>\n<p>&#8211; \u00a0 \u00a0Octubre \u00a0 a \u00a0 noviembre, \u00a0 \u00a0624 \u00a0 \u00a0horas, \u00a0 \u00a0Certificado \u00a0 \u00a0No. \u00a011565100 \u00a0\u00a0<\/p>\n<p>-Diciembre, \u00a0Certificado sin n\u00famero, folio 334. \u00a0\u00a0 \u00a0 \u00a0 \u00a0 \u00a0 \u00a0<\/p>\n<p>-Brigada \u00a0 \u00a0de \u00a0limpieza \u00a0\u00a0<\/p>\n<p>-Brigada de limpieza \u00a0<\/p>\n<p>-Brigada de limpieza \u00a0<\/p>\n<p>2011 \u00a0\u00a0 \u00a0 \u00a0 \u00a0 \u00a0 \u00a0<\/p>\n<p>-Enero \u00a0a \u00a0marzo, \u00a0620 \u00a0Horas, \u00a0 Certificado \u00a0No. \u00a011565100 \u00a0\u00a0<\/p>\n<p>-Abril y mayo,\u00a0 Certificado sin n\u00famero, \u00a0folio 334. \u00a0\u00a0<\/p>\n<p>-Junio a Julio, Certificado sin n\u00famero, folio \u00a0334. \u00a0\u00a0<\/p>\n<p>-Enero a marzo (fl 335) \u00a0<\/p>\n<p>-Agosto \u00a0a \u00a0Febrero \u00a0de \u00a02012 \u00a0(folio \u00a0335) \u00a0\u00a0<\/p>\n<p>-Diciembre, 50 horas, fl 356 \u00a0<\/p>\n<p>-Julio, 30 horas, fl 357 \u00a0<\/p>\n<p>-Diciembre, 50 horas, fl 358 \u00a0<\/p>\n<p>-Septiembre \u00a0 a \u00a0 diciembre, \u00a0 468 \u00a0 horas, \u00a0Certificado No. 15147024 \u00a0\u00a0 \u00a0 \u00a0 \u00a0 \u00a0 \u00a0<\/p>\n<p>-Brigada \u00a0 \u00a0de \u00a0Limpieza \u00a0\u00a0<\/p>\n<p>-Brigada de limpieza \u00a0<\/p>\n<p>-Curso en artes y Oficios \u00a0<\/p>\n<p>-Crecimiento personal, psicosocial, programas \u00a0transversales \u00a0\u00a0<\/p>\n<p>-Educaci\u00f3n Formal \u00a0<\/p>\n<p>-T\u00e9cnicas \u00a0e \u00a0innovaci\u00f3n \u00a0aplicadas \u00a0a \u00a0la \u00a0elaboraci\u00f3n de velas. SENA. \u00a0\u00a0<\/p>\n<p>-Sensibilizaci\u00f3n \u00a0 \u00a0al \u00a0 emprendimiento, \u00a0SENA. \u00a0\u00a0<\/p>\n<p>&#8211; \u00a0 Dise\u00f1o \u00a0 y \u00a0 elaboraci\u00f3n \u00a0 de \u00a0velas, \u00a0SENA. \u00a0\u00a0<\/p>\n<p>-Educaci\u00f3n B\u00e1sica \u00a0<\/p>\n<p>2012 \u00a0\u00a0 \u00a0 \u00a0 \u00a0 \u00a0 \u00a0<\/p>\n<p>-Enero-Febrero y abril a \u00a0junio, 492 horas, Certificado No. 15262640 \u00a0\u00a0<\/p>\n<p>-Julio a septiembre, 300 horas Certificado No. \u00a015304240 \u00a0\u00a0<\/p>\n<p>-Octubre \u00a0a diciembre, 270 horas, Certificado \u00a0No. 15363176 \u00a0\u00a0<\/p>\n<p>-Abril, 90 horas, fl 355 \u00a0<\/p>\n<p>-Diciembre, 40 horas, fl 362 \u00a0<\/p>\n<p>-Septiembre, fl 367 \u00a0<\/p>\n<p>-Junio, 200 horas, fl 371 \u00a0 \u00a0 \u00a0 \u00a0 \u00a0 \u00a0<\/p>\n<p>-Educaci\u00f3n B\u00e1sica \u00a0\u00a0<\/p>\n<p>-Educaci\u00f3n B\u00e1sica \u00a0<\/p>\n<p>-Educaci\u00f3n B\u00e1sica \u00a0<\/p>\n<p>-Elaboraci\u00f3n \u00a0 Frutas \u00a0 extra \u00a0grandes \u00a0en \u00a0porcelana fr\u00eda, SENA. \u00a0\u00a0<\/p>\n<p>&#8211; Desarrollo principios y valores para la vida \u00a0y el trabajo, SENA \u00a0\u00a0<\/p>\n<p>-M\u00f3dulo Familia \u00a0<\/p>\n<p>-Diplomado \u00a0Integral \u00a0Derechos Humanos, DIH y \u00a0Justicia y Paz \u00a0<\/p>\n<p>2013 \u00a0\u00a0 \u00a0 \u00a0 \u00a0 \u00a0 \u00a0<\/p>\n<p>-Enero \u00a0a \u00a0marzo, \u00a0222 \u00a0horas, Certificado No. 15425722 \u00a0\u00a0<\/p>\n<p>-Octubre \u00a0Diciembre, \u00a0312 \u00a0horas, Certificado No. 15608752 \u00a0\u00a0<\/p>\n<p>-Febrero a septiembre (folio 335) \u00a0<\/p>\n<p>-Agosto, 30 horas, fl 366 \u00a0 \u00a0 \u00a0 \u00a0 \u00a0 \u00a0<\/p>\n<p>Educaci\u00f3n B\u00e1sica \u00a0\u00a0<\/p>\n<p>-Educaci\u00f3n B\u00e1sica \u00a0<\/p>\n<p>-Educaci\u00f3n Formal \u00a0<\/p>\n<p>-M\u00f3dulo Nueva vida \u00a0<\/p>\n<p>2014 \u00a0\u00a0 \u00a0 \u00a0 \u00a0 \u00a0 \u00a0<\/p>\n<p>-Enero \u00a0a \u00a0marzo, \u00a084 \u00a0horas, Certificado No. 15883461 \u00a0\u00a0<\/p>\n<p>&#8211; \u00a0Julio a septiembre, 438 Horas, Certificado \u00a0No. 15834152 \u00a0\u00a0<\/p>\n<p>&#8211; Mayo, folio 354 \u00a0 \u00a0 \u00a0 \u00a0 \u00a0 \u00a0<\/p>\n<p>-Telares \u00a0 \u00a0y \u00a0Tejidos \u00a0\u00a0<\/p>\n<p>-Bisuter\u00eda, Talleres y Tejidos \u00a0<\/p>\n<p>-M\u00f3dulo Sujeto Estado \u00a0<\/p>\n<p>2015 \u00a0\u00a0 \u00a0 \u00a0 \u00a0 \u00a0 \u00a0<\/p>\n<p>-Enero 13 a Febrero 20, \u00a016 horas \u00a0\u00a0<\/p>\n<p>-Enero \u00a0a \u00a0marzo, \u00a0264 horas, Certificado No. \u00a015949952 \u00a0\u00a0<\/p>\n<p>-Abril \u00a0a junio, 464 horas,\u00a0 Certificado \u00a0No. 16026803 \u00a0\u00a0 \u00a0 \u00a0 \u00a0 \u00a0 \u00a0<\/p>\n<p>-Programa \u00a0Especial de \u00a0Resocializaci\u00f3n para Postulados \u00a0\u00a0<\/p>\n<p>-Telares y tejidos \u00a0<\/p>\n<p>Telares y Tejidos \u00a0<\/p>\n<p>En \u00a0el \u00a0periodo \u00a0de reclusi\u00f3n anterior a su \u00a0vinculaci\u00f3n \u00a0 a \u00a0 Justicia \u00a0 y \u00a0 Paz, \u00a0GARC\u00cdA \u00a0ARIAS \u00a0tambi\u00e9n \u00a0realiz\u00f3 labores de readaptaci\u00f3n, aunque no \u00a0con \u00a0 la \u00a0 asiduidad \u00a0 observada \u00a0 luego \u00a0 de \u00a0 su \u00a0 vinculaci\u00f3n \u00a0 al \u00a0tr\u00e1mite \u00a0transicional5. \u00a0\u00a0<\/p>\n<p>De \u00a0esta \u00a0manera, la documentaci\u00f3n aportada \u00a0permite \u00a0evidenciar \u00a0su \u00a0compromiso \u00a0con \u00a0la \u00a0resocializaci\u00f3n, \u00a0dada la actitud \u00a0proactiva \u00a0orientada \u00a0a trabajar y estudiar al interior del penal la mayor parte \u00a0del tiempo que ha permanecido recluido. \u00a0\u00a0<\/p>\n<p>Y \u00a0aunque entre julio y diciembre de 2007 no \u00a0despleg\u00f3 \u00a0tareas \u00a0de ese orden, en ese periodo fue trasladado en tres ocasiones \u00a0a \u00a0efectos \u00a0de \u00a0cumplir citaciones judiciales, circunstancia no advertida por el \u00a0a \u00a0quo, \u00a0pero que explica su \u00a0pasividad \u00a0 \u00a0 \u00a0 \u00a0 en \u00a0 \u00a0 \u00a0 \u00a0 ese \u00a0 \u00a0 \u00a0 \u00a0lapso6. \u00a0\u00a0<\/p>\n<p>Por \u00a0dem\u00e1s, \u00a0la \u00a0Sala \u00a0ha \u00a0decantado que el \u00a0requisito \u00a0previsto para acceder a la sustituci\u00f3n de la medida de aseguramiento \u00a0privativa \u00a0de \u00a0la libertad no puede entenderse en el sentido de que el postulado \u00a0debe \u00a0haber \u00a0estado inscrito en actividades de estudio o trabajo durante el 100% \u00a0del \u00a0tiempo, \u00a0pues \u00a0ello har\u00eda nugatorio el derecho de acceder al beneficio. Lo \u00a0razonable \u00a0es \u00a0que el interesado lo haya hecho durante un lapso considerable que \u00a0permita \u00a0evidenciar \u00a0su \u00a0prop\u00f3sito \u00a0de \u00a0readaptarse a la vida civil7, \u00a0como ocurre \u00a0en el evento examinado. \u00a0\u00a0<\/p>\n<p>Conviene \u00a0aclarar que en el prove\u00eddo del 19 \u00a0de \u00a0agosto de 2015 la Sala no indic\u00f3 la necesidad de demostrar la ejecuci\u00f3n de \u00a0esas \u00a0tareas \u00a0en todo el lapso de reclusi\u00f3n de GARC\u00cdA \u00a0ARIAS, \u00a0pues \u00a0aunque \u00a0en la parte inicial se consign\u00f3 \u00a0que \u00a0 no \u00a0 \u00abse \u00a0 aport\u00f3 \u00a0certificaci\u00f3n \u00a0sobre \u00a0la \u00a0ejecuci\u00f3n \u00a0 \u00a0de \u00a0 \u00a0actividades \u00a0 de \u00a0 resocializaci\u00f3n \u00a0 anteriores \u00a0 al \u00a0 a\u00f1o \u00a02008\u00bb, \u00a0ello \u00a0obedeci\u00f3 \u00a0a la necesidad de resumir la \u00a0argumentaci\u00f3n \u00a0de \u00a0la \u00a0magistratura \u00a0de primera instancia, por manera que no se \u00a0trata de una conclusi\u00f3n de la Corporaci\u00f3n. \u00a0\u00a0<\/p>\n<p>Reunidos los presupuestos del art\u00edculo 18 A \u00a0de \u00a0la \u00a0Ley \u00a0975 \u00a0de \u00a02005, \u00a0se \u00a0ordenar\u00e1 \u00a0la \u00a0sustituci\u00f3n \u00a0de \u00a0la \u00a0medida \u00a0de \u00a0aseguramiento \u00a0de detenci\u00f3n preventiva en establecimiento carcelario por una no \u00a0privativa \u00a0de \u00a0la liberad, esto es, por el sometimiento al sistema de vigilancia \u00a0electr\u00f3nica \u00a0contemplado en el literal B, numeral 1 del art\u00edculo 307 de la Ley \u00a0906 \u00a0de \u00a02004, el cual implementar\u00e1 el INPEC una vez el postulado sea puesto en \u00a0libertad, \u00a0 siempre \u00a0 y \u00a0 cuando \u00a0 no \u00a0 sea \u00a0 requerido \u00a0 por \u00a0 otra \u00a0 autoridad \u00a0judicial. \u00a0\u00a0<\/p>\n<p>Previamente, \u00a0en los t\u00e9rminos del art\u00edculo \u00a02.2.5.1.2.4.3. \u00a0del Decreto 1069 de 2015, el postulado suscribir\u00e1 acta por cuyo \u00a0medio \u00a0se comprometa a: 1) Presentarse peri\u00f3dicamente ante el Tribunal Superior \u00a0de \u00a0Distrito \u00a0Judicial que corresponda y cuando sea solicitado por este o por la \u00a0Fiscal\u00eda \u00a0General \u00a0de \u00a0la \u00a0Naci\u00f3n; \u00a02) \u00a0Vincularse y cumplir con el proceso de \u00a0reintegraci\u00f3n \u00a0liderado \u00a0por \u00a0la \u00a0Agencia Colombiana para la Reintegraci\u00f3n; 3) \u00a0Informar\u00a0 \u00a0cualquier \u00a0cambio \u00a0de \u00a0residencia; \u00a04) \u00a0No \u00a0salir \u00a0del pa\u00eds sin \u00a0autorizaci\u00f3n \u00a0judicial; \u00a05) \u00a0Observar buena conducta; 6) No realizar conducta o \u00a0acto \u00a0que \u00a0atente \u00a0contra \u00a0los \u00a0derechos \u00a0de las v\u00edctimas; 7) No tener o portar \u00a0armas \u00a0de \u00a0fuego de defensa personal o de uso privativo de las fuerza militares; \u00a08) \u00a0Abstenerse \u00a0de \u00a0aproximarse \u00a0a \u00a0las \u00a0v\u00edctimas \u00a0y\/o a los integrantes de sus \u00a0grupos \u00a0familiares; 9) Portar el sistema de vigilancia electr\u00f3nica.\u00a0\u00a0 \u00a0\u00a0<\/p>\n<p>El \u00a0incumplimiento de estas obligaciones y\/o \u00a0de \u00a0la \u00a0normatividad \u00a0de \u00a0Justicia \u00a0y \u00a0Paz \u00a0conllevar\u00e1 \u00a0la \u00a0revocatoria \u00a0de \u00a0la \u00a0sustituci\u00f3n de la medida de aseguramiento. \u00a0\u00a0<\/p>\n<p>Como el tema de la suspensi\u00f3n condicional de \u00a0la \u00a0ejecuci\u00f3n \u00a0de \u00a0las \u00a0penas impuestas a JOS\u00c9 MAR\u00cdA \u00a0GARC\u00cdA \u00a0 ARIAS \u00a0por \u00a0la \u00a0justicia \u00a0ordinaria \u00a0no \u00a0fue \u00a0abordado \u00a0por \u00a0la \u00a0magistratura \u00a0de \u00a0primera \u00a0instancia, \u00a0la \u00a0Sala devolver\u00e1 la \u00a0actuaci\u00f3n \u00a0para \u00a0que \u00a0se \u00a0pronunci\u00e9 respecto de la solicitud de la defensa, en \u00a0los t\u00e9rminos del art\u00edculo 18B de la Ley 975 de 2005. \u00a0\u00a0<\/p>\n<p>En \u00a0tal sentido, la Corte llama la atenci\u00f3n \u00a0del \u00a0magistrado a quo para que \u00a0en \u00a0lo \u00a0sucesivo se pronuncie sobre todos los aspectos que deben tratarse en esa \u00a0audiencia, \u00a0incluida \u00a0la \u00a0suspensi\u00f3n \u00a0de \u00a0las \u00a0penas \u00a0dictadas \u00a0por la justicia \u00a0ordinaria, \u00a0en \u00a0tanto la omisi\u00f3n de manifestarse sobre algunos t\u00f3picos retarda \u00a0injustificadamente \u00a0la resoluci\u00f3n del asunto en desmedro de los derechos de las \u00a0partes \u00a0e \u00a0intervinientes, \u00a0y de la celeridad y eficiencia de la administraci\u00f3n \u00a0de justicia.\u00a0\u00a0 \u00a0\u00a0<\/p>\n<p>Por \u00faltimo, la Sala precisa que el postulado \u00a0queda \u00a0a \u00a0disposici\u00f3n del Juzgado Segundo de Ejecuci\u00f3n de Penas de Bucaramanga \u00a0hasta \u00a0que \u00a0la \u00a0magistratura transicional concept\u00fae sobre la suspensi\u00f3n de las \u00a0sanciones impuestas por la justicia ordinaria. \u00a0\u00a0<\/p>\n<p>En \u00a0m\u00e9rito de lo expuesto, la CORTE SUPREMA \u00a0DE JUSTICIA, SALA DE CASACI\u00d3N PENAL, \u00a0\u00a0<\/p>\n<p>RESUELVE: \u00a0<\/p>\n<p>1. \u00a0 REVOCAR \u00a0la \u00a0decisi\u00f3n \u00a0del \u00a029 de septiembre de 2015 emitida por un Magistrado de Justicia y \u00a0Paz \u00a0 del \u00a0 Tribunal \u00a0 Superior \u00a0 de \u00a0 Bogot\u00e1, \u00a0 conforme \u00a0 a \u00a0 los \u00a0argumentos \u00a0expuestos. \u00a0\u00a0<\/p>\n<p>2. \u00a0SUSTITUIR \u00a0la \u00a0medida \u00a0 de \u00a0 aseguramiento \u00a0 preventiva \u00a0 en \u00a0 establecimiento \u00a0carcelario \u00a0por \u00a0sometimiento \u00a0al sistema de vigilancia electr\u00f3nica del literal B, numeral 1 del \u00a0art\u00edculo \u00a0307 \u00a0de la Ley 906 de 2004, la cual implementar\u00e1 el INPEC una vez el \u00a0postulado \u00a0sea \u00a0puesto \u00a0en \u00a0libertad, siempre y cuando no sea requerido por otra \u00a0autoridad \u00a0judicial. Suscribir\u00e1 diligencia de compromiso en los t\u00e9rminos y con \u00a0las advertencias indicadas. \u00a0\u00a0<\/p>\n<p>3. \u00a0DEVOLVER \u00a0la \u00a0actuaci\u00f3n \u00a0 \u00a0al \u00a0 \u00a0magistrado \u00a0 \u00a0a \u00a0 quo \u00a0para \u00a0que \u00a0se \u00a0pronunci\u00e9 \u00a0respecto \u00a0de la solicitud de la defensa \u00a0orientada \u00a0 \u00a0a \u00a0 \u00a0suspender \u00a0 \u00a0las \u00a0 \u00a0penas \u00a0 \u00a0impuestas \u00a0 \u00a0por \u00a0 \u00a0la \u00a0 justicia \u00a0ordinaria. \u00a0En consecuencia, \u00a0el \u00a0postulado queda a disposici\u00f3n del Juzgado Segundo de Ejecuci\u00f3n de Penas de \u00a0Bucaramanga \u00a0hasta \u00a0que \u00a0la \u00a0magistratura \u00a0transicional \u00a0culmine el tr\u00e1mite del \u00a0art\u00edculo 18B de la Ley 975 de 2005. \u00a0\u00a0<\/p>\n<p>Contra esta decisi\u00f3n no procede el recurso \u00a0alguno. Devu\u00e9lvase la actuaci\u00f3n al Tribunal de origen. \u00a0\u00a0<\/p>\n<p>Notif\u00edquese y C\u00famplase \u00a0<\/p>\n<p>JOS\u00c9 LUIS BARCEL\u00d3 CAMACHO \u00a0<\/p>\n<p>JOS\u00c9 LEONIDAS BUSTOS MART\u00cdNEZ \u00a0<\/p>\n<p>FERNANDO ALBERTO CASTRO CABALLERO \u00a0<\/p>\n<p>EUGENIO FERN\u00c1NDEZ CARLIER \u00a0<\/p>\n<p>GUSTAVO ENRIQUE MALO FERN\u00c1NDEZ \u00a0<\/p>\n<p>EYDER PATI\u00d1O CABRERA \u00a0<\/p>\n<p>PATRICIA SALAZAR CUELLAR \u00a0<\/p>\n<p>LUIS GUILLERMO SALAZAR OTERO \u00a0<\/p>\n<p>NUBIA YOLANDA NOVA GARC\u00cdA \u00a0<\/p>\n<p>Secretaria \u00a0<\/p>\n<p>\u00a0 \u00a0\u00a0<\/p>\n<p>1 Cfr. \u00a0Certificaci\u00f3n \u00a0de \u00a0la Fiscal\u00eda 41 Delegada ante el Tribunal de Justicia y Paz, \u00a0folio 165. \u00a0\u00a0<\/p>\n<p>2 Cfr. \u00a0http:\/\/www.citpaxobservatorio.org\/. \u00a0La \u00a0estructura se estableci\u00f3 en la zona de \u00a0ubicaci\u00f3n \u00a0temporal \u00a0&#8220;La \u00a0Granja&#8221; \u00a0ubicada \u00a0en el corregimiento de Buena Vista, \u00a0municipio \u00a0de \u00a0Santa \u00a0Rosa del Sur, departamento de Bol\u00edvar. Durante el proceso \u00a0se \u00a0desmovilizaron 2519 combatientes, se entregaron 1.094 armas -893 largas, 131 \u00a0cortas \u00a0y \u00a070 \u00a0de \u00a0apoyo-, \u00a066.725 \u00a0unidades \u00a0de \u00a0munici\u00f3n, \u00a0299 explosivos y 6 \u00a0materiales de comunicaci\u00f3n. \u00a0\u00a0<\/p>\n<p>3 Cfr. \u00a0Folio 168. \u00a0\u00a0<\/p>\n<p>4 \u00a0Estatuto \u00a0que \u00a0recopil\u00f3 toda la normatividad reglamentaria del sector justicia, \u00a0entre ellos el Decreto 3011 de 2013. \u00a0\u00a0<\/p>\n<p>5 Entre \u00a0diciembre \u00a0de \u00a02004 \u00a0y \u00a0julio \u00a0de \u00a02005, \u00a0trabaj\u00f3 1520 horas en mantenimiento y \u00a0reciclaje \u00a0 \u00a0 \u00a0(folio \u00a0 \u00a0 \u00a0349).\u00a0\u00a0\u00a0\u00a0\u00a0\u00a0\u00a0\u00a0 \u00a0\u00a0<\/p>\n<p>6 Cfr. \u00a0Certificaci\u00f3n \u00a0del \u00a018 \u00a0de \u00a0marzo de 2015, folio 158. Le figuran los siguientes \u00a0traslados \u00a0por \u00a0remisi\u00f3n \u00a0judicial \u00a0en el a\u00f1o 2007: De Gir\u00f3n a Bucaramanga en \u00a0octubre; \u00a0 de \u00a0 Bucaramanga \u00a0a \u00a0Barrancabermeja \u00a0en \u00a0diciembre; \u00a0de \u00a0Barranca \u00a0a \u00a0Bucaramanga en el mismo mes.\u00a0 \u00a0\u00a0<\/p>\n<p>7 Cfr. \u00a0Prove\u00eddo AP3623-2015. \u00a0 \u00a0\u00a0<\/p>\n<p><\/p>\n","protected":false},"excerpt":{"rendered":"<p>\u00a0 \u00a0 CORTE SUPREMA DE JUSTICIA \u00a0 SALA DE CASACI\u00d3N PENAL \u00a0 PATRICIA SALAZAR CUELLAR \u00a0 Magistrada Ponente \u00a0 AP7220-2015 \u00a0 Radicaci\u00f3n No. 46914 \u00a0 Aprobado Acta No. 437 \u00a0 \u00a0 \u00a0\u00a0 \u00a0\u00a0 \u00a0\u00a0Bogot\u00e1 \u00a0D.C.,\u00a0 \u00a0diez \u00a0(10) \u00a0de \u00a0diciembre \u00a0de \u00a0dos \u00a0mil quince \u00a0(2015). \u00a0\u00a0 VISTOS \u00a0 Se \u00a0pronuncia \u00a0la Corte sobre los recursos de [&hellip;]<\/p>\n","protected":false},"author":1,"featured_media":0,"comment_status":"open","ping_status":"open","sticky":false,"template":"","format":"standard","meta":{"footnotes":""},"categories":[23],"tags":[],"class_list":["post-31853","post","type-post","status-publish","format-standard","hentry","category-23"],"_links":{"self":[{"href":"https:\/\/dmsjuridica.com\/buscador_20179478954\/salapenalcronologico20230723\/wp-json\/wp\/v2\/posts\/31853","targetHints":{"allow":["GET"]}}],"collection":[{"href":"https:\/\/dmsjuridica.com\/buscador_20179478954\/salapenalcronologico20230723\/wp-json\/wp\/v2\/posts"}],"about":[{"href":"https:\/\/dmsjuridica.com\/buscador_20179478954\/salapenalcronologico20230723\/wp-json\/wp\/v2\/types\/post"}],"author":[{"embeddable":true,"href":"https:\/\/dmsjuridica.com\/buscador_20179478954\/salapenalcronologico20230723\/wp-json\/wp\/v2\/users\/1"}],"replies":[{"embeddable":true,"href":"https:\/\/dmsjuridica.com\/buscador_20179478954\/salapenalcronologico20230723\/wp-json\/wp\/v2\/comments?post=31853"}],"version-history":[{"count":0,"href":"https:\/\/dmsjuridica.com\/buscador_20179478954\/salapenalcronologico20230723\/wp-json\/wp\/v2\/posts\/31853\/revisions"}],"wp:attachment":[{"href":"https:\/\/dmsjuridica.com\/buscador_20179478954\/salapenalcronologico20230723\/wp-json\/wp\/v2\/media?parent=31853"}],"wp:term":[{"taxonomy":"category","embeddable":true,"href":"https:\/\/dmsjuridica.com\/buscador_20179478954\/salapenalcronologico20230723\/wp-json\/wp\/v2\/categories?post=31853"},{"taxonomy":"post_tag","embeddable":true,"href":"https:\/\/dmsjuridica.com\/buscador_20179478954\/salapenalcronologico20230723\/wp-json\/wp\/v2\/tags?post=31853"}],"curies":[{"name":"wp","href":"https:\/\/api.w.org\/{rel}","templated":true}]}}