{"id":31839,"date":"2023-09-13T17:31:58","date_gmt":"2023-09-13T17:31:58","guid":{"rendered":"https:\/\/dmsjuridica.com\/buscador_20179478954\/salapenalcronologico20230723\/2023\/09\/13\/ap714-201545347\/"},"modified":"2023-09-13T17:31:58","modified_gmt":"2023-09-13T17:31:58","slug":"ap714-201545347","status":"publish","type":"post","link":"https:\/\/dmsjuridica.com\/buscador_20179478954\/salapenalcronologico20230723\/2023\/09\/13\/ap714-201545347\/","title":{"rendered":"AP714-2015(45347)"},"content":{"rendered":"\n<p>\u00a0 \u00a0 CORTE SUPREMA DE JUSTICIA \u00a0<\/p>\n<p>SALA DE CASACI\u00d3N PENAL \u00a0<\/p>\n<p>GUSTAVO ENRIQUE MALO FERN\u00c1NDEZ \u00a0<\/p>\n<p>Magistrado ponente \u00a0<\/p>\n<p>AP714-2015 \u00a0<\/p>\n<p>Radicado N\u00b0 45347. \u00a0<\/p>\n<p>Aprobado acta No. 61. \u00a0<\/p>\n<p>Bogot\u00e1, \u00a0D.C., diecisiete (17) de febrero de \u00a0dos mil quince (2015). \u00a0\u00a0<\/p>\n<p>V \u00a0 \u00a0I \u00a0 \u00a0S \u00a0 T \u00a0 O \u00a0S \u00a0\u00a0<\/p>\n<p>De conformidad con lo que establece el numeral \u00a04 \u00a0del \u00a0art\u00edculo \u00a032 \u00a0de \u00a0la \u00a0Ley \u00a0906 \u00a0de \u00a02004, \u00a0la \u00a0Corte define de plano la \u00a0competencia \u00a0para \u00a0conocer \u00a0del \u00a0proceso \u00a0seguido \u00a0en \u00a0el \u00a0caso \u00a0de Juan \u00a0Ra\u00fal \u00a0Cavadia Ib\u00e1\u00f1ez, Augusto \u00a0 Buelvas \u00a0 Oviedo, \u00a0Kevin \u00a0Enrique Villar Pe\u00f1ate, Yeiners \u00a0David Guerra Guzm\u00e1n, Rafael \u00a0Enrique \u00a0Polo Pacheco, Arnol \u00a0 \u00a0Andr\u00e9s \u00a0 \u00a0Ibarg\u00fcen \u00a0 Argumedo, \u00a0V\u00edctor \u00a0 \u00a0Alfredo \u00a0 \u00a0Padilla \u00a0 \u00a0Oviedo, \u00a0 \u00a0 \u00a0Jorge \u00a0 \u00a0 \u00a0Eduardo \u00a0 \u00a0 \u00a0Puentes \u00a0Andrade, Delvis Manuel Tirado \u00a0Reyes, \u00a0Edison Stith Puentes \u00a0Andrade, \u00a0 Weimar \u00a0 Hernay \u00a0Altamar \u00a0 Jim\u00e9nez, \u00a0Wilson \u00a0Quintero \u00a0 Grisales, \u00a0Jouver \u00a0Riascos \u00a0Licona, Roberto Argel \u00a0Rodelo, \u00a0Javier \u00a0Jos\u00e9 Pe\u00f1a \u00a0Agua \u00a0 y \u00a0 Jos\u00e9 \u00a0 Vicente \u00a0Calder\u00f3n \u00a0Buitrago, \u00a0contra \u00a0quienes \u00a0la Fiscal\u00eda 31 \u00a0Especializada \u00a0de \u00a0la \u00a0Unidad \u00a0Nacional \u00a0contra \u00a0bandas \u00a0emergentes \u00a0con sede en \u00a0Bogot\u00e1, \u00a0present\u00f3 \u00a0escrito \u00a0de \u00a0acusaci\u00f3n por los delitos de hurto calificado \u00a0agravado, \u00a0 concierto \u00a0para \u00a0delinquir \u00a0agravado, \u00a0prevaricato \u00a0por \u00a0omisi\u00f3n \u00a0y \u00a0concusi\u00f3n. \u00a0\u00a0<\/p>\n<p>\u00a0 ANTECEDENTES \u00a0\u00a0<\/p>\n<p>En el escrito de acusaci\u00f3n se narraron como \u00a0se transcribe a continuaci\u00f3n: \u00a0\u00a0<\/p>\n<p>La \u00a0 investigaci\u00f3n \u00a0adelantada \u00a0por \u00a0este \u00a0despacho \u00a0y la cual tiene su origen el d\u00eda 28 de mayo de 2013, en donde se puso \u00a0en \u00a0conocimiento \u00a0a \u00a0trav\u00e9s \u00a0de denuncia instaurada por el se\u00f1or YUNAIL OROZCO \u00a0L\u00d3PEZ \u00a0identificado \u00a0con \u00a0la \u00a0c\u00e9dula \u00a0de \u00a0ciudadan\u00eda \u00a0n\u00famero \u00a010\u2019952.857 \u00a0de \u00a0Planeta \u00a0Rica (C\u00f3rdoba), \u00a0quien \u00a0se \u00a0desempe\u00f1a \u00a0como \u00a0patrullero en la Polic\u00eda Nacional del municipio de \u00a0Planeta \u00a0Rica \u00a0(C\u00f3rdoba) \u00a0para \u00a0la \u00a0\u00e9poca, \u00a0y \u00a0en \u00a0la \u00a0cual \u00a0manifiesta \u00a0tener \u00a0conocimiento \u00a0acerca \u00a0de \u00a0una \u00a0organizaci\u00f3n \u00a0delincuencial dedicada al hurto de \u00a0residencias, \u00a0establecimientos \u00a0de \u00a0comercio, \u00a0bancos, \u00a0estaciones \u00a0de servicio, \u00a0entre \u00a0otros, \u00a0dicha \u00a0organizaci\u00f3n \u00a0estar\u00eda \u00a0conformada por funcionarios de la \u00a0Polic\u00eda \u00a0Nacional \u00a0con \u00a0la colaboraci\u00f3n de algunos civiles, quienes al parecer \u00a0son \u00a0miembros \u00a0de \u00a0bandas \u00a0criminales \u00a0que \u00a0delinquen \u00a0en la regi\u00f3n de la costa \u00a0Caribe colombiana. \u00a0\u00a0<\/p>\n<p>Mediante \u00a0 las \u00a0 diferentes \u00a0 actividades \u00a0investigativas, \u00a0esto \u00a0es \u00a0interceptaciones \u00a0de \u00a0abonados \u00a0celulares, \u00a0b\u00fasqueda \u00a0selectiva \u00a0en \u00a0base \u00a0de \u00a0datos, \u00a0vigilancia \u00a0y \u00a0seguimientos de personas, agente \u00a0encubierto, \u00a0inspecciones \u00a0judiciales \u00a0entre \u00a0otros, \u00a0se \u00a0pudo establecer el rol \u00a0desempe\u00f1ado \u00a0por \u00a0cada \u00a0uno \u00a0de \u00a0los \u00a0integrantes \u00a0y las actividades delictivas \u00a0desarrolladas \u00a0 por \u00a0dicha \u00a0organizaci\u00f3n \u00a0criminal \u00a0la \u00a0cual \u00a0ejerce \u00a0su \u00a0poder \u00a0delictivo \u00a0en \u00a0los \u00a0departamentos \u00a0de \u00a0C\u00f3rdoba, \u00a0Antioquia, Atl\u00e1ntico, Sucre y \u00a0Bogot\u00e1. \u00a0\u00a0<\/p>\n<p>Es \u00a0as\u00ed \u00a0que \u00a0los \u00a0actos \u00a0de investigaci\u00f3n \u00a0relacionados \u00a0anteriormente \u00a0y \u00a0la \u00a0recolecci\u00f3n \u00a0de \u00a0los \u00a0elementos \u00a0materiales \u00a0probatorios \u00a0y \u00a0evidencia \u00a0f\u00edsica \u00a0e \u00a0informaci\u00f3n \u00a0legalmente obtenida con que \u00a0cuenta la Fiscal\u00eda, se establecieron los siguientes hechos: \u00a0\u00a0<\/p>\n<p>Evento \u00a0hurto \u00a0a una casa finca en el barrio \u00a0Caribe \u00a0 de \u00a0 la \u00a0 ciudad \u00a0 de \u00a0 Monter\u00eda en d\u00eda 15\/02\/2014. \u00a0\u00a0<\/p>\n<p>Evento \u00a0hurto \u00a0cacharrer\u00eda \u00a0Los Cacharreros \u00a0Paisa el d\u00eda 15\/10\/2013. \u00a0\u00a0<\/p>\n<p>Evento fleteo en el municipio de Caucasia el d\u00eda 29\/11\/2013. \u00a0\u00a0<\/p>\n<p>Evento fleteo en el municipio de Sincelejo el d\u00eda 27\/02\/2014 \u00a0\u00a0<\/p>\n<p>Evento hurto a la residencia del se\u00f1or Edwin \u00a0Paternina \u00a0 en \u00a0 la \u00a0ciudad \u00a0de \u00a0Monter\u00eda el d\u00eda 11\/12\/2013. \u00a0\u00a0<\/p>\n<p>Evento \u00a0hurto a la compraventa Platino en la \u00a0ciudad \u00a0de \u00a0Monter\u00eda el d\u00eda \u00a004\/10\/2013. \u00a0\u00a0<\/p>\n<p>Evento hurto cajero Bancolombia Planeta \u00a0 \u00a0 \u00a0 Rica \u00a0 \u00a0 \u00a0 el \u00a0 \u00a0 \u00a0d\u00eda \u00a021\/10\/2013. \u00a0\u00a0<\/p>\n<p>Evento \u00a0 hurto \u00a0 plata \u00a0 de \u00a0 San \u00a0Jos\u00e9 \u00a0de \u00a0Ur\u00e9 en el mes de enero de \u00a02014. \u00a0\u00a0<\/p>\n<p>Hurto \u00a0a \u00a0la \u00a0residencia del se\u00f1or Bertulio \u00a0Parra \u00a0 en \u00a0 la \u00a0 ciudad \u00a0 de \u00a0 Monter\u00eda el d\u00eda 24\/10\/2013. \u00a0\u00a0<\/p>\n<p>Evento desactivaci\u00f3n de alarmas en el sector \u00a0comercial \u00a0 \u00a0 \u00a0del \u00a0 \u00a0 \u00a0centro \u00a0 \u00a0 \u00a0de \u00a0 \u00a0 la \u00a0 \u00a0 ciudad \u00a0 \u00a0 de \u00a0 \u00a0 Monter\u00eda el d\u00eda 17\/12\/2013. \u00a0\u00a0<\/p>\n<p>Eventos hurto residencia barrio Cantaclaro en \u00a0la \u00a0ciudad \u00a0de \u00a0Monter\u00eda el \u00a0d\u00eda 26\/11\/2013. \u00a0\u00a0<\/p>\n<p>Evento \u00a0fleteo \u00a0al \u00a0se\u00f1or \u00d3scar Luis Petro \u00a0P\u00e1ez \u00a0 en \u00a0 la \u00a0 ciudad \u00a0 de \u00a0 Monter\u00eda el d\u00eda 21\/11\/2013. \u00a0\u00a0<\/p>\n<p>Evento \u00a0 \u00a0hurto \u00a0 \u00a0a \u00a0 la \u00a0 oficina \u00a0 de \u00a0Efecty\u2013Servientrega en la \u00a0ciudad \u00a0de \u00a0Monter\u00eda el d\u00eda \u00a016\/10\/2013. \u00a0\u00a0<\/p>\n<p>Evento fleteo en el municipio de Ceret\u00e9 \u00a0 el \u00a0d\u00eda \u00a028 \u00a0de \u00a0noviembre \u00a0de \u00a02013. \u00a0\u00a0<\/p>\n<p>Hurto \u00a0a \u00a0la \u00a0residencia \u00a0del \u00a0se\u00f1or \u00d3scar \u00a0Ram\u00f3n \u00a0 \u00a0D\u00edaz \u00a0 \u00a0en \u00a0 el \u00a0 municipio \u00a0 de \u00a0 Planeta \u00a0Rica. \u00a0\u00a0<\/p>\n<p>Hurto \u00a0a \u00a0la \u00a0estaci\u00f3n \u00a0de \u00a0servicios \u00a0San \u00a0Esteban\u2013Distracom \u00a0 de \u00a0Planeta Rica. \u00a0\u00a0<\/p>\n<p>Hurto a la residencia del se\u00f1or Jhon Bedoya \u00a0en \u00a0 el \u00a0 municipio \u00a0 de \u00a0 Planeta \u00a0 Rica \u00a0en \u00a0el \u00a0mes de abril de 2012. (Resalta la \u00a0Corte). \u00a0\u00a0<\/p>\n<p>(\u2026) \u00a0<\/p>\n<p>Teniendo \u00a0en cuenta el devenir procesal y de \u00a0conformidad \u00a0con \u00a0la \u00a0relaci\u00f3n \u00a0f\u00e1ctica expuesta y los cargos formulados en la \u00a0imputaci\u00f3n \u00a0a \u00a0los \u00a0hoy \u00a0imputados, se formula acusaci\u00f3n y se llama a juicio a \u00a0los \u00a0se\u00f1ores \u00a0JUAN \u00a0RA\u00daL \u00a0CAVADIA \u00a0IB\u00c1\u00d1EZ, por los delitos de CONCIERTO PARA \u00a0DELINQUIR \u00a0CON \u00a0LAS \u00a0CIRCUNSTANCIAS DE AGRAVACI\u00d3N DEL ART\u00cdCULO 342 en concurso \u00a0heterog\u00e9neo \u00a0 \u00a0con \u00a0 \u00a0el \u00a0 \u00a0de \u00a0 \u00a0HURTO \u00a0 \u00a0CALIFICADO \u00a0 \u00a0Art. \u00a0 240\u20132 \u00a0en \u00a0concurso \u00a0homog\u00e9neo y sucesivo \u00a0con \u00a0 \u00a0 \u00a0HURTO \u00a0 \u00a0 \u00a0CALIFICADO \u00a0 \u00a0 \u00a0Y \u00a0 \u00a0 \u00a0AGRAVADO \u00a0 \u00a0 Art. \u00a0 \u00a0 240\u20132 \u00a0 \u00a0 \u00a0 \u00a0y \u00a0 \u00a0 \u00a0 241\u20134 \u00a0(\u2026) \u00a0en concurso heterog\u00e9neo con \u00a0el \u00a0de \u00a0PREVARICATO \u00a0POR \u00a0OMISI\u00d3N, en modalidad dolosa y a t\u00edtulo de coautor y \u00a0autor.\u00a0 \u00a0 AUGUSTO \u00a0BUELVAS \u00a0OVIEDO, \u00a0por \u00a0los \u00a0delitos \u00a0de \u00a0CONCIERTO \u00a0PARA \u00a0DELINQUIR \u00a0CON \u00a0LAS CIRCUNSTANCIAS DE AGRAVACI\u00d3N DEL ART\u00cdCULO 342, en concurso \u00a0heterog\u00e9neo \u00a0 \u00a0con \u00a0 \u00a0el \u00a0 \u00a0de \u00a0 \u00a0HURTO \u00a0 \u00a0CALIFICADO \u00a0 \u00a0Art. \u00a0 240\u20131, \u00a0en \u00a0concurso homog\u00e9neo y sucesivo \u00a0con \u00a0 \u00a0 \u00a0HURTO \u00a0 \u00a0 \u00a0CALIFICADO \u00a0 \u00a0 \u00a0en \u00a0 \u00a0 TENTATIVA \u00a0 \u00a0 ART \u00a0 \u00a0 240\u20131\u201327, \u00a0en concurso homog\u00e9neo y sucesivo \u00a0con \u00a0 \u00a0 \u00a0HURTO \u00a0 \u00a0 \u00a0CALIFICADO \u00a0 \u00a0 \u00a0Y \u00a0 \u00a0 \u00a0AGRAVADO \u00a0 \u00a0 \u00a0Art \u00a0 \u00a0 240\u20132 \u00a0 \u00a0 \u00a0 \u00a0y \u00a0 \u00a0 \u00a0 241\u201310 \u00a0en concurso heterog\u00e9neo con el de \u00a0PREVARICATO \u00a0POR \u00a0OMISI\u00d3N, \u00a0en modalidad dolosa y a t\u00edtulo de coautor y autor. \u00a0KEVIN \u00a0ENRIQUE \u00a0VILLAR \u00a0PE\u00d1ATE, por los delitos de CONCIERTO PARA DELINQUIR CON \u00a0LAS \u00a0CIRCUNSTANCIAS \u00a0DE \u00a0AGRAVACI\u00d3N DEL ART\u00cdCULO 342, en concurso heterog\u00e9neo \u00a0con \u00a0 \u00a0 el \u00a0 \u00a0 de \u00a0 \u00a0 HURTO \u00a0 \u00a0 CALIFICADO \u00a0 \u00a0AGRAVADO \u00a0 \u00a0Art \u00a0 \u00a0240\u20132 \u00a0 \u00a0 \u00a0 \u00a0y \u00a0 \u00a0 \u00a0 241\u20134, \u00a0en concurso heterog\u00e9neo con el de \u00a0PREVARICATO \u00a0POR \u00a0OMISI\u00d3N, \u00a0en \u00a0modalidad \u00a0dolosa \u00a0y \u00a0a \u00a0t\u00edtulo \u00a0de \u00a0coautor y \u00a0autor. \u00a0\u00a0<\/p>\n<p>YEINERS DAVID GUERRA GUZM\u00c1N, por los delitos \u00a0de \u00a0CONCIERTO \u00a0PARA \u00a0DELINQUIR \u00a0AGRAVADO \u00a0POR \u00a0EL \u00a0INCISO \u00a0TERCERO, \u00a0en concurso \u00a0heterog\u00e9neo \u00a0 con \u00a0el \u00a0de \u00a0HURTO \u00a0CALIFICADO \u00a0Y \u00a0AGRAVADO \u00a0Art \u00a0240\u20132 \u00a0 \u00a0 \u00a0 \u00a0Y \u00a0 \u00a0 \u00a0 241\u201311, \u00a0en concurso homog\u00e9neo y sucesivo \u00a0con \u00a0 \u00a0 \u00a0HURTO \u00a0 \u00a0 \u00a0CALIFICADO \u00a0 \u00a0 \u00a0Y \u00a0 \u00a0 \u00a0AGRAVADO \u00a0 \u00a0 \u00a0Art \u00a0 \u00a0 240\u20132 \u00a0 \u00a0 \u00a0 \u00a0 \u00a0 \u00a0241\u201311, \u00a0en concurso homog\u00e9neo y sucesivo \u00a0con \u00a0 \u00a0 \u00a0HURTO \u00a0 \u00a0 \u00a0CALIFICADO \u00a0 \u00a0 \u00a0Y \u00a0 \u00a0 \u00a0AGRAVADO \u00a0 \u00a0 \u00a0Art \u00a0 \u00a0 240\u20132 \u00a0 \u00a0 \u00a0 \u00a0y \u00a0 \u00a0 \u00a0 241\u20134, \u00a0en \u00a0concurso \u00a0homog\u00e9neo con el de \u00a0HURTO \u00a0CALIFICADO \u00a0Y \u00a0AGRAVADO \u00a0Art 240\u20132\u00a0 \u00a0241\u201311 \u00a0EN \u00a0TENTATIVA \u00a0Art \u00a027, \u00a0en \u00a0concurso \u00a0homog\u00e9neo \u00a0y \u00a0sucesivo \u00a0con \u00a0el de HURTO \u00a0CALIFICADO \u00a0Art \u00a0240\u20132, en \u00a0concurso \u00a0 homog\u00e9neo \u00a0 y \u00a0 sucesivo \u00a0 con \u00a0 HURTO \u00a0CALIFICADO \u00a0Y \u00a0AGRAVADO \u00a0Art \u00a0240\u20132 \u00a0y \u00a0241\u201310 \u00a0 (\u2026)en \u00a0modalidad \u00a0dolosa \u00a0y \u00a0a \u00a0t\u00edtulo \u00a0de \u00a0coautor \u00a0y \u00a0autor. \u00a0RAFAEL ENRIQUE POLO PACHECO, por los delitos de \u00a0CONCIERTO \u00a0PARA \u00a0DELINQUIR \u00a0CON \u00a0LAS CIRCUNSTANCIAS DE AGRAVACI\u00d3N DEL ART\u00cdCULO \u00a0342, \u00a0en \u00a0concurso \u00a0heterog\u00e9neo \u00a0con el de HURTO CALIFICADO Art 240\u20131, \u00a0en concurso heterog\u00e9neo con el de \u00a0PREVARICATO \u00a0POR \u00a0OMISI\u00d3N, \u00a0en modalidad dolosa y a t\u00edtulo de coautor y autor. \u00a0ARNOL \u00a0ANDR\u00c9S \u00a0IBARG\u00dcEN \u00a0ARGUMEDO, por los delitos de CONCIERTO PARA DELINQUIR \u00a0CON \u00a0 LAS \u00a0 CIRCUNSTANCIAS \u00a0 DE \u00a0AGRAVACI\u00d3N \u00a0DEL \u00a0ART\u00cdCULO \u00a0342, \u00a0en \u00a0concurso \u00a0heterog\u00e9neo \u00a0 con \u00a0el \u00a0de \u00a0HURTO \u00a0CALIFICADO \u00a0Y \u00a0AGRAVADO \u00a0Art \u00a0240\u20132 \u00a0 Y \u00a0 241-4,\u00a0 \u00a0 en \u00a0 concurso \u00a0heterog\u00e9neo \u00a0con \u00a0el \u00a0de \u00a0PREVARICATO \u00a0POR \u00a0OMISI\u00d3N, \u00a0en \u00a0modalidad dolosa y a \u00a0t\u00edtulo \u00a0de \u00a0coautor \u00a0y \u00a0autor. V\u00cdCTOR ALFREDO PADILLA OVIEDO, por el delito de \u00a0CONCUSI\u00d3N \u00a0ART \u00a0404 \u00a0en \u00a0modalidad \u00a0dolosa \u00a0y a t\u00edtulo de autor. JORGE EDUARDO \u00a0PUENTES \u00a0ANDRADE, \u00a0por \u00a0el \u00a0delito de CONCUSI\u00d3N ART 404 en modalidad dolosa y a \u00a0t\u00edtulo \u00a0de autor. DELVIS MANUEL TIRADO REYES, por los delitos de CONCIERTO PARA \u00a0DELINQUIR \u00a0CON \u00a0LAS CIRCUNSTANCIAS DE AGRAVACI\u00d3N DEL ART\u00cdCULO 342, en concurso \u00a0heterog\u00e9neo \u00a0 \u00a0 \u00a0con \u00a0 \u00a0 el \u00a0 \u00a0 de \u00a0 \u00a0 HURTO \u00a0 \u00a0 CALIFICADO \u00a0 \u00a0 240\u20132,\u00a0 \u00a0en concurso heterog\u00e9neo con \u00a0el \u00a0de \u00a0PREVARICATO \u00a0POR \u00a0OMISI\u00d3N, en modalidad dolosa y a t\u00edtulo de coautor y \u00a0autor. \u00a0EDISON \u00a0STITH \u00a0PUENTES \u00a0ANDRADE, \u00a0por \u00a0los \u00a0delitos \u00a0de \u00a0CONCIERTO \u00a0PARA \u00a0DELINQUIR \u00a0CON \u00a0LAS CIRCUNSTANCIAS DE AGRAVACI\u00d3N DEL ART\u00cdCULO 342, en concurso \u00a0heterog\u00e9neo \u00a0 \u00a0 \u00a0con \u00a0 \u00a0 el \u00a0 \u00a0 de \u00a0 \u00a0 HURTO \u00a0 \u00a0 CALIFICADO \u00a0 \u00a0 240\u20132,\u00a0 \u00a0en concurso heterog\u00e9neo con \u00a0el \u00a0de \u00a0PREVARICATO \u00a0POR \u00a0OMISI\u00d3N, en modalidad dolosa y a t\u00edtulo de coautor y \u00a0autor. \u00a0WEIMAR \u00a0HERNAY \u00a0ALTAMAR \u00a0JIM\u00c9NEZ, \u00a0por \u00a0los \u00a0delitos \u00a0de CONCIERTO PARA \u00a0DELINQUIR \u00a0CON \u00a0LAS CIRCUNSTANCIAS DE AGRAVACI\u00d3N DEL ART\u00cdCULO 342, en concurso \u00a0heterog\u00e9neo \u00a0 con \u00a0el \u00a0de \u00a0HURTO \u00a0CALIFICADO \u00a0Y \u00a0AGRAVADO \u00a0ART \u00a0240\u20132 \u00a0 \u00a0 \u00a0 \u00a0Y \u00a0 \u00a0 \u00a0 241\u20134 ,\u00a0 en concurso heterog\u00e9neo con \u00a0el \u00a0de \u00a0PREVARICATO \u00a0POR \u00a0OMISI\u00d3N, en modalidad dolosa y a t\u00edtulo de coautor y \u00a0autor. \u00a0WILSON \u00a0QUINTERO \u00a0GRISALES, \u00a0por los delitos de CONCIERTO PARA DELINQUIR \u00a0CON \u00a0 LAS \u00a0 CIRCUNSTANCIAS \u00a0 DE \u00a0AGRAVACI\u00d3N \u00a0DEL \u00a0ART\u00cdCULO \u00a0342, \u00a0en \u00a0concurso \u00a0heterog\u00e9neo \u00a0 \u00a0 \u00a0con \u00a0 \u00a0 el \u00a0 \u00a0 de \u00a0 \u00a0 HURTO \u00a0 \u00a0 CALIFICADO \u00a0 \u00a0 240\u20131 \u00a0 \u00a0 EN \u00a0 \u00a0 TENTATIVA\u201327, en concurso heterog\u00e9neo con el de \u00a0PREVARICATO \u00a0POR \u00a0OMISI\u00d3N, \u00a0en \u00a0modalidad \u00a0dolosa \u00a0y \u00a0a \u00a0t\u00edtulo \u00a0de \u00a0coautor y \u00a0autor.\u00a0 \u00a0JOUVER RIASCOS LICONA, por los delitos de CONCIERTO PARA DELINQUIR \u00a0CON \u00a0 LAS \u00a0 CIRCUNSTANCIAS \u00a0 DE \u00a0AGRAVACI\u00d3N \u00a0DEL \u00a0ART\u00cdCULO \u00a0342, \u00a0en \u00a0concurso \u00a0heterog\u00e9neo \u00a0 \u00a0con \u00a0 \u00a0el \u00a0 \u00a0de \u00a0 \u00a0HURTO \u00a0 \u00a0CALIFICADO \u00a0 \u00a0ART \u00a0 \u00a0240\u20132 \u00a0 \u00a0 \u00a0 \u00a0Y \u00a0 \u00a0 \u00a0 241\u20134, \u00a0en concurso heterog\u00e9neo con el de \u00a0PREVARICATO \u00a0POR \u00a0OMISI\u00d3N, \u00a0en modalidad dolosa y a t\u00edtulo de coautor y autor. \u00a0ROBERTO \u00a0ARGEL \u00a0RODELO, \u00a0por \u00a0los \u00a0delitos \u00a0de \u00a0CONCIERTO PARA DELINQUIR CON LAS \u00a0CIRCUNSTANCIAS \u00a0DE \u00a0AGRAVACI\u00d3N \u00a0DEL ART\u00cdCULO 342, en concurso heterog\u00e9neo con \u00a0el \u00a0 de \u00a0 HURTO \u00a0 CALIFICADO \u00a0ART \u00a0240\u20132,\u00a0 \u00a0 en \u00a0concurso \u00a0heterog\u00e9neo \u00a0con \u00a0el \u00a0de \u00a0PREVARICATO \u00a0POR \u00a0OMISI\u00d3N, \u00a0en \u00a0modalidad \u00a0dolosa \u00a0y \u00a0a \u00a0t\u00edtulo de coautor y autor. JAVIER JOS\u00c9 \u00a0PE\u00d1A \u00a0AGUA, \u00a0por los delitos de CONCIERTO PARA DELINQUIR CON LAS CIRCUNSTANCIAS \u00a0DE \u00a0AGRAVACI\u00d3N \u00a0DEL \u00a0ART\u00cdCULO \u00a0342, \u00a0en \u00a0concurso heterog\u00e9neo con el de HURTO \u00a0CALIFICADO \u00a0 Y \u00a0 AGRAVADO \u00a0 ART \u00a0 240\u201320 \u00a0 \u00a0 \u00a0(sic) \u00a0 \u00a0 Y \u00a0 \u00a0 241\u20134 \u00a0,\u00a0 en \u00a0concurso \u00a0heterog\u00e9neo con el de PREVARICATO POR OMISI\u00d3N, en modalidad dolosa y \u00a0a \u00a0t\u00edtulo \u00a0de \u00a0coautor \u00a0y \u00a0autor \u00a0y \u00a0JOS\u00c9 \u00a0VICENTE CALDER\u00d3N BUITRAGO, por los \u00a0delitos \u00a0de \u00a0CONCIERTO \u00a0PARA DELINQUIR CON LAS CIRCUNSTANCIAS DE AGRAVACI\u00d3N DEL \u00a0ART\u00cdCULO \u00a0 342, \u00a0 en \u00a0 concurso \u00a0 heterog\u00e9neo \u00a0 con \u00a0el \u00a0de \u00a0HURTO \u00a0CALIFICADO \u00a0240\u20132,\u00a0 \u00a0en concurso \u00a0heterog\u00e9neo \u00a0con \u00a0el \u00a0de \u00a0PREVARICATO \u00a0POR \u00a0OMISI\u00d3N, \u00a0en \u00a0modalidad dolosa y a \u00a0t\u00edtulo de coautor y autor. (\u2026). \u00a0\u00a0<\/p>\n<p>ACTUACI\u00d3N\u00a0 PROCESAL \u00a0<\/p>\n<p>El \u00a029 \u00a0de \u00a0agosto \u00a0de 2014, la Fiscal\u00eda 31 \u00a0Especializada \u00a0de \u00a0la \u00a0Unidad \u00a0Nacional \u00a0contra \u00a0bandas \u00a0emergentes \u00a0con sede en \u00a0Bogot\u00e1, \u00a0present\u00f3 escrito de acusaci\u00f3n, pidiendo que fueran llamados a juicio \u00a0Juan \u00a0Ra\u00fal Cavadia Ib\u00e1\u00f1ez, \u00a0Augusto \u00a0 Buelvas \u00a0 Oviedo, \u00a0Kevin Enrique Villar Pe\u00f1ate, \u00a0Yeiners David Guerra Guzm\u00e1n, \u00a0Rafael \u00a0Enrique Polo Pacheco, \u00a0Arnol \u00a0 \u00a0Andr\u00e9s \u00a0 \u00a0Ibarg\u00fcen \u00a0 Argumedo, \u00a0 \u00a0 \u00a0V\u00edctor \u00a0 \u00a0 Alfredo \u00a0 \u00a0 Padilla \u00a0Oviedo, Jorge Eduardo Puentes \u00a0Andrade, Delvis Manuel Tirado \u00a0Reyes, \u00a0Edison Stith Puentes \u00a0Andrade, \u00a0 Weimar \u00a0 Hernay \u00a0Altamar \u00a0 Jim\u00e9nez, \u00a0Wilson \u00a0Quintero \u00a0 Grisales, \u00a0Jouver \u00a0Riascos \u00a0Licona, Roberto Argel \u00a0Rodelo, \u00a0Javier \u00a0Jos\u00e9 Pe\u00f1a \u00a0Agua \u00a0 y \u00a0 Jos\u00e9 \u00a0 Vicente \u00a0Calder\u00f3n \u00a0 Buitrago, \u00a0ante \u00a0los \u00a0Jueces \u00a0Penales \u00a0del \u00a0Circuito de Bogot\u00e1, por los delitos imputados. \u00a0\u00a0<\/p>\n<p>El \u00a0conocimiento se le asign\u00f3 al Juzgado 31 \u00a0Penal \u00a0del \u00a0Circuito \u00a0de \u00a0Bogot\u00e1, despacho que orden\u00f3 celebrar la audiencia de \u00a0formulaci\u00f3n \u00a0de \u00a0acusaci\u00f3n \u00a0programada inicialmente para el 16 de diciembre de \u00a02014, \u00a0sin \u00a0que pudiera llevarse a cabo por causas atribuibles al delegado de la \u00a0Fiscal\u00eda General de la Naci\u00f3n. \u00a0\u00a0<\/p>\n<p>La \u00a0citada audiencia se inici\u00f3 el pasado 28 \u00a0de \u00a0enero, en curso de la cual se les dio la palabra al Fiscal Especializado y a \u00a0los \u00a0defensores, \u00a0para \u00a0que \u00a0expresaran \u00a0si \u00a0hab\u00eda \u00a0causales \u00a0de incompetencia, \u00a0impedimentos, \u00a0 recusaciones, \u00a0 nulidades \u00a0 u \u00a0 observaciones \u00a0 al \u00a0 escrito \u00a0de \u00a0acusaci\u00f3n. \u00a0\u00a0<\/p>\n<p>Los \u00a0defensores \u00a0manifestaron que por raz\u00f3n \u00a0del \u00a0factor \u00a0territorial, \u00a0de \u00a0acuerdo \u00a0con \u00a0lo \u00a0que dispone el art\u00edculo 43 del \u00a0C\u00f3digo \u00a0de \u00a0Procedimiento \u00a0Penal, \u00a0la \u00a0competencia \u00a0para \u00a0conocer \u00a0en este caso \u00a0radicaba \u00a0en \u00a0los \u00a0Juzgados de Monter\u00eda, en donde ocurrieron la mayor\u00eda de los \u00a0hechos, \u00a0incluso, \u00a0porque \u00a0all\u00ed \u00a0se \u00a0radicaron \u00a0los escritos de acusaci\u00f3n, con \u00a0allanamiento \u00a0 a \u00a0 cargos, \u00a0 de \u00a0m\u00e1s \u00a0de \u00a0diez \u00a0procesados \u00a0que \u00a0admitieron \u00a0su \u00a0responsabilidad. \u00a0\u00a0<\/p>\n<p>En \u00a0el \u00a0escrito \u00a0de \u00a0acusaci\u00f3n \u2013argumentan \u00a0los defensores\u2013 \u00a0se \u00a0admite \u00a0que \u00a0todos \u00a0los \u00a0hechos \u00a0ocurrieron \u00a0en \u00a0departamentos \u00a0de \u00a0la \u00a0costa \u00a0Atl\u00e1ntica, \u00a0sin \u00a0que \u00a0se \u00a0hubiese \u00a0relacionado uno s\u00f3lo que se ejecutara en Bogot\u00e1. \u00a0\u00a0<\/p>\n<p>Aducen \u00a0que \u00a0\u00fanicamente \u00a0se \u00a0referenci\u00f3 al \u00a0Distrito \u00a0Capital, \u00a0porque \u00a0en \u00a0esta \u00a0ciudad \u00a0fueron \u00a0capturados \u00a0varios \u00a0de los \u00a0implicados \u00a0y \u00a0aqu\u00ed \u00a0se \u00a0celebraron las audiencias preliminares ante los jueces \u00a0con funciones de control de garant\u00edas. \u00a0\u00a0<\/p>\n<p>Por \u00a0su \u00a0parte, \u00a0el se\u00f1or Juez 31 Penal del \u00a0Circuito \u00a0de \u00a0Bogot\u00e1 \u00a0se declar\u00f3 impedido partiendo de un fundamento f\u00e1ctico, \u00a0referido \u00a0a \u00a0que ninguno de los hechos tuvo ocurrencia en esta ciudad; y, aunque \u00a0el \u00a0art\u00edculo \u00a043 \u00a0del \u00a0C\u00f3digo \u00a0de Procedimiento Penal se\u00f1ala que la Fiscal\u00eda \u00a0puede \u00a0acusar \u00a0donde se encuentren los elementos fundamentales de la acusaci\u00f3n, \u00a0advierte \u00a0el funcionario que ese aspecto no puede ser determinante en este caso, \u00a0porque \u00a0desde \u00a0el \u00a0punto de vista territorial ninguno de los delitos se cometi\u00f3 \u00a0en Bogot\u00e1. \u00a0\u00a0<\/p>\n<p>En consecuencia, dispuso que se remitiera el \u00a0expediente \u00a0a \u00a0esta \u00a0Corporaci\u00f3n para que resolviera a cu\u00e1l autoridad judicial \u00a0le \u00a0correspond\u00eda \u00a0conocer, \u00a0puesto \u00a0que \u00a0se \u00a0trataba \u00a0de Juzgados de diferentes \u00a0distritos. \u00a0\u00a0<\/p>\n<p>El \u00a0Delegado \u00a0de \u00a0la Fiscal\u00eda General de la \u00a0Naci\u00f3n \u00a0se \u00a0opuso \u00a0a \u00a0la \u00a0solicitud, \u00a0se\u00f1alando \u00a0que \u00a0no fue un capricho haber \u00a0radicado \u00a0el \u00a0escrito \u00a0de acusaci\u00f3n en esta ciudad. Se refiri\u00f3 al art\u00edculo 43 \u00a0del \u00a0 C\u00f3digo \u00a0 de \u00a0 Procedimiento \u00a0Penal \u00a0y \u00a0sostuvo \u00a0que \u00a0hubo \u00a0\u00abeventos\u00bb \u00a0que \u00a0sucedieron en la ciudad de \u00a0Bogot\u00e1, \u00a0empero \u00a0no \u00a0especific\u00f3 \u00a0cu\u00e1l \u00a0o \u00a0cu\u00e1les \u00a0de \u00a0los que rese\u00f1\u00f3 en el \u00a0escrito de acusaci\u00f3n ocurrieron en esta ciudad. \u00a0\u00a0<\/p>\n<p>Asimismo, \u00a0argument\u00f3 \u00a0que \u00a0en el escrito de \u00a0acusaci\u00f3n, \u00a0si \u00a0bien \u00a0se hizo referencia a la ocurrencia de unos \u00abeventos\u00bb, \u00a0lo \u00a0cierto es que se aludi\u00f3 a \u00a0una \u00a0organizaci\u00f3n \u00a0criminal, \u00a0de la cual capturaron a 28 personas en Antioquia, \u00a0C\u00f3rdoba, \u00a0 Bogot\u00e1, \u00a0 Tunja \u00a0 y \u00a0 Neiva, \u00a0 y \u00a0 13 \u00a0 de \u00a0ellos \u00a0se \u00a0allanaron \u00a0a \u00a0cargos. \u00a0\u00a0<\/p>\n<p>Entonces, \u00a0concluye \u00a0que \u00a0cuando \u00a0se hubiese \u00a0cometido \u00a0el \u00a0delito \u00a0en \u00a0varios lugares, en uno incierto o en el extranjero, la \u00a0competencia \u00a0del \u00a0juez \u00a0de conocimiento se fija por el lugar donde se formule la \u00a0acusaci\u00f3n \u00a0por \u00a0parte \u00a0de \u00a0la Fiscal\u00eda, lo que se har\u00e1 en donde se encuentren \u00a0los \u00a0elementos \u00a0fundamentales \u00a0de \u00a0la \u00a0acusaci\u00f3n, \u00a0destacando \u00a0que \u00a0todos \u00a0esos \u00a0elementos est\u00e1n en Bogot\u00e1. \u00a0\u00a0<\/p>\n<p>C O N S I D E R A C I O N \u00a0E S \u00a0\u00a0<\/p>\n<p>De \u00a0conformidad \u00a0con \u00a0lo \u00a0regulado \u00a0en \u00a0el \u00a0art\u00edculo \u00a032-4 \u00a0de \u00a0la \u00a0Ley \u00a0906 \u00a0de \u00a02004, \u00a0la Corte tiene la atribuci\u00f3n para \u00a0pronunciarse \u00a0respecto \u00a0de \u00a0la \u00a0definici\u00f3n \u00a0de competencia que con ocasi\u00f3n del \u00a0presente \u00a0asunto promueven los defensores de Juan Ra\u00fal \u00a0Cavadia \u00a0 Ib\u00e1\u00f1ez, \u00a0Augusto \u00a0Buelvas \u00a0Oviedo, Kevin Enrique \u00a0Villar \u00a0Pe\u00f1ate, Yeiners David \u00a0Guerra \u00a0 Guzm\u00e1n, \u00a0 Rafael \u00a0Enrique \u00a0Polo \u00a0Pacheco, Arnol \u00a0Andr\u00e9s \u00a0 \u00a0 Ibarg\u00fcen \u00a0 \u00a0 Argumedo, \u00a0 \u00a0V\u00edctor \u00a0 \u00a0Alfredo \u00a0 \u00a0Padilla \u00a0 \u00a0Oviedo, \u00a0Jorge \u00a0 \u00a0 Eduardo \u00a0 \u00a0Puentes \u00a0 \u00a0Andrade, \u00a0Delvis \u00a0Manuel Tirado Reyes, \u00a0Edison Stith Puentes Andrade, \u00a0 \u00a0 \u00a0Weimar \u00a0 \u00a0 \u00a0Hernay \u00a0 \u00a0 \u00a0Altamar \u00a0Jim\u00e9nez, \u00a0Wilson \u00a0Quintero \u00a0Grisales, \u00a0 Jouver \u00a0Riascos \u00a0Licona, \u00a0 Roberto \u00a0 Argel \u00a0Rodelo, \u00a0Javier \u00a0Jos\u00e9 Pe\u00f1a \u00a0Agua \u00a0 y \u00a0 Jos\u00e9 \u00a0 Vicente \u00a0Calder\u00f3n \u00a0Buitrago, \u00a0quienes consideran que del mismo \u00a0debe \u00a0 conocer \u00a0 un \u00a0 Juez \u00a0 Penal \u00a0 del \u00a0 Circuito \u00a0adscrito \u00a0a \u00a0otro \u00a0distrito \u00a0judicial. \u00a0\u00a0<\/p>\n<p>Ahora \u00a0bien, como el Fiscal parece confundir \u00a0los \u00a0factores \u00a0que \u00a0gobiernan \u00a0la \u00a0determinaci\u00f3n \u00a0del lugar donde le es posible \u00a0presentar \u00a0el escrito de acusaci\u00f3n, en lo que atiende al factor territorial, la \u00a0Corte, \u00a0 como \u00a0 lo \u00a0 dijo \u00a0 en \u00a0 ocasi\u00f3n \u00a0anterior1, \u00a0 debe \u00a0 precisar \u00a0 que \u00a0los \u00a0art\u00edculos \u00a043 \u00a0y \u00a052 de la Ley 906 de 2004, regulan situaciones diferentes, sin \u00a0que \u00a0entre \u00a0ellos \u00a0pueda \u00a0advertirse \u00a0colusi\u00f3n, \u00a0confrontaci\u00f3n, \u00a0confusi\u00f3n \u00a0o \u00a0ambig\u00fcedad. \u00a0\u00a0<\/p>\n<p>El \u00a0art\u00edculo \u00a043, \u00a0contempla, \u00a0en \u00a0sus \u00a0dos \u00a0primeros incisos: \u00a0\u00a0<\/p>\n<p>\u201cCompetencia. \u00a0Es \u00a0competente \u00a0para conocer \u00a0del juzgamiento el juez del lugar donde ocurri\u00f3 el delito. \u00a0\u00a0<\/p>\n<p>Cuando \u00a0no fuere posible determinar el lugar \u00a0de \u00a0ocurrencia \u00a0del \u00a0hecho, \u00e9ste se hubiere realizado en varios lugares, en uno \u00a0incierto \u00a0o \u00a0en \u00a0el \u00a0extranjero, la competencia del juez de conocimiento se fija \u00a0por \u00a0el \u00a0lugar \u00a0donde se formule acusaci\u00f3n por parte de la Fiscal\u00eda General de \u00a0la \u00a0Naci\u00f3n, lo cual har\u00e1 donde se encuentren los elementos fundamentales de la \u00a0acusaci\u00f3n.\u201d \u00a0\u00a0<\/p>\n<p>Por \u00a0su \u00a0parte, \u00a0el \u00a0art\u00edculo \u00a052 \u00a0ib\u00eddem, \u00a0rese\u00f1a: \u00a0\u00a0<\/p>\n<p>\u201cCompetencia \u00a0por \u00a0conexidad. \u00a0Cuando \u00a0deban juzgarse delitos conexos conocer\u00e1 de ellos el juez \u00a0de \u00a0mayor \u00a0jerarqu\u00eda de acuerdo con la competencia por raz\u00f3n del fuero legal o \u00a0la \u00a0naturaleza del asunto; si corresponden a la misma jerarqu\u00eda ser\u00e1 factor de \u00a0competencia \u00a0el \u00a0territorio, \u00a0en \u00a0forma excluyente y preferente, en el siguiente \u00a0orden: \u00a0donde \u00a0se haya cometido el delito m\u00e1s grave; donde se haya realizado el \u00a0mayor \u00a0n\u00famero \u00a0de \u00a0delitos; \u00a0donde \u00a0se haya realizado la primera aprehensi\u00f3n o \u00a0donde se haya formulado primero la imputaci\u00f3n. \u00a0\u00a0<\/p>\n<p>Cuando se trate de conexidad entre delitos de \u00a0competencia \u00a0 del \u00a0juez \u00a0penal \u00a0del \u00a0circuito \u00a0especializado \u00a0y \u00a0cualquier \u00a0otro \u00a0funcionario \u00a0 \u00a0 \u00a0 judicial \u00a0 \u00a0 \u00a0 corresponder\u00e1 \u00a0 \u00a0 \u00a0 el \u00a0 \u00a0 \u00a0juzgamiento \u00a0 \u00a0 \u00a0a \u00a0aqu\u00e9l.\u201d\u00a0 \u00a0\u00a0<\/p>\n<p>\u00a0\u00a0\u00a0\u00a0 \u00a0Como \u00a0se \u00a0aprecia, \u00a0ambos \u00a0dispositivos \u00a0procesales \u00a0contemplan \u00a0circunstancias de hecho diferentes, \u00a0que no tienen por qu\u00e9 confundirse ni generar contraposici\u00f3n. \u00a0\u00a0<\/p>\n<p>En \u00a0este \u00a0sentido, \u00a0debe \u00a0entenderse \u00a0que el \u00a0art\u00edculo \u00a043 \u00a0\u00fanicamente \u00a0opera cuando se desconoce el sitio de ocurrencia del \u00a0delito \u00a0 \u00a0\u2013importa \u00a0 la \u00a0naturaleza \u00a0individual del mismo-, o este es ejecutado en varios lugares, en uno \u00a0incierto o en el extranjero. \u00a0\u00a0<\/p>\n<p>All\u00ed, \u00a0es \u00a0del \u00a0arbitrio \u00a0del \u00a0Fiscal, \u00a0sin \u00a0consideraci\u00f3n \u00a0a \u00a0factores \u00a0prevalentes \u00a0y \u00a0apenas \u00a0signado \u00a0por el sitio donde \u00a0cuente \u00a0con \u00a0los \u00a0elementos \u00a0fundamentales \u00a0de \u00a0prueba, definir el territorio de \u00a0acusaci\u00f3n. \u00a0\u00a0<\/p>\n<p>De \u00a0forma contraria, si sucede que se conoce \u00a0el \u00a0sitio \u00a0de \u00a0ocurrencia \u00a0del \u00a0delito o delitos, pero se investigan y juzgar\u00e1n \u00a0varios \u00a0 ocurridos \u00a0 en \u00a0 diferentes \u00a0 lugares, \u00a0el \u00a0factor \u00a0de \u00a0definici\u00f3n \u00a0es \u00a0precisamente \u00a0el \u00a0de conexidad que regula el art\u00edculo 52 de la Ley 906 de 2004, \u00a0pues, \u00a0no se trata de que una conducta se verifique ejecutada en varios sitios o \u00a0uno \u00a0incierto \u00a0o \u00a0en \u00a0el \u00a0extranjero, sino que para el conocimiento es necesario \u00a0definir \u00a0cu\u00e1l \u00a0de \u00a0todos \u00a0los jueces individualmente considerados, abordar\u00e1 el \u00a0examen del conjunto de conductas punibles. \u00a0\u00a0<\/p>\n<p>De las premisas precedentes se sigue que las \u00a0averiguaciones \u00a0hechas \u00a0por \u00a0la \u00a0Fiscal\u00eda, \u00a0han \u00a0permitido \u00a0establecer \u00a0que las \u00a0hip\u00f3tesis \u00a0de \u00a0hurto \u00a0calificado \u00a0agravado, \u00a0concierto para delinquir agravado, \u00a0prevaricato \u00a0por \u00a0omisi\u00f3n \u00a0y \u00a0concusi\u00f3n, \u00a0se \u00a0desarrollaron en las ciudades de \u00a0Monter\u00eda, \u00a0Caucasia, \u00a0Sincelejo, Planeta Rica, San Jos\u00e9 de Ur\u00e9 y Ceret\u00e9, sin \u00a0que \u00a0se \u00a0tenga \u00a0conocimiento \u00a0que se hubiesen ejecutado en Bogot\u00e1 o que en esta \u00a0ciudad \u00a0se \u00a0hubiese producido alg\u00fan resultado, as\u00ed fuese parcial, lo cual deja \u00a0inferir \u00a0que \u00a0el \u00a0proceso \u00a0debe \u00a0ser \u00a0conocido \u00a0y \u00a0decidido \u00a0por \u00a0los jueces con \u00a0competencia \u00a0 \u00a0en \u00a0 \u00a0los \u00a0 \u00a0circuitos \u00a0 a \u00a0 los \u00a0 que \u00a0 pertenecen \u00a0 las \u00a0 otras \u00a0ciudades. \u00a0\u00a0<\/p>\n<p>Y \u00a0 se \u00a0 dice \u00a0 que \u00a0 los \u00a0 hechos \u00a0fueron \u00a0ejecutados \u00a0en \u00a0Monter\u00eda, \u00a0Caucasia, \u00a0Sincelejo, \u00a0Planeta \u00a0Rica, \u00a0San \u00a0Jos\u00e9 \u00a0de \u00a0Ur\u00e9 y Ceret\u00e9, porque de \u00a0acuerdo \u00a0con \u00a0el \u00a0escrito de acusaci\u00f3n, en esos municipios fue donde ocurrieron \u00a0todos \u00a0los \u00a0\u00abeventos\u00bb que de \u00a0forma \u00a0expresa \u00a0y circunstanciada relacion\u00f3, sin que hubiese mencionado y mucho \u00a0menos \u00a0exista \u00a0evidencia \u00a0de \u00a0que \u00a0alguno \u00a0de \u00a0los \u00a0delitos \u00a0se cometi\u00f3 en esta \u00a0capital, \u00a0incluso, \u00a0porque \u00a0se conocen las v\u00edctimas y se sabe que su ubicaci\u00f3n \u00a0est\u00e1 en esas ciudades de la costa Atl\u00e1ntica. \u00a0\u00a0<\/p>\n<p>Es \u00a0evidente \u00a0entonces \u00a0el desacierto en que \u00a0incurri\u00f3 \u00a0la \u00a0Fiscal\u00eda \u00a031 \u00a0Especializada \u00a0de Bogot\u00e1 al radicar la acusaci\u00f3n \u00a0ante \u00a0los Jueces Penales del Circuito de esta ciudad, porque advirtiendo que los \u00a0hechos \u00a0ocurrieron \u00a0en varios lugares distintos al Distrito Capital, sin exponer \u00a0un \u00a0 criterio \u00a0 legal, \u00a0 trat\u00f3 \u00a0de \u00a0desplazar \u00a0a \u00a0los \u00a0jueces \u00a0naturales.\u00a0 \u00a0\u00a0<\/p>\n<p>Cuando \u00a0la \u00a0norma \u00a0significa \u00a0que \u00a0el Fiscal \u00a0acusar\u00e1 \u00a0en \u00a0el \u00a0lugar \u00a0donde \u00a0\u201cse \u00a0encuentren \u00a0los \u00a0elementos \u00a0 fundamentales \u00a0 de \u00a0la \u00a0acusaci\u00f3n\u201d, \u00a0se \u00a0refiere, \u00a0tal \u00a0cual \u00a0fue anotado en l\u00edneas anteriores, al caso individual de un \u00a0solo \u00a0delito \u00a0ejecutado en varios lugares y obliga, es necesario resaltar, a que \u00a0el fiscal acuse en uno de estos. \u00a0\u00a0<\/p>\n<p>Como \u00a0aqu\u00ed \u00a0se \u00a0trata \u00a0de delitos distintos \u00a0tambi\u00e9n \u00a0ejecutados en diferentes ciudades, es necesario acudir a la preceptiva \u00a0expresa \u00a0del \u00a0art\u00edculo \u00a052, \u00a0transcrito \u00a0en \u00a0precedencia, \u00a0para lo cual debe ir \u00a0defini\u00e9ndose, en su orden, la secuencia all\u00ed establecida. \u00a0\u00a0<\/p>\n<p>En \u00a0primer \u00a0lugar, entonces, est\u00e1 claro que \u00a0por \u00a0la \u00a0naturaleza \u00a0de \u00a0los \u00a0delitos, dado que no comporta fuero ninguno de los \u00a0acusados, \u00a0el \u00a0funcionario \u00a0con \u00a0mayor jerarqu\u00eda para conocer de ellos lo es el \u00a0Juez \u00a0 \u00a0Penal \u00a0 \u00a0del \u00a0 \u00a0Circuito \u00a0 \u00a0\u2013es \u00a0de su resorte asumir los delitos de conclusi\u00f3n y concierto para \u00a0delinquir \u00a0simple, \u00a0agravado por las circunstancias del art\u00edculo 342 del C-P.-, \u00a0con \u00a0independencia del monto de cada uno de los punibles cometidos en detrimento \u00a0del patrimonio econ\u00f3mico. \u00a0\u00a0<\/p>\n<p>Ahora \u00a0 bien, \u00a0determinados \u00a0los \u00a0delitos \u00a0atribuidos \u00a0a \u00a0los \u00a0distintos \u00a0acusados, \u00a0se \u00a0aprecia que el m\u00e1s grave de ellos \u00a0corresponde \u00a0al hurto calificado agravado, recogido por los art\u00edculos 240 y 241 \u00a0de \u00a0la \u00a0ley \u00a0599 \u00a0de \u00a02000, \u00a0que \u00a0consagra pena de prisi\u00f3n que parte de 9 a\u00f1os \u00a0\u2013al tanto que el delito de \u00a0concusi\u00f3n, \u00a0seg\u00fan el art\u00edculo 440 del C.P., contempla pena de 8 a 16 a\u00f1os de \u00a0prisi\u00f3n, \u00a0el \u00a0de \u00a0concierto \u00a0para delinquir agravado por las circunstancias del \u00a0art\u00edculo \u00a0342 \u00a0ib\u00eddem, \u00a0parte \u00a0de \u00a064 \u00a0meses de prisi\u00f3n, y el prevaricato por \u00a0omisi\u00f3n inicia en 32 meses-. \u00a0\u00a0<\/p>\n<p>Empero, advertidos de que el delito estimado \u00a0m\u00e1s \u00a0grave \u00a0no \u00a0oper\u00f3 \u00a0\u00fanico \u00a0y\u00a0 \u00a0se \u00a0ejecut\u00f3 \u00a0en \u00a0varias \u00a0ciudades, es \u00a0necesario desechar este como factor definitorio del tema debatido. \u00a0\u00a0<\/p>\n<p>En \u00a0consecuencia, ha de acudirse al t\u00f3pico \u00a0de \u00a0la \u00a0pluralidad \u00a0de ilicitudes y, as\u00ed, es f\u00e1cil advertir que el sitio donde \u00a0se \u00a0ejecut\u00f3 el mayor n\u00famero de delitos, acorde con lo consignado en el escrito \u00a0de \u00a0acusaci\u00f3n, \u00a0lo \u00a0es \u00a0la ciudad de Monter\u00eda (cuando menos 8 casos de fleteo, \u00a0hurto \u00a0 \u00a0 a \u00a0 \u00a0 residencias \u00a0 \u00a0y \u00a0 \u00a0locales \u00a0 \u00a0comerciales, \u00a0 \u00a0y \u00a0 \u00a0\u201cdesactivaci\u00f3n \u00a0de \u00a0alarmas\u201d, \u00a0fueron \u00a0radicados all\u00ed). \u00a0\u00a0<\/p>\n<p>En \u00a0consecuencia, \u00a0la \u00a0Corte \u00a0Asignar\u00e1 \u00a0el \u00a0conocimiento \u00a0de \u00a0la \u00a0fase \u00a0del juicio, en el presente asunto, al Juez Penal del \u00a0Circuito \u00a0de \u00a0Monter\u00eda \u00a0(r), \u00a0a \u00a0donde \u00a0se enviar\u00e1 la correspondiente carpeta. \u00a0\u00a0<\/p>\n<p>A \u00a0manera \u00a0de \u00a0necesario \u00a0colof\u00f3n, debe la \u00a0Corte \u00a0advertir \u00a0la \u00a0enorme \u00a0ligereza \u00a0con \u00a0la cual confeccion\u00f3 la Fiscal\u00eda el \u00a0escrito \u00a0de acusaci\u00f3n, en tanto, si se conoce la importancia toral que el mismo \u00a0tiene \u00a0para \u00a0dar \u00a0paso \u00a0al \u00a0juicio \u00a0garantizando \u00a0el debido proceso y derecho de \u00a0defensa, \u00a0pero \u00a0adem\u00e1s, \u00a0se \u00a0advierte que lo all\u00ed precisado sirve de referente \u00a0respecto \u00a0de \u00a0aspectos \u00a0procedimentales \u00a0de \u00a0enorme \u00a0valor, \u00a0cual \u00a0sucede con la \u00a0determinaci\u00f3n \u00a0de \u00a0competencia territorial y funcional, no es posible que en el \u00a0mismo \u00a0dejen de consignarse elementos fundamentales, entre los cuales destaca la \u00a0determinaci\u00f3n \u00a0concreta de las circunstancias temporo- espaciales y modales que \u00a0gobiernan \u00a0cada \u00a0una \u00a0de \u00a0las \u00a0ilicitudes \u00a0atribuidas a los varios acusados, con \u00a0precisi\u00f3n \u00a0 de \u00a0 la \u00a0intervenci\u00f3n \u00a0que \u00a0cada \u00a0uno \u00a0de \u00a0ellos \u00a0tuvo \u00a0en \u00a0estas. \u00a0\u00a0<\/p>\n<p>Ello, \u00a0para el caso en examen, porque si se \u00a0hubiese \u00a0determinado \u00a0delito \u00a0m\u00e1s \u00a0grave \u00a0el \u00a0concierto \u00a0para \u00a0delinquir \u00a0o \u00a0la \u00a0concusi\u00f3n, \u00a0no \u00a0ser\u00eda \u00a0posible \u00a0asignar \u00a0el lugar de adelantamiento del juicio \u00a0ante \u00a0la \u00a0nula informaci\u00f3n que se allega en torno de d\u00f3nde, cu\u00e1ndo y c\u00f3mo se \u00a0materializaron estas conductas punibles.\u00a0 \u00a0\u00a0<\/p>\n<p>En \u00a0m\u00e9rito \u00a0a lo expuesto, la Corte \u00a0Suprema \u00a0de \u00a0Justicia, \u00a0Sala \u00a0de \u00a0Casaci\u00f3n Penal, \u00a0\u00a0<\/p>\n<p>RESUELVE \u00a0<\/p>\n<p>\u00a0 \u00a0\u00a0 \u00a0\u00a0 \u00a0DECLARAR\u00a0 \u00a0que \u00a0el \u00a0conocimiento para \u00a0conocer \u00a0del \u00a0tr\u00e1mite \u00a0propio \u00a0del \u00a0juicio, \u00a0corresponde \u00a0al \u00a0Juzgado Penal del \u00a0Circuito \u00a0(r) de Monter\u00eda, C\u00f3rdoba, conforme con las motivaciones plasmadas en \u00a0el cuerpo del presente prove\u00eddo. \u00a0\u00a0<\/p>\n<p>\u00a0 \u00a0\u00a0 \u00a0\u00a0 \u00a0Env\u00edese \u00a0lo \u00a0actuado \u00a0a \u00a0esa \u00a0oficina \u00a0judicial \u00a0e inf\u00f3rmese de lo \u00a0decidido al Juzgado 31 Penal del Circuito de Bogot\u00e1. \u00a0\u00a0<\/p>\n<p>\u00a0 \u00a0\u00a0 \u00a0\u00a0 \u00a0Contra esta decisi\u00f3n no procede recurso alguno. \u00a0\u00a0<\/p>\n<p>C\u00famplase. \u00a0<\/p>\n<p>JOS\u00c9 LUIS BARCEL\u00d3 CAMACHO \u00a0<\/p>\n<p>FERNANDO ALBERTO CASTRO CABALLERO \u00a0<\/p>\n<p>JOS\u00c9 LEONIDAS BUSTOS MART\u00cdNEZ \u00a0<\/p>\n<p>EUGENIO FERN\u00c1NDEZ CARLIER \u00a0<\/p>\n<p>MAR\u00cdA DEL ROSARIO GONZ\u00c1LEZ MU\u00d1OZ \u00a0<\/p>\n<p>GUSTAVO ENRIQUE MALO FERN\u00c1NDEZ \u00a0<\/p>\n<p>EYDER PATI\u00d1O CABRERA \u00a0<\/p>\n<p>PATRICIA SALAZAR CU\u00c9LLAR \u00a0<\/p>\n<p>LUIS GUILLERMO SALAZAR OTERO \u00a0<\/p>\n<p>Nubia Yolanda Nova Garc\u00eda \u00a0<\/p>\n<p>Secretaria \u00a0 \u00a0<\/p>\n<p>1 \u00a0Radicado 41532, del 19 de junio de 2013 \u00a0 \u00a0\u00a0<\/p>\n<p><\/p>\n","protected":false},"excerpt":{"rendered":"<p>\u00a0 \u00a0 CORTE SUPREMA DE JUSTICIA \u00a0 SALA DE CASACI\u00d3N PENAL \u00a0 GUSTAVO ENRIQUE MALO FERN\u00c1NDEZ \u00a0 Magistrado ponente \u00a0 AP714-2015 \u00a0 Radicado N\u00b0 45347. \u00a0 Aprobado acta No. 61. \u00a0 Bogot\u00e1, \u00a0D.C., diecisiete (17) de febrero de \u00a0dos mil quince (2015). \u00a0\u00a0 V \u00a0 \u00a0I \u00a0 \u00a0S \u00a0 T \u00a0 O \u00a0S \u00a0\u00a0 De [&hellip;]<\/p>\n","protected":false},"author":1,"featured_media":0,"comment_status":"open","ping_status":"open","sticky":false,"template":"","format":"standard","meta":{"footnotes":""},"categories":[23],"tags":[],"class_list":["post-31839","post","type-post","status-publish","format-standard","hentry","category-23"],"_links":{"self":[{"href":"https:\/\/dmsjuridica.com\/buscador_20179478954\/salapenalcronologico20230723\/wp-json\/wp\/v2\/posts\/31839","targetHints":{"allow":["GET"]}}],"collection":[{"href":"https:\/\/dmsjuridica.com\/buscador_20179478954\/salapenalcronologico20230723\/wp-json\/wp\/v2\/posts"}],"about":[{"href":"https:\/\/dmsjuridica.com\/buscador_20179478954\/salapenalcronologico20230723\/wp-json\/wp\/v2\/types\/post"}],"author":[{"embeddable":true,"href":"https:\/\/dmsjuridica.com\/buscador_20179478954\/salapenalcronologico20230723\/wp-json\/wp\/v2\/users\/1"}],"replies":[{"embeddable":true,"href":"https:\/\/dmsjuridica.com\/buscador_20179478954\/salapenalcronologico20230723\/wp-json\/wp\/v2\/comments?post=31839"}],"version-history":[{"count":0,"href":"https:\/\/dmsjuridica.com\/buscador_20179478954\/salapenalcronologico20230723\/wp-json\/wp\/v2\/posts\/31839\/revisions"}],"wp:attachment":[{"href":"https:\/\/dmsjuridica.com\/buscador_20179478954\/salapenalcronologico20230723\/wp-json\/wp\/v2\/media?parent=31839"}],"wp:term":[{"taxonomy":"category","embeddable":true,"href":"https:\/\/dmsjuridica.com\/buscador_20179478954\/salapenalcronologico20230723\/wp-json\/wp\/v2\/categories?post=31839"},{"taxonomy":"post_tag","embeddable":true,"href":"https:\/\/dmsjuridica.com\/buscador_20179478954\/salapenalcronologico20230723\/wp-json\/wp\/v2\/tags?post=31839"}],"curies":[{"name":"wp","href":"https:\/\/api.w.org\/{rel}","templated":true}]}}