{"id":31764,"date":"2023-09-13T17:39:30","date_gmt":"2023-09-13T17:39:30","guid":{"rendered":"https:\/\/dmsjuridica.com\/buscador_20179478954\/salapenalcronologico20230723\/2023\/09\/13\/ap6660-201546620\/"},"modified":"2023-09-13T17:39:30","modified_gmt":"2023-09-13T17:39:30","slug":"ap6660-201546620","status":"publish","type":"post","link":"https:\/\/dmsjuridica.com\/buscador_20179478954\/salapenalcronologico20230723\/2023\/09\/13\/ap6660-201546620\/","title":{"rendered":"AP6660-2015(46620)"},"content":{"rendered":"\n<p>\u00a0 \u00a0 CORTE SUPREMA DE JUSTICIA \u00a0<\/p>\n<p>SALA DE CASACI\u00d3N PENAL \u00a0<\/p>\n<p>PATRICIA SALAZAR CU\u00c9LLAR \u00a0<\/p>\n<p>Magistrada Ponente \u00a0<\/p>\n<p>AP6660- 2015 \u00a0\u00a0<\/p>\n<p>Radicaci\u00f3n \u00a0 \u00a0No. \u00a0 \u00a046.620 \u00a0\u00a0<\/p>\n<p>Acta \u00a0 \u00a0 \u00a0 \u00a0 No.403 \u00a0\u00a0<\/p>\n<p>Bogot\u00e1 D.C., once \u00a0(11) \u00a0 \u00a0de \u00a0 \u00a0noviembre \u00a0 \u00a0de \u00a0 \u00a0dos \u00a0 mil \u00a0 quince \u00a0(2015). \u00a0\u00a0<\/p>\n<p>Una vez efectuado el sorteo de Conjueces de \u00a0esta \u00a0 \u00a0 \u00a0 \u00a0 \u00a0 \u00a0 \u00a0 \u00a0 \u00a0 Corporaci\u00f3n1, \u00a0 \u00a0 \u00a0 \u00a0 corresponde \u00a0 \u00a0a \u00a0 \u00a0la \u00a0 \u00a0Sala \u00a0 pronunciarse \u00a0 sobre \u00a0 el \u00a0 \u00a0 \u00a0 impedimento \u00a0 \u00a0 \u00a0 manifestado \u00a0 \u00a0 \u00a0 por \u00a0 \u00a0 \u00a0 los \u00a0 \u00a0H. \u00a0Magistrados \u00a0 JOS\u00c9 \u00a0LUIS \u00a0BARCEL\u00d3 \u00a0CAMACHO, \u00a0JOS\u00c9 \u00a0LEONIDAS \u00a0BUSTOS \u00a0MART\u00cdNEZ, \u00a0FERNANDO \u00a0ALBERTO \u00a0CASTRO CABALLERO, EYDER PATI\u00d1O \u00a0CABRERA \u00a0 y \u00a0 LUIS \u00a0 GUILLERMO \u00a0 SALAZAR \u00a0 OTERO \u00a0con \u00a0fundamento \u00a0en lo dispuesto \u00a0en el numeral 6\u00ba del art\u00edculo 56 y 197 de la Ley 906 de 2004. \u00a0\u00a0<\/p>\n<p>Lo \u00a0anterior, \u00a0porque \u00a0los \u00a0H. \u00a0Magistrados \u00a0JOS\u00c9 \u00a0LUIS \u00a0BARCEL\u00d3 \u00a0CAMACHO, JOS\u00c9 LEONIDAS BUSTOS \u00a0MART\u00cdNEZ, \u00a0 FERNANDO \u00a0 ALBERTO \u00a0 CASTRO \u00a0CABALLERO \u00a0y \u00a0LUIS \u00a0GUILLERMO \u00a0SALAZAR \u00a0OTERO \u00a0como integrantes de la Sala de Casaci\u00f3n Penal \u00a0de \u00a0la \u00a0Corte Suprema de Justicia, suscribieron la providencia del 16 de mayo de \u00a02012, \u00a0Rad. \u00a038.191, mediante la cual esta Corporaci\u00f3n inadmiti\u00f3 la demanda de \u00a0casaci\u00f3n \u00a0formulada \u00a0por \u00a0el representante judicial de Abelardo Montes Su\u00e1rez, \u00a0co \u00a0procesado \u00a0en \u00a0la \u00a0misma \u00a0causa \u00a0de \u00a0H\u00c9CTOR \u00a0HERNEY BECERRA GUERRERO, al no \u00a0observar \u00a0 irregularidades \u00a0 en \u00a0la \u00a0actuaci\u00f3n, \u00a0pronunciamiento \u00a0que \u00a0se \u00a0hace \u00a0extensivo a los dem\u00e1s procesados. \u00a0\u00a0<\/p>\n<p>Por su parte, el H. Magistrado EYDER \u00a0PATI\u00d1O \u00a0CABRERA, se manifest\u00f3 impedido al haber suscrito el \u00a0concepto \u00a0del 13 de junio de \u00a02012, \u00a0en \u00a0el \u00a0cual \u00a0como Procurador Segundo Delegado para la Casaci\u00f3n Penal se \u00a0abstuvo \u00a0de \u00a0insistir \u00a0ante \u00a0esta \u00a0Corporaci\u00f3n \u00a0para la aceptaci\u00f3n del recurso \u00a0extraordinario \u00a0 \u00a0de \u00a0 \u00a0Casaci\u00f3n \u00a0 \u00a0promovido \u00a0 \u00a0a \u00a0 nombre \u00a0 de \u00a0 Montes Su\u00e1rez. \u00a0\u00a0<\/p>\n<p>En ambas situaciones se configura la causal \u00a0aludida \u00a0 \u00a0 \u00a0del \u00a0 \u00a0 C\u00f3digo \u00a0 \u00a0 de \u00a0 \u00a0 Procedimiento \u00a0 \u00a0 Penal \u00a0 \u00a0 (Num. \u00a06\u00ba art. art\u00edculo 56 y 197\u00a0 \u00a0Ley \u00a0 \u00a0 \u00a0906 \u00a0 \u00a0 \u00a0de \u00a0 \u00a0 \u00a02004) \u00a0 \u00a0 \u00a0consistente \u00a0 \u00a0 \u00a0en \u00a0 \u00a0 \u00a0que \u00a0 \u00a0 \u00abel \u00a0funcionario\u2026hubiere \u00a0 \u00a0 participado \u00a0 \u00a0 dentro \u00a0 \u00a0 del \u00a0 \u00a0 proceso\u00bb, \u00a0 \u00a0 por \u00a0 \u00a0 ello \u00a0 \u00a0 los \u00a0suscritos \u00a0Magistrados \u00a0y \u00a0Conjueces \u00a0aceptamos el impedimento \u00a0propuesto \u00a0y en consecuencia, los H. Magistrados JOS\u00c9 \u00a0LUIS \u00a0BARCEL\u00d3 CAMACHO, JOS\u00c9 LEONIDAS BUSTOS MART\u00cdNEZ, FERNANDO ALBERTO CASTRO \u00a0CABALLERO, \u00a0EYDER \u00a0PATI\u00d1O \u00a0CABRERA \u00a0y \u00a0LUIS GUILLERMO SALAZAR OTERO, ser\u00e1n separados del conocimiento de este asunto. \u00a0\u00a0<\/p>\n<p>Comun\u00edquese y c\u00famplase \u00a0<\/p>\n<p>EUGENIO FERN\u00c1NDEZ CARLIER \u00a0<\/p>\n<p>Magistrado \u00a0<\/p>\n<p>GUSTAVO ENRIQUE MALO FERN\u00c1NDEZ \u00a0<\/p>\n<p>Magistrado \u00a0<\/p>\n<p>PATRICIA SALAZAR CU\u00c9LLAR \u00a0<\/p>\n<p>Magistrada \u00a0<\/p>\n<p>ALEJANDRO DAVID APONTE CARDONA \u00a0<\/p>\n<p>Conjuez \u00a0<\/p>\n<p>ALFONSO DAZA GONZ\u00c1LEZ \u00a0<\/p>\n<p>Conjuez \u00a0<\/p>\n<p>ABEL DAR\u00cdO GONZ\u00c1LEZ SALAZAR \u00a0<\/p>\n<p>Conjuez \u00a0<\/p>\n<p>MAURICIO LUNA BISBAL \u00a0<\/p>\n<p>Conjuez \u00a0<\/p>\n<p>RICARDO POSADA MAYA \u00a0<\/p>\n<p>Conjuez \u00a0<\/p>\n<p>NUBIA YOLANDA NOVA GARC\u00cdA \u00a0<\/p>\n<p>Secretaria \u00a0\u00a0<\/p>\n<p>\u00a0 \u00a0\u00a0<\/p>\n<p>1 \u00a0Conforme se orden\u00f3 por auto de 7 de octubre de 2015. \u00a0Flo 274 Cdo de la Corte. \u00a0 \u00a0\u00a0<\/p>\n<p><\/p>\n","protected":false},"excerpt":{"rendered":"<p>\u00a0 \u00a0 CORTE SUPREMA DE JUSTICIA \u00a0 SALA DE CASACI\u00d3N PENAL \u00a0 PATRICIA SALAZAR CU\u00c9LLAR \u00a0 Magistrada Ponente \u00a0 AP6660- 2015 \u00a0\u00a0 Radicaci\u00f3n \u00a0 \u00a0No. \u00a0 \u00a046.620 \u00a0\u00a0 Acta \u00a0 \u00a0 \u00a0 \u00a0 No.403 \u00a0\u00a0 Bogot\u00e1 D.C., once \u00a0(11) \u00a0 \u00a0de \u00a0 \u00a0noviembre \u00a0 \u00a0de \u00a0 \u00a0dos \u00a0 mil \u00a0 quince \u00a0(2015). \u00a0\u00a0 Una vez [&hellip;]<\/p>\n","protected":false},"author":1,"featured_media":0,"comment_status":"open","ping_status":"open","sticky":false,"template":"","format":"standard","meta":{"footnotes":""},"categories":[23],"tags":[],"class_list":["post-31764","post","type-post","status-publish","format-standard","hentry","category-23"],"_links":{"self":[{"href":"https:\/\/dmsjuridica.com\/buscador_20179478954\/salapenalcronologico20230723\/wp-json\/wp\/v2\/posts\/31764","targetHints":{"allow":["GET"]}}],"collection":[{"href":"https:\/\/dmsjuridica.com\/buscador_20179478954\/salapenalcronologico20230723\/wp-json\/wp\/v2\/posts"}],"about":[{"href":"https:\/\/dmsjuridica.com\/buscador_20179478954\/salapenalcronologico20230723\/wp-json\/wp\/v2\/types\/post"}],"author":[{"embeddable":true,"href":"https:\/\/dmsjuridica.com\/buscador_20179478954\/salapenalcronologico20230723\/wp-json\/wp\/v2\/users\/1"}],"replies":[{"embeddable":true,"href":"https:\/\/dmsjuridica.com\/buscador_20179478954\/salapenalcronologico20230723\/wp-json\/wp\/v2\/comments?post=31764"}],"version-history":[{"count":0,"href":"https:\/\/dmsjuridica.com\/buscador_20179478954\/salapenalcronologico20230723\/wp-json\/wp\/v2\/posts\/31764\/revisions"}],"wp:attachment":[{"href":"https:\/\/dmsjuridica.com\/buscador_20179478954\/salapenalcronologico20230723\/wp-json\/wp\/v2\/media?parent=31764"}],"wp:term":[{"taxonomy":"category","embeddable":true,"href":"https:\/\/dmsjuridica.com\/buscador_20179478954\/salapenalcronologico20230723\/wp-json\/wp\/v2\/categories?post=31764"},{"taxonomy":"post_tag","embeddable":true,"href":"https:\/\/dmsjuridica.com\/buscador_20179478954\/salapenalcronologico20230723\/wp-json\/wp\/v2\/tags?post=31764"}],"curies":[{"name":"wp","href":"https:\/\/api.w.org\/{rel}","templated":true}]}}