{"id":31586,"date":"2023-09-13T17:38:19","date_gmt":"2023-09-13T17:38:19","guid":{"rendered":"https:\/\/dmsjuridica.com\/buscador_20179478954\/salapenalcronologico20230723\/2023\/09\/13\/ap5864-201546906\/"},"modified":"2023-09-13T17:38:19","modified_gmt":"2023-09-13T17:38:19","slug":"ap5864-201546906","status":"publish","type":"post","link":"https:\/\/dmsjuridica.com\/buscador_20179478954\/salapenalcronologico20230723\/2023\/09\/13\/ap5864-201546906\/","title":{"rendered":"AP5864-2015(46906)"},"content":{"rendered":"\n<p>\u00a0 \u00a0 \u00a0\u00a0<\/p>\n<p>CORTE SUPREMA DE JUSTICIA \u00a0<\/p>\n<p>SALA DE CASACI\u00d3N PENAL \u00a0<\/p>\n<p>FERNANDO ALBERTO CASTRO CABALLERO \u00a0<\/p>\n<p>Magistrado \u00a0 \u00a0 \u00a0Ponente: \u00a0\u00a0<\/p>\n<p>Radicado No.\u00a0 46906 \u00a0<\/p>\n<p>AP5864-2015 \u00a0<\/p>\n<p>Aprobado Acta N\u00b0 356 \u00a0<\/p>\n<p>Bogot\u00e1, D. C., siete (07) de octubre de dos \u00a0mil quince (2015). \u00a0\u00a0<\/p>\n<p>VISTOS: \u00a0<\/p>\n<p>\u00a0 \u00a0\u00a0 \u00a0\u00a0 \u00a0Procede \u00a0la Sala a pronunciarse sobre la impugnaci\u00f3n de competencia \u00a0presentada \u00a0al \u00a0inicio \u00a0de \u00a0la \u00a0audiencia \u00a0de \u00a0formulaci\u00f3n de acusaci\u00f3n por el \u00a0abogado \u00a0 \u00a0defensor \u00a0 \u00a0de \u00a0 \u00a0JULIANNY \u00a0 ANDREA \u00a0 \u00a0 \u00a0 \u00a0 \u00a0 \u00a0VARGAS \u00a0M\u00c1RQUEZ, \u00a0 imputada \u00a0del \u00a0delito \u00a0de \u00a0fuga de presos, en la cual se afirma que el Juzgado Noveno Penal del \u00a0Circuito \u00a0de \u00a0Bucaramanga \u00a0carece \u00a0de \u00a0competencia \u00a0para \u00a0adelantar \u00a0la \u00a0fase de \u00a0juicio. \u00a0\u00a0<\/p>\n<p>HECHOS: \u00a0<\/p>\n<p>Fueron \u00a0relatados \u00a0los \u00a0hechos \u00a0objeto \u00a0de \u00a0investigaci\u00f3n en el escrito de acusaci\u00f3n as\u00ed: \u00a0\u00a0<\/p>\n<p>\u00abel 8 de abril de \u00a02014 \u00a0a \u00a0las \u00a03 \u00a0y \u00a005 \u00a0de \u00a0la \u00a0ma\u00f1ana \u00a0la polic\u00eda de vigilancia en labores de \u00a0verificaci\u00f3n \u00a0de \u00a0antecedentes, \u00a0por \u00a0la seguridad ciudadana en el municipio de \u00a0Bucaramanga, \u00a0por \u00a0el \u00a0sector \u00a0de \u00a0la \u00a0calle \u00a010 \u00a0con \u00a0carrera \u00a027 del barrio La \u00a0Universidad, \u00a0 \u00a0 \u00a0solicit\u00f3\u2026 \u00a0 \u00a0 [a] \u00a0 la \u00a0 ciudadana \u00a0GALVIS \u00a0ESTEBAN \u00a0[sus \u00a0documentos \u00a0 de \u00a0identificaci\u00f3n.] \u00a0Al \u00a0consultar \u00a0el \u00a0sistema \u00a0 SPOA \u00a0 [evidenciaron \u00a0que \u00a0le \u00a0hab\u00eda \u00a0sido \u00a0impuesta] \u00a0 una \u00a0 \u201cmedida \u00a0 de \u00a0 aseguramiento \u00a0de \u00a0detenci\u00f3n \u00a0preventiva \u00a0en \u00a0lugar \u00a0de \u00a0residencia \u00a0calle 6 CN #7E -84, barrio la \u00a0Ceiba \u00a0II, en C\u00facuta, Norte de Santander\u201d. Informaci\u00f3n que fue confirmada al \u00a0consultar la p\u00e1gina Web SISIPEC\u00bb. \u00a0\u00a0<\/p>\n<p>ANTECEDENTES: \u00a0<\/p>\n<p>El \u00a08 de abril de 2014, ante el Juez Segundo \u00a0Penal \u00a0Municipal con funci\u00f3n de control de garant\u00edas ambulante de Bucaramanga, \u00a0se \u00a0realiz\u00f3 audiencia de legalizaci\u00f3n de captura y formulaci\u00f3n de imputaci\u00f3n \u00a0en contra de JULIANNY ANDREA VARGAS M\u00c1RQUEZ. \u00a0\u00a0<\/p>\n<p>El \u00a016 de julio de la referida anualidad, la \u00a0Fiscal\u00eda \u00a0S\u00e9ptima \u00a0Seccional \u00a0de \u00a0Bucaramanga present\u00f3 escrito de acusaci\u00f3n, \u00a0correspondiendo \u00a0por \u00a0reparto \u00a0su \u00a0conocimiento \u00a0al \u00a0Juzgado \u00a0Noveno \u00a0Penal \u00a0del \u00a0Circuito \u00a0con funciones de conocimiento de esa localidad, cuyo titular, el 16 de \u00a0septiembre \u00a0de \u00a02015 \u00a0instal\u00f3 \u00a0la \u00a0audiencia \u00a0de formulaci\u00f3n de acusaci\u00f3n, al \u00a0interior \u00a0de \u00a0la \u00a0cual \u00a0el \u00a0abogado \u00a0defensor \u00a0impugn\u00f3 la competencia de aquel, \u00a0aduciendo, \u00a0 \u00a0en \u00a0 \u00a0esencia, \u00a0 \u00a0que \u00a0 \u00a0aunque \u00a0 la \u00a0 captura \u00a0 de \u00a0 JULIANNY \u00a0 ANDREA \u00a0 VARGAS \u00a0 M\u00c1RQUEZ \u00a0se \u00a0produjo \u00a0en la ciudad de Bucaramanga, \u00e9sta deb\u00eda estar recluida, en detenci\u00f3n \u00a0domiciliaria, \u00a0en \u00a0\u00abla calle 6 CN #7E -84, barrio la \u00a0Ceiba \u00a0 \u00a0 \u00a0II, \u00a0 \u00a0 \u00a0en \u00a0 \u00a0 \u00a0C\u00facuta, \u00a0 \u00a0 \u00a0Norte \u00a0 \u00a0 de \u00a0 \u00a0 Santander\u00bb1, \u00a0 y \u00a0 por \u00a0 tanto \u00a0 que \u00a0 es \u00a0 all\u00ed \u00a0donde \u00a0se \u00a0dio \u00a0la \u00a0fuga \u00a0de \u00a0presos. \u00a0\u00a0<\/p>\n<p>La \u00a0anterior impugnaci\u00f3n de competencia fue \u00a0apoyada \u00a0por \u00a0la \u00a0representante \u00a0de \u00a0la \u00a0Fiscal\u00eda \u00a0General de la Naci\u00f3n, quien \u00a0reiter\u00f3 \u00a0que \u00a0conforme \u00a0al criterio jurisprudencial2 \u00a0invocado \u00a0por \u00a0la defensa, la \u00a0conducta \u00a0t\u00edpica \u00a0subexamine \u00a0(fuga \u00a0de presos) tuvo ocurrencia en la ciudad de \u00a0C\u00facuta, \u00a0siendo \u00a0el \u00a0Juez \u00a0de \u00a0esa \u00a0ciudad \u00a0a \u00a0quien le corresponde conocer del \u00a0juicio, \u00a0 independientemente \u00a0 de \u00a0que \u00a0la \u00a0procesada \u00a0haya \u00a0sido \u00a0capturada \u00a0en \u00a0Bucaramanga. \u00a0\u00a0<\/p>\n<p>El \u00a0Juez \u00a0Noveno \u00a0Penal \u00a0del \u00a0Circuito \u00a0de \u00a0Bucaramanga \u00a0tras \u00a0avalar \u00a0las \u00a0anteriores reflexiones, se declar\u00f3 incompetente \u00a0para \u00a0conocer \u00a0del \u00a0caso, \u00a0ordenando la remisi\u00f3n del asunto a esta Corporaci\u00f3n \u00a0para \u00a0que \u00a0decida \u00a0lo \u00a0pertinente, \u00a0bajo \u00a0la consideraci\u00f3n de que se involucran \u00a0distintos distritos judiciales. \u00a0\u00a0<\/p>\n<p>CONSIDERACIONES DE LA CORTE: \u00a0<\/p>\n<p>Conforme a lo regulado en el numeral 4\u00ba del \u00a0art\u00edculo \u00a032 \u00a0de \u00a0la \u00a0Ley \u00a0906 \u00a0de \u00a02004, \u00a0le corresponde a la Corte definir la \u00a0competencia \u00a0para conocer del presente juicio que se inici\u00f3 contra JULIANNY \u00a0ANDREA \u00a0VARGAS \u00a0M\u00c1RQUEZ por el \u00a0delito de fuga de presos. \u00a0\u00a0<\/p>\n<p>El \u00a0art\u00edculo \u00a043 \u00a0de \u00a0la \u00a0Ley \u00a0906 \u00a0de 2004 \u00a0establece, en punto del factor territorial de competencia, que: \u00a0\u00a0<\/p>\n<p>\u00abEs competente para conocer del juzgamiento \u00a0el juez del lugar donde ocurri\u00f3 el delito. \u00a0\u00a0<\/p>\n<p>Cuando no fuere posible determinar el lugar \u00a0de \u00a0ocurrencia \u00a0del \u00a0hecho, \u00a0este se hubiere realizado en varios lugares, en uno \u00a0incierto \u00a0o \u00a0en \u00a0el \u00a0extranjero, la competencia del juez de conocimiento se fija \u00a0por \u00a0el \u00a0lugar \u00a0donde se formule acusaci\u00f3n por parte de la Fiscal\u00eda General de \u00a0la \u00a0Naci\u00f3n, lo cual har\u00e1 donde se encuentren los elementos fundamentales de la \u00a0acusaci\u00f3n\u00bb \u00a0\u00a0<\/p>\n<p>Adem\u00e1s, \u00a0sobre \u00a0el \u00a0delito \u00a0de fuga \u00a0de \u00a0presos, \u00a0la jurisprudencia de la \u00a0Sala \u00a0ha \u00a0determinado \u00a0que \u00a0el \u00a0mismo se consuma en forma instant\u00e1nea y produce \u00a0efectos \u00a0permanentes \u00a0a \u00a0partir del momento en que la persona legalmente privada \u00a0de \u00a0la \u00a0libertad, \u00a0desconoce \u00a0la \u00a0\u00f3rbita \u00a0de \u00a0custodia impuesta por el Estado y \u00a0resuelve \u00a0trasladarse \u00a0hacia \u00a0cualquier \u00a0otro \u00a0lugar sin permiso o autorizaci\u00f3n \u00a0expedida \u00a0 \u00a0 por \u00a0 \u00a0la \u00a0 \u00a0autoridad \u00a0 \u00a0competente3. \u00a0\u00a0<\/p>\n<p>En el presente evento, del supuesto f\u00e1ctico \u00a0delimitado \u00a0 en \u00a0 el \u00a0 escrito \u00a0de \u00a0acusaci\u00f3n \u00a0es \u00a0posible \u00a0establecer \u00a0que \u00a0la \u00a0imputada \u00a0JULIANNY \u00a0ANDREA \u00a0VARGAS \u00a0 M\u00c1RQUEZ \u00a0 se \u00a0 encontraba \u00a0 en \u00a0 detenci\u00f3n \u00a0domiciliaria \u00a0en \u00a0el \u00a0inmueble \u00a0de \u00abla calle 6 CN #7E \u00a0-84, \u00a0 barrio \u00a0 la \u00a0 Ceiba \u00a0 II, \u00a0en \u00a0C\u00facuta, \u00a0Norte \u00a0de \u00a0Santander\u00bb4, \u00a0lugar \u00a0del cual se sustrajo sin autorizaci\u00f3n legal, por tanto el \u00a0delito \u00a0de \u00a0fuga \u00a0de presos debe considerarse consumado en ese lugar, raz\u00f3n por \u00a0la \u00a0que \u00a0el juez competente para conocer del juicio es el Penal del Circuito con \u00a0Funciones de Conocimiento de esa municipalidad. \u00a0\u00a0<\/p>\n<p>As\u00ed \u00a0entonces, \u00a0sin \u00a0que \u00a0haya lugar a m\u00e1s \u00a0consideraciones, \u00a0la \u00a0Sala \u00a0asignar\u00e1 \u00a0la \u00a0competencia para conocer del presente \u00a0juicio \u00a0a \u00a0los \u00a0Juzgados \u00a0Penales \u00a0del Circuito con Funciones de Conocimiento de \u00a0C\u00facuta, \u00a0a \u00a0donde \u00a0de \u00a0inmediato \u00a0se \u00a0ordena remitir la presente actuaci\u00f3n, en \u00a0orden a que se someta al correspondiente reparto. \u00a0\u00a0<\/p>\n<p>En \u00a0m\u00e9rito \u00a0de \u00a0lo \u00a0expuesto, \u00a0LA \u00a0SALA \u00a0DE \u00a0CASACI\u00d3N PENAL DE LA CORTE SUPREMA DE JUSTICIA, \u00a0\u00a0<\/p>\n<p>R E S U E L V E: \u00a0<\/p>\n<p>1. \u00a0Declarar que la competencia para conocer \u00a0del \u00a0 \u00a0juicio \u00a0 \u00a0contra \u00a0 JULIANNY \u00a0 ANDREA \u00a0 VARGAS \u00a0M\u00c1RQUEZ, \u00a0por \u00a0el delito de fuga de presos, radica en \u00a0cabeza \u00a0de \u00a0los \u00a0Jueces \u00a0Penales \u00a0del \u00a0Circuito con Funciones de Conocimiento de \u00a0C\u00facuta, \u00a0 \u00a0a \u00a0 \u00a0donde \u00a0 \u00a0de \u00a0 inmediato \u00a0 se \u00a0 ordena \u00a0 remitir \u00a0 la \u00a0 presente \u00a0actuaci\u00f3n. \u00a0\u00a0<\/p>\n<p>2. \u00a0Comunicar \u00a0lo \u00a0decidido \u00a0a \u00a0las partes e \u00a0intervinientes \u00a0en este tr\u00e1mite judicial y al Juzgado Noveno Penal del Circuito \u00a0con Funciones de Conocimiento de Bucaramanga. \u00a0\u00a0<\/p>\n<p>Contra \u00a0esta \u00a0decisi\u00f3n \u00a0no \u00a0procede recurso \u00a0alguno. \u00a0\u00a0<\/p>\n<p>C\u00famplase. \u00a0<\/p>\n<p>Jos\u00e9 Luis Barcel\u00f3 Camacho \u00a0<\/p>\n<p>Jos\u00e9 Leonidas Bustos Mart\u00ednez \u00a0<\/p>\n<p>Fernando Alberto Castro Caballero \u00a0<\/p>\n<p>Eugenio Fern\u00e1ndez Carlier \u00a0<\/p>\n<p>Gustavo Enrique Malo Fern\u00e1ndez \u00a0<\/p>\n<p>Eyder Pati\u00f1o Cabrera \u00a0<\/p>\n<p>Patricia Salazar Cu\u00e9llar \u00a0<\/p>\n<p>Luis Guillermo Salazar Otero \u00a0<\/p>\n<p>Nubia Yolanda Nova Garc\u00eda \u00a0<\/p>\n<p>Secretaria \u00a0<\/p>\n<p>\u00a0\u00a0\u00a0\u00a0\u00a0\u00a0\u00a0\u00a0\u00a0\u00a0\u00a0\u00a0\u00a0\u00a0\u00a0\u00a0\u00a0\u00a0\u00a0\u00a0\u00a0\u00a0\u00a0\u00a0\u00a0\u00a0\u00a0\u00a0\u00a0\u00a0\u00a0\u00a0\u00a0\u00a0\u00a0\u00a0\u00a0\u00a0\u00a0\u00a0\u00a0\u00a0\u00a0\u00a0\u00a0\u00a0\u00a0\u00a0\u00a0 \u00a0\u00a0<\/p>\n<p>\u00a0 \u00a0\u00a0<\/p>\n<p>1 \u00a0Minuto 2:50 y s.s. de la audiencia de formulaci\u00f3n de acusaci\u00f3n. \u00a0\u00a0<\/p>\n<p>2 CSJ, \u00a0AP del 10 junio, radicado 46093. \u00a0\u00a0<\/p>\n<p>3 As\u00ed \u00a0en \u00a0 CSJ, \u00a0 AP \u00a05 \u00a0may \u00a02010, \u00a033915, \u00a0se \u00a0estableci\u00f3 \u00a0el \u00a0siguiente \u00a0criterio: \u00a0\u00abDe \u00a0las \u00a0premisas \u00a0precedentes \u00a0se sigue que de las \u00a0averiguaciones \u00a0hechas \u00a0por \u00a0la Fiscal\u00eda se ha establecido provisionalmente que \u00a0la \u00a0\u201cfuga\u201d, \u00a0conducta descrita en el tipo penal previsto en el art\u00edculo 448 \u00a0del \u00a0 C\u00f3digo \u00a0 Penal, \u00a0 pudo \u00a0ocurrir \u00a0en \u00a0La \u00a0jurisdicci\u00f3n \u00a0del \u00a0Distrito \u00a0de \u00a0Barranquilla, \u00a0lo \u00a0que hace plausible que el proceso sea conocido y decidido por \u00a0un \u00a0juez \u00a0de \u00a0dicha \u00a0municipalidad. \u00a0La \u00a0Sala \u00a0recuerda que el delito de fuga de \u00a0presos \u00a0se \u00a0consuma en forma instant\u00e1nea y produce efectos permanentes a partir \u00a0del \u00a0momento \u00a0en \u00a0que \u00a0la \u00a0persona \u00a0legalmente \u00a0privada \u00a0de la libertad, sin que \u00a0importe \u00a0el \u00a0lugar \u00a0en \u00a0que \u00a0se \u00a0ejecuta \u00a0la \u00a0medida cautelar personal o la pena \u00a0privativa \u00a0de \u00a0la \u00a0libertad \u00a0-que puede ser dentro de un sitio de reclusi\u00f3n, un \u00a0hospital \u00a0o \u00a0el \u00a0domicilio-, \u00a0desconoce \u00a0la \u00a0\u00f3rbita de custodia impuesta por el \u00a0Estado \u00a0y resuelve trasladarse hacia cualquier lugar sin permiso o autorizaci\u00f3n \u00a0expedida \u00a0por \u00a0la \u00a0autoridad \u00a0competente.\u00bb \u00a0En igual \u00a0sentido: \u00a0AP \u00a0del \u00a014 \u00a0de \u00a0marzo \u00a0de 2011, \u00a028 \u00a0de \u00a0marzo \u00a0de 2012 y 9 de abril de \u00a02014, \u00a020 \u00a0de \u00a0mayo \u00a0del 2015, radicados 36030, \u00a038616, \u00a043552 y 46002, respectivamente. \u00a0\u00a0<\/p>\n<p>4 \u00a0Minuto 2:50 y s.s. de la audiencia de formulaci\u00f3n de acusaci\u00f3n. \u00a0 \u00a0\u00a0<\/p>\n<p><\/p>\n","protected":false},"excerpt":{"rendered":"<p>\u00a0 \u00a0 \u00a0\u00a0 CORTE SUPREMA DE JUSTICIA \u00a0 SALA DE CASACI\u00d3N PENAL \u00a0 FERNANDO ALBERTO CASTRO CABALLERO \u00a0 Magistrado \u00a0 \u00a0 \u00a0Ponente: \u00a0\u00a0 Radicado No.\u00a0 46906 \u00a0 AP5864-2015 \u00a0 Aprobado Acta N\u00b0 356 \u00a0 Bogot\u00e1, D. C., siete (07) de octubre de dos \u00a0mil quince (2015). \u00a0\u00a0 VISTOS: \u00a0 \u00a0 \u00a0\u00a0 \u00a0\u00a0 \u00a0Procede \u00a0la Sala [&hellip;]<\/p>\n","protected":false},"author":1,"featured_media":0,"comment_status":"open","ping_status":"open","sticky":false,"template":"","format":"standard","meta":{"footnotes":""},"categories":[23],"tags":[],"class_list":["post-31586","post","type-post","status-publish","format-standard","hentry","category-23"],"_links":{"self":[{"href":"https:\/\/dmsjuridica.com\/buscador_20179478954\/salapenalcronologico20230723\/wp-json\/wp\/v2\/posts\/31586","targetHints":{"allow":["GET"]}}],"collection":[{"href":"https:\/\/dmsjuridica.com\/buscador_20179478954\/salapenalcronologico20230723\/wp-json\/wp\/v2\/posts"}],"about":[{"href":"https:\/\/dmsjuridica.com\/buscador_20179478954\/salapenalcronologico20230723\/wp-json\/wp\/v2\/types\/post"}],"author":[{"embeddable":true,"href":"https:\/\/dmsjuridica.com\/buscador_20179478954\/salapenalcronologico20230723\/wp-json\/wp\/v2\/users\/1"}],"replies":[{"embeddable":true,"href":"https:\/\/dmsjuridica.com\/buscador_20179478954\/salapenalcronologico20230723\/wp-json\/wp\/v2\/comments?post=31586"}],"version-history":[{"count":0,"href":"https:\/\/dmsjuridica.com\/buscador_20179478954\/salapenalcronologico20230723\/wp-json\/wp\/v2\/posts\/31586\/revisions"}],"wp:attachment":[{"href":"https:\/\/dmsjuridica.com\/buscador_20179478954\/salapenalcronologico20230723\/wp-json\/wp\/v2\/media?parent=31586"}],"wp:term":[{"taxonomy":"category","embeddable":true,"href":"https:\/\/dmsjuridica.com\/buscador_20179478954\/salapenalcronologico20230723\/wp-json\/wp\/v2\/categories?post=31586"},{"taxonomy":"post_tag","embeddable":true,"href":"https:\/\/dmsjuridica.com\/buscador_20179478954\/salapenalcronologico20230723\/wp-json\/wp\/v2\/tags?post=31586"}],"curies":[{"name":"wp","href":"https:\/\/api.w.org\/{rel}","templated":true}]}}