{"id":31584,"date":"2023-09-13T17:38:19","date_gmt":"2023-09-13T17:38:19","guid":{"rendered":"https:\/\/dmsjuridica.com\/buscador_20179478954\/salapenalcronologico20230723\/2023\/09\/13\/ap5824-201546883\/"},"modified":"2023-09-13T17:38:19","modified_gmt":"2023-09-13T17:38:19","slug":"ap5824-201546883","status":"publish","type":"post","link":"https:\/\/dmsjuridica.com\/buscador_20179478954\/salapenalcronologico20230723\/2023\/09\/13\/ap5824-201546883\/","title":{"rendered":"AP5824-2015(46883)"},"content":{"rendered":"\n<p>\u00a0 \u00a0 \u00a0\u00a0<\/p>\n<p>CORTE SUPREMA DE JUSTICIA \u00a0<\/p>\n<p>SALA DE CASACI\u00d3N PENAL \u00a0<\/p>\n<p>EUGENIO FERN\u00c1NDEZ CARLIER \u00a0<\/p>\n<p>Magistrado Ponente \u00a0<\/p>\n<p>AP5824-2015 \u00a0<\/p>\n<p>Radicaci\u00f3n N\u00ba 46.883 \u00a0<\/p>\n<p>Aprobado mediante Acta No. 352 \u00a0<\/p>\n<p>\u00a0 \u00a0\u00a0 \u00a0\u00a0 \u00a0\u00a0Bogot\u00e1, \u00a0 D.C., \u00a0 cinco \u00a0 (5) \u00a0 de \u00a0 octubre \u00a0 de \u00a0dos \u00a0mil \u00a0quince \u00a0(2015). \u00a0\u00a0<\/p>\n<p>ASUNTO \u00a0<\/p>\n<p>La \u00a0Sala \u00a0se \u00a0pronuncia sobre el conflicto de \u00a0competencia \u00a0suscitado \u00a0entre \u00a0los Juzgados 1\u00b0 Penal del Circuito Especializado \u00a0de \u00a0Antioquia \u00a0y \u00a0\u00danico \u00a0Penal \u00a0del \u00a0Circuito \u00a0de \u00a0Yarumal, en tanto uno y otro \u00a0reh\u00fasan \u00a0conocer \u00a0del \u00a0juzgamiento \u00a0promovido \u00a0contra \u00a0DARNIEL \u00a0ENRIQUE \u00a0BET\u00cdN \u00a0SIERRA, \u00a0AN\u00cdBAL \u00a0ANTONIO \u00a0JARAMILLO \u00a0MART\u00cdNEZ, \u00a0EUDIL ANTONIO HERRERA MORALES, \u00a0JAIRO \u00a0ALONSO LE\u00d3N CASTA\u00d1EDA, JUAN PABLO TORRES, LUIS EDUARDO PLAZAS CHAPARRO, \u00a0ARIZALDO \u00a0GUAMPE \u00a0TRUJILLO, \u00a0NE\u00cdR \u00a0VALENCIA \u00a0C\u00d3RDOBA, \u00a0EDWIN \u00a0ALBERTO BUITRAGO \u00a0HOLGU\u00cdN \u00a0e \u00a0IV\u00c1N \u00a0DAR\u00cdO MONTERROSA VERONA, acusados como coautores del delito \u00a0de homicidio en persona protegida. \u00a0\u00a0<\/p>\n<p>\u00a0 \u00a0\u00a0<\/p>\n<p>HECHOS \u00a0<\/p>\n<p>\u00a0 \u00a0 \u00a0\u00a0 \u00a0 \u00a0De \u00a0 acuerdo \u00a0con \u00a0la \u00a0resoluci\u00f3n \u00a0de \u00a0acusaci\u00f3n \u00a0de \u00a0segunda \u00a0instancia, \u00a0en \u00a0la ma\u00f1ana del 7 de octubre de 2005, en \u00a0zona \u00a0rural \u00a0del \u00a0municipio \u00a0de \u00a0Valdivia, \u00a0Antioquia, uniformados del Ej\u00e9rcito \u00a0Nacional \u00a0integrantes de la Compa\u00f1\u00eda Ant\u00edlope entablaron combate con unidades \u00a0del \u00a0 \u00a0grupo \u00a0 \u00a0guerrillero \u00a0 \u00a0FARC \u00a0 \u2013 EP. \u00a0\u00a0<\/p>\n<p>En desarrollo de la confrontaci\u00f3n, seg\u00fan se \u00a0consign\u00f3 \u00a0en \u00a0el \u00a0reporte \u00a0oficial \u00a0de \u00a0operaciones, \u00a0dieron \u00a0de baja a Herbert \u00a0Edilson \u00a0Arango \u00a0Cardona, \u00a0de \u00a019 \u00a0a\u00f1os \u00a0de edad, supuesto miembro de ese grupo \u00a0armado ilegal. \u00a0\u00a0<\/p>\n<p>No obstante, al tener conocimiento del deceso \u00a0de \u00a0Arango \u00a0Cardona los habitantes del lugar iniciaron una protesta y bloquearon \u00a0la \u00a0carretera \u00a0que \u00a0de \u00a0Medell\u00edn conduce a la Costa Atl\u00e1ntica porque el occiso \u00a0\u00abnada \u00a0 \u00a0ten\u00eda \u00a0 \u00a0que \u00a0 ver \u00a0 con \u00a0 organizaciones \u00a0subversivas\u00bb. \u00a0\u00a0<\/p>\n<p>ACTUACI\u00d3N PROCESAL RELEVANTE \u00a0<\/p>\n<p>1. Adelantadas las \u00a0pesquisas \u00a0correspondientes por raz\u00f3n de los hechos rese\u00f1ados, la Fiscal\u00eda 57 \u00a0de \u00a0la Unidad de Derechos Humanos y D.I.H., mediante resoluci\u00f3n de agosto 30 de \u00a02013, \u00a0acus\u00f3 \u00a0a \u00a0BET\u00cdN \u00a0SIERRA, \u00a0JARAMILLO \u00a0MART\u00cdNEZ, \u00a0HERRERA MORALES, LE\u00d3N \u00a0CASTA\u00d1EDA, \u00a0JUAN \u00a0PABLO \u00a0TORRES, \u00a0PLAZAS \u00a0CHAPARRO, \u00a0GUAMPE \u00a0TRUJILLO, VALENCIA \u00a0C\u00d3RDOBA, \u00a0BUITRAGO \u00a0HOLGU\u00cdN \u00a0y \u00a0MONTERROSA VERONA como coautores del delito de \u00a0homicidio \u00a0en \u00a0persona \u00a0protegida, descrito en el art\u00edculo 135 de la Ley 599 de \u00a02000. \u00a0\u00a0<\/p>\n<p>El \u00a0pliego \u00a0de \u00a0cargos fue recurrido por los \u00a0defensores \u00a0de los sindicados y confirmado en su integridad por la Fiscal\u00eda 3\u00b0 \u00a0Delegada \u00a0 ante \u00a0 el \u00a0Tribunal \u00a0Superior \u00a0de \u00a0Medell\u00edn \u00a0el \u00a025 \u00a0de \u00a0octubre \u00a0de \u00a02013. \u00a0\u00a0<\/p>\n<p>2. \u00a0El \u00a0asunto fue \u00a0repartido \u00a0para \u00a0el adelantamiento de la causa al Juzgado 1\u00b0 Penal del Circuito \u00a0Especializado \u00a0de \u00a0Antioquia, \u00a0que \u00a0a \u00a0trav\u00e9s \u00a0de \u00a0auto \u00a0de junio 19 de 2014 se \u00a0declar\u00f3 incompetente para conocer de la misma. \u00a0\u00a0<\/p>\n<p>Adujo que el delito objeto de acusaci\u00f3n, de \u00a0homicidio \u00a0en \u00a0persona \u00a0protegida, \u00a0no \u00a0es \u00a0de aqu\u00e9llos cuyo conocimiento est\u00e9 \u00a0asignado \u00a0a \u00a0los \u00a0Jueces \u00a0Penales \u00a0de Circuito Especializado en el art\u00edculo 5\u00b0 \u00a0transitorio \u00a0de \u00a0la \u00a0Ley \u00a0600 \u00a0de 2000, de tal suerte que, por virtud del factor \u00a0residual \u00a0de \u00a0competencia \u00a0previsto \u00a0en \u00a0el art\u00edculo 77 ib\u00eddem, le corresponde \u00a0adelantar el juzgamiento a los Jueces Penales del Circuito. \u00a0\u00a0<\/p>\n<p>Indic\u00f3 que el municipio en el que sucedieron \u00a0los \u00a0hechos investigados pertenece al Circuito Judicial de Yarumal, Antioquia, a \u00a0donde \u00a0en \u00a0consecuencia \u00a0orden\u00f3 \u00a0la \u00a0remisi\u00f3n inmediata del expediente para su \u00a0reparto. \u00a0\u00a0<\/p>\n<p>3. \u00a0Correspondieron \u00a0las \u00a0diligencias al Juzgado \u00danico Penal del Circuito de Yarumal, que en auto de \u00a017 \u00a0 de \u00a0 septiembre \u00a0\u00faltimo \u00a0manifest\u00f3 \u00a0la \u00a0incompetencia \u00a0para \u00a0conocer \u00a0del \u00a0juzgamiento. \u00a0\u00a0<\/p>\n<p>Adujo \u00a0la \u00a0funcionaria \u00a0que, \u00a0en \u00a0efecto, la \u00a0competencia \u00a0para \u00a0conocer \u00a0del \u00a0delito de homicidio en persona protegida de que \u00a0trata \u00a0el \u00a0art\u00edculo \u00a0135 \u00a0de la Ley 599 de 2000 est\u00e1 asignada legalmente a los \u00a0Jueces Penales del Circuito. \u00a0\u00a0<\/p>\n<p>No obstante, dijo, la revisi\u00f3n detallada del \u00a0expediente \u00a0permite \u00a0colegir \u00a0que \u00a0los \u00a0hechos \u00a0investigados no acaecieron en el \u00a0municipio de Valdivia sino en el de Taraz\u00e1. \u00a0\u00a0<\/p>\n<p>As\u00ed se desprende, entre otros documentos, de \u00a0la \u00a0solicitud \u00a0de autorizaci\u00f3n de movimiento de cad\u00e1ver, el acta de diligencia \u00a0de \u00a0levantamiento \u00a0de \u00a0cad\u00e1ver \u00a0y el radiograma de resultado de operaciones que \u00a0obran en la foliatura. \u00a0\u00a0<\/p>\n<p>De acuerdo con lo anterior y como quiera que \u00a0dicho \u00a0municipio \u00a0pertenece al Circuito Judicial de Caucasia, Antioquia, orden\u00f3 \u00a0el env\u00edo de la actuaci\u00f3n a ese lugar para su reparto. \u00a0\u00a0<\/p>\n<p>CONSIDERACIONES \u00a0<\/p>\n<p>1. \u00a0De conformidad \u00a0con \u00a0lo \u00a0dispuesto \u00a0en \u00a0el \u00a0art\u00edculo \u00a018 \u00a0transitorio \u00a0de \u00a0la \u00a0Ley 600 de 2000, \u00a0corresponde \u00a0a \u00a0la Sala definir el conflicto negativo de competencias suscitado, \u00a0m\u00e1xime \u00a0 que, \u00a0 de \u00a0 acuerdo \u00a0 con \u00a0 la \u00a0 jurisprudencia \u00a0de \u00a0la \u00a0Corporaci\u00f3n, \u00a0\u00absiempre que est\u00e9 en discusi\u00f3n la competencia de un \u00a0juzgado \u00a0penal de circuito especializado, es \u00e9ste el \u00f3rgano judicial encargado \u00a0de \u00a0dirimirla\u00bb1. \u00a0\u00a0<\/p>\n<p>2. El art\u00edculo 5\u00b0 \u00a0transitorio \u00a0de \u00a0la \u00a0Ley \u00a0600 de 2000 fija la competencia material de los Jueces \u00a0Penales \u00a0del \u00a0Circuito \u00a0Especializado \u00a0mediante \u00a0la \u00a0precisi\u00f3n \u00a0taxativa de los \u00a0delitos \u00a0cuyo \u00a0conocimiento \u00a0les ata\u00f1e y en ese listado no aparece contenido el \u00a0de \u00a0homicidio \u00a0en \u00a0persona protegida, definido en el art\u00edculo 135 de la Ley 599 \u00a0de 2000. \u00a0\u00a0<\/p>\n<p>Por \u00a0tal \u00a0raz\u00f3n \u00a0y \u00a0como \u00a0lo \u00a0ha \u00a0reiterado \u00a0insistentemente \u00a0 \u00a0 \u00a0 \u00a0 \u00a0 la \u00a0 \u00a0 \u00a0 \u00a0 \u00a0 Sala2, \u00a0compete a los Jueces Penales \u00a0del \u00a0Circuito \u00a0adelantar \u00a0los \u00a0juzgamientos promovidos por esa conducta punible, \u00a0como \u00a0quiera \u00a0el \u00a0literal \u00a0B \u00a0del \u00a0numeral \u00a01\u00b0 \u00a0del art\u00edculo 77 del C\u00f3digo de \u00a0Procedimiento \u00a0 Penal \u00a0que \u00a0rige \u00a0las \u00a0presentes \u00a0diligencias \u00a0les \u00a0atribuye \u00a0el \u00a0conocimiento \u00a0 \u00abde \u00a0 los \u00a0delitos cuyo juzgamiento no est\u00e9 atribuido a otra autoridad\u00bb. \u00a0\u00a0<\/p>\n<p>3. En lo que hace \u00a0al \u00a0factor \u00a0territorial \u00a0de \u00a0competencia, \u00a0invocado \u00a0por \u00a0el \u00a0Juzgado \u00a0Penal del \u00a0Circuito \u00a0de \u00a0Yarumal \u00a0para abstenerse de asumir el conocimiento de este asunto, \u00a0la \u00a0Sala \u00a0debe \u00a0partir por precisar que, al tenor del art\u00edculo 82 de la Ley 600 \u00a0de \u00a02000, \u00a0en principio corresponde conocer del juzgamiento al Juez del lugar en \u00a0que \u00a0ocurrieron \u00a0los \u00a0hechos, \u00a0conforme \u00a0la \u00a0divisi\u00f3n \u00a0judicial \u00a0del territorio \u00a0establecida en el canon 81 ib\u00eddem. \u00a0\u00a0<\/p>\n<p>No obstante y seg\u00fan lo prev\u00e9 el art\u00edculo \u00a083 \u00a0de esa codificaci\u00f3n, \u00abcuando la conducta punible \u00a0se \u00a0haya \u00a0realizado \u00a0en \u00a0varios \u00a0sitios, \u00a0en \u00a0lugar incierto o en el extranjero, \u00a0conocer\u00e1 \u00a0el \u00a0funcionario judicial competente por la naturaleza del asunto, del \u00a0territorio \u00a0en \u00a0el cual se haya formulado primero la denuncia o donde primero se \u00a0hubiere avocado la investigaci\u00f3n\u00bb. \u00a0\u00a0<\/p>\n<p>3.1 \u00a0En \u00a0el \u00a0sub \u00a0examine, \u00a0la \u00a0resoluci\u00f3n de acusaci\u00f3n de primer grado indica que los supuestos \u00a0combates \u00a0en \u00a0los \u00a0que \u00a0result\u00f3 \u00a0muerto Herbert Edilson Arango Cardona tuvieron \u00a0ocurrencia \u00a0en \u00a0\u00abel \u00a0sitio \u00a0Santa \u00a0Rosita \u00a0de \u00a0Puerto \u00a0Valdivia\u00bb; \u00a0 en \u00a0segunda \u00a0instancia, \u00a0el \u00a0instructor \u00a0indic\u00f3 \u00a0que \u00a0acaecieron en \u00abla finca Santa Rosita del \u00a0corregimiento \u00a0 \u00a0 de \u00a0 \u00a0Puerto \u00a0 \u00a0Valdivia \u00a0 \u00a0del \u00a0 \u00a0municipio \u00a0 \u00a0de \u00a0 \u00a0Valdivia \u00a0(Antioquia)\u00bb. \u00a0\u00a0<\/p>\n<p>Tambi\u00e9n \u00a0en la resoluci\u00f3n de 18 de febrero \u00a0de \u00a02013 \u00a0que \u00a0resolvi\u00f3 \u00a0la situaci\u00f3n jur\u00eddica de los incriminados se afirm\u00f3 \u00a0que \u00a0los \u00a0combates se desarrollaron en \u00abel sitio Santa \u00a0Rosita de Puerto Valdivia\u00bb. \u00a0\u00a0<\/p>\n<p>Esa aseveraci\u00f3n se soporta en varias piezas \u00a0procesales, \u00a0por \u00a0ejemplo, \u00a0el informe de operaciones suscrito por EDWIN ALBERTO \u00a0BUITRAGO \u00a0HOLGU\u00cdN \u00a0(fs. \u00a01 \u00a0a \u00a05, \u00a0c. \u00a01), \u00a0el oficio elaborado por el teniente \u00a0coronel \u00a0William \u00a0Galicia \u00a0Valderrama (f. 8, c. 1) y la ante orden de operaci\u00f3n \u00a0Escorpi\u00f3n \u00a0tambi\u00e9n \u00a0signada por este \u00faltimo (fs. 34 a 36, c. 1), conforme los \u00a0cuales los hechos investigados habr\u00edan sucedido en ese lugar. \u00a0\u00a0<\/p>\n<p>Sin \u00a0embargo, \u00a0otros \u00a0medios de conocimiento \u00a0efectivamente \u00a0dan cuenta de una realidad diversa, en concreto, que la muerte de \u00a0Arango Cardona aconteci\u00f3 en el municipio de Taraz\u00e1. \u00a0\u00a0<\/p>\n<p>As\u00ed \u00a0se sigue, verbigracia, de lo se\u00f1alado \u00a0en \u00a0la comunicaci\u00f3n de 7 de octubre de 2005, por medio de la cual el Comandante \u00a0del \u00a0Batall\u00f3n \u00a0de \u00a0Infanter\u00eda \u00a0No. \u00a031 \u00a0pidi\u00f3 \u00a0autorizaci\u00f3n \u00a0al Inspector de \u00a0Polic\u00eda \u00a0de \u00a0ese \u00a0lugar \u00a0para \u00a0\u00abel \u00a0movimiento de 01 \u00a0cad\u00e1ver \u00a0de \u00a0un \u00a0terrorista\u2026hechos ocurridos el d\u00eda 07 de octubre de 2005 en \u00a0el \u00a0 \u00a0\u00e1rea \u00a0 \u00a0general \u00a0 RIO \u00a0 rayo, \u00a0 Corregimiento \u00a0 de \u00a0 dice, \u00a0 municipio \u00a0 \u00a0de \u00a0 Taraz\u00e1, \u00a0 Antioquia\u00bb \u00a0(f. 100, c. 1). \u00a0\u00a0<\/p>\n<p>Igual se observa en otros documentos, como el \u00a0acta \u00a0de \u00a0la \u00a0diligencia \u00a0de levantamiento de cad\u00e1ver (f. 101, c.1) y el oficio \u00a0No. \u00a0069 \u00a0de \u00a0la \u00a0misma \u00a0fecha \u00a0en \u00a0el \u00a0que se pide la pr\u00e1ctica de la necropsia \u00a0\u00abal \u00a0cad\u00e1ver \u00a0que \u00a0en \u00a0vida \u00a0respond\u00eda al nombre de \u00a0Herbert \u00a0Edison \u00a0Arango \u00a0Cardona, quien fue asecinado (sic)\u2026en la vereda Santa \u00a0Rosita, \u00a0Jurisdicci\u00f3n de El Doce, Taraz\u00e1\u00bb (f. 103, c. 1). \u00a0\u00a0<\/p>\n<p>3.2 \u00a0De lo anterior \u00a0no \u00a0se \u00a0desprende \u00a0como \u00a0conclusi\u00f3n que el delito investigado se cometi\u00f3 en el \u00a0municipio \u00a0de \u00a0Taraz\u00e1, \u00a0como \u00a0lo \u00a0entendi\u00f3 \u00a0la \u00a0titular \u00a0del Juzgado Penal del \u00a0Circuito \u00a0de \u00a0Yarumal, \u00a0sino \u00a0que \u00a0sucedi\u00f3 \u00a0en \u00a0un \u00a0lugar \u00a0incierto, \u00a0pues de la informaci\u00f3n obrante en el \u00a0expediente \u00a0resulta \u00a0imposible establecer en grado de certeza el sitio en que se \u00a0perpetr\u00f3 el homicidio de Arango Cardona. \u00a0\u00a0<\/p>\n<p>La \u00a0ambig\u00fcedad sobre el particular es tal, \u00a0que \u00a0mediante \u00a0oficio \u00a0de \u00a09 \u00a0de \u00a0agosto \u00a0de \u00a02007, el Secretario de Planeaci\u00f3n \u00a0Municipal \u00a0de Valdivia asever\u00f3 que ese municipio \u00abno \u00a0cuenta \u00a0con ninguna vereda, paraje, sector, finca o similar que sea conocido con \u00a0el \u00a0 \u00a0nombre \u00a0 de \u00a0 Santa \u00a0 Rosita\u00bb \u00a0 (c. \u00a0 2, \u00a0 f. \u00a036). \u00a0\u00a0<\/p>\n<p>En \u00a0 consecuencia, \u00a0ante \u00a0la \u00a0ausencia \u00a0de \u00a0convicci\u00f3n \u00a0sobre la ubicaci\u00f3n geogr\u00e1fica de la conducta punible, la regla de \u00a0asignaci\u00f3n \u00a0territorial \u00a0de \u00a0competencia \u00a0no \u00a0es \u00a0otra \u00a0que \u00a0la \u00a0prevista en el \u00a0art\u00edculo \u00a083 \u00a0de \u00a0la \u00a0Ley \u00a0600 \u00a0de 2000 citada en precedencia, conforme al cual \u00a0\u00abcuando \u00a0la \u00a0conducta \u00a0punible \u00a0se haya realizado en \u00a0varios \u00a0 sitios, \u00a0 en \u00a0 lugar \u00a0 incierto \u00a0o \u00a0en el extranjero, conocer\u00e1 el funcionario judicial competente \u00a0por \u00a0la \u00a0naturaleza \u00a0del \u00a0asunto, del territorio en el \u00a0cual \u00a0 se \u00a0 haya \u00a0formulado \u00a0primero \u00a0la \u00a0denuncia \u00a0o \u00a0donde \u00a0 \u00a0primero \u00a0 \u00a0se \u00a0 \u00a0hubiere \u00a0 \u00a0avocado \u00a0 \u00a0la \u00a0investigaci\u00f3n\u00bb. \u00a0\u00a0<\/p>\n<p>Por \u00a0lo \u00a0tanto, \u00a0a \u00a0efectos \u00a0de \u00a0asignar la \u00a0competencia \u00a0para \u00a0tramitar \u00a0el \u00a0presente \u00a0asunto, \u00a0se \u00a0hace necesario discernir \u00a0d\u00f3nde \u00a0se \u00a0formul\u00f3 inicialmente la denuncia o d\u00f3nde se avoc\u00f3 inicialmente la \u00a0investigaci\u00f3n. \u00a0\u00a0<\/p>\n<p>4. \u00a0 En \u00a0 el \u00a0expediente \u00a0se \u00a0advierte que la indagaci\u00f3n inici\u00f3 en el municipio de C\u00e1ceres, \u00a0Antioquia, \u00a0a cargo del Juzgado 29 de Instrucci\u00f3n Penal Militar, \u00abpor \u00a0requerimiento que se le hiciera\u00bb de \u00a0parte \u00a0de las autoridades militares adscritas al Batall\u00f3n de Infanter\u00eda No. 31 \u00a0ubicado en esa ciudad (f. 43, c. 1). \u00a0\u00a0<\/p>\n<p>Ese \u00a0 despacho \u00a0 inici\u00f3 \u00a0 la \u00a0 pr\u00e1ctica \u00a0probatoria, \u00a0concretamente, \u00a0recibiendo \u00a0las \u00a0declaraciones de varios habitantes \u00a0del \u00a0 sector \u00a0 y \u00a0 de \u00a0 los \u00a0 mismos \u00a0involucrados \u00a0(fs. \u00a044 \u00a0y \u00a0siguientes, \u00a0c. \u00a01). \u00a0\u00a0<\/p>\n<p>As\u00ed las cosas, surge evidente que fue all\u00ed \u00a0donde \u00a0se \u00a0present\u00f3 \u00a0la \u00a0noticia \u00a0criminal \u00a0y \u00a0donde iniciaron las pesquisas en \u00a0virtud \u00a0de \u00a0las \u00a0cuales fueron recaudados plurales medios suasorios que obran en \u00a0la actuaci\u00f3n.\u00a0 \u00a0\u00a0<\/p>\n<p>Como \u00a0quiera \u00a0que \u00a0el municipio de C\u00e1ceres \u00a0pertenece \u00a0al \u00a0Circuito \u00a0de \u00a0Caucasia, \u00a0la \u00a0Sala \u00a0asignar\u00e1 \u00a0la competencia para \u00a0tramitar \u00a0el \u00a0presente \u00a0juzgamiento \u00a0a \u00a0los \u00a0Jueces \u00a0Penales del Circuito de ese \u00a0lugar, \u00a0a donde se ordenar\u00e1 entonces la remisi\u00f3n inmediata del expediente para \u00a0su reparto. \u00a0\u00a0<\/p>\n<p>En \u00a0m\u00e9rito \u00a0de \u00a0lo \u00a0expuesto, \u00a0la \u00a0Sala \u00a0de \u00a0Casaci\u00f3n Penal de la Corte Suprema de Justicia, \u00a0\u00a0<\/p>\n<p>RESUELVE \u00a0<\/p>\n<p>1. \u00a0DIRIMIR \u00a0 \u00a0el \u00a0 conflicto \u00a0 negativo \u00a0 de \u00a0competencias \u00a0 acaecido, \u00a0 declarando \u00a0que \u00a0el \u00a0conocimiento \u00a0de \u00a0las \u00a0presentes \u00a0diligencias \u00a0 corresponde \u00a0a \u00a0los \u00a0Jueces \u00a0Penales \u00a0del \u00a0Circuito \u00a0de \u00a0Caucasia, \u00a0Antioquia, \u00a0a \u00a0donde se ORDENA \u00a0la remisi\u00f3n inmediata de las diligencias para su reparto. \u00a0\u00a0<\/p>\n<p>2. \u00a0COMUNICAR \u00a0lo \u00a0decidido a los Juzgados en conflicto. \u00a0\u00a0<\/p>\n<p>Contra \u00a0esta \u00a0providencia no procede ning\u00fan \u00a0recurso. \u00a0\u00a0<\/p>\n<p>C\u00f3piese y c\u00famplase, \u00a0<\/p>\n<p>JOS\u00c9 \u00a0 LUIS \u00a0BARCEL\u00d3 CAMACHO \u00a0\u00a0<\/p>\n<p>JOS\u00c9 \u00a0LEONIDAS \u00a0BUSTOS MART\u00cdNEZ \u00a0\u00a0<\/p>\n<p>FERNANDO ALBERTO CASTRO CABALLERO \u00a0<\/p>\n<p>EUGENIO FERN\u00c1NDEZ \u00a0CARLIER \u00a0\u00a0<\/p>\n<p>GUSTAVO \u00a0ENRIQUE \u00a0MALO \u00a0FERN\u00c1NDEZ \u00a0\u00a0<\/p>\n<p>EYDER \u00a0PATI\u00d1O \u00a0CABRERA \u00a0\u00a0<\/p>\n<p>PATRICIA \u00a0 \u00a0SALAZAR \u00a0 CU\u00c9LLAR \u00a0\u00a0<\/p>\n<p>LUIS GUILLERMO SALAZAR OTERO \u00a0<\/p>\n<p>NUBIA \u00a0YOLANDA \u00a0NOVA \u00a0GARC\u00cdA \u00a0\u00a0<\/p>\n<p>Secretaria \u00a0<\/p>\n<p>\u00a0 \u00a0\u00a0<\/p>\n<p>1 CSJ \u00a0AP, 1 de agosto de 2012, rad. 39454. \u00a0\u00a0<\/p>\n<p>2 Entre \u00a0otros, CSJ AP, 25 may. 2015, rad. 46.045. \u00a0 \u00a0\u00a0<\/p>\n<p><\/p>\n","protected":false},"excerpt":{"rendered":"<p>\u00a0 \u00a0 \u00a0\u00a0 CORTE SUPREMA DE JUSTICIA \u00a0 SALA DE CASACI\u00d3N PENAL \u00a0 EUGENIO FERN\u00c1NDEZ CARLIER \u00a0 Magistrado Ponente \u00a0 AP5824-2015 \u00a0 Radicaci\u00f3n N\u00ba 46.883 \u00a0 Aprobado mediante Acta No. 352 \u00a0 \u00a0 \u00a0\u00a0 \u00a0\u00a0 \u00a0\u00a0Bogot\u00e1, \u00a0 D.C., \u00a0 cinco \u00a0 (5) \u00a0 de \u00a0 octubre \u00a0 de \u00a0dos \u00a0mil \u00a0quince \u00a0(2015). \u00a0\u00a0 ASUNTO \u00a0 [&hellip;]<\/p>\n","protected":false},"author":1,"featured_media":0,"comment_status":"open","ping_status":"open","sticky":false,"template":"","format":"standard","meta":{"footnotes":""},"categories":[23],"tags":[],"class_list":["post-31584","post","type-post","status-publish","format-standard","hentry","category-23"],"_links":{"self":[{"href":"https:\/\/dmsjuridica.com\/buscador_20179478954\/salapenalcronologico20230723\/wp-json\/wp\/v2\/posts\/31584","targetHints":{"allow":["GET"]}}],"collection":[{"href":"https:\/\/dmsjuridica.com\/buscador_20179478954\/salapenalcronologico20230723\/wp-json\/wp\/v2\/posts"}],"about":[{"href":"https:\/\/dmsjuridica.com\/buscador_20179478954\/salapenalcronologico20230723\/wp-json\/wp\/v2\/types\/post"}],"author":[{"embeddable":true,"href":"https:\/\/dmsjuridica.com\/buscador_20179478954\/salapenalcronologico20230723\/wp-json\/wp\/v2\/users\/1"}],"replies":[{"embeddable":true,"href":"https:\/\/dmsjuridica.com\/buscador_20179478954\/salapenalcronologico20230723\/wp-json\/wp\/v2\/comments?post=31584"}],"version-history":[{"count":0,"href":"https:\/\/dmsjuridica.com\/buscador_20179478954\/salapenalcronologico20230723\/wp-json\/wp\/v2\/posts\/31584\/revisions"}],"wp:attachment":[{"href":"https:\/\/dmsjuridica.com\/buscador_20179478954\/salapenalcronologico20230723\/wp-json\/wp\/v2\/media?parent=31584"}],"wp:term":[{"taxonomy":"category","embeddable":true,"href":"https:\/\/dmsjuridica.com\/buscador_20179478954\/salapenalcronologico20230723\/wp-json\/wp\/v2\/categories?post=31584"},{"taxonomy":"post_tag","embeddable":true,"href":"https:\/\/dmsjuridica.com\/buscador_20179478954\/salapenalcronologico20230723\/wp-json\/wp\/v2\/tags?post=31584"}],"curies":[{"name":"wp","href":"https:\/\/api.w.org\/{rel}","templated":true}]}}