{"id":31451,"date":"2023-09-13T17:38:13","date_gmt":"2023-09-13T17:38:13","guid":{"rendered":"https:\/\/dmsjuridica.com\/buscador_20179478954\/salapenalcronologico20230723\/2023\/09\/13\/ap5231-201546731\/"},"modified":"2023-09-13T17:38:13","modified_gmt":"2023-09-13T17:38:13","slug":"ap5231-201546731","status":"publish","type":"post","link":"https:\/\/dmsjuridica.com\/buscador_20179478954\/salapenalcronologico20230723\/2023\/09\/13\/ap5231-201546731\/","title":{"rendered":"AP5231-2015(46731)"},"content":{"rendered":"\n<p>\u00a0 \u00a0 \u00a0\u00a0<\/p>\n<p>CORTE SUPREMA DE JUSTICIA \u00a0<\/p>\n<p>SALA DE CASACI\u00d3N PENAL \u00a0<\/p>\n<p>Eyder Pati\u00f1o Cabrera \u00a0<\/p>\n<p>Magistrado \u00a0Ponente \u00a0\u00a0<\/p>\n<p>AP5231-2015 \u00a0<\/p>\n<p>Radicaci\u00f3n N\u00b0. 46.731 \u00a0<\/p>\n<p>(Aprobado Acta No. 314) \u00a0<\/p>\n<p>Bogot\u00e1, D.C., nueve (9) de septiembre de dos \u00a0mil quince (2015). \u00a0\u00a0<\/p>\n<p>MOTIVO DE LA DECISI\u00d3N \u00a0<\/p>\n<p>La Sala se pronuncia sobre la definici\u00f3n de \u00a0competencia \u00a0propuesta \u00a0por \u00a0la \u00a0Juez \u00a02\u00ba \u00a0Penal \u00a0del Circuito con funciones de \u00a0conocimiento \u00a0de \u00a0Bucaramanga \u00a0para \u00a0conocer del proceso adelantado en contra de \u00a0Alejandro \u00a0Villarraga \u00a0Bello \u00a0por el delito de fuga de presos. \u00a0\u00a0<\/p>\n<p>ANTECEDENTES \u00a0<\/p>\n<p>1. El 28\u00a0 de julio de 20141, ante el Juez \u00a013 \u00a0Penal \u00a0Municipal \u00a0con \u00a0funci\u00f3n \u00a0de control de garant\u00edas de Bucaramanga, se \u00a0realiz\u00f3 \u00a0audiencia de legalizaci\u00f3n de captura y formulaci\u00f3n de imputaci\u00f3n en \u00a0contra \u00a0 \u00a0 \u00a0de \u00a0 \u00a0 Villarraga \u00a0 \u00a0 Bello. \u00a0\u00a0<\/p>\n<p>2. \u00a0El \u00a028 de octubre siguiente2 la Fiscal\u00eda \u00a018 \u00a0Seccional de esa localidad present\u00f3 escrito de acusaci\u00f3n con fundamento en \u00a0los siguientes hechos: \u00a0\u00a0<\/p>\n<p>(\u2026) \u00a0El \u00a0d\u00eda \u00a028 de julio del a\u00f1o 2014, \u00a0siendo \u00a022:10 \u00a0horas \u00a0cuando \u00a0personal adscrito a la Polic\u00eda Nacional efectuaba \u00a0labores \u00a0de \u00a0patrullaje \u00a0por inmediaciones de la carrera 15 con calle 55 de esta \u00a0ciudad \u00a0observan \u00a0a \u00a0un \u00a0sujeto \u00a0que viste gorra negra, camiseta azul oscura con \u00a0rayas \u00a0en \u00a0los hombros, jeans gris, bota media ca\u00f1a color negra, quien al notar \u00a0la \u00a0presencia \u00a0policial \u00a0esconde \u00a0algo \u00a0entre \u00a0sus \u00a0bolsillos, se le solicita un \u00a0registro \u00a0personal \u00a0y \u00a0hace \u00a0entrega \u00a0de \u00a0cuatro \u00a0papeletas \u00a0que \u00a0en su interior \u00a0contiene \u00a0 una \u00a0 sustancia \u00a0 pulverulenta \u00a0 de \u00a0 color \u00a0 beige, \u00a0 que \u00a0 por \u00a0sus \u00a0caracter\u00edsticas \u00a0de \u00a0olor \u00a0y \u00a0color \u00a0se \u00a0asemejan \u00a0al \u00a0bazuco, \u00a0se \u00a0incauta \u00a0la \u00a0sustancia, \u00a0se \u00a0le informan los derechos como persona privada de la libertad. Se \u00a0le \u00a0solicita la identificaci\u00f3n y se le consultan los antecedentes con el PDA de \u00a0la \u00a0Polic\u00eda\u00a0 \u00a0Nacional \u00a0arrojando que el se\u00f1or ALEJANDRO VILLARRAGA BELLO \u00a0con \u00a0c\u00e9dula \u00a0de \u00a0ciudadan\u00eda n\u00famero 2.968.868 de Cajic\u00e1 goza del beneficio de \u00a0detenci\u00f3n \u00a0Domiciliaria \u00a0en \u00a0la \u00a0Finca la Esperanza sitio la Florida de Cajic\u00e1 \u00a0Barrio \u00a0Canel\u00f3n \u00a0de ese municipio. Se deja a disposici\u00f3n de autoridad judicial \u00a0competente dentro del t\u00e9rmino de ley.\u00a0 \u00a0\u00a0<\/p>\n<p>3. Por reparto correspondi\u00f3 al Juzgado 2\u00ba \u00a0Penal \u00a0del \u00a0Circuito con funciones de conocimiento de Bucaramanga, cuyo titular, \u00a0el \u00a0 \u00a0 \u00a014 \u00a0 \u00a0 \u00a0de \u00a0 \u00a0 \u00a0julio \u00a0 \u00a0 \u00a0de \u00a0 \u00a0 \u00a020153, \u00a0instal\u00f3 \u00a0la \u00a0audiencia \u00a0de \u00a0formulaci\u00f3n \u00a0al \u00a0interior \u00a0de \u00a0la cual la Fiscal\u00eda impugn\u00f3 la competencia del \u00a0juez \u00a0al \u00a0estimar \u00a0que \u00a0de \u00a0acuerdo \u00a0con los EMP se advierte que al procesado le \u00a0concedieron \u00a0el \u00a0beneficio \u00a0de \u00a0detenci\u00f3n domiciliaria que deb\u00eda cumplir en la \u00a0Finca \u00a0 La \u00a0 Esperanza \u00a0en \u00a0el \u00a0Barrio \u00a0Canel\u00f3n \u00a0del \u00a0Municipio \u00a0de \u00a0Cajic\u00e1 \u00a0&#8211; \u00a0Cundinamarca, \u00a0y \u00a0de \u00a0acuerdo \u00a0con \u00a0el art\u00edculo 43 del C\u00f3digo de Procedimiento \u00a0Penal \u00a0el \u00a0juez \u00a0competente \u00a0es \u00a0aquel \u00a0donde ocurri\u00f3 el delito, esto es, en el \u00a0lugar \u00a0donde Villarraga Bello \u00a0estaba gozando del beneficio referido. \u00a0\u00a0<\/p>\n<p>Inmediatamente \u00a0se le corri\u00f3 traslado a la \u00a0defensa \u00a0quien \u00a0coadyuv\u00f3 lo manifestado por el ente investigador, por lo que el \u00a0despacho \u00a0de \u00a0conocimiento \u00a0remiti\u00f3 \u00a0el \u00a0proceso \u00a0a \u00a0esta Corporaci\u00f3n para que \u00a0defina la autoridad que debe conocer. \u00a0\u00a0<\/p>\n<p>CONSIDERACIONES \u00a0<\/p>\n<p>1. Competencia \u00a0<\/p>\n<p>De \u00a0conformidad con el art\u00edculo 32 ordinal \u00a04\u00ba \u00a0de \u00a0la \u00a0Ley \u00a0906 \u00a0de \u00a02004, \u00a0a \u00a0la Corte Suprema de Justicia le corresponde \u00a0definir la competencia en los siguientes eventos: \u00a0\u00a0<\/p>\n<p>(\u2026) \u00a0 1.- \u00a0Cuando \u00a0la \u00a0declaratoria \u00a0de \u00a0incompetencia \u00a0se produzca dentro de actuaci\u00f3n en la que el acusado tenga fuero \u00a0constitucional o fuero legal. \u00a0\u00a0<\/p>\n<p>2.- Cuando la declaratoria de incompetencia \u00a0proviene \u00a0de \u00a0un \u00a0tribunal superior o la autoridad que as\u00ed lo hace, es decir un \u00a0juzgado cualquiera, se\u00f1ala que el competente es un Tribunal. \u00a0\u00a0<\/p>\n<p>3.- Cuando la declaratoria de incompetencia \u00a0provenga \u00a0de \u00a0un \u00a0juzgado penal del circuito especializado, penal del circuito o \u00a0penal \u00a0municipal, que manifiesta que el competente es un juzgado que pertenece a \u00a0otro \u00a0 \u00a0 \u00a0 \u00a0 \u00a0 distrito \u00a0 \u00a0 \u00a0 \u00a0 \u00a0 judicial4. \u00a0\u00a0<\/p>\n<p>2. El caso concreto \u00a0<\/p>\n<p>2.1. En el presente asunto, se consolida la \u00a0situaci\u00f3n \u00a0prevista \u00a0en \u00a0el \u00a0numeral \u00a03\u00ba, \u00a0por \u00a0cuanto \u00a0el \u00a0Juez 2\u00ba Penal del \u00a0Circuito \u00a0 con \u00a0funciones \u00a0de \u00a0conocimiento \u00a0de \u00a0Bucaramanga \u00a0considera \u00a0que \u00a0su \u00a0hom\u00f3logo \u00a0del Municipio de Zipaquir\u00e1 es el funcionario llamado por la ley para \u00a0conocer \u00a0 de \u00a0 las \u00a0 diligencias \u00a0 adelantadas \u00a0 en \u00a0 contra \u00a0 de \u00a0 Alejandro \u00a0Villarraga \u00a0Bello por el delito \u00a0de fuga de presos. \u00a0\u00a0<\/p>\n<p>2.2. El art\u00edculo 43 de la Ley 906 de 2004, \u00a0establece que: \u00a0\u00a0<\/p>\n<p>(\u2026) \u00a0Es \u00a0competente \u00a0para \u00a0conocer \u00a0del \u00a0juzgamiento el juez del lugar donde ocurri\u00f3 el delito. \u00a0\u00a0<\/p>\n<p>Cuando no fuere posible determinar el lugar \u00a0de \u00a0ocurrencia \u00a0del \u00a0hecho, \u00a0este se hubiere realizado en varios lugares, en uno \u00a0incierto \u00a0o \u00a0en \u00a0el \u00a0extranjero, la competencia del juez de conocimiento se fija \u00a0por \u00a0el \u00a0lugar \u00a0donde se formule acusaci\u00f3n por parte de la Fiscal\u00eda General de \u00a0la \u00a0Naci\u00f3n, lo cual har\u00e1 donde se encuentren los elementos fundamentales de la \u00a0acusaci\u00f3n\u2026 \u00a0\u00a0<\/p>\n<p>La Sala de Casaci\u00f3n Penal, en autos CSJ AP, \u00a05 \u00a0may. \u00a02010, rad. 33.915, CSJ AP, 14 mar. 2011, rad. 36.030 y recientemente en \u00a0CSJ \u00a0AP3287, \u00a010 \u00a0jun. \u00a02015, rad. 46.093 se\u00f1al\u00f3 que el delito de fuga \u00a0de \u00a0presos \u00a0se \u00a0consuma \u00a0en \u00a0forma \u00a0instant\u00e1nea \u00a0y \u00a0produce \u00a0efectos \u00a0permanentes \u00a0a \u00a0partir \u00a0del momento en que la \u00a0persona \u00a0legalmente \u00a0privada \u00a0de \u00a0la \u00a0libertad, desconoce la \u00f3rbita de custodia \u00a0impuesta \u00a0por \u00a0el \u00a0Estado \u00a0y resuelve trasladarse hacia cualquier otro lugar sin \u00a0permiso o autorizaci\u00f3n expedida por la autoridad competente. \u00a0\u00a0<\/p>\n<p>En el presente evento, el supuesto f\u00e1ctico \u00a0relatado \u00a0 \u00a0en \u00a0 \u00a0el \u00a0 \u00a0escrito \u00a0 \u00a0de \u00a0 acusaci\u00f3n \u00a0 indica \u00a0 que \u00a0 Alejandro \u00a0Villarraga \u00a0Bello se encontraba \u00a0en \u00a0detenci\u00f3n \u00a0domiciliaria \u00a0en el inmueble ubicado en la Finca La Esperanza en \u00a0el \u00a0Barrio \u00a0Canel\u00f3n \u00a0del Municipio de Cajic\u00e1 &#8211; Cundinamarca, lugar del que, al \u00a0parecer, \u00a0se \u00a0ausent\u00f3 sin ninguna autorizaci\u00f3n de la autoridad judicial que lo \u00a0ten\u00eda \u00a0su cargo, raz\u00f3n suficiente para indicar que la conducta punible de fuga \u00a0de \u00a0presos \u00a0presuntamente se consum\u00f3 en esa localidad y el juez competente para \u00a0conocer \u00a0de \u00a0las \u00a0diligencias \u00a0es \u00a0el \u00a0Juez \u00a0Penal del Circuito con funciones de \u00a0conocimiento \u00a0de \u00a0Zipaquir\u00e1\u00a0\u00a0\u00a0\u00a0\u00a0 -reparto-, por cuanto \u00a0el \u00a0municipio \u00a0donde tiene registrada\u00a0 la residencia el procesado pertenece \u00a0a ese circuito judicial. \u00a0\u00a0<\/p>\n<p>Lo \u00a0 anterior, \u00a0 porque \u00a0 conforme \u00a0a \u00a0la \u00a0jurisprudencia \u00a0de \u00a0esta \u00a0Sala \u00a0(CSJ \u00a0AP, 12 mar. 2008, rad. 29.321 y CSJ AP, 14 \u00a0mar. \u00a02011, \u00a0rad. \u00a036.030), \u00a0el \u00a0lugar \u00a0de \u00a0ocurrencia del hecho se\u00f1alado en la \u00a0acusaci\u00f3n, \u00a0en \u00a0tanto \u00a0constituye parte esencial de la imputaci\u00f3n f\u00e1ctica, es \u00a0el \u00a0que \u00a0vincula \u00a0al juez para efectos de dilucidar el factor territorial cuando \u00a0de \u00a0asignar \u00a0la \u00a0competencia se trata y, en este evento, seg\u00fan lo analizado, el \u00a0escrito \u00a0respectivo \u00a0no \u00a0deja dudas de que los hechos imputados ocurrieron en el \u00a0municipio de Cajic\u00e1. \u00a0\u00a0<\/p>\n<p>Son estos los motivos que llevan a la Corte \u00a0a \u00a0concluir \u00a0que \u00a0la competencia para conocer el presente tr\u00e1mite, radica en el \u00a0Juzgado \u00a0Penal \u00a0del Circuito de Zipaquir\u00e1 -reparto-, en virtud a que los hechos \u00a0por \u00a0 los \u00a0 que \u00a0 fue \u00a0 acusado \u00a0Alejandro \u00a0Villarraga \u00a0Bello ocurrieron en esa localidad. \u00a0\u00a0<\/p>\n<p>En \u00a0m\u00e9rito \u00a0de \u00a0lo \u00a0expuesto, \u00a0la \u00a0Sala de \u00a0Casaci\u00f3n Penal de la Corte Suprema de Justicia, \u00a0\u00a0<\/p>\n<p>RESUELVE \u00a0<\/p>\n<p>Primero. \u00a0Declarar \u00a0que la competencia \u00a0para \u00a0conocer \u00a0del proceso penal en contra de Alejandro \u00a0Villarraga \u00a0Bello \u00a0por \u00a0el \u00a0delito de fuga de presos, \u00a0corresponde \u00a0al \u00a0Juzgado \u00a0Penal del Circuito de Zipaquir\u00e1 -reparto-, a donde se \u00a0remitir\u00e1 el asunto. \u00a0\u00a0<\/p>\n<p>Segundo. \u00a0Segundo. \u00a0 Inf\u00f3rmese \u00a0esta decisi\u00f3n al Juzgado 2\u00ba \u00a0Penal \u00a0del \u00a0Circuito \u00a0con funciones de conocimiento de Bucaramanga y a todos los \u00a0intervinientes en este tr\u00e1mite procesal. \u00a0\u00a0<\/p>\n<p>Tercero. \u00a0Contra \u00a0esta providencia no procede recurso alguno. \u00a0\u00a0<\/p>\n<p>Comun\u00edquese y c\u00famplase. \u00a0<\/p>\n<p>JOS\u00c9 LUIS BARCEL\u00d3 CAMACHO \u00a0<\/p>\n<p>JOS\u00c9 LEONIDAS BUSTOS MART\u00cdNEZ \u00a0<\/p>\n<p>FERNANDO ALBERTO CASTRO CABALLERO \u00a0<\/p>\n<p>EUGENIO FERN\u00c1NDEZ CARLIER \u00a0<\/p>\n<p>GUSTAVO ENRIQUE MALO FERN\u00c1NDEZ \u00a0<\/p>\n<p>EYDER PATI\u00d1O CABRERA \u00a0<\/p>\n<p>PATRICIA SALAZAR CU\u00c9LLAR \u00a0<\/p>\n<p>LUIS GUILLERMO SALAZAR OTERO \u00a0<\/p>\n<p>Nubia Yolanda Nova Garc\u00eda \u00a0<\/p>\n<p>Secretaria \u00a0<\/p>\n<p>\u00a0 \u00a0\u00a0<\/p>\n<p>1 Cfr. \u00a0Folios \u00a01 \u00a0y \u00a02 \u00a0\u2013 carpeta \u00a0Juzgado. \u00a0\u00a0<\/p>\n<p>2 Cfr. \u00a0Folio \u00a0 7\u2013 \u00a0ib\u00eddem. \u00a0\u00a0<\/p>\n<p>3 Cfr. \u00a0Folio \u00a020 \u00a0\u2013 ib\u00eddem. \u00a0\u00a0<\/p>\n<p>4 CSJ \u00a0AP, 10 oct. 2006, Rad. 26.201. \u00a0 \u00a0\u00a0<\/p>\n<p><\/p>\n","protected":false},"excerpt":{"rendered":"<p>\u00a0 \u00a0 \u00a0\u00a0 CORTE SUPREMA DE JUSTICIA \u00a0 SALA DE CASACI\u00d3N PENAL \u00a0 Eyder Pati\u00f1o Cabrera \u00a0 Magistrado \u00a0Ponente \u00a0\u00a0 AP5231-2015 \u00a0 Radicaci\u00f3n N\u00b0. 46.731 \u00a0 (Aprobado Acta No. 314) \u00a0 Bogot\u00e1, D.C., nueve (9) de septiembre de dos \u00a0mil quince (2015). \u00a0\u00a0 MOTIVO DE LA DECISI\u00d3N \u00a0 La Sala se pronuncia sobre la definici\u00f3n [&hellip;]<\/p>\n","protected":false},"author":1,"featured_media":0,"comment_status":"open","ping_status":"open","sticky":false,"template":"","format":"standard","meta":{"footnotes":""},"categories":[23],"tags":[],"class_list":["post-31451","post","type-post","status-publish","format-standard","hentry","category-23"],"_links":{"self":[{"href":"https:\/\/dmsjuridica.com\/buscador_20179478954\/salapenalcronologico20230723\/wp-json\/wp\/v2\/posts\/31451","targetHints":{"allow":["GET"]}}],"collection":[{"href":"https:\/\/dmsjuridica.com\/buscador_20179478954\/salapenalcronologico20230723\/wp-json\/wp\/v2\/posts"}],"about":[{"href":"https:\/\/dmsjuridica.com\/buscador_20179478954\/salapenalcronologico20230723\/wp-json\/wp\/v2\/types\/post"}],"author":[{"embeddable":true,"href":"https:\/\/dmsjuridica.com\/buscador_20179478954\/salapenalcronologico20230723\/wp-json\/wp\/v2\/users\/1"}],"replies":[{"embeddable":true,"href":"https:\/\/dmsjuridica.com\/buscador_20179478954\/salapenalcronologico20230723\/wp-json\/wp\/v2\/comments?post=31451"}],"version-history":[{"count":0,"href":"https:\/\/dmsjuridica.com\/buscador_20179478954\/salapenalcronologico20230723\/wp-json\/wp\/v2\/posts\/31451\/revisions"}],"wp:attachment":[{"href":"https:\/\/dmsjuridica.com\/buscador_20179478954\/salapenalcronologico20230723\/wp-json\/wp\/v2\/media?parent=31451"}],"wp:term":[{"taxonomy":"category","embeddable":true,"href":"https:\/\/dmsjuridica.com\/buscador_20179478954\/salapenalcronologico20230723\/wp-json\/wp\/v2\/categories?post=31451"},{"taxonomy":"post_tag","embeddable":true,"href":"https:\/\/dmsjuridica.com\/buscador_20179478954\/salapenalcronologico20230723\/wp-json\/wp\/v2\/tags?post=31451"}],"curies":[{"name":"wp","href":"https:\/\/api.w.org\/{rel}","templated":true}]}}