{"id":31334,"date":"2023-09-13T17:37:55","date_gmt":"2023-09-13T17:37:55","guid":{"rendered":"https:\/\/dmsjuridica.com\/buscador_20179478954\/salapenalcronologico20230723\/2023\/09\/13\/ap4864-201546630\/"},"modified":"2023-09-13T17:37:55","modified_gmt":"2023-09-13T17:37:55","slug":"ap4864-201546630","status":"publish","type":"post","link":"https:\/\/dmsjuridica.com\/buscador_20179478954\/salapenalcronologico20230723\/2023\/09\/13\/ap4864-201546630\/","title":{"rendered":"AP4864-2015(46630)"},"content":{"rendered":"\n<p>\u00a0 \u00a0 \u00a0\u00a0<\/p>\n<p>CORTE SUPREMA DE JUSTICIA \u00a0<\/p>\n<p>SALA DE CASACI\u00d3N PENAL \u00a0<\/p>\n<p>LUIS GUILLERMO SALAZAR OTERO \u00a0<\/p>\n<p>Magistrado ponente \u00a0<\/p>\n<p>AP4864-2015 \u00a0<\/p>\n<p>Radicaci\u00f3n N\u00b0 46630 \u00a0<\/p>\n<p>(Aprobado Acta No.295) \u00a0<\/p>\n<p>\u00a0 \u00a0\u00a0 \u00a0\u00a0 \u00a0\u00a0Bogot\u00e1, \u00a0D.C., \u00a0veintis\u00e9is \u00a0(26) \u00a0de \u00a0agosto \u00a0de \u00a0dos \u00a0mil \u00a0quince \u00a0(2015). \u00a0\u00a0<\/p>\n<p>ASUNTO \u00a0<\/p>\n<p>La \u00a0Corte define la \u00a0competencia \u00a0para \u00a0llevar a cabo la audiencia de formulaci\u00f3n de acusaci\u00f3n y el \u00a0tr\u00e1mite \u00a0del \u00a0juicio \u00a0dentro \u00a0del \u00a0proceso \u00a0que \u00a0por \u00a0los \u00a0delitos de homicidio \u00a0agravado \u00a0en \u00a0concurso \u00a0homog\u00e9neo, acceso carnal violento y hurto calificado se \u00a0sigue en contra de JULI\u00c1N ANDR\u00c9S NAVIA CER\u00d3N. \u00a0\u00a0<\/p>\n<p>ANTECEDENTES \u00a0<\/p>\n<p>1. \u00a0Fueron \u00a0 \u00a0 rese\u00f1ados \u00a0 \u00a0 los \u00a0 \u00a0hechos \u00a0 \u00a0en \u00a0 el \u00a0 escrito \u00a0 de \u00a0acusaci\u00f3n, \u00a0 \u00a0 as\u00ed: \u00a0\u00a0<\/p>\n<p>\u201c\u2026se iniciaron \u00a0hacia \u00a0las \u00a0cinco \u00a0de la tarde del d\u00eda 30 de julio de \u00a02013, \u00a0 \u00a0 cuando \u00a0 \u00a0 JULI\u00c1N \u00a0 \u00a0ANDR\u00c9S \u00a0 NAVIA \u00a0 CER\u00d3N \u00a0 y \u00a0otras \u00a0personas \u00a0m\u00e1s \u00a0 ingresaron \u00a0 a \u00a0 la \u00a0 casa \u00a0 n\u00famero \u00a037 \u00a0de \u00a0la \u00a0Parcelaci\u00f3n Lomitas de \u00a0Provitec, \u00a0comuna \u00a0dos \u00a0de \u00a0la \u00a0ciudad \u00a0de \u00a0Popay\u00e1n y \u00a0causaron \u00a0 \u00a0 la \u00a0 \u00a0 muerte \u00a0 \u00a0 al \u00a0 \u00a0 se\u00f1or \u00a0 \u00a0 EVARISTO \u00a0 \u00a0L\u00d3PEZ \u00a0ESTELA \u00a0anciano de 93 a\u00f1os de edad, \u00a0propin\u00e1ndole \u00a0 \u00a0una \u00a0 \u00a0herida \u00a0 con \u00a0 arma \u00a0 corto \u00a0punzante\u00a0 \u00a0 en \u00a0la \u00a0regi\u00f3n \u00a0cervical \u00a0posterior \u00a0derecha, \u00a0y en este lugar se apoderaron de una c\u00e1mara \u00a0digital \u00a0 fotogr\u00e1fica \u00a0 marca \u00a0 Niko \u00a0 (sic) \u00a0y \u00a0un \u00a0reloj\u00a0 \u00a0Elegant color \u00a0plata. \u00a0 \u00a0 \u00a0 \u00a0Seguidamente \u00a0 \u00a0 \u00a0 \u00a0salieron \u00a0 \u00a0 \u00a0 de \u00a0 \u00a0 \u00a0dicha \u00a0vivienda procedieron a abordar en \u00a0la \u00a0 \u00a0 v\u00eda \u00a0 \u00a0 antes \u00a0 \u00a0de \u00a0 \u00a0ingresar \u00a0 \u00a0a \u00a0 \u00a0la \u00a0parcelaci\u00f3n \u00a0 referida \u00a0 a \u00a0 la \u00a0 se\u00f1ora \u00a0GLORIA \u00a0LUCY \u00a0L\u00d3PEZ FUENTES, de 62 \u00a0a\u00f1os \u00a0de \u00a0edad, \u00a0docente \u00a0de \u00a0profesi\u00f3n \u00a0y \u00a0propietaria \u00a0de la casa n\u00famero 37, \u00a0residente \u00a0 \u00a0 de \u00a0 \u00a0 la \u00a0 \u00a0 parcelaci\u00f3n \u00a0 \u00a0 mencionada, \u00a0 \u00a0quien \u00a0fue \u00a0subida \u00a0a un veh\u00edculo automotor y \u00a0retenida \u00a0por \u00a0un \u00a0espacio \u00a0de \u00a0tiempo, \u00a0llevada hacia un sector de la salida de \u00a0Popay\u00e1n \u00a0y \u00a0encontrado su \u00a0cuerpo \u00a0sin \u00a0vida \u00a0al \u00a0d\u00eda \u00a0siguiente \u00a0 31 \u00a0 de \u00a0 julio \u00a0cerca \u00a0de \u00a0las \u00a09:00horas, \u00a0en \u00a0zona \u00a0rural \u00a0de \u00a0la \u00a0vereda \u00a0 San \u00a0 Isidro \u00a0 corregimiento \u00a0Quintana \u00a0del \u00a0municipio \u00a0 de \u00a0 Popay\u00e1n, \u00a0 de \u00a0 igual \u00a0 manera \u00a0se \u00a0logr\u00f3 establecer a trav\u00e9s \u00a0de \u00a0 la \u00a0necropsia \u00a0que \u00a0la \u00a0causa \u00a0de \u00a0muerte \u00a0de \u00a0citada \u00a0mujer \u00a0fue \u00a0violenta \u00a0hall\u00e1ndose \u00a0varias heridas con arma corto punzante e \u00a0igualmente \u00a0 \u00a0se \u00a0 \u00a0estableci\u00f3 \u00a0 \u00a0pericialmente \u00a0que \u00a0fue accedida carnalmente \u00a0por \u00a0 el \u00a0 hoy \u00a0 acusado \u00a0JULI\u00c1N \u00a0ANDR\u00c9S \u00a0 \u00a0 \u00a0NAVIA \u00a0 \u00a0 \u00a0CER\u00d3N.\u201d \u00a0\u00a0<\/p>\n<p>2. \u00a0El \u00a02 de junio de 2014, ante el Juzgado \u00a0Promiscuo \u00a0Municipal \u00a0de Purac\u00e9, Coconuco, \u00a0 \u00a0 \u00a0Cauca, \u00a0 \u00a0 JULI\u00c1N \u00a0 ANDR\u00c9S \u00a0 NAVIA \u00a0 CER\u00d3N \u00a0se \u00a0allan\u00f3 a los cargos de homicidio \u00a0agravado \u00a0 \u00a0 en \u00a0 \u00a0 concurso \u00a0 \u00a0homog\u00e9neo, \u00a0secuestro \u00a0simple, \u00a0acceso carnal violento y hurto calificado \u00a0con \u00a0 \u00a0 \u00a0 circunstancias \u00a0 \u00a0 \u00a0de \u00a0 \u00a0 \u00a0agravaci\u00f3n \u00a0punitiva,\u00a0 \u00a0 \u00a0conforme \u00a0 \u00a0con \u00a0 el \u00a0cual, \u00a0la Fiscal\u00eda 92 Especializada de \u00a0la \u00a0 Unidad \u00a0de \u00a0Derechos \u00a0humanos \u00a0 \u00a0 \u00a0 \u00a0 \u00a0 \u00a0y \u00a0 \u00a0 \u00a0 \u00a0 \u00a0 Derecho \u00a0 Internacional \u00a0 Humanitario, \u00a0 \u00a0el \u00a0 \u00a029 \u00a0 \u00a0de \u00a0 \u00a0julio \u00a0de \u00a0 \u00a0 \u00a0 \u00a0 \u00a0 \u00a02015, \u00a0 \u00a0 \u00a0 \u00a0 \u00a0 \u00a0radic\u00f3 escrito de acusaci\u00f3n. \u00a0\u00a0<\/p>\n<p>3. Adjudicado el \u00a0asunto \u00a0al \u00a0Juzgado \u00a04\u00ba \u00a0Penal \u00a0del \u00a0Circuito \u00a0de \u00a0Conocimiento de Popay\u00e1n, la \u00a0Fiscal\u00eda \u00a0alleg\u00f3 \u00a0certificaci\u00f3n expedida por la Tesorera de la Asociaci\u00f3n de \u00a0Institutores \u00a0 y \u00a0 trabajadores \u00a0 de \u00a0 la \u00a0 Educaci\u00f3n \u00a0del \u00a0Cauca \u00a0\u2013ASOINCA,\u00a0 \u00a0por \u00a0la cual acredita \u00a0que \u00a0GLORIA \u00a0LUCY \u00a0CIFUENTES se encontraba afiliada para la fecha de su deceso a \u00a0dicha organizaci\u00f3n sindical. \u00a0\u00a0<\/p>\n<p>4. \u00a0Por \u00a0auto \u00a0del 12 de agosto del presente \u00a0a\u00f1o, \u00a0el Juzgado 4\u00ba Penal del Circuito de Conocimiento de Popay\u00e1n, rehus\u00f3 la \u00a0competencia \u00a0para \u00a0conocer \u00a0del asunto por cuanto le corresponde a un Juzgado de \u00a0descongesti\u00f3n \u00a0del \u00a0\u201cPrograma \u00a0OIT\u201d \u00a0con \u00a0sede \u00a0en \u00a0la ciudad de Bogot\u00e1 en \u00a0raz\u00f3n \u00a0de \u00a0la \u00a0calidad \u00a0sindical \u00a0de \u00a0una \u00a0de \u00a0las \u00a0v\u00edctimas. En consecuencia, \u00a0remiti\u00f3 \u00a0la \u00a0actuaci\u00f3n \u00a0a \u00a0esta \u00a0Corporaci\u00f3n, \u00a0en \u00a0orden \u00a0a \u00a0que se defina lo \u00a0pertinente. \u00a0\u00a0<\/p>\n<p>CONSIDERACIONES DE LA CORTE \u00a0<\/p>\n<p>1. \u00a0\u00a0 \u00a0\u00a0 \u00a0\u00a0 \u00a0\u00a0La Sala es competente para conocer de la \u00a0definici\u00f3n \u00a0de \u00a0competencia \u00a0dentro \u00a0del proceso que se adelanta contra JULI\u00c1N \u00a0ANDR\u00c9S \u00a0NAVIA \u00a0CER\u00d3N, \u00a0en virtud de lo dispuesto en los art\u00edculos 32, numeral \u00a04\u00b0 \u00a0y \u00a054 \u00a0de \u00a0la \u00a0Ley \u00a0906 \u00a0de \u00a02004, pues se trata de un evento que involucra \u00a0jueces de diferente distrito judicial. \u00a0\u00a0<\/p>\n<p>2. Conforme con \u00a0los \u00a0Acuerdos \u00a0PSAA07-4082 \u00a0de \u00a0junio \u00a022 \u00a0de \u00a02007, \u00a0PSAA08-4443 \u00a0del \u00a014 de enero de 2008, PSAA08-4924 de junio de 2008, PSAA08-4959 \u00a0de \u00a0julio \u00a011 \u00a0de \u00a02008, \u00a0PSAA09-6093 de julio 14 de 2008, y PSAA10-7011 de 2010 \u00a0emitidos \u00a0por \u00a0el \u00a0Consejo \u00a0Superior de la Judicatura \u00a0mediante \u00a0los \u00a0cuales \u00a0se \u00a0crearon \u00a0los \u00a0Juzgados de \u00a0Descongesti\u00f3n \u00a0del \u00a0\u201cPrograma \u00a0OIT\u201d, corresponde \u00a0a \u00a0los \u00a0despachos \u00a0judiciales \u00a0all\u00ed \u00a0mencionados \u00a0el \u00a0conocimiento \u00a0de los procesos en que el sujeto pasivo de la conducta punible sea \u00a0sindicalista, \u00a0sin \u00a0importar \u00a0s\u00ed \u00a0tal \u00a0condici\u00f3n es o no el m\u00f3vil del delito, \u00a0como \u00a0lo ha venido en explicar de manera pac\u00edfica esta Corporaci\u00f3n1. \u00a0\u00a0<\/p>\n<p>2.1. A su turno, el Acuerdo No. PSAA08- 4959 \u00a0de \u00a0julio \u00a011 \u00a0de 2008, asign\u00f3 por descongesti\u00f3n a los Juzgados D\u00e9cimo y Once \u00a0Penales \u00a0de \u00a0Circuito \u00a0Especializado \u00a0de \u00a0Bogot\u00e1 \u00a0y \u00a0Cincuenta y Seis Penal del \u00a0Circuito \u00a0de \u00a0la misma ciudad, el conocimiento exclusivo del tr\u00e1mite y fallo de \u00a0los \u00a0 procesos \u00a0 penales \u00a0 relacionados \u00a0con \u00a0\u201clos \u00a0homicidios \u00a0 y \u00a0 otros \u00a0 actos \u00a0de \u00a0violencia \u00a0contra \u00a0dirigentes \u00a0sindicales \u00a0y \u00a0sindicalistas, \u00a0 que \u00a0 se \u00a0encuentren \u00a0en \u00a0curso \u00a0en \u00a0los \u00a0diferentes \u00a0despachos \u00a0judiciales \u00a0del \u00a0territorio \u00a0nacional\u2026\u201d \u00a0y los que \u00a0entonces \u00a0se \u00a0encontraban \u00a0en \u00a0los \u00a0juzgados \u00a0de \u00a0descongesti\u00f3n \u00a0creados con el \u00a0Acuerdo \u00a0PSAA08-4443 \u00a0de \u00a02008, \u00a0medida \u00a0que \u00a0fue \u00a0prorrogada \u00a0a \u00a0trav\u00e9s de los \u00a0acuerdos \u00a0PSAA09-6399 \u00a0de \u00a02009, \u00a0PSAA10-7011 \u00a0de \u00a02010 \u00a0y PSAA14-10178 de 2014, \u00a0\u00faltimo \u00a0que \u00a0prorrog\u00f3 la medida\u00a0 hasta el 30 de junio de 2016, solo a los \u00a0Juzgados \u00a010 \u00a0Penal \u00a0de \u00a0Circuito \u00a0Especializado \u00a0y \u00a056 \u00a0Penal \u00a0del \u00a0Circuito de \u00a0Bogot\u00e1. \u00a0\u00a0<\/p>\n<p>3. En el presente caso, con la certificaci\u00f3n \u00a0allegada \u00a0por \u00a0la delegada de la Fiscal\u00eda al Juzgado 4\u00ba Penal del Circuito, se \u00a0acredit\u00f3 \u00a0que \u00a0una \u00a0de \u00a0las v\u00edctimas, GLORIA LUCY L\u00d3PEZ FUENTES se encontraba \u00a0afiliada \u00a0a \u00a0la organizaci\u00f3n sindical \u201cAsociaci\u00f3n \u00a0de \u00a0 \u00a0 \u00a0Institutores \u00a0 \u00a0 y \u00a0 \u00a0 Trabajadores \u00a0 \u00a0 de \u00a0 \u00a0 la \u00a0 \u00a0 Educaci\u00f3n \u00a0 \u00a0 del \u00a0Cauca-Asoinca\u201d, \u00a0de \u00a0modo \u00a0que en ella concurr\u00eda la \u00a0condici\u00f3n \u00a0de \u00a0sindicalista. \u00a0En \u00a0tal virtud, es claro que el proceso penal que \u00a0cursa \u00a0con \u00a0ocasi\u00f3n \u00a0de su deceso y dem\u00e1s conductas punibles es de competencia \u00a0de \u00a0 los \u00a0 Juzgados \u00a0 especializados \u00a0de \u00a0la \u00a0ciudad \u00a0de \u00a0Bogot\u00e1 \u00a0adscritos \u00a0al \u00a0\u201cPrograma OIT\u201d. \u00a0\u00a0<\/p>\n<p>3.1. \u00a0Sin \u00a0que \u00a0lo \u00a0anterior \u00a0de \u00a0lugar a la \u00a0ruptura \u00a0de \u00a0la \u00a0unidad procesal por los hechos perpetrados en contra de la otra \u00a0v\u00edctima, \u00a0Evaristo \u00a0L\u00f3pez \u00a0Estela, \u00a0ya \u00a0que pese a que en \u00e9l no concurr\u00eda la \u00a0calidad \u00a0anotada \u00a0para \u00a0asignar \u00a0el \u00a0conocimiento \u00a0del \u00a0asunto, \u00a0es claro que el \u00a0allanamiento \u00a0a \u00a0cargos \u00a0ya \u00a0efectuado \u00a0hace \u00a0imperioso \u00a0que se d\u00e9 tramite a la \u00a0actuaci\u00f3n bajo la misma cuerda procesal. \u00a0\u00a0<\/p>\n<p>4. \u00a0 En \u00a0 consecuencia, \u00a0se \u00a0asignar\u00e1 \u00a0la \u00a0competencia \u00a0para \u00a0conocer \u00a0del \u00a0asunto \u00a0al \u00a0Juzgado \u00a056 \u00a0Penal del Circuito con \u00a0funciones \u00a0de \u00a0conocimiento de Bogot\u00e1, Programa OIT. \u00a0\u00a0<\/p>\n<p>En \u00a0m\u00e9rito de lo expuesto, la Corte Suprema \u00a0de Justicia, Sala de Casaci\u00f3n Penal, \u00a0\u00a0<\/p>\n<p>RESUELVE \u00a0<\/p>\n<p>1. \u00a0 ASIGNAR \u00a0el \u00a0conocimiento \u00a0para \u00a0realizar \u00a0la \u00a0audiencia \u00a0de \u00a0formulaci\u00f3n \u00a0de \u00a0acusaci\u00f3n \u00a0y \u00a0tramitar \u00a0la \u00a0fase \u00a0de la causa al Juzgado 56 Penal del Circuito con funci\u00f3n de \u00a0conocimiento de Bogot\u00e1, adscrito al Programa OIT. \u00a0\u00a0<\/p>\n<p>2. \u00a0COMUN\u00cdQUESE lo \u00a0aqu\u00ed \u00a0resuelto \u00a0y \u00a0rem\u00edtase copia de esta providencia al Juzgado 4\u00ba Penal del \u00a0Circuito con funci\u00f3n de conocimiento de Popay\u00e1n. \u00a0\u00a0<\/p>\n<p>Contra \u00a0esta \u00a0decisi\u00f3n \u00a0no \u00a0procede recurso \u00a0alguno. \u00a0\u00a0<\/p>\n<p>C\u00famplase. \u00a0<\/p>\n<p>JOS\u00c9 \u00a0LUIS \u00a0BARCEL\u00d3 CAMACHO \u00a0\u00a0<\/p>\n<p>JOS\u00c9 LEONIDAS \u00a0BUSTOS MART\u00cdNEZ \u00a0\u00a0<\/p>\n<p>FERNANDO \u00a0 \u00a0 \u00a0ALBERTO \u00a0 \u00a0 \u00a0CASTRO \u00a0CABALLERO \u00a0\u00a0<\/p>\n<p>EUGENIO \u00a0 \u00a0 \u00a0 FERN\u00c1NDEZ CARLIER \u00a0\u00a0<\/p>\n<p>GUSTAVO \u00a0ENRIQUE \u00a0MALO \u00a0FERN\u00c1NDEZ \u00a0\u00a0<\/p>\n<p>EYDER \u00a0PATI\u00d1O \u00a0CABRERA \u00a0\u00a0<\/p>\n<p>PATRICIA \u00a0 \u00a0SALAZAR \u00a0 CU\u00c9LLAR \u00a0\u00a0<\/p>\n<p>LUIS GUILLERMO SALAZAR OTERO \u00a0<\/p>\n<p>Nubia \u00a0Yolanda \u00a0Nova \u00a0Garc\u00eda \u00a0\u00a0<\/p>\n<p>Secretaria \u00a0<\/p>\n<p>\u00a0 \u00a0 \u00a0 \u00a0 \u00a0<\/p>\n<p>\u00a0 \u00a0\u00a0<\/p>\n<p>1 \u00a0CSJ, \u00a0SP, \u00a0autos \u00a0del \u00a011 de mayo de 2011, rad. 36418; 20 de abril de 2012, rad. \u00a038058; \u00a014 de agosto de 2013, rad. 41497, 11 de mayo de 2015, rad. 45952, CSJ AP \u00a02438-2015 y CSJ AP 3798-2015. \u00a0 \u00a0\u00a0<\/p>\n<p><\/p>\n","protected":false},"excerpt":{"rendered":"<p>\u00a0 \u00a0 \u00a0\u00a0 CORTE SUPREMA DE JUSTICIA \u00a0 SALA DE CASACI\u00d3N PENAL \u00a0 LUIS GUILLERMO SALAZAR OTERO \u00a0 Magistrado ponente \u00a0 AP4864-2015 \u00a0 Radicaci\u00f3n N\u00b0 46630 \u00a0 (Aprobado Acta No.295) \u00a0 \u00a0 \u00a0\u00a0 \u00a0\u00a0 \u00a0\u00a0Bogot\u00e1, \u00a0D.C., \u00a0veintis\u00e9is \u00a0(26) \u00a0de \u00a0agosto \u00a0de \u00a0dos \u00a0mil \u00a0quince \u00a0(2015). \u00a0\u00a0 ASUNTO \u00a0 La \u00a0Corte define la \u00a0competencia \u00a0para \u00a0llevar [&hellip;]<\/p>\n","protected":false},"author":1,"featured_media":0,"comment_status":"open","ping_status":"open","sticky":false,"template":"","format":"standard","meta":{"footnotes":""},"categories":[23],"tags":[],"class_list":["post-31334","post","type-post","status-publish","format-standard","hentry","category-23"],"_links":{"self":[{"href":"https:\/\/dmsjuridica.com\/buscador_20179478954\/salapenalcronologico20230723\/wp-json\/wp\/v2\/posts\/31334","targetHints":{"allow":["GET"]}}],"collection":[{"href":"https:\/\/dmsjuridica.com\/buscador_20179478954\/salapenalcronologico20230723\/wp-json\/wp\/v2\/posts"}],"about":[{"href":"https:\/\/dmsjuridica.com\/buscador_20179478954\/salapenalcronologico20230723\/wp-json\/wp\/v2\/types\/post"}],"author":[{"embeddable":true,"href":"https:\/\/dmsjuridica.com\/buscador_20179478954\/salapenalcronologico20230723\/wp-json\/wp\/v2\/users\/1"}],"replies":[{"embeddable":true,"href":"https:\/\/dmsjuridica.com\/buscador_20179478954\/salapenalcronologico20230723\/wp-json\/wp\/v2\/comments?post=31334"}],"version-history":[{"count":0,"href":"https:\/\/dmsjuridica.com\/buscador_20179478954\/salapenalcronologico20230723\/wp-json\/wp\/v2\/posts\/31334\/revisions"}],"wp:attachment":[{"href":"https:\/\/dmsjuridica.com\/buscador_20179478954\/salapenalcronologico20230723\/wp-json\/wp\/v2\/media?parent=31334"}],"wp:term":[{"taxonomy":"category","embeddable":true,"href":"https:\/\/dmsjuridica.com\/buscador_20179478954\/salapenalcronologico20230723\/wp-json\/wp\/v2\/categories?post=31334"},{"taxonomy":"post_tag","embeddable":true,"href":"https:\/\/dmsjuridica.com\/buscador_20179478954\/salapenalcronologico20230723\/wp-json\/wp\/v2\/tags?post=31334"}],"curies":[{"name":"wp","href":"https:\/\/api.w.org\/{rel}","templated":true}]}}