{"id":31333,"date":"2023-09-13T17:37:55","date_gmt":"2023-09-13T17:37:55","guid":{"rendered":"https:\/\/dmsjuridica.com\/buscador_20179478954\/salapenalcronologico20230723\/2023\/09\/13\/ap4862-201546652\/"},"modified":"2023-09-13T17:37:55","modified_gmt":"2023-09-13T17:37:55","slug":"ap4862-201546652","status":"publish","type":"post","link":"https:\/\/dmsjuridica.com\/buscador_20179478954\/salapenalcronologico20230723\/2023\/09\/13\/ap4862-201546652\/","title":{"rendered":"AP4862-2015(46652)"},"content":{"rendered":"\n<p>\u00a0 \u00a0 CORTE SUPREMA DE JUSTICIA \u00a0<\/p>\n<p>SALA DE CASACI\u00d3N PENAL \u00a0<\/p>\n<p>FERNANDO ALBERTO CASTRO CABALLERO \u00a0<\/p>\n<p>Magistrado \u00a0 \u00a0 \u00a0Ponente: \u00a0\u00a0<\/p>\n<p>Radicado No. 46652 \u00a0<\/p>\n<p>AP4862-2015 \u00a0<\/p>\n<p>Aprobado Acta N\u00b0297 \u00a0<\/p>\n<p>Bogot\u00e1, \u00a0D. C., veintisiete (27)) de agosto \u00a0de dos mil quince (2015). \u00a0\u00a0<\/p>\n<p>VISTOS: \u00a0<\/p>\n<p>Procede la Sala a resolver lo que en derecho \u00a0corresponda \u00a0acerca \u00a0de \u00a0la \u00a0manifestaci\u00f3n \u00a0de incompetencia\u00a0 formulada el \u00a0pasado \u00a06 \u00a0de \u00a0agosto \u00a0por \u00a0la \u00a0Juez D\u00e9cima Penal del Circuito Especializado de \u00a0Bogot\u00e1 \u00a0&#8211; \u00a0Programa \u00a0OIT-, \u00a0en \u00a0el proceso penal que se adelanta a DAVID JON\u00c1S \u00a0VEGA \u00a0ESPITIA, \u00a0por \u00a0su \u00a0presunta \u00a0participaci\u00f3n \u00a0en \u00a0el homicidio del profesor \u00a0sindicalizado MANUEL ESTEBAN TEJADA RICARDO. \u00a0\u00a0<\/p>\n<p>HECHOS \u00a0<\/p>\n<p>\u00a0 \u00a0\u00a0 \u00a0\u00a0 \u00a0\u00a0Conforme obra en el escrito de acusaci\u00f3n: \u00a0\u00a0<\/p>\n<p>\u00absiendo aproximadamente las 6:00 a.m. del 10 \u00a0de \u00a0enero \u00a0de \u00a02011, \u00a0sujetos indeterminados, luego de preguntar a moradores del \u00a0sector \u00a0 del \u00a0barrio \u00a0Palma \u00a0Soriana \u00a0\u2013 \u00a0Planeta \u00a0Rica \u00a0(C\u00f3rdoba) \u00a0sobre \u00a0d\u00f3nde \u00a0viv\u00eda el profesor de la \u00a0instituci\u00f3n \u00a0educativa \u00a0\u201cPalma \u00a0Soriano\u201d, \u00a0el \u00a0se\u00f1or MANUEL ESTEBAN TEJADA \u00a0RICARDO, \u00a0ingresaron \u00a0al \u00a0lugar \u00a0de \u00a0su \u00a0residencia\u2026 \u00a0y \u00a0le \u00a0propinaron varios \u00a0impactos \u00a0con \u00a0armas \u00a0de \u00a0fuego, \u00a0ocasion\u00e1ndole \u00a0la \u00a0muerte en forma inmediata, \u00a0huyendo posteriormente del lugar. \u00a0\u00a0<\/p>\n<p>Por esas conductas delictivas, se inici\u00f3 la \u00a0investigaci\u00f3n \u00a0radicada bajo el n\u00famero 2355560010582201100004, que adelanta en \u00a0la actualidad esta Fiscal\u00eda 103 de Derechos Humanos. \u00a0\u00a0<\/p>\n<p>Dentro de esta actuaci\u00f3n\u2026 el 1 de abril de \u00a02011 \u00a0se \u00a0recibe una entrevista a Jaime Enrique Montalvo Surita, quien da cuenta \u00a0de \u00a0los pormenores como se realiz\u00f3 el homicidio, incluso se indica que el mismo \u00a0corresponde \u00a0al \u00a0cumplimiento \u00a0de \u00a0una \u00a0orden \u00a0impartida \u00a0por \u00a0el \u00a0grupo \u00a0BACRIM \u00a0denominado \u00a0\u201clos \u00a0urabe\u00f1os\u201d, manifestando que son part\u00edcipes: El Negro, el \u00a0Chinga, \u00a0el \u00a0Mingo, \u00a0David, Cariblanco, el Mono, el Ronco, Wilder o Leo, adem\u00e1s \u00a0de haber participado el mismo testigo. \u00a0\u00a0<\/p>\n<p>Sobre la forma como se realiz\u00f3 el homicidio \u00a0indica \u00a0el \u00a0testigo \u00a0Jaime \u00a0Enrique \u00a0Montalvo \u00a0Surita, \u00a0que la banda criminal\u2026 \u00a0habiendo \u00a0recibido \u00a0la \u00a0orden \u00a0de perseguir a todos los miembros de la banda los \u00a0paisas, \u00a0especialmente \u00a0a \u00a0alias \u201cel Gringo\u201d y alias \u201cYeison\u201d, que all\u00ed \u00a0lleg\u00f3 \u00a0la \u00a0orden del jefe Jaime de Jes\u00fas P\u00e9rez Puerta de cometer el homicidio \u00a0de MANUEL ESTEBAN TEJADA RICARDO. \u00a0\u00a0<\/p>\n<p>Que \u00a0una \u00a0vez \u00a0reunidos \u00a0los integrantes del \u00a0grupo, \u00a0se \u00a0acord\u00f3 \u00a0que \u00a0David \u00a0Jon\u00e1s \u00a0Vega \u00a0Espitia, \u00a0ser\u00eda \u00a0la \u00a0persona que \u00a0realizar\u00eda \u00a0el \u00a0homicidio, \u00a0como \u00a0efectivamente \u00a0lo \u00a0efectu\u00f3 \u00a0y que las dem\u00e1s \u00a0personas \u00a0ir\u00edan \u00a0con \u00e9l hasta el lugar de los hechos para brindar seguridad\u2026 \u00a0El \u00a0crimen \u00a0se realiz\u00f3 el 10 de enero de 2011\u2026 al llegar al lugar el grupo se \u00a0baja \u00a0del \u00a0veh\u00edculo \u00a0automotor \u00a0y \u00a0entra \u00a0caminando \u00a0al barrio\u2026 procediendo a \u00a0preguntarle \u00a0a \u00a0un vecino si el profe se encontraba en la casa, el cual les dijo \u00a0que \u00a0s\u00ed, \u00a0entonces \u00a0DAVID J\u00d3NAS VEGA ESPITIA ingresa al inmueble y el profesor \u00a0va \u00a0saliendo, \u00a0DAVID \u00a0saca \u00a0un \u00a0rev\u00f3lver \u00a0y \u00a0le \u00a0dispara en cinco oportunidades \u00a0caus\u00e1ndole la muerte. \u00a0\u00a0<\/p>\n<p>(\u2026) \u00a0<\/p>\n<p>Se \u00a0 \u00a0dispone \u00a0 \u00a0entonces \u00a0 \u00a0recepcionar \u00a0interrogatorio \u00a0al \u00a0indiciado MONTALVO SURITA, con presencia de abogado defensor \u00a0y \u00a0ministerio \u00a0p\u00fablico. \u00a0Lo \u00a0cual \u00a0se lleva a cabo el 18 de abril de 2012 en la \u00a0ciudad \u00a0 de \u00a0 Monter\u00eda\u2026 \u00a0se \u00a0establece \u00a0entonces \u00a0que \u00a0este \u00a0grupo \u00a0delictivo \u00a0particip\u00f3 \u00a0en otros homicidios, concretamente en el de la se\u00f1ora EDILSEN ELENA \u00a0MERCADO \u00a0ROQUEME, \u00a0hecho ocurrido el 4 de diciembre de 2010 en el caser\u00edo Palma \u00a0Soriana del municipio de Planeta Rica. \u00a0\u00a0<\/p>\n<p>Adem\u00e1s, \u00a0las \u00a0labores \u00a0de \u00a0investigaci\u00f3n \u00a0arrojaron \u00a0como \u00a0resultado \u00a0que \u00a0este \u00a0grupo delictivo tambi\u00e9n particip\u00f3 en un \u00a0tercer \u00a0homicidio, \u00a0concretamente \u00a0en el del se\u00f1or ROGER VERGARA SOTELO, crimen \u00a0llevado \u00a0a \u00a0cabo \u00a0el \u00a018 de enero de 2011 en la carrera 5\u00ba No. 21-54 Troncal de \u00a0Occidente de Planeta Rica, C\u00f3rdoba, Serviteca las Acacias. \u00a0\u00a0<\/p>\n<p>Para \u00a0ahondar \u00a0sobre \u00a0estos \u00a0homicidios y la \u00a0posible \u00a0conexidad \u00a0de estas conductas con el delito de concierto para delinquir \u00a0se \u00a0dispuso, \u00a0realizar inspecciones por parte de la polic\u00eda judicial a cada uno \u00a0de \u00a0los \u00a0procesos, \u00a0estableciendo \u00a0que \u00a0en \u00a0el radicado 235556100587201080261 se \u00a0adelanta \u00a0la \u00a0investigaci\u00f3n \u00a0por \u00a0la muerte de la se\u00f1ora EDILSEN ELENA MERCADO \u00a0ROQUEME \u00a0y \u00a0en \u00a0la \u00a0investigaci\u00f3n 2355560010582011800006 por la muerte de ROGER \u00a0VERGARA \u00a0SOTELO, \u00a0ambos \u00a0casos \u00a0en \u00a0la \u00a0Fiscal\u00eda \u00a025 Seccional de Planeta Rica, \u00a0C\u00f3rdoba.\u00bb1 \u00a0\u00a0<\/p>\n<p>ANTECEDENTES: \u00a0\u00a0<\/p>\n<p>El \u00a014 de diciembre del 2012 ante el Juzgado \u00a039 \u00a0Penal \u00a0Municipal \u00a0de Medell\u00edn se le imput\u00f3 a DAVID J\u00d3NAS VEGA ESPITIA las \u00a0conductas \u00a0 punibles \u00a0 de \u00a0 concierto \u00a0 para \u00a0 delinquir \u00a0 agravado, \u00a0 homicidio \u00a0agravado2 y porte ilegal de armas de fuego. \u00a0\u00a0<\/p>\n<p>El \u00a020 \u00a0de \u00a0mayo \u00a0de \u00a02014 \u00a0el \u00a0Fiscal \u00a0103 \u00a0Especializado \u00a0 de \u00a0la \u00a0Unidad \u00a0de \u00a0Derechos \u00a0Humanos \u00a0y \u00a0Derecho \u00a0Internacional \u00a0Humanitario \u00a0 present\u00f3 \u00a0 escrito \u00a0de \u00a0acusaci\u00f3n \u00a0en \u00a0el \u00a0centro \u00a0de \u00a0servicios \u00a0judiciales \u00a0 de \u00a0 Monter\u00eda \u00a0 -C\u00f3rdoba, \u00a0correspondi\u00e9ndole \u00a0conocer \u00a0de \u00a0dicha \u00a0actuaci\u00f3n \u00a0procesal \u00a0al \u00a0Juzgado Penal del Circuito Especializado de Monter\u00eda, \u00a0ante \u00a0quien \u00a0se \u00a0adelant\u00f3 \u00a0la \u00a0audiencia de formulaci\u00f3n de acusaci\u00f3n el 15 de \u00a0septiembre de ese mismo a\u00f1o. \u00a0\u00a0<\/p>\n<p>El titular del referido Despacho Judicial en \u00a0resoluci\u00f3n \u00a0del 6 de febrero de 2015 se declar\u00f3 incompetente para adelantar la \u00a0audiencia \u00a0de \u00a0juicio \u00a0oral \u00a0en el caso subexamine, arguyendo que \u00aben \u00a0cumplimiento \u00a0de \u00a0lo \u00a0dispuesto \u00a0en los Acuerdos PSAA07-4082 de \u00a02007, \u00a0PSAA08-4959 \u00a0de \u00a02008, \u00a0PSAA14-10178 \u00a0de \u00a02014 del Consejo Superior de la \u00a0Judicatura\u00bb, deb\u00eda remitir las presentes diligencias \u00a0a \u00a0los \u00a0Juzgados \u00a0Penales del Circuito Especializado de la OIT, toda vez que una \u00a0(1) \u00a0de \u00a0las \u00a0tres \u00a0(3) v\u00edctimas de la conducta de homicidio agravado ten\u00eda la \u00a0calidad \u00a0de \u00a0sindicalista, \u00a0esto \u00a0es, el se\u00f1or MANUEL \u00a0ESTEBAN \u00a0TEJADA RICARDO, quien se encontraba adscrito a \u00a0la \u00a0 \u00a0 \u00a0Asociaci\u00f3n \u00a0 \u00a0 \u00a0de \u00a0 \u00a0 Educadores \u00a0 \u00a0 de \u00a0 \u00a0 C\u00f3rdoba \u00a0 \u00a0 (ADEMACOR). \u00a0\u00a0<\/p>\n<p>Una vez asignada la presente actuaci\u00f3n a la \u00a0Juez \u00a0D\u00e9cimo \u00a0Penal \u00a0del Circuito Especializado de Bogot\u00e1, \u00e9sta manifest\u00f3 no \u00a0ser \u00a0competente \u00a0para \u00a0adelantar \u00a0la \u00a0etapa \u00a0de juzgamiento de DAVID JON\u00c1S VEGA \u00a0ESPITIA \u00a0por \u00a0su presunta participaci\u00f3n en los delitos de homicidio agravado de \u00a0la \u00a0se\u00f1ora EDILSEN ELENA MERCADO (comerciante) y el se\u00f1or ROGER VERGARA SOTELO \u00a0(mec\u00e1nico), \u00a0por \u00a0cuanto \u00a0\u00e9stos \u00a0no \u00a0ten\u00edan \u00a0la \u00a0calidad de sindicalistas; en \u00a0consecuencia, \u00a0a \u00a0trav\u00e9s \u00a0de auto del 24 de febrero de 2015, orden\u00f3 la ruptura \u00a0de \u00a0la \u00a0unidad procesal, con el objeto de mantener la competencia \u00aben \u00a0lo \u00a0atinente \u00a0\u00fanicamente a los hechos sucedidos el 10 de enero \u00a0de \u00a02011, \u00a0donde \u00a0resultara \u00a0v\u00edctima \u00a0el \u00a0profesor sindicalizado MANUEL ESTEBAN \u00a0TEJADA \u00a0 \u00a0RICARDO\u00bb, \u00a0 \u00a0remitiendo \u00a0 \u00a0la \u00a0 \u00a0restante \u00a0investigaci\u00f3n \u00a0al \u00a0Juzgado \u00a0Promiscuo \u00a0del \u00a0Circuito de Planeta Rica (C\u00f3rdoba) \u00a0quien, \u00a0 a \u00a0su \u00a0turno, \u00a0tambi\u00e9n \u00a0rechaz\u00f3 \u00a0ser \u00a0el \u00a0llamado \u00a0a \u00a0resolver \u00a0dicha \u00a0problem\u00e1tica, \u00a0 manifestando \u00a0 \u00abque \u00a0el \u00a0cargo \u00a0de \u00a0concierto \u00a0 \u00a0para \u00a0 \u00a0delinquir \u00a0 agravado \u00a0 \u00a0endilgado \u00a0 \u00a0al \u00a0 \u00a0procesado \u00a0 \u00a0lo \u00a0 \u00a0exime \u00a0 \u00a0de \u00a0 avocar \u00a0 el \u00a0conocimiento\u00bb3 \u00a0\u00a0<\/p>\n<p>del \u00a0 caso \u00a0subjudice, \u00a0a \u00a0voces \u00a0del \u00a0numeral \u00a017 \u00a0del \u00a0art\u00edculo \u00a035 \u00a0de \u00a0la \u00a0Ley \u00a0906 \u00a0de \u00a02004. \u00a0\u00a0<\/p>\n<p>Con \u00a0 fundamento \u00a0 en \u00a0 lo \u00a0anterior, \u00a0las \u00a0diligencias \u00a0fueron \u00a0remitidas \u00a0a esta Colegiatura para que se pronunciara sobre \u00a0el \u00a0particular, \u00a0resolviendo en auto del 1 de julio de la cursante anualidad que \u00a0a \u00a0quien le corresponde adelantar el juicio contra DAVID J\u00d3NAS VEGA ESPITIA por \u00a0su \u00a0presunta responsabilidad en los delitos de concierto para delinquir agravado \u00a0y \u00a0los \u00a0homicidios \u00a0de \u00a0EDILSEN \u00a0MERCADO \u00a0ROQUEME \u00a0y ROGER VERGARA SOTELO, es al \u00a0Juzgado \u00a0 Penal \u00a0del \u00a0Circuito \u00a0de \u00a0Monter\u00eda; \u00a0precis\u00e1ndose, \u00a0en \u00a0el \u00a0referido \u00a0prove\u00eddo, \u00a0que \u00a0no \u00a0era \u00a0objeto \u00a0de discusi\u00f3n lo concerniente a la competencia \u00a0para \u00a0conocer del homicidio del profesor sindicalizado \u00a0MANUEL \u00a0 \u00a0 ESTEBAN \u00a0 \u00a0TEJADA \u00a0 \u00a0RICARDO, \u00a0toda \u00a0vez que el Juzgado D\u00e9cimo Penal \u00a0del \u00a0Circuito \u00a0Especializado \u00a0de Bogot\u00e1 \u201cPrograma OIT\u201d ya hab\u00eda asumido el \u00a0conocimiento de este hecho punible. \u00a0\u00a0<\/p>\n<p>El pasado 6 de agosto, durante el curso de la \u00a0audiencia \u00a0preparatoria, \u00a0la \u00a0Juez \u00a0D\u00e9cima \u00a0Penal del Circuito Especializada de \u00a0Bogot\u00e1 \u00a0arguy\u00f3 \u00a0que \u00a0la \u00a0decisi\u00f3n proferida por esta Corporaci\u00f3n obraba como \u00a0una \u00a0 \u00a0causa \u00a0 \u00a0sobreviniente \u00a0 \u00a0de \u00a0 p\u00e9rdida \u00a0 de \u00a0competencia, \u00a0toda \u00a0vez \u00a0que \u00a0ya \u00a0no \u00a0era objeto de su \u00a0conocimiento \u00a0la \u00a0presunta \u00a0participaci\u00f3n del acusado en el delito de concierto \u00a0para \u00a0delinquir agravado, se\u00f1alando al Juzgado 56 Penal del Circuito de Bogot\u00e1 \u00a0&#8211; \u00a0Programa OIT- como el competente para continuar adelantando el juzgamiento de \u00a0VEGA \u00a0ESPITIA \u00a0por \u00a0los delitos de homicidio agravado y porte ilegal de armas de \u00a0fuego, donde hab\u00eda sido v\u00edctima MANUEL ESTEBAN TEJADA RICARDO. \u00a0\u00a0<\/p>\n<p>Una \u00a0vez fueron remitidas las diligencias al \u00a0Tribunal \u00a0Superior \u00a0de \u00a0Bogot\u00e1, para que dirimiera el conflicto de competencias \u00a0propuesto, \u00a0el \u00a0asunto \u00a0fue asignado por reparto al Despacho de la H. Magistrado \u00a0Ramiro \u00a0 Ria\u00f1o \u00a0Ria\u00f1o, \u00a0quien \u00a0consider\u00f3 \u00a0que \u00a0al \u00a0involucrarse \u00a0Juzgados \u00a0 \u00a0de \u00a0 \u00a0diferentes \u00a0 distritos \u00a0-Juzgado \u00a010 \u00a0Penal \u00a0del \u00a0Circuito \u00a0Especializado \u00a0de \u00a0Bogot\u00e1 \u00a0y \u00a0Juzgado \u00a0Penal \u00a0del \u00a0Circuito Especializado de Monter\u00eda- \u00a0no \u00a0le \u00a0compet\u00eda \u00a0resolver \u00a0tal problem\u00e1tica, raz\u00f3n por la que \u00a0envi\u00f3 \u00a0las \u00a0actuaciones \u00a0el pasado 19 de agosto a \u00e9sta Corporaci\u00f3n para lo de \u00a0su cargo. \u00a0\u00a0<\/p>\n<p>CONSIDERACIONES DE LA SALA: \u00a0<\/p>\n<p>Ser\u00eda del caso que la Sala entrara a definir \u00a0la \u00a0competencia \u00a0para \u00a0conocer \u00a0del \u00a0juzgamiento \u00a0de \u00a0DAVID JON\u00c1S VEGA ESPITIA, \u00a0acusado \u00a0de \u00a0los \u00a0delitos de homicidio agravado (Arts. 103 y 104 &#8211; numerales 4 y \u00a07- \u00a0de \u00a0la Ley 599 de 2000) y porte ilegal de armas de fuego (Art. 365 ib\u00eddem), \u00a0en \u00a0raz\u00f3n \u00a0a \u00a0la \u00a0manifestaci\u00f3n de incompetencia formulada por la Juez D\u00e9cima \u00a0Penal \u00a0del \u00a0Circuito Especializado de Bogot\u00e1 &#8211; Programa OIT- en auto del pasado \u00a06 \u00a0de \u00a0agosto, de no ser porque se advierte que corresponde al Tribunal Superior \u00a0del \u00a0Distrito \u00a0Judicial \u00a0de \u00a0Bogot\u00e1 \u00a0resolver \u00a0el conflicto por ella planteado, \u00a0conforme \u00a0lo \u00a0establecen \u00a0los \u00a0numerales 5\u00ba de los art\u00edculos 33 y 34 de la Ley \u00a0906 \u00a0de \u00a02004, \u00a0puesto \u00a0que \u00a0la \u00a0titular \u00a0del \u00a0referido Despacho se\u00f1al\u00f3 que el \u00a0competente \u00a0para \u00a0tramitar \u00a0el \u00a0asunto \u00a0es \u00a0el \u00a0Juzgado 56 Penal del Circuito de \u00a0Bogot\u00e1 \u00a0\u2013 Programa OIT- y, \u00a0por \u00a0tanto, \u00a0se \u00a0trata \u00a0de \u00a0una \u00a0definici\u00f3n \u00a0que \u00a0involucra \u00a0juzgados del mismo \u00a0distrito, \u00a0cuyo \u00a0conocimiento \u00a0es del Tribunal en cita (C.S.J. AP, 30 may. 2006, \u00a0rad. \u00a0 24964), \u00a0 a \u00a0 donde \u00a0 se \u00a0 remitir\u00e1n \u00a0 las \u00a0 presentes \u00a0 diligencias \u00a0de \u00a0inmediato. \u00a0\u00a0<\/p>\n<p>RESUELVE: \u00a0<\/p>\n<p>Abstenerse \u00a0de \u00a0resolver \u00a0la \u00a0definici\u00f3n de \u00a0competencia \u00a0propuesta \u00a0por \u00a0la \u00a0Juez D\u00e9cima Penal del Circuito de Bogot\u00e1, por \u00a0los motivos anteriormente expuestos. \u00a0\u00a0<\/p>\n<p>\u00a0 \u00a0\u00a0 \u00a0\u00a0 \u00a0Rem\u00edtase \u00a0 el \u00a0 expediente \u00a0al \u00a0Tribunal \u00a0Superior \u00a0de \u00a0Bogot\u00e1 \u00a0de \u00a0inmediato para lo de su cargo. \u00a0\u00a0<\/p>\n<p>Contra \u00a0esta \u00a0decisi\u00f3n \u00a0no \u00a0procede recurso \u00a0alguno. \u00a0\u00a0<\/p>\n<p>Comun\u00edquese y c\u00famplase. \u00a0<\/p>\n<p>Jos\u00e9 Luis Barcel\u00f3 Camacho \u00a0<\/p>\n<p>Jos\u00e9 Leonidas Bustos Mart\u00ednez \u00a0<\/p>\n<p>Fernando Alberto Castro Caballero \u00a0<\/p>\n<p>Eugenio Fern\u00e1ndez Carlier \u00a0<\/p>\n<p>Gustavo Enrique Malo Fern\u00e1ndez \u00a0<\/p>\n<p>Eyder Pati\u00f1o Cabrera \u00a0<\/p>\n<p>Patricia Salazar Cu\u00e9llar \u00a0<\/p>\n<p>Luis Guillermo Salazar Otero \u00a0<\/p>\n<p>Nubia Yolanda Nova Garc\u00eda \u00a0<\/p>\n<p>Secretaria \u00a0<\/p>\n<p>\u00a0\u00a0\u00a0\u00a0\u00a0\u00a0\u00a0\u00a0\u00a0\u00a0\u00a0\u00a0\u00a0\u00a0\u00a0\u00a0\u00a0\u00a0\u00a0\u00a0\u00a0\u00a0\u00a0\u00a0\u00a0\u00a0\u00a0\u00a0\u00a0\u00a0\u00a0\u00a0\u00a0\u00a0\u00a0\u00a0\u00a0\u00a0\u00a0\u00a0\u00a0\u00a0\u00a0\u00a0\u00a0\u00a0\u00a0\u00a0\u00a0 \u00a0\u00a0<\/p>\n<p>\u00a0 \u00a0\u00a0<\/p>\n<p>1 \u00a0Folios 57 y s.s. del Cuaderno No.1 del radicado \u00a0\u00a0<\/p>\n<p>2 Por \u00a0los incisos 4 y 7 del art\u00edculo 104 del C\u00f3digo Penal. \u00a0\u00a0<\/p>\n<p>3 \u00a0En \u00a0auto \u00a0del \u00a019 \u00a0de \u00a0mayo \u00a0de 2015, el Juez Promiscuo del Circuito de Planeta Rica \u00a0(C\u00f3rdoba) \u00a0expres\u00f3: \u00a0\u00abla Fiscal\u00eda no ha variado la \u00a0calificaci\u00f3n \u00a0imputada \u00a0el \u00a0cargo \u00a0de \u00a0concierto \u00a0para \u00a0delinquir \u00a0endilgado al \u00a0procesado \u00a0citado \u00a0no \u00a0s\u00f3lo fue por la muerte del se\u00f1or TEJADA RICARDO docente \u00a0sindicalizado, \u00a0sino \u00a0que \u00a0tambi\u00e9n \u00a0lo fue por la muerte de los se\u00f1ores EDILSE \u00a0ELENA MERCADO ROQUEME y ROGER VERGARA SOTELO.\u00bb \u00a0 \u00a0\u00a0<\/p>\n<p><\/p>\n","protected":false},"excerpt":{"rendered":"<p>\u00a0 \u00a0 CORTE SUPREMA DE JUSTICIA \u00a0 SALA DE CASACI\u00d3N PENAL \u00a0 FERNANDO ALBERTO CASTRO CABALLERO \u00a0 Magistrado \u00a0 \u00a0 \u00a0Ponente: \u00a0\u00a0 Radicado No. 46652 \u00a0 AP4862-2015 \u00a0 Aprobado Acta N\u00b0297 \u00a0 Bogot\u00e1, \u00a0D. C., veintisiete (27)) de agosto \u00a0de dos mil quince (2015). \u00a0\u00a0 VISTOS: \u00a0 Procede la Sala a resolver lo que en [&hellip;]<\/p>\n","protected":false},"author":1,"featured_media":0,"comment_status":"open","ping_status":"open","sticky":false,"template":"","format":"standard","meta":{"footnotes":""},"categories":[23],"tags":[],"class_list":["post-31333","post","type-post","status-publish","format-standard","hentry","category-23"],"_links":{"self":[{"href":"https:\/\/dmsjuridica.com\/buscador_20179478954\/salapenalcronologico20230723\/wp-json\/wp\/v2\/posts\/31333","targetHints":{"allow":["GET"]}}],"collection":[{"href":"https:\/\/dmsjuridica.com\/buscador_20179478954\/salapenalcronologico20230723\/wp-json\/wp\/v2\/posts"}],"about":[{"href":"https:\/\/dmsjuridica.com\/buscador_20179478954\/salapenalcronologico20230723\/wp-json\/wp\/v2\/types\/post"}],"author":[{"embeddable":true,"href":"https:\/\/dmsjuridica.com\/buscador_20179478954\/salapenalcronologico20230723\/wp-json\/wp\/v2\/users\/1"}],"replies":[{"embeddable":true,"href":"https:\/\/dmsjuridica.com\/buscador_20179478954\/salapenalcronologico20230723\/wp-json\/wp\/v2\/comments?post=31333"}],"version-history":[{"count":0,"href":"https:\/\/dmsjuridica.com\/buscador_20179478954\/salapenalcronologico20230723\/wp-json\/wp\/v2\/posts\/31333\/revisions"}],"wp:attachment":[{"href":"https:\/\/dmsjuridica.com\/buscador_20179478954\/salapenalcronologico20230723\/wp-json\/wp\/v2\/media?parent=31333"}],"wp:term":[{"taxonomy":"category","embeddable":true,"href":"https:\/\/dmsjuridica.com\/buscador_20179478954\/salapenalcronologico20230723\/wp-json\/wp\/v2\/categories?post=31333"},{"taxonomy":"post_tag","embeddable":true,"href":"https:\/\/dmsjuridica.com\/buscador_20179478954\/salapenalcronologico20230723\/wp-json\/wp\/v2\/tags?post=31333"}],"curies":[{"name":"wp","href":"https:\/\/api.w.org\/{rel}","templated":true}]}}