{"id":31331,"date":"2023-09-13T17:37:55","date_gmt":"2023-09-13T17:37:55","guid":{"rendered":"https:\/\/dmsjuridica.com\/buscador_20179478954\/salapenalcronologico20230723\/2023\/09\/13\/ap4851-201544037\/"},"modified":"2023-09-13T17:37:55","modified_gmt":"2023-09-13T17:37:55","slug":"ap4851-201544037","status":"publish","type":"post","link":"https:\/\/dmsjuridica.com\/buscador_20179478954\/salapenalcronologico20230723\/2023\/09\/13\/ap4851-201544037\/","title":{"rendered":"AP4851-2015(44037)"},"content":{"rendered":"\n<p>\u00a0 \u00a0 \u00a0\u00a0<\/p>\n<p>CORTE SUPREMA DE JUSTICIA \u00a0<\/p>\n<p>SALA DE CASACI\u00d3N PENAL \u00a0<\/p>\n<p>JOS\u00c9 \u00a0LEONIDAS \u00a0BUSTOS \u00a0MART\u00cdNEZ \u00a0\u00a0<\/p>\n<p>Magistrado Ponente \u00a0<\/p>\n<p>AP4851-2015 \u00a0\u00a0<\/p>\n<p>Radicaci\u00f3n \u00a0 \u00a0 No. \u00a0 \u00a0 44037 \u00a0\u00a0<\/p>\n<p>(Aprobado acta No. \u00a0294) \u00a0\u00a0<\/p>\n<p>Bogot\u00e1, D. C., veintis\u00e9is (26) de agosto de \u00a0dos mil quince (2015). \u00a0\u00a0<\/p>\n<p>Se pronuncia la Corte sobre la posibilidad de \u00a0declarar \u00a0la extinci\u00f3n de la acci\u00f3n penal por muerte del acusado se\u00f1or F\u00c9LIX \u00a0ANTONIO \u00a0AMELINES \u00a0URIBE, \u00a0dentro del proceso seguido en su contra por el delito \u00a0de actos sexuales abusivos con menor de 14 a\u00f1os. \u00a0\u00a0<\/p>\n<p>ANTECEDENTES \u00a0y \u00a0CONSIDERACIONES \u00a0\u00a0<\/p>\n<p>1.- \u00a0Despu\u00e9s \u00a0de adelantarse el juicio oral \u00a0bajo \u00a0los lineamientos de la Ley 906 de 2004, mediante sentencia de primer grado \u00a0proferida \u00a0 \u00a0el \u00a0 \u00a026 \u00a0 \u00a0de \u00a0 \u00a0abril \u00a0 \u00a0de \u00a0 \u00a020121, \u00a0el \u00a0Juzgado \u00a0Promiscuo \u00a0del \u00a0Circuito \u00a0 de \u00a0 Bel\u00e9n \u00a0 de \u00a0Umbr\u00eda \u00a0\u2013 \u00a0 Risaralda \u00a0absolvi\u00f3 \u00a0al \u00a0F\u00c9LIX \u00a0ANTONIO \u00a0AMELINES \u00a0URIBE, \u00a0del \u00a0concurso \u00a0de \u00a0delitos \u00a0de \u00a0actos \u00a0sexuales abusivos y acceso carnal abusivo, por \u00a0cuya realizaci\u00f3n fue acusado por la Fiscal\u00eda. \u00a0\u00a0<\/p>\n<p>2.- \u00a0Apelada \u00a0esta \u00a0determinaci\u00f3n \u00a0por \u00a0la \u00a0Fiscal\u00eda \u00a0y \u00a0el \u00a0apoderado \u00a0de las v\u00edctimas, en decisi\u00f3n de segunda instancia \u00a0proferida \u00a0al \u00a024 de abril de 2014 el Tribunal Superior del Distrito Judicial de \u00a0Pereira2 \u00a0resolvi\u00f3 \u00a0modificarla \u00a0&lt;&lt;en \u00a0el \u00a0sentido \u00a0de dejar en firme la absoluci\u00f3n efectuada en favor del procesado en lo \u00a0que \u00a0ata\u00f1e \u00a0a \u00a0los \u00a0cargos relacionados con la presunta comisi\u00f3n del delito de \u00a0acceso \u00a0carnal \u00a0abusivo con menor de 14 a\u00f1os; pero se REVOCA la absoluci\u00f3n que \u00a0tambi\u00e9n \u00a0fue \u00a0hecha \u00a0en \u00a0favor \u00a0del procesado F\u00c9LIX ANTONIO AMELINES URIBE por \u00a0incurrir \u00a0en \u00a0la \u00a0comisi\u00f3n el delito de actos sexuales abusivos con menor de 14 \u00a0a\u00f1os&gt;&gt; \u00a0por \u00a0el \u00a0cual \u00a0lo \u00a0conden\u00f3 \u00a0a la pena \u00a0principal \u00a0de \u00a010 \u00a0a\u00f1os \u00a0de \u00a0prisi\u00f3n y a la accesoria de inhabilitaci\u00f3n en el \u00a0ejercicio de derechos y funciones p\u00fablicas. \u00a0\u00a0<\/p>\n<p>3.-\u00a0 Contra el \u00a0fallo \u00a0 del \u00a0 Tribunal, \u00a0tanto \u00a0la \u00a0defensa \u00a0como \u00a0la \u00a0fiscal\u00eda \u00a0 interpusieron \u00a0oportunamente \u00a0 \u00a0 recurso \u00a0 \u00a0 extraordinario \u00a0 \u00a0de \u00a0casaci\u00f3n, \u00a0present\u00e1ndose \u00a0las \u00a0correspondientes \u00a0demandas3, \u00a0 \u00a0 \u00a0 \u00a0 las \u00a0cuales \u00a0fueron \u00a0admitidas por la Corte, fij\u00e1ndose el pr\u00f3ximo \u00a015 \u00a0 de \u00a0octubre \u00a0de \u00a02015 \u00a0para \u00a0llevar \u00a0a \u00a0cabo \u00a0la \u00a0respectiva \u00a0audiencia \u00a0de \u00a0sustentaci\u00f3n4. \u00a0\u00a0<\/p>\n<p>4.- \u00a0A trav\u00e9s de \u00a0correo \u00a0 electr\u00f3nico5, \u00a0el apoderado de la v\u00edctima \u00a0inform\u00f3 \u00a0sobre \u00a0el \u00a0fallecimiento \u00a0del acusado F\u00c9LIX \u00a0ANTONIO \u00a0 AMELINES \u00a0 URIBE, \u00a0y \u00a0a \u00a0consecuencia \u00a0del \u00a0requerimiento \u00a0 \u00a0sobre \u00a0 \u00a0el \u00a0 \u00a0particular \u00a0 efectuado \u00a0 por \u00a0 el \u00a0 Despacho \u00a0del \u00a0Magistrado \u00a0Ponente, \u00a0el \u00a0Notario \u00a0\u00danico de Bel\u00e9n de Umbr\u00eda remiti\u00f3 copia del correspondiente registro \u00a0civil \u00a0de \u00a0defunci\u00f3n \u00a0expedido por la Registradur\u00eda Nacional del Estado Civil, \u00a0seg\u00fan \u00a0el \u00a0cual \u00a0F\u00c9LIX \u00a0ANTONIO AMELINES URIBE, identificado con la c\u00e9dula de \u00a0ciudadan\u00eda \u00a0n\u00famero 4.391.516, falleci\u00f3 el 13 de diciembre de 20146. \u00a0\u00a0<\/p>\n<p>5.- \u00a0De \u00a0conformidad con lo previsto por los \u00a0art\u00edculos \u00a088 \u00a0de \u00a0la \u00a0Ley \u00a0599 \u00a0de 2000 y 77 de la Ley 906 de 2004, la acci\u00f3n \u00a0penal \u00a0 \u00a0se \u00a0 \u00a0extingue, \u00a0 \u00a0entre \u00a0 \u00a0otros \u00a0 \u00a0motivos, \u00a0 por \u00a0 la \u00a0 muerte \u00a0 del \u00a0procesado. \u00a0\u00a0<\/p>\n<p>6.- \u00a0Como \u00a0en este caso el registro civil de \u00a0defunci\u00f3n \u00a0allegado \u00a0al \u00a0tr\u00e1mite \u00a0acredita \u00a0con \u00a0claridad el fallecimiento del \u00a0se\u00f1or \u00a0F\u00c9LIX \u00a0ANTONIO AMELINES URIBE, quien ostenta \u00a0la \u00a0condici\u00f3n \u00a0de \u00a0acusado \u00a0en \u00a0el \u00a0presente \u00a0asunto, \u00a0la \u00a0Corte \u00a0no tiene m\u00e1s \u00a0alternativa \u00a0que declarar la extinci\u00f3n de la acci\u00f3n penal seguida en su contra \u00a0y \u00a0 disponer \u00a0 como \u00a0 consecuencia \u00a0 el \u00a0archivo \u00a0de \u00a0la \u00a0actuaci\u00f3n. \u00a0\u00a0<\/p>\n<p>Cabe \u00a0aclarar \u00a0que en este evento no resulta \u00a0procedente \u00a0adelantar \u00a0el \u00a0tr\u00e1mite \u00a0previsto \u00a0en \u00a0el \u00a0art\u00edculo \u00a078 \u00a0de la Ley 906 de 2004, conforme as\u00ed ha \u00a0procedido \u00a0 \u00a0en \u00a0 \u00a0casos \u00a0 \u00a0similares \u00a0 \u00a0a \u00a0 \u00e9ste7, si \u00a0se \u00a0tiene en cuenta que el juicio oral culmin\u00f3 con el \u00a0proferimiento \u00a0 del \u00a0 fallo \u00a0de \u00a0segundo \u00a0grado, \u00a0que \u00a0la \u00a0casaci\u00f3n \u00a0no \u00a0es la continuaci\u00f3n del mismo sino \u00a0juicio \u00a0de \u00a0juridicidad \u00a0y \u00a0acierto al fallo del Tribunal con que se puso fin al \u00a0proceso, \u00a0 y \u00a0que \u00a0en \u00a0el \u00a0tr\u00e1mite \u00a0del \u00a0recurso \u00a0extraordinario la ley procesal \u00a0no \u00a0 \u00a0 \u00a0 \u00a0 \u00a0tiene \u00a0 \u00a0 \u00a0 \u00a0 prevista \u00a0la \u00a0realizaci\u00f3n \u00a0de \u00a0alg\u00fan \u00a0tipo de \u00a0audiencias, \u00a0salvo \u00a0la de sustentaci\u00f3n del recurso de \u00a0casaci\u00f3n \u00a0una \u00a0vez \u00a0que \u00a0la \u00a0demanda \u00a0ha \u00a0sido \u00a0admitida, la cual, sin embargo, \u00a0en \u00a0 buena \u00a0hora \u00a0con \u00a0el \u00a0proyecto \u00a0de \u00a0reforma al C\u00f3digo de Procedimiento \u00a0 \u00a0 Penal \u00a0 \u00a0 recientemente \u00a0presentado \u00a0 \u00a0 por \u00a0 \u00a0la \u00a0 \u00a0Fiscal\u00eda, \u00a0 \u00a0se \u00a0pretende \u00a0 eliminar \u00a0del \u00a0tr\u00e1mite \u00a0 \u00a0 casacional, \u00a0 \u00a0 no \u00a0 \u00a0 solamente \u00a0 \u00a0 por \u00a0 \u00a0innecesaria, \u00a0inconveniente y dilatoria, sino por \u00a0transgredir \u00a0 el \u00a0 derecho \u00a0 de \u00a0 igualdad \u00a0en \u00a0el \u00a0acceso \u00a0al \u00a0servicio \u00a0de \u00a0la \u00a0administraci\u00f3n \u00a0 de \u00a0 justicia, \u00a0 pues \u00a0 en \u00a0tales \u00a0circunstancias \u00a0 \u00a0el \u00a0 \u00a0ejercicio \u00a0 \u00a0del \u00a0 recurso \u00a0extraordinario \u00a0resulta \u00a0odiosamente \u00a0discriminatorio \u00a0y \u00a0costoso \u00a0para \u00a0quienes \u00a0pretenden \u00a0 \u00a0acudir \u00a0 \u00a0a \u00a0 \u00a0\u00e9l \u00a0 y \u00a0 se \u00a0 hallan \u00a0 ubicados \u00a0 en \u00a0 lugares \u00a0distantes \u00a0del \u00a0Distrito \u00a0Capital, sede de la Corte \u00a0Suprema de Justicia. \u00a0\u00a0<\/p>\n<p>\u00a0\u00a0\u00a0\u00a0\u00a0\u00a0\u00a0\u00a0\u00a0 \u00a0\u00a0<\/p>\n<p>7.- Por consiguiente, al aparecer acreditada \u00a0la \u00a0configuraci\u00f3n \u00a0de una causal objetiva de extinci\u00f3n de la acci\u00f3n penal, la \u00a0Corte \u00a0proceder\u00e1 \u00a0a as\u00ed declararlo respecto del se\u00f1or F\u00c9LIX ANTONIO AMELINES \u00a0URIBE \u00a0y \u00a0dispondr\u00e1 \u00a0el \u00a0archivo \u00a0de \u00a0la \u00a0actuaci\u00f3n \u00a0seguida en su contra. \u00a0\u00a0<\/p>\n<p>\u00a0\u00a0\u00a0\u00a0\u00a0\u00a0\u00a0 \u00a0\u00a0<\/p>\n<p>En \u00a0m\u00e9rito \u00a0de \u00a0lo \u00a0expuesto, LA \u00a0CORTE SUPREMA DE JUSTICIA, SALA DE CASACI\u00d3N PENAL, \u00a0\u00a0<\/p>\n<p>R E S U E L V E: \u00a0<\/p>\n<p>PRIMERO. \u00a0DECLARAR \u00a0 \u00a0LA \u00a0 \u00a0EXTINCI\u00d3N \u00a0 \u00a0DE \u00a0 \u00a0LA \u00a0 ACCI\u00d3N \u00a0PENAL \u00a0por \u00a0muerte \u00a0del \u00a0acusado \u00a0F\u00c9LIX \u00a0ANTONIO AMELINES URIBE acorde \u00a0 \u00a0 \u00a0 con \u00a0 \u00a0 \u00a0lo anotado en la motivaci\u00f3n de este prove\u00eddo. \u00a0\u00a0<\/p>\n<p>SEGUNDO.- \u00a0DISPONER \u00a0el archivo del diligenciamiento \u00a0\u00a0<\/p>\n<p>Notif\u00edquese \u00a0y \u00a0devu\u00e9lvase al Tribunal de \u00a0origen. C\u00famplase. \u00a0\u00a0<\/p>\n<p>JOS\u00c9 LUIS BARCEL\u00d3 CAMACHO \u00a0<\/p>\n<p>Presidente \u00a0<\/p>\n<p>JOS\u00c9 LEONIDAS BUSTOS MART\u00cdNEZ \u00a0<\/p>\n<p>FERNANDO ALBERTO CASTRO CABALLERO \u00a0<\/p>\n<p>EUGENIO FERN\u00c1NDEZ CARLIER \u00a0<\/p>\n<p>GUSTAVO ENRIQUE MALO FERN\u00c1NDEZ \u00a0<\/p>\n<p>EYDER PATI\u00d1O CABRERA \u00a0<\/p>\n<p>PATRICIA SALAZAR CU\u00c9LLAR \u00a0<\/p>\n<p>LUIS GUILLERMO SALAZAR OTERO \u00a0<\/p>\n<p>NUBIA YOLANDA NOVA GARC\u00cdA \u00a0<\/p>\n<p>Secretaria \u00a0<\/p>\n<p>\u00a0 \u00a0\u00a0<\/p>\n<p>1 Fls. \u00a0114 ss. cno. 2 \u00a0\u00a0<\/p>\n<p>2 Fls. \u00a0153 ss. cno. 2 \u00a0\u00a0<\/p>\n<p>3 Fls. \u00a0197 ss. cno. 2 \u00a0\u00a0<\/p>\n<p>4 Fls. \u00a037\u00a0 cno. Corte \u00a0\u00a0<\/p>\n<p>5 Fls. \u00a046 cno. Corte \u00a0\u00a0<\/p>\n<p>6 Fls. \u00a055 ss. cno. Corte \u00a0\u00a0<\/p>\n<p>7 Cfr: \u00a0Auto \u00a0de \u00a0Casaci\u00f3n 22 de\u00a0 junio de 2005, Rad. 23681;\u00a0 Auto de cas. 31 \u00a0de \u00a0marzo \u00a0de 2009, Rad. 31466; AP210-2015, 21 Ene de 2015; Rad. 45114; AP 5790, \u00a0Sep. \u00a024 \u00a0de \u00a02014, \u00a0Rad. \u00a044305; \u00a0Auto de segunda Instancia, 11 de diciembre de \u00a02013, Rad. 41976. \u00a0 \u00a0\u00a0<\/p>\n<p><\/p>\n","protected":false},"excerpt":{"rendered":"<p>\u00a0 \u00a0 \u00a0\u00a0 CORTE SUPREMA DE JUSTICIA \u00a0 SALA DE CASACI\u00d3N PENAL \u00a0 JOS\u00c9 \u00a0LEONIDAS \u00a0BUSTOS \u00a0MART\u00cdNEZ \u00a0\u00a0 Magistrado Ponente \u00a0 AP4851-2015 \u00a0\u00a0 Radicaci\u00f3n \u00a0 \u00a0 No. \u00a0 \u00a0 44037 \u00a0\u00a0 (Aprobado acta No. \u00a0294) \u00a0\u00a0 Bogot\u00e1, D. C., veintis\u00e9is (26) de agosto de \u00a0dos mil quince (2015). \u00a0\u00a0 Se pronuncia la Corte sobre la [&hellip;]<\/p>\n","protected":false},"author":1,"featured_media":0,"comment_status":"open","ping_status":"open","sticky":false,"template":"","format":"standard","meta":{"footnotes":""},"categories":[23],"tags":[],"class_list":["post-31331","post","type-post","status-publish","format-standard","hentry","category-23"],"_links":{"self":[{"href":"https:\/\/dmsjuridica.com\/buscador_20179478954\/salapenalcronologico20230723\/wp-json\/wp\/v2\/posts\/31331","targetHints":{"allow":["GET"]}}],"collection":[{"href":"https:\/\/dmsjuridica.com\/buscador_20179478954\/salapenalcronologico20230723\/wp-json\/wp\/v2\/posts"}],"about":[{"href":"https:\/\/dmsjuridica.com\/buscador_20179478954\/salapenalcronologico20230723\/wp-json\/wp\/v2\/types\/post"}],"author":[{"embeddable":true,"href":"https:\/\/dmsjuridica.com\/buscador_20179478954\/salapenalcronologico20230723\/wp-json\/wp\/v2\/users\/1"}],"replies":[{"embeddable":true,"href":"https:\/\/dmsjuridica.com\/buscador_20179478954\/salapenalcronologico20230723\/wp-json\/wp\/v2\/comments?post=31331"}],"version-history":[{"count":0,"href":"https:\/\/dmsjuridica.com\/buscador_20179478954\/salapenalcronologico20230723\/wp-json\/wp\/v2\/posts\/31331\/revisions"}],"wp:attachment":[{"href":"https:\/\/dmsjuridica.com\/buscador_20179478954\/salapenalcronologico20230723\/wp-json\/wp\/v2\/media?parent=31331"}],"wp:term":[{"taxonomy":"category","embeddable":true,"href":"https:\/\/dmsjuridica.com\/buscador_20179478954\/salapenalcronologico20230723\/wp-json\/wp\/v2\/categories?post=31331"},{"taxonomy":"post_tag","embeddable":true,"href":"https:\/\/dmsjuridica.com\/buscador_20179478954\/salapenalcronologico20230723\/wp-json\/wp\/v2\/tags?post=31331"}],"curies":[{"name":"wp","href":"https:\/\/api.w.org\/{rel}","templated":true}]}}