{"id":31325,"date":"2023-09-13T17:37:55","date_gmt":"2023-09-13T17:37:55","guid":{"rendered":"https:\/\/dmsjuridica.com\/buscador_20179478954\/salapenalcronologico20230723\/2023\/09\/13\/ap4767-201546642\/"},"modified":"2023-09-13T17:37:55","modified_gmt":"2023-09-13T17:37:55","slug":"ap4767-201546642","status":"publish","type":"post","link":"https:\/\/dmsjuridica.com\/buscador_20179478954\/salapenalcronologico20230723\/2023\/09\/13\/ap4767-201546642\/","title":{"rendered":"AP4767-2015(46642)"},"content":{"rendered":"\n<p>\u00a0 \u00a0 CORTE SUPREMA DE JUSTICIA \u00a0<\/p>\n<p>SALA DE CASACI\u00d3N PENAL \u00a0<\/p>\n<p>GUSTAVO ENRIQUE MALO FERN\u00c1NDEZ \u00a0<\/p>\n<p>Magistrado Ponente \u00a0<\/p>\n<p>AP4767-2015 \u00a0<\/p>\n<p>Radicaci\u00f3n N\u00b0 46642 \u00a0<\/p>\n<p>Aprobado acta No. 291. \u00a0<\/p>\n<p>Bogot\u00e1, D.C., veinticuatro (24) de agosto de \u00a0dos mil quince (2015). \u00a0\u00a0<\/p>\n<p>V I S T O S \u00a0<\/p>\n<p>Se \u00a0resuelve \u00a0de \u00a0plano \u00a0 la \u00a0 impugnaci\u00f3n \u00a0de \u00a0 \u00a0la \u00a0 competencia \u00a0 del \u00a0 Juez \u00a0Noveno \u00a0Penal \u00a0Municipal \u00a0de \u00a0Conocimiento \u00a0de \u00a0Bogot\u00e1 \u00a0para \u00a0conocer del proceso seguido \u00a0en \u00a0contra \u00a0de \u00a0ADOLFO C\u00d3RDOBA \u00a0CUESTA \u00a0por el delito de Hurto calificado agravado. \u00a0\u00a0<\/p>\n<p>A N T E C E D E N T E S \u00a0<\/p>\n<p>\u00a0 \u00a0\u00a0<\/p>\n<p>1. F\u00e1cticos \u00a0 \u00a0\u00a0<\/p>\n<p>En el escrito de acusaci\u00f3n se enuncian como \u00a0hechos jur\u00eddicamente relevantes los siguientes: \u00a0\u00a0<\/p>\n<p>A \u00a0trav\u00e9s \u00a0de \u00a0informe \u00a0de \u00a0polic\u00eda \u00a0de \u00a0vigilancia \u00a0calendado \u00a027 \u00a0de \u00a0diciembre \u00a0de 2014 y la denuncia formulada por la \u00a0v\u00edctima \u00a0Edgar \u00a0Alfonso Garc\u00eda Mart\u00ednez da cuenta que el d\u00eda ya mencionado a \u00a0las \u00a002:00 \u00a0horas \u00a0aproximadamente \u00a0estando \u00a0la v\u00edctima descansando en la finca \u00a0Andaluc\u00eda \u00a0de \u00a0la vereda San Antonio del municipio de Funza, escuch\u00f3 junto con \u00a0su \u00a0esposa unos ruidos y afuera observaron que faltaban las vacas. A unos metros \u00a0pudo \u00a0observar a dos sujetos los cuales estaban cargando las vacas. De inmediato \u00a0proced\u00ed \u00a0a \u00a0seguirlos \u00a0en mi moto, emprendiendo la huida y llegado a Bogot\u00e1 vi \u00a0una \u00a0patrulla de la Polic\u00eda y les manifest\u00f3 lo sucedido, se\u00f1alando al cami\u00f3n \u00a0que \u00a0iba persiguiendo informando que all\u00ed iban los sujetos con las vacas que se \u00a0hab\u00edan \u00a0robado. \u00a0La \u00a0Polic\u00eda \u00a0emprende la persuci\u00f3n (sic) interceptando a los \u00a0dos \u00a0sujetos, \u00a0e \u00a0inmediatamente \u00a0reconoc\u00ed las vacas de su propiedad y luego se \u00a0procedi\u00f3 en la URI a la judicializaci\u00f3n de los capturados. \u00a0\u00a0<\/p>\n<p>La v\u00edctima avalu\u00f3 las vacas en 10 millones \u00a0de \u00a0pesos \u00a0siendo \u00a0recuperadas \u00a0y \u00a0los \u00a0da\u00f1os y perjuicios en cinco millones de \u00a0pesos. \u00a0\u00a0<\/p>\n<p>2. Procesales \u00a0\u00a0<\/p>\n<p>El 28 \u00a0de \u00a0diciembre \u00a0de \u00a02014, \u00a0en \u00a0audiencias preliminares celebradas ante \u00a0el \u00a0Juzgado \u00a046 \u00a0Penal Municipal de Bogot\u00e1 con \u00a0funci\u00f3n de control de garant\u00edas, (i) se legaliz\u00f3 la captura \u00a0de\u00a0\u00a0 \u00a0 \u00a0 \u00a0 \u00a0 \u00a0 \u00a0 \u00a0ADOLFO \u00a0 C\u00d3RDOBA \u00a0 CUESTA \u00a0y \u00a0(ii) \u00a0se \u00a0le formul\u00f3 imputaci\u00f3n por \u00a0el \u00a0 \u00a0delito \u00a0 \u00a0de \u00a0 \u00a0Hurto \u00a0 \u00a0agravado. \u00a0\u00a0<\/p>\n<p>Luego, \u00a0 \u00a0 \u00a0el \u00a0 \u00a0 \u00a025 \u00a0 \u00a0 \u00a0 \u00a0 de \u00a0 \u00a0 \u00a0 \u00a0 febrero \u00a0 \u00a0 \u00a0de \u00a0 \u00a0 \u00a02015, \u00a0la \u00a0Fiscal\u00eda \u00a0present\u00f3 \u00a0escrito de \u00a0acusaci\u00f3n \u00a0por el delito de Hurto Calificado agravado \u00a0ante el Centro de Servicios Judiciales del \u00a0distrito capital, correspondiendo su conocimiento al Juez Noveno \u00a0Penal Municipal. \u00a0\u00a0<\/p>\n<p>El 28 de \u00a0junio \u00a0de \u00a02015, \u00a0se \u00a0dio \u00a0inicio a la \u00a0audiencia \u00a0de \u00a0formulaci\u00f3n \u00a0de \u00a0acusaci\u00f3n, \u00a0durante \u00a0la \u00a0cual \u00a0la delegada \u00a0 de \u00a0la \u00a0Fiscal\u00eda \u00a0 \u00a0 \u00a0 \u00a0 \u00a0 manifest\u00f3 \u00a0que \u00a0los \u00a0jueces \u00a0 competentes \u00a0eran \u00a0los \u00a0penales \u00a0municipales \u00a0de \u00a0 \u00a0 \u00a0 Funza \u00a0(Cundinamarca), \u00a0 \u00a0 \u00a0 \u00a0 \u00a0 \u00a0 \u00a0posici\u00f3n \u00a0\u00e9sta \u00a0 que \u00a0 fue \u00a0coadyuvada \u00a0por \u00a0la \u00a0Defensora \u00a0y \u00a0aceptada \u00a0por el \u00a0 \u00a0juez \u00a0 \u00a0de \u00a0 \u00a0Bogot\u00e1, \u00a0 \u00a0quien \u00a0 \u00a0orden\u00f3 \u00a0 \u00a0enviar \u00a0 \u00a0las \u00a0 \u00a0diligencias \u00a0 \u00a0a \u00a0 \u00a0esta \u00a0Corporaci\u00f3n. \u00a0\u00a0<\/p>\n<p>RAZONES DE LA INCOMPETENCIA \u00a0<\/p>\n<p>La \u00a0delegada \u00a0de \u00a0la \u00a0Fiscal\u00eda indic\u00f3 que, \u00a0seg\u00fan \u00a0las evidencias, los hechos ocurrieron en la finca Andaluc\u00eda, vereda San \u00a0Antonio, \u00a0municipio \u00a0de \u00a0Funza (Cundinamarca), por lo que, de conformidad con lo \u00a0previsto \u00a0en \u00a0el \u00a0art\u00edculo \u00a043, \u00a0incisos \u00a01 y 3, del C.P.P.\/2004, por el factor \u00a0territorial \u00a0los \u00a0competentes \u00a0son \u00a0los \u00a0jueces \u00a0de \u00a0esta poblaci\u00f3n y no los de \u00a0Bogot\u00e1. Tal posici\u00f3n fue coadyuvada por la Defensa. \u00a0\u00a0<\/p>\n<p>Ante \u00a0tales \u00a0manifestaciones, el Juez Noveno \u00a0Penal \u00a0Municipal \u00a0de \u00a0Bogot\u00e1 consider\u00f3 que, en efecto, la competencia resid\u00eda \u00a0en \u00a0 el \u00a0municipio \u00a0de \u00a0Funza, \u00a0pues \u00a0all\u00ed \u00a0ocurrieron \u00a0los \u00a0hechos \u00a0objeto \u00a0de \u00a0acusaci\u00f3n. \u00a0Por \u00a0ende, \u00a0decidi\u00f3 \u00a0aceptar \u00a0la \u00a0impugnaci\u00f3n de su competencia y \u00a0remitir el asunto a la Corte. \u00a0\u00a0<\/p>\n<p>C O N S I D E R A C I O N E S \u00a0<\/p>\n<p>1. En virtud de lo previsto en el art\u00edculo \u00a032, \u00a0numeral 4, de la Ley 906 de 2004, la Corte es competente para definir si el \u00a0Juzgado \u00a0 Noveno \u00a0Penal \u00a0Municipal de Bogot\u00e1 \u00a0 debe \u00a0 conocer \u00a0el \u00a0proceso \u00a0seguido \u00a0contra \u00a0ADOLFO \u00a0C\u00d3RDOBA CUESTA \u00a0por \u00a0el \u00a0delito \u00a0de \u00a0Hurto Calificado \u00a0agravado, \u00a0o \u00a0si, \u00a0por \u00a0el contrario, la competencia \u00a0radica \u00a0en \u00a0un \u00a0juzgado \u00a0de \u00a0la \u00a0misma categor\u00eda de \u00a0Funza, \u00a0 \u00a0 \u00a0 \u00a0distrito \u00a0 \u00a0 \u00a0 \u00a0judicial \u00a0 \u00a0 \u00a0 \u00a0de \u00a0 \u00a0 \u00a0 \u00a0Cundinamarca. \u00a0\u00a0<\/p>\n<p>2. \u00a0En \u00a0primer lugar, debe recordarse que, \u00a0seg\u00fan \u00a0el \u00a0art\u00edculo \u00a054 \u00a0del \u00a0C.P.P.\/2004, la definici\u00f3n de competencia es un \u00a0tr\u00e1mite \u00a0incidental \u00a0mediante \u00a0el \u00a0cual se determina qui\u00e9n es el juez que debe \u00a0conocer \u00a0 la \u00a0 actuaci\u00f3n\u00a0 \u00a0 una \u00a0 vez \u00a0se \u00a0ha \u00a0presentado \u00a0el \u00a0escrito \u00a0de \u00a0acusaci\u00f3n1, \u00a0siempre \u00a0que \u00a0el \u00a0escogido \u00a0por \u00a0la \u00a0Fiscal\u00eda \u00a0 para \u00a0 tal \u00a0efecto \u00a0se \u00a0haya \u00a0declarado \u00a0incompetente \u00a0o \u00a0que \u00a0una \u00a0de \u00a0las \u00a0partes \u00a0o \u00a0intervinientes \u00a0haya impugnado su \u00a0competencia, \u00a0en \u00a0ambos \u00a0eventos en el escenario de la audiencia de formulaci\u00f3n \u00a0de \u00a0acusaci\u00f3n \u00a0(art. \u00a0341 \u00a0C.P.P.\/2004). \u00a0El superior jer\u00e1rquico com\u00fan de los \u00a0funcionarios \u00a0judiciales eventualmente competentes ser\u00e1 el encargado de adoptar \u00a0de \u00a0 \u00a0plano \u00a0 \u00a0la \u00a0 decisi\u00f3n \u00a0 que \u00a0 corresponda2.\u00a0 \u00a0\u00a0<\/p>\n<p>3. \u00a0En \u00a0el sistema de enjuiciamiento penal \u00a0adoptado \u00a0en \u00a0nuestro pa\u00eds por el Acto Legislativo No 03 de 2002 y desarrollado \u00a0por \u00a0la \u00a0Ley \u00a0906 \u00a0de \u00a02004, corresponde a la Fiscal\u00eda General de la Naci\u00f3n la \u00a0confecci\u00f3n \u00a0 y \u00a0 la \u00a0 presentaci\u00f3n \u00a0del \u00a0pliego \u00a0acusatorio \u00a0como \u00a0presupuesto \u00a0indispensable \u00a0del \u00a0inicio \u00a0del \u00a0juicio \u00a0p\u00fablico, \u00a0oral, \u00a0con \u00a0inmediaci\u00f3n \u00a0de \u00a0pruebas, \u00a0contradictorio \u00a0y \u00a0concentrado (art. 250 Const. Pol\u00edtica). Uno de los \u00a0requisitos, \u00a0quiz\u00e1s \u00a0el \u00a0m\u00e1s \u00a0importante, de la acusaci\u00f3n es una \u201crelaci\u00f3n \u00a0 clara \u00a0 y \u00a0sucinta \u00a0de \u00a0los \u00a0hechos \u00a0jur\u00eddicamente \u00a0relevantes\u201d, \u00a0siendo \u00a0\u00e9ste el marco inmutable del \u00a0debate \u00a0en \u00a0el \u00a0juicio \u00a0y \u00a0de \u00a0una \u00a0eventual \u00a0declaraci\u00f3n \u00a0de condena (art. 448 \u00a0C.P.P.\/2004). \u00a0\u00a0<\/p>\n<p>Siendo \u00a0 as\u00ed, \u00a0corresponde \u00a0al \u00a0\u00f3rgano \u00a0acusador \u00a0definir, \u00a0con \u00a0base \u00a0en \u00a0los \u00a0elementos \u00a0materiales \u00a0de prueba y de la \u00a0evidencia \u00a0f\u00edsica \u00a0recolectada \u00a0durante la investigaci\u00f3n, los hechos a juzgar, \u00a0los \u00a0cuales \u00a0incluyen \u00a0las \u00a0circunstancias \u00a0temporales, espaciales y modales que \u00a0resulten \u00a0 \u00a0normativamente \u00a0 \u00a0imprescindibles. \u00a0 En \u00a0especial, \u00a0el \u00a0lugar \u00a0concreto \u00a0en \u00a0que \u00a0acaece \u00a0la \u00a0conducta \u00a0punible \u00a0es \u00a0trascendente \u00a0para \u00a0determinar la competencia territorial \u00a0(art. 43 C.P.P.\/2004).\u00a0 \u00a0\u00a0<\/p>\n<p>4. \u00a0 En \u00a0 nuestro \u00a0 caso, \u00a0 la \u00a0delegada \u00a0de \u00a0 la \u00a0 Fiscal\u00eda \u00a0al \u00a0iniciar \u00a0la \u00a0audiencia \u00a0de \u00a0formulaci\u00f3n \u00a0de \u00a0acusaci\u00f3n \u00a0y \u00a0en \u00a0el \u00a0momento \u00a0oportuno \u00a0para \u00a0propiciar \u00a0una \u00a0definici\u00f3n \u00a0de \u00a0competencia, confirm\u00f3 que el delito \u00a0contra \u00a0 el \u00a0 patrimonio \u00a0 econ\u00f3mico \u00a0 objeto \u00a0 de \u00a0investigaci\u00f3n \u00a0ocurri\u00f3 \u00a0en \u00a0el \u00a0municipio de Funza \u00a0(Cundinamarca), \u00a0 \u00a0vereda \u00a0 \u00a0San \u00a0 Antonio, \u00a0 finca \u00a0 Andaluc\u00eda, \u00a0 tal \u00a0y \u00a0como \u00a0se \u00a0hab\u00eda \u00a0se\u00f1alado \u00a0 \u00a0claramente \u00a0 en \u00a0 el \u00a0 escrito \u00a0 de \u00a0acusaci\u00f3n. \u00a0En \u00a0 tales \u00a0condiciones \u00a0y sin que exista discusi\u00f3n al respecto, es evidente \u00a0que, \u00a0 \u00a0seg\u00fan \u00a0 la \u00a0 previsi\u00f3n \u00a0 del \u00a0 art\u00edculo \u00a043 (inciso 1\u00ba) procesal, \u00a0el \u00a0competente para adelantar el juicio en contra de \u00a0ADOLFO \u00a0C\u00d3RDOBA \u00a0CUESTA \u00a0es \u00a0el \u00a0Juzgado \u00a0Penal \u00a0Municipal de Funza, \u00a0 \u00a0a \u00a0 quien \u00a0 se \u00a0 remitir\u00e1n \u00a0 las \u00a0 diligencias \u00a0 de \u00a0 manera \u00a0inmediata. \u00a0\u00a0<\/p>\n<p>D E C I S I \u00d3 N \u00a0<\/p>\n<p>En \u00a0m\u00e9rito \u00a0de \u00a0lo expuesto, la \u00a0 \u00a0Corte \u00a0 \u00a0Suprema \u00a0 \u00a0de \u00a0 \u00a0Justicia, \u00a0 \u00a0Sala \u00a0 de \u00a0 Casaci\u00f3n \u00a0Penal, \u00a0\u00a0<\/p>\n<p>R E S U E L V E \u00a0<\/p>\n<p>DECLARAR \u00a0que \u00a0el \u00a0Juzgado \u00a0Penal Municipal de Funza (Cundinamarca) es el competente para adelantar \u00a0el \u00a0juicio \u00a0contra \u00a0ADOLFO \u00a0C\u00d3RDOBA \u00a0CUESTA \u00a0por el \u00a0delito \u00a0 de \u00a0Hurto \u00a0Calificado \u00a0agravado. \u00a0 En \u00a0 consecuencia, \u00a0 se \u00a0 le \u00a0 remitir\u00e1 \u00a0 inmediatamente \u00a0 la \u00a0actuaci\u00f3n. \u00a0\u00a0<\/p>\n<p>Contra \u00a0esa \u00a0decisi\u00f3n \u00a0no procede recurso \u00a0alguno.\u00a0\u00a0 \u00a0\u00a0<\/p>\n<p>C\u00f3piese, \u00a0 \u00a0 \u00a0comun\u00edquese \u00a0 \u00a0 \u00a0y \u00a0c\u00famplase. \u00a0\u00a0<\/p>\n<p>JOS\u00c9 LUIS BARCEL\u00d3 CAMACHO \u00a0<\/p>\n<p>JOS\u00c9 LEONIDAS BUSTOS MART\u00cdNEZ \u00a0<\/p>\n<p>FERNANDO ALBERTO CASTRO CABALLERO \u00a0<\/p>\n<p>EUGENIO FERN\u00c1NDEZ CARLIER \u00a0<\/p>\n<p>GUSTAVO ENRIQUE MALO FERN\u00c1NDEZ \u00a0<\/p>\n<p>EYDER PATI\u00d1O CABRERA \u00a0<\/p>\n<p>PATRICIA SALAZAR CU\u00c9LLAR \u00a0<\/p>\n<p>LUIS GUILLERMO SALAZAR OTERO \u00a0<\/p>\n<p>Nubia Yolanda Nova Garc\u00eda \u00a0<\/p>\n<p>Secretaria \u00a0 \u00a0<\/p>\n<p>1 \u00a0Seg\u00fan \u00a0el \u00a0art\u00edculo \u00a054 \u00a0de \u00a0la Ley 906 de 2004, la definici\u00f3n de competencia \u00a0tambi\u00e9n \u00a0procede \u00a0en la audiencia de formulaci\u00f3n de la imputaci\u00f3n. \u00a0\u00a0<\/p>\n<p>2 \u00a0Obs\u00e9rvese art\u00edculos 32-4, 33-5, 34-5 y 36-3 ib\u00eddem. \u00a0 \u00a0\u00a0<\/p>\n<p><\/p>\n","protected":false},"excerpt":{"rendered":"<p>\u00a0 \u00a0 CORTE SUPREMA DE JUSTICIA \u00a0 SALA DE CASACI\u00d3N PENAL \u00a0 GUSTAVO ENRIQUE MALO FERN\u00c1NDEZ \u00a0 Magistrado Ponente \u00a0 AP4767-2015 \u00a0 Radicaci\u00f3n N\u00b0 46642 \u00a0 Aprobado acta No. 291. \u00a0 Bogot\u00e1, D.C., veinticuatro (24) de agosto de \u00a0dos mil quince (2015). \u00a0\u00a0 V I S T O S \u00a0 Se \u00a0resuelve \u00a0de \u00a0plano \u00a0 [&hellip;]<\/p>\n","protected":false},"author":1,"featured_media":0,"comment_status":"open","ping_status":"open","sticky":false,"template":"","format":"standard","meta":{"footnotes":""},"categories":[23],"tags":[],"class_list":["post-31325","post","type-post","status-publish","format-standard","hentry","category-23"],"_links":{"self":[{"href":"https:\/\/dmsjuridica.com\/buscador_20179478954\/salapenalcronologico20230723\/wp-json\/wp\/v2\/posts\/31325","targetHints":{"allow":["GET"]}}],"collection":[{"href":"https:\/\/dmsjuridica.com\/buscador_20179478954\/salapenalcronologico20230723\/wp-json\/wp\/v2\/posts"}],"about":[{"href":"https:\/\/dmsjuridica.com\/buscador_20179478954\/salapenalcronologico20230723\/wp-json\/wp\/v2\/types\/post"}],"author":[{"embeddable":true,"href":"https:\/\/dmsjuridica.com\/buscador_20179478954\/salapenalcronologico20230723\/wp-json\/wp\/v2\/users\/1"}],"replies":[{"embeddable":true,"href":"https:\/\/dmsjuridica.com\/buscador_20179478954\/salapenalcronologico20230723\/wp-json\/wp\/v2\/comments?post=31325"}],"version-history":[{"count":0,"href":"https:\/\/dmsjuridica.com\/buscador_20179478954\/salapenalcronologico20230723\/wp-json\/wp\/v2\/posts\/31325\/revisions"}],"wp:attachment":[{"href":"https:\/\/dmsjuridica.com\/buscador_20179478954\/salapenalcronologico20230723\/wp-json\/wp\/v2\/media?parent=31325"}],"wp:term":[{"taxonomy":"category","embeddable":true,"href":"https:\/\/dmsjuridica.com\/buscador_20179478954\/salapenalcronologico20230723\/wp-json\/wp\/v2\/categories?post=31325"},{"taxonomy":"post_tag","embeddable":true,"href":"https:\/\/dmsjuridica.com\/buscador_20179478954\/salapenalcronologico20230723\/wp-json\/wp\/v2\/tags?post=31325"}],"curies":[{"name":"wp","href":"https:\/\/api.w.org\/{rel}","templated":true}]}}