{"id":31273,"date":"2023-09-13T17:37:53","date_gmt":"2023-09-13T17:37:53","guid":{"rendered":"https:\/\/dmsjuridica.com\/buscador_20179478954\/salapenalcronologico20230723\/2023\/09\/13\/ap4493-201545645\/"},"modified":"2023-09-13T17:37:53","modified_gmt":"2023-09-13T17:37:53","slug":"ap4493-201545645","status":"publish","type":"post","link":"https:\/\/dmsjuridica.com\/buscador_20179478954\/salapenalcronologico20230723\/2023\/09\/13\/ap4493-201545645\/","title":{"rendered":"AP4493-2015(45645)"},"content":{"rendered":"\n<p>\u00a0 \u00a0 CORTE SUPREMA DE JUSTICIA \u00a0<\/p>\n<p>SALA DE CASACI\u00d3N PENAL \u00a0<\/p>\n<p>PATRICIA SALAZAR CU\u00c9LLAR \u00a0<\/p>\n<p>Magistrada ponente \u00a0<\/p>\n<p>AP \u00a0\u2013 4493 &#8211; 2015 \u00a0\u00a0<\/p>\n<p>Radicaci\u00f3n n\u00b0 45645 \u00a0<\/p>\n<p>Aprobado Acta n\u00b0 271 \u00a0<\/p>\n<p>Bogot\u00e1 \u00a0D.C., \u00a0cinco \u00a0de \u00a0agosto \u00a0de dos mil \u00a0quince (2015). \u00a0\u00a0<\/p>\n<p>Se \u00a0pronuncia \u00a0la Sala sobre el desistimiento \u00a0del \u00a0recurso de casaci\u00f3n presentado por el defensor suplente, coadyuvado por el \u00a0defensor principal, del procesado JULIO ERNESTO CASTILLO PRECIADO. \u00a0\u00a0<\/p>\n<p>ANTECEDENTES Y CONSIDERACIONES: \u00a0<\/p>\n<p>1. \u00a0El Juzgado Primero Penal del Circuito de \u00a0Girardot \u00a0(Cundinamarca), \u00a0mediante sentencia del 12 de mayo de 2014, conden\u00f3 a \u00a0JULIO \u00a0 ERNESTO \u00a0 CASTILLO \u00a0PRECIADO \u00a0como \u00a0autor \u00a0del \u00a0delito \u00a0de \u00a0Actos \u00a0sexuales con menor de catorce a\u00f1os, \u00a0en \u00a0concurso \u00a0de \u00a0conductas \u00a0punibles, \u00a0a la pena principal de ciento doce (112) \u00a0meses \u00a0de prisi\u00f3n y la accesoria de inhabilidad para el ejercicio de derechos y \u00a0funciones \u00a0p\u00fablicas por el mismo tiempo; le neg\u00f3 la suspensi\u00f3n condicional de \u00a0la ejecuci\u00f3n de la pena y la sustituta prisi\u00f3n domiciliaria. \u00a0\u00a0<\/p>\n<p>2. \u00a0Dicha decisi\u00f3n fue objeto de apelaci\u00f3n \u00a0ante \u00a0el \u00a0Tribunal \u00a0Superior \u00a0de \u00a0Cundinamarca, \u00a0confirm\u00e1ndola en su integridad \u00a0mediante providencia del 23 de enero de 2014. \u00a0\u00a0<\/p>\n<p>3. Contra esta determinaci\u00f3n, el defensor de \u00a0JULIO \u00a0 ERNESTO \u00a0 CASTILLO \u00a0PRECIADO \u00a0interpuso \u00a0el \u00a0recurso \u00a0extraordinario \u00a0de \u00a0casaci\u00f3n, \u00a0sustentado \u00a0de \u00a0manera \u00a0oportuna, \u00a0el \u00a0cual \u00a0a\u00fan no se ha decidido. \u00a0\u00a0<\/p>\n<p>4. Mediante solicitud radicada el 3 de agosto \u00a0del \u00a0a\u00f1o \u00a0en \u00a0curso, \u00a0el \u00a0apoderado \u00a0suplente \u00a0del procesado, coadyuvado por el \u00a0principal, \u00a0manifest\u00f3 \u00a0su \u00a0deseo \u00a0de \u00a0desistir \u00a0del \u00a0recurso \u00a0extraordinario de \u00a0casaci\u00f3n. \u00a0\u00a0<\/p>\n<p>5. \u00a0As\u00ed \u00a0las cosas y por ser jur\u00eddicamente \u00a0viable, \u00a0la Sala aceptar\u00e1 el desistimiento del recurso de casaci\u00f3n presentado, \u00a0toda \u00a0vez \u00a0que \u00a0de \u00a0conformidad \u00a0con \u00a0el \u00a0art\u00edculo \u00a0230 \u00a0de la ley 600 de 2000, \u00a0\u201cPodr\u00e1 \u00a0desistirse \u00a0de la casaci\u00f3n y de la acci\u00f3n \u00a0de \u00a0 \u00a0revisi\u00f3n \u00a0 \u00a0antes \u00a0 \u00a0de \u00a0 \u00a0que \u00a0 \u00a0la \u00a0 Sala \u00a0 las \u00a0 decida\u201d. \u00a0\u00a0<\/p>\n<p>Por \u00a0lo \u00a0expuesto, \u00a0la \u00a0Corte \u00a0Suprema \u00a0de \u00a0Justicia, Sala de Casaci\u00f3n Penal, \u00a0\u00a0<\/p>\n<p>RESUELVE: \u00a0<\/p>\n<p>Aceptar \u00a0el \u00a0desistimiento \u00a0del \u00a0recurso \u00a0de \u00a0casaci\u00f3n \u00a0presentado \u00a0por \u00a0el \u00a0defensor \u00a0del \u00a0procesado \u00a0JULIO ERNESTO CASTILLO \u00a0PRECIADO. \u00a0\u00a0<\/p>\n<p>C\u00f3piese, \u00a0 notif\u00edquese, \u00a0 c\u00famplase \u00a0 y \u00a0devu\u00e9lvase el expediente al Tribunal de origen. \u00a0\u00a0<\/p>\n<p>JOS\u00c9 \u00a0 LUIS \u00a0BARCEL\u00d3 CAMACHO \u00a0\u00a0<\/p>\n<p>FERNANDO ALBERTO CASTRO CABALLERO \u00a0<\/p>\n<p>JOS\u00c9 LEONIDAS BUSTOS MART\u00cdNEZ \u00a0<\/p>\n<p>EUGENIO FERN\u00c1NDEZ CARLIER \u00a0<\/p>\n<p>GUSTAVO ENRIQUE MALO FERN\u00c1NDEZ \u00a0<\/p>\n<p>EYDER PATI\u00d1O CABRERA \u00a0<\/p>\n<p>PATRICIA SALAZAR CU\u00c9LLAR \u00a0<\/p>\n<p>LUIS GUILLERMO SALAZAR OTERO \u00a0<\/p>\n<p>Nubia Yolanda Nova Garc\u00eda \u00a0<\/p>\n<p>Secretaria \u00a0<\/p>\n<p>\u00a0 \u00a0\u00a0<\/p>\n<p><\/p>\n","protected":false},"excerpt":{"rendered":"<p>\u00a0 \u00a0 CORTE SUPREMA DE JUSTICIA \u00a0 SALA DE CASACI\u00d3N PENAL \u00a0 PATRICIA SALAZAR CU\u00c9LLAR \u00a0 Magistrada ponente \u00a0 AP \u00a0\u2013 4493 &#8211; 2015 \u00a0\u00a0 Radicaci\u00f3n n\u00b0 45645 \u00a0 Aprobado Acta n\u00b0 271 \u00a0 Bogot\u00e1 \u00a0D.C., \u00a0cinco \u00a0de \u00a0agosto \u00a0de dos mil \u00a0quince (2015). \u00a0\u00a0 Se \u00a0pronuncia \u00a0la Sala sobre el desistimiento \u00a0del \u00a0recurso de [&hellip;]<\/p>\n","protected":false},"author":1,"featured_media":0,"comment_status":"open","ping_status":"open","sticky":false,"template":"","format":"standard","meta":{"footnotes":""},"categories":[23],"tags":[],"class_list":["post-31273","post","type-post","status-publish","format-standard","hentry","category-23"],"_links":{"self":[{"href":"https:\/\/dmsjuridica.com\/buscador_20179478954\/salapenalcronologico20230723\/wp-json\/wp\/v2\/posts\/31273","targetHints":{"allow":["GET"]}}],"collection":[{"href":"https:\/\/dmsjuridica.com\/buscador_20179478954\/salapenalcronologico20230723\/wp-json\/wp\/v2\/posts"}],"about":[{"href":"https:\/\/dmsjuridica.com\/buscador_20179478954\/salapenalcronologico20230723\/wp-json\/wp\/v2\/types\/post"}],"author":[{"embeddable":true,"href":"https:\/\/dmsjuridica.com\/buscador_20179478954\/salapenalcronologico20230723\/wp-json\/wp\/v2\/users\/1"}],"replies":[{"embeddable":true,"href":"https:\/\/dmsjuridica.com\/buscador_20179478954\/salapenalcronologico20230723\/wp-json\/wp\/v2\/comments?post=31273"}],"version-history":[{"count":0,"href":"https:\/\/dmsjuridica.com\/buscador_20179478954\/salapenalcronologico20230723\/wp-json\/wp\/v2\/posts\/31273\/revisions"}],"wp:attachment":[{"href":"https:\/\/dmsjuridica.com\/buscador_20179478954\/salapenalcronologico20230723\/wp-json\/wp\/v2\/media?parent=31273"}],"wp:term":[{"taxonomy":"category","embeddable":true,"href":"https:\/\/dmsjuridica.com\/buscador_20179478954\/salapenalcronologico20230723\/wp-json\/wp\/v2\/categories?post=31273"},{"taxonomy":"post_tag","embeddable":true,"href":"https:\/\/dmsjuridica.com\/buscador_20179478954\/salapenalcronologico20230723\/wp-json\/wp\/v2\/tags?post=31273"}],"curies":[{"name":"wp","href":"https:\/\/api.w.org\/{rel}","templated":true}]}}