{"id":31062,"date":"2023-09-13T17:37:03","date_gmt":"2023-09-13T17:37:03","guid":{"rendered":"https:\/\/dmsjuridica.com\/buscador_20179478954\/salapenalcronologico20230723\/2023\/09\/13\/ap3692-201546226\/"},"modified":"2023-09-13T17:37:03","modified_gmt":"2023-09-13T17:37:03","slug":"ap3692-201546226","status":"publish","type":"post","link":"https:\/\/dmsjuridica.com\/buscador_20179478954\/salapenalcronologico20230723\/2023\/09\/13\/ap3692-201546226\/","title":{"rendered":"AP3692-2015(46226)"},"content":{"rendered":"\n<p>\u00a0 \u00a0 CORTE SUPREMA DE JUSTICIA \u00a0<\/p>\n<p>SALA DE CASACI\u00d3N PENAL \u00a0<\/p>\n<p>\u00a0 \u00a0 \u00a0 \u00a0 \u00a0<\/p>\n<p>EUGENIO FERN\u00c1NDEZ CARLIER \u00a0<\/p>\n<p>Magistrado ponente \u00a0<\/p>\n<p>AP3692-2015 \u00a0<\/p>\n<p>Radicaci\u00f3n 46226 \u00a0<\/p>\n<p>Aprobado \u00a0 en \u00a0Acta No. 225 \u00a0\u00a0<\/p>\n<p>\u00a0 \u00a0\u00a0 \u00a0\u00a0 \u00a0\u00a0Bogot\u00e1 \u00a0 D. \u00a0 C., \u00a0 primero \u00a0(1\u00ba) \u00a0de \u00a0julio \u00a0 de \u00a0 dos \u00a0 mil \u00a0 quince \u00a0(2015). \u00a0 \u00a0 \u00a0 \u00a0 \u00a0\u00a0<\/p>\n<p>ASUNTO \u00a0<\/p>\n<p>\u00a0 \u00a0\u00a0 \u00a0\u00a0 \u00a0Se \u00a0pronuncia \u00a0la Sala sobre el recurso de queja interpuesto por el \u00a0Fiscal \u00a0 \u00a020 \u00a0Delegado \u00a0ante \u00a0la \u00a0Unidad \u00a0Nacional \u00a0Especializada \u00a0de Justicia \u00a0Transicional, \u00a0contra \u00a0la \u00a0decisi\u00f3n \u00a0proferida \u00a0por \u00a0la \u00a0Sala \u00a0de \u00a0Conocimiento \u00a0de \u00a0Justicia \u00a0y \u00a0Paz \u00a0del \u00a0Tribunal \u00a0Superior \u00a0de Distrito Judicial de Medell\u00edn, \u00a0el \u00a0 28 \u00a0de \u00a0mayo \u00a0del a\u00f1o \u00a0en \u00a0curso, mediante la cual \u00a0no \u00a0concedi\u00f3 el recurso de \u00a0apelaci\u00f3n \u00a0 \u00a0presentado \u00a0 \u00a0contra \u00a0 \u00a0el \u00a0 \u00a0auto \u00a0 \u00a0que \u00a0 dispuso \u00a0 acumular \u00a0el \u00a0proceso \u00a0seguido \u00a0contra el postulado Rodrigo Alberto \u00a0Zapata \u00a0Sierra \u00a0por \u00a0los \u00a0delitos \u00a0de \u00a0concierto para \u00a0delinquir, \u00a0homicidio agravado, tentativa de homicidio y desaparici\u00f3n forzada y \u00a0los \u00a0procesos \u00a0que \u00a0contra \u00a0el \u00a0mismo \u00a0postulado \u00a0se \u00a0adelantan \u00a0como comandante \u00a0financiero \u00a0 del \u00a0 frente \u00a0 Suroeste \u00a0 y \u00a0el \u00a0bloque \u00a0Pac\u00edfico \u00a0o \u00a0H\u00e9roes \u00a0del \u00a0Choc\u00f3. \u00a0\u00a0<\/p>\n<p>ANTECEDENTES \u00a0<\/p>\n<p>1. \u00a0Del \u00a0 auto \u00a0 emitido \u00a0 por \u00a0la \u00a0Sala \u00a0de \u00a0Conocimiento \u00a0de \u00a0Justicia \u00a0y \u00a0Paz del Tribunal Superior de Distrito Judicial de \u00a0Medell\u00edn \u00a0el \u00a028 \u00a0de \u00a0mayo \u00a0de 2015 mediante el cual \u00a0decreta \u00a0la \u00a0acumulaci\u00f3n \u00a0de \u00a0procesos \u00a0y \u00a0del audio que contiene la decisi\u00f3n de \u00a0negar \u00a0los \u00a0recursos \u00a0de \u00a0reposici\u00f3n \u00a0y \u00a0apelaci\u00f3n \u00a0propuestos \u00a0contra aquella \u00a0providencia, \u00a0se conoce que \u00a0la \u00a0Fiscal\u00eda \u00a020 \u00a0Delegada \u00a0ante \u00a0la \u00a0Unidad Nacional Especializada de Justicia \u00a0Transicional \u00a0solicit\u00f3 \u00a0la \u00a0acumulaci\u00f3n del proceso que se sigue en contra del \u00a0postulado \u00a0Rodrigo Alberto Zapata Sierra por los delitos de homicidio, tentativa \u00a0de \u00a0 \u00a0 \u00a0 homicidio \u00a0 \u00a0 \u00a0y \u00a0 \u00a0 \u00a0desaparici\u00f3n \u00a0 \u00a0 \u00a0forzada, \u00a0 \u00a0 \u00a0radicado \u00a0 \u00a0 \u00a0al \u00a0110016000253-2010-84398, \u00a0que conoce ese Despacho, el \u00a0proceso \u00a0que con car\u00e1cter priorizado se adelanta contra el mismo postulado como \u00a0comandante financiero del Frente Suroeste, \u00a0y \u00a0el \u00a0proceso \u00a0priorizado \u00a0que \u00a0se le sigue como comandante del \u00a0bloque \u00a0Pac\u00edfico \u00a0o H\u00e9roes del Choc\u00f3 que adelanta la Fiscal\u00eda 40 delegada de \u00a0la \u00a0 \u00a0Direcci\u00f3n \u00a0 \u00a0Nacional \u00a0 \u00a0de \u00a0 \u00a0Fiscal\u00eda \u00a0 \u00a0Especializada \u00a0 de \u00a0 Justicia \u00a0Transicional.\u00a0\u00a0 \u00a0\u00a0<\/p>\n<p>2. \u00a0Presentada \u00a0 la \u00a0 solicitud, \u00a0luego \u00a0de \u00a0haberse \u00a0 \u00a0escuchado \u00a0 a \u00a0los \u00a0representantes \u00a0de las v\u00edctimas, del ministerio \u00a0P\u00fablico \u00a0y al defensor, la Sala suspendi\u00f3 la audiencia para tomar la decisi\u00f3n \u00a0respectiva, convocando a las partes para el 28 de mayo de 2015. \u00a0\u00a0<\/p>\n<p>3. \u00a0Durante \u00a0 el \u00a0 tiempo \u00a0 de \u00a0 suspensi\u00f3n, \u00a0el \u00a0Fiscal \u00a020 \u00a0Delegado \u00a0present\u00f3 a la Sala de Conocimiento de Justicia y Paz \u00a0escrito \u00a0por \u00a0medio del cual \u00a0desist\u00eda de la petici\u00f3n de acumulaci\u00f3n de los procesos. \u00a0\u00a0<\/p>\n<p>\u00a0 \u00a0\u00a0 \u00a0\u00a0 \u00a04. \u00a0 \u00a0 \u00a0 \u00a0 \u00a0 \u00a0 \u00a0El \u00a028 \u00a0de \u00a0mayo \u00a0\u00faltimo \u00a0la \u00a0Sala \u00a0de \u00a0Decisi\u00f3n \u00a0 \u00a0resolvi\u00f3 \u00a0acumular \u00a0los \u00a0procesos seguidos contra Rodrigo Alberto Zapata Sierra, decisi\u00f3n \u00a0contra \u00a0la cual el Fiscal 20 interpuso los recursos de reposici\u00f3n y en subsidio \u00a0el de apelaci\u00f3n. \u00a0\u00a0<\/p>\n<p>5. \u00a0 La \u00a0Sala \u00a0mayoritaria \u00a0neg\u00f3 \u00a0el \u00a0recurso \u00a0de \u00a0reposici\u00f3n y no \u00a0concedi\u00f3 el de apelaci\u00f3n por falta de inter\u00e9s del apelante. \u00a0\u00a0<\/p>\n<p>Se\u00f1al\u00f3 \u00a0el \u00a0juzgador que la petici\u00f3n que \u00a0radic\u00f3 \u00a0 \u00a0el \u00a0 \u00a0Fiscal \u00a0por escrito desistiendo de \u00a0la \u00a0petici\u00f3n \u00a0inicial \u00a0fue \u00a0presentada para el momento en que la Sala se hab\u00eda \u00a0reunido \u00a0y \u00a0tomado \u00a0la decisi\u00f3n de decretar la acumulaci\u00f3n pedida por el mismo \u00a0Fiscal, \u00a0precisando \u00a0que \u00a0la \u00a0providencia \u00a0se entiende adoptada el d\u00eda en que se aprueba y no en el que se \u00a0lee. \u00a0\u00a0<\/p>\n<p>Como \u00a0la \u00a0decisi\u00f3n \u00a0de \u00a0acumulaci\u00f3n \u00a0se \u00a0dispuso por petici\u00f3n del \u00a0Fiscal, \u00a0el \u00a0auto \u00a0no le \u00a0causa \u00a0ning\u00fan \u00a0agravio \u00a0a la Fiscal\u00eda General de la \u00a0Naci\u00f3n \u00a0 \u00a0entendida \u00a0 \u00a0como \u00a0 \u00a0parte \u00a0institucional, independientemente del \u00a0Fiscal que la represente. \u00a0\u00a0<\/p>\n<p>6. El \u00a0Fiscal \u00a020 Delegado ante la Unidad \u00a0Nacional \u00a0Especializada \u00a0de Justicia Transicional, en \u00a0la \u00a0 \u00a0misma \u00a0 audiencia, \u00a0 interpuso \u00a0 recurso \u00a0 de \u00a0queja. \u00a0\u00a0<\/p>\n<p>Remitida \u00a0 \u00a0 \u00a0la \u00a0 \u00a0 \u00a0actuaci\u00f3n \u00a0 a \u00a0 esta \u00a0 Corporaci\u00f3n \u00a0comenz\u00f3 \u00a0a \u00a0correr \u00a0el \u00a0t\u00e9rmino \u00a0de \u00a03 \u00a0d\u00edas \u00a0para \u00a0sustentarlo \u00a0a partir del \u00a019 \u00a0 de \u00a0 junio \u00a0seg\u00fan el art\u00edculo 179 D de la \u00a0Ley \u00a0906 \u00a0de \u00a02004, el cual venci\u00f3 el 23 del mismo mes y a\u00f1o sin que haya sido sustentado. \u00a0\u00a0<\/p>\n<p>CONSIDERACIONES \u00a0<\/p>\n<p>\u00a0 \u00a0\u00a0 \u00a0\u00a0 \u00a01. \u00a0 \u00a0 \u00a0 \u00a0 \u00a0 \u00a0 La \u00a0 \u00a0Sala \u00a0 \u00a0es \u00a0 competente \u00a0 para \u00a0pronunciarse \u00a0sobre \u00a0el recurso de queja \u00a0conforme a lo establecido \u00a0en \u00a0el \u00a0par\u00e1grafo 1 del art\u00edculo 27 de la Ley 1592 de 2012 que \u00a0modific\u00f3 \u00a0el \u00a0art\u00edculo \u00a026 \u00a0de \u00a0la \u00a0Ley \u00a0975 \u00a0de \u00a02005, en concordancia con el \u00a0art\u00edculo \u00a0 179 \u00a0 B \u00a0y \u00a0siguientes de la Ley 906 de 2004. \u00a0\u00a0<\/p>\n<p>\u00a0 \u00a0\u00a0 \u00a0\u00a0 \u00a02. \u00a0 El \u00a0recurso \u00a0de \u00a0queja \u00a0previsto en el art\u00edculo 179 B de la Ley 906 de 2004 procede \u00a0cuando \u00a0el \u00a0funcionario de primera instancia deniega \u00a0el \u00a0recurso de apelaci\u00f3n. Se trata pues de una herramienta de defensa tendiente \u00a0a \u00a0preservar \u00a0el \u00a0principio de la doble instancia, cuya finalidad se concreta de \u00a0manera \u00a0exclusiva en que el superior analice si aquel fue negado de forma errada \u00a0o \u00a0injusta, \u00a0en caso tal conceder\u00e1 la alzada y determinar\u00e1 el efecto en que el \u00a0inferior deber\u00e1 decidir. \u00a0\u00a0<\/p>\n<p>\u00a0 \u00a0\u00a0 \u00a0\u00a0 \u00a03. \u00a0El \u00a0legislador regul\u00f3 de manera clara su \u00a0 interposici\u00f3n \u00a0 y \u00a0 tr\u00e1mite en los art\u00edculo 179 C y D de \u00a0la \u00a0 Ley \u00a0906 \u00a0de \u00a02004, \u00a0se\u00f1alando \u00a0que \u00a0negada la apelaci\u00f3n, el interesado \u00a0solicitar\u00e1 \u00a0se \u00a0remita \u00a0copia \u00a0de \u00a0la \u00a0providencia \u00a0impugnada \u00a0al \u00a0superior \u00a0para que se surta la queja, \u00a0recibidas \u00a0las \u00a0copias, \u00a0dentro \u00a0de \u00a0los \u00a03 \u00a0d\u00eda siguientes deber\u00e1 \u00a0\u201csustentarse \u00a0el \u00a0recurso, \u00a0con la \u00a0expresi\u00f3n \u00a0 \u00a0de \u00a0 los \u00a0 fundamentos\u201d, \u00a0carga \u00a0procesal \u00a0que \u00a0de \u00a0no \u00a0cumplirse \u00a0conlleva a desechar la \u00a0impugnaci\u00f3n \u00a0 \u00a0 \u00a0conforme \u00a0 \u00a0 \u00a0el \u00a0 \u00a0 \u00a0art\u00edculo \u00a0 \u00a0 179 \u00a0 \u00a0 D \u00a0 \u00a0 ib\u00eddem. \u00a0\u00a0<\/p>\n<p>\u00a0 \u00a0\u00a0 \u00a0\u00a0 \u00a04. \u00a0 En \u00a0 la \u00a0 presente \u00a0 actuaci\u00f3n, \u00a0el \u00a0recurrente, \u00a0si bien \u00a0inmediatamente \u00a0 \u00a0 \u00a0le \u00a0 \u00a0 fue \u00a0 \u00a0 negada \u00a0 \u00a0 la \u00a0 \u00a0 apelaci\u00f3n \u00a0 \u00a0 pretendi\u00f3 \u00a0sustentar \u00a0la \u00a0queja \u00a0ante \u00a0los \u00a0Magistrados \u00a0de \u00a0la Sala \u00a0de \u00a0 \u00a0 \u00a0 \u00a0 Conocimiento \u00a0 \u00a0 \u00a0 \u00a0 de Justicia \u00a0y \u00a0Paz \u00a0del \u00a0Tribunal \u00a0Superior \u00a0de \u00a0Medell\u00edn, \u00a0fue \u00a0interpelado \u00a0por quien dirig\u00eda la audiencia para que \u00a0lo \u00a0 \u00a0hiciera \u00a0 \u00a0ante \u00a0 \u00a0el \u00a0 superior, \u00a0y \u00a0como \u00a0se \u00a0se\u00f1al\u00f3, \u00a0cumplido el \u00a0traslado \u00a0para \u00a0ello, \u00a0no \u00a0sustent\u00f3 el recurso ante \u00a0esta Corporaci\u00f3n. \u00a0\u00a0<\/p>\n<p>La \u00a0anterior \u00a0actitud \u00a0del \u00a0Fiscal \u00a0 \u00a0 \u00a0 \u00a0 \u00a0 impide \u00a0que \u00a0la \u00a0Sala conozca \u00a0los \u00a0motivos \u00a0de su inconformidad \u00a0dentro \u00a0de \u00a0la \u00a0oportunidad \u00a0legal, \u00a0lo \u00a0cual \u00a0constituye raz\u00f3n suficiente para \u00a0proceder \u00a0 a \u00a0 desechar \u00a0 el \u00a0 recurso \u00a0 de \u00a0queja \u00a0interpuesto, \u00a0por \u00a0falta \u00a0de \u00a0sustentaci\u00f3n. \u00a0\u00a0<\/p>\n<p>\u00a0 \u00a0\u00a0 \u00a0 \u00a0En \u00a0m\u00e9rito \u00a0de lo expuesto, la CORTE SUPREMA DE JUSTICIA, SALA DE \u00a0CASACI\u00d3N PENAL, \u00a0\u00a0<\/p>\n<p>RESUELVE \u00a0\u00a0<\/p>\n<p>\u00a0 \u00a0\u00a0 \u00a0\u00a0 \u00a0DESECHAR \u00a0 el \u00a0 recurso \u00a0 de \u00a0 queja \u00a0interpuesto \u00a0por \u00a0el \u00a0Fiscal \u00a020 \u00a0Delegado \u00a0ante \u00a0la \u00a0Direcci\u00f3n \u00a0 \u00a0 Nacional \u00a0 \u00a0 de \u00a0 \u00a0 Fiscal\u00edas \u00a0 \u00a0especializada \u00a0 \u00a0de \u00a0 \u00a0Justicia \u00a0Transicional, \u00a0dentro \u00a0del proceso seguido contra el \u00a0postulado \u00a0Rodrigo Alberto Zapata Sierra. \u00a0\u00a0<\/p>\n<p>\u00a0 \u00a0 \u00a0 \u00a0 \u00a0<\/p>\n<p>\u00a0 \u00a0\u00a0 \u00a0 \u00a0\u00a0\u00a0\u00a0\u00a0\u00a0\u00a0\u00a0 \u00a0 Contra \u00a0 la \u00a0presente \u00a0decisi\u00f3n no procede recurso alguno. \u00a0\u00a0<\/p>\n<p>\u00a0 \u00a0 \u00a0 \u00a0 \u00a0 \u00a0\u00a0Comun\u00edquese y\u00a0 \u00a0c\u00famplase, \u00a0\u00a0<\/p>\n<p>JOS\u00c9 LUIS BARCEL\u00d3 CAMACHO \u00a0<\/p>\n<p>JOS\u00c9 LEONIDAS BUSTOS MART\u00cdNEZ \u00a0<\/p>\n<p>FERNANDO \u00a0 \u00a0 \u00a0ALBERTO \u00a0 \u00a0 \u00a0CASTRO \u00a0CABALLERO \u00a0\u00a0<\/p>\n<p>EUGENIO FERN\u00c1NDEZ CARLIER \u00a0<\/p>\n<p>GUSTAVO ENRIQUE MALO FERN\u00c1NDEZ \u00a0<\/p>\n<p>EYDER PATI\u00d1O CABRERA \u00a0<\/p>\n<p>PATRICIA SALAZAR CU\u00c9LLAR \u00a0<\/p>\n<p>LUIS GUILLERMO SALAZAR OTERO \u00a0<\/p>\n<p>NUBIA YOLANDA NOVA GARC\u00cdA \u00a0<\/p>\n<p>Secretaria \u00a0\u00a0 \u00a0 \u00a0 \u00a0 \u00a0 \u00a0\u00a0<\/p>\n<p><\/p>\n","protected":false},"excerpt":{"rendered":"<p>\u00a0 \u00a0 CORTE SUPREMA DE JUSTICIA \u00a0 SALA DE CASACI\u00d3N PENAL \u00a0 \u00a0 \u00a0 \u00a0 \u00a0 \u00a0 EUGENIO FERN\u00c1NDEZ CARLIER \u00a0 Magistrado ponente \u00a0 AP3692-2015 \u00a0 Radicaci\u00f3n 46226 \u00a0 Aprobado \u00a0 en \u00a0Acta No. 225 \u00a0\u00a0 \u00a0 \u00a0\u00a0 \u00a0\u00a0 \u00a0\u00a0Bogot\u00e1 \u00a0 D. \u00a0 C., \u00a0 primero \u00a0(1\u00ba) \u00a0de \u00a0julio \u00a0 de \u00a0 dos \u00a0 mil [&hellip;]<\/p>\n","protected":false},"author":1,"featured_media":0,"comment_status":"open","ping_status":"open","sticky":false,"template":"","format":"standard","meta":{"footnotes":""},"categories":[23],"tags":[],"class_list":["post-31062","post","type-post","status-publish","format-standard","hentry","category-23"],"_links":{"self":[{"href":"https:\/\/dmsjuridica.com\/buscador_20179478954\/salapenalcronologico20230723\/wp-json\/wp\/v2\/posts\/31062","targetHints":{"allow":["GET"]}}],"collection":[{"href":"https:\/\/dmsjuridica.com\/buscador_20179478954\/salapenalcronologico20230723\/wp-json\/wp\/v2\/posts"}],"about":[{"href":"https:\/\/dmsjuridica.com\/buscador_20179478954\/salapenalcronologico20230723\/wp-json\/wp\/v2\/types\/post"}],"author":[{"embeddable":true,"href":"https:\/\/dmsjuridica.com\/buscador_20179478954\/salapenalcronologico20230723\/wp-json\/wp\/v2\/users\/1"}],"replies":[{"embeddable":true,"href":"https:\/\/dmsjuridica.com\/buscador_20179478954\/salapenalcronologico20230723\/wp-json\/wp\/v2\/comments?post=31062"}],"version-history":[{"count":0,"href":"https:\/\/dmsjuridica.com\/buscador_20179478954\/salapenalcronologico20230723\/wp-json\/wp\/v2\/posts\/31062\/revisions"}],"wp:attachment":[{"href":"https:\/\/dmsjuridica.com\/buscador_20179478954\/salapenalcronologico20230723\/wp-json\/wp\/v2\/media?parent=31062"}],"wp:term":[{"taxonomy":"category","embeddable":true,"href":"https:\/\/dmsjuridica.com\/buscador_20179478954\/salapenalcronologico20230723\/wp-json\/wp\/v2\/categories?post=31062"},{"taxonomy":"post_tag","embeddable":true,"href":"https:\/\/dmsjuridica.com\/buscador_20179478954\/salapenalcronologico20230723\/wp-json\/wp\/v2\/tags?post=31062"}],"curies":[{"name":"wp","href":"https:\/\/api.w.org\/{rel}","templated":true}]}}