{"id":31056,"date":"2023-09-13T17:37:03","date_gmt":"2023-09-13T17:37:03","guid":{"rendered":"https:\/\/dmsjuridica.com\/buscador_20179478954\/salapenalcronologico20230723\/2023\/09\/13\/ap3668-201546233\/"},"modified":"2023-09-13T17:37:03","modified_gmt":"2023-09-13T17:37:03","slug":"ap3668-201546233","status":"publish","type":"post","link":"https:\/\/dmsjuridica.com\/buscador_20179478954\/salapenalcronologico20230723\/2023\/09\/13\/ap3668-201546233\/","title":{"rendered":"AP3668-2015(46233)"},"content":{"rendered":"\n<p>\u00a0 \u00a0 CORTE SUPREMA DE JUSTICIA \u00a0<\/p>\n<p>SALA DE CASACI\u00d3N PENAL \u00a0<\/p>\n<p>FERNANDO ALBERTO CASTRO CABALLERO \u00a0<\/p>\n<p>Magistrado \u00a0 \u00a0 \u00a0Ponente: \u00a0\u00a0<\/p>\n<p>Radicado No. 46233 \u00a0<\/p>\n<p>AP3668-2015 \u00a0<\/p>\n<p>Aprobado Acta N\u00b0225 \u00a0<\/p>\n<p>Bogot\u00e1, \u00a0D. \u00a0C., \u00a01\u00b0 \u00a0de \u00a0julio de dos mil \u00a0quince (2015). \u00a0\u00a0<\/p>\n<p>VISTOS: \u00a0<\/p>\n<p>La Sala define la competencia para adelantar \u00a0el \u00a0juzgamiento \u00a0de \u00a0DAVID \u00a0J\u00d3NAS \u00a0VEGA \u00a0ESPITIA, \u00a0acusado \u00a0de \u00a0los \u00a0delitos de \u00a0concierto \u00a0para \u00a0delinquir agravado, homicidio agravado y porte ilegal de armas, \u00a0ante \u00a0manifestaciones \u00a0de incompetencia formuladas por la Juez D\u00e9cimo Penal del \u00a0Circuito \u00a0Especializado de Bogot\u00e1 y el Juez Promiscuo del Circuito Planeta Rica \u00a0&#8211; C\u00f3rdoba. \u00a0\u00a0<\/p>\n<p>HECHOS \u00a0<\/p>\n<p>\u00a0 \u00a0\u00a0 \u00a0\u00a0 \u00a0\u00a0Conforme obra en el escrito de acusaci\u00f3n: \u00a0\u00a0<\/p>\n<p>\u00absiendo aproximadamente las 6:00 a.m. del 10 \u00a0de \u00a0enero \u00a0de \u00a02011, \u00a0sujetos indeterminados, luego de preguntar a moradores del \u00a0sector \u00a0 del \u00a0barrio \u00a0Palma \u00a0Soriana \u00a0\u2013 \u00a0Planeta \u00a0Rica \u00a0(C\u00f3rdoba) \u00a0sobre \u00a0d\u00f3nde \u00a0viv\u00eda el profesor de la \u00a0instituci\u00f3n \u00a0educativa \u00a0\u201cPalma \u00a0Soriano\u201d, \u00a0el \u00a0se\u00f1or MANUEL ESTEBAN TEJADA \u00a0RICARDO, \u00a0ingresaron \u00a0al \u00a0lugar \u00a0de \u00a0su \u00a0residencia\u2026 \u00a0y \u00a0le \u00a0propinaron varios \u00a0impactos \u00a0con \u00a0armas \u00a0de \u00a0fuego, \u00a0ocasion\u00e1ndole \u00a0la \u00a0muerte en forma inmediata, \u00a0huyendo posteriormente del lugar. \u00a0\u00a0<\/p>\n<p>Por esas conductas delictivas, se inici\u00f3 la \u00a0investigaci\u00f3n \u00a0radicada bajo el n\u00famero 2355560010582201100004, que adelanta en \u00a0la actualidad esta Fiscal\u00eda 103 de Derechos Humanos. \u00a0\u00a0<\/p>\n<p>Dentro de esta actuaci\u00f3n\u2026 el 1 de abril de \u00a02011 \u00a0se \u00a0recibe una entrevista a Jaime Enrique Montalvo Surita, quien da cuenta \u00a0de \u00a0los pormenores como se realiz\u00f3 el homicidio, incluso se indica que el mismo \u00a0corresponde \u00a0al \u00a0cumplimiento \u00a0de \u00a0una \u00a0orden \u00a0impartida \u00a0por \u00a0el \u00a0grupo \u00a0BACRIM \u00a0denominado \u00a0\u201clos \u00a0urabe\u00f1os\u201d, manifestando que son part\u00edcipes: El Negro, el \u00a0Chinga, \u00a0el \u00a0Mingo, \u00a0David, Cariblanco, el Mono, el Ronco, Wilder o Leo, adem\u00e1s \u00a0de haber participado el mismo testigo. \u00a0\u00a0<\/p>\n<p>Sobre la forma como se realiz\u00f3 el homicidio \u00a0indica \u00a0el \u00a0testigo \u00a0Jaime \u00a0Enrique \u00a0Montalvo \u00a0Surita, \u00a0que la banda criminal\u2026 \u00a0habiendo \u00a0recibido \u00a0la \u00a0orden \u00a0de perseguir a todos los miembros de la banda los \u00a0paisas, \u00a0especialmente \u00a0a \u00a0alias \u201cel Gringo\u201d y alias \u201cYeison\u201d, que all\u00ed \u00a0lleg\u00f3 \u00a0la \u00a0orden del jefe Jaime de Jes\u00fas P\u00e9rez Puerta de cometer el homicidio \u00a0de MANUEL ESTEBAN TEJADA RICARDO. \u00a0\u00a0<\/p>\n<p>Que \u00a0una \u00a0vez \u00a0reunidos \u00a0los integrantes del \u00a0grupo, \u00a0se \u00a0acord\u00f3 \u00a0que \u00a0David \u00a0Jon\u00e1s \u00a0Vega \u00a0Espitia, \u00a0ser\u00eda \u00a0la \u00a0persona que \u00a0realizar\u00eda \u00a0el \u00a0homicidio, \u00a0como \u00a0efectivamente \u00a0lo \u00a0efectu\u00f3 \u00a0y que las dem\u00e1s \u00a0personas \u00a0 ir\u00edan \u00a0 con \u00a0 \u00e9l \u00a0 hasta \u00a0el \u00a0lugar \u00a0de \u00a0los \u00a0hechos \u00a0para \u00a0brindar \u00a0seguridad\u2026El \u00a0crimen \u00a0se realiz\u00f3 el 10 de enero de 2011\u2026 al llegar al lugar \u00a0el \u00a0grupo \u00a0se \u00a0baja \u00a0del \u00a0veh\u00edculo \u00a0automotor \u00a0y \u00a0entra \u00a0caminando al barrio\u2026 \u00a0procediendo \u00a0a \u00a0preguntarle a un vecino si el profe se encontraba en la casa, el \u00a0cual \u00a0les dijo que s\u00ed, entonces DAVID J\u00d3NAS VEGA ESPITIA ingresa al inmueble y \u00a0el \u00a0profesor \u00a0va \u00a0saliendo, \u00a0DAVID \u00a0saca \u00a0un \u00a0rev\u00f3lver \u00a0y \u00a0le \u00a0dispara en cinco \u00a0oportunidades caus\u00e1ndole la muerte. \u00a0\u00a0<\/p>\n<p>(\u2026) \u00a0<\/p>\n<p>Se \u00a0 \u00a0dispone \u00a0 \u00a0entonces \u00a0 \u00a0recepcionar \u00a0interrogatorio \u00a0al \u00a0indiciado MONTALVO SURITA, con presencia de abogado defensor \u00a0y \u00a0ministerio \u00a0p\u00fablico. \u00a0Lo \u00a0cual \u00a0se lleva a cabo el 18 de abril de 2012 en la \u00a0ciudad \u00a0 de \u00a0 Monter\u00eda\u2026 \u00a0se \u00a0establece \u00a0entonces \u00a0que \u00a0este \u00a0grupo \u00a0delictivo \u00a0particip\u00f3 \u00a0en otros homicidios, concretamente en el de la se\u00f1ora EDILSEN ELENA \u00a0MERCADO \u00a0ROQUEME, \u00a0hecho ocurrido el 4 de diciembre de 2010 en el caser\u00edo Palma \u00a0Soriana del municipio de Planeta Rica. \u00a0\u00a0<\/p>\n<p>Adem\u00e1s, \u00a0las \u00a0labores \u00a0de \u00a0investigaci\u00f3n \u00a0arrojaron \u00a0como \u00a0resultado \u00a0que \u00a0este \u00a0grupo delictivo tambi\u00e9n particip\u00f3 en un \u00a0tercer \u00a0homicidio, \u00a0concretamente \u00a0en el del se\u00f1or ROGER VERGARA SOTELO, crimen \u00a0llevado \u00a0a \u00a0cabo \u00a0el \u00a018 de enero de 2011 en la carrera 5\u00ba No. 21-54 Troncal de \u00a0Occidente de Planeta Rica, C\u00f3rdoba, Serviteca las Acacias. \u00a0\u00a0<\/p>\n<p>Para \u00a0ahondar \u00a0sobre \u00a0estos \u00a0homicidios y la \u00a0posible \u00a0conexidad \u00a0de estas conductas con el delito de concierto para delinquir \u00a0se \u00a0dispuso, \u00a0realizar inspecciones por parte de la polic\u00eda judicial a cada uno \u00a0de \u00a0los \u00a0procesos, \u00a0estableciendo \u00a0que \u00a0en \u00a0el radicado 235556100587201080261 se \u00a0adelanta \u00a0la \u00a0investigaci\u00f3n \u00a0por la muerte de la se\u00f1ora EDILSEN ELENA MERECADO \u00a0ROQUELME \u00a0y \u00a0en \u00a0la investigaci\u00f3n 2355560010582011800006 por la muerte de ROGER \u00a0VERGARA \u00a0SOTELO, \u00a0ambos \u00a0casos \u00a0en \u00a0la \u00a0Fiscal\u00eda \u00a025 Seccional de Planeta Rica, \u00a0C\u00f3rdoba.\u00bb1 \u00a0\u00a0<\/p>\n<p>ANTECEDENTES: \u00a0\u00a0<\/p>\n<p>El \u00a014 de diciembre del 2012 ante el Juzgado \u00a039 \u00a0Penal \u00a0Municipal \u00a0de Medell\u00edn se le imput\u00f3 a DAVID J\u00d3NAS VEGA ESPITIA las \u00a0conductas \u00a0 punibles \u00a0 de \u00a0 concierto \u00a0 para \u00a0 delinquir \u00a0 agravado, \u00a0 homicidio \u00a0agravado2 y porte ilegal de armas de fuego. \u00a0\u00a0<\/p>\n<p>El \u00a020 \u00a0de \u00a0mayo \u00a0de \u00a02014 \u00a0el \u00a0Fiscal \u00a0103 \u00a0Especializado \u00a0 de \u00a0la \u00a0Unidad \u00a0de \u00a0Derechos \u00a0Humanos \u00a0y \u00a0Derecho \u00a0Internacional \u00a0Humanitario \u00a0 present\u00f3 \u00a0 escrito \u00a0de \u00a0acusaci\u00f3n \u00a0en \u00a0el \u00a0centro \u00a0de \u00a0servicios \u00a0judiciales \u00a0 de \u00a0 Monter\u00eda \u00a0 -C\u00f3rdoba, \u00a0correspondi\u00e9ndole \u00a0conocer \u00a0de \u00a0dicha \u00a0actuaci\u00f3n \u00a0procesal \u00a0al \u00a0Juzgado Penal del Circuito Especializado de Monter\u00eda, \u00a0ante \u00a0quien \u00a0se \u00a0adelant\u00f3 \u00a0la \u00a0audiencia de formulaci\u00f3n de acusaci\u00f3n el 15 de \u00a0septiembre de ese mismo a\u00f1o. \u00a0\u00a0<\/p>\n<p>El titular del referido Despacho Judicial en \u00a0resoluci\u00f3n \u00a0del 6 de febrero de 2015 se declar\u00f3 incompetente para adelantar la \u00a0audiencia \u00a0de \u00a0juicio \u00a0oral \u00a0en el caso subexamine, arguyendo que \u00aben \u00a0cumplimiento \u00a0de \u00a0lo \u00a0dispuesto \u00a0en los Acuerdos PSAA07-4082 de \u00a02007, \u00a0PSAA \u00a008-4959 \u00a0de \u00a02008, \u00a0PSAA14-10178 de 2014 del Consejo Superior de la \u00a0Judicatura\u00bb, deb\u00eda remitir las presentes diligencias \u00a0a \u00a0los \u00a0Juzgados \u00a0Penales del Circuito Especializado de la OIT, toda vez que una \u00a0(1) \u00a0de \u00a0las \u00a0tres \u00a0(3) v\u00edctimas de la conducta de homicidio agravado ten\u00eda la \u00a0calidad \u00a0de \u00a0sindicalista, \u00a0esto \u00a0es, el se\u00f1or MANUEL \u00a0ESTEBAN \u00a0TEJADA RICARDO, quien se encontraba adscrito a \u00a0la \u00a0 \u00a0 \u00a0Asociaci\u00f3n \u00a0 \u00a0 \u00a0de \u00a0 \u00a0 Educadores \u00a0 \u00a0 de \u00a0 \u00a0 C\u00f3rdoba \u00a0 \u00a0 (ADEMACOR). \u00a0\u00a0<\/p>\n<p>Una vez asignada la presente actuaci\u00f3n a la \u00a0Juez \u00a0D\u00e9cimo \u00a0Penal \u00a0del Circuito Especializado de Bogot\u00e1, \u00e9sta manifest\u00f3 no \u00a0ser \u00a0competente \u00a0para \u00a0adelantar \u00a0la \u00a0etapa \u00a0de juzgamiento de DAVID J\u00d3NAS VEGA \u00a0ESPITIA \u00a0por \u00a0su presunta participaci\u00f3n en los delitos de homicidio agravado de \u00a0la \u00a0se\u00f1ora EDILSEN ELENA MERCADO (comerciante) y el se\u00f1or ROGER VERGARA SOTELO \u00a0(mec\u00e1nico), \u00a0por \u00a0cuanto \u00a0\u00e9stos \u00a0no \u00a0ten\u00edan \u00a0la \u00a0calidad de sindicalistas; en \u00a0consecuencia, \u00a0a \u00a0trav\u00e9s \u00a0de auto del 24 de febrero de 2015, orden\u00f3 la ruptura \u00a0de \u00a0la \u00a0unidad procesal, con el objeto de mantener la competencia \u00aben \u00a0lo \u00a0atinente \u00a0\u00fanicamente a los hechos sucedidos el 10 de enero \u00a0de \u00a02011, \u00a0donde \u00a0resultara \u00a0v\u00edctima \u00a0el \u00a0profesor sindicalizado MANUEL ESTEBAN \u00a0TEJADA \u00a0 \u00a0RICARDO\u00bb, \u00a0 \u00a0remitiendo \u00a0 \u00a0la \u00a0 \u00a0restante \u00a0investigaci\u00f3n \u00a0al \u00a0Juzgado \u00a0Promiscuo \u00a0del \u00a0Circuito de Planeta Rica (C\u00f3rdoba) \u00a0quien, \u00a0 a \u00a0su \u00a0turno, \u00a0tambi\u00e9n \u00a0rechaz\u00f3 \u00a0ser \u00a0el \u00a0llamado \u00a0a \u00a0resolver \u00a0dicha \u00a0problem\u00e1tica, \u00a0 manifestando \u00a0 \u00abque \u00a0el \u00a0cargo \u00a0de \u00a0concierto \u00a0 \u00a0para \u00a0 \u00a0delinquir \u00a0 agravado \u00a0 \u00a0endilgado \u00a0 \u00a0al \u00a0 \u00a0procesado \u00a0 \u00a0lo \u00a0 \u00a0exime \u00a0 \u00a0de \u00a0 avocar \u00a0 el \u00a0conocimiento\u00bb3 \u00a0\u00a0<\/p>\n<p>del \u00a0 caso \u00a0subjudice, \u00a0a \u00a0voces \u00a0del \u00a0numeral \u00a017 \u00a0del \u00a0art\u00edculo \u00a035 \u00a0de \u00a0la \u00a0Ley \u00a0906 \u00a0de \u00a02004. \u00a0\u00a0<\/p>\n<p>Con \u00a0 fundamento \u00a0 en \u00a0 lo \u00a0anterior, \u00a0las \u00a0diligencias \u00a0fueron \u00a0remitidas a esta Colegiatura para que se pronuncie sobre el \u00a0particular, \u00a0 dado \u00a0que \u00a0se \u00a0encuentran \u00a0involucrados \u00a0despachos \u00a0judiciales \u00a0de \u00a0diferentes distritos. \u00a0\u00a0<\/p>\n<p>CONSIDERACIONES DE LA SALA: \u00a0<\/p>\n<p>La \u00a0Corporaci\u00f3n es competente para conocer \u00a0de \u00a0este asunto, habida cuenta que el numeral 4\u00ba del art\u00edculo 32 de la Ley 906 \u00a0de \u00a02004 le asigna el conocimiento \u00abde la definici\u00f3n \u00a0de \u00a0 competencia \u00a0 cuando \u00a0 se \u00a0 trate \u00a0 de \u00a0 (\u2026) \u00a0 juzgados \u00a0 de \u00a0 diferentes \u00a0distritos\u00bb, como ocurre en este caso. \u00a0\u00a0<\/p>\n<p>Relevante \u00a0resulta \u00a0precisar \u00a0que como no es \u00a0objeto \u00a0de \u00a0discusi\u00f3n \u00a0lo \u00a0concerniente a la competencia para conocer\u00a0 del \u00a0homicidio \u00a0del \u00a0profesor \u00a0sindicalizado \u00a0MANUEL \u00a0 \u00a0 \u00a0 \u00a0 \u00a0ESTEBAN \u00a0 \u00a0 \u00a0 \u00a0 \u00a0TEJADA \u00a0 \u00a0 \u00a0 \u00a0 \u00a0RICARDO, cuyo conocimiento ya asumi\u00f3 el Juzgado \u00a0D\u00e9cimo \u00a0Penal \u00a0del \u00a0Circuito \u00a0Especializado \u00a0de \u00a0Bogot\u00e1 \u201cPrograma OIT\u201d, la \u00a0presente \u00a0decisi\u00f3n \u00a0se contrae a definir la autoridad competente para adelantar \u00a0el \u00a0juzgamiento \u00a0de \u00a0DAVID J\u00d3NAS VEGA ESPITIA por su presunta participaci\u00f3n en \u00a0los homicidios de EDILSEN ELENA MERCADO y ROGER VERGARA SOTELO. \u00a0\u00a0<\/p>\n<p>Para \u00a0efectos de afrontar el asunto puesto a \u00a0consideraci\u00f3n \u00a0de la Sala, conviene destacar que si la acusaci\u00f3n constituye el \u00a0marco \u00a0f\u00e1ctico \u00a0y \u00a0jur\u00eddico \u00a0que \u00a0fija \u00a0las \u00a0reglas \u00a0dentro \u00a0de \u00a0las cuales se \u00a0desarrollar\u00e1 \u00a0el \u00a0debate \u00a0propio en la fase de juzgamiento, de igual manera tal \u00a0pieza \u00a0procesal \u00a0ha de ser la base para determinar el juez a cargo de quien debe \u00a0quedar \u00a0la \u00a0tramitaci\u00f3n de dicha etapa de la actuaci\u00f3n, sin que sea pertinente \u00a0para \u00a0ese \u00a0efecto \u00a0considerar \u00a0circunstancias \u00a0no \u00a0contempladas \u00a0en el pliego de \u00a0cargos. \u00a0\u00a0<\/p>\n<p>\u00a0 \u00a0\u00a0 \u00a0\u00a0 \u00a0\u00a0Tal \u00a0es el criterio que de anta\u00f1o la Sala ha prohijado con respecto \u00a0al \u00a0procedimiento \u00a0establecido \u00a0en \u00a0la \u00a0Ley \u00a0600 de 2000, pero que igual resulta \u00a0aplicable \u00a0frente a la Ley 906 de 2004, pues sobre el particular los fundamentos \u00a0teleol\u00f3gicos de los dos sistemas son similares. \u00a0\u00a0<\/p>\n<p>Respecto \u00a0a \u00a0\u00e9ste \u00a0t\u00f3pico \u00a0la \u00a0Corte \u00a0ha \u00a0considerado: \u00a0\u00a0<\/p>\n<p>\u00abLa resoluci\u00f3n acusatoria es pieza procesal \u00a0fundamental, \u00a0que \u00a0una \u00a0vez \u00a0ejecutoriada \u00a0se\u00f1ala el marco general y lim\u00edtrofe \u00a0para \u00a0el \u00a0desarrollo \u00a0de \u00a0la \u00a0fase \u00a0del \u00a0juicio, en acatamiento del principio de \u00a0congruencia; \u00a0por \u00a0tanto, \u00a0para \u00a0determinar \u00a0cu\u00e1l \u00a0es \u00a0el \u00a0Juez competente para \u00a0dirigir \u00a0la \u00a0causa a que da lugar esa espec\u00edfica pieza procesal, no es factible \u00a0hacer \u00a0deducciones \u00a0ni \u00a0inferencias \u00a0a partir de elementos de convicci\u00f3n que no \u00a0forman \u00a0parte del sumario, \u00f3 raciocinios que no hayan sido tenidos en cuenta en \u00a0el \u00a0 \u00a0 \u00a0propio \u00a0 \u00a0 \u00a0pliego \u00a0 \u00a0 \u00a0de \u00a0 \u00a0 \u00a0cargos\u00bb4. \u00a0\u00a0<\/p>\n<p>Para \u00a0efectos de afrontar el asunto puesto a \u00a0consideraci\u00f3n \u00a0 de \u00a0 la \u00a0 Sala, \u00a0 es \u00a0 importante \u00a0 recalcar \u00a0que \u00a0en \u00a0 dicho \u00a0 acto \u00a0 procesal \u00a0 se \u00a0 especific\u00f3 \u00a0 que \u00a0los \u00a0delitos \u00a0por \u00a0los que se acusa a VEGA ESPITIA son: concierto \u00a0para \u00a0delinquir \u00a0agravado; \u00a0homicidio \u00a0agravado \u00a0por las \u00a0causales \u00a0previstas \u00a0en \u00a0los \u00a0numerales \u00a04\u00ba \u00a0y \u00a07\u00ba del art\u00edculo 104 del mismo \u00a0compendio \u00a0 normativo \u00a0 y \u00a0 porte \u00a0 ilegal \u00a0 de \u00a0 armas \u00a0 de \u00a0 fuego. \u00a0\u00a0<\/p>\n<p>A su turno, el canon 35 de la Ley 906 de 2004 \u00a0al \u00a0asignar \u00a0la \u00a0competencia \u00a0a los juzgados penales del circuito especializados \u00a0dispone \u00a0en \u00a0su numeral 17\u00ba que conocen de \u00abConcierto \u00a0para \u00a0delinquir \u00a0agravado \u00a0seg\u00fan \u00a0el \u00a0inciso \u00a02\u00ba del art\u00edculo 340 del C\u00f3digo \u00a0Penal\u00bb. \u00a0\u00a0<\/p>\n<p>As\u00ed \u00a0se concluye, preliminarmente, que como \u00a0quiera \u00a0 que \u00a0 la \u00a0acusaci\u00f3n \u00a0contra \u00a0DAVID \u00a0J\u00d3NAS \u00a0VEGA \u00a0ESPITIA \u00a0incluye \u00a0la \u00a0circunstancia \u00a0de \u00a0agravaci\u00f3n \u00a0prevista \u00a0en \u00a0el \u00a0inciso \u00a0segundo del mencionado \u00a0art\u00edculo \u00a0340 \u00a0del \u00a0C\u00f3digo \u00a0Penal \u00a0el competente para conocer del juicio es un \u00a0juzgado penal del circuito especializado. \u00a0\u00a0<\/p>\n<p>Ahora \u00a0bien, \u00a0solo \u00a0resta \u00a0precisar \u00a0que aun \u00a0cuando \u00a0el \u00a0concierto \u00a0para \u00a0delinquir \u00a0es \u00a0un \u00a0delito \u00a0de peligro y, por tanto, \u00a0pertenece \u00a0a \u00a0una modalidad de tipos penales anticipan la barrera de protecci\u00f3n \u00a0penal \u00a0en \u00a0la \u00a0medida \u00a0que sancionan el acuerdo de voluntades dirigido a cometer \u00a0delitos \u00a0del \u00a0m\u00e1s \u00a0variado \u00a0acento, \u00a0no \u00a0por \u00a0ello \u00a0se \u00a0puede \u00a0afirmar \u00a0que \u00a0es \u00a0indeterminado el lugar de comisi\u00f3n del delito. \u00a0\u00a0<\/p>\n<p>Luego, entonces, de acuerdo con la acusaci\u00f3n \u00a0en \u00a0el \u00a0caso subexamine, el concierto se plasm\u00f3 en el municipio de Planeta Rica \u00a0(C\u00f3rdoba) \u00a0y \u00a0en \u00a0ese \u00a0lugar \u00a0como \u00a0en \u00a0sus \u00a0alrededores deb\u00edan ejecutarse las \u00a0conductas \u00a0 \u00a0 que \u00a0 \u00a0dieron \u00a0 \u00a0origen \u00a0 \u00a0al \u00a0 \u00a0acuerdo \u00a0 \u00a0ilegal \u00a0 \u00a0(homicidios \u00a0y \u00a0porte \u00a0ilegal \u00a0de \u00a0armas \u00a0de \u00a0fuego); \u00a0por \u00a0lo tanto, sin mayor esfuerzo hay que concluir que al Juez Penal \u00a0Especializado \u00a0de Monter\u00eda es a quien le corresponde adelantar el juicio contra \u00a0DAVID \u00a0J\u00d3NAS VEGA ESPITIA por los hechos sucedidos en el 4 de diciembre de 2010 \u00a0y \u00a0el \u00a018 \u00a0de \u00a0enero de 2011, en los que resultaran v\u00edctimas la se\u00f1ora EDILSEN \u00a0MERCADO ROQUEME y ROGER VERGARA SOTELO. \u00a0\u00a0<\/p>\n<p>En \u00a0m\u00e9rito \u00a0de \u00a0lo \u00a0expuesto \u00a0la \u00a0Sala \u00a0de \u00a0Casaci\u00f3n Penal de la Corte Suprema de Justicia, \u00a0\u00a0<\/p>\n<p>RESUELVE: \u00a0<\/p>\n<p>Definir que el Juez \u00a0Penal \u00a0del \u00a0Circuito Especializado de Monter\u00eda, es el competente para adelantar \u00a0la \u00a0etapa \u00a0de juicio a DAVID J\u00d3NAS VEGA ESPITIA, acusado de la comisi\u00f3n de los \u00a0delitos \u00a0 \u00a0 \u00a0de \u00a0 \u00a0 \u00a0concierto \u00a0 \u00a0 \u00a0para \u00a0 \u00a0 \u00a0delinquir \u00a0 \u00a0 agravado, \u00a0homicidio \u00a0agravado \u00a0y porte ilegal de \u00a0armas. \u00a0\u00a0<\/p>\n<p>\u00a0 \u00a0\u00a0 \u00a0\u00a0 \u00a0Rem\u00edtase \u00a0el \u00a0expediente a la autoridad indicada, haci\u00e9ndole saber \u00a0que \u00a0el \u00a0acusado, quien se encuentra recluido en el \u00abEstablecimiento carcelario \u00a0Las \u00a0Mercedes\u00bb, de la ciudad \u00a0de Monter\u00eda &#8211; C\u00f3rdoba queda a su disposici\u00f3n. \u00a0\u00a0<\/p>\n<p>Contra \u00a0esta \u00a0decisi\u00f3n \u00a0no \u00a0procede recurso \u00a0alguno. \u00a0\u00a0<\/p>\n<p>Comun\u00edquese y c\u00famplase. \u00a0<\/p>\n<p>Jos\u00e9 Luis Barcel\u00f3 Camacho \u00a0<\/p>\n<p>Jos\u00e9 Leonidas Bustos Mart\u00ednez \u00a0<\/p>\n<p>Fernando Alberto Castro Caballero \u00a0<\/p>\n<p>Eugenio Fern\u00e1ndez Carlier \u00a0<\/p>\n<p>Gustavo Enrique Malo Fern\u00e1ndez \u00a0<\/p>\n<p>Eyder Pati\u00f1o Cabrera \u00a0<\/p>\n<p>Patricia Salazar Cu\u00e9llar \u00a0<\/p>\n<p>Luis Guillermo Salazar Otero \u00a0<\/p>\n<p>Nubia Yolanda Nova Garc\u00eda \u00a0<\/p>\n<p>Secretaria \u00a0<\/p>\n<p>\u00a0\u00a0\u00a0\u00a0\u00a0\u00a0\u00a0\u00a0\u00a0\u00a0\u00a0\u00a0\u00a0\u00a0\u00a0\u00a0\u00a0\u00a0\u00a0\u00a0\u00a0\u00a0\u00a0\u00a0\u00a0\u00a0\u00a0\u00a0\u00a0\u00a0\u00a0\u00a0\u00a0\u00a0\u00a0\u00a0\u00a0\u00a0\u00a0\u00a0\u00a0\u00a0\u00a0\u00a0\u00a0\u00a0\u00a0\u00a0\u00a0 \u00a0\u00a0<\/p>\n<p>\u00a0 \u00a0\u00a0<\/p>\n<p>1 \u00a0Folios 57 y s.s. del Cuaderno No.1 del radicado \u00a0\u00a0<\/p>\n<p>2 Por \u00a0los incisos 4 y 7 del art\u00edculo 104 del C\u00f3digo Penal. \u00a0\u00a0<\/p>\n<p>3 \u00a0En \u00a0auto \u00a0del \u00a019 \u00a0de \u00a0mayo \u00a0de 2015, el Juez Promiscuo del Circuito de Planeta Rica \u00a0(C\u00f3rdoba) \u00a0expres\u00f3: \u00a0\u00abla Fiscal\u00eda no ha variado la \u00a0calificaci\u00f3n \u00a0imputada \u00a0el \u00a0cargo \u00a0de \u00a0concierto \u00a0para \u00a0delinquir \u00a0endilgado al \u00a0procesado \u00a0citado \u00a0no \u00a0s\u00f3lo fue por la muerte del se\u00f1or TEJADA RICARDO docente \u00a0sindicalizado, \u00a0sino \u00a0que \u00a0tambi\u00e9n \u00a0lo fue por la muerte de los se\u00f1ores EDILSE \u00a0ELENA MERCADO ROQUEME y ROGER VERGARA SOTELO.\u00bb \u00a0\u00a0<\/p>\n<p>4 CSJ SP del 6 de octubre de 2004. Radicaci\u00f3n 22738. \u00a0 \u00a0\u00a0<\/p>\n<p><\/p>\n","protected":false},"excerpt":{"rendered":"<p>\u00a0 \u00a0 CORTE SUPREMA DE JUSTICIA \u00a0 SALA DE CASACI\u00d3N PENAL \u00a0 FERNANDO ALBERTO CASTRO CABALLERO \u00a0 Magistrado \u00a0 \u00a0 \u00a0Ponente: \u00a0\u00a0 Radicado No. 46233 \u00a0 AP3668-2015 \u00a0 Aprobado Acta N\u00b0225 \u00a0 Bogot\u00e1, \u00a0D. \u00a0C., \u00a01\u00b0 \u00a0de \u00a0julio de dos mil \u00a0quince (2015). \u00a0\u00a0 VISTOS: \u00a0 La Sala define la competencia para adelantar \u00a0el \u00a0juzgamiento [&hellip;]<\/p>\n","protected":false},"author":1,"featured_media":0,"comment_status":"open","ping_status":"open","sticky":false,"template":"","format":"standard","meta":{"footnotes":""},"categories":[23],"tags":[],"class_list":["post-31056","post","type-post","status-publish","format-standard","hentry","category-23"],"_links":{"self":[{"href":"https:\/\/dmsjuridica.com\/buscador_20179478954\/salapenalcronologico20230723\/wp-json\/wp\/v2\/posts\/31056","targetHints":{"allow":["GET"]}}],"collection":[{"href":"https:\/\/dmsjuridica.com\/buscador_20179478954\/salapenalcronologico20230723\/wp-json\/wp\/v2\/posts"}],"about":[{"href":"https:\/\/dmsjuridica.com\/buscador_20179478954\/salapenalcronologico20230723\/wp-json\/wp\/v2\/types\/post"}],"author":[{"embeddable":true,"href":"https:\/\/dmsjuridica.com\/buscador_20179478954\/salapenalcronologico20230723\/wp-json\/wp\/v2\/users\/1"}],"replies":[{"embeddable":true,"href":"https:\/\/dmsjuridica.com\/buscador_20179478954\/salapenalcronologico20230723\/wp-json\/wp\/v2\/comments?post=31056"}],"version-history":[{"count":0,"href":"https:\/\/dmsjuridica.com\/buscador_20179478954\/salapenalcronologico20230723\/wp-json\/wp\/v2\/posts\/31056\/revisions"}],"wp:attachment":[{"href":"https:\/\/dmsjuridica.com\/buscador_20179478954\/salapenalcronologico20230723\/wp-json\/wp\/v2\/media?parent=31056"}],"wp:term":[{"taxonomy":"category","embeddable":true,"href":"https:\/\/dmsjuridica.com\/buscador_20179478954\/salapenalcronologico20230723\/wp-json\/wp\/v2\/categories?post=31056"},{"taxonomy":"post_tag","embeddable":true,"href":"https:\/\/dmsjuridica.com\/buscador_20179478954\/salapenalcronologico20230723\/wp-json\/wp\/v2\/tags?post=31056"}],"curies":[{"name":"wp","href":"https:\/\/api.w.org\/{rel}","templated":true}]}}