{"id":30564,"date":"2023-09-13T17:31:53","date_gmt":"2023-09-13T17:31:53","guid":{"rendered":"https:\/\/dmsjuridica.com\/buscador_20179478954\/salapenalcronologico20230723\/2023\/09\/13\/ap1612-201545668\/"},"modified":"2023-09-13T17:31:53","modified_gmt":"2023-09-13T17:31:53","slug":"ap1612-201545668","status":"publish","type":"post","link":"https:\/\/dmsjuridica.com\/buscador_20179478954\/salapenalcronologico20230723\/2023\/09\/13\/ap1612-201545668\/","title":{"rendered":"AP1612-2015(45668)"},"content":{"rendered":"\n<p>\u00a0 \u00a0 CORTE SUPREMA DE JUSTICIA \u00a0<\/p>\n<p>SALA DE CASACI\u00d3N PENAL \u00a0<\/p>\n<p>Magistrado Ponente \u00a0<\/p>\n<p>EUGENIO FERN\u00c1NDEZ CARLIER \u00a0<\/p>\n<p>AP1612-2015 \u00a0<\/p>\n<p>Radicaci\u00f3n N\u00ba 45668 \u00a0<\/p>\n<p>Aprobado mediante Acta No. 110 \u00a0<\/p>\n<p>Bogot\u00e1, \u00a0D. C., veinticinco (25) de marzo de \u00a0dos mil quince (2015). \u00a0\u00a0<\/p>\n<p>ASUNTO \u00a0<\/p>\n<p>La Sala define la competencia para conocer de \u00a0la \u00a0actuaci\u00f3n seguida contra JUAN CARLOS ROND\u00d3N CANO por la supuesta comisi\u00f3n \u00a0del delito de contaminaci\u00f3n ambiental. \u00a0\u00a0<\/p>\n<p>HECHOS \u00a0<\/p>\n<p>De \u00a0acuerdo \u00a0con el escrito de acusaci\u00f3n, la \u00a0Fiscal\u00eda \u00a0 General \u00a0 de \u00a0la \u00a0Naci\u00f3n, \u00a0mediante \u00a0informaci\u00f3n \u00a0obtenida \u00a0de \u00a0la \u00a0Corporaci\u00f3n \u00a0Aut\u00f3noma \u00a0Regional de Cundinamarca, Oficina Provincial de Soacha, \u00a0tuvo \u00a0conocimiento \u00a0sobre la realizaci\u00f3n frecuente de quemas a cielo abierto en \u00a0el \u00a0sector \u00a0de \u00a0Bosatama \u00a0de \u00a0ese \u00a0municipio, \u00a0concretamente, \u00a0en la finca \u201cEl \u00a0Trique\u201d. \u00a0\u00a0<\/p>\n<p>Efectuadas \u00a0las pesquisas correspondientes y, \u00a0concretamente, \u00a0en \u00a0raz\u00f3n \u00a0de \u00a0la diligencia de allanamiento realizada el 28 de \u00a0enero \u00a0de \u00a02014, \u00a0se \u00a0pudo establecer que en ese lugar se llevaban a cabo dichas \u00a0quemas \u00a0con \u00a0el \u00a0prop\u00f3sito \u00a0de \u00a0obtener \u00a0carb\u00f3n \u00a0vegetal, sin que existiera el \u00a0permiso expedido por la autoridad competente. \u00a0\u00a0<\/p>\n<p>Como \u00a0consecuencia \u00a0de \u00a0dicho \u00a0hallazgo, \u00a0se \u00a0orden\u00f3 \u00a0un nuevo allanamiento al predio, materializado el 5 de febrero de 2014, \u00a0en \u00a0desarrollo \u00a0del \u00a0cual \u00a0fueron \u00a0capturados \u00a0en \u00a0situaci\u00f3n de flagrancia JUAN \u00a0CARLOS \u00a0 ROND\u00d3N \u00a0CANO, \u00a0Ilvar \u00a0Enrique \u00a0Guachet\u00e1 \u00a0Espejo, \u00a0Betsy \u00a0Andrea \u00a0Real \u00a0Aguill\u00f3n y John Edisson Pab\u00f3n Sabogal. \u00a0\u00a0<\/p>\n<p>Posteriormente, \u00a0mediante \u00a0informe elaborado \u00a0por \u00a0los \u00a0profesionales \u00a0Jos\u00e9 \u00a0Hern\u00e1n Garavito y Jos\u00e9 Evert Prieto Capera, se \u00a0conoci\u00f3 \u00a0que \u00a0las \u00a0deflagraciones \u00a0realizadas \u00a0por los nombrados comportaron la \u00a0contaminaci\u00f3n \u00a0del \u00a0recurso \u00a0aire, pues se descargaron sustancias contaminantes \u00a0como mon\u00f3xido de carbono, metano, olefinas, dioxinas y furanos. \u00a0\u00a0<\/p>\n<p>ACTUACI\u00d3N PROCESAL RELEVANTE \u00a0<\/p>\n<p>1. \u00a0En \u00a0audiencia \u00a0preliminar \u00a0concentrada \u00a0celebrada \u00a0el \u00a06 \u00a0de febrero de 2014 ante el Juzgado 13 \u00a0Penal \u00a0Municipal \u00a0con funci\u00f3n de control de garant\u00edas de Bogot\u00e1, la Fiscal\u00eda \u00a0legaliz\u00f3 \u00a0la captura de ROND\u00d3N CANO, Guachet\u00e1 Espejo, Real Aguill\u00f3n y Pab\u00f3n \u00a0Sabogal, \u00a0a \u00a0quienes \u00a0les \u00a0formul\u00f3 \u00a0imputaci\u00f3n \u00a0como \u00a0autores \u00a0del \u00a0delito \u00a0de \u00a0contaminaci\u00f3n \u00a0ambiental,\u00a0 \u00a0definido \u00a0en el art\u00edculo 332 de la Ley 599 de \u00a02000, \u00a0modificado por el art\u00edculo 34 de la Ley 1453 de 2011, en la modalidad de \u00a0\u201ccontaminar\u201d. \u00a0\u00a0<\/p>\n<p>Ninguno \u00a0de los imputados acept\u00f3 los cargos \u00a0y, \u00a0como \u00a0la \u00a0Fiscal\u00eda \u00a0se \u00a0abstuvo \u00a0de \u00a0solicitar \u00a0la imposici\u00f3n de medida de \u00a0aseguramiento, \u00a0 \u00a0en \u00a0 \u00a0la \u00a0 \u00a0misma \u00a0 diligencia \u00a0 les \u00a0 fue \u00a0 restablecida \u00a0 la \u00a0libertad. \u00a0\u00a0<\/p>\n<p>2. A trav\u00e9s de sus \u00a0defensores, \u00a0Guachet\u00e1 \u00a0Espejo, \u00a0Real \u00a0Aguill\u00f3n \u00a0y Pab\u00f3n Sabogal celebraron un \u00a0preacuerdo \u00a0con la Fiscal\u00eda en los t\u00e9rminos del art\u00edculo 348 de la Ley 906 de \u00a02004. \u00a0\u00a0<\/p>\n<p>Como consecuencia de lo anterior, se decret\u00f3 \u00a0la \u00a0ruptura \u00a0de \u00a0la \u00a0unidad \u00a0procesal \u00a0y \u00a0el \u00a06 de junio de 2014 fue radicado el \u00a0escrito \u00a0de \u00a0acusaci\u00f3n \u00a0en el que se le atribuy\u00f3 a ROND\u00d3N CANO la autor\u00eda en \u00a0la conducta punible aludida. \u00a0\u00a0<\/p>\n<p>3. \u00a0El \u00a0asunto fue \u00a0repartido \u00a0inicialmente \u00a0al \u00a0Juzgado \u00a018 \u00a0Penal \u00a0Municipal \u00a0de \u00a0Conocimiento \u00a0de \u00a0Bogot\u00e1, \u00a0que \u00a0el 2 de septiembre de la misma anualidad se declar\u00f3 incompetente \u00a0para \u00a0conocer del mismo, como quiera que el delito objeto de acusaci\u00f3n no tiene \u00a0asignaci\u00f3n \u00a0expresa \u00a0de \u00a0competencia \u00a0y, por lo mismo, corresponde a los Jueces \u00a0Penales del Circuito. \u00a0\u00a0<\/p>\n<p>4. \u00a0El tr\u00e1mite fue \u00a0repartido \u00a0entonces \u00a0al \u00a0Juzgado \u00a022 \u00a0Penal del Circuito de Conocimiento de esta \u00a0capital, \u00a0que \u00a0el \u00a010 \u00a0de \u00a0marzo \u00a0de \u00a02015 instal\u00f3 la audiencia de formulaci\u00f3n \u00a0acusaci\u00f3n. \u00a0\u00a0<\/p>\n<p>No \u00a0obstante lo anterior, luego de le\u00eddo el \u00a0escrito \u00a0acusatorio \u00a0por \u00a0parte \u00a0de \u00a0la \u00a0Fiscal\u00eda, \u00a0la juzgadora manifest\u00f3 ser \u00a0incompetente \u00a0 \u00a0para \u00a0 \u00a0tramitar \u00a0 \u00a0el \u00a0 asunto \u00a0 (cd \u00a0 2, \u00a0 r\u00e9cord \u00a0 26:00 \u00a0 y \u00a0siguientes). \u00a0\u00a0<\/p>\n<p>Adujo que, de acuerdo con lo relatado por la \u00a0Fiscal\u00eda, \u00a0los \u00a0hechos \u00a0investigados \u00a0ocurrieron \u00a0en \u00a0el \u00a0municipio \u00a0de Soacha, \u00a0Cundinamarca, \u00a0por \u00a0lo que coligi\u00f3, con fundamento en el art\u00edculo 43 de la Ley \u00a0906 \u00a0de \u00a02004, \u00a0que \u00a0la \u00a0competencia \u00a0est\u00e1 \u00a0radicada \u00a0en los Jueces Penales del \u00a0Circuito de ese municipio. \u00a0\u00a0<\/p>\n<p>Por lo anterior y de acuerdo con el art\u00edculo \u00a054 \u00a0\u00eddem, orden\u00f3 la remisi\u00f3n inmediata de las diligencias a esta Corporaci\u00f3n \u00a0para que la definici\u00f3n del funcionario competente. \u00a0\u00a0<\/p>\n<p>CONSIDERACIONES \u00a0<\/p>\n<p>1. \u00a0Los art\u00edculos \u00a032, \u00a0numeral \u00a04\u00ba, \u00a0y \u00a054 de la Ley 906 de 2004, establecen que corresponde a la \u00a0Sala \u00a0de \u00a0Casaci\u00f3n Penal de la Corte Suprema de Justicia definir la competencia \u00a0para \u00a0adelantar \u00a0el \u00a0juzgamiento, \u00a0cuando \u00a0el \u00a0juez \u00a0ante \u00a0quien se present\u00f3 la \u00a0acusaci\u00f3n \u00a0 manifiesta \u00a0su \u00a0incompetencia \u00a0y \u00a0atribuye \u00a0su \u00a0conocimiento \u00a0a \u00a0un \u00a0funcionario de diferente distrito judicial. \u00a0\u00a0<\/p>\n<p>2. \u00a0La audiencia de \u00a0formulaci\u00f3n \u00a0de \u00a0acusaci\u00f3n, \u00a0de conformidad con lo dispuesto en los art\u00edculos \u00a0339 \u00a0y \u00a0siguientes \u00a0de la Ley 906 de 2004, constituye el escenario propicio para \u00a0que \u00a0las \u00a0partes \u00a0e intervinientes \u00abexpresen oralmente \u00a0las \u00a0 \u00a0 causales \u00a0 \u00a0 de \u00a0 \u00a0incompetencia, \u00a0 \u00a0 \u00a0impedimentos, \u00a0 \u00a0 recusaciones, \u00a0 \u00a0 nulidades, \u00a0 \u00a0 si \u00a0 \u00a0 las \u00a0hubiere\u00bb. \u00a0\u00a0<\/p>\n<p>En la misma diligencia puede el funcionario, \u00a0de \u00a0 manera \u00a0 oficiosa \u00a0y \u00a0para \u00a0evitar \u00a0la \u00a0configuraci\u00f3n \u00a0de \u00a0irregularidades \u00a0sustanciales \u00a0que \u00a0enerven \u00a0la \u00a0legalidad \u00a0del \u00a0tr\u00e1mite, \u00a0manifestar \u00a0su propia \u00a0incompetencia \u00a0para \u00a0conocer \u00a0del \u00a0asunto, \u00a0evento en el cual, como se sigue del \u00a0art\u00edculo \u00a0 \u00a054 \u00a0 \u00a0ib\u00eddem \u00a0 y \u00a0 ocurri\u00f3 \u00a0 en \u00a0 este \u00a0 asunto, \u00a0 \u00abremitir\u00e1 \u00a0 el \u00a0 asunto \u00a0 inmediatamente \u00a0al \u00a0funcionario \u00a0que \u00a0deba \u00a0definirla\u00bb. \u00a0\u00a0<\/p>\n<p>3. \u00a0Para definir la \u00a0competencia \u00a0del \u00a0juzgamiento \u00a0que \u00a0la Fiscal\u00eda pretende iniciar contra ROND\u00d3N \u00a0CANO \u00a0constituye \u00a0punto \u00a0obligado \u00a0de \u00a0partida \u00a0el \u00a0art\u00edculo \u00a043 del C\u00f3digo de \u00a0Procedimiento \u00a0Penal, a cuyo tenor \u00abes competente para \u00a0conocer \u00a0 \u00a0del \u00a0 \u00a0juzgamiento \u00a0 el \u00a0 juez \u00a0 del \u00a0 lugar \u00a0 donde \u00a0 ocurri\u00f3 \u00a0 del \u00a0delito\u00bb. \u00a0\u00a0<\/p>\n<p>S\u00f3lo si \u00abno fuere \u00a0posible \u00a0 determinar \u00a0 el \u00a0 lugar \u00a0 de \u00a0 ocurrencia \u00a0 del \u00a0hecho\u00bb \u00a0o \u00a0\u00abeste \u00a0se \u00a0hubiere realizado en varios \u00a0lugares, \u00a0en \u00a0uno \u00a0incierto \u00a0o \u00a0en \u00a0el extranjero\u00bb, el \u00a0conocimiento \u00a0corresponder\u00e1 \u00a0al juez del lugar \u00abdonde \u00a0se \u00a0formule \u00a0acusaci\u00f3n por parte de la Fiscal\u00eda General de la Naci\u00f3n, lo cual \u00a0har\u00e1 \u00a0 \u00a0donde \u00a0 \u00a0se \u00a0 \u00a0encuentren \u00a0 \u00a0los \u00a0 \u00a0elementos \u00a0 fundamentales \u00a0 de \u00a0 la \u00a0acusaci\u00f3n\u00bb. \u00a0\u00a0<\/p>\n<p>A lo anterior debe agregarse que el art\u00edculo \u00a014 \u00a0de \u00a0la \u00a0Ley \u00a0599 de 2000 establece los criterios para establecer d\u00f3nde debe \u00a0considerarse \u00a0realizada \u00a0la \u00a0conducta \u00a0punible, esto es, i) en el lugar donde se \u00a0desarroll\u00f3 \u00a0total \u00a0o \u00a0parcialmente \u00a0la \u00a0acci\u00f3n; \u00a0ii) \u00a0en el lugar donde debi\u00f3 \u00a0realizarse \u00a0la \u00a0acci\u00f3n \u00a0omitida \u00a0y; \u00a0iii) en el lugar donde se produjo o debi\u00f3 \u00a0producirse el resultado. \u00a0\u00a0<\/p>\n<p>4. Pues bien, en el \u00a0presente \u00a0asunto \u00a0se \u00a0tiene \u00a0que \u00a0la \u00a0Fiscal\u00eda, \u00a0tanto \u00a0en \u00a0la \u00a0formulaci\u00f3n de \u00a0imputaci\u00f3n \u00a0(cd \u00a01, \u00a0a \u00a0partir del r\u00e9cord 25:00) como en la acusaci\u00f3n elevada \u00a0contra \u00a0ROND\u00d3N \u00a0CANO \u00a0(fs. \u00a019 \u00a0a \u00a024), \u00a0precis\u00f3 \u00a0que \u00a0los \u00a0delitos objeto del \u00a0llamamiento \u00a0a \u00a0juicio \u00a0ocurrieron \u00a0en \u00a0el \u00a0municipio \u00a0de \u00a0Soacha, Cundinamarca, \u00a0concretamente, en el sector de Bosatama. \u00a0\u00a0<\/p>\n<p>De \u00a0igual \u00a0manera, que el reato atribuido al \u00a0nombrado \u00a0fue \u00a0el definido en el art\u00edculo 332 de la Ley 599 de 2000, modificado \u00a0por \u00a0 el \u00a0 art\u00edculo \u00a0 34 \u00a0 de \u00a0 la \u00a0Ley \u00a01453 \u00a0de \u00a02011, \u00a0en \u00a0la \u00a0modalidad \u00a0de \u00a0\u201ccontaminar\u201d, as\u00ed: \u00a0\u00a0<\/p>\n<p>\u00abContaminaci\u00f3n \u00a0ambiental. \u00a0El \u00a0que \u00a0con \u00a0incumplimiento \u00a0 \u00a0de \u00a0 la \u00a0 normatividad \u00a0 existente, \u00a0 provoque, \u00a0 contamine \u00a0 \u00a0o \u00a0 realice \u00a0 directa \u00a0 o \u00a0indirectamente \u00a0 emisiones, \u00a0 vertidos, \u00a0 radiaciones, \u00a0 ruidos, \u00a0 dep\u00f3sitos \u00a0o \u00a0disposiciones \u00a0 al \u00a0aire, \u00a0la \u00a0atm\u00f3sfera o \u00a0dem\u00e1s componentes del espacio a\u00e9reo, \u00a0el \u00a0suelo, \u00a0el \u00a0subsuelo, \u00a0las \u00a0aguas \u00a0terrestres, \u00a0mar\u00edtimas o subterr\u00e1neas o \u00a0dem\u00e1s \u00a0recursos \u00a0naturales, en tal forma que ponga en peligro la salud humana o \u00a0los \u00a0 recursos \u00a0 f\u00e1unicos, \u00a0 forestales, \u00a0 flor\u00edsticos \u00a0 o \u00a0 hidrobiol\u00f3gicos, \u00a0incurrir\u00e1, \u00a0sin perjuicio de las sanciones administrativas a que hubiere lugar, \u00a0en \u00a0prisi\u00f3n \u00a0de \u00a0cincuenta \u00a0y \u00a0cinco \u00a0(55) a ciento doce (112) meses y multa de \u00a0ciento \u00a0cuarenta \u00a0(140) \u00a0a \u00a0cincuenta \u00a0mil \u00a0(50.000) \u00a0salarios \u00a0m\u00ednimos legales \u00a0mensuales vigentes\u00bb. \u00a0\u00a0<\/p>\n<p>Esa \u00a0 conducta \u00a0 punible, \u00a0 especialmente \u00a0atendiendo \u00a0a la modalidad en que fue imputada, es un delito de aqu\u00e9llos que se \u00a0denominan \u00a0de \u00a0resultado, \u00a0pues, \u00a0como \u00a0lo \u00a0ha \u00a0discernido esta Corporaci\u00f3n, su \u00a0configuraci\u00f3n \u00a0\u00abexige una transformaci\u00f3n del mundo \u00a0exterior\u00bb, \u00a0en concreto, la \u00a0\u00abalteraci\u00f3n \u00a0 \u00a0 \u00a0del \u00a0 \u00a0 \u00a0medio \u00a0 \u00a0 ambiente\u00bb1. \u00a0\u00a0<\/p>\n<p>Lo anterior significa, de conformidad con el \u00a0art\u00edculo \u00a014 \u00a0de \u00a0la Ley 599 de 2000 previamente transcrito, que la competencia \u00a0territorial \u00a0para \u00a0conocer \u00a0del \u00a0presente \u00a0asunto puede discernirse a partir del \u00a0lugar \u00a0en \u00a0que \u00a0se cometi\u00f3 la acci\u00f3n \u2013 \u00a0 las \u00a0 quemas \u00a0que \u00a0dieron \u00a0lugar \u00a0a \u00a0las \u00a0emisiones \u00a0\u2013 \u00a0o \u00a0en el que se produjo el resultado \u00a0\u2013 \u00a0la \u00a0contaminaci\u00f3n del \u00a0recurso aire -. \u00a0\u00a0<\/p>\n<p>5. \u00a0Ocurre, \u00a0sin \u00a0embargo, \u00a0que \u00a0tanto \u00a0la acci\u00f3n como el resultado ocurrieron en un mismo lugar, \u00a0espec\u00edficamente, en el municipio de Soacha, Cundinamarca. \u00a0\u00a0<\/p>\n<p>Esa conclusi\u00f3n surge de la simple revisi\u00f3n \u00a0del \u00a0relato \u00a0f\u00e1ctico \u00a0con \u00a0fundamento \u00a0en \u00a0el \u00a0cual la Fiscal\u00eda busca llevar a \u00a0juicio \u00a0a ROND\u00d3N CANO, pues, como ya se dijo, tanto las conflagraciones como la \u00a0liberaci\u00f3n \u00a0 de \u00a0 las \u00a0emisiones \u00a0contaminantes \u00a0se \u00a0llevaron \u00a0a \u00a0cabo \u00a0en \u00a0esa \u00a0ciudad. \u00a0\u00a0<\/p>\n<p>Por lo tanto, es claro que corresponde a los \u00a0Jueces \u00a0 de \u00a0 Soacha \u00a0 tramitar \u00a0y \u00a0decidir \u00a0el \u00a0juzgamiento \u00a0de \u00a0ROND\u00d3N \u00a0CANO. \u00a0\u00a0<\/p>\n<p>6. \u00a0Ahora bien, en \u00a0relaci\u00f3n \u00a0con \u00a0la \u00a0competencia \u00a0material \u00a0para \u00a0conocer del presente asunto, se \u00a0tiene \u00a0que \u00a0el \u00a0art\u00edculo 37 de la Ley 906 de 2004 atribuye a los Jueces Penales \u00a0Municipales, \u00a0de \u00a0manera taxativa, el conocimiento de los delitos de i) lesiones \u00a0personales, \u00a0ii) \u00a0de \u00a0aqu\u00e9llos \u00a0cometidos \u00a0contra \u00a0el \u00a0patrimonio econ\u00f3mico en \u00a0cuant\u00eda \u00a0inferior \u00a0o \u00a0igual a 150 salarios m\u00ednimos mensuales legales vigentes, \u00a0iii) \u00a0de \u00a0las \u00a0conductas \u00a0punibles querellables y iv) de los reatos de violencia \u00a0intrafamiliar e inasistencia alimentaria. \u00a0\u00a0<\/p>\n<p>En \u00a0contraste y al tenor del numeral 2\u00b0 del \u00a0art\u00edculo \u00a036 \u00a0ib\u00eddem, \u00a0corresponde \u00a0a \u00a0los \u00a0Jueces \u00a0Penales \u00a0del \u00a0Circuito \u00a0la \u00a0competencia \u00a0 de \u00a0 \u00ablos \u00a0 procesos \u00a0 que \u00a0no \u00a0tengan \u00a0asignaci\u00f3n especial\u00bb. \u00a0\u00a0<\/p>\n<p>A su vez, el art\u00edculo 74 de la codificaci\u00f3n \u00a0en \u00a0cita \u00a0contiene \u00a0el \u00a0listado \u00a0de delitos cuya persecuci\u00f3n requiere querella, \u00a0dentro \u00a0del \u00a0cual \u00a0no \u00a0se \u00a0encuentra el de contaminaci\u00f3n ambiental; infracci\u00f3n \u00a0que, \u00a0no \u00a0sobra \u00a0precisar, \u00a0atenta \u00a0contra \u00a0el \u00a0bien \u00a0jur\u00eddico \u00a0de los recursos \u00a0naturales \u00a0y \u00a0el \u00a0medio \u00a0ambiente y est\u00e1 reprimida no con pena \u00fanica de multa, \u00a0sino privativa de la libertad de 55 a 112 meses de prisi\u00f3n. \u00a0\u00a0<\/p>\n<p>Por \u00a0lo \u00a0anterior \u00a0y sin que sean necesarias \u00a0m\u00e1s \u00a0consideraciones, \u00a0se \u00a0fijar\u00e1 \u00a0la \u00a0competencia \u00a0para \u00a0conocer del presente \u00a0asunto \u00a0 \u00a0 \u00a0 \u00a0 en \u00a0 \u00a0 \u00a0 \u00a0 el \u00a0 \u00a0 \u00a0 \u00a0Juez \u00a0 \u00a0 \u00a0 \u00a0Penal \u00a0 \u00a0 \u00a0 \u00a0del \u00a0 \u00a0 \u00a0 \u00a0Circuito \u00a0de\u00a0\u00a0\u00a0\u00a0\u00a0\u00a0\u00a0\u00a0\u00a0\u00a0\u00a0\u00a0\u00a0 \u00a0Soacha \u00a0\u2013 reparto- a donde \u00a0se ordenar\u00e1 la remisi\u00f3n inmediata de la actuaci\u00f3n. \u00a0\u00a0<\/p>\n<p>En \u00a0m\u00e9rito \u00a0de \u00a0lo \u00a0expuesto, \u00a0la \u00a0Sala \u00a0de \u00a0Casaci\u00f3n Penal de la Corte Suprema de Justicia, \u00a0\u00a0<\/p>\n<p>RESUELVE \u00a0<\/p>\n<p>1. \u00a0DECLARAR \u00a0que \u00a0la competencia para conocer \u00a0del \u00a0juzgamiento \u00a0contra \u00a0JUAN \u00a0CARLOS \u00a0ROND\u00d3N \u00a0CANO \u00a0corresponde \u00a0a los Jueces \u00a0Penales \u00a0del \u00a0Circuito \u00a0de \u00a0Soacha, \u00a0Cundinamarca, \u00a0a \u00a0donde ser\u00e1n enviadas las \u00a0diligencias para su reparto. \u00a0\u00a0<\/p>\n<p>2. \u00a0COMUNICAR, \u00a0lo \u00a0decidido a las partes e intervinientes en este tr\u00e1mite judicial. \u00a0\u00a0<\/p>\n<p>Contra \u00a0esta \u00a0decisi\u00f3n \u00a0no \u00a0procede recurso \u00a0alguno. \u00a0\u00a0<\/p>\n<p>C\u00f3piese y c\u00famplase \u00a0<\/p>\n<p>JOS\u00c9 \u00a0 LUIS \u00a0BARCEL\u00d3 CAMACHO \u00a0\u00a0<\/p>\n<p>JOS\u00c9 \u00a0LEONIDAS \u00a0BUSTOS MART\u00cdNEZ \u00a0\u00a0<\/p>\n<p>FERNANDO ALBERTO CASTRO CABALLERO \u00a0<\/p>\n<p>EUGENIO \u00a0FERN\u00c1NDEZ CARLIER \u00a0\u00a0<\/p>\n<p>MAR\u00cdA DEL ROSARIO \u00a0GONZ\u00c1LEZ \u00a0 \u00a0 \u00a0 \u00a0 \u00a0 \u00a0 \u00a0 MU\u00d1OZ \u00a0\u00a0<\/p>\n<p>GUSTAVO \u00a0ENRIQUE \u00a0MALO \u00a0FERN\u00c1NDEZ \u00a0\u00a0<\/p>\n<p>EYDER \u00a0PATI\u00d1O \u00a0CABRERA \u00a0\u00a0<\/p>\n<p>PATRICIA \u00a0 \u00a0SALAZAR \u00a0 \u00a0CU\u00c9LLAR \u00a0\u00a0<\/p>\n<p>LUIS GUILLERMO SALAZAR OTERO \u00a0<\/p>\n<p>NUBIA \u00a0 YOLANDA \u00a0NOVA \u00a0GARC\u00cdA \u00a0\u00a0<\/p>\n<p>Secretaria \u00a0<\/p>\n<p>\u00a0 \u00a0\u00a0<\/p>\n<p>1 CSJ \u00a0SP, 19 de febrero de 2007, Rad. 23286. \u00a0 \u00a0\u00a0<\/p>\n<p><\/p>\n","protected":false},"excerpt":{"rendered":"<p>\u00a0 \u00a0 CORTE SUPREMA DE JUSTICIA \u00a0 SALA DE CASACI\u00d3N PENAL \u00a0 Magistrado Ponente \u00a0 EUGENIO FERN\u00c1NDEZ CARLIER \u00a0 AP1612-2015 \u00a0 Radicaci\u00f3n N\u00ba 45668 \u00a0 Aprobado mediante Acta No. 110 \u00a0 Bogot\u00e1, \u00a0D. C., veinticinco (25) de marzo de \u00a0dos mil quince (2015). \u00a0\u00a0 ASUNTO \u00a0 La Sala define la competencia para conocer de \u00a0la [&hellip;]<\/p>\n","protected":false},"author":1,"featured_media":0,"comment_status":"open","ping_status":"open","sticky":false,"template":"","format":"standard","meta":{"footnotes":""},"categories":[23],"tags":[],"class_list":["post-30564","post","type-post","status-publish","format-standard","hentry","category-23"],"_links":{"self":[{"href":"https:\/\/dmsjuridica.com\/buscador_20179478954\/salapenalcronologico20230723\/wp-json\/wp\/v2\/posts\/30564","targetHints":{"allow":["GET"]}}],"collection":[{"href":"https:\/\/dmsjuridica.com\/buscador_20179478954\/salapenalcronologico20230723\/wp-json\/wp\/v2\/posts"}],"about":[{"href":"https:\/\/dmsjuridica.com\/buscador_20179478954\/salapenalcronologico20230723\/wp-json\/wp\/v2\/types\/post"}],"author":[{"embeddable":true,"href":"https:\/\/dmsjuridica.com\/buscador_20179478954\/salapenalcronologico20230723\/wp-json\/wp\/v2\/users\/1"}],"replies":[{"embeddable":true,"href":"https:\/\/dmsjuridica.com\/buscador_20179478954\/salapenalcronologico20230723\/wp-json\/wp\/v2\/comments?post=30564"}],"version-history":[{"count":0,"href":"https:\/\/dmsjuridica.com\/buscador_20179478954\/salapenalcronologico20230723\/wp-json\/wp\/v2\/posts\/30564\/revisions"}],"wp:attachment":[{"href":"https:\/\/dmsjuridica.com\/buscador_20179478954\/salapenalcronologico20230723\/wp-json\/wp\/v2\/media?parent=30564"}],"wp:term":[{"taxonomy":"category","embeddable":true,"href":"https:\/\/dmsjuridica.com\/buscador_20179478954\/salapenalcronologico20230723\/wp-json\/wp\/v2\/categories?post=30564"},{"taxonomy":"post_tag","embeddable":true,"href":"https:\/\/dmsjuridica.com\/buscador_20179478954\/salapenalcronologico20230723\/wp-json\/wp\/v2\/tags?post=30564"}],"curies":[{"name":"wp","href":"https:\/\/api.w.org\/{rel}","templated":true}]}}