{"id":30449,"date":"2023-09-13T17:31:47","date_gmt":"2023-09-13T17:31:47","guid":{"rendered":"https:\/\/dmsjuridica.com\/buscador_20179478954\/salapenalcronologico20230723\/2023\/09\/13\/ap1379-201545602\/"},"modified":"2023-09-13T17:31:47","modified_gmt":"2023-09-13T17:31:47","slug":"ap1379-201545602","status":"publish","type":"post","link":"https:\/\/dmsjuridica.com\/buscador_20179478954\/salapenalcronologico20230723\/2023\/09\/13\/ap1379-201545602\/","title":{"rendered":"AP1379-2015(45602)"},"content":{"rendered":"\n<p>\u00a0 \u00a0 CORTE SUPREMA DE JUSTICIA \u00a0<\/p>\n<p>SALA DE CASACI\u00d3N PENAL \u00a0<\/p>\n<p>EYDER PATI\u00d1O CABRERA \u00a0<\/p>\n<p>Magistrado ponente \u00a0<\/p>\n<p>AP1379-2015 \u00a0<\/p>\n<p>Radicaci\u00f3n n\u00b0 45602 \u00a0<\/p>\n<p>(Aprobado \u00a0Acta No. \u00a0105) \u00a0\u00a0<\/p>\n<p>Bogot\u00e1 \u00a0D.C., dieciocho (18) de marzo de dos \u00a0mil quince (2015). \u00a0\u00a0<\/p>\n<p>\u00a0 OBJETO \u00a0 \u00a0 DEL \u00a0PRONUNCIAMIENTO \u00a0\u00a0<\/p>\n<p>Se pronuncia la Corte respecto de \u00a0 \u00a0 la \u00a0definici\u00f3n \u00a0de competencia \u00a0suscitada \u00a0 \u00a0entre \u00a0 los \u00a0Juzgados \u00a01\u00ba \u00a0Penal \u00a0del \u00a0Circuito \u00a0Especializado \u00a0de \u00a0Antioquia y Promiscuo del \u00a0Circuito \u00a0de \u00a0Santa \u00a0Rosa \u00a0de \u00a0Osos, \u00a0para \u00a0conocer el proceso adelantado contra \u00a0ADOLFO \u00a0 \u00a0 LE\u00d3N \u00a0 \u00a0RAM\u00cdREZ \u00a0 \u00a0BEDOYA, \u00a0 por \u00a0 su \u00a0presunta \u00a0responsabilidad en los punibles \u00a0 \u00a0 \u00a0 de \u00a0 \u00a0 \u00a0hurto \u00a0 \u00a0 \u00a0calificado \u00a0agravado; uso de menores en \u00a0la \u00a0comisi\u00f3n \u00a0de \u00a0delitos; \u00a0 \u00a0 fabricaci\u00f3n, \u00a0tr\u00e1fico, porte o tenencia de armas de fuego, \u00a0accesorios, \u00a0partes \u00a0o municiones agravado; \u00a0 \u00a0 \u00a0y \u00a0 \u00a0 fabricaci\u00f3n, \u00a0tr\u00e1fico y porte de armas, municiones de uso restringido, de uso \u00a0privativo \u00a0 \u00a0 de \u00a0 \u00a0 las \u00a0 \u00a0 Fuerzas \u00a0 \u00a0 Armadas \u00a0 \u00a0 o \u00a0 \u00a0explosivos. \u00a0\u00a0<\/p>\n<p>HECHOS \u00a0 \u00a0Y \u00a0ANTECEDENTES PROCESALES \u00a0\u00a0<\/p>\n<p>Seg\u00fan se desprende \u00a0del \u00a0escrito \u00a0de \u00a0acusaci\u00f3n, \u00a0el \u00a030 \u00a0de \u00a0agosto \u00a0de \u00a02014 \u00a0ADOLFO LE\u00d3N RAM\u00cdREZ \u00a0BEDOYA \u00a0 y \u00a0un \u00a0menor de edad, quienes portaban armas \u00a0de \u00a0fuego, hurtaron algunos \u00a0tel\u00e9fonos \u00a0m\u00f3viles \u00a0en el \u00a0municipio \u00a0de \u00a0Belmira \u00a0(Antioquia) \u00a0y \u00a0emprendieron \u00a0la \u00a0huida \u00a0a \u00a0bordo de una \u00a0motocicleta. \u00a0\u00a0<\/p>\n<p>Poco \u00a0despu\u00e9s \u00a0fueron \u00a0aprehendidos \u00a0por \u00a0agentes \u00a0de \u00a0la \u00a0Polic\u00eda \u00a0Nacional. \u00a0Momentos \u00a0antes, \u00a0intentaron deshacerse de \u00a0varios \u00a0 \u00a0tel\u00e9fonos \u00a0celulares, \u00a0una \u00a0pistola calibre 9 mm y dos proveedores \u00a0con capacidad para 15 cartuchos. \u00a0\u00a0<\/p>\n<p>Al \u00a0 \u00a0d\u00eda \u00a0 siguiente, \u00a0 el \u00a0ciudadano \u00a0referido \u00a0fue \u00a0presentado \u00a0ante \u00a0el Juzgado Promiscuo \u00a0Municipal \u00a0 de \u00a0 Belmira, \u00a0ante \u00a0el \u00a0cual \u00a0se \u00a0surtieron \u00a0las \u00a0audiencias \u00a0preliminares \u00a0de legalizaci\u00f3n de \u00a0captura, \u00a0 \u00a0formulaci\u00f3n \u00a0 de \u00a0 imputaci\u00f3n \u00a0 e \u00a0 imposici\u00f3n \u00a0 de \u00a0 medida \u00a0 de \u00a0aseguramiento. \u00a0\u00a0<\/p>\n<p>El escrito de acusaci\u00f3n fue formulado ante \u00a0los \u00a0 Juzgados \u00a0Penales \u00a0del \u00a0Circuito \u00a0Especializado \u00a0de \u00a0Antioquia \u00a0el \u00a029 \u00a0de \u00a0septiembre \u00a0del \u00a0a\u00f1o \u00a0anterior. Asignado el asunto al \u00a0despacho \u00a0No. \u00a01 \u00a0de dicha categor\u00eda y sede, convoc\u00f3 a las partes a la primera audiencia de la fase del juzgamiento. \u00a0\u00a0<\/p>\n<p>Durante aquella vista p\u00fablica, celebrada el \u00a023 \u00a0de \u00a0diciembre \u00a0anterior, la Fiscal\u00eda impugn\u00f3 \u00a0la \u00a0competencia \u00a0del fallador, aduciendo que el \u00a0arma \u00a0de \u00a0fuego \u00a0incautada \u00a0era de defensa personal, \u00a0por \u00a0tanto, \u00a0el \u00a0conocimiento \u00a0deb\u00eda asignarse a un juzgado con \u00a0categor\u00eda \u00a0 de \u00a0 circuito. \u00a0 El \u00a0 director \u00a0 de \u00a0la \u00a0audiencia \u00a0 \u00a0 aval\u00f3 \u00a0 \u00a0 la \u00a0 \u00a0postura, \u00a0por \u00a0lo \u00a0que \u00a0orden\u00f3 \u00a0la remisi\u00f3n del diligenciamiento ante la \u00a0oficina judicial competente. \u00a0\u00a0<\/p>\n<p>En \u00a0diligencia \u00a0de \u00a0acusaci\u00f3n \u00a0del \u00a03 \u00a0de \u00a0marzo \u00faltimo, el \u00a0Juzgado \u00a0Promiscuo \u00a0del \u00a0Circuito de \u00a0Santa \u00a0Rosa \u00a0de \u00a0Osos \u00a0se \u00a0opuso \u00a0al \u00a0planteamiento \u00a0del despacho especializado, \u00a0en \u00a0sustento \u00a0de \u00a0lo \u00a0cual \u00a0explic\u00f3 \u00a0que \u00a0la pistola \u00a0aludida \u00a0contaba \u00a0con \u00a0dos proveedores con capacidad para 15 cartuchos cada uno, \u00a0lo \u00a0cual \u00a0la convert\u00eda en un arma de uso exclusivo de \u00a0la \u00a0fuerza \u00a0p\u00fablica. Finalmente, envi\u00f3 la actuaci\u00f3n \u00a0a la Sala de Casaci\u00f3n Penal para que dirimiera la controversia. \u00a0\u00a0<\/p>\n<p>CONSIDERACIONES DE LA CORTE \u00a0<\/p>\n<p>Ser\u00eda del caso que la Colegiatura definiera \u00a0a \u00a0cu\u00e1l \u00a0de los juzgados referidos corresponde el conocimiento de las presentes \u00a0diligencias, \u00a0 de \u00a0no \u00a0ser \u00a0porque \u00a0advierte \u00a0que \u00a0carece \u00a0de \u00a0competencia \u00a0para \u00a0hacerlo. \u00a0\u00a0<\/p>\n<p>Al tenor de lo normado en el numeral 4\u00ba del \u00a0art\u00edculo \u00a032 de la Ley 906 de 2004, la Sala de Casaci\u00f3n Penal tiene a su cargo \u00a0\u00abla \u00a0definici\u00f3n \u00a0de \u00a0competencia cuando se trate de \u00a0aforados \u00a0constitucionales \u00a0y \u00a0legales, \u00a0o \u00a0de \u00a0tribunales, \u00a0o \u00a0de \u00a0juzgados \u00a0 de \u00a0 diferentes \u00a0 distritos\u00bb. \u00a0(Resalto propio). \u00a0\u00a0<\/p>\n<p>A \u00a0su \u00a0vez, \u00a0a \u00a0los \u00a0Tribunales \u00a0Superiores \u00a0corresponde \u00a0tramitar \u00a0este \u00a0incidente \u00a0cuando involucra a juzgados municipales, \u00a0del \u00a0circuito \u00a0o \u00a0especializados; \u00a0siempre \u00a0que \u00a0pertenezcan a un mismo distrito \u00a0judicial; \u00a0seg\u00fan se desprende de los art\u00edculos 33-5 y 34-5 del plexo normativo \u00a0en cita. \u00a0\u00a0<\/p>\n<p>Por \u00a0lo tanto, a diferencia de lo que sucede \u00a0bajo \u00a0el \u00a0imperio \u00a0de \u00a0la \u00a0Ley \u00a0600 \u00a0de 2000, en la que se asign\u00f3 a la Corte el \u00a0conocimiento \u00a0de los conflictos de competencia presentados entre un despacho del \u00a0circuito \u00a0y uno especializado (Art. 18 transitorio); en el estatuto adjetivo del \u00a0a\u00f1o \u00a02004 \u00a0ello \u00a0s\u00f3lo sucede cuando involucra juzgados de diferentes distritos \u00a0judiciales, \u00a0pues \u00a0si pertenecen al mismo, el incidente debe ser dirimido por el \u00a0Tribunal correspondiente. \u00a0\u00a0<\/p>\n<p>En \u00a0 el \u00a0 sub \u00a0examine, \u00a0la controversia se suscit\u00f3 entre el Juzgado \u00a0Promiscuo \u00a0del \u00a0Circuito \u00a0de \u00a0Santa Rosa de Osos y el Juzgado Penal del Circuito \u00a0Especializado \u00a0de \u00a0Antioquia, \u00a0ambos \u00a0integrantes del distrito judicial de dicho \u00a0departamento. \u00a0\u00a0<\/p>\n<p>Ante \u00a0tal \u00a0panorama, \u00a0la \u00a0Corporaci\u00f3n \u00a0se \u00a0abstendr\u00e1 \u00a0de emitir pronunciamiento, y ordenar\u00e1 la remisi\u00f3n inmediata de las \u00a0diligencias a la Sala Penal del Tribunal de Antioquia. \u00a0\u00a0<\/p>\n<p>En \u00a0m\u00e9rito de lo expuesto, la Corte Suprema \u00a0de Justicia, Sala de Casaci\u00f3n Penal, \u00a0\u00a0<\/p>\n<p>RESUELVE \u00a0<\/p>\n<p>1. \u00a0\u00a0 \u00a0\u00a0 \u00a0\u00a0 \u00a0\u00a0ABSTENERSE \u00a0de \u00a0emitir \u00a0decisi\u00f3n \u00a0en el asunto objeto de examen, por las razones consignadas en \u00a0la motivaci\u00f3n. \u00a0\u00a0<\/p>\n<p>2. \u00a0\u00a0 \u00a0\u00a0 \u00a0\u00a0 \u00a0 \u00a0 \u00a0REMITIR \u00a0inmediatamente \u00a0las \u00a0diligencias \u00a0a \u00a0la \u00a0Sala \u00a0Penal \u00a0del \u00a0Tribunal \u00a0Superior de \u00a0Antioquia, para que se adelante el tr\u00e1mite correspondiente. \u00a0\u00a0<\/p>\n<p>C\u00famplase. \u00a0<\/p>\n<p>JOS\u00c9 LUIS BARCEL\u00d3 CAMACHO \u00a0<\/p>\n<p>JOS\u00c9 LEONIDAS BUSTOS MART\u00cdNEZ \u00a0<\/p>\n<p>FERNANDO ALBERTO CASTRO CABALLERO \u00a0<\/p>\n<p>EUGENIO FERN\u00c1NDEZ CARLIER \u00a0<\/p>\n<p>MAR\u00cdA DEL ROSARIO GONZ\u00c1LEZ MU\u00d1OZ \u00a0<\/p>\n<p>GUSTAVO ENRIQUE MALO FERN\u00c1NDEZ \u00a0<\/p>\n<p>EYDER PATI\u00d1O CABRERA \u00a0<\/p>\n<p>PATRICIA SALAZAR CUELLAR \u00a0<\/p>\n<p>LUIS GUILLERMO SALAZAR OTERO \u00a0<\/p>\n<p>NUBIA YOLANDA NOVA GARC\u00cdA \u00a0<\/p>\n<p>Secretaria \u00a0 \u00a0<\/p>\n<p><\/p>\n","protected":false},"excerpt":{"rendered":"<p>\u00a0 \u00a0 CORTE SUPREMA DE JUSTICIA \u00a0 SALA DE CASACI\u00d3N PENAL \u00a0 EYDER PATI\u00d1O CABRERA \u00a0 Magistrado ponente \u00a0 AP1379-2015 \u00a0 Radicaci\u00f3n n\u00b0 45602 \u00a0 (Aprobado \u00a0Acta No. \u00a0105) \u00a0\u00a0 Bogot\u00e1 \u00a0D.C., dieciocho (18) de marzo de dos \u00a0mil quince (2015). \u00a0\u00a0 \u00a0 OBJETO \u00a0 \u00a0 DEL \u00a0PRONUNCIAMIENTO \u00a0\u00a0 Se pronuncia la Corte respecto de [&hellip;]<\/p>\n","protected":false},"author":1,"featured_media":0,"comment_status":"open","ping_status":"open","sticky":false,"template":"","format":"standard","meta":{"footnotes":""},"categories":[23],"tags":[],"class_list":["post-30449","post","type-post","status-publish","format-standard","hentry","category-23"],"_links":{"self":[{"href":"https:\/\/dmsjuridica.com\/buscador_20179478954\/salapenalcronologico20230723\/wp-json\/wp\/v2\/posts\/30449","targetHints":{"allow":["GET"]}}],"collection":[{"href":"https:\/\/dmsjuridica.com\/buscador_20179478954\/salapenalcronologico20230723\/wp-json\/wp\/v2\/posts"}],"about":[{"href":"https:\/\/dmsjuridica.com\/buscador_20179478954\/salapenalcronologico20230723\/wp-json\/wp\/v2\/types\/post"}],"author":[{"embeddable":true,"href":"https:\/\/dmsjuridica.com\/buscador_20179478954\/salapenalcronologico20230723\/wp-json\/wp\/v2\/users\/1"}],"replies":[{"embeddable":true,"href":"https:\/\/dmsjuridica.com\/buscador_20179478954\/salapenalcronologico20230723\/wp-json\/wp\/v2\/comments?post=30449"}],"version-history":[{"count":0,"href":"https:\/\/dmsjuridica.com\/buscador_20179478954\/salapenalcronologico20230723\/wp-json\/wp\/v2\/posts\/30449\/revisions"}],"wp:attachment":[{"href":"https:\/\/dmsjuridica.com\/buscador_20179478954\/salapenalcronologico20230723\/wp-json\/wp\/v2\/media?parent=30449"}],"wp:term":[{"taxonomy":"category","embeddable":true,"href":"https:\/\/dmsjuridica.com\/buscador_20179478954\/salapenalcronologico20230723\/wp-json\/wp\/v2\/categories?post=30449"},{"taxonomy":"post_tag","embeddable":true,"href":"https:\/\/dmsjuridica.com\/buscador_20179478954\/salapenalcronologico20230723\/wp-json\/wp\/v2\/tags?post=30449"}],"curies":[{"name":"wp","href":"https:\/\/api.w.org\/{rel}","templated":true}]}}