{"id":30398,"date":"2023-09-13T17:31:45","date_gmt":"2023-09-13T17:31:45","guid":{"rendered":"https:\/\/dmsjuridica.com\/buscador_20179478954\/salapenalcronologico20230723\/2023\/09\/13\/ap1093-201543328\/"},"modified":"2023-09-13T17:31:45","modified_gmt":"2023-09-13T17:31:45","slug":"ap1093-201543328","status":"publish","type":"post","link":"https:\/\/dmsjuridica.com\/buscador_20179478954\/salapenalcronologico20230723\/2023\/09\/13\/ap1093-201543328\/","title":{"rendered":"AP1093-2015(43328)"},"content":{"rendered":"\n<p>\u00a0 \u00a0 CORTE SUPREMA DE JUSTICIA \u00a0<\/p>\n<p>SALA DE CASACI\u00d3N PENAL \u00a0<\/p>\n<p>LUIS GUILLERMO SALAZAR OTERO \u00a0<\/p>\n<p>Magistrado Ponente \u00a0<\/p>\n<p>AP1093-2015 \u00a0<\/p>\n<p>Radicaci\u00f3n n\u00b0 43328 \u00a0<\/p>\n<p>(Aprobado \u00a0 Acta \u00a0No.90) \u00a0\u00a0<\/p>\n<p>Bogot\u00e1 \u00a0D.C., cuatro (4) de marzo de dos mil \u00a0quince (2015). \u00a0\u00a0<\/p>\n<p>ASUNTO \u00a0<\/p>\n<p>Se pronuncia la Sala de oficio, sobre el error \u00a0presentado \u00a0en \u00a0la \u00a0parte resolutiva del auto de febrero 25 de 2015, mediante la \u00a0cual \u00a0se \u00a0decide \u00a0la \u00a0inadmisi\u00f3n de las demandas\u00a0 de casaci\u00f3n presentadas \u00a0por el representante de la v\u00edctima y la fiscal\u00eda. \u00a0\u00a0<\/p>\n<p>ANTECEDENTES \u00a0<\/p>\n<p>En \u00a0la \u00a0decisi\u00f3n \u00a0emitida \u00a0el \u00a0pasado 25 de \u00a0febrero, \u00a0la \u00a0Sala\u00a0 declara inamisible la demanda de casaci\u00f3n \u201cpresentada \u00a0 por \u00a0 el \u00a0defensor \u00a0contractual \u00a0de \u00a0ANTONIO \u00a0\u00c1VILA \u00a0PARRA\u201d. \u00a0\u00a0<\/p>\n<p>En \u00a0la \u00a0citada \u00a0providencia \u00a0tanto \u00a0en \u00a0los \u00a0fundamentos \u00a0de \u00a0la \u00a0impugnaci\u00f3n \u00a0como \u00a0en sus consideraciones, aparece que las \u00a0demandas \u00a0de casaci\u00f3n en este asunto fueron presentadas por el representante de \u00a0las \u00a0v\u00edctimas \u00a0y la Fiscal\u00eda General de la Naci\u00f3n, las que son inadmitidas en \u00a0raz\u00f3n \u00a0a las falencias\u00a0 de t\u00e9cnica presentadas por cada una de ellas, sin \u00a0que \u00a0la \u00a0Corte \u00a0dispusiera \u00a0su \u00a0tr\u00e1mite \u00a0con \u00a0fundamento \u00a0en \u00a0el inciso 3\u00ba del \u00a0art\u00edculo \u00a0184 \u00a0de la ley 906 de 2004, al no vislumbrar violaci\u00f3n de garant\u00edas \u00a0fundamentales de los intervinientes. \u00a0\u00a0<\/p>\n<p>CONSIDERACIONES \u00a0<\/p>\n<p>Toda \u00a0providencia judicial es susceptible de \u00a0correcci\u00f3n \u00a0en \u00a0cualquier \u00a0tiempo \u00a0por el juez que la dict\u00f3, cuando en ella se \u00a0incurra \u00a0en \u00a0error \u00a0puramente \u00a0aritm\u00e9tico, \u00a0en \u00a0equivocaciones contenidas en su \u00a0parte \u00a0resolutiva \u00a0o que influyan en ella,\u00a0 debidas a omisiones, cambios de \u00a0palabras \u00a0o \u00a0alteraciones \u00a0de \u00e9stas, conforme a lo previsto en el art\u00edculo 310 \u00a0del \u00a0C\u00f3digo \u00a0de \u00a0Procedimiento Civil aplicable a este caso por integraci\u00f3n, de \u00a0acuerdo con lo previsto en el art\u00edculo 25 de la Ley 906 de 2004. \u00a0\u00a0<\/p>\n<p>En este asunto, se trata del error advertido \u00a0en \u00a0su parte resolutiva que inadmite la demanda de casaci\u00f3n presentada a nombre \u00a0de \u00a0ANTONIO AVILA PARRA, en tanto que en su motivaci\u00f3n siempre se refiere a las \u00a0demandas \u00a0presentadas \u00a0por \u00a0el \u00a0representante \u00a0de \u00a0las \u00a0v\u00edctimas y la Fiscal\u00eda \u00a0General de la Naci\u00f3n. \u00a0\u00a0<\/p>\n<p>Cumpli\u00e9ndose \u00a0 los \u00a0 presupuestos \u00a0de \u00a0la \u00a0disposici\u00f3n \u00a0legal \u00a0citada, es procedente hacer la pertinente correcci\u00f3n, pues \u00a0la \u00a0misma \u00a0puede \u00a0hacerse \u00a0en \u00a0cualquier \u00a0momento \u00a0por \u00a0la \u00a0Sala, \u00a0al \u00a0recaer la \u00a0equivocaci\u00f3n \u00a0 \u00a0en \u00a0 \u00a0la \u00a0 \u00a0parte \u00a0 inicial \u00a0 de \u00a0 la \u00a0 resolutiva \u00a0 de \u00a0 dicha \u00a0decisi\u00f3n. \u00a0\u00a0<\/p>\n<p>En \u00a0m\u00e9rito de lo expuesto, la CORTE SUPREMA DE JUSTICIA, Sala de Casaci\u00f3n Penal, \u00a0\u00a0<\/p>\n<p>R E S U E L V E \u00a0<\/p>\n<p>Corregir \u00a0la \u00a0parte inicial de la resolutiva \u00a0del \u00a0auto de febrero 25 de 2015, para en su lugar declarar la inadmisi\u00f3n de las \u00a0demandas \u00a0de \u00a0casaci\u00f3n \u00a0presentadas \u00a0por el representante de las v\u00edctimas y la \u00a0Fiscal\u00eda General de la Naci\u00f3n. \u00a0\u00a0<\/p>\n<p>Notif\u00edquese y c\u00famplase \u00a0\u00a0<\/p>\n<p>JOS\u00c9 LUIS BARCEL\u00d3 CAMACHO \u00a0<\/p>\n<p>JOS\u00c9 LEONIDAS BUSTOS MART\u00cdNEZ \u00a0<\/p>\n<p>FERNANDO ALBERTO CASTRO CABALLERO \u00a0<\/p>\n<p>EUGENIO FERN\u00c1NDEZ CARLIER \u00a0<\/p>\n<p>MAR\u00cdA DEL ROSARIO GONZ\u00c1LEZ MU\u00d1OZ \u00a0<\/p>\n<p>GUSTAVO ENRIQUE MALO FERN\u00c1NDEZ \u00a0<\/p>\n<p>EYDER PATI\u00d1O CABRERA \u00a0<\/p>\n<p>PATRICIA SALAZAR CUELLAR \u00a0<\/p>\n<p>LUIS GUILLERMO SALAZAR OTERO \u00a0<\/p>\n<p>NUBIA YOLANDA NOVA GARC\u00cdA \u00a0<\/p>\n<p>Secretaria \u00a0<\/p>\n<p>\u00a0 \u00a0\u00a0<\/p>\n<p><\/p>\n","protected":false},"excerpt":{"rendered":"<p>\u00a0 \u00a0 CORTE SUPREMA DE JUSTICIA \u00a0 SALA DE CASACI\u00d3N PENAL \u00a0 LUIS GUILLERMO SALAZAR OTERO \u00a0 Magistrado Ponente \u00a0 AP1093-2015 \u00a0 Radicaci\u00f3n n\u00b0 43328 \u00a0 (Aprobado \u00a0 Acta \u00a0No.90) \u00a0\u00a0 Bogot\u00e1 \u00a0D.C., cuatro (4) de marzo de dos mil \u00a0quince (2015). \u00a0\u00a0 ASUNTO \u00a0 Se pronuncia la Sala de oficio, sobre el error \u00a0presentado [&hellip;]<\/p>\n","protected":false},"author":1,"featured_media":0,"comment_status":"open","ping_status":"open","sticky":false,"template":"","format":"standard","meta":{"footnotes":""},"categories":[23],"tags":[],"class_list":["post-30398","post","type-post","status-publish","format-standard","hentry","category-23"],"_links":{"self":[{"href":"https:\/\/dmsjuridica.com\/buscador_20179478954\/salapenalcronologico20230723\/wp-json\/wp\/v2\/posts\/30398","targetHints":{"allow":["GET"]}}],"collection":[{"href":"https:\/\/dmsjuridica.com\/buscador_20179478954\/salapenalcronologico20230723\/wp-json\/wp\/v2\/posts"}],"about":[{"href":"https:\/\/dmsjuridica.com\/buscador_20179478954\/salapenalcronologico20230723\/wp-json\/wp\/v2\/types\/post"}],"author":[{"embeddable":true,"href":"https:\/\/dmsjuridica.com\/buscador_20179478954\/salapenalcronologico20230723\/wp-json\/wp\/v2\/users\/1"}],"replies":[{"embeddable":true,"href":"https:\/\/dmsjuridica.com\/buscador_20179478954\/salapenalcronologico20230723\/wp-json\/wp\/v2\/comments?post=30398"}],"version-history":[{"count":0,"href":"https:\/\/dmsjuridica.com\/buscador_20179478954\/salapenalcronologico20230723\/wp-json\/wp\/v2\/posts\/30398\/revisions"}],"wp:attachment":[{"href":"https:\/\/dmsjuridica.com\/buscador_20179478954\/salapenalcronologico20230723\/wp-json\/wp\/v2\/media?parent=30398"}],"wp:term":[{"taxonomy":"category","embeddable":true,"href":"https:\/\/dmsjuridica.com\/buscador_20179478954\/salapenalcronologico20230723\/wp-json\/wp\/v2\/categories?post=30398"},{"taxonomy":"post_tag","embeddable":true,"href":"https:\/\/dmsjuridica.com\/buscador_20179478954\/salapenalcronologico20230723\/wp-json\/wp\/v2\/tags?post=30398"}],"curies":[{"name":"wp","href":"https:\/\/api.w.org\/{rel}","templated":true}]}}