{"id":30348,"date":"2023-09-13T17:31:42","date_gmt":"2023-09-13T17:31:42","guid":{"rendered":"https:\/\/dmsjuridica.com\/buscador_20179478954\/salapenalcronologico20230723\/2023\/09\/13\/ap065-201545134\/"},"modified":"2023-09-13T17:31:42","modified_gmt":"2023-09-13T17:31:42","slug":"ap065-201545134","status":"publish","type":"post","link":"https:\/\/dmsjuridica.com\/buscador_20179478954\/salapenalcronologico20230723\/2023\/09\/13\/ap065-201545134\/","title":{"rendered":"AP065-2015(45134)"},"content":{"rendered":"\n<p>\u00a0 \u00a0 CORTE SUPREMA DE JUSTICIA \u00a0<\/p>\n<p>SALA DE CASACI\u00d3N PENAL \u00a0<\/p>\n<p>LUIS GUILLERMO SALAZAR OTERO \u00a0<\/p>\n<p>Magistrado ponente \u00a0<\/p>\n<p>AP065-2015 \u00a0<\/p>\n<p>Radicaci\u00f3n n\u00b0 45134 \u00a0<\/p>\n<p>(Aprobado Acta No. 8) \u00a0<\/p>\n<p>\u00a0 \u00a0\u00a0 \u00a0\u00a0 \u00a0\u00a0Bogot\u00e1, \u00a0 D.C., \u00a0 veinte \u00a0 (20) \u00a0 de \u00a0 enero \u00a0de \u00a0dos \u00a0mil \u00a0quince \u00a0(2015) \u00a0\u00a0<\/p>\n<p>ASUNTO \u00a0<\/p>\n<p>La Sala define el funcionario competente para \u00a0realizar \u00a0 la \u00a0audiencia \u00a0de \u00a0formulaci\u00f3n \u00a0de \u00a0acusaci\u00f3n \u00a0dentro \u00a0del \u00a0proceso \u00a0adelantado \u00a0contra \u00a0Daniel \u00a0Rend\u00f3n \u00a0Herrera \u00a0y Jos\u00e9 \u00a0Higinio \u00a0 \u00a0Arroyo \u00a0 Ojeda \u00a0 por \u00a0 los \u00a0 delitos \u00a0 de \u00a0desplazamiento \u00a0forzado; \u00a0extorsi\u00f3n \u00a0agravada; \u00a0homicidio \u00a0agravado en concurso \u00a0homog\u00e9neo; \u00a0fabricaci\u00f3n, \u00a0tr\u00e1fico, \u00a0porte \u00a0o \u00a0tenencia \u00a0de \u00a0armas \u00a0de \u00a0fuego, \u00a0accesorios, \u00a0partes \u00a0o \u00a0municiones \u00a0y \u00a0concierto \u00a0para delinquir, acorde con los \u00a0planteamientos \u00a0propuestos \u00a0por el Juez Primero Penal del Circuito Especializado \u00a0con funciones de conocimiento de Cundinamarca. \u00a0\u00a0<\/p>\n<p>ANTECEDENTES \u00a0<\/p>\n<p>De \u00a0conformidad \u00a0con \u00a0lo \u00a0consignado \u00a0en el \u00a0escrito \u00a0de acusaci\u00f3n, los hechos que dieron origen a \u00a0la \u00a0 actuaci\u00f3n \u00a0procesal \u00a0indican \u00a0que \u00a0el \u00a04 \u00a0de \u00a0noviembre \u00a0de \u00a02008, \u00a0el \u00a0ciudadano Nilson Antonio Ramos \u00a0Montes, \u00a0 propietario \u00a0 de \u00a0 una \u00a0 finca \u00a0de \u00a0catorce \u00a0hect\u00e1reas \u00a0ubicada \u00a0en el \u00a0corregimiento \u00a0 \u201cTierra \u00a0dentro\u201d del municipio de \u00a0Monte \u00a0 L\u00edbano, \u00a0 departamento \u00a0de \u00a0C\u00f3rdoba, \u00a0 \u00a0 donde \u00a0 \u00a0ten\u00eda \u00a0 ganado, \u00a0 cultivos \u00a0 de \u00a0 pl\u00e1tano, \u00a0ma\u00edz, \u00a0yuca y arroz; y una porqueriza, fue convocado \u00a0mediante \u00a0 amenazas \u00a0 con \u00a0 arma \u00a0 de \u00a0 fuego \u00a0 tipo \u00a0pistola\u00a0 \u00a0por \u00a0hombres que segu\u00edan instrucciones \u00a0de \u00a0alias \u00a0\u201cDon Mario\u201d, \u00a0para que abandonara la propiedad. \u00a0\u00a0<\/p>\n<p>De \u00a0igual \u00a0manera \u00a0los \u00a0familiares de Ramos \u00a0Montes \u00a0 fueron \u00a0 amenazados \u00a0y \u00a0obligados \u00a0a \u00a0abandonar \u00a0la \u00a0regi\u00f3n, \u00a0quienes fueron alojados en albergues \u00a0oficiales \u00a0en Montel\u00edbano, \u00a0Cartagena y Bogot\u00e1. \u00a0\u00a0<\/p>\n<p>De \u00a0 \u00a0otra \u00a0 parte, \u00a0 Jos\u00e9 \u00a0 \u00a0Manuel \u00a0 \u00a0Ramos \u00a0 \u00a0Montes, \u00a0 \u00a0hermano \u00a0 \u00a0de \u00a0 Nilson \u00a0 Antonio, \u00a0recibi\u00f3 \u00a0 \u00a0m\u00faltiples \u00a0amenazas \u00a0por \u00a0parte \u00a0de \u00a0integrantes del grupo armado ilegal, concretamente por \u00a0personas \u00a0 que \u00a0 se \u00a0 hac\u00edan \u00a0 conocer \u00a0como \u00a0jefes \u00a0financieros \u00a0 \u00a0de \u00a0 \u00a0la \u00a0 \u00a0organizaci\u00f3n \u00a0liderada \u00a0por \u00a0Rend\u00f3n \u00a0Herrera en el \u00a0departamento de C\u00f3rdoba. \u00a0\u00a0<\/p>\n<p>Adicionalmente, el \u00a017 \u00a0de \u00a0febrero \u00a0de 2009 fue \u00a0asesinado \u00a0Jos\u00e9 \u00a0Manuel \u00a0Ramos Montes y su mayordomo \u00a0Jader \u00a0 Iv\u00e1n \u00a0Tamayo \u00a0\u00c1lvarez \u00a0en \u00a0el corregimiento \u00a0\u201cTierra \u00a0 dentro\u201d, \u00a0 \u00a0municipio \u00a0 \u00a0de \u00a0 \u00a0Monte \u00a0L\u00edbano, \u00a0 \u00a0 departamento \u00a0 \u00a0de \u00a0 \u00a0C\u00f3rdoba, \u00a0hechos \u00a0atribuidos a la banda conocida como \u201cAutodefensas \u00a0gaitanistas, los urabe\u00f1os, \u00a0o \u00a0las \u00a0\u00e1guilas \u00a0negras, \u00a0liderada \u00a0por Daniel \u00a0 Rend\u00f3n \u00a0Herrera, \u00a0alias \u201cDon Mario\u201d. \u00a0\u00a0<\/p>\n<p>Por \u00a0 los \u00a0anteriores \u00a0hechos, \u00a0 en \u00a0 el \u00a0Juzgado \u00a079 \u00a0Penal \u00a0Municipal \u00a0con \u00a0funciones de Control de Garant\u00edas \u00a0 \u00a0 de \u00a0 \u00a0 Bogot\u00e1 \u00a0 \u00a0se \u00a0 \u00a0 \u00a0 realiz\u00f3 \u00a0 \u00a0 \u00a0audiencia \u00a0preliminar de legalizaci\u00f3n de \u00a0captura, \u00a0imposici\u00f3n \u00a0de \u00a0medida \u00a0de aseguramiento y \u00a0formulaci\u00f3n de imputaci\u00f3n \u00a0en \u00a0contra de Daniel Rend\u00f3n \u00a0Herrera \u00a0y \u00a0Jos\u00e9 \u00a0Higinio \u00a0Arroyo \u00a0Ojeda, \u00a0diligencia \u00a0llevada a efecto el 25 de marzo de 2014. \u00a0\u00a0<\/p>\n<p>El \u00a030 \u00a0de \u00a0octubre \u00a0de \u00a02014 \u00a0fue radicado \u00a0escrito \u00a0de \u00a0acusaci\u00f3n \u00a0en \u00a0contra \u00a0de \u00a0Daniel \u00a0 \u00a0 Rend\u00f3n \u00a0 \u00a0 Herrera \u00a0 \u00a0y \u00a0Jos\u00e9 \u00a0 \u00a0 Higinio \u00a0 \u00a0 Arroyo \u00a0 \u00a0Ojeda, \u00a0cuyo \u00a0conocimiento \u00a0correspondi\u00f3 al \u00a0Juzgado \u00a0Primero \u00a0Penal \u00a0del \u00a0Circuito \u00a0Especializado \u00a0 \u00a0 \u00a0 \u00a0 \u00a0 \u00a0 de \u00a0Cundinamarca. \u00a0\u00a0<\/p>\n<p>Iniciada \u00a0la correspondiente audiencia, el \u00a0Juzgador \u00a0manifest\u00f3 que \u00a0no \u00a0 cuenta \u00a0 con \u00a0 competencia \u00a0 para \u00a0 asumir \u00a0 el \u00a0conocimiento \u00a0del \u00a0asunto por el factor territorial, toda vez que de conformidad \u00a0con \u00a0el \u00a0recuento f\u00e1ctico de los acontecimientos, se \u00a0concluye \u00a0que \u00a0los \u00a0hechos \u00a0ocurrieron \u00a0en \u00a0el \u00a0departamento \u00a0de C\u00f3rdoba, \u00a0concretamente \u00a0en \u00a0el \u00a0corregimiento \u00a0Tierra \u00a0Dentro \u00a0 \u00a0 del \u00a0 \u00a0municipio de Montel\u00edbano. \u00a0\u00a0<\/p>\n<p>En atenci\u00f3n al \u00a0anterior \u00a0planteamiento, \u00a0remiti\u00f3 las diligencias a \u00a0la \u00a0Corte, \u00a0en \u00a0orden a que se defina el funcionario competente para conocer del \u00a0tr\u00e1mite. \u00a0\u00a0<\/p>\n<p>CONSIDERACIONES \u00a0<\/p>\n<p>1.\u00a0 Al tenor \u00a0de \u00a0lo \u00a0dispuesto en el art\u00edculo 32, numeral 4, de la Ley 906 de 2004, la Corte \u00a0Suprema \u00a0de \u00a0Justicia \u00a0es \u00a0competente para conocer el asunto\u00a0 planteado, en \u00a0raz\u00f3n \u00a0a \u00a0que \u00a0es \u00a0de \u00a0su \u00a0resorte \u00a0definir \u00a0la manifestaci\u00f3n de incompetencia \u00a0proveniente \u00a0de \u00a0un \u00a0despacho \u00a0judicial, \u00a0cuando se se\u00f1ala como competente a un \u00a0juzgado \u00a0que pertenece a otro distrito judicial, conforme sucede con el presente \u00a0asunto. \u00a0\u00a0<\/p>\n<p>2. \u00a0 \u00a0 \u00a0\u00a0 \u00a0\u00a0Como lo ha reiterado la Sala en diversas \u00a0oportunidades, \u00a0la \u00a0definici\u00f3n \u00a0de \u00a0competencia \u00a0es el mecanismo previsto en el \u00a0ordenamiento \u00a0jur\u00eddico \u00a0para \u00a0que, \u00a0en \u00a0caso \u00a0de \u00a0duda, \u00a0se \u00a0precise \u00a0de manera \u00a0perentoria \u00a0y \u00a0definitiva, \u00a0cu\u00e1l \u00a0de \u00a0los \u00a0distintos jueces o magistrados es el \u00a0llamado \u00a0a \u00a0conocer \u00a0de \u00a0la \u00a0fase \u00a0procesal del juzgamiento, o de ocuparse de un \u00a0tr\u00e1mite determinado. \u00a0\u00a0<\/p>\n<p>El art\u00edculo 54 del Estatuto Procesal Penal \u00a0de \u00a02004 \u00a0regula \u00a0el \u00a0tr\u00e1mite \u00a0del \u00a0incidente \u00a0de \u00a0definici\u00f3n \u00a0de \u00a0competencia \u00a0se\u00f1alando \u00a0que \u00a0\u201c\u2026cuando el juez ante el cual se \u00a0haya \u00a0presentado \u00a0la acusaci\u00f3n manifieste su incompetencia, as\u00ed lo har\u00e1 saber \u00a0a \u00a0las \u00a0partes \u00a0en \u00a0la \u00a0misma \u00a0audiencia y remitir\u00e1 el asunto inmediatamente al \u00a0funcionario \u00a0que \u00a0deba definirla, quien en el t\u00e9rmino improrrogable de tres (3) \u00a0d\u00edas \u00a0decidir\u00e1 \u00a0de \u00a0plano. Igual procedimiento se aplicar\u00e1 cuando se trate de \u00a0lo \u00a0previsto \u00a0en \u00a0el \u00a0art\u00edculo 286 de este c\u00f3digo y cuando la incompetencia la \u00a0proponga la defensa\u2026\u201d. \u00a0\u00a0<\/p>\n<p>A \u00a0su \u00a0vez, \u00a0el \u00a0art\u00edculo \u00a043 \u00a0 \u00a0 del \u00a0 \u00a0mismo \u00a0 \u00a0ordenamiento \u00a0 \u00a0jur\u00eddico, \u00a0 \u00a0en \u00a0relaci\u00f3n con el juez competente para adelantar el Juzgamiento, \u00a0 \u00a0 dispone: \u00a0<\/p>\n<p>\u201c\u2026Es \u00a0competente \u00a0para \u00a0conocer \u00a0del \u00a0juzgamiento \u00a0el juez del lugar donde ocurri\u00f3 el \u00a0delito. \u00a0\u00a0<\/p>\n<p>\u00a0 \u00a0 \u00a0 \u00a0\u00a0 \u00a0\u00a0Cuando \u00a0no fuere posible determinar el \u00a0lugar \u00a0de \u00a0ocurrencia del hecho, este se hubiere realizado en varios lugares, en \u00a0uno \u00a0incierto \u00a0o \u00a0en \u00a0el \u00a0extranjero, la competencia del juez de conocimiento se \u00a0fija \u00a0por el lugar donde se formule acusaci\u00f3n por parte de la Fiscal\u00eda General \u00a0de \u00a0la Naci\u00f3n, lo cual har\u00e1 donde se encuentren los elementos fundamentales de \u00a0la acusaci\u00f3n. \u00a0\u00a0<\/p>\n<p>\u00a0 \u00a0<\/p>\n<p>Las \u00a0 partes \u00a0 podr\u00e1n \u00a0controvertir \u00a0la \u00a0competencia \u00a0 del \u00a0 juez \u00a0 \u00fanicamente \u00a0 en \u00a0 audiencia \u00a0 de \u00a0 formulaci\u00f3n \u00a0 de \u00a0acusaci\u00f3n. \u00a0\u00a0<\/p>\n<p>\u201c[\u2026]\u201d \u00a0<\/p>\n<p>As\u00ed \u00a0 \u00a0las \u00a0 \u00a0cosas, \u00a0 \u00a0frente \u00a0 \u00a0 \u00a0a \u00a0 \u00a0 la \u00a0 \u00a0 situaci\u00f3n \u00a0 \u00a0 planteada, \u00a0 \u00a0 corresponde \u00a0determinar \u00a0en \u00a0qu\u00e9 lugar \u00a0del \u00a0territorio \u00a0nacional \u00a0tuvieron \u00a0lugar \u00a0los \u00a0hechos \u00a0que \u00a0se atribuyen a los \u00a0imputados, \u00a0y \u00a0de \u00a0esta \u00a0forma \u00a0establecer \u00a0cu\u00e1l es el despacho judicial al que \u00a0corresponde continuar con el conocimiento del asunto. \u00a0\u00a0<\/p>\n<p>Seg\u00fan se desprende del relato de los hechos \u00a0contenido \u00a0en el acta correspondiente a la diligencia de imputaci\u00f3n de cargos y \u00a0en \u00a0el \u00a0escrito \u00a0de \u00a0acusaci\u00f3n, \u00a0se observa que la totalidad de comportamientos \u00a0delictivos \u00a0 atribuidos \u00a0 a \u00a0los \u00a0imputados, \u00a0esto \u00a0es \u00a0desplazamiento \u00a0forzado; \u00a0extorsi\u00f3n \u00a0agravada; \u00a0homicidio \u00a0agravado en concurso homog\u00e9neo; fabricaci\u00f3n, \u00a0tr\u00e1fico, \u00a0porte o tenencia de armas de fuego, accesorios, partes o municiones y \u00a0concierto \u00a0para delinquir, tuvieron ocurrencia en jurisdicci\u00f3n del departamento \u00a0de \u00a0C\u00f3rdoba, \u00a0espec\u00edficamente \u00a0en el corregimiento Tierra Dentro del municipio \u00a0de \u00a0Montel\u00edbano, \u00a0toda \u00a0vez \u00a0que \u00a0fue \u00a0all\u00ed donde se realizaron las amenazas y \u00a0exigencias \u00a0 il\u00edcitas, \u00a0 de \u00a0dicho \u00a0sitio \u00a0fueron \u00a0obligadas \u00a0las \u00a0v\u00edctimas \u00a0a \u00a0desplazarse, \u00a0al \u00a0tiempo \u00a0que \u00a0el \u00a0homicidio \u00a0de \u00a0Jos\u00e9 Manuel Ramos Montes y su \u00a0mayordomo \u00a0 Jader \u00a0 Iv\u00e1n \u00a0 Tamayo \u00a0 \u00c1lvarez \u00a0 tuvo \u00a0 lugar \u00a0en \u00a0el \u00a0mencionado \u00a0corregimiento. \u00a0\u00a0<\/p>\n<p>De \u00a0otra \u00a0parte, no puede perderse de vista \u00a0que \u00a0para \u00a0el \u00a0caso \u00a0del punible de concierto para delinquir, el epicentro de la \u00a0organizaci\u00f3n delictiva se encuentra en el mencionado departamento. \u00a0\u00a0<\/p>\n<p>Es evidente que si acorde con lo preceptuado \u00a0en \u00a0el \u00a0art\u00edculo \u00a014 \u00a0de \u00a0la \u00a0Ley \u00a0599 \u00a0de 2000, el delito se entiende cometido \u00a0\u201c\u2026donde \u00a0se \u00a0desarroll\u00f3 total o parcialmente la \u00a0acci\u00f3n \u00a0o \u00a0donde \u00a0se \u00a0produjo \u00a0o \u00a0debi\u00f3 \u00a0producirse \u00a0el \u00a0resultado\u2026\u201d, \u00a0no \u00a0hay \u00a0duda que en este caso \u00a0los \u00a0punibles \u00a0tuvieron \u00a0lugar \u00a0en jurisdicci\u00f3n del departamento de C\u00f3rdoba y, \u00a0por \u00a0 tanto, \u00a0es \u00a0al \u00a0Juez \u00a0correspondiente \u00a0a \u00a0ese \u00a0Distrito \u00a0Judicial \u00a0al \u00a0que \u00a0corresponde adelantar el juzgamiento en esta oportunidad. \u00a0\u00a0<\/p>\n<p>Acorde \u00a0 con \u00a0lo \u00a0anotado, \u00a0se \u00a0dispondr\u00e1 \u00a0remitir la actuaci\u00f3n al Juzgado Penal del Circuito \u00a0Especializado \u00a0 con \u00a0 funciones \u00a0 de \u00a0conocimiento \u00a0de \u00a0Monter\u00eda, \u00a0para \u00a0 que \u00a0 contin\u00fae \u00a0 con \u00a0 la \u00a0audiencia \u00a0de \u00a0formulaci\u00f3n \u00a0de \u00a0acusaci\u00f3n. \u00a0\u00a0<\/p>\n<p>En m\u00e9rito de lo expuesto, la Corte Suprema \u00a0de Justicia, Sala de Casaci\u00f3n Penal, \u00a0\u00a0<\/p>\n<p>RESUELVE \u00a0<\/p>\n<p>1. \u00a0 \u00a0 \u00a0\u00a0 \u00a0\u00a0DECLARAR \u00a0que \u00a0el \u00a0conocimiento \u00a0para \u00a0conocer \u00a0de este asunto corresponde al Juzgado Penal del \u00a0Circuito \u00a0Especializado con funciones de conocimiento de Monter\u00eda (C\u00f3rdoba), a \u00a0donde se remitir\u00e1 el mismo. \u00a0\u00a0<\/p>\n<p>\u00a0 \u00a0\u00a0 \u00a0\u00a0 \u00a0\u00a02. \u00a0 \u00a0 \u00a0\u00a0 \u00a0 \u00a0 \u00a0 \u00a0 \u00a0 \u00a0 \u00a0\u00a0Enviar \u00a0copia \u00a0del \u00a0presente auto al \u00a0Juzgado \u00a0Primero Penal del Circuito Especializado con funciones \u00a0de conocimiento de Cundinamarca, para su informaci\u00f3n. \u00a0\u00a0<\/p>\n<p>Contra \u00a0esta \u00a0decisi\u00f3n \u00a0no procede recurso \u00a0alguno. \u00a0\u00a0<\/p>\n<p>Comun\u00edquese y c\u00famplase, \u00a0<\/p>\n<p>FERNANDO ALBERTO CASTRO CABALLERO \u00a0<\/p>\n<p>JOS\u00c9 LUIS BARCEL\u00d3 CAMACHO \u00a0<\/p>\n<p>JOS\u00c9 LEONIDAS BUSTOS MART\u00cdNEZ \u00a0<\/p>\n<p>EUGENIO FERN\u00c1NDEZ CARLIER \u00a0<\/p>\n<p>MAR\u00cdA DEL ROSARIO GONZ\u00c1LEZ M. \u00a0<\/p>\n<p>GUSTAVO ENRIQUE MALO FERN\u00c1NDEZ \u00a0<\/p>\n<p>EYDER PATI\u00d1O CABRERA \u00a0<\/p>\n<p>PATRICIA SALAZAR CUELLAR \u00a0<\/p>\n<p>LUIS GUILLERMO SALAZAR OTERO \u00a0<\/p>\n<p>Nubia Yolanda Nova Garc\u00eda \u00a0<\/p>\n<p>Secretaria \u00a0 \u00a0<\/p>\n<p><\/p>\n","protected":false},"excerpt":{"rendered":"<p>\u00a0 \u00a0 CORTE SUPREMA DE JUSTICIA \u00a0 SALA DE CASACI\u00d3N PENAL \u00a0 LUIS GUILLERMO SALAZAR OTERO \u00a0 Magistrado ponente \u00a0 AP065-2015 \u00a0 Radicaci\u00f3n n\u00b0 45134 \u00a0 (Aprobado Acta No. 8) \u00a0 \u00a0 \u00a0\u00a0 \u00a0\u00a0 \u00a0\u00a0Bogot\u00e1, \u00a0 D.C., \u00a0 veinte \u00a0 (20) \u00a0 de \u00a0 enero \u00a0de \u00a0dos \u00a0mil \u00a0quince \u00a0(2015) \u00a0\u00a0 ASUNTO \u00a0 La Sala [&hellip;]<\/p>\n","protected":false},"author":1,"featured_media":0,"comment_status":"open","ping_status":"open","sticky":false,"template":"","format":"standard","meta":{"footnotes":""},"categories":[23],"tags":[],"class_list":["post-30348","post","type-post","status-publish","format-standard","hentry","category-23"],"_links":{"self":[{"href":"https:\/\/dmsjuridica.com\/buscador_20179478954\/salapenalcronologico20230723\/wp-json\/wp\/v2\/posts\/30348","targetHints":{"allow":["GET"]}}],"collection":[{"href":"https:\/\/dmsjuridica.com\/buscador_20179478954\/salapenalcronologico20230723\/wp-json\/wp\/v2\/posts"}],"about":[{"href":"https:\/\/dmsjuridica.com\/buscador_20179478954\/salapenalcronologico20230723\/wp-json\/wp\/v2\/types\/post"}],"author":[{"embeddable":true,"href":"https:\/\/dmsjuridica.com\/buscador_20179478954\/salapenalcronologico20230723\/wp-json\/wp\/v2\/users\/1"}],"replies":[{"embeddable":true,"href":"https:\/\/dmsjuridica.com\/buscador_20179478954\/salapenalcronologico20230723\/wp-json\/wp\/v2\/comments?post=30348"}],"version-history":[{"count":0,"href":"https:\/\/dmsjuridica.com\/buscador_20179478954\/salapenalcronologico20230723\/wp-json\/wp\/v2\/posts\/30348\/revisions"}],"wp:attachment":[{"href":"https:\/\/dmsjuridica.com\/buscador_20179478954\/salapenalcronologico20230723\/wp-json\/wp\/v2\/media?parent=30348"}],"wp:term":[{"taxonomy":"category","embeddable":true,"href":"https:\/\/dmsjuridica.com\/buscador_20179478954\/salapenalcronologico20230723\/wp-json\/wp\/v2\/categories?post=30348"},{"taxonomy":"post_tag","embeddable":true,"href":"https:\/\/dmsjuridica.com\/buscador_20179478954\/salapenalcronologico20230723\/wp-json\/wp\/v2\/tags?post=30348"}],"curies":[{"name":"wp","href":"https:\/\/api.w.org\/{rel}","templated":true}]}}