{"id":30295,"date":"2023-09-13T17:31:39","date_gmt":"2023-09-13T17:31:39","guid":{"rendered":"https:\/\/dmsjuridica.com\/buscador_20179478954\/salapenalcronologico20230723\/2023\/09\/13\/ahp4344-201546538\/"},"modified":"2023-09-13T17:31:39","modified_gmt":"2023-09-13T17:31:39","slug":"ahp4344-201546538","status":"publish","type":"post","link":"https:\/\/dmsjuridica.com\/buscador_20179478954\/salapenalcronologico20230723\/2023\/09\/13\/ahp4344-201546538\/","title":{"rendered":"AHP4344-2015(46538)"},"content":{"rendered":"\n<p>\u00a0 \u00a0 CORTE SUPREMA DE JUSTICIA \u00a0<\/p>\n<p>SALA DE CASACI\u00d3N PENAL \u00a0<\/p>\n<p>Eyder \u00a0 \u00a0Pati\u00f1o \u00a0Cabrera \u00a0\u00a0<\/p>\n<p>Magistrado \u00a0Ponente \u00a0\u00a0<\/p>\n<p>AHP4344-2015 \u00a0<\/p>\n<p>Radicaci\u00f3n N\u00b0 46.538 \u00a0<\/p>\n<p>Bogot\u00e1, D.C., cinco (5) de agosto de dos mil \u00a0quince (2015). \u00a0\u00a0<\/p>\n<p>MOTIVO DE LA DECISI\u00d3N \u00a0<\/p>\n<p>El \u00a0 Despacho \u00a0 resuelve \u00a0la \u00a0impugnaci\u00f3n \u00a0interpuesta \u00a0por \u00a0el \u00a0abogado \u00a0Jhonatan \u00a0\u00c1ndres \u00a0Granados Palacios, en favor de \u00a0Juan \u00a0Pablo Sanabria Espa\u00f1a, \u00a0frente \u00a0a \u00a0la \u00a0providencia \u00a0del \u00a026 \u00a0de \u00a0julio \u00a0de 2015, por medio de la cual un \u00a0Magistrado \u00a0 de \u00a0la \u00a0Sala \u00a0Penal \u00a0del \u00a0Tribunal \u00a0Superior \u00a0de \u00a0Bogot\u00e1 \u00a0declar\u00f3 \u00a0improcedente \u00a0la \u00a0acci\u00f3n de habeas corpus promovida contra la URI de Engativ\u00e1. \u00a0\u00a0<\/p>\n<p>ANTECEDENTES \u00a0<\/p>\n<p>\u00a0 \u00a0 \u00a0 \u00a0 \u00a0<\/p>\n<p>Fueron \u00a0 resumidos \u00a0 por \u00a0el \u00a0A \u00a0 quo \u00a0en \u00a0los \u00a0siguientes \u00a0t\u00e9rminos: \u00a0\u00a0<\/p>\n<p>(\u2026) Narra el accionante que, fue capturado \u00a0el \u00a023 de junio de 2015 en el aeropuerto internacional El Dorado de esta ciudad, \u00a0por \u00a0existir \u00a0una \u00a0orden \u00a0de \u00a0captura \u00a0vigente \u00a0proferida \u00a0por \u00a0la Fiscal\u00eda 6\u00aa \u00a0Especializada \u00a0de \u00a0la \u00a0ciudad de Ibagu\u00e9, dictada dentro de la causa 237.303 por \u00a0el delito de homicidio en persona protegida en concurso homog\u00e9neo. \u00a0\u00a0<\/p>\n<p>Una \u00a0vez \u00a0privado de la libertad, a\u00f1adi\u00f3, \u00a0fue \u00a0trasladado \u00a0a la Unidad de Reacci\u00f3n Inmediata de Engativ\u00e1, lugar donde la \u00a0Fiscal\u00eda \u00a0de \u00a0turno \u00a0realiz\u00f3 \u00a0la \u00a0enteraci\u00f3n \u00a0de \u00a0la \u00a0medida de aseguramiento \u00a0dictada \u00a0por \u00a0la \u00a0autoridad de Ibagu\u00e9, misma que envi\u00f3 la boleta de traslado a \u00a0la \u00a0c\u00e1rcel \u00a0La \u00a0Modelo \u00a0de \u00a0esta \u00a0ciudad; \u00a0no \u00a0obstante, \u00a0afirm\u00f3, \u00a0debido a la \u00a0incapacidad \u00a0del \u00a0centro \u00a0penitenciario \u00a0para \u00a0recibirlo, \u00a0dicha orden nunca fue \u00a0cumplida, \u00a0por \u00a0lo \u00a0que \u00a0a\u00fan \u00a0se \u00a0encuentra \u00a0privado \u00a0de \u00a0su \u00a0libertad \u00a0en \u00a0las \u00a0instalaciones de la URI de Engativ\u00e1. \u00a0\u00a0<\/p>\n<p>Se\u00f1al\u00f3 que, mediante auto del 24 de junio \u00a0de \u00a02015, \u00a0el \u00a0Fiscal \u00a06\u00b0 \u00a0Especializado \u00a0de \u00a0Ibagu\u00e9, profiri\u00f3 resoluci\u00f3n de \u00a0preclusi\u00f3n \u00a0a \u00a0favor \u00a0de \u00a0JUAN \u00a0PABLO \u00a0SANABRIA \u00a0ESPA\u00d1A, como probable coautor \u00a0responsable \u00a0del \u00a0delito \u00a0de \u00a0homicidio en persona protegida, raz\u00f3n por la cual \u00a0orden\u00f3 el archivo definitivo de las diligencias. \u00a0\u00a0<\/p>\n<p>Como \u00a0consecuencia \u00a0de \u00a0la \u00a0decisi\u00f3n \u00a0de \u00a0preclusi\u00f3n, \u00a0agreg\u00f3, \u00a0fue \u00a0emitido \u00a0despacho \u00a0comisorio al director del Centro \u00a0Carcelario \u00a0La \u00a0Modelo, \u00a0o al Coordinador de Unidad Seccional de Fiscal\u00eda de la \u00a0URI \u00a0de \u00a0Engativ\u00e1, con el fin de notificar personalmente la decisi\u00f3n, y librar \u00a0la respectiva boleta de libertad. \u00a0\u00a0<\/p>\n<p>Finalmente \u00a0asegur\u00f3 \u00a0que, \u00a0al \u00a0apoderado \u00a0judicial \u00a0del \u00a0accionante, \u00a0radic\u00f3 \u00a0ante \u00a0la \u00a0Unidad \u00a0de Reacci\u00f3n Inmediata el \u00a0referido \u00a0despacho \u00a0comisorio; \u00a0no obstante, a la fecha no se ha cumplido con la \u00a0orden de libertad. \u00a0\u00a0<\/p>\n<p>LA RESPUESTA \u00a0<\/p>\n<p>Mediante \u00a0escrito \u00a0recibido \u00a0v\u00eda \u00a0fax, \u00a0la \u00a0Fiscal\u00eda \u00a0209 \u00a0de \u00a0la \u00a0Unidad \u00a0de \u00a0Reacci\u00f3n \u00a0Inmediata \u00a0de Engativ\u00e1, inform\u00f3 \u00a0que\u00a0 \u00a0 Juan \u00a0Pablo \u00a0Sanabria \u00a0Espa\u00f1a \u00a0fue \u00a0puesto \u00a0en \u00a0libertad desde el 25 de julio de 2015 por mandato \u00a0contenido \u00a0en \u00a0el \u00a0despacho \u00a0comisorio n\u00famero 996, enviado por la Fiscal\u00eda 6\u00aa \u00a0Especializada de Ibagu\u00e9.\u00a0 \u00a0\u00a0<\/p>\n<p>LA PROVIDENCIA RECURRIDA \u00a0<\/p>\n<p>El \u00a0Magistrado de la Sala Penal del Tribunal \u00a0Superior \u00a0de \u00a0Bogot\u00e1, \u00a0luego de corroborar que la demora en la materializaci\u00f3n \u00a0de \u00a0la \u00a0boleta \u00a0de \u00a0libertad se debi\u00f3 por el tr\u00e1mite irregular dado a la misma \u00a0por \u00a0el \u00a0Fiscal \u00a06\u00b0 \u00a0Especializado \u00a0de \u00a0Ibagu\u00e9, \u00a0al \u00a0remitirla \u00a0a \u00a0trav\u00e9s del \u00a0apoderado \u00a0del \u00a0encartado \u00a0en \u00a0vez \u00a0de \u00a0hacerlo \u00a0por conducto de las autoridades \u00a0judiciales \u00a0 \u00a0en \u00a0 \u00a0Bogot\u00e1, \u00a0 neg\u00f3 \u00a0 el \u00a0 amparo \u00a0 por \u00a0 cuanto \u00a0 Sanabria \u00a0Espa\u00f1a se encontraba en libertad \u00a0desde el 25 de julio 2015. \u00a0\u00a0<\/p>\n<p>De \u00a0otra parte, compuls\u00f3 copias con destino \u00a0al \u00a0Consejo \u00a0Seccional \u00a0de \u00a0la \u00a0Judicatura \u00a0de Ibagu\u00e9 para que se investigue la \u00a0actuaci\u00f3n del Fiscal. \u00a0\u00a0<\/p>\n<p>LA IMPUGNACI\u00d3N \u00a0<\/p>\n<p>A \u00a0 cargo \u00a0 del \u00a0 apoderado \u00a0 judicial \u00a0de \u00a0Juan \u00a0Pablo \u00a0Sanabria Espa\u00f1a \u00a0quien \u00a0cuestiona \u00a0la \u00a0posici\u00f3n \u00a0de la URI de Engativ\u00e1 de no haber tramitado la \u00a0orden \u00a0de \u00a0libertad \u00a0desde \u00a0las \u00a0horas \u00a0de la madrugada del 25 de julio de 2015, \u00a0cuando \u00a0trat\u00f3 \u00a0de \u00a0radicar \u00a0el \u00a0despacho \u00a0comisorio \u00a0emitido \u00a0por el Fiscal 6\u00b0 \u00a0Especializado \u00a0de \u00a0Ibagu\u00e9, \u00a0lo \u00a0cual \u00a0estima, \u00a0conllev\u00f3 \u00a0a \u00a0una \u00a0prolongaci\u00f3n \u00a0il\u00edcita de su prohijado. \u00a0\u00a0<\/p>\n<p>CONSIDERACIONES \u00a0<\/p>\n<p>1. \u00a0De \u00a0conformidad \u00a0con \u00a0el numeral 2\u00b0 del \u00a0art\u00edculo \u00a07\u00b0 \u00a0de \u00a0la \u00a0Ley \u00a01095 \u00a0de \u00a02006, \u00a0la \u00a0competencia \u00a0para \u00a0resolver la \u00a0impugnaci\u00f3n \u00a0 propuesta \u00a0 radica, \u00a0 no \u00a0en \u00a0la \u00a0Sala \u00a0de \u00a0Decisi\u00f3n, \u00a0sino \u00a0en: \u00a0\u00a0<\/p>\n<p>\u00abuno \u00a0de los magistrados integrantes de la \u00a0Corporaci\u00f3n&#8230; \u00a0Cada \u00a0uno de los integrantes de la Corporaci\u00f3n se tendr\u00e1 como \u00a0juez individual\u00bb. \u00a0\u00a0<\/p>\n<p>\u00a0 \u00a0 \u00a0 \u00a0 \u00a0<\/p>\n<p>2. Como garant\u00eda de la inviolabilidad de la \u00a0libertad \u00a0personal, \u00a0la \u00a0acci\u00f3n de habeas \u00a0corpus \u00a0est\u00e1 \u00a0destinada \u00a0a \u00a0los \u00a0eventos \u00a0en los que i) la \u00a0persona \u00a0es privada de libertad con violaci\u00f3n de las garant\u00edas \u00a0constitucionales \u00a0 o \u00a0 legales, \u00a0 y \u00a0 ii) \u00a0cuando \u00a0la \u00a0privaci\u00f3n \u00a0de la locomoci\u00f3n se prolonga ilegalmente. \u00a0\u00a0<\/p>\n<p>\u00a0 \u00a0\u00a0 \u00a0\u00a0 \u00a0\u00a0 2.1. Juan Pablo \u00a0Sanabria \u00a0Espa\u00f1a fue privado de la libertad en virtud \u00a0de \u00a0una \u00a0orden \u00a0de \u00a0captura \u00a0que se registraba en su contra por la Fiscal\u00eda 6\u00aa \u00a0Especializada \u00a0de \u00a0Ibagu\u00e9 \u00a0por la presunta comisi\u00f3n del delito de homicidio en \u00a0persona \u00a0protegida, \u00a0la \u00a0cual \u00a0se encontraba vigente para el 23 de junio de 2015 \u00a0fecha \u00a0donde se realiz\u00f3 su detenci\u00f3n en el Aeropuerto El Dorado, por lo que su \u00a0privaci\u00f3n de locomoci\u00f3n est\u00e1 investida de legalidad. \u00a0\u00a0<\/p>\n<p>Ahora, \u00a0como \u00a0el \u00a0punto \u00a0en discusi\u00f3n no se \u00a0ubica \u00a0en \u00a0el \u00a0acto que dio origen a esa restricci\u00f3n, lo debatido es, entonces, \u00a0la \u00a0probable prolongaci\u00f3n de ella por fuera del t\u00e9rmino establecido en la ley. \u00a0\u00a0<\/p>\n<p>Por \u00a0 ese \u00a0motivo, \u00a0el \u00a0actor \u00a0se \u00a0muestra \u00a0inconforme \u00a0porque \u00a0la \u00a0URI \u00a0de \u00a0Engativ\u00e1 \u00a0no \u00a0brind\u00f3 oportuno cumplimiento al \u00a0despacho \u00a0comisorio \u00a0emitido \u00a0por la Fiscal\u00eda referida en el cual se dispone la \u00a0libertad \u00a0de \u00a0su prohijado por preclusi\u00f3n de la investigaci\u00f3n adelantada en su \u00a0contra. \u00a0\u00a0<\/p>\n<p>Al respecto, se observa que en el mismo d\u00eda \u00a0en \u00a0que \u00a0el \u00a0apoderado del encartado quiso radicar el despacho comisorio ante la \u00a0URI \u00a0 de \u00a0 Engativ\u00e1, \u00a0 esto \u00a0 es, \u00a0 el \u00a0 25 \u00a0de \u00a0julio \u00a0de \u00a02015, \u00a0Juan \u00a0Pablo \u00a0Sanabria Espa\u00f1a fue puesto en \u00a0libertad a partir de las 8:45 de la noche. \u00a0\u00a0<\/p>\n<p>De manera que, una vez superada la situaci\u00f3n \u00a0aducida \u00a0como \u00a0presupuesto \u00a0para la obtenci\u00f3n de la libertad, tal circunstancia \u00a0hace \u00a0ineficaz \u00a0la \u00a0impugnaci\u00f3n que ahora se resuelve, en la medida que resulta \u00a0innecesario \u00a0pronunciamiento alguno sobre la prolongaci\u00f3n ilegal de su libertad \u00a0cuando se encuentra gozando de ella. \u00a0\u00a0<\/p>\n<p>Por \u00a0las \u00a0anteriores \u00a0consideraciones, \u00a0se \u00a0ratificar\u00e1 la decisi\u00f3n apelada. \u00a0\u00a0<\/p>\n<p>En \u00a0virtud \u00a0de \u00a0lo \u00a0expuesto, \u00a0el \u00a0suscrito \u00a0Magistrado \u00a0de \u00a0la \u00a0Sala \u00a0de \u00a0Casaci\u00f3n \u00a0Penal \u00a0de la Corte Suprema de Justicia, \u00a0\u00a0<\/p>\n<p>RESUELVE \u00a0<\/p>\n<p>Primero. Confirmar \u00a0la providencia impugnada. \u00a0\u00a0<\/p>\n<p>Segundo. Contra esta \u00a0decisi\u00f3n no procede recurso alguno. \u00a0\u00a0<\/p>\n<p>Notif\u00edquese, \u00a0 \u00a0 \u00a0devu\u00e9lvase \u00a0 \u00a0 \u00a0y \u00a0c\u00famplase. \u00a0\u00a0<\/p>\n<p>Eyder \u00a0Pati\u00f1o \u00a0Cabrera \u00a0\u00a0<\/p>\n<p>Magistrado \u00a0\u00a0<\/p>\n<p>Nubia Yolanda Nova Garc\u00eda \u00a0<\/p>\n<p>Secretaria \u00a0\u00a0<\/p>\n<p>\u00a0 \u00a0\u00a0<\/p>\n<p><\/p>\n","protected":false},"excerpt":{"rendered":"<p>\u00a0 \u00a0 CORTE SUPREMA DE JUSTICIA \u00a0 SALA DE CASACI\u00d3N PENAL \u00a0 Eyder \u00a0 \u00a0Pati\u00f1o \u00a0Cabrera \u00a0\u00a0 Magistrado \u00a0Ponente \u00a0\u00a0 AHP4344-2015 \u00a0 Radicaci\u00f3n N\u00b0 46.538 \u00a0 Bogot\u00e1, D.C., cinco (5) de agosto de dos mil \u00a0quince (2015). \u00a0\u00a0 MOTIVO DE LA DECISI\u00d3N \u00a0 El \u00a0 Despacho \u00a0 resuelve \u00a0la \u00a0impugnaci\u00f3n \u00a0interpuesta \u00a0por \u00a0el \u00a0abogado \u00a0Jhonatan [&hellip;]<\/p>\n","protected":false},"author":1,"featured_media":0,"comment_status":"open","ping_status":"open","sticky":false,"template":"","format":"standard","meta":{"footnotes":""},"categories":[23],"tags":[],"class_list":["post-30295","post","type-post","status-publish","format-standard","hentry","category-23"],"_links":{"self":[{"href":"https:\/\/dmsjuridica.com\/buscador_20179478954\/salapenalcronologico20230723\/wp-json\/wp\/v2\/posts\/30295","targetHints":{"allow":["GET"]}}],"collection":[{"href":"https:\/\/dmsjuridica.com\/buscador_20179478954\/salapenalcronologico20230723\/wp-json\/wp\/v2\/posts"}],"about":[{"href":"https:\/\/dmsjuridica.com\/buscador_20179478954\/salapenalcronologico20230723\/wp-json\/wp\/v2\/types\/post"}],"author":[{"embeddable":true,"href":"https:\/\/dmsjuridica.com\/buscador_20179478954\/salapenalcronologico20230723\/wp-json\/wp\/v2\/users\/1"}],"replies":[{"embeddable":true,"href":"https:\/\/dmsjuridica.com\/buscador_20179478954\/salapenalcronologico20230723\/wp-json\/wp\/v2\/comments?post=30295"}],"version-history":[{"count":0,"href":"https:\/\/dmsjuridica.com\/buscador_20179478954\/salapenalcronologico20230723\/wp-json\/wp\/v2\/posts\/30295\/revisions"}],"wp:attachment":[{"href":"https:\/\/dmsjuridica.com\/buscador_20179478954\/salapenalcronologico20230723\/wp-json\/wp\/v2\/media?parent=30295"}],"wp:term":[{"taxonomy":"category","embeddable":true,"href":"https:\/\/dmsjuridica.com\/buscador_20179478954\/salapenalcronologico20230723\/wp-json\/wp\/v2\/categories?post=30295"},{"taxonomy":"post_tag","embeddable":true,"href":"https:\/\/dmsjuridica.com\/buscador_20179478954\/salapenalcronologico20230723\/wp-json\/wp\/v2\/tags?post=30295"}],"curies":[{"name":"wp","href":"https:\/\/api.w.org\/{rel}","templated":true}]}}