{"id":30080,"date":"2023-09-13T14:23:24","date_gmt":"2023-09-13T14:23:24","guid":{"rendered":"https:\/\/dmsjuridica.com\/buscador_20179478954\/salapenalcronologico20230723\/2023\/09\/13\/sp1644-201441730\/"},"modified":"2023-09-13T14:23:24","modified_gmt":"2023-09-13T14:23:24","slug":"sp1644-201441730","status":"publish","type":"post","link":"https:\/\/dmsjuridica.com\/buscador_20179478954\/salapenalcronologico20230723\/2023\/09\/13\/sp1644-201441730\/","title":{"rendered":"SP1644-2014(41730)"},"content":{"rendered":"\n<p>\u00a0 \u00a0 CORTE SUPREMA DE JUSTICIA \u00a0<\/p>\n<p>SALA DE CASACI\u00d3N PENAL \u00a0<\/p>\n<p>EYDER PATI\u00d1O CABRERA \u00a0<\/p>\n<p>Magistrado ponente \u00a0<\/p>\n<p>SP1644-2014 \u00a0<\/p>\n<p>Radicaci\u00f3n N\u00b0 41.730 \u00a0<\/p>\n<p>(Aprobado \u00a0Acta No. \u00a040) \u00a0\u00a0<\/p>\n<p>Bogot\u00e1 D.C., doce (12) de febrero de dos mil \u00a0catorce (2014). \u00a0\u00a0<\/p>\n<p>MOTIVO DE LA DECISI\u00d3N \u00a0<\/p>\n<p>La \u00a0Corte procede a emitir fallo de fondo, de \u00a0acuerdo \u00a0con \u00a0lo \u00a0advertido \u00a0en \u00a0el \u00a0auto que inadmiti\u00f3 la demanda de casaci\u00f3n \u00a0presentada \u00a0 por \u00a0 el \u00a0defensor \u00a0de \u00a0Cristian \u00a0Andr\u00e9s \u00a0S\u00e1nchez \u00a0 Rivera \u00a0 y \u00a0Julio \u00a0C\u00e9sar \u00a0S\u00e1nchez \u00a0Rivera \u00a0frente \u00a0a \u00a0la \u00a0sentencia \u00a0de \u00a0segunda \u00a0instancia \u00a0proferida \u00a0el \u00a022 \u00a0de \u00a0abril \u00a0de \u00a02013 por la Sala Penal del \u00a0Tribunal \u00a0Superior \u00a0de \u00a0Buga, \u00a0que \u00a0confirm\u00f3 \u00a0la impartida el 11 de febrero del \u00a0mismo \u00a0a\u00f1o \u00a0por \u00a0el \u00a0Juzgado \u00a0Primero \u00a0Penal \u00a0del \u00a0Circuito \u00a0con \u00a0funciones \u00a0de \u00a0conocimiento \u00a0 \u00a0 \u00a0 \u00a0 \u00a0 de \u00a0 \u00a0 \u00a0 \u00a0 \u00a0 Palmira1 \u00a0y los conden\u00f3, en calidad de \u00a0autor y coautor, respectivamente, del delito de \u00a0 \u00a0fabricaci\u00f3n, \u00a0tr\u00e1fico, \u00a0porte o tenencia de armas de fuego, \u00a0accesorios, partes o municiones. \u00a0\u00a0<\/p>\n<p>HECHOS Y ACTUACI\u00d3N\u00a0 PROCESAL \u00a0<\/p>\n<p>1. \u00a0En horas de la noche del 29 de febrero de \u00a02012, \u00a0miembros de la Polic\u00eda de Carreteras ubicaron un puesto de control sobre \u00a0el \u00a0kil\u00f3metro \u00a041 \u00a0de \u00a0la \u00a0v\u00eda \u00a0que \u00a0de \u00a0Villarica \u00a0conduce \u00a0a \u00a0Palmira, en el \u00a0corregimiento El Polo. \u00a0\u00a0<\/p>\n<p>A eso de las 22:40 horas, los uniformados que \u00a0se \u00a0encontraban \u00a0en \u00a0el lugar, le hicieron se\u00f1al de pare a los ocupantes de una \u00a0motocicleta \u00a0que \u00a0se \u00a0desplazaba \u00a0a \u00a0alta \u00a0velocidad, \u00a0requerimiento \u00a0que no fue \u00a0atendido \u00a0 por \u00a0 aquellos, \u00a0 por \u00a0 lo \u00a0 que \u00a0 se \u00a0 emprendi\u00f3 \u00a0 la \u00a0persecuci\u00f3n \u00a0correspondiente. \u00a0\u00a0<\/p>\n<p>Uno \u00a0de los patrulleros, Yeysen Yeins Correa \u00a0Alzate, \u00a0conductor \u00a0de \u00a0una \u00a0de \u00a0las \u00a0motocicletas \u00a0que \u00a0se dio a la caza de los \u00a0evadidos, \u00a0observ\u00f3 \u00a0cuando \u00a0el \u00a0parrillero \u00a0de \u00a0la \u00a0moto \u00a0que hu\u00eda, arroj\u00f3 un \u00a0paquete \u00a0hacia \u00a0la orilla derecha de la v\u00eda, que result\u00f3 ser un arma de fuego, \u00a0tipo \u00a0pistola, \u00a0calibre \u00a07.65, marca CZ, n\u00famero externo 014815, con proveedor y \u00a015 cartuchos. \u00a0\u00a0<\/p>\n<p>A \u00a0continuaci\u00f3n, \u00a0los fugados: Cristian \u00a0 Andr\u00e9s \u00a0 S\u00e1nchez \u00a0 Rivera \u00a0 y \u00a0Julio \u00a0C\u00e9sar S\u00e1nchez Rivera \u00a0fueron \u00a0interceptados \u00a0por \u00a0los polic\u00edas que los segu\u00edan y al ser interrogados \u00a0sobre \u00a0el \u00a0permiso de autoridad competente respectivo, negaron tenerlo. Adem\u00e1s, \u00a0presentaron \u00a0una \u00a0licencia \u00a0de \u00a0conducci\u00f3n \u00a0que, de acuerdo con un an\u00e1lisis de \u00a0perito document\u00f3logo, result\u00f3 ser espuria. \u00a0\u00a0<\/p>\n<p>2. El 1\u00ba de marzo siguiente, ante el Juzgado \u00a0Segundo \u00a0Penal \u00a0Municipal \u00a0con funciones de control de garant\u00edas de Palmira, se \u00a0legaliz\u00f3 \u00a0 la \u00a0 captura \u00a0 de \u00a0los \u00a0hermanos \u00a0S\u00e1nchez \u00a0Rivera, \u00a0oportunidad en la que la Fiscal 151 Seccional \u00a0de \u00a0dicha \u00a0ciudad \u00a0les \u00a0imput\u00f3 \u00a0los \u00a0delitos de fabricaci\u00f3n, tr\u00e1fico, porte o \u00a0tenencia \u00a0de \u00a0armas de fuego, accesorios, partes o municiones y uso de documento \u00a0p\u00fablico \u00a0 falso. \u00a0En \u00a0esta \u00a0audiencia \u00a0concentrada \u00a0se \u00a0les \u00a0impuso \u00a0medida \u00a0de \u00a0aseguramiento \u00a0 \u00a0 \u00a0de \u00a0 \u00a0 \u00a0detenci\u00f3n \u00a0 \u00a0 \u00a0preventiva \u00a0 \u00a0 en \u00a0 \u00a0 establecimiento \u00a0carcelario2. \u00a0\u00a0<\/p>\n<p>3. \u00a0El \u00a017 \u00a0de \u00a0mayo \u00a0de \u00a0dicha anualidad se \u00a0present\u00f3 \u00a0el \u00a0escrito \u00a0de \u00a0acusaci\u00f3n \u00a0contra \u00a0los referidos procesados, en los \u00a0mismos \u00a0 t\u00e9rminos \u00a0 de \u00a0la \u00a0imputaci\u00f3n \u00a0(art\u00edculos \u00a0365 \u00a0y \u00a0291 \u00a0del \u00a0C\u00f3digo \u00a0Penal)3. \u00a0\u00a0<\/p>\n<p>4. \u00a0Ante \u00a0el Juez Primero Penal del Circuito \u00a0con \u00a0funciones \u00a0de \u00a0conocimiento de ese lugar, el 17 de julio siguiente, el ente \u00a0acusador \u00a0 \u00a0 \u00a0 formul\u00f3 \u00a0 \u00a0 \u00a0la \u00a0 \u00a0 \u00a0acusaci\u00f3n4. \u00a0\u00a0<\/p>\n<p>5. El 10 de septiembre de ese a\u00f1o, se llev\u00f3 \u00a0a \u00a0 \u00a0 cabo \u00a0 \u00a0 la \u00a0 \u00a0 audiencia \u00a0 \u00a0 preparatoria5 y el juicio oral se surti\u00f3 en \u00a0dos \u00a0 sesiones \u00a0 (16 \u00a0 de \u00a0noviembre \u00a0 \u00a0 \u00a0 \u00a0 \u00a0 \u00a0 de \u00a0 \u00a0 \u00a0 \u00a0 \u00a0 \u00a0 20126 y 17 \u00a0de \u00a0 \u00a0 enero \u00a0 \u00a0 \u00a0 \u00a0 \u00a0de \u00a0 \u00a0 \u00a0 \u00a0 \u00a020137), \u00a0al \u00a0cabo \u00a0de \u00a0las cuales se \u00a0emiti\u00f3 \u00a0sentido del fallo condenatorio por el delito de fabricaci\u00f3n, tr\u00e1fico, \u00a0porte \u00a0o \u00a0tenencia \u00a0de \u00a0armas \u00a0de \u00a0fuego, \u00a0accesorios, \u00a0partes \u00a0o \u00a0municiones \u00a0y \u00a0absolutorio por el de uso de documento p\u00fablico falso. \u00a0\u00a0<\/p>\n<p>6. \u00a0El \u00a011 \u00a0de \u00a0febrero \u00a0de 2013, el Juez de \u00a0conocimiento \u00a0conden\u00f3 \u00a0a \u00a0Cristian \u00a0Andr\u00e9s \u00a0S\u00e1nchez \u00a0Rivera \u00a0 y \u00a0 Julio \u00a0C\u00e9sar \u00a0S\u00e1nchez \u00a0Rivera \u00a0a \u00a0la \u00a0pena principal de ciento ocho \u00a0(108) \u00a0meses \u00a0de \u00a0prisi\u00f3n y a las accesorias de inhabilitaci\u00f3n en el ejercicio \u00a0de \u00a0derechos \u00a0y \u00a0funciones \u00a0p\u00fablicas \u00a0y \u00a0privaci\u00f3n del derecho a la tenencia y \u00a0porte \u00a0de \u00a0arma, \u00a0por \u00a0el \u00a0mismo \u00a0lapso de la sanci\u00f3n privativa de la libertad. \u00a0Tambi\u00e9n, \u00a0les neg\u00f3 la suspensi\u00f3n condicional de la ejecuci\u00f3n de la pena y la \u00a0prisi\u00f3n \u00a0 \u00a0 \u00a0 \u00a0 \u00a0 \u00a0 \u00a0 \u00a0 domiciliaria8. \u00a0\u00a0<\/p>\n<p>Igualmente, los absolvi\u00f3 del injusto de uso \u00a0de documento p\u00fablico falso. \u00a0\u00a0<\/p>\n<p>7. \u00a0La \u00a0sentencia, \u00a0apelada \u00a0por \u00a0la defensa \u00a0t\u00e9cnica, \u00a0fue \u00a0confirmada \u00a0por \u00a0la Sala Penal del Tribunal Superior de Buga, en \u00a0fallo \u00a0 \u00a0del \u00a0 \u00a016 \u00a0 \u00a0de \u00a0 \u00a0diciembre \u00a0 \u00a0de \u00a0 20139. \u00a0\u00a0<\/p>\n<p>8. \u00a0Dentro \u00a0de \u00a0la \u00a0oportunidad \u00a0legal, \u00a0el \u00a0defensor \u00a0 \u00a0 \u00a0 \u00a0 \u00a0 \u00a0 \u00a0 \u00a0 \u00a0interpuso10 \u00a0 y \u00a0 sustent\u00f311 \u00a0el recurso \u00a0extraordinario de casaci\u00f3n. \u00a0\u00a0<\/p>\n<p>9. Mediante auto del pasado 11 de diciembre, \u00a0la \u00a0Sala \u00a0de Casaci\u00f3n Penal inadmiti\u00f3 la demanda correspondiente y dispuso que \u00a0en \u00a0firme \u00a0esa \u00a0decisi\u00f3n \u00a0y \u00a0cumplido \u00a0el tr\u00e1mite de insistencia, regresara el \u00a0expediente \u00a0al \u00a0despacho \u00a0del \u00a0Magistrado \u00a0Ponente \u00a0para \u00a0emitir pronunciamiento \u00a0oficioso \u00a0 \u00a0 acerca \u00a0 \u00a0 de \u00a0 \u00a0 la \u00a0 \u00a0posible \u00a0 \u00a0vulneraci\u00f3n \u00a0 \u00a0de \u00a0 \u00a0garant\u00edas \u00a0fundamentales. \u00a0\u00a0<\/p>\n<p>CONSIDERACIONES \u00a0<\/p>\n<p>Inadmitida \u00a0la \u00a0demanda \u00a0promovida \u00a0por \u00a0la \u00a0defensa \u00a0t\u00e9cnica \u00a0y vencido en silencio el t\u00e9rmino para agotar el mecanismo de \u00a0insistencia, \u00a0la \u00a0Corte se centrar\u00e1 exclusivamente en el tema enunciado en auto \u00a0del \u00a011 \u00a0de \u00a0diciembre de 2013, esto es, en verificar si al dosificar la pena de \u00a0privaci\u00f3n \u00a0del \u00a0derecho \u00a0a la tenencia y porte de arma, impuesta a Cristian \u00a0 Andr\u00e9s \u00a0 S\u00e1nchez \u00a0 Rivera \u00a0 y \u00a0Julio C\u00e9sar S\u00e1nchez Rivera, \u00a0el Tribunal ignor\u00f3 el sistema dosim\u00e9trico de cuartos. \u00a0\u00a0<\/p>\n<p>En \u00a0efecto, \u00a0advierte \u00a0la \u00a0Sala \u00a0que, \u00a0tras \u00a0recordar \u00a0que, la conducta de los procesados \u00abpuso en \u00a0riesgo \u00a0el \u00a0derecho \u00a0jur\u00eddicamente tutelado de seguridad p\u00fablica al impedir la \u00a0intervenci\u00f3n \u00a0y \u00a0el control de las autoridades competentes respecto al porte de \u00a0armas\u00bb12, \u00a0el \u00a0Juez Primero Penal del \u00a0Circuito \u00a0con \u00a0funciones \u00a0de \u00a0conocimiento de Palmira tas\u00f3 la referida sanci\u00f3n \u00a0accesoria \u00a0en \u00a0108 \u00a0meses, \u00a0es \u00a0decir, \u00a0por \u00a0el \u00a0mismo \u00a0t\u00e9rmino \u00a0de la sanci\u00f3n \u00a0aflictiva \u00a0de \u00a0la \u00a0libertad, \u00a0lo que desconoce los lineamientos del canon 61 del \u00a0mismo Estatuto Sustantivo, como pasa a verse. \u00a0\u00a0<\/p>\n<p>En verdad, de acuerdo con dicha norma una vez \u00a0establecidos \u00a0los \u00a0m\u00ednimos \u00a0y m\u00e1ximos en que se ha de mover el juzgador, \u00e9ste \u00a0est\u00e1 \u00a0obligado a dividir el \u00e1mbito punitivo de movilidad previsto en la ley en \u00a0cuatro \u00a0cuartos, para luego, seleccionar el que en cada caso corresponde, seg\u00fan \u00a0no \u00a0existan \u00a0atenuantes \u00a0y \u00a0agravantes o concurran \u00fanicamente circunstancias de \u00a0atenuaci\u00f3n \u00a0punitiva (m\u00ednimo), coexistan causales de agravaci\u00f3n y atenuaci\u00f3n \u00a0(medios) \u00a0 \u00a0o \u00a0 \u00a0solamente \u00a0 \u00a0se \u00a0 \u00a0perciban \u00a0 circunstancias \u00a0 de \u00a0 agravaci\u00f3n \u00a0(m\u00e1ximo). \u00a0\u00a0<\/p>\n<p>Una vez identificado el cuadrante respectivo, \u00a0el \u00a0fallador \u00a0debe \u00a0imponer \u00a0la \u00a0pena \u00a0a \u00a0la \u00a0que haya lugar atendiendo, para el \u00a0efecto, \u00a0\u00abla mayor o menor \u00a0gravedad \u00a0de la conducta, el da\u00f1o real o potencial creado, la naturaleza de las \u00a0causales \u00a0que \u00a0agraven \u00a0o \u00a0aten\u00faen \u00a0la \u00a0punibilidad, la intensidad del dolo, la \u00a0preterintenci\u00f3n \u00a0o \u00a0la \u00a0culpa \u00a0concurrentes, la necesidad de pena y la funci\u00f3n \u00a0que \u00a0 \u00a0 ella \u00a0 \u00a0 ha \u00a0 \u00a0de \u00a0 \u00a0cumplir \u00a0 \u00a0en \u00a0 \u00a0el \u00a0 \u00a0caso \u00a0 \u00a0concreto\u00bb. \u00a0\u00a0<\/p>\n<p>En \u00a0el \u00a0caso \u00a0de la especie, se tiene que el \u00a0inciso \u00a0sexto \u00a0del \u00a0art\u00edculo \u00a051 de la Ley 599 de 2000 determina que la pena de \u00a0privaci\u00f3n \u00a0del \u00a0derecho \u00a0a \u00a0la tenencia y porte de arma durar\u00e1 entre uno (1) y \u00a0quince \u00a0(15) a\u00f1os de prisi\u00f3n, o lo que es lo mismo, doce (12) y ciento ochenta \u00a0(180) meses. \u00a0\u00a0<\/p>\n<p>Esto, significa que, los cuartos de movilidad \u00a0son los que siguen: \u00a0\u00a0<\/p>\n<p>Primero13 \u00a0\u00a0 \u00a0 \u00a0 \u00a0 \u00a0 \u00a0<\/p>\n<p>Segundo \u00a0\u00a0 \u00a0 \u00a0 \u00a0 \u00a0 \u00a0<\/p>\n<p>Tercero \u00a0\u00a0 \u00a0 \u00a0 \u00a0 \u00a0 \u00a0<\/p>\n<p>Cuarto \u00a0<\/p>\n<p>12 m.-54 m. \u00a0\u00a0 \u00a0 \u00a0 \u00a0 \u00a0 \u00a0<\/p>\n<p>54 m. 1 d.\u201396 m. \u00a0\u00a0 \u00a0 \u00a0 \u00a0 \u00a0 \u00a0<\/p>\n<p>96 m. 1 d.\u2013138 m. \u00a0\u00a0 \u00a0 \u00a0 \u00a0 \u00a0 \u00a0<\/p>\n<p>138 \u00a0 m. \u00a0 1 \u00a0 d. \u00a0\u2013 180 m. \u00a0<\/p>\n<p>Tal \u00a0como \u00a0ocurri\u00f3 \u00a0cuando \u00a0el sentenciador \u00a0dosific\u00f3 \u00a0la \u00a0pena de prisi\u00f3n, para tasar la sanci\u00f3n accesoria que nos ocupa, \u00a0deb\u00eda \u00a0ubicarse en el cuadrante m\u00ednimo -12 a 54 meses- habida cuenta que no se \u00a0dedujeron circunstancias de mayor o menor punibilidad. \u00a0\u00a0<\/p>\n<p>En \u00a0cambio, \u00a0se instal\u00f3 en el tercer cuarto \u00a0\u2013o segundo medio- e impuso \u00a0la \u00a0pena \u00a0de \u00a0108 \u00a0meses, desbordando con suficiencia, el margen punitivo en que \u00a0ten\u00eda \u00a0que \u00a0moverse \u00a0siendo \u00a0que, \u00a0se \u00a0insiste, le era imperioso situarse en el \u00a0primer rango. \u00a0\u00a0<\/p>\n<p>Ahora, debido a que, el par\u00e1metro utilizado \u00a0por \u00a0 \u00a0 el \u00a0 \u00a0 juez \u00a0 \u00a0 unipersonal \u00a0 \u00a0 para \u00a0 \u00a0determinar \u00a0 \u00a0el \u00a0 \u00a0quantum \u00a0 de \u00a0 la \u00a0 sanci\u00f3n \u00a0 accesoria \u00a0examinada, \u00a0consisti\u00f3 en escoger el m\u00ednimo de la pena de prisi\u00f3n (108 meses), \u00a0la \u00a0Corte \u00a0tambi\u00e9n \u00a0seleccionar\u00e1 \u00a0el extremo inferior de la pena de privaci\u00f3n \u00a0del \u00a0derecho \u00a0a \u00a0la \u00a0tenencia \u00a0y \u00a0porte \u00a0de \u00a0arma, \u00a0que \u00a0equivale \u00a0a un (1) a\u00f1o \u00a0\u2013doce \u00a0(12) meses-.\u00a0 \u00a0\u00a0<\/p>\n<p>Este es pues, el tiempo que deber\u00e1 descontar \u00a0el \u00a0sentenciado por raz\u00f3n de la privaci\u00f3n del derecho a la tenencia y porte de \u00a0arma. \u00a0\u00a0<\/p>\n<p>En \u00a0lo \u00a0dem\u00e1s, el fallo de segundo grado se \u00a0mantiene inc\u00f3lume. \u00a0\u00a0<\/p>\n<p>En \u00a0m\u00e9rito \u00a0de \u00a0lo \u00a0expuesto, \u00a0la \u00a0Sala \u00a0de \u00a0Casaci\u00f3n \u00a0Penal \u00a0de \u00a0la \u00a0Corte \u00a0Suprema \u00a0de Justicia, administrando justicia en \u00a0nombre de la Rep\u00fablica y por autoridad de la ley, \u00a0\u00a0<\/p>\n<p>RESUELVE \u00a0<\/p>\n<p>Primero. \u00a0Casar \u00a0oficiosa \u00a0y \u00a0parcialmente \u00a0la \u00a0sentencia proferida por la Sala Penal del Tribunal \u00a0Superior \u00a0de \u00a0Buga, el 22 de abril de 2013, en el sentido de fijar la pena de un \u00a0(1) \u00a0a\u00f1o \u2013doce (12) meses- \u00a0de \u00a0privaci\u00f3n \u00a0del \u00a0derecho \u00a0a \u00a0la \u00a0tenencia \u00a0y porte de arma para Cristian \u00a0 \u00a0 \u00a0 Andr\u00e9s \u00a0 \u00a0 \u00a0 S\u00e1nchez \u00a0 \u00a0 \u00a0 Rivera \u00a0 \u00a0 \u00a0y Julio C\u00e9sar S\u00e1nchez Rivera. \u00a0En lo dem\u00e1s, \u00a0se mantiene inc\u00f3lume. \u00a0\u00a0<\/p>\n<p>Segundo. Contra esta \u00a0decisi\u00f3n no cabe recurso alguno. \u00a0\u00a0<\/p>\n<p>Notif\u00edquese y c\u00famplase. \u00a0<\/p>\n<p>FERNANDO ALBERTO CASTRO CABALLERO \u00a0<\/p>\n<p>JOS\u00c9 LUIS BARCEL\u00d3 CAMACHO \u00a0<\/p>\n<p>JOS\u00c9 LEONIDAS BUSTOS MART\u00cdNEZ \u00a0<\/p>\n<p>EUGENIO FERN\u00c1NDEZ CARLIER \u00a0<\/p>\n<p>MAR\u00cdA \u00a0 \u00a0DEL \u00a0 \u00a0ROSARIO \u00a0 \u00a0GONZ\u00c1LEZ \u00a0MU\u00d1OZ \u00a0\u00a0<\/p>\n<p>GUSTAVO ENRIQUE MALO FERN\u00c1NDEZ \u00a0<\/p>\n<p>EYDER PATI\u00d1O CABRERA \u00a0<\/p>\n<p>LUIS GUILLERMO SALAZAR OTERO \u00a0<\/p>\n<p>NUBIA YOLANDA NOVA GARC\u00cdA \u00a0<\/p>\n<p>Secretaria \u00a0<\/p>\n<p>\u00a0 \u00a0\u00a0<\/p>\n<p>1 En la \u00a0misma \u00a0decisi\u00f3n, \u00a0fueron \u00a0absueltos \u00a0del \u00a0delito \u00a0de \u00a0uso de documento p\u00fablico \u00a0falso. \u00a0\u00a0<\/p>\n<p>2 Cfr. \u00a0folios 4-5 del cuaderno principal. \u00a0\u00a0<\/p>\n<p>3 Cfr. \u00a0folios 14-17 ib\u00eddem. \u00a0\u00a0<\/p>\n<p>4 Cfr. \u00a0folio 24 ib\u00eddem. \u00a0\u00a0<\/p>\n<p>5 Cfr. \u00a0folios 41-42 ib\u00eddem. \u00a0\u00a0<\/p>\n<p>6 Cfr. \u00a0folio 80-81 ib\u00eddem. \u00a0\u00a0<\/p>\n<p>7 Cfr. \u00a0folios 88-89 ib\u00eddem. \u00a0\u00a0<\/p>\n<p>8 Cfr. \u00a0folios 98-99 ib\u00eddem. \u00a0\u00a0<\/p>\n<p>9 Cfr. \u00a0folios 126-135 ib\u00eddem. \u00a0\u00a0<\/p>\n<p>10 Cfr. \u00a0folio 137\u00a0 ib\u00eddem. \u00a0\u00a0<\/p>\n<p>11 \u00a0Cfr. folios 150-154 ib\u00eddem \u00a0\u00a0<\/p>\n<p>12 \u00a0Cfr. \u00a0Cd \u00a0de \u00a0la \u00a0lectura \u00a0del \u00a0fallo \u00a0de \u00a0primera \u00a0instancia. \u00a0Minuto \u00a036:39 \u00a0a \u00a036:52. \u00a0\u00a0<\/p>\n<p>13 Las \u00a0siglas son como siguen: m. (meses); d. (d\u00eda). \u00a0 \u00a0\u00a0<\/p>\n<p><\/p>\n","protected":false},"excerpt":{"rendered":"<p>\u00a0 \u00a0 CORTE SUPREMA DE JUSTICIA \u00a0 SALA DE CASACI\u00d3N PENAL \u00a0 EYDER PATI\u00d1O CABRERA \u00a0 Magistrado ponente \u00a0 SP1644-2014 \u00a0 Radicaci\u00f3n N\u00b0 41.730 \u00a0 (Aprobado \u00a0Acta No. \u00a040) \u00a0\u00a0 Bogot\u00e1 D.C., doce (12) de febrero de dos mil \u00a0catorce (2014). \u00a0\u00a0 MOTIVO DE LA DECISI\u00d3N \u00a0 La \u00a0Corte procede a emitir fallo de fondo, [&hellip;]<\/p>\n","protected":false},"author":1,"featured_media":0,"comment_status":"open","ping_status":"open","sticky":false,"template":"","format":"standard","meta":{"footnotes":""},"categories":[22],"tags":[],"class_list":["post-30080","post","type-post","status-publish","format-standard","hentry","category-22"],"_links":{"self":[{"href":"https:\/\/dmsjuridica.com\/buscador_20179478954\/salapenalcronologico20230723\/wp-json\/wp\/v2\/posts\/30080","targetHints":{"allow":["GET"]}}],"collection":[{"href":"https:\/\/dmsjuridica.com\/buscador_20179478954\/salapenalcronologico20230723\/wp-json\/wp\/v2\/posts"}],"about":[{"href":"https:\/\/dmsjuridica.com\/buscador_20179478954\/salapenalcronologico20230723\/wp-json\/wp\/v2\/types\/post"}],"author":[{"embeddable":true,"href":"https:\/\/dmsjuridica.com\/buscador_20179478954\/salapenalcronologico20230723\/wp-json\/wp\/v2\/users\/1"}],"replies":[{"embeddable":true,"href":"https:\/\/dmsjuridica.com\/buscador_20179478954\/salapenalcronologico20230723\/wp-json\/wp\/v2\/comments?post=30080"}],"version-history":[{"count":0,"href":"https:\/\/dmsjuridica.com\/buscador_20179478954\/salapenalcronologico20230723\/wp-json\/wp\/v2\/posts\/30080\/revisions"}],"wp:attachment":[{"href":"https:\/\/dmsjuridica.com\/buscador_20179478954\/salapenalcronologico20230723\/wp-json\/wp\/v2\/media?parent=30080"}],"wp:term":[{"taxonomy":"category","embeddable":true,"href":"https:\/\/dmsjuridica.com\/buscador_20179478954\/salapenalcronologico20230723\/wp-json\/wp\/v2\/categories?post=30080"},{"taxonomy":"post_tag","embeddable":true,"href":"https:\/\/dmsjuridica.com\/buscador_20179478954\/salapenalcronologico20230723\/wp-json\/wp\/v2\/tags?post=30080"}],"curies":[{"name":"wp","href":"https:\/\/api.w.org\/{rel}","templated":true}]}}