{"id":29969,"date":"2023-09-13T14:23:16","date_gmt":"2023-09-13T14:23:16","guid":{"rendered":"https:\/\/dmsjuridica.com\/buscador_20179478954\/salapenalcronologico20230723\/2023\/09\/13\/sp10300-201443757\/"},"modified":"2023-09-13T14:23:16","modified_gmt":"2023-09-13T14:23:16","slug":"sp10300-201443757","status":"publish","type":"post","link":"https:\/\/dmsjuridica.com\/buscador_20179478954\/salapenalcronologico20230723\/2023\/09\/13\/sp10300-201443757\/","title":{"rendered":"SP10300-2014(43757)"},"content":{"rendered":"\n<p>\u00a0 \u00a0 \u00a0\u00a0<\/p>\n<p>CORTE SUPREMA DE JUSTICIA \u00a0<\/p>\n<p>SALA DE CASACI\u00d3N PENAL \u00a0<\/p>\n<p>JOS\u00c9 LUIS BARCEL\u00d3 CAMACHO \u00a0<\/p>\n<p>Magistrado Ponente \u00a0<\/p>\n<p>SP10300-2014 \u00a0<\/p>\n<p>Radicaci\u00f3n N\u00b0 43757 \u00a0<\/p>\n<p>(Aprobado acta N\u00ba 254)\u00a0 \u00a0<\/p>\n<p>Bogot\u00e1,\u00a0 \u00a0D.C., cinco\u00a0 (05)\u00a0 \u00a0de agosto de dos mil catorce (2014). \u00a0\u00a0<\/p>\n<p>La \u00a0Sala \u00a0examina, \u00a0de forma oficiosa, si se \u00a0vulneraron \u00a0garant\u00edas \u00a0fundamentales en el tr\u00e1mite de la referencia seguido en \u00a0contra \u00a0 \u00a0 de \u00a0 \u00a0 FERN\u00c1N \u00a0 \u00a0 ALEJANDRO \u00a0 \u00a0JIM\u00c9NEZ \u00a0CASTA\u00d1O.\u00a0 \u00a0\u00a0<\/p>\n<p>H E C H O S \u00a0<\/p>\n<p>Fueron rese\u00f1ados en pret\u00e9rita ocasi\u00f3n por \u00a0la Sala, de la siguiente manera: \u00a0\u00a0<\/p>\n<p>\u201cDan \u00a0 cuenta \u00a0los \u00a0registros, \u00a0que \u00a0la \u00a0Gobernaci\u00f3n \u00a0de \u00a0Risaralda \u00a0por \u00a0intermedio \u00a0de \u00a0apoderado \u00a0judicial \u00a0present\u00f3 \u00a0denuncia \u00a0 el \u00a0 13 \u00a0 de \u00a0agosto \u00a0de \u00a02010 \u00a0en \u00a0contra \u00a0del \u00a0se\u00f1or \u00a0FERN\u00c1N \u00a0 ALEJANDRO \u00a0JIM\u00c9NEZ \u00a0CASTA\u00d1O, \u00a0toda \u00a0vez que \u00e9ste mediante documentos falsos, concretamente, con una copia del \u00a0diploma \u00a0y \u00a0del acta de grado N\u00ba 29344 del 27 de mayo de 2007 de la Universidad \u00a0Antonio \u00a0Nari\u00f1o \u00a0de \u00a0Bogot\u00e1, \u00a0al \u00a0igual \u00a0que \u00a0de \u00a0la \u00a0tarjeta \u00a0profesional N\u00ba \u00a025202-64642CND, \u00a0acredit\u00f3 \u00a0su calidad de ingeniero civil, y con ellos indujo en \u00a0error \u00a0al \u00a0gobernador, por cuanto en virtud de los mismos fue nombrado en varios \u00a0cargos \u00a0de \u00a0esa entidad, tales como: profesional universitario c\u00f3digo 219-22 en \u00a0la \u00a0Secretar\u00eda \u00a0de Infraestructura (decretos 0314 del 3 de marzo de 2008 y 0971 \u00a0del \u00a05 de noviembre de 2009); director t\u00e9cnico c\u00f3digo 009-28 en la Secretar\u00eda \u00a0de \u00a0Infraestructura \u00a0(decreto \u00a0117 \u00a0del \u00a030 \u00a0de diciembre de 2009); y secretario \u00a0encargado \u00a0de \u00a0infraestructura del departamento c\u00f3digo 020-34 (decreto 0283 del \u00a08 de abril de 2010). \u00a0\u00a0<\/p>\n<p>La \u00a0Universidad Antonio Nari\u00f1o certific\u00f3: \u00a0(i) \u00a0 \u00a0 que \u00a0 \u00a0JIM\u00c9NEZ \u00a0 \u00a0CASTA\u00d1O \u00a0 \u00a0no \u00a0aparece \u00a0registrado como ingeniero civil de esa instituci\u00f3n, y \u00a0(ii) \u00a0que \u00a0el \u00a0acta \u00a0de \u00a0grado N\u00ba 29344 hab\u00eda sido expedida a otra persona. De \u00a0igual \u00a0forma \u00a0el \u00a0Consejo Profesional Nacional de Ingenier\u00eda (COPNIA) Seccional \u00a0Risaralda, \u00a0 inform\u00f3 \u00a0 que \u00a0 el \u00a0citado \u00a0no \u00a0aparece \u00a0registrado \u00a0bajo \u00a0ninguna \u00a0denominaci\u00f3n \u00a0profesional, \u00a0raz\u00f3n por la cual tambi\u00e9n formul\u00f3 denuncia penal \u00a0contra \u00a0 \u00a0 \u00a0FERN\u00c1N \u00a0 \u00a0 ALEJANDRO \u00a0 \u00a0 como \u00a0actuaci\u00f3n \u00a0que \u00a0se \u00a0tramit\u00f3 \u00a0en \u00a0esta \u00a0misma investigaci\u00f3n \u00a0debido a que se trataba de hechos conexos\u201d. \u00a0\u00a0<\/p>\n<p>A N T E C E D E N T E S \u00a0<\/p>\n<p>1. \u00a0Culminado \u00a0el \u00a0juicio \u00a0oral \u00a0y anunciado el sentido condenatorio del \u00a0fallo \u00a0por \u00a0el Juzgado Quinto Penal del Circuito de Pereira (Risaralda), estrado \u00a0judicial \u00a0al \u00a0que \u00a0correspondieron las diligencias, se dict\u00f3 sentencia el 18 de \u00a0septiembre \u00a0 de \u00a0 2012, \u00a0 a \u00a0 trav\u00e9s \u00a0de \u00a0la \u00a0cual \u00a0se \u00a0impuso \u00a0a \u00a0JIM\u00c9NEZ \u00a0CASTA\u00d1O las penas principales de \u00a0prisi\u00f3n \u00a0por \u00a0ciento veinti\u00fan (121) meses, multa de trescientos (300) salarios \u00a0m\u00ednimos \u00a0legales \u00a0mensuales \u00a0e \u00a0inhabilitaci\u00f3n para el ejercicio de derechos y \u00a0funciones \u00a0p\u00fablicas \u00a0por sesenta y cuatro (64) meses y quince (15) d\u00edas, junto \u00a0con \u00a0la \u00a0accesoria \u00a0de inhabilitaci\u00f3n en el ejercicio de la profesi\u00f3n u oficio \u00a0de \u00a0la \u00a0ingenier\u00eda \u00a0civil \u00a0y \u00a0sus \u00a0profesiones auxiliares por el t\u00e9rmino de la \u00a0sanci\u00f3n \u00a0privativa \u00a0de \u00a0la \u00a0libertad, \u00a0como autor responsable de los delitos de \u00a0falsedad \u00a0material en documento p\u00fablico, falsedad en documento privado y fraude \u00a0procesal \u00a0(art\u00edculos \u00a0287, \u00a0289 \u00a0y \u00a0453 \u00a0del \u00a0C\u00f3digo \u00a0Penal). \u00a0Se \u00a0le neg\u00f3 la \u00a0suspensi\u00f3n \u00a0 condicional \u00a0 de \u00a0 la \u00a0 ejecuci\u00f3n \u00a0 de \u00a0la \u00a0pena \u00a0y \u00a0la \u00a0prisi\u00f3n \u00a0domiciliaria.1 \u00a0\u00a0<\/p>\n<p>2. \u00a0Impugnada \u00a0esta \u00a0determinaci\u00f3n \u00a0por \u00a0la \u00a0defensa, \u00a0fue \u00a0confirmada \u00a0por \u00a0el \u00a0Tribunal \u00a0Superior \u00a0del Distrito Judicial de \u00a0Pereira \u00a0-Sala \u00a0Penal- \u00a0el \u00a06 \u00a0de \u00a0marzo \u00a0de \u00a02014.2 \u00a0\u00a0<\/p>\n<p>\u00a0 \u00a0\u00a0 \u00a0\u00a0 \u00a0\u00a03. \u00a0Interpuesto recurso extraordinario de casaci\u00f3n por el apoderado \u00a0de \u00a0 JIM\u00c9NEZ \u00a0CASTA\u00d1O \u00a0en \u00a0contra \u00a0de \u00a0esta providencia, fue inadmitido por la Corte en prove\u00eddo del 25 de \u00a0junio \u00a0de 2014, en el cual se dispuso que las diligencias regresaran al despacho \u00a0del \u00a0Magistrado \u00a0Ponente \u00a0para \u00a0examinar \u00a0la probable vulneraci\u00f3n de garant\u00edas \u00a0fundamentales, \u00a0en punto de la pena accesoria irrogada al procesado.3 \u00a0\u00a0<\/p>\n<p>\u00a0 \u00a0\u00a0 \u00a0\u00a0 \u00a0\u00a04. \u00a0Agotado \u00a0el \u00a0tr\u00e1mite \u00a0de \u00a0insistencia \u00a0sin que la Procuradur\u00eda \u00a0Delegada \u00a0ante esta Corporaci\u00f3n hubiese hecho uso de tal facultad, con ocasi\u00f3n \u00a0de \u00a0la \u00a0petici\u00f3n \u00a0que \u00a0en \u00a0ese \u00a0sentido \u00a0elev\u00f3 \u00a0el \u00a0apoderado \u00a0de JIM\u00c9NEZ \u00a0 \u00a0 \u00a0 \u00a0 \u00a0 \u00a0 CASTA\u00d1O4, \u00a0se \u00a0procede \u00a0a \u00a0resolver \u00a0lo \u00a0pertinente. \u00a0 CONSIDERACIONES\u00a0 \u00a0DE\u00a0 LA\u00a0 CORTE \u00a0\u00a0<\/p>\n<p>1. \u00a0De \u00a0acuerdo \u00a0con \u00a0lo \u00a0puntualizado en el \u00a0citado \u00a0auto \u00a0de \u00a025 \u00a0de junio, en este asunto los juzgadores, al establecer las \u00a0consecuencias \u00a0 de \u00a0 la \u00a0 declaratoria \u00a0 de \u00a0 responsabilidad \u00a0por \u00a0los \u00a0delitos \u00a0contemplados \u00a0en las sentencias, impusieron la pena accesoria de inhabilitaci\u00f3n \u00a0para \u00a0el \u00a0ejercicio \u00a0de \u00a0la \u00a0profesi\u00f3n \u00a0u \u00a0oficio de la ingenier\u00eda civil y sus \u00a0profesiones \u00a0auxiliares \u00a0por \u00a0el \u00a0mismo \u00a0t\u00e9rmino \u00a0que la principal de prisi\u00f3n, \u00a0aflicci\u00f3n \u00a0inconsistente \u00a0con \u00a0los hechos materia de condena y transgresora del \u00a0principio \u00a0de \u00a0legalidad \u00a0al \u00a0no \u00a0ajustarse \u00a0a \u00a0los \u00a0tipos \u00a0penales \u00a0imputados y \u00a0juzgados. \u00a0\u00a0<\/p>\n<p>2. El principio de legalidad de las penas es \u00a0una \u00a0garant\u00eda \u00a0fundamental \u00a0que constituye un baremo al poder sancionatorio del \u00a0Estado, \u00a0en \u00a0la \u00a0medida \u00a0en \u00a0que \u00a0\u201cNadie podr\u00e1 ser \u00a0juzgado \u00a0 sino \u00a0 conforme \u00a0 a \u00a0 las \u00a0leyes \u00a0preexistentes \u00a0al \u00a0acto \u00a0que \u00a0se \u00a0le \u00a0imputa\u201d5. \u00a0\u00a0<\/p>\n<p>El \u00a0juicio \u00a0de \u00a0reproche \u00a0en este asunto, se \u00a0contrajo \u00a0a \u00a0la \u00a0falsedad \u00a0en \u00a0que \u00a0incurri\u00f3 \u00a0FERN\u00c1N \u00a0ALEJANDRO \u00a0 JIM\u00c9NEZ \u00a0 CASTA\u00d1O \u00a0 para \u00a0acreditar \u00a0la \u00a0profesi\u00f3n \u00a0de \u00a0ingenier\u00eda \u00a0civil.\u00a0 \u00a0La disonancia entre la realidad y los \u00a0documentos \u00a0ap\u00f3crifos \u00a0que aport\u00f3 con esa finalidad, se catalog\u00f3 en distintos \u00a0tipos \u00a0penales \u00a0y \u00a0dio lugar a pena de prisi\u00f3n en las condiciones previstas por \u00a0el \u00a0legislador. \u00a0Por \u00a0tanto, si la presentaci\u00f3n de un rol con el que no contaba \u00a0explic\u00f3 \u00a0esa \u00a0sanci\u00f3n, no hay cabida a que se le inhabilite para su ejercicio. \u00a0En \u00a0otras \u00a0palabras, \u00a0no \u00a0se \u00a0le \u00a0puede \u00a0limitar \u00a0al \u00a0sentenciado \u00a0la calidad de \u00a0ingeniero porque no la tiene. \u00a0\u00a0<\/p>\n<p>3. \u00a0La \u00a0imposici\u00f3n \u00a0de las penas accesorias \u00a0obedece \u00a0a \u00a0su \u00a0v\u00ednculo \u00a0directo \u00a0con \u00a0la \u00a0realizaci\u00f3n del delito y en general \u00a0suspenden \u00a0la \u00a0facultad \u00a0de \u00a0ejercer \u00a0determinadas actividades l\u00edcitas. Solo la \u00a0inhabilitaci\u00f3n \u00a0para \u00a0el \u00a0ejercicio \u00a0de \u00a0derechos \u00a0y \u00a0funciones \u00a0p\u00fablicas, \u00a0en \u00a0aquellos \u00a0casos \u00a0que \u00a0no \u00a0haya \u00a0sido \u00a0prevista como principal, es la \u00fanica pena \u00a0accesoria \u00a0que \u00a0en todos los casos resulta inescindible a la prisi\u00f3n. As\u00ed, las \u00a0dem\u00e1s \u00a0penas \u00a0privativas \u00a0de \u00a0otras \u00a0prerrogativas, \u00a0\u00fanicamente devienen si el \u00a0injusto \u00a0aconteci\u00f3 \u00a0por \u00a0su \u00a0abuso, \u00a0si facilitaron su comisi\u00f3n o \u201ccuando \u00a0la \u00a0restricci\u00f3n del derecho contribuya a la prevenci\u00f3n \u00a0de \u00a0 conductas \u00a0 similares \u00a0a \u00a0la \u00a0que \u00a0fue \u00a0objeto \u00a0de \u00a0condena\u201d.6 \u00a0\u00a0<\/p>\n<p>En \u00a0el \u00a0caso \u00a0bajo \u00a0estudio, la \u201ccercan\u00eda \u00a0 con \u00a0 el \u00a0 sector\u201d, \u00a0 la \u00a0\u201cexpectativa \u00a0 riesgosa \u00a0de \u00a0continuaci\u00f3n \u00a0de \u00a0la \u00a0actividad \u00a0 ilegal \u00a0 aun \u00a0 estando \u00a0 la \u00a0 persona \u00a0en \u00a0prisi\u00f3n\u201d \u00a0y \u00a0 \u00a0el \u00a0 \u00a0cuestionamiento \u00a0 hacia \u00a0 los \u00a0profesionales \u00a0 \u00a0 \u00a0 de \u00a0 \u00a0 \u00a0 esa \u00a0 \u00a0 \u00a0 \u00e1rea\u201d7, son \u00a0motivos \u00a0insuficientes \u00a0para \u00a0dar por sentado que la pena accesoria se compadece \u00a0con \u00a0sus fines al tratarse en la pr\u00e1ctica de una sanci\u00f3n inocua por carecer de \u00a0efectos \u00a0jur\u00eddicos, y el fin de la prevenci\u00f3n general y especial por el efecto \u00a0disuasivo \u00a0al \u00a0que \u00a0aluden \u00a0los fallos se satisface con la prisi\u00f3n que, por s\u00ed \u00a0misma, \u00a0subsume \u00a0el \u00a0desvalor \u00a0de \u00a0acci\u00f3n \u00a0causado \u00a0por \u00a0la defraudaci\u00f3n de la \u00a0expectativa \u00a0social y retribuye las consecuencias que la suplantaci\u00f3n caus\u00f3 en \u00a0la colectividad. \u00a0\u00a0<\/p>\n<p>4. Por lo anterior la Corte, en cumplimiento \u00a0de \u00a0los \u00a0fines \u00a0de \u00a0la \u00a0casaci\u00f3n, \u00a0proceder\u00e1 \u00a0conforme a lo establecido en los \u00a0art\u00edculos \u00a0180 \u00a0y 184, inciso 3\u00b0, de la Ley 906 de 2004, y oficiosamente, para \u00a0hacer \u00a0 efectivo \u00a0 el \u00a0 derecho \u00a0 material, \u00a0preservar \u00a0las \u00a0garant\u00edas \u00a0de \u00a0los \u00a0intervinientes \u00a0y \u00a0reparar \u00a0los \u00a0agravios \u00a0inferidos \u00a0a \u00a0\u00e9stos, casar\u00e1 de modo \u00a0parcial \u00a0la \u00a0sentencia \u00a0con \u00a0el \u00a0fin \u00a0de retirar \u00a0 \u00a0 \u00a0 la \u00a0 \u00a0 \u00a0 pena accesoria. \u00a0\u00a0<\/p>\n<p>5. \u00a0 \u00a0Por \u00a0\u00faltimo, se precisa que la \u00a0decisi\u00f3n \u00a0del \u00a0ad \u00a0quem en \u00a0los \u00a0 dem\u00e1s \u00a0 aspectos \u00a0que \u00a0no \u00a0fueron \u00a0objeto \u00a0de \u00a0modificaci\u00f3n, \u00a0permanecen \u00a0inc\u00f3lumes. \u00a0\u00a0<\/p>\n<p>En \u00a0m\u00e9rito \u00a0de lo expuesto, la CORTE \u00a0SUPREMA \u00a0DE \u00a0JUSTICIA, \u00a0SALA \u00a0DE \u00a0CASACI\u00d3N PENAL, \u00a0administrando \u00a0justicia en nombre de la Republica y por autoridad \u00a0de la Ley, \u00a0\u00a0<\/p>\n<p>R \u00a0 E \u00a0 S \u00a0U \u00a0E \u00a0L \u00a0V \u00a0E \u00a0\u00a0<\/p>\n<p>PRIMERO: \u00a0 CASAR \u00a0 PARCIALMENTE \u00a0 DE \u00a0 OFICIO \u00a0la \u00a0sentencia \u00a0proferida por el Tribunal Superior del \u00a0Distrito \u00a0 \u00a0 Judicial \u00a0 \u00a0 de \u00a0 \u00a0Pereira \u00a0 \u00a0-Sala \u00a0 Penal- \u00a0 el \u00a0 6 \u00a0 \u00a0 \u00a0 \u00a0 de \u00a0 \u00a0 \u00a0 \u00a0 marzo \u00a0 \u00a0 \u00a0 de \u00a0 \u00a0 \u00a02014. \u00a0\u00a0<\/p>\n<p>SEGUNDO: \u00a0 \u00a0 En \u00a0consecuencia, \u00a0RETIRAR \u00a0la \u00a0pena \u00a0accesoria de inhabilitaci\u00f3n para el ejercicio de \u00a0la \u00a0 profesi\u00f3n \u00a0 u \u00a0 oficio \u00a0 de \u00a0 la \u00a0 ingenier\u00eda \u00a0civil \u00a0y \u00a0sus \u00a0profesiones \u00a0auxiliares \u00a0 impuesta \u00a0a \u00a0FERN\u00c1N \u00a0 ALEJANDRO \u00a0 JIM\u00c9NEZ \u00a0 CASTA\u00d1O. \u00a0\u00a0<\/p>\n<p>TERCERO: \u00a0 PRECISAR \u00a0que \u00a0la \u00a0decisi\u00f3n \u00a0del \u00a0ad \u00a0quem \u00a0se \u00a0mantiene inc\u00f3lume en todo lo dem\u00e1s que no \u00a0fue objeto de modificaci\u00f3n. \u00a0\u00a0<\/p>\n<p>Contra \u00a0la \u00a0presente \u00a0decisi\u00f3n \u00a0no \u00a0procede \u00a0ning\u00fan recurso \u00a0\u00a0<\/p>\n<p>C\u00f3piese, notif\u00edquese y c\u00famplase \u00a0<\/p>\n<p>FERNANDO ALBERTO CASTRO CABALLERO \u00a0<\/p>\n<p>Presidente \u00a0<\/p>\n<p>JOS\u00c9 LUIS BARCEL\u00d3 CAMACHO \u00a0<\/p>\n<p>JOS\u00c9 LEONIDAS BUSTOS MART\u00cdNEZ \u00a0<\/p>\n<p>EUGENIO FERN\u00c1NDEZ CARLIER \u00a0<\/p>\n<p>MAR\u00cdA \u00a0 \u00a0 DEL \u00a0 \u00a0ROSARIO \u00a0 \u00a0GONZ\u00c1LEZ \u00a0MU\u00d1OZ \u00a0\u00a0<\/p>\n<p>GUSTAVO ENRIQUE MALO FERN\u00c1NDEZ \u00a0<\/p>\n<p>EYDER PATI\u00d1O CABRERA \u00a0<\/p>\n<p>PATRICIA SALAZAR CU\u00c9LLAR \u00a0<\/p>\n<p>LUIS GUILLERMO SALAZAR OTERO \u00a0<\/p>\n<p>NUBIA YOLANDA NOVA GARC\u00cdA \u00a0<\/p>\n<p>Secretaria \u00a0<\/p>\n<p>\u00a0 \u00a0\u00a0<\/p>\n<p>1 \u00a0Folio \u00a0 \u00a0 \u00a0101 \u00a0 \u00a0 \u00a0y \u00a0 \u00a0 siguientes \u00a0 \u00a0 cuaderno \u00a0actuaci\u00f3n \u00a0\u00a0<\/p>\n<p>2 \u00a0Fl. 132 y s.s c.a \u00a0\u00a0<\/p>\n<p>3 \u00a0Fl. 6 y s.s. cuaderno Corte \u00a0\u00a0<\/p>\n<p>4 \u00a0Fl. 33 y s.s. cuaderno Corte \u00a0\u00a0<\/p>\n<p>5 \u00a0Constituci\u00f3n Nacional, art\u00edculo 29 y C\u00f3digo Penal, \u00a0art\u00edculo 6\u00ba \u00a0\u00a0<\/p>\n<p>6 \u00a0C\u00f3digo Penal, art\u00edculo 52 \u00a0\u00a0<\/p>\n<p>7 \u00a0Cfr. \u00a0Fl. \u00a022 sentencia de primera instancia \/Fl. 122 \u00a0c.a \u00a0 \u00a0\u00a0<\/p>\n<p><\/p>\n","protected":false},"excerpt":{"rendered":"<p>\u00a0 \u00a0 \u00a0\u00a0 CORTE SUPREMA DE JUSTICIA \u00a0 SALA DE CASACI\u00d3N PENAL \u00a0 JOS\u00c9 LUIS BARCEL\u00d3 CAMACHO \u00a0 Magistrado Ponente \u00a0 SP10300-2014 \u00a0 Radicaci\u00f3n N\u00b0 43757 \u00a0 (Aprobado acta N\u00ba 254)\u00a0 \u00a0 Bogot\u00e1,\u00a0 \u00a0D.C., cinco\u00a0 (05)\u00a0 \u00a0de agosto de dos mil catorce (2014). \u00a0\u00a0 La \u00a0Sala \u00a0examina, \u00a0de forma oficiosa, si se \u00a0vulneraron \u00a0garant\u00edas \u00a0fundamentales [&hellip;]<\/p>\n","protected":false},"author":1,"featured_media":0,"comment_status":"open","ping_status":"open","sticky":false,"template":"","format":"standard","meta":{"footnotes":""},"categories":[22],"tags":[],"class_list":["post-29969","post","type-post","status-publish","format-standard","hentry","category-22"],"_links":{"self":[{"href":"https:\/\/dmsjuridica.com\/buscador_20179478954\/salapenalcronologico20230723\/wp-json\/wp\/v2\/posts\/29969","targetHints":{"allow":["GET"]}}],"collection":[{"href":"https:\/\/dmsjuridica.com\/buscador_20179478954\/salapenalcronologico20230723\/wp-json\/wp\/v2\/posts"}],"about":[{"href":"https:\/\/dmsjuridica.com\/buscador_20179478954\/salapenalcronologico20230723\/wp-json\/wp\/v2\/types\/post"}],"author":[{"embeddable":true,"href":"https:\/\/dmsjuridica.com\/buscador_20179478954\/salapenalcronologico20230723\/wp-json\/wp\/v2\/users\/1"}],"replies":[{"embeddable":true,"href":"https:\/\/dmsjuridica.com\/buscador_20179478954\/salapenalcronologico20230723\/wp-json\/wp\/v2\/comments?post=29969"}],"version-history":[{"count":0,"href":"https:\/\/dmsjuridica.com\/buscador_20179478954\/salapenalcronologico20230723\/wp-json\/wp\/v2\/posts\/29969\/revisions"}],"wp:attachment":[{"href":"https:\/\/dmsjuridica.com\/buscador_20179478954\/salapenalcronologico20230723\/wp-json\/wp\/v2\/media?parent=29969"}],"wp:term":[{"taxonomy":"category","embeddable":true,"href":"https:\/\/dmsjuridica.com\/buscador_20179478954\/salapenalcronologico20230723\/wp-json\/wp\/v2\/categories?post=29969"},{"taxonomy":"post_tag","embeddable":true,"href":"https:\/\/dmsjuridica.com\/buscador_20179478954\/salapenalcronologico20230723\/wp-json\/wp\/v2\/tags?post=29969"}],"curies":[{"name":"wp","href":"https:\/\/api.w.org\/{rel}","templated":true}]}}