{"id":29959,"date":"2023-09-13T14:23:15","date_gmt":"2023-09-13T14:23:15","guid":{"rendered":"https:\/\/dmsjuridica.com\/buscador_20179478954\/salapenalcronologico20230723\/2023\/09\/13\/cp212-201444787\/"},"modified":"2023-09-13T14:23:15","modified_gmt":"2023-09-13T14:23:15","slug":"cp212-201444787","status":"publish","type":"post","link":"https:\/\/dmsjuridica.com\/buscador_20179478954\/salapenalcronologico20230723\/2023\/09\/13\/cp212-201444787\/","title":{"rendered":"CP212-2014(44787)"},"content":{"rendered":"\n<p>\u00a0 \u00a0 \u00a0\u00a0<\/p>\n<p>CORTE SUPREMA DE JUSTICIA \u00a0<\/p>\n<p>SALA DE CASACI\u00d3N PENAL \u00a0<\/p>\n<p>JOS\u00c9 LUIS BARCEL\u00d3 CAMACHO \u00a0<\/p>\n<p>Magistrado Ponente \u00a0<\/p>\n<p>CP212-2014 \u00a0<\/p>\n<p>Radicaci\u00f3n N\u00b0 44787 \u00a0<\/p>\n<p>(Aprobado acta N\u00b0 428) \u00a0<\/p>\n<p>\u00a0 \u00a0\u00a0 \u00a0\u00a0 \u00a0\u00a0Bogot\u00e1, \u00a0 D. \u00a0C., \u00a0diez \u00a0(10) \u00a0de \u00a0diciembre \u00a0de \u00a0dos \u00a0mil \u00a0catorce \u00a0(2014). \u00a0\u00a0<\/p>\n<p>\u00a0 \u00a0\u00a0 \u00a0\u00a0 \u00a0\u00a0Procede \u00a0 la \u00a0 Corte \u00a0 a \u00a0emitir \u00a0concepto \u00a0sobre \u00a0la \u00a0petici\u00f3n \u00a0de \u00a0extradici\u00f3n \u00a0del \u00a0ciudadano \u00a0colombiano DIEGO FERNANDO \u00a0ECHEVERRI \u00a0 \u00a0 GARC\u00cdA, \u00a0elevada \u00a0 \u00a0por \u00a0 \u00a0el \u00a0 \u00a0Gobierno \u00a0 \u00a0del \u00a0 Reino \u00a0 de \u00a0Espa\u00f1a. \u00a0\u00a0<\/p>\n<p>SOLICITUD Y ANTECEDENTES \u00a0<\/p>\n<p>\u00a0 \u00a0\u00a0 \u00a0\u00a0 \u00a0\u00a01. \u00a0 \u00a0El \u00a0 \u00a0se\u00f1or \u00a0 \u00a0ECHEVERRI \u00a0 GARC\u00cdA \u00a0fue \u00a0aprehendido en la ciudad de Palmira (Valle) el 16 \u00a0de \u00a0julio \u00a0de \u00a02014, por virtud de la orden de captura A-5296\/7-2014 emitida por \u00a0la \u00a0Interpol \u00a0el \u00a011 de julio de los corrientes. Luego, mediante Nota Verbal No. \u00a0284 \u00a0del \u00a018 \u00a0de \u00a0ese \u00a0mes, \u00a0el \u00a0Gobierno \u00a0del Reino de Espa\u00f1a, a trav\u00e9s de su \u00a0Embajada \u00a0 en \u00a0 Colombia, \u00a0 pidi\u00f3 \u00a0 su \u00a0detenci\u00f3n \u00a0provisional \u00a0con \u00a0fines \u00a0de \u00a0extradici\u00f3n. \u00a0En consecuencia, el Fiscal General de la Naci\u00f3n, con resoluci\u00f3n \u00a0del \u00a023 siguiente, decret\u00f3 su captura, al tenor del art\u00edculo 509 de la Ley 906 \u00a0de 2004. \u00a0\u00a0<\/p>\n<p>\u00a0 \u00a0\u00a0 \u00a0\u00a0 \u00a0\u00a02. \u00a0Cumplido \u00a0lo \u00a0anterior, \u00a0la \u00a0autoridad \u00a0reclamante \u00a0por conducto \u00a0diplom\u00e1tico \u00a0y con Nota Verbal No. 475 del 24 de septiembre de 2014, formaliz\u00f3 \u00a0la petici\u00f3n. \u00a0\u00a0<\/p>\n<p>\u00a0 \u00a0\u00a0 \u00a0\u00a0 \u00a0\u00a03. \u00a0El \u00a0Ministerio \u00a0de Justicia y del Derecho, mediante oficio del 2 \u00a0de \u00a0octubre \u00a0de \u00a02014, \u00a0previo concepto de su hom\u00f3logo de Relaciones Exteriores \u00a0-quien \u00a0 refiri\u00f3 \u00a0 que \u00a0 el \u00a0 tratado \u00a0 aplicable \u00a0 al \u00a0 caso \u00a0es \u00a0\u201cLa \u00a0 Convenci\u00f3n \u00a0 de \u00a0 Extradici\u00f3n \u00a0 de \u00a0Reos\u201d \u00a0suscrita \u00a0 \u00a0el \u00a0 23 \u00a0 de \u00a0 julio \u00a0 de \u00a0 1892 \u00a0 y \u00a0 el \u00a0 \u201cProtocolo \u00a0 \u00a0 \u00a0 \u00a0 modificatorio \u00a0a la Convenci\u00f3n de Extradici\u00f3n entre la Rep\u00fablica \u00a0de \u00a0Colombia y el Reino de Espa\u00f1a\u201d adoptado el 16 de \u00a0marzo \u00a0de \u00a01999-, remiti\u00f3 a la Corte la documentaci\u00f3n enviada por la autoridad \u00a0for\u00e1nea, con el fin de que se emita el respectivo concepto. \u00a0\u00a0<\/p>\n<p>\u00a0 \u00a0\u00a0 \u00a0\u00a0 \u00a0\u00a04. \u00a0El se\u00f1or ECHEVERRI GARC\u00cdA, mediante misiva \u00a0del \u00a021 de octubre de 2014, solicit\u00f3, coadyuvado por su defensor, se diera v\u00eda \u00a0a \u00a0la \u00a0extradici\u00f3n \u00a0simplificada \u00a0contemplada en el art\u00edculo 70 de la Ley 1453 \u00a0del \u00a02011. Una vez surtido el traslado de esta petici\u00f3n al Ministerio P\u00fablico, \u00a0el \u00a0Delegado \u00a0de \u00a0la \u00a0Procuradur\u00eda \u00a0tambi\u00e9n \u00a0la coadyuv\u00f3, al verificar que se \u00a0realiz\u00f3 \u00a0de \u00a0manera \u00a0libre, voluntaria y espont\u00e1nea, aunado al cumplimiento de \u00a0las exigencias legales para disponer la entrega. \u00a0\u00a0<\/p>\n<p>DOCUMENTOS ALLEGADOS \u00a0<\/p>\n<p>\u00a0 \u00a0\u00a0 \u00a0\u00a0 \u00a0\u00a01. \u00a0Notas \u00a0Verbales No. 284 y 475 del 18 de julio y 24 de septiembre \u00a0de \u00a02014, \u00a0respectivamente, \u00a0a \u00a0trav\u00e9s \u00a0de las cuales se elev\u00f3 la solicitud de \u00a0extradici\u00f3n. \u00a0\u00a0<\/p>\n<p>\u00a0 \u00a0\u00a0 \u00a0\u00a0 \u00a0\u00a02. \u00a0Orden de detenci\u00f3n judicial del 7 de julio de 2014, emitida por \u00a0el \u00a0Juzgado \u00a0Central \u00a0de Instrucci\u00f3n N\u00ba 4 de la Audiencia Nacional con sede en \u00a0Madrid, \u00a0 en \u00a0 contra \u00a0 de \u00a0DIEGO \u00a0FERNANDO \u00a0ECHEVERRI \u00a0GARC\u00cdA. \u00a0\u00a0<\/p>\n<p>\u00a0 \u00a0\u00a0 \u00a0\u00a0 \u00a0\u00a03. \u00a0Orden \u00a0de \u00a0captura internacional A-5296\/7-2014 de 11 de julio de \u00a02014, donde aparecen los datos de identidad del mencionado. \u00a0\u00a0<\/p>\n<p>\u00a0 \u00a0\u00a0 \u00a0\u00a0 \u00a0\u00a04. Trascripci\u00f3n de la legislaci\u00f3n aplicable al caso. \u00a0\u00a0<\/p>\n<p>CONSIDERACIONES DE LA CORTE \u00a0<\/p>\n<p>\u00a0 \u00a0 \u00a0 \u00a0 \u00a0<\/p>\n<p>\u00a0 \u00a0\u00a0 \u00a0\u00a0 \u00a0\u00a0La \u00a0Sala, \u00a0en \u00a0aplicaci\u00f3n \u00a0del \u00a0tr\u00e1mite \u00a0simplificado \u00a0de \u00a0que \u00a0trata el art\u00edculo 70 de la Ley \u00a01453 \u00a0del \u00a02011, \u00a0emitir\u00e1 concepto favorable para la extradici\u00f3n del ciudadano \u00a0colombiano \u00a0 \u00a0 \u00a0DIEGO \u00a0 \u00a0 \u00a0FERNANDO \u00a0 \u00a0 \u00a0ECHEVERRI \u00a0GARC\u00cdA, \u00a0 \u00a0en \u00a0 tanto \u00a0se \u00a0re\u00fanen \u00a0los \u00a0requisitos \u00a0 \u00a0demandados \u00a0 \u00a0para \u00a0 \u00a0el \u00a0 \u00a0efecto \u00a0 en \u00a0 \u201cLa \u00a0 Convenci\u00f3n \u00a0 de \u00a0 Extradici\u00f3n \u00a0de \u00a0Reos\u201d, \u00a0suscrita \u00a0 el \u00a0 23 \u00a0 de \u00a0 julio \u00a0 de \u00a0 1892, \u00a0 y \u00a0 el \u00a0 \u201cProtocolo \u00a0 \u00a0 \u00a0 \u00a0 modificatorio \u00a0a la Convenci\u00f3n de Extradici\u00f3n entre la Rep\u00fablica \u00a0de \u00a0Colombia \u00a0y \u00a0el Reino de Espa\u00f1a\u201d, adoptado el 16 \u00a0de \u00a0marzo de 1999, normatividad aplicable en este evento, en concordancia con el \u00a0art\u00edculo \u00a0 \u00a0502 \u00a0 \u00a0de \u00a0 la \u00a0 Ley \u00a0 906 \u00a0 de \u00a0 2004, \u00a0 seg\u00fan \u00a0 se \u00a0 detalla \u00a0 a \u00a0continuaci\u00f3n. \u00a0\u00a0<\/p>\n<p>\u00a0 \u00a0\u00a0 \u00a0\u00a0 \u00a0\u00a0Conducto diplom\u00e1tico \u00a0\u00a0<\/p>\n<p>\u00a0 \u00a0\u00a0 \u00a0\u00a0 \u00a0\u00a0El \u00a0art\u00edculo \u00a08\u00b0 \u00a0de \u00a0la \u00a0Convenci\u00f3n \u00a0de \u00a0Extradici\u00f3n \u00a0de \u00a0Reos, \u00a0relaciona \u00a0los \u00a0presupuestos \u00a0necesarios \u00a0para \u00a0que \u00a0se de curso a la respectiva \u00a0solicitud, \u00a0siendo \u00a0el \u00a0primero \u00a0de \u00a0ellos que la petici\u00f3n se efect\u00fae por v\u00eda \u00a0diplom\u00e1tica. \u00a0\u00a0<\/p>\n<p>\u00a0 \u00a0\u00a0 \u00a0\u00a0 \u00a0\u00a0Dicha \u00a0exigencia \u00a0de \u00a0car\u00e1cter \u00a0formal se satisface en este asunto, \u00a0toda \u00a0vez \u00a0que \u00a0la \u00a0documentaci\u00f3n \u00a0autenticada \u00a0y \u00a0la petici\u00f3n apostillada que \u00a0soportan \u00a0el \u00a0requerimiento, \u00a0suscrita \u00a0por \u00a0la autoridad judicial competente de \u00a0Espa\u00f1a, \u00a0fue \u00a0allegada \u00a0por \u00a0la \u00a0Embajada \u00a0de \u00a0ese pa\u00eds y aportada con la Nota \u00a0Verbal No. 475 del 24 de septiembre de 2014. \u00a0\u00a0<\/p>\n<p>\u00a0 \u00a0\u00a0 \u00a0\u00a0 \u00a0\u00a0Documentaci\u00f3n adjunta \u00a0\u00a0<\/p>\n<p>\u00a0 \u00a0\u00a0 \u00a0\u00a0 \u00a0\u00a0As\u00ed \u00a0mismo, \u00a0la \u00a0disposici\u00f3n \u00a0en cita indica que si se trata de un \u00a0condenado \u00a0 debe \u00a0adjuntarse \u00a0copia \u00a0de \u00a0la \u00a0sentencia, \u00a0de \u00a0lo \u00a0contrario, \u00a0del \u00a0mandamiento \u00a0de \u00a0prisi\u00f3n \u00a0o \u00a0del \u00a0auto \u00a0de proceder, o su equivalente, donde se \u00a0precisen los hechos y las normas aplicables. \u00a0\u00a0<\/p>\n<p>\u00a0 \u00a0\u00a0 \u00a0\u00a0 \u00a0 \u00a0\u00a0<\/p>\n<p>Con \u00a0el \u00a0fin \u00a0de \u00a0cumplir este requisito, la \u00a0Embajada \u00a0de \u00a0Espa\u00f1a \u00a0alleg\u00f3 \u00a0junto \u00a0con \u00a0las Notas Verbales pertinentes copia \u00a0aut\u00e9ntica \u00a0del \u00a0auto de 7 de julio de 2014, proferido por el Juzgado Central de \u00a0Instrucci\u00f3n \u00a0N\u00ba \u00a04 \u00a0de la Audiencia Nacional con sede en Madrid, a trav\u00e9s del \u00a0cual \u00a0 se \u00a0 decret\u00f3 \u00a0 la \u00a0 prisi\u00f3n \u00a0 provisional \u00a0comunicada \u00a0de \u00a0DIEGO \u00a0FERNANDO \u00a0ECHEVERRI \u00a0GARC\u00cdA, entre \u00a0otros, por virtud de estos hechos: \u00a0\u00a0<\/p>\n<p>\u201cDe \u00a0las \u00a0diligencias \u00a0de \u00a0investigaci\u00f3n \u00a0practicadas \u00a0se \u00a0desprenden \u00a0indicios \u00a0de \u00a0que \u00a0DIEGO \u00a0FERNANDO \u00a0 ECHEVERRI \u00a0 GARC\u00cdA \u00a0pertenecer\u00eda \u00a0a \u00a0una \u00a0organizaci\u00f3n \u00a0dedicada \u00a0al \u00a0tr\u00e1fico \u00a0de \u00a0sustancias estupefacientes (coca\u00edna) \u00a0desde \u00a0Latinoam\u00e9rica \u00a0a \u00a0Espa\u00f1a, \u00a0formando \u00a0parte \u00a0de \u00a0un \u00a0grupo de ciudadanos \u00a0colombianos \u00a0asentados \u00a0en \u00a0territorio \u00a0espa\u00f1ol, \u00a0los cuales se encargar\u00edan de \u00a0suministrar \u00a0 sustancia \u00a0 estupefaciente \u00a0adem\u00e1s \u00a0de \u00a0facilitar \u00a0otro \u00a0tipo \u00a0de \u00a0log\u00edstica \u00a0a \u00a0estos grupos criminales de ciudadanos italianos que servir\u00edan de \u00a0puente con los Clanes Camorristas asentados en N\u00e1poles. \u00a0\u00a0<\/p>\n<p>De \u00a0esta \u00a0forma, \u00a0existen indicios sobre su \u00a0participaci\u00f3n en las siguientes operaciones il\u00edcitas: \u00a0\u00a0<\/p>\n<p>a.- Operativa de tr\u00e1fico de drogas del mes \u00a0de \u00a0octubre \u00a0de \u00a02012, llevada a cabo en un lugar indeterminado de Madrid, en la \u00a0que \u00a0presuntamente \u00a0habr\u00eda \u00a0participado \u00a0en la transacci\u00f3n de 60 kilogramos de \u00a0coca\u00edna a 33.000 \u20ac\/kilo y 38.000 \u20ac\/kilo en fecha 04\/10\/2012. \u00a0\u00a0<\/p>\n<p>b.- Operativa de tr\u00e1fico de drogas del mes \u00a0de \u00a0noviembre \u00a0de \u00a02012, \u00a0llevada \u00a0a \u00a0cabo \u00a0en \u00a0Madrid \u00a0y \u00a0Villahermosa de Od\u00f3n \u00a0(Madrid), \u00a0en la que presuntamente habr\u00eda participado en la transacci\u00f3n de una \u00a0cantidad \u00a0indeterminada \u00a0de \u00a0sustancia \u00a0estupefaciente \u00a0en \u00a0la \u00a0empresa \u00a0Viveros \u00a0Castilla \u00a0(Villaviciosa \u00a0de \u00a0Od\u00f3n) en fecha 16\/11\/2012, para lo cual se habr\u00eda \u00a0utilizado \u00a0como medio de transporte el cami\u00f3n tipo tr\u00e1iler Volvo con matricula \u00a0italiana \u00a0 \u00a0CW-640-EV \u00a0 \u00a0de \u00a0 color \u00a0 azul \u00a0 y \u00a0 remolque \u00a0 blanco \u00a0 con \u00a0 placa \u00a0AH-21708. \u00a0\u00a0<\/p>\n<p>c.- \u00a0Operativa \u00a0de \u00a0tr\u00e1fico \u00a0de \u00a0drogas de \u00a0finales \u00a0 del \u00a0mes \u00a0de \u00a0febrero \u00a0de \u00a02013 \u00a0en \u00a0Madrid, \u00a0consistente, \u00a0seg\u00fan \u00a0lo \u00a0vislumbrado \u00a0en \u00a0la \u00a0investigaci\u00f3n, \u00a0en \u00a0la \u00a0adquisici\u00f3n \u00a0de \u00a025 kilogramos de \u00a0coca\u00edna \u00a0a \u00a033.600 \u20ac\/kilo en fecha 26\/02\/2013, transportados hasta su origen, \u00a0supuestamente \u00a0N\u00e1poles (Italia), en el cami\u00f3n con placa italiana ZA-128-SA con \u00a0remolque \u00a0 con \u00a0 matricula \u00a0 italiana \u00a0AH-10037\u201d.1\u00a0\u00a0 \u00a0\u00a0<\/p>\n<p>\u00a0 \u00a0\u00a0 \u00a0\u00a0 \u00a0\u00a0Junto \u00a0con \u00a0esta \u00a0documentaci\u00f3n, \u00a0aparece \u00a0la \u00a0trascripci\u00f3n \u00a0de la \u00a0normatividad \u00a0sustancial \u00a0y \u00a0procedimental \u00a0de \u00a0las \u00a0leyes \u00a0del pa\u00eds requirente \u00a0pertinentes \u00a0al \u00a0caso. \u00a0Entonces, \u00a0concurren \u00a0las \u00a0exigencias que sobre el punto \u00a0se\u00f1ala la disposici\u00f3n en cita. \u00a0\u00a0<\/p>\n<p>\u00a0 \u00a0\u00a0 \u00a0\u00a0 \u00a0Identificaci\u00f3n del requerido en extradici\u00f3n \u00a0\u00a0<\/p>\n<p>\u00a0 \u00a0\u00a0 \u00a0\u00a0 \u00a0Por \u00a0\u00faltimo, el canon en comento contempla la necesidad de brindar \u00a0\u201clas se\u00f1as personales\u201d \u00a0de \u00a0 \u00a0 \u00a0 \u00a0quien \u00a0es\u00a0 \u00a0 \u00a0 \u00a0 \u00a0 \u00a0 \u00a0 solicitado, \u00a0a efectos \u00a0de \u00a0corroborar \u00a0que se trata \u00a0del \u00a0mismo \u00a0individuo \u00a0frente \u00a0al \u00a0cual \u00a0el Estado requirente reclama su jurisdicci\u00f3n. \u00a0\u00a0<\/p>\n<p>\u00a0 \u00a0\u00a0 \u00a0\u00a0 \u00a0En \u00a0 la \u00a0 documentaci\u00f3n \u00a0 referida \u00a0en \u00a0precedencia, \u00a0 \u00a0aparece \u00a0que \u00a0 \u00a0DIEGO \u00a0 FERNANDO \u00a0ECHEVERRI \u00a0GARC\u00cdA naci\u00f3 en \u00a0Palmira \u00a0(Valle) \u00a0el \u00a024 de abril de 1978, \u00a0 y \u00a0 se \u00a0 identifica \u00a0 con \u00a0c\u00e9dula de ciudadan\u00eda No. \u00a0 \u00a0 \u00a0 \u00a0 \u00a0 \u00a0 94.331.981.\u00a0 \u00a0\u00a0<\/p>\n<p>\u00a0 \u00a0\u00a0 \u00a0\u00a0 \u00a0\u00a0El \u00a016 de julio de 2014, miembros de la Direcci\u00f3n de Investigaci\u00f3n \u00a0Criminal \u00a0de \u00a0la \u00a0Polic\u00eda \u00a0Nacional \u00a0capturaron \u00a0a quien se identific\u00f3 con ese \u00a0documento \u00a0de \u00a0identidad \u00a0como DIEGO FERNANDO ECHEVERRI \u00a0GARC\u00cdA, aspecto\u00a0 corroborado mediante experticio \u00a0practicado \u00a0por \u00a0perito en dactiloscopia de esa instituci\u00f3n verific\u00e1ndose as\u00ed \u00a0su \u00a0plena \u00a0identidad, \u00a0esto \u00a0es, \u00a0que \u00a0el \u00a0aprehendido es la persona que aparece \u00a0registrada con el mencionado nombre y documento. \u00a0\u00a0<\/p>\n<p>\u00a0 \u00a0\u00a0 \u00a0\u00a0 \u00a0\u00a0Por \u00a0tanto, \u00a0no existe hesitaci\u00f3n en cuanto a que el detenido es el \u00a0ciudadano \u00a0pedido en extradici\u00f3n, adem\u00e1s, con esos datos ha suscrito las actas \u00a0en \u00a0donde se le comunicaron sus derechos, tambi\u00e9n las diligencias surtidas ante \u00a0la \u00a0Sala \u00a0de \u00a0Casaci\u00f3n \u00a0Penal, \u00a0tema \u00a0que, por otra parte, no ha sido puesto en \u00a0duda, \u00a0 por \u00a0 el \u00a0 contrario, \u00a0la \u00a0petici\u00f3n \u00a0expresa \u00a0del \u00a0se\u00f1or \u00a0ECHEVERRI \u00a0GARC\u00cdA \u00a0de \u00a0que \u00a0se aplique la \u00a0extradici\u00f3n simplificada evidencia su consentimiento al respecto. \u00a0\u00a0<\/p>\n<p>\u00a0 \u00a0\u00a0 \u00a0\u00a0 \u00a0\u00a0En consecuencia, se satisface este presupuesto. \u00a0\u00a0<\/p>\n<p>\u00a0 \u00a0\u00a0 \u00a0\u00a0 \u00a0\u00a0Principio de la doble incriminaci\u00f3n \u00a0\u00a0<\/p>\n<p>\u00a0 \u00a0\u00a0 \u00a0\u00a0 \u00a0\u00a0El \u00a0art\u00edculo \u00a03\u00b0 de la Convenci\u00f3n de Extradici\u00f3n, reformado a su \u00a0vez \u00a0por \u00a0el 1\u00b0 del Protocolo modificatorio, exige que el delito por el cual se \u00a0solicita \u00a0la \u00a0extradici\u00f3n est\u00e9 tipificado en ambos Estados, cualquiera que sea \u00a0la \u00a0denominaci\u00f3n \u00a0que se utilice para designarlo, y que se encuentre sancionado \u00a0en \u00a0el \u00a0Estado \u00a0requirente \u00a0con \u00a0pena \u00a0privativa \u00a0de libertad no menor de un (1) \u00a0a\u00f1o. \u00a0\u00a0<\/p>\n<p>\u00a0 \u00a0\u00a0 \u00a0\u00a0 \u00a0En \u00a0 \u00a0 el \u00a0 \u00a0 auto \u00a0 \u00a0 del \u00a025 \u00a0de \u00a0julio \u00a0de 2014, por medio del \u00a0cual \u00a0el Juzgado Central de Instrucci\u00f3n N\u00ba 4 de Madrid propuso la extradici\u00f3n \u00a0del \u00a0 se\u00f1or \u00a0ECHEVERRI \u00a0 \u00a0 \u00a0 GARC\u00cdA, \u00a0 \u00a0 se \u00a0refiere \u00a0que \u00a0se le endilga \u201cla \u00a0 \u00a0 comisi\u00f3n \u00a0 \u00a0de \u00a0 \u00a0los \u00a0delitos \u00a0de \u00a0pertenencia \u00a0a \u00a0organizaci\u00f3n \u00a0criminal \u00a0[\u2026] \u00a0y \u00a0tr\u00e1fico \u00a0de \u00a0drogas\u201d, los \u00a0que, \u00a0conforme \u00a0la \u00a0trascripci\u00f3n \u00a0remitida \u00a0de \u00a0la Ley Org\u00e1nica 10 de \u00a01995, \u00a0C\u00f3digo \u00a0Penal \u00a0de \u00a0Espa\u00f1a, est\u00e1n \u00a0sancionados \u00a0de la siguiente manera: \u00a0\u00a0<\/p>\n<p>\u201cArt\u00edculo 570 \u00a0bis. \u00a0 1. \u00a0 Quienes \u00a0 promovieren, \u00a0 constituyeren, \u00a0organizaren, \u00a0 coordinaren \u00a0 o \u00a0dirigieren \u00a0una \u00a0organizaci\u00f3n \u00a0criminal \u00a0ser\u00e1n \u00a0castigados \u00a0con \u00a0la \u00a0pena de prisi\u00f3n de cuatro a ocho a\u00f1os si aqu\u00e9lla tuviere \u00a0por \u00a0finalidad \u00a0u \u00a0objeto \u00a0la \u00a0comisi\u00f3n \u00a0de \u00a0delitos \u00a0graves, \u00a0y con la pena de \u00a0prisi\u00f3n \u00a0de \u00a0tres \u00a0a \u00a0seis \u00a0a\u00f1os \u00a0en \u00a0los dem\u00e1s casos; y quienes participaren \u00a0activamente \u00a0 en \u00a0 la \u00a0 organizaci\u00f3n, \u00a0formaren \u00a0parte \u00a0de \u00a0ella \u00a0o \u00a0cooperaren \u00a0econ\u00f3micamente \u00a0o de cualquier otro modo con la misma ser\u00e1n castigados con las \u00a0penas \u00a0de \u00a0prisi\u00f3n \u00a0de \u00a0dos \u00a0a \u00a0cinco a\u00f1os si tuviere como fin la comisi\u00f3n de \u00a0delitos \u00a0graves, \u00a0y \u00a0con \u00a0la \u00a0pena de prisi\u00f3n de uno a tres a\u00f1os en los dem\u00e1s \u00a0casos. \u00a0\u00a0<\/p>\n<p>A \u00a0los \u00a0efectos de este C\u00f3digo se entiende \u00a0por \u00a0organizaci\u00f3n \u00a0criminal la agrupaci\u00f3n formada por m\u00e1s de dos personas con \u00a0car\u00e1cter \u00a0 estable \u00a0o \u00a0por \u00a0tiempo \u00a0indefinido, \u00a0que \u00a0de \u00a0manera \u00a0concertada \u00a0y \u00a0coordinada \u00a0se \u00a0repartan \u00a0diversas \u00a0tareas \u00a0o \u00a0funciones \u00a0con \u00a0el fin de cometer \u00a0delitos, \u00a0as\u00ed \u00a0como \u00a0de \u00a0llevar \u00a0a \u00a0cabo \u00a0la \u00a0perpetraci\u00f3n reiterada de faltas \u00a0[\u2026] \u00a0\u00a0<\/p>\n<p>Art\u00edculo 368. Los \u00a0que \u00a0ejecuten \u00a0actos \u00a0de \u00a0cultivo, \u00a0elaboraci\u00f3n \u00a0o \u00a0tr\u00e1fico, \u00a0o \u00a0de \u00a0otro modo \u00a0promuevan, \u00a0favorezcan \u00a0o \u00a0faciliten \u00a0el \u00a0consumo \u00a0ilegal \u00a0de \u00a0drogas \u00a0t\u00f3xicas, \u00a0estupefacientes \u00a0o \u00a0sustancias \u00a0psicotr\u00f3picas, o las posean con aquellos fines, \u00a0ser\u00e1n \u00a0castigados \u00a0con \u00a0las \u00a0penas de prisi\u00f3n de tres a seis a\u00f1os y multa del \u00a0tanto \u00a0al \u00a0triplo \u00a0del \u00a0valor \u00a0de \u00a0la \u00a0droga \u00a0objeto del delito si se tratare de \u00a0sustancias \u00a0o \u00a0productos que causen grave da\u00f1o a la salud, y de prisi\u00f3n de uno \u00a0a tres a\u00f1os y multa del tanto al duplo en los dem\u00e1s casos [\u2026] \u00a0\u00a0<\/p>\n<p>Art\u00edculo \u00a0 \u00a0 \u00a0 369. \u00a0 \u00a0 Se \u00a0impondr\u00e1n \u00a0las \u00a0penas \u00a0superiores \u00a0en \u00a0grado \u00a0a \u00a0las se\u00f1aladas en el art\u00edculo \u00a0anterior \u00a0y \u00a0multa \u00a0del \u00a0tanto \u00a0al \u00a0cu\u00e1druplo \u00a0cuando \u00a0concurran \u00a0alguna de las \u00a0siguientes circunstancias: \u00a0\u00a0<\/p>\n<p>1\u00aa. \u00a0 El \u00a0 culpable \u00a0 fuere \u00a0 autoridad, \u00a0funcionario \u00a0p\u00fablico, \u00a0facultativo, \u00a0trabajador \u00a0social, \u00a0docente \u00a0o educador y \u00a0obrase en el ejercicio de su cargo, profesi\u00f3n u oficio. \u00a0\u00a0<\/p>\n<p>2\u00aa. \u00a0El \u00a0culpable \u00a0participare \u00a0en \u00a0otras \u00a0actividades \u00a0organizadas \u00a0o \u00a0cuya \u00a0ejecuci\u00f3n se vea facilitada por la comisi\u00f3n \u00a0del delito. \u00a0\u00a0<\/p>\n<p>3\u00aa. \u00a0Los \u00a0hechos \u00a0fueren \u00a0realizados \u00a0en \u00a0establecimientos \u00a0abiertos \u00a0al \u00a0p\u00fablico por los responsables o empleados de los \u00a0mismos. \u00a0\u00a0<\/p>\n<p>4\u00aa. \u00a0Las \u00a0sustancias \u00a0a \u00a0que se refiere el \u00a0art\u00edculo \u00a0 anterior \u00a0 se \u00a0faciliten \u00a0a \u00a0menores \u00a0de \u00a018 \u00a0a\u00f1os, \u00a0a \u00a0disminuidos \u00a0ps\u00edquicos, \u00a0 o \u00a0 a \u00a0personas \u00a0sometidas \u00a0a \u00a0tratamiento \u00a0de \u00a0deshabituaci\u00f3n \u00a0o \u00a0rehabilitaci\u00f3n. \u00a0\u00a0<\/p>\n<p>5\u00aa. \u00a0Fuere \u00a0de \u00a0notoria \u00a0importancia \u00a0la \u00a0cantidad \u00a0de \u00a0las citadas sustancias objeto de las conductas a que se refiere el \u00a0art\u00edculo anterior. \u00a0\u00a0<\/p>\n<p>6\u00aa. Las referidas sustancias se adulteren, \u00a0manipulen \u00a0o \u00a0mezclen entre s\u00ed o con otras, incrementando el posible da\u00f1o a la \u00a0salud. \u00a0\u00a0<\/p>\n<p>7\u00aa. Las conductas descritas en el art\u00edculo \u00a0anterior \u00a0tengan \u00a0lugar \u00a0en \u00a0centros \u00a0docentes, \u00a0en \u00a0centros, establecimientos o \u00a0unidades \u00a0 militares, \u00a0 en \u00a0establecimientos \u00a0penitenciarios \u00a0o \u00a0en \u00a0centros \u00a0de \u00a0deshabituaci\u00f3n o rehabilitaci\u00f3n, o en sus proximidades. \u00a0\u00a0<\/p>\n<p>8\u00aa. \u00a0El \u00a0culpable \u00a0empleare \u00a0violencia \u00a0o \u00a0exhibiere o hiciese uso de armas para cometer el hecho. \u00a0\u00a0<\/p>\n<p>Art\u00edculo 369 bis. \u00a0Cuando \u00a0los \u00a0hechos descritos en el art\u00edculo 368 se hayan realizado por quienes \u00a0pertenecieren \u00a0a \u00a0una \u00a0organizaci\u00f3n \u00a0delictiva, \u00a0se \u00a0impondr\u00e1n \u00a0las \u00a0penas \u00a0de \u00a0prisi\u00f3n \u00a0de \u00a0nueve a doce a\u00f1os y multa del tanto al cu\u00e1druplo del valor de la \u00a0droga \u00a0si se tratara de sustancias y productos que causen grave da\u00f1o a la salud \u00a0y \u00a0de prisi\u00f3n de cuatro a\u00f1os y seis meses a diez a\u00f1os y la misma multa en los \u00a0dem\u00e1s casos [\u2026]\u201d. \u00a0\u00a0<\/p>\n<p>\u00a0 \u00a0\u00a0 \u00a0\u00a0 \u00a0\u00a0De \u00a0esta \u00a0forma, \u00a0las \u00a0conductas \u00a0delictivas \u00a0imputadas al ciudadano \u00a0DIEGO \u00a0 \u00a0FERNANDO \u00a0 \u00a0ECHEVERRI \u00a0 GARC\u00cdA \u00a0tienen \u00a0sus \u00a0equivalentes en los art\u00edculos 340, inciso 2\u00b0, y 376 \u00a0del \u00a0C\u00f3digo Penal colombiano (Ley 599 de 2000), que tipifican, en su orden, los \u00a0delitos \u00a0de \u00a0concierto \u00a0para delinquir agravado y tr\u00e1fico, fabricaci\u00f3n o porte \u00a0de \u00a0estupefacientes \u00a0que \u00a0acarrean \u00a0pena \u00a0de prisi\u00f3n entre ocho (8) a dieciocho \u00a0(18) \u00a0a\u00f1os \u00a0y \u00a0de \u00a0ciento \u00a0veintiocho \u00a0(128) a trescientos sesenta (360) meses, \u00a0respectivamente. \u00a0\u00a0<\/p>\n<p>\u00a0 \u00a0\u00a0 \u00a0\u00a0 \u00a0\u00a0Por \u00a0consiguiente, \u00a0confrontadas \u00a0las \u00a0normas invocadas por el pa\u00eds \u00a0requirente \u00a0con \u00a0las disposiciones internas de Colombia, f\u00e1cilmente se advierte \u00a0que \u00a0los \u00a0il\u00edcitos \u00a0en \u00a0cuesti\u00f3n se encuentran penalizados en los dos Estados, \u00a0con pena superior a un (1) a\u00f1o. \u00a0\u00a0<\/p>\n<p>\u00a0 \u00a0 \u00a0 \u00a0 \u00a0<\/p>\n<p>Causas de improcedencia \u00a0<\/p>\n<p>\u00a0 \u00a0\u00a0 \u00a0\u00a0 \u00a0\u00a0Los \u00a0art\u00edculos \u00a04\u00b0 \u00a0y \u00a05\u00b0 \u00a0del \u00a0Convenio \u00a0aludido \u00a0consagran como \u00a0motivos \u00a0de \u00a0improcedencia \u00a0de \u00a0la \u00a0extradici\u00f3n: \u00a0(i) \u00a0que la persona haya sido \u00a0juzgada \u00a0por los mismos hechos en el Estado requerido, (ii) que la acci\u00f3n penal \u00a0o \u00a0la \u00a0pena se hallen prescritas seg\u00fan las leyes de dicho pa\u00eds, y (iii) que la \u00a0petici\u00f3n se eleve por delitos pol\u00edticos o conexos con ellos. \u00a0\u00a0<\/p>\n<p>\u00a0 \u00a0\u00a0 \u00a0\u00a0 \u00a0\u00a0En \u00a0primer \u00a0lugar, \u00a0se \u00a0tiene \u00a0que \u00a0no obra en la actuaci\u00f3n ning\u00fan \u00a0elemento \u00a0 de \u00a0 juicio \u00a0 que \u00a0 permita \u00a0a \u00a0la \u00a0Corte \u00a0inferir \u00a0que \u00a0ECHEVERRI \u00a0GARC\u00cdA est\u00e9 siendo investigado \u00a0o \u00a0haya sido juzgado en Colombia por los sucesos que se le atribuyen en el pa\u00eds \u00a0reclamante, \u00a0menos \u00a0aun, \u00a0que \u00a0haya sido absuelto por los mismos, hip\u00f3tesis que \u00a0tampoco \u00a0ha \u00a0informado \u00a0el \u00a0pa\u00eds \u00a0requirente, \u00a0el \u00a0ciudadano \u00a0solicitado \u00a0o \u00a0su \u00a0defensa. \u00a0\u00a0<\/p>\n<p>\u00a0 \u00a0\u00a0 \u00a0\u00a0 \u00a0\u00a0De \u00a0otra \u00a0parte, \u00a0no \u00a0se \u00a0vislumbra \u00a0que \u00a0las conductas punibles que \u00a0motivan \u00a0el \u00a0pedimento \u00a0se \u00a0hallen \u00a0prescritas, \u00a0ya que en el auto de detenci\u00f3n \u00a0formulado \u00a0en contra del mencionado se aprecia que se le endilga la realizaci\u00f3n \u00a0de \u00a0delitos \u00a0relacionados \u00a0con el narcotr\u00e1fico acaecidos en Madrid entre el mes \u00a0de \u00a0octubre \u00a0de 2012 y febrero de 2013, siendo estas conductas la que llevaron a \u00a0la \u00a0autoridad \u00a0for\u00e1nea \u00a0a \u00a0colegir \u00a0su \u00a0eventual \u00a0compromiso en los delitos que \u00a0fundan la solicitud. \u00a0\u00a0<\/p>\n<p>\u00a0 \u00a0\u00a0 \u00a0\u00a0 \u00a0\u00a0As\u00ed, \u00a0y \u00a0cotejando \u00a0el \u00a0art\u00edculo \u00a083 \u00a0del \u00a0Estatuto \u00a0Punitivo, que \u00a0establece \u00a0 \u00a0que \u00a0 \u00a0la \u00a0 acci\u00f3n \u00a0 penal \u00a0 prescribe \u00a0\u201c\u2026en un tiempo igual al m\u00e1ximo de la pena fijada \u00a0en \u00a0la \u00a0ley, \u00a0si \u00a0fuere \u00a0privativa \u00a0de \u00a0la \u00a0libertad, pero en ning\u00fan caso ser\u00e1 \u00a0inferior \u00a0a cinco (5) a\u00f1os, \u00a0ni \u00a0 \u00a0exceder\u00e1 \u00a0 \u00a0de \u00a0 \u00a0veinte \u00a0 \u00a0(20)\u2026\u201d, surge \u00a0evidente \u00a0que \u00a0esta, \u00a0a \u00a0la \u00a0fecha, \u00a0no ha fenecido, pues no se ha verificado el \u00a0c\u00f3mputo \u00a0 \u00a0 del \u00a0 \u00a0 t\u00e9rmino \u00a0 \u00a0 m\u00e1ximo \u00a0 \u00a0 consagrado \u00a0 \u00a0 en \u00a0 \u00a0 dicho canon. \u00a0\u00a0<\/p>\n<p>\u00a0 \u00a0\u00a0 \u00a0 \u00a0Por \u00a0 \u00faltimo, \u00a0 es \u00a0 palmario \u00a0 que \u00a0 los \u00a0injustos \u00a0imputados \u00a0al requerido, vinculados con tr\u00e1fico de estupefacientes, \u00a0no tienen connotaci\u00f3n pol\u00edtica. \u00a0\u00a0<\/p>\n<p>En \u00a0 estas \u00a0condiciones, \u00a0 \u00a0 como \u00a0 \u00a0 lo \u00a0 \u00a0se\u00f1al\u00f3 \u00a0 el \u00a0 delegado \u00a0 del \u00a0 Ministerio \u00a0P\u00fablico, \u00a0 \u00a0 \u00a0se \u00a0 \u00a0 satisfacen \u00a0 \u00a0 los \u00a0presupuestos normativos previstos \u00a0en \u00a0 \u00a0la \u00a0 \u00a0legislaci\u00f3n \u00a0 \u00a0nacional \u00a0 y \u00a0 en \u00a0 el \u00a0 instrumento \u00a0 internacional \u00a0aplicables \u00a0 al \u00a0 caso \u00a0para \u00a0 \u00a0acceder \u00a0 \u00a0a \u00a0 \u00a0la \u00a0 solicitud de extradici\u00f3n. \u00a0\u00a0<\/p>\n<p>ACLARACIONES FINALES \u00a0<\/p>\n<p>\u00a0 \u00a0\u00a0 \u00a0\u00a0 \u00a0\u00a01. \u00a0El art\u00edculo 35 de la Constituci\u00f3n Pol\u00edtica, modificado por el \u00a01\u00ba \u00a0del \u00a0Acto \u00a0Legislativo \u00a001 \u00a0de \u00a01997, \u00a0faculta \u00a0conceder la extradici\u00f3n de \u00a0nacionales \u00a0colombianos \u00a0por \u00a0conductas \u00a0que \u00a0se \u00a0consideren \u00a0delictivas \u00a0en \u00a0la \u00a0legislaci\u00f3n \u00a0 patria, \u00a0cuando \u00a0ellas \u00a0se \u00a0hubieren \u00a0cometido \u00a0en \u00a0el \u00a0exterior, \u00a0exceptuando \u00a0el \u00a0mandato \u00a0superior \u00a0los \u00a0delitos \u00a0pol\u00edticos \u00a0y \u00a0aquellos hechos \u00a0cometidos con antelaci\u00f3n al 17 de diciembre de 1997. \u00a0\u00a0<\/p>\n<p>\u00a0 \u00a0\u00a0 \u00a0\u00a0 \u00a0\u00a0Ninguna \u00a0 de \u00a0 tales \u00a0eventualidades \u00a0se \u00a0estructura \u00a0en \u00a0el \u00a0asunto \u00a0analizado, \u00a0en \u00a0tanto \u00a0las conductas imputadas, seg\u00fan se examin\u00f3, no tienen el \u00a0car\u00e1cter \u00a0de \u00a0delito \u00a0pol\u00edtico, los hechos tuvieron repercusi\u00f3n en territorio \u00a0espa\u00f1ol y fueron ejecutados a\u00f1os despu\u00e9s de esa fecha l\u00edmite. \u00a0\u00a0<\/p>\n<p>\u00a0 \u00a0\u00a0 \u00a0\u00a0 \u00a0\u00a02. \u00a0Si \u00a0el \u00a0Gobierno \u00a0Nacional \u00a0accede \u00a0a \u00a0la \u00a0entrega de la persona \u00a0reclamada, \u00a0debe \u00a0condicionarla \u00a0a \u00a0que \u00a0no sea juzgada ni sancionada por hechos \u00a0diferentes \u00a0a \u00a0los \u00a0relacionados \u00a0en la solicitud. Tampoco podr\u00e1 ser sometida a \u00a0tratos \u00a0o \u00a0penas \u00a0crueles, \u00a0inhumanas \u00a0o \u00a0degradantes, ni castigada con prisi\u00f3n \u00a0perpetua. \u00a0Si la legislaci\u00f3n extranjera permite imponer la pena de muerte, debe \u00a0exigirse \u00a0que \u00a0sea \u00a0conmutada seg\u00fan lo indica el art\u00edculo 494 de la Ley 906 de \u00a02004. \u00a0\u00a0<\/p>\n<p>\u00a0 \u00a0\u00a0 \u00a0\u00a0 \u00a0\u00a03. \u00a0Al \u00a0Gobierno \u00a0Nacional \u00a0tambi\u00e9n \u00a0le \u00a0corresponde condicionar la \u00a0entrega \u00a0a \u00a0que \u00a0el pa\u00eds reclamante, de acuerdo a sus pol\u00edticas internas sobre \u00a0la \u00a0materia, \u00a0le ofrezca al requerido posibilidades razonables y reales para que \u00a0pueda \u00a0tener contacto regular con sus familiares m\u00e1s cercanos, considerando que \u00a0el \u00a0art\u00edculo \u00a042 \u00a0de \u00a0la \u00a0Constituci\u00f3n Pol\u00edtica de 1991 reconoce a la familia \u00a0como \u00a0n\u00facleo \u00a0esencial \u00a0de \u00a0la sociedad, garantiza su protecci\u00f3n y reconoce su \u00a0honra, dignidad e intimidad. \u00a0\u00a0<\/p>\n<p>\u00a0 \u00a0\u00a0 \u00a0\u00a0 \u00a0\u00a0De \u00a0la \u00a0misma \u00a0manera, \u00a0se \u00a0exhorta \u00a0al \u00a0Gobierno, encabezado por el \u00a0se\u00f1or \u00a0Presidente \u00a0de \u00a0la \u00a0Rep\u00fablica como Jefe de Estado, para que efect\u00fae el \u00a0respectivo \u00a0seguimiento \u00a0a los condicionamientos que se impongan a la concesi\u00f3n \u00a0de \u00a0la \u00a0extradici\u00f3n \u00a0y \u00a0determine \u00a0las \u00a0consecuencias \u00a0que se derivar\u00edan de su \u00a0eventual \u00a0incumplimiento, \u00a0al \u00a0tenor \u00a0de \u00a0lo \u00a0se\u00f1alado \u00a0en \u00a0el \u00a0ordinal 2\u00b0 del \u00a0art\u00edculo 189 de la Constituci\u00f3n Pol\u00edtica. \u00a0\u00a0<\/p>\n<p>\u00a0 \u00a0 \u00a0 \u00a0 \u00a0<\/p>\n<p>4. Por \u00faltimo, el tiempo en que el ciudadano \u00a0estuvo \u00a0detenido \u00a0por \u00a0cuenta \u00a0del \u00a0tr\u00e1mite \u00a0debe \u00a0serle \u00a0reconocido como parte \u00a0cumplida \u00a0de \u00a0la \u00a0posible \u00a0sanci\u00f3n \u00a0que \u00a0se \u00a0le \u00a0imponga. \u00a0Y \u00a0en \u00a0el \u00a0caso \u00a0que \u00a0DIEGO \u00a0 FERNANDO \u00a0 ECHEVERRI \u00a0 GARC\u00cdA \u00a0 sea \u00a0absuelto \u00a0o \u00a0declarado \u00a0no \u00a0culpable \u00a0de \u00a0los cargos que dieron \u00a0origen \u00a0a \u00a0su \u00a0extradici\u00f3n \u00a0y \u00a0dejado en libertad, el Estado requirente deber\u00e1 \u00a0asumir \u00a0los \u00a0gastos \u00a0de transporte y manutenci\u00f3n del extraditado, con destino a \u00a0su pa\u00eds natal. \u00a0\u00a0<\/p>\n<p>\u00a0 \u00a0\u00a0 \u00a0\u00a0 \u00a0\u00a0En \u00a0m\u00e9rito \u00a0de \u00a0lo \u00a0expuesto, \u00a0la \u00a0SALA DE \u00a0CASACI\u00d3N \u00a0PENAL \u00a0DE \u00a0LA \u00a0CORTE \u00a0SUPREMA \u00a0DE \u00a0JUSTICIA, \u00a0\u00a0<\/p>\n<p>CONCEPTUA \u00a0<\/p>\n<p>\u00a0 \u00a0\u00a0 \u00a0\u00a0 \u00a0\u00a0FAVORABLEMENTE \u00a0 sobre \u00a0la \u00a0petici\u00f3n \u00a0de \u00a0extradici\u00f3n \u00a0del \u00a0ciudadano \u00a0colombiano DIEGO FERNANDO \u00a0ECHEVERRI \u00a0 GARC\u00cdA, \u00a0requerido \u00a0por \u00a0el \u00a0Gobierno \u00a0de \u00a0Espa\u00f1a \u00a0a \u00a0trav\u00e9s de su embajada en Colombia, para que comparezca en ese pa\u00eds \u00a0por los hechos a que se concreta la solicitud. \u00a0\u00a0<\/p>\n<p>\u00a0 \u00a0\u00a0 \u00a0 \u00a0Por \u00a0la Secretar\u00eda de la Sala comun\u00edquese esta determinaci\u00f3n al \u00a0requerido, a su defensor, \u00a0al \u00a0 \u00a0Agente \u00a0 del \u00a0 Ministerio \u00a0 P\u00fablico \u00a0 y \u00a0 al \u00a0 Fiscal \u00a0 General \u00a0 de \u00a0 la \u00a0Naci\u00f3n. \u00a0\u00a0<\/p>\n<p>\u00a0 \u00a0\u00a0 \u00a0\u00a0 \u00a0\u00a0Devu\u00e9lvase \u00a0el \u00a0expediente \u00a0al Ministerio de Justicia y del Derecho \u00a0para los tr\u00e1mites subsiguientes de ley. \u00a0\u00a0<\/p>\n<p>FERNANDO ALBERTO CASTRO CABALLERO \u00a0<\/p>\n<p>Presidente \u00a0<\/p>\n<p>JOS\u00c9 LUIS BARCEL\u00d3 CAMACHO \u00a0<\/p>\n<p>JOS\u00c9 LEONIDAS BUSTOS MART\u00cdNEZ \u00a0<\/p>\n<p>EUGENIO FERN\u00c1NDEZ CARLIER \u00a0<\/p>\n<p>MAR\u00cdA \u00a0 \u00a0 DEL \u00a0 \u00a0ROSARIO \u00a0 \u00a0GONZ\u00c1LEZ \u00a0MU\u00d1OZ \u00a0\u00a0<\/p>\n<p>GUSTAVO ENRIQUE MALO FERN\u00c1NDEZ \u00a0<\/p>\n<p>EYDER PATI\u00d1O CABRERA \u00a0<\/p>\n<p>PATRICIA SALAZAR CU\u00c9LLAR \u00a0<\/p>\n<p>LUIS GUILLERMO SALAZAR OTERO \u00a0<\/p>\n<p>NUBIA YOLANDA NOVA GARC\u00cdA \u00a0<\/p>\n<p>Secretaria \u00a0 \u00a0<\/p>\n<p>1 \u00a0Folio 70 y siguientes cuaderno de anexos \u00a0 \u00a0\u00a0<\/p>\n<p><\/p>\n","protected":false},"excerpt":{"rendered":"<p>\u00a0 \u00a0 \u00a0\u00a0 CORTE SUPREMA DE JUSTICIA \u00a0 SALA DE CASACI\u00d3N PENAL \u00a0 JOS\u00c9 LUIS BARCEL\u00d3 CAMACHO \u00a0 Magistrado Ponente \u00a0 CP212-2014 \u00a0 Radicaci\u00f3n N\u00b0 44787 \u00a0 (Aprobado acta N\u00b0 428) \u00a0 \u00a0 \u00a0\u00a0 \u00a0\u00a0 \u00a0\u00a0Bogot\u00e1, \u00a0 D. \u00a0C., \u00a0diez \u00a0(10) \u00a0de \u00a0diciembre \u00a0de \u00a0dos \u00a0mil \u00a0catorce \u00a0(2014). \u00a0\u00a0 \u00a0 \u00a0\u00a0 \u00a0\u00a0 \u00a0\u00a0Procede \u00a0 la [&hellip;]<\/p>\n","protected":false},"author":1,"featured_media":0,"comment_status":"open","ping_status":"open","sticky":false,"template":"","format":"standard","meta":{"footnotes":""},"categories":[22],"tags":[],"class_list":["post-29959","post","type-post","status-publish","format-standard","hentry","category-22"],"_links":{"self":[{"href":"https:\/\/dmsjuridica.com\/buscador_20179478954\/salapenalcronologico20230723\/wp-json\/wp\/v2\/posts\/29959","targetHints":{"allow":["GET"]}}],"collection":[{"href":"https:\/\/dmsjuridica.com\/buscador_20179478954\/salapenalcronologico20230723\/wp-json\/wp\/v2\/posts"}],"about":[{"href":"https:\/\/dmsjuridica.com\/buscador_20179478954\/salapenalcronologico20230723\/wp-json\/wp\/v2\/types\/post"}],"author":[{"embeddable":true,"href":"https:\/\/dmsjuridica.com\/buscador_20179478954\/salapenalcronologico20230723\/wp-json\/wp\/v2\/users\/1"}],"replies":[{"embeddable":true,"href":"https:\/\/dmsjuridica.com\/buscador_20179478954\/salapenalcronologico20230723\/wp-json\/wp\/v2\/comments?post=29959"}],"version-history":[{"count":0,"href":"https:\/\/dmsjuridica.com\/buscador_20179478954\/salapenalcronologico20230723\/wp-json\/wp\/v2\/posts\/29959\/revisions"}],"wp:attachment":[{"href":"https:\/\/dmsjuridica.com\/buscador_20179478954\/salapenalcronologico20230723\/wp-json\/wp\/v2\/media?parent=29959"}],"wp:term":[{"taxonomy":"category","embeddable":true,"href":"https:\/\/dmsjuridica.com\/buscador_20179478954\/salapenalcronologico20230723\/wp-json\/wp\/v2\/categories?post=29959"},{"taxonomy":"post_tag","embeddable":true,"href":"https:\/\/dmsjuridica.com\/buscador_20179478954\/salapenalcronologico20230723\/wp-json\/wp\/v2\/tags?post=29959"}],"curies":[{"name":"wp","href":"https:\/\/api.w.org\/{rel}","templated":true}]}}