{"id":29951,"date":"2023-09-13T14:23:14","date_gmt":"2023-09-13T14:23:14","guid":{"rendered":"https:\/\/dmsjuridica.com\/buscador_20179478954\/salapenalcronologico20230723\/2023\/09\/13\/cp203-201444170\/"},"modified":"2023-09-13T14:23:14","modified_gmt":"2023-09-13T14:23:14","slug":"cp203-201444170","status":"publish","type":"post","link":"https:\/\/dmsjuridica.com\/buscador_20179478954\/salapenalcronologico20230723\/2023\/09\/13\/cp203-201444170\/","title":{"rendered":"CP203-2014(44170)"},"content":{"rendered":"\n<p>\u00a0 \u00a0 \u00a0\u00a0<\/p>\n<p>CORTE SUPREMA DE JUSTICIA \u00a0<\/p>\n<p>SALA DE CASACI\u00d3N PENAL \u00a0<\/p>\n<p>MAR\u00cdA DEL ROSARIO GONZ\u00c1LEZ MU\u00d1OZ \u00a0<\/p>\n<p>Magistrada Ponente \u00a0<\/p>\n<p>CP203-2014 \u00a0<\/p>\n<p>Radicaci\u00f3n No. 44170 \u00a0<\/p>\n<p>Aprobado Acta No. 420 \u00a0<\/p>\n<p>Bogot\u00e1 \u00a0D.C., tres (3) de diciembre de dos \u00a0mil catorce (2014) \u00a0\u00a0<\/p>\n<p>VISTOS \u00a0<\/p>\n<p>Procede \u00a0la \u00a0Corporaci\u00f3n a emitir concepto \u00a0sobre \u00a0la \u00a0solicitud del Gobierno de Espa\u00f1a orientada a obtener la extradici\u00f3n \u00a0de \u00a0la \u00a0ciudadana \u00a0colombiana \u00a0LILIANA ASTRID S\u00c1NCHEZ \u00a0HERN\u00c1NDEZ. \u00a0\u00a0<\/p>\n<p>ANTECEDENTES \u00a0\u00a0<\/p>\n<p>Mediante Nota Verbal No. 207 del 3 de junio \u00a0de \u00a02014 \u00a0la \u00a0Embajada \u00a0de \u00a0Espa\u00f1a \u00a0impetr\u00f3 \u00a0ante \u00a0el \u00a0Gobierno de Colombia la \u00a0detenci\u00f3n \u00a0 \u00a0preventiva \u00a0 \u00a0con \u00a0 \u00a0fines \u00a0 de \u00a0 extradici\u00f3n \u00a0 de \u00a0 LILIANA \u00a0 ASTRID \u00a0 S\u00c1NCHEZ \u00a0HERN\u00c1NDEZ, \u00a0requerida \u00a0por \u00a0la \u00a0Secci\u00f3n VI de la Audiencia Provincial de Las Palmas de Gran \u00a0Canaria \u00a0para \u00a0cumplir \u00a0la \u00a0pena impuesta en la sentencia del 17 de diciembre de \u00a02010 por un delito contra la salud p\u00fablica. \u00a0\u00a0<\/p>\n<p>Con fundamento en esa petici\u00f3n la Fiscal\u00eda \u00a0General \u00a0de \u00a0la \u00a0Naci\u00f3n \u00a0decret\u00f3, \u00a0el \u00a09 \u00a0de \u00a0junio \u00a0de \u00a02014, \u00a0la \u00a0captura de \u00a0S\u00c1NCHEZ \u00a0HERN\u00c1NDEZ, \u00a0la \u00a0cual \u00a0se \u00a0le \u00a0notific\u00f3 \u00a0en \u00a0su \u00a0sitio \u00a0de \u00a0reclusi\u00f3n \u00a0por \u00a0cuanto \u00a0hab\u00eda sido \u00a0aprehendida \u00a0 el \u00a0 d\u00eda \u00a0 3 \u00a0 del \u00a0 mismo \u00a0 mes \u00a0 en \u00a0Dosquebradas \u00a0(Risaralda), \u00a0en virtud de Circular de la \u00a0Interpol No. A-4133\/6-2014. \u00a0\u00a0<\/p>\n<p>Con \u00a0Nota \u00a0Verbal No. 252 del 2 de julio de \u00a02014, \u00a0la \u00a0Representaci\u00f3n \u00a0Diplom\u00e1tica \u00a0del \u00a0Reino \u00a0de \u00a0Espa\u00f1a \u00a0formaliz\u00f3 la \u00a0solicitud de extradici\u00f3n. \u00a0\u00a0<\/p>\n<p>A \u00a0su \u00a0vez, \u00a0el \u00a0Ministerio \u00a0de \u00a0Relaciones \u00a0Exteriores, \u00a0con \u00a0oficio \u00a0DIAJI \u00a0No. \u00a01410 \u00a0del 9 de julio de 2014 dirigido a la \u00a0Cartera de Justicia y del Derecho, conceptu\u00f3: \u00a0\u00a0<\/p>\n<p>\u201cConforme a lo \u00a0establecido \u00a0 en \u00a0 nuestra \u00a0legislaci\u00f3n \u00a0procesal \u00a0penal \u00a0interna, \u00a0me \u00a0permito \u00a0manifestar que los tratados aplicables al presente caso son: \u00a0\u00a0<\/p>\n<p>1. \u00a0La \u00a0\u201cConvenci\u00f3n \u00a0de \u00a0Extradici\u00f3n de \u00a0Reos\u201d, suscrita en Bogot\u00e1 D.C., el 23 de julio de 1892. \u00a0\u00a0<\/p>\n<p>2. \u00a0El \u00a0\u201cProtocolo \u00a0modificatorio \u00a0a \u00a0la \u00a0Convenci\u00f3n \u00a0de \u00a0Extradici\u00f3n \u00a0entre \u00a0la \u00a0Rep\u00fablica \u00a0de \u00a0Colombia y el Reino de \u00a0Espa\u00f1a\u201d, \u00a0 adoptado \u00a0 en \u00a0 Madrid, \u00a0 el \u00a0 16 \u00a0de \u00a0marzo \u00a0de \u00a01999\u201d1. \u00a0\u00a0<\/p>\n<p>Por \u00a0su \u00a0parte, \u00a0la \u00a0Jefe \u00a0de la Oficina de \u00a0Asuntos \u00a0Internacionales del Ministerio de Justicia y del Derecho con oficio No. \u00a0OFI14-0016002-OAI-1100 \u00a0del \u00a015 de julio de 2014 remiti\u00f3 a esta Corporaci\u00f3n la \u00a0solicitud de extradici\u00f3n con la documentaci\u00f3n reunida. \u00a0\u00a0<\/p>\n<p>La \u00a0Sala, \u00a0en \u00a0decisi\u00f3n \u00a0del \u00a029 \u00a0de julio \u00a0\u00faltimo, \u00a0asumi\u00f3 \u00a0el \u00a0conocimiento \u00a0de \u00a0la \u00a0petici\u00f3n y requiri\u00f3 a \u00a0S\u00c1NCHEZ \u00a0HERN\u00c1NDEZ la designaci\u00f3n de \u00a0apoderado \u00a0que \u00a0lo \u00a0asista \u00a0en \u00a0el \u00a0tr\u00e1mite. \u00a0Cumplido \u00a0lo anterior, defensor y \u00a0reclamada \u00a0impetraron \u00a0el tr\u00e1mite simplificado de extradici\u00f3n: sin embargo, el \u00a0Ministerio \u00a0 \u00a0P\u00fablico \u00a0 \u00a0no \u00a0 coadyuv\u00f3 \u00a0la \u00a0solicitud porque la se\u00f1ora LILIANA \u00a0ASTRID \u00a0manifest\u00f3 \u00a0en la entrevista de verificaci\u00f3n \u00a0de \u00a0garant\u00edas, \u00a0\u201cNo \u00a0tengo claro el tr\u00e1mite de la \u00a0extradici\u00f3n \u00a0simplificada \u00a0hasta \u00a0que \u00a0no \u00a0hable \u00a0con mi abogado\u2026\u201d, \u00a0 de \u00a0 lo \u00a0 cual \u00a0 dedujo \u00a0 la \u00a0 ausencia \u00a0de \u00a0los \u00a0requisitos \u00a0legales. \u00a0\u00a0<\/p>\n<p>En \u00a0virtud \u00a0de \u00a0lo \u00a0anterior, la Magistrada \u00a0Ponente \u00a0dispuso \u00a0continuar \u00a0con \u00a0el \u00a0tr\u00e1mite \u00a0ordinario, surti\u00f3 traslado para \u00a0postulaciones \u00a0 probatorias, \u00a0sin \u00a0que \u00a0hicieran \u00a0uso \u00a0de \u00a0esa \u00a0prerrogativa \u00a0y, \u00a0finalmente, abri\u00f3 t\u00e9rminos para alegar de conclusi\u00f3n.\u00a0 \u00a0\u00a0<\/p>\n<p>\u00a0 \u00a0\u00a0 \u00a0\u00a0 \u00a0Documentos aportados con la solicitud de extradici\u00f3n \u00a0\u00a0<\/p>\n<p>\u00a0 \u00a0 \u00a0 \u00a0 \u00a0<\/p>\n<p>\u00a0 \u00a0\u00a0 \u00a0\u00a0 \u00a0(i) \u00a0 Solicitud \u00a0 de \u00a0 extradici\u00f3n \u00a0 suscrita \u00a0por \u00a0el \u00a0Magistrado \u00a0Presidente \u00a0de \u00a0la \u00a0Audiencia \u00a0Provincial \u00a0Las \u00a0Palmas, \u00a0Secci\u00f3n VI2, \u00a0la \u00a0cual \u00a0incluye \u00a0 el \u00a0relato \u00a0de \u00a0los \u00a0hechos, \u00a0la \u00a0filiaci\u00f3n \u00a0de \u00a0la \u00a0reclamada \u00a0y \u00a0la \u00a0transcripci\u00f3n \u00a0 de \u00a0 las \u00a0 normas \u00a0 aplicables \u00a0 al \u00a0 caso, \u00a0incluidas \u00a0las \u00a0de \u00a0prescripci\u00f3n. \u00a0\u00a0<\/p>\n<p>\u00a0 \u00a0\u00a0 \u00a0\u00a0 \u00a0(ii) \u00a0Sentencia del 17 de diciembre de 2010 de la Secci\u00f3n Sexta de \u00a0la \u00a0Audiencia \u00a0Provincial de Las Palmas de Gran Canaria, por cuyo medio conden\u00f3 \u00a0a \u00a0LILIANA \u00a0ASTRID \u00a0S\u00c1NCHEZ \u00a0HERN\u00c1NDEZ a \u00a0la \u00a0pena \u00a0de \u00a0cuatro a\u00f1os de prisi\u00f3n, inhabilitaci\u00f3n especial \u00a0para \u00a0el \u00a0derecho del sufragio pasivo por el mismo lapso y multa de 34.000 euros \u00a0como \u00a0autora \u00a0responsable \u00a0de \u00a0un \u00a0delito \u00a0contra \u00a0la salud p\u00fablica3. \u00a0\u00a0<\/p>\n<p>(iii) Auto del 23 de agosto de 2013 mediante \u00a0el \u00a0que \u00a0la \u00a0citada \u00a0autoridad \u00a0declara en firme la pena impuesta a S\u00c1NCHEZ \u00a0 \u00a0 \u00a0 \u00a0 \u00a0 HERN\u00c1NDEZ4. \u00a0\u00a0<\/p>\n<p>(iv) Auto del 30 de enero de 2013 a trav\u00e9s \u00a0del \u00a0cual \u00a0la \u00a0Secci\u00f3n \u00a0Sexta \u00a0de la Audiencia Provincial de Las Palmas de Gran \u00a0Canaria \u00a0decreta \u00a0la \u00a0b\u00fasqueda y captura de la declarada penalmente responsable \u00a0para \u00a0 \u00a0 \u00a0 \u00a0cumplir \u00a0 \u00a0 \u00a0 \u00a0la \u00a0 \u00a0 \u00a0 \u00a0sentencia5. \u00a0\u00a0<\/p>\n<p>(v) \u00a0Normatividad \u00a0espa\u00f1ola \u00a0aplicable \u00a0al \u00a0caso6. \u00a0\u00a0<\/p>\n<p>(vi) \u00a0 Datos \u00a0 de \u00a0 identidad \u00a0 de \u00a0 la \u00a0requerida7. \u00a0\u00a0<\/p>\n<p>ALEGATOS \u00a0DE CONCLUSI\u00d3N \u00a0\u00a0<\/p>\n<p>\u00a0 \u00a0\u00a0 \u00a0\u00a0 \u00a0El \u00a0Procurador \u00a0Segundo \u00a0Delegado \u00a0para la Casaci\u00f3n Penal solicita \u00a0conceptuar \u00a0favorablemente \u00a0a \u00a0la \u00a0petici\u00f3n \u00a0de \u00a0extradici\u00f3n \u00a0de \u00a0LILIANA \u00a0ASTRID \u00a0S\u00c1NCHEZ \u00a0HERN\u00c1NDEZ por \u00a0estar \u00a0presentes \u00a0las \u00a0exigencias \u00a0contenidas en la normatividad aplicable, esto \u00a0es, \u00a0 en \u00a0la \u00a0Convenci\u00f3n \u00a0de \u00a0Extradici\u00f3n \u00a0de \u00a0Reos \u00a0del \u00a0 23 \u00a0 de \u00a0 julio \u00a0de \u00a01892 \u00a0y \u00a0el \u00a0Protocolo \u00a0modificatorio \u00a0a la Convenci\u00f3n de extradici\u00f3n entre la \u00a0Rep\u00fablica \u00a0 \u00a0 de \u00a0 \u00a0 Colombia \u00a0 \u00a0 y \u00a0 \u00a0el \u00a0 \u00a0Reino \u00a0 \u00a0de \u00a0 \u00a0Espa\u00f1a. \u00a0\u00a0<\/p>\n<p>\u00a0 \u00a0\u00a0 \u00a0\u00a0 \u00a0Lo \u00a0anterior \u00a0porque \u00a0el \u00a0requerimiento \u00a0fue \u00a0presentado \u00a0por \u00a0v\u00eda \u00a0diplom\u00e1tica, \u00a0raz\u00f3n por la cual est\u00e1 exento del requisito de legalizaci\u00f3n, y \u00a0se \u00a0adjunt\u00f3 \u00a0copia \u00a0de \u00a0la \u00a0sentencia condenatoria debidamente ejecutoriada. De \u00a0otra \u00a0parte, los datos de identidad suministrados coinciden con los que a nombre \u00a0de \u00a0LILIANA \u00a0ASTRID \u00a0S\u00c1NCHEZ HERN\u00c1NDEZ reposan \u00a0en \u00a0la c\u00e9dula de ciudadan\u00eda No. 42.008.506 de la base de \u00a0datos de la Registradur\u00eda Nacional de Estado Civil.\u00a0 \u00a0\u00a0<\/p>\n<p>\u00a0 \u00a0\u00a0 \u00a0\u00a0 \u00a0En \u00a0cuanto \u00a0al \u00a0delito \u00a0que \u00a0motiva \u00a0la \u00a0solicitud, \u00a0se\u00f1ala que el \u00a0concierto \u00a0para \u00a0delinquir \u00a0est\u00e1 sancionado en Colombia en el art\u00edculo 340 del \u00a0C\u00f3digo \u00a0Penal \u00a0con una pena que excede el a\u00f1o exigido en el convenio aplicable \u00a0para autorizar la extradici\u00f3n. \u00a0\u00a0<\/p>\n<p>\u00a0 \u00a0\u00a0 \u00a0\u00a0 \u00a0Por \u00a0\u00faltimo, \u00a0no \u00a0encuentra \u00a0presente \u00a0ninguna \u00a0de las causales de \u00a0improcedencia \u00a0de \u00a0la extradici\u00f3n, en tanto la sanci\u00f3n penal no ha prescrito y \u00a0no \u00a0se \u00a0ha \u00a0ejercido \u00a0con \u00a0antelaci\u00f3n \u00a0la \u00a0jurisdicci\u00f3n \u00a0en relaci\u00f3n el mismo \u00a0delito. \u00a0Con \u00a0todo, \u00a0pide \u00a0que \u00a0en \u00a0el \u00a0evento de emitirse concepto favorable al \u00a0requerimiento, \u00a0se \u00a0exhorte \u00a0al \u00a0Gobierno \u00a0Nacional \u00a0para \u00a0que advierta al pa\u00eds \u00a0reclamante \u00a0sobre \u00a0el \u00a0reconocimiento \u00a0de \u00a0derechos \u00a0y \u00a0garant\u00edas al procesado. \u00a0\u00a0<\/p>\n<p>\u00a0 \u00a0\u00a0 \u00a0\u00a0 \u00a0 \u00a0 \u00a0 \u00a0 \u00a0 \u00a0\u00a0<\/p>\n<p>CONSIDERACIONES DE LA CORTE \u00a0<\/p>\n<p>Trat\u00e1ndose \u00a0 de \u00a0un \u00a0concepto \u00a0sobre \u00a0la \u00a0viabilidad \u00a0de \u00a0una extradici\u00f3n, acorde con lo previsto en los art\u00edculos 490 a \u00a0504 \u00a0de \u00a0la \u00a0Ley \u00a0906 \u00a0de \u00a02004, \u00a0la \u00a0Corte \u00a0debe concentrarse en corroborar los \u00a0siguientes \u00a0aspectos: \u00a0(i) \u00a0demostraci\u00f3n \u00a0de la plena identidad del solicitado; \u00a0(ii) \u00a0validez \u00a0formal \u00a0de \u00a0la \u00a0documentaci\u00f3n \u00a0presentada \u00a0como \u00a0soporte \u00a0de \u00a0la \u00a0solicitud; \u00a0(iii) \u00a0principio \u00a0de \u00a0doble \u00a0incriminaci\u00f3n; (iv) equivalencia de la \u00a0providencia \u00a0 extranjera \u00a0con \u00a0la \u00a0resoluci\u00f3n \u00a0de \u00a0acusaci\u00f3n \u00a0colombiana; \u00a0(v) \u00a0cumplimiento de los tratados, si fuere el caso. \u00a0\u00a0<\/p>\n<p>En el evento \u00a0bajo \u00a0examen, \u00a0el \u00a0Ministerio de \u00a0Relaciones \u00a0Exteriores \u00a0de Colombia conceptu\u00f3 que los \u00a0tratados \u00a0aplicables \u00a0son la \u00a0\u201cConvenci\u00f3n \u00a0de \u00a0Extradici\u00f3n \u00a0de Reos\u201d \u00a0del 23 de \u00a0julio \u00a0de \u00a01892 \u00a0 \u00a0 \u00a0 y \u00a0 \u00a0 \u00a0 el \u00a0 \u00a0 \u00a0\u201cProtocolo modificatorio a \u00a0 \u00a0 \u00a0la \u00a0 \u00a0 \u00a0Convenci\u00f3n \u00a0 \u00a0de \u00a0 \u00a0Extradici\u00f3n \u00a0 \u00a0entre \u00a0 \u00a0la \u00a0Rep\u00fablica \u00a0 \u00a0de \u00a0 \u00a0Colombia \u00a0 \u00a0y \u00a0 el \u00a0 Reino \u00a0 de \u00a0Espa\u00f1a\u201d, \u00a0adoptado \u00a0el \u00a016 de marzo de 1999. \u00a0\u00a0<\/p>\n<p>En \u00a0 ese \u00a0 orden, \u00a0 el \u00a0art\u00edculo \u00a0III \u00a0del \u00a0Protocolo \u00a0modificatorio \u00a0a la Convenci\u00f3n \u00a0 \u00a0 \u00a0 \u00a0 \u00a0 \u00a0 \u00a0prev\u00e9 \u00a0 \u00a0la \u00a0 extradici\u00f3n \u00a0 para \u00a0las \u00a0personas \u00a0\u201ca \u00a0quienes \u00a0las autoridades judiciales de \u00a0la \u00a0Parte \u00a0requirente persiguieren por alg\u00fan delito o \u00a0buscaren \u00a0para \u00a0la ejecuci\u00f3n de una pena privativa de \u00a0libertad \u00a0 no \u00a0inferior \u00a0a \u00a0un \u00a0(1) \u00a0a\u00f1o\u201d. \u00a0\u00a0<\/p>\n<p>As\u00ed \u00a0mismo, \u00a0el \u00a0canon \u00a0 \u00a0 \u00a0 \u00a0VIII \u00a0 \u00a0 \u00a0 \u00a0del \u00a0 \u00a0 \u00a0 \u201cConvenio \u00a0de \u00a0Extradici\u00f3n \u00a0de \u00a0Reos\u201d \u00a0establece \u00a0que \u00a0la \u00a0demanda de extradici\u00f3n \u00a0 debe \u00a0 ser \u00a0 presentada \u00a0 por \u00a0 v\u00eda \u00a0diplom\u00e1tica, \u00a0acompa\u00f1ada \u00a0de \u00a0 \u00a0 los \u00a0 \u00a0siguientes \u00a0 \u00a0documentos: \u00a0\u00a0<\/p>\n<p>\u201c1. Si se trata \u00a0de \u00a0un \u00a0criminal \u00a0condenado \u00a0y evadido, se presentar\u00e1 \u00a0copia autorizada de la sentencia. \u00a0\u00a0<\/p>\n<p>2. Cuando se refiera a un individuo acusado \u00a0o \u00a0perseguido, se requerir\u00e1 \u00a0copia \u00a0autorizada \u00a0del \u00a0mandamiento de prisi\u00f3n o auto \u00a0de \u00a0proceder \u00a0expedido contra \u00e9l, o de cualquier otro \u00a0documento \u00a0que \u00a0tenga la misma fuerza que dicho auto y \u00a0precise \u00a0 igualmente \u00a0 los \u00a0 hechos \u00a0denunciados \u00a0y \u00a0la \u00a0disposici\u00f3n que le sea aplicable. \u00a0\u00a0<\/p>\n<p>3. \u00a0Las \u00a0se\u00f1as \u00a0personales \u00a0del \u00a0reo \u00a0o \u00a0encausado, \u00a0hasta donde sea \u00a0posible, \u00a0 \u00a0 \u00a0para \u00a0 \u00a0 \u00a0facilitar \u00a0 \u00a0 su \u00a0 \u00a0 busca \u00a0 \u00a0 y \u00a0 \u00a0 arresto\u201d. \u00a0\u00a0<\/p>\n<p>Y \u00a0el canon IV \u00a0de \u00a0 \u00a0dicho \u00a0 tratado \u00a0prev\u00e9 \u00a0que \u00a0no \u00a0habr\u00e1 \u00a0extradici\u00f3n, \u00a0\u201c1. \u00a0Cuando \u00a0se \u00a0pida por un crimen o delito por \u00a0el \u00a0cual el individuo reclamado sufre o ha sufrido ya \u00a0la \u00a0pena, \u00a0o \u00a0que \u00a0ha \u00a0sido juzgado y absuelto en el \u00a0territorio \u00a0de la otra Parte contratante. \u00a02. Si se ha cumplido la prescripci\u00f3n \u00a0de la acci\u00f3n \u00a0o \u00a0de \u00a0la \u00a0pena, \u00a0seg\u00fan \u00a0las \u00a0leyes \u00a0del pa\u00eds a quien el reo \u00a0sea \u00a0reclamado\u201d. \u00a0Y el \u00a0art\u00edculo \u00a0 \u00a0V \u00a0 \u00a0establece \u00a0 \u00a0que \u00a0 \u00a0\u201cNo \u00a0 \u00a0se \u00a0 conceder\u00e1 \u00a0 \u00a0 la \u00a0 \u00a0 extradici\u00f3n \u00a0 por \u00a0 delitos \u00a0 pol\u00edticos \u00a0 \u00a0o \u00a0 \u00a0por \u00a0 \u00a0hechos \u00a0 \u00a0que \u00a0 tengan \u00a0 conexi\u00f3n con ellos\u2026\u201d. \u00a0\u00a0<\/p>\n<p>De \u00a0esta manera, los aspectos que la Corte \u00a0debe \u00a0 constatar \u00a0 en \u00a0 punto \u00a0 de \u00a0 emitir \u00a0 concepto \u00a0sobre \u00a0la \u00a0solicitud \u00a0de \u00a0extradici\u00f3n \u00a0 \u00a0presentada \u00a0 \u00a0por \u00a0 \u00a0el \u00a0 Gobierno \u00a0de \u00a0Espa\u00f1a \u00a0 \u00a0en \u00a0 \u00a0relaci\u00f3n \u00a0 con \u00a0 LILIANA \u00a0ASTRID \u00a0 \u00a0 \u00a0 \u00a0S\u00c1NCHEZ \u00a0 \u00a0 \u00a0 HERN\u00c1NDEZ \u00a0son \u00a0los siguientes: \u00a0\u00a0<\/p>\n<p>i) Que el pedido \u00a0de \u00a0 \u00a0extradici\u00f3n \u00a0 \u00a0se \u00a0 \u00a0haya \u00a0 formulado \u00a0 por \u00a0v\u00eda \u00a0 \u00a0 \u00a0 \u00a0 \u00a0 \u00a0 \u00a0 diplom\u00e1tica, \u00a0 \u00a0 \u00a0 situaci\u00f3n \u00a0 \u00a0que \u00a0 \u00a0exime \u00a0 \u00a0del \u00a0 requisito \u00a0de \u00a0 \u00a0 \u00a0 \u00a0 \u00a0 \u00a0 \u00a0 \u00a0 \u00a0 \u00a0legalizaci\u00f3n; \u00a0\u00a0<\/p>\n<p>ii) \u00a0En el caso \u00a0de \u00a0personas \u00a0condenadas, \u00a0se \u00a0 requerir\u00e1 \u00a0 copia \u00a0autorizada \u00a0de \u00a0 \u00a0la \u00a0sentencia; \u00a0\u00a0<\/p>\n<p>iii) \u00a0Que el hecho por el cual se solicita \u00a0la \u00a0 \u00a0 extradici\u00f3n \u00a0 \u00a0tenga \u00a0 \u00a0car\u00e1cter \u00a0 \u00a0 delictivo \u00a0 \u00a0 en \u00a0 \u00a0 ambos \u00a0pa\u00edses, \u00a0 \u00a0 con \u00a0 \u00a0 independencia \u00a0 \u00a0 de \u00a0 \u00a0 la \u00a0denominaci\u00f3n \u00a0 \u00a0 que \u00a0 \u00a0 reciba, \u00a0 \u00a0y \u00a0 \u00a0tenga \u00a0 prevista \u00a0 una \u00a0 \u00a0pena \u00a0 \u00a0m\u00ednima \u00a0 superior \u00a0 a \u00a0un \u00a0a\u00f1o \u00a0de \u00a0prisi\u00f3n \u00a0(principio \u00a0 de \u00a0 doble \u00a0 incriminaci\u00f3n); \u00a0\u00a0<\/p>\n<p>iv) \u00a0Que \u00a0no \u00a0est\u00e9 \u00a0 \u00a0 prescrita \u00a0 \u00a0 la \u00a0 \u00a0 acci\u00f3n \u00a0 \u00a0o \u00a0 \u00a0la \u00a0 \u00a0pena, \u00a0 \u00a0conforme \u00a0 a \u00a0 las \u00a0 leyes \u00a0 del \u00a0 Estado \u00a0requerido; \u00a0\u00a0<\/p>\n<p>v) \u00a0Que \u00a0el individuo no haya sido \u00a0 juzgado \u00a0 por \u00a0 el \u00a0mismo \u00a0delito \u00a0en \u00a0el \u00a0pa\u00eds requerido; \u00a0\u00a0<\/p>\n<p>vi) \u00a0 Que \u00a0no \u00a0se \u00a0trate \u00a0de \u00a0un \u00a0delito \u00a0pol\u00edtico \u00a0 \u00a0 o \u00a0 \u00a0 conexo \u00a0 \u00a0a \u00a0 \u00a0\u00e9l. \u00a0\u00a0<\/p>\n<p>Conducto \u00a0 \u00a0 \u00a0diplom\u00e1tico \u00a0 \u00a0y \u00a0 documentaci\u00f3n necesaria \u00a0\u00a0<\/p>\n<p>Con \u00a0fundamento \u00a0en \u00a0lo \u00a0preceptuado en el \u00a0art\u00edculo \u00a0 \u00a0 \u00a0 \u00a0 \u00a0 \u00a0 \u00a0 \u00a0VIII \u00a0 \u00a0 \u00a0 del \u00a0 \u00a0 \u00a0 Convenio \u00a0 de \u00a0Extradici\u00f3n \u00a0 de \u00a0 Reos, \u00a0 la \u00a0 solicitud \u00a0debe \u00a0efectuarse \u00a0 \u00a0 por \u00a0 \u00a0v\u00eda \u00a0 \u00a0diplom\u00e1tica \u00a0 \u00a0 \u00a0 \u00a0 \u00a0 aportando \u00a0 \u00a0 \u00a0 \u00a0 \u00a0 copia \u00a0 \u00a0 \u00a0 \u00a0 \u00a0 autorizada \u00a0de \u00a0la \u00a0 \u00a0 sentencia, \u00a0as\u00ed \u00a0 \u00a0como \u00a0 \u00a0las \u00a0se\u00f1as de la persona reclamada. \u00a0\u00a0<\/p>\n<p>Siendo \u00a0ello \u00a0as\u00ed, \u00a0la \u00a0Corte \u00a0constata \u00a0el \u00a0cumplimiento \u00a0de tal \u00a0exigencia \u00a0toda \u00a0vez \u00a0que \u00a0la \u00a0solicitud \u00a0fue \u00a0presentada por la v\u00eda \u00a0diplom\u00e1tica, esto es, fue radicada \u00a0por \u00a0conducto \u00a0de \u00a0la \u00a0Embajada de Espa\u00f1a \u00a0en \u00a0Colombia \u00a0ante el Ministerio de \u00a0Relaciones Exteriores. \u00a0\u00a0<\/p>\n<p>La \u00a0 \u00a0 \u00a0 \u00a0petici\u00f3n \u00a0 \u00a0 fue \u00a0 \u00a0acompa\u00f1ada \u00a0de copia autorizada de \u00a0 \u00a0la \u00a0sentencia \u00a0 \u00a0 \u00a0del \u00a0 \u00a0 \u00a017 \u00a0 \u00a0 de \u00a0 \u00a0 diciembre \u00a0 \u00a0 de \u00a0 \u00a0 2010 \u00a0 \u00a0 proferida \u00a0por \u00a0 \u00a0 \u00a0 \u00a0 \u00a0 \u00a0 la \u00a0 \u00a0 \u00a0 \u00a0 \u00a0 \u00a0Secci\u00f3n \u00a0 Sexta \u00a0 de \u00a0 la \u00a0Audiencia \u00a0Provincial \u00a0 \u00a0 \u00a0de \u00a0 \u00a0 \u00a0Las \u00a0 \u00a0 \u00a0Palmas \u00a0 \u00a0 \u00a0de \u00a0 \u00a0 Gran \u00a0 \u00a0 Canaria. Por ende, \u00a0se satisface este presupuesto. \u00a0\u00a0<\/p>\n<p>Identificaci\u00f3n \u00a0del requerido en extradici\u00f3n. \u00a0\u00a0<\/p>\n<p>Esta \u00a0exigencia se orienta a establecer si \u00a0la \u00a0 persona \u00a0 procesada \u00a0 (acusada \u00a0 o \u00a0condenada) \u00a0en \u00a0el \u00a0pa\u00eds extranjero, \u00a0es \u00a0 \u00a0la \u00a0 \u00a0misma \u00a0 \u00a0sometida \u00a0 \u00a0al \u00a0 tr\u00e1mite \u00a0 de \u00a0extradici\u00f3n, \u00a0lo \u00a0cual implica conocer su verdadera \u00a0identidad, \u00a0por \u00a0lo \u00a0tanto, \u00a0el \u00a0requisito \u00a0se \u00a0cumple \u00a0cuando existe \u00a0 plena \u00a0 coincidencia \u00a0 entre \u00a0 el \u00a0 individuo \u00a0 solicitado \u00a0 y \u00a0aqu\u00e9l \u00a0cuya \u00a0entrega \u00a0se \u00a0encuentra \u00a0en \u00a0curso \u00a0de \u00a0resolver. \u00a0\u00a0<\/p>\n<p>Confrontada \u00a0la \u00a0informaci\u00f3n \u00a0 contenida \u00a0 en \u00a0 la \u00a0 solicitud \u00a0 de \u00a0 extradici\u00f3n, \u00a0 advierte \u00a0 la \u00a0 Corte \u00a0 que \u00a0 la \u00a0reclamada \u00a0responde \u00a0al nombre de LILIANA ASTRID \u00a0S\u00c1NCHEZ \u00a0HERN\u00c1NDEZ, \u00a0identificada \u00a0 \u00a0con \u00a0c\u00e9dula \u00a0de \u00a0ciudadan\u00eda \u00a0colombiana \u00a0 \u00a0 \u00a0 \u00a0 \u00a0 \u00a0 \u00a0 \u00a0No. \u00a0 42.008.506 \u00a0 y \u00a0DNI \u00a002554307-L \u00a0de \u00a0Espa\u00f1a, \u00a0en \u00a0tanto \u00a0se \u00a0nacionaliz\u00f3 \u00a0en ese \u00a0pa\u00eds. \u00a0 \u00a0 \u00a0 \u00a0Los \u00a0 \u00a0 \u00a0 \u00a0anteriores \u00a0datos \u00a0coinciden \u00a0con \u00a0los \u00a0suministrados por la \u00a0 \u00a0 \u00a0 \u00a0 requerida \u00a0al \u00a0serle \u00a0notificada \u00a0la \u00a0orden de \u00a0captura, \u00a0 \u00a0 \u00a0sin \u00a0 \u00a0 que, \u00a0 \u00a0 adem\u00e1s, \u00a0 haya \u00a0 sido \u00a0 cuestionada \u00a0por \u00a0la \u00a0defensa \u00a0o \u00a0la \u00a0 \u00a0 \u00a0 \u00a0 solicitada. \u00a0\u00a0<\/p>\n<p>As\u00ed \u00a0mismo, \u00a0 \u00a0perito \u00a0 \u00a0del \u00a0 Cuerpo \u00a0 T\u00e9cnico \u00a0 de \u00a0 Investigaciones \u00a0efectu\u00f3 \u00a0cotejo \u00a0 a \u00a0 las \u00a0 huellas \u00a0 dactilares \u00a0de \u00a0LILIANA \u00a0ASTRID \u00a0 con \u00a0las \u00a0que \u00a0reposan \u00a0en \u00a0la \u00a0c\u00e9dula \u00a0de \u00a0ciudadan\u00eda \u00a0 \u00a0 No. \u00a0 \u00a0 42.008.506, \u00a0 coligiendo \u00a0 su \u00a0 uniprocedencia. \u00a0Por \u00a0ende, \u00a0tambi\u00e9n \u00a0se \u00a0cumple este requisito. \u00a0\u00a0<\/p>\n<p>Principio \u00a0 \u00a0 \u00a0de \u00a0 \u00a0 la \u00a0 \u00a0 doble \u00a0incriminaci\u00f3n \u00a0\u00a0<\/p>\n<p>Frente \u00a0 \u00a0a \u00a0 \u00a0esta \u00a0 \u00a0exigencia \u00a0 \u00a0la \u00a0Corporaci\u00f3n \u00a0 examina \u00a0 si \u00a0 los \u00a0 comportamientos \u00a0atribuidos \u00a0al \u00a0requerido \u00a0como \u00a0 \u00a0 il\u00edcitos \u00a0 \u00a0en \u00a0 \u00a0el \u00a0 \u00a0pa\u00eds \u00a0 \u00a0extranjero \u00a0 \u00a0tienen \u00a0 \u00a0en \u00a0 \u00a0Colombia \u00a0 \u00a0la \u00a0 misma \u00a0connotaci\u00f3n, \u00a0es \u00a0decir, \u00a0si son \u00a0considerados \u00a0delitos y, de ser as\u00ed, si conllevan la \u00a0pena \u00a0m\u00ednima se\u00f1alada en \u00a0el \u00a0tratado \u00a0o \u00a0en el C\u00f3digo de Procedimiento Penal, \u00a0seg\u00fan sea el caso. \u00a0\u00a0<\/p>\n<p>En \u00a0tal \u00a0sentido, \u00a0el \u00a0art\u00edculo \u00a0 III \u00a0del \u00a0 Protocolo \u00a0modificatorio \u00a0a \u00a0la \u00a0Convenci\u00f3n \u00a0de \u00a0Extradici\u00f3n de Reos \u00a0prev\u00e9 \u00a0 \u00a0 \u00a0la \u00a0extradici\u00f3n \u00a0 \u00a0 \u00a0para \u00a0 \u00a0 \u00a0los \u00a0 \u00a0 delitos \u00a0 \u00a0 \u00a0sancionados \u00a0con pena \u00a0privativa \u00a0 de \u00a0 la \u00a0 libertad \u00a0superior \u00a0a \u00a0un \u00a0a\u00f1o. \u00a0\u00a0<\/p>\n<p>Los \u00a0sucesos \u00a0por \u00a0 los \u00a0 cuales \u00a0las \u00a0autoridades \u00a0 \u00a0 \u00a0 espa\u00f1olas \u00a0 \u00a0 \u00a0 procesan \u00a0a \u00a0 \u00a0LILIANA \u00a0 ASTRID \u00a0S\u00c1NCHEZ \u00a0 \u00a0 \u00a0 \u00a0 \u00a0 \u00a0 \u00a0HERN\u00c1NDEZ \u00a0 \u00a0 \u00a0 \u00a0 \u00a0 \u00a0se \u00a0 \u00a0 concretan \u00a0 \u00a0 as\u00ed: \u00a0\u00a0<\/p>\n<p>\u201cHa quedado \u00a0probado \u00a0 y \u00a0 as\u00ed \u00a0se \u00a0declara, \u00a0que \u00a0sobre \u00a0las \u00a012:00 horas del d\u00eda 24 de \u00a0septiembre \u00a0 de \u00a0 2009 \u00a0 la \u00a0 acusada, \u00a0 LUZ \u00a0 ADRIANA \u00a0LLANO \u00a0PIEDRAH\u00cdTA, \u00a0mayor \u00a0 de \u00a0 edad, \u00a0ejecutoriamente \u00a0condenada \u00a0como \u00a0autora \u00a0de \u00a0un \u00a0delito \u00a0de \u00a0da\u00f1o \u00a0en \u00a0virtud \u00a0de \u00a0la \u00a0Sentencia \u00a0firme de 24 de \u00a0noviembre \u00a0de \u00a02005, \u00a0dictada \u00a0por \u00a0el Juzgado de lo \u00a0Penal \u00a0No. \u00a03 \u00a0de \u00a0Bilbao (Causa 192\/2005), lleg\u00f3 al \u00a0aeropuerto \u00a0de Gran Canaria, procedente de Madrid, en el vuelo JK 5010. Tras ser \u00a0detenida \u00a0por \u00a0los agentes de la Guardia Civil que prestaban sus servicios en la \u00a0Unidad \u00a0 \u00a0Fiscal \u00a0 del \u00a0Aeropuerto \u00a0de \u00a0Gran \u00a0Canaria, \u00a0le fue incautado un envoltorio que portaba en la \u00a0zona \u00a0 genital \u00a0 de \u00a0 su \u00a0cuerpo, \u00a0y \u00a0que \u00a0conten\u00eda \u00a0coca\u00edna \u00a0con \u00a0un \u00a0peso neto de 549,59 gramos, y una \u00a0riqueza \u00a0media \u00a0del \u00a026,30%, \u00a0expresada \u00a0en \u00a0coca\u00edna \u00a0base, \u00a0 con \u00a0 un \u00a0 valor \u00a0de \u00a0mercado \u00a0de \u00a017.067,31 \u00a0euros. \u00a0\u00a0<\/p>\n<p>Dicha \u00a0 droga \u00a0 le \u00a0 hab\u00eda \u00a0sido \u00a0previamente \u00a0entregada \u00a0a Luz Adriana, en la localidad de \u00a0Madrid, \u00a0por \u00a0la \u00a0tambi\u00e9n \u00a0acusada \u00a0LILIANA \u00a0ASTRID \u00a0S\u00c1NCHEZ \u00a0 HERN\u00c1NDEZ, \u00a0mayor \u00a0de \u00a0edad \u00a0y \u00a0sin \u00a0antecedentes \u00a0penales, \u00a0con \u00a0la finalidad de entregarla \u00a0posteriormente \u00a0a \u00a0terceros \u00a0a cambio de recibir una \u00a0cantidad \u00a0de \u00a0dinero\u201d8.\u00a0\u00a0\u00a0\u00a0 \u00a0\u00a0<\/p>\n<p>Con \u00a0 fundamento \u00a0 en \u00a0 esos \u00a0 hechos, \u00a0la \u00a0Secci\u00f3n Sexta de la \u00a0Audiencia \u00a0Provincial \u00a0de Las Palmas de Gran Canaria, \u00a0el \u00a0 \u00a017 \u00a0 \u00a0 \u00a0 \u00a0de \u00a0 \u00a0 \u00a0 \u00a0diciembre \u00a0 \u00a0 de \u00a0 \u00a02010, \u00a0 \u00a0 \u00a0 \u00a0dict\u00f3 \u00a0 \u00a0 \u00a0 sentencia \u00a0condenatoria \u00a0 \u00a0en \u00a0 \u00a0contra \u00a0 \u00a0de \u00a0 \u00a0LILIANA \u00a0ASTRID S\u00c1NCHEZ HERN\u00c1NDEZ \u00a0a quien conden\u00f3 a cuatro \u00a0de \u00a0 \u00a0prisi\u00f3n \u00a0 \u00a0por \u00a0 \u00a0la \u00a0 comisi\u00f3n \u00a0 \u00a0 del \u00a0 \u00a0 punible \u00a0 \u00a0 contra \u00a0 \u00a0la \u00a0 \u00a0salud \u00a0 \u00a0p\u00fablica. \u00a0\u00a0<\/p>\n<p>El \u00a0 \u00a0 supuesto \u00a0 \u00a0 f\u00e1ctico \u00a0 referido \u00a0 por \u00a0 las \u00a0 \u00a0 \u00a0autoridades \u00a0 \u00a0 \u00a0for\u00e1neas \u00a0tambi\u00e9n \u00a0constituye actividad punible en Colombia y \u00a0se \u00a0 \u00a0actualiza \u00a0 \u00a0en \u00a0 \u00a0el \u00a0 \u00a0tipo \u00a0 \u00a0penal \u00a0 descrito \u00a0 en \u00a0 el \u00a0 art\u00edculo \u00a0376 \u00a0 \u00a0del \u00a0 C\u00f3digo \u00a0 Penal, \u00a0 \u00a0 \u00a0 \u00a0del \u00a0 \u00a0 \u00a0 \u00a0tr\u00e1fico, \u00a0 \u00a0fabricaci\u00f3n \u00a0 o \u00a0 porte \u00a0 de \u00a0 estupefacientes9, \u00a0 \u00a0 \u00a0 \u00a0 sancionado \u00a0con \u00a0pena \u00a0de \u00a0prisi\u00f3n de \u00a0128 \u00a0 a \u00a0 360 \u00a0 meses \u00a0y \u00a0 \u00a0 \u00a0 \u00a0 multa \u00a0 \u00a0 \u00a0 \u00a0de \u00a0 \u00a0 \u00a0 \u00a01334 a 50.000 salarios m\u00ednimos legales. \u00a0\u00a0<\/p>\n<p>Se \u00a0colige, \u00a0entonces, \u00a0que \u00a0la \u00a0conducta \u00a0delictiva \u00a0 atribuida \u00a0a \u00a0LILIANA \u00a0ASTRID \u00a0 \u00a0 S\u00c1NCHEZ \u00a0 \u00a0HERN\u00c1NDEZ \u00a0 en \u00a0el \u00a0 \u00a0 Reino \u00a0 \u00a0de \u00a0Espa\u00f1a est\u00e1 \u00a0 \u00a0 tipificada \u00a0 \u00a0penalmente \u00a0 \u00a0en \u00a0 \u00a0nuestro \u00a0 \u00a0pa\u00eds \u00a0y \u00a0sancionada \u00a0con \u00a0pena \u00a0privativa \u00a0de \u00a0la libertad que supera \u00a0ampliamente \u00a0 \u00a0el \u00a0 \u00a0t\u00e9rmino \u00a0 \u00a0de \u00a0 un \u00a0 a\u00f1o, \u00a0raz\u00f3n por la cual se colma este requisito contenido \u00a0en \u00a0 \u00a0el \u00a0 \u00a0Convenio \u00a0 \u00a0de \u00a0 Extradici\u00f3n de Reos \u00a0y \u00a0 \u00a0su \u00a0 \u00a0Protocolo \u00a0Modificatorio. \u00a0\u00a0<\/p>\n<p>Prescripci\u00f3n \u00a0de la acci\u00f3n y de la pena \u00a0\u00a0<\/p>\n<p>De \u00a0 \u00a0acuerdo \u00a0 \u00a0con \u00a0 \u00a0el \u00a0 canon \u00a0 IV \u00a0 del \u00a0 Convenio \u00a0 de \u00a0Extradici\u00f3n \u00a0de Reos, no \u00a0habr\u00e1 \u00a0 \u00a0lugar \u00a0 a \u00a0 la \u00a0 extradici\u00f3n \u00a0\u201cSi se \u00a0ha \u00a0 \u00a0 cumplido \u00a0 \u00a0 la \u00a0 \u00a0prescripci\u00f3n \u00a0de \u00a0la \u00a0acci\u00f3n o de la \u00a0pena, \u00a0seg\u00fan \u00a0las \u00a0leyes \u00a0 del \u00a0pa\u00eds \u00a0a \u00a0quien \u00a0el \u00a0reo \u00a0sea \u00a0reclamado\u201d.\u00a0 \u00a0\u00a0<\/p>\n<p>La \u00a0anterior \u00a0exigencia impone a la Corte \u00a0examinar \u00a0 \u00a0 la \u00a0 \u00a0 configuraci\u00f3n \u00a0 \u00a0 de \u00a0 \u00a0 esa \u00a0categor\u00eda \u00a0jur\u00eddica en \u00a0Colombia, \u00a0 con \u00a0 la \u00a0 salvedad \u00a0 de \u00a0 que \u00a0 s\u00f3lo \u00a0se \u00a0revisar\u00e1 \u00a0la \u00a0prescripci\u00f3n de la pena \u00a0por \u00a0cuanto \u00a0 \u00a0 \u00a0 \u00a0el \u00a0 \u00a0 \u00a0 \u00a0requerimiento \u00a0 \u00a0 \u00a0 \u00a0tiene \u00a0 \u00a0 \u00a0 como \u00a0 \u00a0 \u00a0 prop\u00f3sito \u00a0obtener \u00a0la \u00a0entrega \u00a0para \u00a0que \u00a0se \u00a0cumpla con la condena impuesta por \u00a0 \u00a0 \u00a0las \u00a0 \u00a0 autoridades \u00a0 \u00a0 judiciales \u00a0 \u00a0 espa\u00f1olas. \u00a0\u00a0<\/p>\n<p>De \u00a0 acuerdo \u00a0 al \u00a0 art\u00edculo \u00a089 del \u00a0C\u00f3digo \u00a0Penal nacional10, \u00a0 \u00a0 la \u00a0 \u00a0 sanci\u00f3n \u00a0 \u00a0 \u00a0 \u00a0 \u00a0privativa \u00a0de \u00a0la \u00a0libertad \u00a0prescribe \u00a0\u201c\u2026en \u00a0 \u00a0 \u00a0 el \u00a0 \u00a0 \u00a0 t\u00e9rmino \u00a0fijado para ella en la sentencia \u00a0o \u00a0en el que falte por ejecutar, pero en ning\u00fan caso \u00a0podr\u00e1 \u00a0 ser \u00a0 inferior \u00a0 a \u00a0cinco \u00a0a\u00f1os \u00a0contados \u00a0a \u00a0partir \u00a0de \u00a0la \u00a0ejecutoria \u00a0de la correspondiente \u00a0sentencia\u201d. \u00a0\u00a0<\/p>\n<p>Siendo \u00a0 \u00a0 ello \u00a0 \u00a0as\u00ed, \u00a0 \u00a0 \u00a0 \u00a0no \u00a0 \u00a0 \u00a0 \u00a0ha \u00a0 \u00a0 \u00a0 \u00a0prescrito \u00a0 \u00a0 \u00a0 la \u00a0 \u00a0 \u00a0 sanci\u00f3n \u00a0 \u00a0 penal \u00a0 \u00a0 seg\u00fan \u00a0 \u00a0 \u00a0las \u00a0 \u00a0 \u00a0leyes \u00a0 \u00a0colombianas \u00a0 \u00a0por \u00a0 cuanto \u00a0desde \u00a0 la \u00a0 fecha \u00a0 de \u00a0ejecutoria \u00a0 \u00a0 de \u00a0 \u00a0 la \u00a0 \u00a0sentencia, \u00a023 \u00a0de \u00a0agosto \u00a0 \u00a0 \u00a0 \u00a0 \u00a0 \u00a0 \u00a0de \u00a0 \u00a0 \u00a0 \u00a0 \u00a0 \u00a0 201311, \u00a0 \u00a0 \u00a0 \u00a0al \u00a0 \u00a0 \u00a0 momento \u00a0 \u00a0 \u00a0actual \u00a0no ha transcurrido un \u00a0lapso \u00a0superior a cinco \u00a0 \u00a0 \u00a0 \u00a0 \u00a0 \u00a0 a\u00f1os, \u00a0t\u00e9rmino \u00a0 dentro \u00a0del \u00a0cual, \u00a0seg\u00fan \u00a0las leyes \u00a0nacionales, \u00a0 debe \u00a0 empezar \u00a0 a \u00a0 ejecutarse \u00a0 la \u00a0sanci\u00f3n \u00a0 impuesta \u00a0a \u00a0S\u00c1NCHEZ \u00a0HERN\u00c1NDEZ. \u00a0\u00a0<\/p>\n<p>Naturaleza \u00a0jur\u00eddica \u00a0 \u00a0 de \u00a0 \u00a0los \u00a0 \u00a0hechos \u00a0 \u00a0del requerimiento \u00a0\u00a0<\/p>\n<p>El \u00a0Convenio \u00a0sobre \u00a0 \u00a0 Extradici\u00f3n \u00a0 \u00a0 de \u00a0 \u00a0Reos \u00a0proscribe la extradici\u00f3n \u00a0 \u00a0de \u00a0 \u00a0personas \u00a0 \u00a0acusadas \u00a0 de \u00a0 delitos \u00a0 pol\u00edticos \u00a0y conexos, prohibici\u00f3n que para \u00a0este \u00a0 \u00a0 \u00a0evento \u00a0 \u00a0 \u00a0no \u00a0 \u00a0 \u00a0aplica \u00a0 \u00a0 \u00a0por \u00a0 \u00a0 cuanto \u00a0 \u00a0 el \u00a0 \u00a0 punible \u00a0 \u00a0 \u00a0 \u00a0objeto \u00a0 \u00a0 \u00a0 \u00a0del \u00a0requerimiento no ostenta tal connotaci\u00f3n, \u00a0por \u00a0tratarse \u00a0de \u00a0una \u00a0infracci\u00f3n \u00a0penal ordinaria o delito com\u00fan. \u00a0\u00a0<\/p>\n<p>La \u00a0 \u00a0 \u00a0 \u00a0 \u00a0otra \u00a0 \u00a0 \u00a0 \u00a0 \u00a0 \u00a0limitante, \u00a0relativa \u00a0al \u00a0ejercicio \u00a0 \u00a0 \u00a0previo \u00a0 \u00a0 \u00a0de \u00a0 \u00a0 \u00a0la \u00a0 \u00a0 jurisdicci\u00f3n, \u00a0no se configura, pues no se deduce \u00a0de \u00a0 la \u00a0 documentaci\u00f3n \u00a0 aportada \u00a0 ni \u00a0 ha \u00a0sido \u00a0rese\u00f1ada \u00a0por \u00a0el \u00a0pa\u00eds \u00a0requirente \u00a0 o \u00a0 por \u00a0la \u00a0defensa. \u00a0\u00a0<\/p>\n<p>\u00a0 \u00a0 \u00a0 \u00a0 \u00a0<\/p>\n<p>En \u00a0s\u00edntesis, \u00a0tal \u00a0 como \u00a0lo \u00a0se\u00f1ala \u00a0el \u00a0 \u00a0delegado \u00a0 del \u00a0Ministerio \u00a0 P\u00fablico, \u00a0est\u00e1n \u00a0satisfechos \u00a0los \u00a0requisitos previstos en el \u00a0Convenio \u00a0 \u00a0 \u00a0sobre \u00a0 \u00a0 \u00a0Extradici\u00f3n \u00a0de Reos \u00a0y \u00a0 \u00a0su \u00a0 \u00a0Protocolo \u00a0modificatorio \u00a0 \u00a0para \u00a0acceder a la solicitud. \u00a0\u00a0<\/p>\n<p>Conclusi\u00f3n \u00a0\u00a0<\/p>\n<p>En \u00a0m\u00e9rito de \u00a0lo \u00a0expuesto, \u00a0LA CORTE SUPREMA DE JUSTICIA, SALA DE \u00a0CASACI\u00d3N \u00a0 \u00a0 \u00a0PENAL, \u00a0 \u00a0 \u00a0CONCEPT\u00daA \u00a0 \u00a0 \u00a0FAVORABLEMENTE \u00a0 \u00a0 a \u00a0 \u00a0 la \u00a0extradici\u00f3n \u00a0 \u00a0 de \u00a0la \u00a0ciudadana \u00a0LILIANA \u00a0ASTRID \u00a0S\u00c1NCHEZ \u00a0HERN\u00c1NDEZ, solicitada al \u00a0Gobierno \u00a0de \u00a0Colombia \u00a0por \u00a0el de Espa\u00f1a \u00a0 para \u00a0que \u00a0cumpla las sanciones \u00a0penales \u00a0impuestas \u00a0el \u00a017 \u00a0de diciembre de 2010 por \u00a0la \u00a0Secci\u00f3n Sexta de la \u00a0Audiencia \u00a0 \u00a0Provincial \u00a0 \u00a0de \u00a0 \u00a0Las \u00a0 \u00a0Palmas \u00a0 de \u00a0 Gran \u00a0 Canaria. \u00a0\u00a0<\/p>\n<p>Adem\u00e1s, \u00a0es \u00a0preciso \u00a0consignar que corresponde al Gobierno Nacional condicionar la entrega a \u00a0que \u00a0 \u00a0 \u00a0 \u00a0la \u00a0reclamada \u00a0 \u00a0 en \u00a0extradici\u00f3n no \u00a0vaya \u00a0a \u00a0ser \u00a0condenada \u00a0a \u00a0pena \u00a0de \u00a0muerte, \u00a0ni juzgada por \u00a0hechos \u00a0diversos \u00a0a \u00a0los \u00a0que \u00a0motivaron la solicitud de extradici\u00f3n, \u00a0 \u00a0 \u00a0ni \u00a0 \u00a0 sometida \u00a0a \u00a0desaparici\u00f3n \u00a0forzada, torturas, \u00a0tratos \u00a0 o \u00a0 penas \u00a0 crueles, \u00a0 inhumanos \u00a0o \u00a0degradantes, \u00a0como \u00a0tampoco \u00a0a \u00a0la \u00a0sanci\u00f3n \u00a0 de \u00a0 destierro, \u00a0 cadena \u00a0 perpetua \u00a0o \u00a0confiscaci\u00f3n, conforme lo \u00a0establecen \u00a0los \u00a0art\u00edculos \u00a011, 12 y 34 de la Carta \u00a0Pol\u00edtica. \u00a0\u00a0<\/p>\n<p>Tambi\u00e9n debe \u00a0condicionar \u00a0 \u00a0la \u00a0 \u00a0entrega \u00a0 \u00a0de \u00a0 \u00a0la \u00a0solicitada \u00a0a \u00a0que se le \u00a0respeten, \u00a0 como \u00a0 a \u00a0 cualquier \u00a0 otro \u00a0 nacional12 en las mismas condiciones, \u00a0todas \u00a0 \u00a0 las \u00a0 \u00a0 garant\u00edas \u00a0 \u00a0debidas \u00a0 en \u00a0 raz\u00f3n \u00a0de \u00a0su \u00a0calidad \u00a0de \u00a0justiciable, \u00a0en \u00a0particular \u00a0a: \u00a0tener \u00a0acceso \u00a0a \u00a0un \u00a0proceso \u00a0p\u00fablico \u00a0sin \u00a0dilaciones \u00a0injustificadas, \u00a0se \u00a0presuma su inocencia, \u00a0estar \u00a0asistido \u00a0por \u00a0un \u00a0int\u00e9rprete, contar con un \u00a0defensor \u00a0designado \u00a0por \u00a0\u00e9l o por el Estado, se le \u00a0conceda \u00a0el tiempo y los \u00a0medios \u00a0 adecuados \u00a0 para \u00a0 preparar \u00a0la \u00a0defensa, \u00a0pueda \u00a0presentar \u00a0pruebas \u00a0y \u00a0controvertir \u00a0las \u00a0que \u00a0se \u00a0alleguen \u00a0en \u00a0su \u00a0contra, \u00a0su \u00a0situaci\u00f3n \u00a0de \u00a0privaci\u00f3n \u00a0de \u00a0la \u00a0libertad se \u00a0desarrolle \u00a0en \u00a0condiciones \u00a0dignas \u00a0y la pena privativa de la libertad tenga la \u00a0finalidad \u00a0esencial \u00a0de \u00a0reforma y adaptaci\u00f3n social. \u00a0\u00a0<\/p>\n<p>Lo \u00a0anterior, \u00a0de \u00a0conformidad \u00a0con \u00a0lo \u00a0dispuesto \u00a0en \u00a0los \u00a0art\u00edculos \u00a09, \u00a010 \u00a0y \u00a011 \u00a0de la \u00a0Declaraci\u00f3n Universal de Derechos Humanos, 5, 7 y 8 \u00a0de \u00a0la Convenci\u00f3n Americana de Derechos Humanos y 9, \u00a010, \u00a014 \u00a0y \u00a015 \u00a0del \u00a0Pacto \u00a0Internacional de Derechos \u00a0Civiles y Pol\u00edticos. \u00a0\u00a0<\/p>\n<p>Por \u00a0igual, \u00a0la \u00a0Corte \u00a0estima \u00a0oportuno \u00a0se\u00f1alar \u00a0 al \u00a0 Gobierno \u00a0 Nacional, \u00a0 en \u00a0orden \u00a0a \u00a0salvaguardar \u00a0 \u00a0los \u00a0 derechos \u00a0 fundamentales \u00a0 de \u00a0la \u00a0reclamada, \u00a0que \u00a0 proceda \u00a0 a \u00a0 imponer \u00a0 al \u00a0Estado \u00a0requirente \u00a0la \u00a0obligaci\u00f3n \u00a0de \u00a0facilitar \u00a0los medios necesarios \u00a0para \u00a0garantizar \u00a0su \u00a0repatriaci\u00f3n en condiciones de \u00a0dignidad \u00a0y \u00a0respeto \u00a0por \u00a0la \u00a0persona \u00a0humana \u00a0una \u00a0vez cumpla la pena impuesta \u00a0en \u00a0 \u00a0la \u00a0 \u00a0sentencia \u00a0condenatoria \u00a0 \u00a0 \u00a0 \u00a0 que \u00a0 \u00a0 \u00a0 \u00a0 motiva \u00a0 la \u00a0 extradici\u00f3n. \u00a0\u00a0<\/p>\n<p>De \u00a0otra \u00a0parte, \u00a0al Gobierno Nacional le \u00a0corresponde \u00a0 condicionar \u00a0 la \u00a0entrega \u00a0a \u00a0que \u00a0el \u00a0pa\u00eds \u00a0 \u00a0reclamante, \u00a0 \u00a0de \u00a0 \u00a0acuerdo \u00a0 \u00a0con \u00a0 sus \u00a0pol\u00edticas \u00a0 internas \u00a0sobre \u00a0la \u00a0materia, \u00a0ofrezca \u00a0posibilidades \u00a0 \u00a0 racionales \u00a0 \u00a0 y \u00a0 \u00a0 reales \u00a0 \u00a0 para \u00a0 \u00a0 que \u00a0 \u00a0 la \u00a0 \u00a0 \u00a0 \u00a0 requerida pueda tener contacto regular con sus \u00a0familiares \u00a0 m\u00e1s \u00a0cercanos, \u00a0considerando \u00a0que \u00a0el \u00a0art\u00edculo \u00a0 42 \u00a0 de \u00a0la \u00a0Constituci\u00f3n \u00a0Pol\u00edtica \u00a0de \u00a01991 \u00a0reconoce a la familia como n\u00facleo esencial \u00a0de \u00a0la \u00a0sociedad, garantiza su protecci\u00f3n y reconoce \u00a0su \u00a0 \u00a0honra, \u00a0 \u00a0dignidad \u00a0 e \u00a0 intimidad, \u00a0 lo \u00a0 cual \u00a0 se \u00a0 refuerza \u00a0 con \u00a0 la \u00a0protecci\u00f3n \u00a0 \u00a0que \u00a0 \u00a0a \u00a0 \u00a0ese \u00a0 \u00a0n\u00facleo \u00a0 \u00a0 tambi\u00e9n \u00a0 \u00a0prodigan \u00a0 \u00a0la \u00a0Convenci\u00f3n \u00a0 \u00a0 \u00a0 Americana \u00a0 \u00a0 \u00a0 de \u00a0 Derechos \u00a0 Humanos \u00a0 y \u00a0el \u00a0Pacto \u00a0Internacional \u00a0de \u00a0Derechos \u00a0Civiles \u00a0y Pol\u00edticos en \u00a0sus art\u00edculos 17 y 23, respectivamente. \u00a0\u00a0<\/p>\n<p>As\u00ed \u00a0 \u00a0mismo, \u00a0 el \u00a0 pa\u00eds \u00a0requirente \u00a0deber\u00e1 tener como parte \u00a0de \u00a0la \u00a0pena \u00a0a cumplir el lapso que ha permanecido detenida la se\u00f1ora \u00a0 \u00a0 \u00a0 \u00a0 \u00a0 S\u00c1NCHEZ \u00a0 \u00a0 \u00a0 \u00a0HERN\u00c1NDEZ por cuenta de este tr\u00e1mite de extradici\u00f3n. \u00a0\u00a0<\/p>\n<p>La Sala se permite indicar que, en virtud \u00a0de \u00a0 lo \u00a0 dispuesto \u00a0 en \u00a0 el \u00a0 numeral \u00a0 2\u00ba \u00a0 del \u00a0art\u00edculo \u00a0 189 \u00a0 de \u00a0 la \u00a0Constituci\u00f3n \u00a0Pol\u00edtica, le compete al Gobierno en \u00a0cabeza \u00a0del se\u00f1or Presidente de la Rep\u00fablica \u00a0como \u00a0supremo \u00a0director \u00a0de \u00a0la \u00a0pol\u00edtica \u00a0 \u00a0exterior \u00a0 \u00a0y \u00a0 de \u00a0 las \u00a0 relaciones \u00a0internacionales, \u00a0realizar \u00a0el \u00a0respectivo \u00a0seguimiento \u00a0a los condicionamientos \u00a0impuestos \u00a0al \u00a0conceder \u00a0la \u00a0extradici\u00f3n, quien a su \u00a0vez \u00a0es \u00a0el \u00a0encargado \u00a0de determinar las consecuencias derivadas de su eventual \u00a0incumplimiento. \u00a0\u00a0<\/p>\n<p>Comun\u00edquese \u00a0por \u00a0 \u00a0 Secretar\u00eda \u00a0 \u00a0 de \u00a0 \u00a0 la \u00a0 \u00a0Sala \u00a0 \u00a0esta \u00a0determinaci\u00f3n \u00a0 \u00a0a \u00a0la \u00a0requerida, \u00a0a \u00a0 su \u00a0defensa, \u00a0a \u00a0la \u00a0Procuradur\u00eda \u00a0Segunda \u00a0 \u00a0 Delegada \u00a0 \u00a0 para \u00a0 \u00a0la \u00a0Casaci\u00f3n \u00a0 Penal \u00a0 y \u00a0 a \u00a0la \u00a0Fiscal\u00eda \u00a0General de la Naci\u00f3n, para lo de su \u00a0cargo. \u00a0\u00a0<\/p>\n<p>Rem\u00edtase \u00a0el \u00a0expediente \u00a0al \u00a0Ministerio \u00a0de Justicia y \u00a0 del \u00a0 Derecho \u00a0 para \u00a0 lo \u00a0de \u00a0su \u00a0competencia. \u00a0\u00a0<\/p>\n<p>FERNANDO ALBERTO CASTRO CABALLERO \u00a0<\/p>\n<p>JOS\u00c9 LUIS BARCEL\u00d3 CAMACHO \u00a0<\/p>\n<p>JOS\u00c9 LEONIDAS BUSTOS MART\u00cdNEZ \u00a0<\/p>\n<p>EUGENIO FERN\u00c1NDEZ CARLIER \u00a0<\/p>\n<p>MAR\u00cdA \u00a0 \u00a0DEL \u00a0 \u00a0ROSARIO \u00a0 \u00a0GONZ\u00c1LEZ \u00a0MU\u00d1OZ \u00a0\u00a0<\/p>\n<p>GUSTAVO ENRIQUE MALO FERN\u00c1NDEZ \u00a0<\/p>\n<p>EYDER PATI\u00d1O CABRERA \u00a0<\/p>\n<p>PATRICIA SALAZAR CUELLAR \u00a0<\/p>\n<p>LUIS GUILLERMO SALAZAR OTERO \u00a0<\/p>\n<p>NUBIA YOLANDA NOVA GARC\u00cdA \u00a0<\/p>\n<p>Secretaria \u00a0 \u00a0<\/p>\n<p>1 Cfr. \u00a0Folio 93 carpeta anexa. \u00a0\u00a0<\/p>\n<p>2 Cfr. \u00a0Folio 90 y ss y 109 y ss de la carpeta anexa. \u00a0\u00a0<\/p>\n<p>3 Cfr. \u00a0Folio 95 y ss carpeta anexa. \u00a0\u00a0<\/p>\n<p>4 Cfr. \u00a0Folios 122 y ss de la Carpeta anexa. \u00a0\u00a0<\/p>\n<p>5 Cfr. \u00a0Folios 107 y ss carpeta anexa. \u00a0\u00a0<\/p>\n<p>6 Cfr. \u00a0Folios 116 y ss de la Carpeta anexa. \u00a0\u00a0<\/p>\n<p>7 Cfr. \u00a0Folios 115 de la carpeta anexa. \u00a0\u00a0<\/p>\n<p>8 Cfr. \u00a0Folios 91 y ss de la carpeta anexa. \u00a0\u00a0<\/p>\n<p>9 \u00a0Modificado por la Ley 1453 de 2011, art\u00edculo 11. \u00a0\u00a0<\/p>\n<p>10 \u00a0Modificado por la Ley 1709 de 2014, art\u00edculo 99. \u00a0\u00a0<\/p>\n<p>11 Ver \u00a0auto \u00a0del \u00a023 \u00a0de agosto de 2013 proferido por la Secci\u00f3n Sexta de la Audiencia \u00a0Provincial de Las Palmas de Gran Canaria. \u00a0\u00a0<\/p>\n<p>12 La \u00a0requerida \u00a0ostenta doble nacionalidad: colombiana por nacimiento y espa\u00f1ola por \u00a0adopci\u00f3n. \u00a0 \u00a0\u00a0<\/p>\n<p><\/p>\n","protected":false},"excerpt":{"rendered":"<p>\u00a0 \u00a0 \u00a0\u00a0 CORTE SUPREMA DE JUSTICIA \u00a0 SALA DE CASACI\u00d3N PENAL \u00a0 MAR\u00cdA DEL ROSARIO GONZ\u00c1LEZ MU\u00d1OZ \u00a0 Magistrada Ponente \u00a0 CP203-2014 \u00a0 Radicaci\u00f3n No. 44170 \u00a0 Aprobado Acta No. 420 \u00a0 Bogot\u00e1 \u00a0D.C., tres (3) de diciembre de dos \u00a0mil catorce (2014) \u00a0\u00a0 VISTOS \u00a0 Procede \u00a0la \u00a0Corporaci\u00f3n a emitir concepto \u00a0sobre \u00a0la [&hellip;]<\/p>\n","protected":false},"author":1,"featured_media":0,"comment_status":"open","ping_status":"open","sticky":false,"template":"","format":"standard","meta":{"footnotes":""},"categories":[22],"tags":[],"class_list":["post-29951","post","type-post","status-publish","format-standard","hentry","category-22"],"_links":{"self":[{"href":"https:\/\/dmsjuridica.com\/buscador_20179478954\/salapenalcronologico20230723\/wp-json\/wp\/v2\/posts\/29951","targetHints":{"allow":["GET"]}}],"collection":[{"href":"https:\/\/dmsjuridica.com\/buscador_20179478954\/salapenalcronologico20230723\/wp-json\/wp\/v2\/posts"}],"about":[{"href":"https:\/\/dmsjuridica.com\/buscador_20179478954\/salapenalcronologico20230723\/wp-json\/wp\/v2\/types\/post"}],"author":[{"embeddable":true,"href":"https:\/\/dmsjuridica.com\/buscador_20179478954\/salapenalcronologico20230723\/wp-json\/wp\/v2\/users\/1"}],"replies":[{"embeddable":true,"href":"https:\/\/dmsjuridica.com\/buscador_20179478954\/salapenalcronologico20230723\/wp-json\/wp\/v2\/comments?post=29951"}],"version-history":[{"count":0,"href":"https:\/\/dmsjuridica.com\/buscador_20179478954\/salapenalcronologico20230723\/wp-json\/wp\/v2\/posts\/29951\/revisions"}],"wp:attachment":[{"href":"https:\/\/dmsjuridica.com\/buscador_20179478954\/salapenalcronologico20230723\/wp-json\/wp\/v2\/media?parent=29951"}],"wp:term":[{"taxonomy":"category","embeddable":true,"href":"https:\/\/dmsjuridica.com\/buscador_20179478954\/salapenalcronologico20230723\/wp-json\/wp\/v2\/categories?post=29951"},{"taxonomy":"post_tag","embeddable":true,"href":"https:\/\/dmsjuridica.com\/buscador_20179478954\/salapenalcronologico20230723\/wp-json\/wp\/v2\/tags?post=29951"}],"curies":[{"name":"wp","href":"https:\/\/api.w.org\/{rel}","templated":true}]}}