{"id":29936,"date":"2023-09-13T14:23:13","date_gmt":"2023-09-13T14:23:13","guid":{"rendered":"https:\/\/dmsjuridica.com\/buscador_20179478954\/salapenalcronologico20230723\/2023\/09\/13\/cp185-201444259\/"},"modified":"2023-09-13T14:23:13","modified_gmt":"2023-09-13T14:23:13","slug":"cp185-201444259","status":"publish","type":"post","link":"https:\/\/dmsjuridica.com\/buscador_20179478954\/salapenalcronologico20230723\/2023\/09\/13\/cp185-201444259\/","title":{"rendered":"CP185-2014(44259)"},"content":{"rendered":"\n<p>\u00a0 \u00a0 CORTE SUPREMA DE JUSTICIA \u00a0<\/p>\n<p>SALA DE CASACI\u00d3N PENAL \u00a0<\/p>\n<p>GUSTAVO ENRIQUE MALO FERN\u00c1NDEZ \u00a0<\/p>\n<p>Magistrado Ponente \u00a0<\/p>\n<p>CP185-2014 \u00a0<\/p>\n<p>Radicado N\u00b0 44259. \u00a0<\/p>\n<p>Aprobado acta No. 385. \u00a0<\/p>\n<p>Bogot\u00e1, \u00a0D.C., doce (12) de noviembre de dos \u00a0mil catorce (2014). \u00a0\u00a0<\/p>\n<p>V \u00a0 I \u00a0 \u00a0 \u00a0 \u00a0 \u00a0 \u00a0 \u00a0S \u00a0 \u00a0 \u00a0 \u00a0 \u00a0 \u00a0 \u00a0T \u00a0 \u00a0 \u00a0 \u00a0 \u00a0 \u00a0 \u00a0O \u00a0 \u00a0 \u00a0 \u00a0 \u00a0 \u00a0 \u00a0S \u00a0\u00a0<\/p>\n<p>La \u00a0Corte \u00a0emite \u00a0concepto en el tr\u00e1mite de \u00a0extradici\u00f3n \u00a0que \u00a0se adelanta respecto del ciudadano \u00a0colombiano \u00a0 \u00a0 \u00a0JAVIER \u00a0 \u00a0 \u00a0ENRIQUE \u00a0 \u00a0 MART\u00cdNEZ \u00a0MALDONADO, \u00a0 quien \u00a0 es \u00a0requerido \u00a0 \u00a0 \u00a0 por \u00a0 \u00a0 \u00a0 el \u00a0 \u00a0 \u00a0 Gobierno \u00a0 de \u00a0los \u00a0Estados \u00a0Unidos \u00a0de \u00a0Am\u00e9rica. \u00a0\u00a0<\/p>\n<p>A N T E C E D E N T E S \u00a0<\/p>\n<p>1.\u00a0 \u00a0Mediante \u00a0Nota \u00a0Verbal \u00a0No. \u00a00696 \u00a0del 6 de mayo de 2014, el Gobierno de Estados Unidos de \u00a0Am\u00e9rica, \u00a0por \u00a0conducto de su Embajada en Colombia, solicit\u00f3 del Ministerio de \u00a0Relaciones \u00a0Exteriores \u00a0la \u00a0detenci\u00f3n provisional con fines de extradici\u00f3n del \u00a0ciudadano \u00a0colombiano \u00a0JAVIER \u00a0ENRIQUE \u00a0MART\u00cdNEZ \u00a0MALDONADO. El motivo de dicha \u00a0solicitud \u00a0es \u00a0que la Corte Distrital de los Estados Unidos para el Distrito Sur \u00a0de \u00a0Florida, \u00a0lo \u00a0requiere \u00a0para que comparezca en juicio, de conformidad con la \u00a0acusaci\u00f3n \u00a0No. 13-20874-CR-Graham del 21 de noviembre de 2013, en la cual se le \u00a0formulan cargos por delitos federales de narc\u00f3ticos. \u00a0\u00a0<\/p>\n<p>2. \u00a0En resoluci\u00f3n \u00a0del \u00a020 \u00a0de \u00a0mayo \u00a0de \u00a02014, \u00a0el \u00a0se\u00f1or Fiscal General de la Naci\u00f3n orden\u00f3 la \u00a0captura \u00a0con \u00a0fines \u00a0de \u00a0extradici\u00f3n \u00a0de \u00a0JAVIER \u00a0ENRIQUE \u00a0MART\u00cdNEZ MALDONADO, \u00a0diligencia \u00a0que \u00a0se \u00a0llev\u00f3 \u00a0a \u00a0cabo \u00a0el 22 de mayo siguiente por miembros de la \u00a0Polic\u00eda Nacional. \u00a0\u00a0<\/p>\n<p>3. \u00a0 \u00a0 La \u00a0representaci\u00f3n \u00a0diplom\u00e1tica \u00a0del Estado solicitante formaliz\u00f3 la petici\u00f3n de \u00a0extradici\u00f3n \u00a0del \u00a0ciudadano colombiano, mediante la Nota Verbal No. 1300 del 18 \u00a0de \u00a0 julio \u00a0de \u00a02014, \u00a0indicando \u00a0que \u00a0en \u00a0su \u00a0contra \u00a0pesa \u00a0la \u00a0acusaci\u00f3n \u00a0No. \u00a013-20874-CR-Graham \u00a0dictada \u00a0el 21 de noviembre de 2013 en la Corte Distrital de \u00a0los \u00a0Estados \u00a0Unidos \u00a0para el Distrito Sur de Florida, en la cual se le formulan \u00a0los siguientes cargos: \u00a0\u00a0<\/p>\n<p>Cargos \u00a0Tres \u00a0y Cuatro: Importaci\u00f3n de una \u00a0sustancia \u00a0controlada \u00a0(por \u00a0lo \u00a0menos 100 gramos de hero\u00edna en el Cargo Tres y \u00a0por \u00a0lo \u00a0menos \u00a0un \u00a0kilogramo \u00a0de \u00a0hero\u00edna \u00a0en \u00a0el \u00a0Cargo \u00a0Cuatro), \u00a0y \u00a0ayuda y \u00a0facilitaci\u00f3n \u00a0de \u00a0dicho delito, en violaci\u00f3n del T\u00edtulo 21, Secciones 952(a), \u00a0960(b)(1)(A) \u00a0y 960(b)(2)(A) del C\u00f3digo de los Estados Unidos y del T\u00edtulo 18, \u00a0Secci\u00f3n 2 del C\u00f3digo de los Estados Unidos; y \u00a0\u00a0<\/p>\n<p>Cargo \u00a0Cinco: Importaci\u00f3n de una sustancia \u00a0controlada \u00a0(por \u00a0lo \u00a0menos \u00a0100 gramos de hero\u00edna), y ayuda y facilitaci\u00f3n de \u00a0dicho \u00a0delito, en violaci\u00f3n del T\u00edtulo 21, Secciones 952(a) y 960(b)(2)(A) del \u00a0C\u00f3digo \u00a0de \u00a0los Estados Unidos, y del T\u00edtulo 18, Secci\u00f3n 2 del C\u00f3digo de los \u00a0Estados Unidos. \u00a0\u00a0<\/p>\n<p>La \u00a0acusaci\u00f3n \u00a0tambi\u00e9n incluye la pena de \u00a0decomiso \u00a0de \u00a0conformidad \u00a0con \u00a0el \u00a0T\u00edtulo \u00a021, Secci\u00f3n 853 del C\u00f3digo de los \u00a0Estados \u00a0Unidos, \u00a0la \u00a0cual \u00a0busca \u00a0el \u00a0decomiso de todos los bienes que se hayan \u00a0derivado \u00a0de ingresos obtenidos como resultado de la comisi\u00f3n de los anteriores \u00a0delitos. \u00a0Si \u00a0dichos bienes no estuvieren disponibles, la norma anterior permite \u00a0que otros bienes del acusado sean decomisados. \u00a0\u00a0<\/p>\n<p>4.\u00a0 \u00a0 El \u00a0Ministerio \u00a0de \u00a0Relaciones \u00a0Exteriores, \u00a0luego \u00a0de anotar que \u201c\u2026por \u00a0 no \u00a0 existir \u00a0tratado \u00a0aplicable \u00a0al \u00a0caso \u00a0en \u00a0menci\u00f3n, \u00a0es \u00a0procedente \u00a0 obrar \u00a0 de \u00a0 conformidad \u00a0 con \u00a0 el \u00a0 ordenamiento \u00a0procesal \u00a0penal \u00a0colombiano\u201d, remiti\u00f3 \u00a0la \u00a0mencionada \u00a0nota \u00a0verbal \u00a0y los documentos anexos a su \u00a0hom\u00f3logo \u00a0de \u00a0Justicia \u00a0y \u00a0del \u00a0Derecho, quien, a su vez, la hizo llegar a esta \u00a0Corporaci\u00f3n. \u00a0\u00a0<\/p>\n<p>5. \u00a0Una \u00a0vez \u00a0esto \u00a0ocurri\u00f3, \u00a0se \u00a0requiri\u00f3 \u00a0al ciudadano solicitado que designara un apoderado que \u00a0lo \u00a0representara en la actuaci\u00f3n, sin que procediera en tal sentido, por lo que \u00a0se \u00a0procedi\u00f3 \u00a0a posesionar a un defensor p\u00fablico. Luego, se corri\u00f3 traslado a \u00a0los \u00a0intervinientes para que, de conformidad con lo previsto en el art\u00edculo 500 \u00a0de \u00a0la \u00a0Ley \u00a0906 \u00a0de \u00a02004, \u00a0elevaran \u00a0las \u00a0peticiones probatorias que estimaran \u00a0necesarias. \u00a0En \u00a0ese \u00a0t\u00e9rmino, el Procurador Segundo Delegado para la Casaci\u00f3n \u00a0Penal \u00a0manifest\u00f3 \u00a0que \u00a0no \u00a0formular\u00eda solicitudes probatorias, mientras que el \u00a0defensor \u00a0 \u00a0p\u00fablico \u00a0 \u00a0solicit\u00f3 \u00a0 \u00a0que \u00a0 \u00a0se \u00a0 \u00a0decretaran \u00a0 \u00a0las \u00a0 siguientes \u00a0pruebas: \u00a0\u00a0<\/p>\n<p>1\u00ba. \u00a0Oficiar \u00a0a la Fiscal\u00eda General de la \u00a0Naci\u00f3n \u00a0 Oficina \u00a0 de \u00a0 Asuntos \u00a0 Internacionales, \u00a0con \u00a0el \u00a0fin \u00a0de \u00a0solicitar \u00a0certificaci\u00f3n \u00a0si \u00a0existe \u00a0proceso \u00a0penal \u00a0en Colombia por los mismos hechos de \u00a0esta \u00a0extradici\u00f3n, \u00a0en \u00a0contra \u00a0de \u00a0JAVIER \u00a0ENRIQUE \u00a0MARTINEZ \u00a0MALDONADO.\u00a0 \u00a0\u00a0<\/p>\n<p>2\u00ba. Oficiar a la Registradur\u00eda General de \u00a0la \u00a0Naci\u00f3n \u00a0con \u00a0el fin de solicitar copia de la tarjeta decadactilar de JAVIER \u00a0ENRIQUE \u00a0MARTINEZ \u00a0MALDONADO, \u00a0con \u00a0el \u00a0fin \u00a0de constatar la plena identidad del \u00a0solicitado en extradici\u00f3n. \u00a0\u00a0<\/p>\n<p>6. \u00a0El \u00a0 10 \u00a0de \u00a0septiembre \u00a0de \u00a0 \u00a0 \u00a02014, \u00a0 \u00a0 \u00a0la \u00a0 \u00a0 Sala decidi\u00f3, \u00a0de \u00a0 \u00a0 \u00a0 \u00a0una \u00a0 \u00a0 \u00a0 parte, \u00a0 \u00a0 \u00a0 negar \u00a0 \u00a0 \u00a0 \u00a0 la \u00a0 \u00a0 \u00a0 \u00a0pr\u00e1ctica \u00a0de \u00a0las \u00a0pruebas \u00a0solicitadas \u00a0por \u00a0el defensor y, de la \u00a0otra, \u00a0 \u00a0 \u00a0 \u00a0decret\u00f3 \u00a0 \u00a0 \u00a0 \u00a0oficiosamente \u00a0que \u00a0se oficiara a la Direcci\u00f3n de Gesti\u00f3n Internacional \u00a0de \u00a0la \u00a0Fiscal\u00eda General de la Naci\u00f3n, con \u00a0 el \u00a0 objeto \u00a0 de \u00a0 que \u00a0 se \u00a0 completara \u00a0 la \u00a0documentaci\u00f3n \u00a0 \u00a0remitida \u00a0 \u00a0para \u00a0 los \u00a0 fines \u00a0 de \u00a0 extradici\u00f3n, \u00a0espec\u00edficamente \u00a0lo \u00a0que \u00a0tiene \u00a0que \u00a0ver \u00a0con \u00a0el \u00a0Informe \u00a0de Investigador de \u00a0Laboratorio \u00a0del \u00a022 \u00a0de \u00a0mayo \u00a0de \u00a02014 \u00a0mediante el cual se verific\u00f3 la plena \u00a0identidad \u00a0 \u00a0 de \u00a0 \u00a0 JAVIER \u00a0 \u00a0ENRIQUE \u00a0 \u00a0MART\u00cdNEZ \u00a0MALDONADO. \u00a0\u00a0<\/p>\n<p>7. El 2 de octubre \u00a0de \u00a02014, \u00a0una \u00a0vez recibida la respuesta por parte de \u00a0la \u00a0 Direcci\u00f3n \u00a0de \u00a0Gesti\u00f3n \u00a0Internacional \u00a0de \u00a0la \u00a0Fiscal\u00eda \u00a0General \u00a0de \u00a0la \u00a0Naci\u00f3n, \u00a0 se \u00a0 \u00a0 \u00a0 \u00a0orden\u00f3 \u00a0 \u00a0 \u00a0 correr \u00a0 \u00a0 traslado \u00a0 \u00a0 a \u00a0 \u00a0 los \u00a0 \u00a0intervinientes \u00a0 \u00a0por \u00a0 el \u00a0 t\u00e9rmino \u00a0 de \u00a0 cinco \u00a0 (5) \u00a0d\u00edas, \u00a0 \u00a0para \u00a0 \u00a0que \u00a0 \u00a0presentaran \u00a0 \u00a0alegatos. \u00a0As\u00ed \u00a0procedieron \u00a0tanto el \u00a0delegado \u00a0de \u00a0Procuradur\u00eda \u00a0como \u00a0 el \u00a0defensor \u00a0del \u00a0requerido. \u00a0\u00a0<\/p>\n<p>ALEGATOS\u00a0\u00a0 FINALES \u00a0\u00a0<\/p>\n<p>1. \u00a0Procurador \u00a0Segundo \u00a0Delegado \u00a0para \u00a0la \u00a0Casaci\u00f3n Penal \u00a0\u00a0<\/p>\n<p>Luego de sintetizar la actuaci\u00f3n procesal y \u00a0de \u00a0 rese\u00f1ar \u00a0 los \u00a0documentos \u00a0allegados \u00a0como \u00a0soporte \u00a0de \u00a0la \u00a0petici\u00f3n \u00a0de \u00a0extradici\u00f3n, presenta las siguientes consideraciones: \u00a0\u00a0<\/p>\n<p>a) \u00a0Que el delito se cometi\u00f3 entre julio de \u00a02011 \u00a0y \u00a0septiembre \u00a0de 2012, es decir, con posterioridad al Acto Legislativo No \u00a001 \u00a0de \u00a01997, \u00a0por \u00a0lo \u00a0que \u00a0ning\u00fan \u00a0inconveniente \u00a0existe \u00a0en \u00a0cuanto al marco \u00a0temporal. \u00a0\u00a0<\/p>\n<p>b) \u00a0Que \u00a0el delito acusado se cometi\u00f3 desde \u00a0Colombia y en otros lugares. \u00a0\u00a0<\/p>\n<p>c) \u00a0Que \u00a0no \u00a0existe \u00a0tratado de extradici\u00f3n \u00a0vigente \u00a0entre \u00a0la \u00a0Rep\u00fablica de Colombia y los Estados Unidos de Am\u00e9rica, por \u00a0lo que la misma se rige por el ordenamiento jur\u00eddico nacional. \u00a0\u00a0<\/p>\n<p>d) Que los documentos aportados por el pa\u00eds \u00a0requirente \u00a0satisface \u00a0las \u00a0exigencias \u00a0legales, por cuanto no solo contienen la \u00a0informaci\u00f3n \u00a0m\u00ednima \u00a0indispensable \u00a0sino que respecto de aqu\u00e9llos se agotaron \u00a0las diligencias inherentes a su originalidad. \u00a0\u00a0<\/p>\n<p>e) \u00a0Que \u00a0en \u00a0las \u00a0notas \u00a0verbales \u00a0y \u00a0en \u00a0el \u00a0procedimiento \u00a0de \u00a0captura \u00a0de JAVIER ENRIQUE MARTINEZ MALDONADO, se estableci\u00f3 \u00a0plenamente su identidad. \u00a0\u00a0<\/p>\n<p>f) \u00a0Que el hecho que motiv\u00f3 la solicitud de \u00a0extradici\u00f3n \u00a0(narcotr\u00e1fico), \u00a0se \u00a0encuentra previsto tambi\u00e9n en Colombia como \u00a0delito \u00a0y \u00a0tiene \u00a0prevista \u00a0una pena privativa de la libertad cuyo m\u00ednimo no es \u00a0inferior a 4 a\u00f1os (art. 376 C.P.). \u00a0\u00a0<\/p>\n<p>g) Que el pronunciamiento judicial del pa\u00eds \u00a0requirente, \u00a0es \u00a0asimilable \u00a0a \u00a0la \u00a0resoluci\u00f3n de acusaci\u00f3n de la legislaci\u00f3n \u00a0nacional. \u00a0\u00a0<\/p>\n<p>Finalmente, \u00a0el representante del Ministerio \u00a0P\u00fablico \u00a0sugiere \u00a0a la Corte que emita concepto favorable a la extradici\u00f3n del \u00a0ciudadano \u00a0colombiano \u00a0JAVIER \u00a0ENRIQUE \u00a0MART\u00cdNEZ \u00a0MALDONADO, pero exhortando al \u00a0Gobierno \u00a0Nacional para que advierta al pa\u00eds reclamante en cuanto al respeto de \u00a0los derechos fundamentales del solicitado. \u00a0\u00a0<\/p>\n<p>2. \u00a0Defensor \u00a0de \u00a0JAVIER \u00a0ENRIQUE \u00a0MART\u00cdNEZ \u00a0MALDONADO \u00a0\u00a0<\/p>\n<p>La intervenci\u00f3n defensiva se limit\u00f3 a citar \u00a0los \u00a0requisitos \u00a0establecidos en los art\u00edculos 490, 493 y 502 de la Ley 906 del \u00a02004, \u00a0para \u00a0que \u00a0sea procedente la extradici\u00f3n de colombianos. Para finalizar, \u00a0solicita \u00a0a esta Corporaci\u00f3n que proponga al Gobierno Nacional que su defendido \u00a0no \u00a0sea \u00a0juzgado \u00a0por \u00a0un \u00a0hecho \u00a0diverso al que motiv\u00f3 la extradici\u00f3n, ni sea \u00a0sometido a tratos inhumanos o degradantes, ni a la pena de muerte. \u00a0\u00a0<\/p>\n<p>C O N C E P T O \u00a0<\/p>\n<p>1. Aspectos generales \u00a0<\/p>\n<p>La \u00a0competencia \u00a0de \u00a0la \u00a0Corte \u00a0dentro \u00a0del \u00a0tr\u00e1mite \u00a0de \u00a0extradici\u00f3n \u00a0est\u00e1 \u00a0enfocada \u00a0a \u00a0expresar \u00a0un \u00a0concepto \u00a0sobre la \u00a0procedencia \u00a0de \u00a0entregar \u00a0o no a la persona solicitada por un pa\u00eds extranjero, \u00a0despu\u00e9s \u00a0de examinar los puntos a que se refiere el art\u00edculo 502 de la Ley 906 \u00a0de \u00a02004, \u00a0sin \u00a0dejar \u00a0de \u00a0considerar \u00a0que \u00a0el \u00a0art\u00edculo 35 de la Constituci\u00f3n \u00a0Pol\u00edtica \u00a0en \u00a0su \u00a0inciso \u00a02\u00ba, reformado por el Acto Legislativo N\u00b0 1 de 1997, \u00a0autoriza \u00a0la \u00a0extradici\u00f3n \u00a0de \u00a0colombianos por nacimiento cuando son reclamados \u00a0por \u00a0delitos \u00a0cometidos \u00a0en \u00a0el \u00a0exterior \u00a0y las conductas que los originan as\u00ed \u00a0tambi\u00e9n se consideren en la legislaci\u00f3n penal colombiana. \u00a0\u00a0<\/p>\n<p>Sobre \u00a0este \u00faltimo aspecto, debe observarse \u00a0que \u00a0de \u00a0acuerdo con la acusaci\u00f3n formal N\u00b0 13-20874-CR-Graham, dictada por la \u00a0Corte \u00a0Distrital de los Estados Unidos para el Distrito Sur de Florida, el 21 de \u00a0noviembre \u00a0de 2013, la imputaci\u00f3n que se le formul\u00f3 a JAVIER ENRIQUE MART\u00cdNEZ \u00a0MALDONADO \u00a0corresponde a delitos federales de tr\u00e1fico de narc\u00f3ticos, cometidos \u00a0entre \u00a0los \u00a0meses \u00a0de julio de 2011 y septiembre de 2012. Significa lo anterior, \u00a0que \u00a0 no \u00a0aparece \u00a0motivo \u00a0constitucional impediente de la extradici\u00f3n. \u00a0\u00a0<\/p>\n<p>2. \u00a0Validez \u00a0formal \u00a0de \u00a0la \u00a0documentaci\u00f3n \u00a0presentada \u00a0\u00a0<\/p>\n<p>La \u00a0vicec\u00f3nsul \u00a0de \u00a0Colombia \u00a0en Washington \u00a0autentic\u00f3 \u00a0los \u00a0documentos \u00a0aportados \u00a0en apoyo de la solicitud de extradici\u00f3n \u00a0del \u00a0ciudadano colombiano JAVIER ENRIQUE MART\u00cdNEZ MALDONADO, de conformidad con \u00a0lo \u00a0dispuesto en el art\u00edculo 259 del C\u00f3digo de Procedimiento Civil, modificado \u00a0por \u00a0 \u00a0 el \u00a0 \u00a0 art\u00edculo \u00a0 \u00a0 251 \u00a0 \u00a0\u2013inciso \u00a02\u00b0- \u00a0de \u00a0la \u00a0Ley 1564 de 2012, C\u00f3digo General del Proceso, \u00a0as\u00ed \u00a0como con los art\u00edculos 4 y 5 de la Resoluci\u00f3n 2.201 de 1997 expedida por \u00a0el Ministerio de Relaciones Exteriores (folio 55, carpeta). \u00a0\u00a0<\/p>\n<p>De \u00a0esa \u00a0forma, \u00a0la \u00a0funcionaria \u00a0colombiana \u00a0certific\u00f3 \u00a0la \u00a0firma \u00a0de \u00a0la \u00a0Auxiliar \u00a0de \u00a0Autenticaciones del Departamento de \u00a0Estado \u00a0de \u00a0los \u00a0Estados \u00a0Unidos \u00a0de \u00a0Am\u00e9rica, \u00a0quien \u00a0a \u00a0su \u00a0vez \u00a0avala la del \u00a0Secretario \u00a0de \u00a0Estado, \u00a0John \u00a0F. \u00a0Kerry, y est\u00e1 la r\u00fabrica de Eric H. Holder, \u00a0Jr., \u00a0Fiscal \u00a0General, \u00a0quien \u00a0certifica \u00a0la \u00a0de Magdalena A. Boynton, Directora \u00a0Asociada \u00a0de \u00a0la \u00a0Oficina de Asuntos Internacionales, Divisi\u00f3n de lo Penal, del \u00a0Departamento \u00a0de \u00a0Justicia \u00a0de los Estados Unidos, encargada de dar cuenta de la \u00a0autenticidad \u00a0 de \u00a0las \u00a0declaraciones \u00a0juradas \u00a0de \u00a0Sharad \u00a0A. \u00a0Motiani, \u00a0Fiscal \u00a0Auxiliar, \u00a0y \u00a0Adrian \u00a0Betancourt, \u00a0Agente Especial de los Estados Unidos (folios \u00a056, 57, 115 y 116, carpeta). \u00a0\u00a0<\/p>\n<p>Como documento anexo y debidamente traducido, \u00a0aparece \u00a0la \u00a0acusaci\u00f3n \u00a0N\u00b013-20874-CR-Graham, presentada el 21 de noviembre de \u00a02013 \u00a0en \u00a0la \u00a0Corte \u00a0Distrital \u00a0de \u00a0los \u00a0Estados \u00a0Unidos para el Distrito Sur de \u00a0Florida \u00a0 \u00a0contra \u00a0 \u00a0JAVIER \u00a0 \u00a0ENRIQUE \u00a0 \u00a0MART\u00cdNEZ \u00a0 \u00a0MALDONADO \u00a0 \u00a0\u2013y \u00a0otros-, \u00a0as\u00ed \u00a0como \u00a0la \u00a0orden \u00a0de \u00a0arresto \u00a0librada \u00a0por \u00a0esa \u00a0Corte \u00a0(folios \u00a0137 a 143 y 145, carpeta). Del mismo \u00a0modo, \u00a0figuran \u00a0las \u00a0copias, \u00a0traducidas \u00a0en \u00a0debida forma, de las disposiciones \u00a0penales \u00a0del C\u00f3digo de los Estados Unidos aplicables al caso (folios 127 a 135, \u00a0carpeta). \u00a0\u00a0<\/p>\n<p>De acuerdo con lo anterior, la documentaci\u00f3n \u00a0presentada \u00a0en \u00a0respaldo \u00a0del pedido de extradici\u00f3n de JAVIER ENRIQUE MART\u00cdNEZ \u00a0MALDONADO es formalmente v\u00e1lida. \u00a0\u00a0<\/p>\n<p>3. \u00a0 Identidad \u00a0plena \u00a0del \u00a0solicitado \u00a0en \u00a0extradici\u00f3n \u00a0\u00a0<\/p>\n<p>De \u00a0acuerdo con las notas diplom\u00e1ticas Nos. \u00a00696 \u00a0y \u00a01300, \u00a0JAVIER \u00a0ENRIQUE MALDONADO, conocido con el apodo de \u201cJavi\u201d, \u00a0 es \u00a0ciudadano \u00a0colombiano, \u00a0naci\u00f3 \u00a0el \u00a09 \u00a0de \u00a0enero \u00a0de \u00a01983 y es titular de la c\u00e9dula de ciudadan\u00eda N\u00b0 \u00a080.392.581. \u00a0\u00a0<\/p>\n<p>Al \u00a0momento \u00a0de \u00a0ser \u00a0aprehendido, MART\u00cdNEZ \u00a0MALDONADO \u00a0se identific\u00f3 con ese documento, cuyo n\u00famero qued\u00f3 estampado en la \u00a0diligencia \u00a0de \u00a0notificaci\u00f3n \u00a0de la resoluci\u00f3n que orden\u00f3 su captura, el acta \u00a0de \u00a0derechos \u00a0del \u00a0capturado, \u00a0la \u00a0constancia \u00a0de \u00a0buen \u00a0trato, \u00a0y \u00a0en \u00a0diversas \u00a0actuaciones \u00a0surtidas \u00a0en \u00a0el \u00a0curso \u00a0del \u00a0tr\u00e1mite \u00a0ante \u00a0la Corte; adem\u00e1s, se \u00a0realiz\u00f3 \u00a0cotejo dactilosc\u00f3pico confirmatorio y en este asunto nunca se puso en \u00a0cuesti\u00f3n lo atinente a su identidad. \u00a0\u00a0<\/p>\n<p>As\u00ed \u00a0pues, en el tr\u00e1mite pudo establecerse \u00a0que \u00a0la \u00a0persona \u00a0requerida \u00a0en extradici\u00f3n, es la misma que fue capturada para \u00a0tales efectos. \u00a0\u00a0<\/p>\n<p>4. \u00a0Equivalencia de la providencia proferida \u00a0en el extranjero \u00a0\u00a0<\/p>\n<p>Como \u00a0 lo \u00a0 ha \u00a0 reiterado \u00a0 en \u00a0 diversas \u00a0oportunidades \u00a0la \u00a0Sala \u00a0de \u00a0Casaci\u00f3n Penal de la Corte Suprema de Justicia, se \u00a0cumple \u00a0con tal requisito siempre que, de conformidad a lo previsto en el inciso \u00a02\u00b0 \u00a0del \u00a0art\u00edculo \u00a0493 \u00a0de la Ley 906 de 2004, se haya dictado en el exterior, \u00a0por lo menos, resoluci\u00f3n de acusaci\u00f3n o su equivalente. \u00a0\u00a0<\/p>\n<p>En el presente evento, el 21 de noviembre de \u00a02013 \u00a0el \u00a0Gran \u00a0Jurado \u00a0del \u00a0Tribunal \u00a0de Distrito de los Estados Unidos para el \u00a0Distrito \u00a0Sur \u00a0de \u00a0Florida present\u00f3 la acusaci\u00f3n formal No. 13-20874-CR-Graham \u00a0por \u00a0los \u00a0delitos \u00a0antes \u00a0se\u00f1alados, \u00a0acto \u00a0procesal \u00a0\u00e9ste \u00a0que \u00a0equivale a la \u00a0acusaci\u00f3n \u00a0prevista \u00a0en el sistema procesal penal colombiano, tanto la regulada \u00a0en \u00a0el \u00a0art\u00edculo \u00a0398 \u00a0de \u00a0la \u00a0Ley \u00a0600 \u00a0de 2000 como al escrito acusatorio del \u00a0art\u00edculo 337 de la Ley 906 de 2004. \u00a0\u00a0<\/p>\n<p>Tales \u00a0 providencias, \u00a0 si \u00a0 bien \u00a0no \u00a0son \u00a0id\u00e9nticas, \u00a0 guardan \u00a0similitudes \u00a0que \u00a0las \u00a0tornan \u00a0equivalentes; \u00a0en \u00a0efecto, \u00a0contienen \u00a0un \u00a0pliego \u00a0de \u00a0cargos, \u00a0de los cuales se debe defender el acusado en \u00a0juicio. \u00a0A \u00a0su \u00a0vez, \u00a0constituyen presupuesto procesal para la iniciaci\u00f3n de la \u00a0etapa \u00a0de \u00a0juzgamiento \u00a0que culmina con el respectivo fallo de m\u00e9rito. En ellas \u00a0se \u00a0consigna \u00a0una \u00a0relaci\u00f3n \u00a0detallada de los hechos con especificaci\u00f3n de las \u00a0circunstancias \u00a0de \u00a0tiempo, \u00a0modo \u00a0y lugar en que ocurrieron, y la calificaci\u00f3n \u00a0jur\u00eddica \u00a0de \u00a0la \u00a0conducta, \u00a0con \u00a0indicaci\u00f3n de las disposiciones sustanciales \u00a0aplicables. \u00a0\u00a0<\/p>\n<p>Por \u00a0lo anterior, esta exigencia tambi\u00e9n se \u00a0cumple a cabalidad. \u00a0\u00a0<\/p>\n<p>5. \u00a0 \u00a0El \u00a0 \u00a0principio \u00a0 \u00a0de \u00a0 la \u00a0 doble \u00a0incriminaci\u00f3n \u00a0\u00a0<\/p>\n<p>De \u00a0acuerdo con el numeral 1\u00b0 del art\u00edculo \u00a0493 \u00a0del \u00a0C\u00f3digo \u00a0de \u00a0Procedimiento \u00a0Penal, la doble incriminaci\u00f3n se presenta \u00a0cuando \u00a0 el \u00a0 hecho \u00a0 que \u00a0 es \u00a0 motivo \u00a0de \u00a0la \u00a0extradici\u00f3n \u00a0est\u00e1 \u00a0\u201cprevisto \u00a0como delito en Colombia y reprimido con una sanci\u00f3n \u00a0privativa \u00a0 de \u00a0 la \u00a0 libertad \u00a0cuyo \u00a0m\u00ednimo \u00a0no \u00a0sea \u00a0inferior \u00a0a \u00a0cuatro \u00a0(4) \u00a0a\u00f1os\u201d. \u00a0\u00a0<\/p>\n<p>La \u00a0Corte tiene dicho que para establecer si \u00a0la \u00a0conducta \u00a0que \u00a0se \u00a0le \u00a0imputa \u00a0al \u00a0requerido \u00a0en \u00a0el \u00a0pa\u00eds \u00a0solicitante \u00a0es \u00a0considerada \u00a0como \u00a0delito \u00a0en \u00a0Colombia, debe hacerse una comparaci\u00f3n entre las \u00a0normas \u00a0que \u00a0all\u00ed \u00a0sustentan \u00a0la \u00a0sindicaci\u00f3n \u00a0con \u00a0las de orden interno, para \u00a0establecer \u00a0si \u00a0\u00e9stas \u00a0tambi\u00e9n \u00a0recogen los comportamientos contenidos en cada \u00a0uno de los cargos. \u00a0\u00a0<\/p>\n<p>Tal \u00a0 confrontaci\u00f3n \u00a0 se \u00a0 hace \u00a0 con \u00a0la \u00a0normatividad \u00a0que est\u00e1 en vigor al momento de rendir el concepto, puesto que lo \u00a0emite \u00a0dentro del tr\u00e1mite de un mecanismo de cooperaci\u00f3n internacional, raz\u00f3n \u00a0por \u00a0la cual la aplicaci\u00f3n del principio de favorabilidad que podr\u00eda arg\u00fcirse \u00a0como \u00a0producto \u00a0natural \u00a0de \u00a0la \u00a0sucesi\u00f3n \u00a0de \u00a0leyes no entrar\u00eda en juego, por \u00a0cuanto \u00a0las dom\u00e9sticas no son las que operar\u00e1n en el extranjero. Lo que a este \u00a0prop\u00f3sito \u00a0 determina \u00a0el \u00a0concepto \u00a0es \u00a0que, \u00a0sin \u00a0importar \u00a0la \u00a0denominaci\u00f3n \u00a0jur\u00eddica, \u00a0el \u00a0acto \u00a0desarrollado por el ciudadano cuya extradici\u00f3n se demanda \u00a0sea igualmente considerado como delictuoso en el territorio patrio. \u00a0\u00a0<\/p>\n<p>5.1. \u00a0De acuerdo con las Notas Verbales y la \u00a0copia \u00a0de \u00a0la \u00a0acusaci\u00f3n N\u00b0 13-20874-CR-Graham proferida en la Corte Distrital \u00a0de \u00a0los \u00a0Estados \u00a0Unidos \u00a0para el Distrito Sur de Florida, los cargos formulados \u00a0contra el requerido, se resumen de la siguiente manera: \u00a0\u00a0<\/p>\n<p>\u201cACUSACI\u00d3N \u00a0FORMAL \u00a0\u00a0<\/p>\n<p>EL Gran Jurado acusa que: \u00a0<\/p>\n<p>CARGOS TRES Y CUATRO \u00a0<\/p>\n<p>Importaci\u00f3n \u00a0de \u00a0una sustancia controlada \u00a0(por \u00a0lo \u00a0menos \u00a0100 \u00a0gramos \u00a0de \u00a0hero\u00edna \u00a0en \u00a0el \u00a0Cargo Tres y por lo menos un \u00a0kilogramo \u00a0de \u00a0hero\u00edna \u00a0en \u00a0el \u00a0Cargo Cuatro), y ayuda y facilitaci\u00f3n de dicho \u00a0delito, \u00a0 en \u00a0violaci\u00f3n \u00a0del \u00a0T\u00edtulo \u00a021, \u00a0Secciones \u00a0952(a), \u00a0960(b)(1)(A) \u00a0y \u00a0960(b)(2)(A) \u00a0del C\u00f3digo de los Estados Unidos y del T\u00edtulo 18, Secci\u00f3n 2 del \u00a0C\u00f3digo de los Estados Unidos; \u00a0\u00a0<\/p>\n<p>(\u2026) \u00a0<\/p>\n<p>El 31 de agosto de 2011 o alrededor de esa \u00a0fecha, \u00a0en \u00a0el \u00a0condado \u00a0de \u00a0Miami-Date, \u00a0en el Distrito Sur de la Florida, y en \u00a0otras \u00a0 partes, \u00a0los \u00a0acusados,\u2026[] \u00a0JAVIER \u00a0ENRIQUE \u00a0MART\u00cdNEZ-MALDONADO, \u00a0alias \u201cJavi\u201d,\u2026 a sabiendas \u00a0e \u00a0intencionalmente \u00a0importaron \u00a0a \u00a0los Estados Unidos, desde un lugar fuera del \u00a0mismo, \u00a0una \u00a0sustancia \u00a0controlada, \u00a0en \u00a0violaci\u00f3n \u00a0de \u00a0la \u00a0Secci\u00f3n 952(a) del \u00a0T\u00edtulo \u00a021 del C\u00f3digo de los Estados Unidos y la Secci\u00f3n 2 del T\u00edtulo 18 del \u00a0C\u00f3digo de los Estados Unidos. \u00a0\u00a0<\/p>\n<p>De conformidad con la Secci\u00f3n 960(b)(2)(A) \u00a0del \u00a0T\u00edtulo \u00a021 \u00a0del \u00a0C\u00f3digo \u00a0de los Estados Unidos, se alega adem\u00e1s que esta \u00a0violaci\u00f3n \u00a0implic\u00f3 \u00a0cien \u00a0(100) gramos o m\u00e1s de una mezcla y sustancia con un \u00a0contenido detectable de hero\u00edna. \u00a0\u00a0<\/p>\n<p>(\u2026) \u00a0<\/p>\n<p>El 13 de septiembre de 2011 o alrededor de \u00a0esa \u00a0fecha, \u00a0en el condado de Miami-Date, en el Distrito Sur de la Florida, y en \u00a0otras \u00a0 partes, \u00a0los \u00a0acusados,\u2026[] \u00a0JAVIER \u00a0ENRIQUE \u00a0MART\u00cdNEZ-MALDONADO, \u00a0alias \u201cJavi\u201d,\u2026 a sabiendas \u00a0e \u00a0intencionalmente \u00a0importaron \u00a0a \u00a0los Estados Unidos, desde un lugar fuera del \u00a0mismo, \u00a0una \u00a0sustancia \u00a0controlada, \u00a0en \u00a0violaci\u00f3n \u00a0de \u00a0la \u00a0Secci\u00f3n 952(a) del \u00a0T\u00edtulo \u00a021, \u00a0del \u00a0C\u00f3digo \u00a0de los Estados Unidos y la Secci\u00f3n 2 del T\u00edtulo 18 \u00a0del C\u00f3digo de los Estados Unidos. \u00a0\u00a0<\/p>\n<p>De conformidad con la Secci\u00f3n 960(b)(2)(A) \u00a0del \u00a0T\u00edtulo \u00a021 \u00a0del \u00a0C\u00f3digo \u00a0de los Estados Unidos, se alega adem\u00e1s que esta \u00a0violaci\u00f3n \u00a0implic\u00f3 \u00a0un \u00a0(1) \u00a0kilogramo o m\u00e1s de una mezcla y sustancia con un \u00a0contenido detectable de hero\u00edna. \u00a0\u00a0<\/p>\n<p>(\u2026) \u00a0<\/p>\n<p>CARGO CINCO \u00a0<\/p>\n<p>Importaci\u00f3n \u00a0de \u00a0una sustancia controlada \u00a0(por \u00a0lo menos 100 gramos de hero\u00edna), y ayuda y facilitaci\u00f3n de dicho delito, \u00a0en \u00a0violaci\u00f3n \u00a0del \u00a0T\u00edtulo \u00a021, Secciones 952(a) y 960(b)(2)(A) del C\u00f3digo de \u00a0los \u00a0Estados \u00a0Unidos \u00a0y \u00a0del \u00a0T\u00edtulo \u00a018, Secci\u00f3n 2 del C\u00f3digo de los Estados \u00a0Unidos. \u00a0\u00a0<\/p>\n<p>El 25 de octubre de 2011 o alrededor de esa \u00a0fecha, \u00a0en \u00a0el \u00a0condado \u00a0de \u00a0Miami-Date, \u00a0en el Distrito Sur de la Florida, y en \u00a0otras \u00a0partes, \u00a0los \u00a0acusados \u00a0\u2026[] \u00a0JAVIER \u00a0ENRIQUE \u00a0MART\u00cdNEZ-MALDONADO, \u00a0alias \u00a0\u201cJavi\u201d,\u2026a sabiendas \u00a0e \u00a0intencionalmente \u00a0importaron \u00a0a \u00a0los Estados Unidos, desde un lugar fuera del \u00a0mismo, \u00a0una \u00a0sustancia \u00a0controlada, \u00a0en \u00a0violaci\u00f3n \u00a0de \u00a0la \u00a0Secci\u00f3n 952(a) del \u00a0T\u00edtulo \u00a021 del C\u00f3digo de los Estados Unidos y la Secci\u00f3n 2 del T\u00edtulo 18 del \u00a0C\u00f3digo de los Estados Unidos. \u00a0\u00a0<\/p>\n<p>De conformidad con la Secci\u00f3n 960(b)(2)(A) \u00a0del \u00a0T\u00edtulo \u00a021 \u00a0del \u00a0C\u00f3digo \u00a0de los Estados Unidos, se alega adem\u00e1s que esta \u00a0violaci\u00f3n \u00a0implic\u00f3 \u00a0cien \u00a0(100) gramos o m\u00e1s de una mezcla y sustancia con un \u00a0contenido detectable de hero\u00edna. \u00a0\u00a0<\/p>\n<p>5.2. La \u00a0Secci\u00f3n \u00a02 \u00a0del \u00a0T\u00edtulo \u00a018 \u00a0del C\u00f3digo de los Estados Unidos \u00a0establece: \u00a0\u201cPrincipales, Auxiliar e Incitar (a) El \u00a0que \u00a0comete \u00a0un \u00a0delito \u00a0en \u00a0contra \u00a0de \u00a0los \u00a0EE.UU. \u00a0o \u00a0ayuda, es c\u00f3mplice de, \u00a0aconseja, \u00a0manda, \u00a0induce, \u00a0o obtiene su comisi\u00f3n es sancionado como principal. \u00a0(b) \u00a0El \u00a0que \u00a0adrede \u00a0causa \u00a0la \u00a0realizaci\u00f3n \u00a0de \u00a0un \u00a0acto, que, si fuera\u00a0 \u00a0directamente \u00a0realizado \u00a0por \u00e9l mismo o por otro ser\u00eda delito en contra de los \u00a0EE.UU., es sancionado como principal\u201d. \u00a0\u00a0<\/p>\n<p>A su turno, la Secci\u00f3n 952 del T\u00edtulo 21, \u00a0establece: \u00a0\u201cImportaci\u00f3n de sustancias controladas \u00a0(a) \u00a0Sustancias \u00a0controladas de la Tabla I o II y los estupefacientes de la Taba \u00a0III, \u00a0IV \u00a0o \u00a0V;\u2026 \u00a0Ser\u00e1 ilegal la importaci\u00f3n hacia el territorio aduanero de \u00a0los \u00a0Estados \u00a0Unidos \u00a0desde \u00a0cualquier otro lugar fuera de \u00e9ste (pero dentro de \u00a0los \u00a0Estados Unidos) y la importaci\u00f3n hacia los Estados Unidos, desde cualquier \u00a0otro \u00a0lugar fuera del pa\u00eds, de una substancia controlada de la Tabla I o II del \u00a0subcap\u00edtulo \u00a0I \u00a0de \u00a0este \u00a0cap\u00edtulo, \u00a0o de cualquier estupefaciente de la Tabla \u00a0III, IV o V del subcap\u00edtulo I de este cap\u00edtulo\u201d. \u00a0\u00a0<\/p>\n<p>Finalmente, en el mismo T\u00edtulo se encuentra \u00a0la \u00a0Secci\u00f3n \u00a0960 \u00a0que contempla: \u201cActos prohibidos. \u00a0(b)Las \u00a0penas (\u2026) (1) En caso de una violaci\u00f3n de la sub-secci\u00f3n (a) de esta \u00a0secci\u00f3n, \u00a0que \u00a0trata \u00a0de- \u00a0(A) 1 kilogramo o m\u00e1s de una mezcla o sustancia que \u00a0contenga \u00a0una \u00a0cantidad \u00a0perceptible \u00a0de \u00a0hero\u00edna \u00a0(\u2026) \u00a0(2) \u00a0En \u00a0caso \u00a0de una \u00a0violaci\u00f3n \u00a0de \u00a0la \u00a0sub-secci\u00f3n \u00a0(a) \u00a0de \u00a0esta \u00a0secci\u00f3n, que trata de- (A) 100 \u00a0gramos \u00a0o \u00a0m\u00e1s \u00a0de una mezcla o sustancia que contenga una cantidad perceptible \u00a0de hero\u00edna\u201d. \u00a0\u00a0<\/p>\n<p>5.3. \u00a0 Los \u00a0cargos \u00a0relacionados \u00a0con \u00a0la \u00a0importaci\u00f3n \u00a0de \u00a0las \u00a0sustancias \u00a0vedadas \u00a0al territorio de los Estados Unidos, \u00a0tambi\u00e9n \u00a0tienen \u00a0equivalencia \u00a0en la legislaci\u00f3n punitiva patria, toda vez que \u00a0el \u00a0art\u00edculo \u00a0376 \u00a0del \u00a0C\u00f3digo Penal, modificado por el art\u00edculo 11 de la Ley \u00a01453 \u00a0 de \u00a02011, \u00a0tipifica \u00a0el \u00a0delito \u00a0de \u00a0tr\u00e1fico, \u00a0fabricaci\u00f3n \u00a0 o \u00a0 porte \u00a0de \u00a0estupefacientes, \u00a0de \u00a0la \u00a0siguiente manera: \u00a0\u00a0<\/p>\n<p>\u201cArt\u00edculo 376. Tr\u00e1fico, fabricaci\u00f3n o \u00a0porte \u00a0 \u00a0 \u00a0 \u00a0 de \u00a0 \u00a0 \u00a0 \u00a0 estupefacientes. \u00a0 \u00a0 \u00a0 \u00a0 Modificado \u00a0por \u00a0el \u00a0art. 11, Ley 1453 de 2011. El que sin permiso de \u00a0autoridad \u00a0competente, \u00a0introduzca \u00a0al \u00a0pa\u00eds, \u00a0as\u00ed sea en tr\u00e1nsito o saque de \u00a0\u00e9l, \u00a0transporte, \u00a0lleve \u00a0consigo, \u00a0almacene, conserve, elabore, venda, ofrezca, \u00a0adquiera, \u00a0financie \u00a0o \u00a0suministre a cualquier t\u00edtulo sustancia estupefaciente, \u00a0sicotr\u00f3pica \u00a0o drogas sint\u00e9ticas que se encuentren contempladas en los cuadros \u00a0uno, \u00a0dos, \u00a0tres \u00a0y \u00a0cuatro del Convenio de las Naciones Unidas sobre Sustancias \u00a0Sicotr\u00f3picas, \u00a0incurrir\u00e1 \u00a0en prisi\u00f3n de ciento veintiocho (128) a trescientos \u00a0sesenta \u00a0(360) \u00a0meses \u00a0y \u00a0multa \u00a0de \u00a0mil \u00a0trescientos treinta y cuatro (1.334) a \u00a0cincuenta \u00a0 \u00a0 mil \u00a0 \u00a0 (50.000) \u00a0 \u00a0 salarios \u00a0 \u00a0 m\u00ednimos \u00a0 \u00a0legales \u00a0 \u00a0mensuales \u00a0vigentes. \u00a0\u00a0<\/p>\n<p>Si \u00a0la \u00a0cantidad de droga no excede de mil \u00a0(1.000) \u00a0gramos \u00a0de \u00a0marihuana, \u00a0doscientos \u00a0(200) gramos de hach\u00eds, cien (100) \u00a0gramos \u00a0de \u00a0coca\u00edna \u00a0o \u00a0de sustancia estupefaciente a base de coca\u00edna o veinte \u00a0(20) \u00a0gramos \u00a0de \u00a0derivados \u00a0de \u00a0la \u00a0amapola, \u00a0doscientos \u00a0(200) gramos de droga \u00a0sint\u00e9tica, \u00a0sesenta \u00a0(60) \u00a0gramos \u00a0de \u00a0nitrato de amilo, sesenta (60) gramos de \u00a0ketamina \u00a0y \u00a0GHB, \u00a0la \u00a0pena \u00a0ser\u00e1 \u00a0de sesenta y cuatro (64) a ciento ocho (108) \u00a0meses \u00a0de prisi\u00f3n y multa de dos (2) a ciento cincuenta (150) salarios m\u00ednimos \u00a0legales mensuales vigentes. \u00a0\u00a0<\/p>\n<p>Si la cantidad de droga excede los l\u00edmites \u00a0m\u00e1ximos \u00a0previstos \u00a0en el inciso anterior sin pasar de diez mil (10.000) gramos \u00a0de \u00a0marihuana, \u00a0tres \u00a0mil \u00a0(3.000) \u00a0gramos de hach\u00eds, dos mil (2.000) gramos de \u00a0coca\u00edna \u00a0o de sustancia estupefaciente a base de coca\u00edna o sesenta (60) gramos \u00a0de \u00a0derivados \u00a0de \u00a0la \u00a0amapola, \u00a0cuatro \u00a0mil (4.000) gramos de droga sint\u00e9tica, \u00a0quinientos \u00a0(500) \u00a0gramos \u00a0de \u00a0nitrato \u00a0de \u00a0amilo, \u00a0quinientos \u00a0(500) \u00a0gramos de \u00a0ketamina \u00a0y GHB, la pena ser\u00e1 de noventa y seis (96) a ciento cuarenta y cuatro \u00a0(144) \u00a0meses \u00a0de \u00a0prisi\u00f3n \u00a0y \u00a0multa \u00a0de \u00a0ciento \u00a0veinte \u00a0y \u00a0cuatro \u00a0(124) a mil \u00a0quinientos (1.500) salarios m\u00ednimos legales mensuales vigentes\u201d. \u00a0\u00a0<\/p>\n<p>En \u00a0s\u00edntesis, \u00a0la \u00a0exigencia \u00a0de \u00a0la doble \u00a0incriminaci\u00f3n tambi\u00e9n se colma en el presente asunto. \u00a0\u00a0<\/p>\n<p>6. Concepto \u00a0<\/p>\n<p>Habi\u00e9ndose \u00a0verificado \u00a0el cumplimiento de \u00a0todos \u00a0los \u00a0requisitos se\u00f1alados en el C\u00f3digo de Procedimiento Penal, la Corte \u00a0CONCEPT\u00daA \u00a0FAVORABLEMENTE a \u00a0la \u00a0extradici\u00f3n \u00a0del \u00a0ciudadano \u00a0colombiano JAVIER ENRIQUE MART\u00cdNEZ MALDONADO, \u00a0cuyas \u00a0notas civiles y condiciones personales fueron constatadas en el cuerpo de \u00a0este \u00a0pronunciamiento, \u00a0conforme con la notas verbales Nos. 0696 y 1300 del 6 de \u00a0mayo \u00a0y \u00a018 \u00a0de julio de 2014, respectivamente, suscritas por la Embajada de los \u00a0Estados \u00a0Unidos \u00a0de \u00a0Am\u00e9rica, \u00a0por \u00a0el \u00a0cargo \u00a0imputado \u00a0en \u00a0la \u00a0resoluci\u00f3n de \u00a0acusaci\u00f3n \u00a0N\u00b0 \u00a013-20874-CR-Graham, \u00a0presentada el 21 de noviembre de 2013 ante \u00a0la \u00a0 Corte \u00a0 Distrital \u00a0 de \u00a0 los \u00a0 Estados \u00a0Unidos \u00a0para \u00a0el \u00a0Distrito \u00a0Sur \u00a0de \u00a0Florida. \u00a0\u00a0<\/p>\n<p>En \u00a0todo caso, habida cuenta que las normas \u00a0penales \u00a0de los Estados Unidos aplicables a los delitos por los que solicit\u00f3 la \u00a0extradici\u00f3n \u00a0prev\u00e9n \u00a0como \u00a0sanci\u00f3n \u00a0hasta \u00a0la \u00a0cadena perpetua, la cual est\u00e1 \u00a0prohibida \u00a0 en \u00a0Colombia \u00a0(art\u00edculo \u00a034 \u00a0de \u00a0la \u00a0Constituci\u00f3n \u00a0Pol\u00edtica), \u00a0le \u00a0corresponde \u00a0al \u00a0Gobierno \u00a0Nacional, \u00a0en \u00a0caso de conceder la entrega requerida, \u00a0condicionarla \u00a0a \u00a0la \u00a0conmutaci\u00f3n de la misma, as\u00ed como imponer las exigencias \u00a0que \u00a0considere oportunas para que se respete la prohibici\u00f3n constitucional, y a \u00a0fin \u00a0de \u00a0que \u00a0MART\u00cdNEZ MALDONADO no vaya a ser juzgado por un hecho anterior al \u00a0que \u00a0motiva \u00a0la extradici\u00f3n (art\u00edculo 494 del C\u00f3digo de Procedimiento Penal), \u00a0ni \u00a0sometido a tratos crueles, inhumanos o degradantes. Del mismo modo, para que \u00a0se \u00a0le \u00a0reconozca \u00a0como parte cumplida de la pena que se le llegare a imponer en \u00a0el \u00a0pa\u00eds \u00a0requirente, \u00a0el \u00a0tiempo que ha permanecido privado de la libertad por \u00a0raz\u00f3n de este tr\u00e1mite. \u00a0\u00a0<\/p>\n<p>Tambi\u00e9n \u00a0es \u00a0preciso \u00a0advertir que como el \u00a0instrumento \u00a0de \u00a0la \u00a0extradici\u00f3n entre Estados Unidos de Am\u00e9rica y Colombia se \u00a0rige, \u00a0en \u00a0ausencia \u00a0de \u00a0un \u00a0tratado \u00a0internacional \u00a0que \u00a0regule \u00a0los motivos de \u00a0procedencia, \u00a0requisitos, \u00a0tr\u00e1mite \u00a0y condiciones, por las normas contenidas en \u00a0la \u00a0Constituci\u00f3n \u00a0Pol\u00edtica \u00a0(art\u00edculo \u00a035) \u00a0y \u00a0en el C\u00f3digo de Procedimiento \u00a0Penal \u00a0(art\u00edculos \u00a0490 \u00a0a \u00a0514 \u00a0de \u00a0la \u00a0Ley \u00a0906 \u00a0de \u00a02004), cuando recae sobre \u00a0ciudadanos \u00a0colombianos por nacimiento \u2013si \u00a0es \u00a0pasiva-; resulta imperioso que el Gobierno Nacional haga las \u00a0exigencias \u00a0que \u00a0estime \u00a0convenientes en aras a que en el pa\u00eds reclamante se le \u00a0reconozcan \u00a0 todos \u00a0los \u00a0derechos \u00a0y \u00a0garant\u00edas \u00a0inherentes \u00a0a \u00a0su \u00a0calidad \u00a0de \u00a0colombiano \u00a0y \u00a0de procesado, en especial las contenidas en la Carta Fundamental, \u00a0entre \u00a0ellas \u00a0la \u00a0prevista \u00a0en el art\u00edculo 42, seg\u00fan la cual, la familia es el \u00a0n\u00facleo \u00a0central \u00a0de \u00a0la \u00a0sociedad, \u00a0motivo por el cual deber\u00e1 permitirse a sus \u00a0parientes mantener un contacto permanente. \u00a0\u00a0<\/p>\n<p>Asimismo, se deber\u00e1n acatar los derechos y \u00a0garant\u00edas \u00a0consagrados en el denominado bloque de constitucionalidad, es decir, \u00a0en \u00a0aquellos \u00a0convenios internacionales ratificados por Colombia que consagran y \u00a0desarrollan \u00a0derechos \u00a0humanos \u00a0(art\u00edculo \u00a093 de la Constituci\u00f3n, Declaraci\u00f3n \u00a0Universal \u00a0de Derechos Humanos, Convenci\u00f3n Americana de Derechos Humanos, Pacto \u00a0Internacional \u00a0de \u00a0Derechos \u00a0Civiles \u00a0y \u00a0Pol\u00edticos), \u00a0en \u00a0virtud \u00a0del \u00a0deber de \u00a0protecci\u00f3n \u00a0a \u00a0esos derechos que para todas las autoridades p\u00fablicas emana del \u00a0art\u00edculo 2\u00ba ib\u00eddem. \u00a0\u00a0<\/p>\n<p>Tales \u00a0condicionamientos \u00a0tienen \u00a0car\u00e1cter \u00a0imperioso, \u00a0porque \u00a0la \u00a0extradici\u00f3n \u00a0de un ciudadano colombiano por nacimiento, \u00a0cualquiera \u00a0sea \u00a0el \u00a0delito que dio lugar a su entrega a un pa\u00eds extranjero, no \u00a0implica \u00a0que \u00a0pierda \u00a0su \u00a0nacionalidad \u00a0ni \u00a0los derechos que le son anejos a tal \u00a0calidad. \u00a0Por \u00a0tanto, \u00a0el deber de protecci\u00f3n de las autoridades colombianas se \u00a0extiende \u00a0a \u00a0tal \u00a0punto, \u00a0que \u00a0han \u00a0de \u00a0vigilar que en el pa\u00eds reclamante se le \u00a0respete \u00a0los \u00a0derechos \u00a0y garant\u00edas tal como si fuese juzgado en Colombia. A lo \u00a0que \u00a0renuncia \u00a0el \u00a0Estado que accede a la entrega de un connacional es a ejercer \u00a0su \u00a0soberan\u00eda \u00a0jurisdiccional, de modo que en tanto aqu\u00e9l siga siendo s\u00fabdito \u00a0de \u00a0Colombia, conserva a su favor todas las prerrogativas, garant\u00edas y derechos \u00a0que \u00a0emanan \u00a0de \u00a0la \u00a0Constituci\u00f3n \u00a0y \u00a0la \u00a0ley, \u00a0en \u00a0particular, aquellos que se \u00a0relacionan \u00a0con \u00a0su \u00a0calidad \u00a0de \u00a0procesado y que tienen que ver con la dignidad \u00a0humana. \u00a0\u00a0<\/p>\n<p>Por \u00a0esa \u00a0raz\u00f3n, \u00a0de \u00a0conformidad \u00a0con \u00a0lo \u00a0establecido \u00a0por \u00a0el \u00a0art\u00edculo 189-2 de la Constituci\u00f3n Pol\u00edtica, al Gobierno \u00a0Nacional, \u00a0en \u00a0cabeza \u00a0del \u00a0se\u00f1or \u00a0Presidente \u00a0de \u00a0la \u00a0Rep\u00fablica \u00a0como supremo \u00a0director \u00a0de \u00a0la \u00a0pol\u00edtica \u00a0exterior \u00a0y \u00a0de \u00a0las relaciones internacionales, le \u00a0corresponde \u00a0hacer \u00a0estricto \u00a0seguimiento \u00a0del \u00a0cumplimiento por parte del pa\u00eds \u00a0requirente \u00a0de \u00a0los \u00a0condicionamientos \u00a0atr\u00e1s \u00a0referenciados y establecer, as\u00ed \u00a0mismo, \u00a0las \u00a0consecuencias \u00a0de su inobservancia (Cfr. CSJ CP, 23 feb. 2005, Rad. \u00a022375, entre otros). \u00a0\u00a0<\/p>\n<p>La \u00a0Secretar\u00eda de la Sala comunicar\u00e1 este \u00a0concepto \u00a0 al \u00a0 solicitado \u00a0 JAVIER \u00a0 ENRIQUE \u00a0 MART\u00cdNEZ \u00a0 MALDONADO \u00a0y \u00a0dem\u00e1s \u00a0intervinientes en el tr\u00e1mite de extradici\u00f3n. \u00a0\u00a0<\/p>\n<p>Devu\u00e9lvase \u00a0el expediente al Ministerio de \u00a0Justicia y del Derecho para lo de su competencia. \u00a0\u00a0<\/p>\n<p>FERNANDO ALBERTO CASTRO CABALLERO \u00a0<\/p>\n<p>JOS\u00c9 LUIS BARCEL\u00d3 CAMACHO \u00a0<\/p>\n<p>JOS\u00c9 LEONIDAS BUSTOS MART\u00cdNEZ \u00a0<\/p>\n<p>EUGENIO FERN\u00c1NDEZ CARLIER \u00a0<\/p>\n<p>MAR\u00cdA DEL ROSARIO GONZ\u00c1LEZ MU\u00d1OZ \u00a0<\/p>\n<p>GUSTAVO ENRIQUE MALO FERN\u00c1NDEZ \u00a0<\/p>\n<p>EYDER PATI\u00d1O CABRERA \u00a0<\/p>\n<p>PATRICIA SALAZAR CU\u00c9LLAR \u00a0<\/p>\n<p>LUIS GUILLERMO SALAZAR OTERO \u00a0<\/p>\n<p>Nubia Yolanda Nova Garc\u00eda \u00a0<\/p>\n<p>Secretaria \u00a0 \u00a0<\/p>\n<p><\/p>\n","protected":false},"excerpt":{"rendered":"<p>\u00a0 \u00a0 CORTE SUPREMA DE JUSTICIA \u00a0 SALA DE CASACI\u00d3N PENAL \u00a0 GUSTAVO ENRIQUE MALO FERN\u00c1NDEZ \u00a0 Magistrado Ponente \u00a0 CP185-2014 \u00a0 Radicado N\u00b0 44259. \u00a0 Aprobado acta No. 385. \u00a0 Bogot\u00e1, \u00a0D.C., doce (12) de noviembre de dos \u00a0mil catorce (2014). \u00a0\u00a0 V \u00a0 I \u00a0 \u00a0 \u00a0 \u00a0 \u00a0 \u00a0 \u00a0S \u00a0 \u00a0 [&hellip;]<\/p>\n","protected":false},"author":1,"featured_media":0,"comment_status":"open","ping_status":"open","sticky":false,"template":"","format":"standard","meta":{"footnotes":""},"categories":[22],"tags":[],"class_list":["post-29936","post","type-post","status-publish","format-standard","hentry","category-22"],"_links":{"self":[{"href":"https:\/\/dmsjuridica.com\/buscador_20179478954\/salapenalcronologico20230723\/wp-json\/wp\/v2\/posts\/29936","targetHints":{"allow":["GET"]}}],"collection":[{"href":"https:\/\/dmsjuridica.com\/buscador_20179478954\/salapenalcronologico20230723\/wp-json\/wp\/v2\/posts"}],"about":[{"href":"https:\/\/dmsjuridica.com\/buscador_20179478954\/salapenalcronologico20230723\/wp-json\/wp\/v2\/types\/post"}],"author":[{"embeddable":true,"href":"https:\/\/dmsjuridica.com\/buscador_20179478954\/salapenalcronologico20230723\/wp-json\/wp\/v2\/users\/1"}],"replies":[{"embeddable":true,"href":"https:\/\/dmsjuridica.com\/buscador_20179478954\/salapenalcronologico20230723\/wp-json\/wp\/v2\/comments?post=29936"}],"version-history":[{"count":0,"href":"https:\/\/dmsjuridica.com\/buscador_20179478954\/salapenalcronologico20230723\/wp-json\/wp\/v2\/posts\/29936\/revisions"}],"wp:attachment":[{"href":"https:\/\/dmsjuridica.com\/buscador_20179478954\/salapenalcronologico20230723\/wp-json\/wp\/v2\/media?parent=29936"}],"wp:term":[{"taxonomy":"category","embeddable":true,"href":"https:\/\/dmsjuridica.com\/buscador_20179478954\/salapenalcronologico20230723\/wp-json\/wp\/v2\/categories?post=29936"},{"taxonomy":"post_tag","embeddable":true,"href":"https:\/\/dmsjuridica.com\/buscador_20179478954\/salapenalcronologico20230723\/wp-json\/wp\/v2\/tags?post=29936"}],"curies":[{"name":"wp","href":"https:\/\/api.w.org\/{rel}","templated":true}]}}