{"id":29935,"date":"2023-09-13T14:23:13","date_gmt":"2023-09-13T14:23:13","guid":{"rendered":"https:\/\/dmsjuridica.com\/buscador_20179478954\/salapenalcronologico20230723\/2023\/09\/13\/cp184-201444320\/"},"modified":"2023-09-13T14:23:13","modified_gmt":"2023-09-13T14:23:13","slug":"cp184-201444320","status":"publish","type":"post","link":"https:\/\/dmsjuridica.com\/buscador_20179478954\/salapenalcronologico20230723\/2023\/09\/13\/cp184-201444320\/","title":{"rendered":"CP184-2014(44320)"},"content":{"rendered":"\n<p>\u00a0 \u00a0 CORTE SUPREMA DE JUSTICIA \u00a0<\/p>\n<p>SALA DE CASACI\u00d3N PENAL \u00a0<\/p>\n<p>GUSTAVO ENRIQUE MALO FERN\u00c1NDEZ \u00a0<\/p>\n<p>Magistrado Ponente \u00a0<\/p>\n<p>CP184-2014 \u00a0<\/p>\n<p>Radicado N\u00b0 44320. \u00a0<\/p>\n<p>Aprobado acta No. 385, \u00a0<\/p>\n<p>Bogot\u00e1, \u00a0D.C., doce (12) de noviembre de dos \u00a0mil catorce (2014). \u00a0\u00a0<\/p>\n<p>VISTOS \u00a0<\/p>\n<p>Dentro del presente tr\u00e1mite de extradici\u00f3n \u00a0que \u00a0 \u00a0se \u00a0 \u00a0adelanta \u00a0 \u00a0respecto \u00a0 \u00a0del \u00a0 ciudadano \u00a0 colombiano \u00a0 MANUEL \u00a0REINEL MART\u00cdNEZ SALAS, requerido \u00a0por \u00a0el \u00a0gobierno \u00a0de \u00a0los Estados Unidos de Am\u00e9rica, le corresponde a la Corte \u00a0emitir \u00a0concepto, \u00a0de \u00a0conformidad \u00a0con lo establecido en el art\u00edculo 501 de la \u00a0Ley \u00a0906 \u00a0de \u00a02004, \u00a0toda \u00a0vez \u00a0que \u00a0venci\u00f3 \u00a0el \u00a0t\u00e9rmino \u00a0de \u00a0traslado \u00a0a \u00a0los \u00a0intervinientes \u00a0 \u00a0para \u00a0 \u00a0alegar, \u00a0 \u00a0en \u00a0 desarrollo \u00a0 del \u00a0 cual \u00a0 s\u00f3lo \u00a0 \u00a0 se \u00a0 \u00a0 pronunci\u00f3 \u00a0 \u00a0el \u00a0 delegado \u00a0 del \u00a0 Ministerio \u00a0P\u00fablico. \u00a0\u00a0<\/p>\n<p>ANTECEDENTES \u00a0<\/p>\n<p>1. \u00a0Mediante \u00a0 \u00a0 \u00a0 la \u00a0 \u00a0 \u00a0nota \u00a0verbal \u00a0No. \u00a00509 \u00a0del \u00a07 \u00a0de \u00a0abril \u00a0de 2014, el Gobierno de \u00a0Estados \u00a0Unidos \u00a0de Am\u00e9rica, por conducto de su Embajada en Colombia, solicit\u00f3 \u00a0al \u00a0Ministerio \u00a0de \u00a0Relaciones Exteriores la detenci\u00f3n provisional con fines de \u00a0extradici\u00f3n \u00a0del \u00a0natural \u00a0colombiano \u00a0MANUEL \u00a0REINEL MART\u00cdNEZ SALAS, pues, la \u00a0Corte \u00a0Distrital \u00a0de \u00a0los \u00a0Estados \u00a0Unidos \u00a0para \u00a0el \u00a0Distrito de Puerto Rico lo \u00a0requiere \u00a0para \u00a0comparecer en juicio, toda vez que all\u00ed se emiti\u00f3 en su contra \u00a0la \u00a0resoluci\u00f3n \u00a0de acusaci\u00f3n No. 13-597(ADC), dictada el 23 de agosto de 2013, \u00a0en \u00a0la \u00a0cual \u00a0se \u00a0le \u00a0formulan tres cargos por delitos \u00a0relacionados \u00a0con \u00a0la \u00a0violaci\u00f3n \u00a0de \u00a0las \u00a0leyes \u00a0de \u00a0narc\u00f3ticos, \u00a0cometidos \u00a0entre los meses de agosto de \u00a02012 \u00a0y \u00a0abril \u00a0de \u00a02013 \u00a0(folios 38 y 44, carpeta). \u00a0\u00a0<\/p>\n<p>2. \u00a0 Con \u00a0 resoluci\u00f3n \u00a0del \u00a011 \u00a0de \u00a0abril \u00a0del \u00a0a\u00f1o \u00a0en \u00a0curso, \u00a0el se\u00f1or Fiscal General de la \u00a0Naci\u00f3n \u00a0 \u00a0orden\u00f3 \u00a0 \u00a0la \u00a0 \u00a0captura \u00a0 de \u00a0 MART\u00cdNEZ \u00a0SALAS \u00a0 para \u00a0los \u00a0fines \u00a0mencionados, \u00a0la \u00a0cual \u00a0se \u00a0llev\u00f3 \u00a0 \u00a0a \u00a0 cabo \u00a0 el \u00a027 \u00a0 de \u00a0 mayo \u00a0 siguiente \u00a0por \u00a0miembros \u00a0de \u00a0la \u00a0Direcci\u00f3n \u00a0de \u00a0Investigaci\u00f3n Criminal e INTERPOL, en \u00a0la \u00a0localidad de Maicao (Guajira) (folios 1 \u00a0 \u00a0 a \u00a034, carpeta). \u00a0\u00a0<\/p>\n<p>3. \u00a0Con \u00a0la \u00a0nota \u00a0verbal \u00a0N\u00b0 1371 \u00a0 \u00a0del \u00a0 \u00a025 \u00a0 \u00a0de \u00a0 julio de 2014, \u00a0la \u00a0 referida \u00a0 representaci\u00f3n \u00a0 diplom\u00e1tica \u00a0 formaliz\u00f3 \u00a0 la \u00a0 petici\u00f3n \u00a0de \u00a0extradici\u00f3n \u00a0 \u00a0de \u00a0 \u00a0MART\u00cdNEZ \u00a0 SALAS, \u00a0 \u00a0 \u00a0 reiterando \u00a0 \u00a0 \u00a0que \u00a0este \u00a0ciudadano \u00a0es \u00a0objeto \u00a0de la acusaci\u00f3n N\u00b0 13-597(ADC), \u00a0 dictada \u00a0 el \u00a0 23 \u00a0 de \u00a0agosto \u00a0de \u00a02013 \u00a0en \u00a0la \u00a0Corte \u00a0Distrital \u00a0de \u00a0los Estados Unidos para el Distrito \u00a0de Puerto Rico, acto en que \u00a0se \u00a0 \u00a0 le \u00a0 \u00a0 formulan \u00a0los \u00a0siguientes \u00a0 \u00a0 \u00a0 \u00a0 \u00a0 \u00a0cargos: \u00a0\u00a0<\/p>\n<p>\u201cCargo \u00a0Uno: \u00a0 \u00a0Concierto \u00a0para \u00a0poseer con la intenci\u00f3n \u00a0de \u00a0 \u00a0distribuir \u00a0 \u00a0un \u00a0kilogramo \u00a0o \u00a0m\u00e1s \u00a0de \u00a0una \u00a0sustancia \u00a0 controlada \u00a0(hero\u00edna), \u00a0en \u00a0violaci\u00f3n \u00a0 \u00a0 del \u00a0 \u00a0 T\u00edtulo \u00a0 \u00a021, \u00a0Secciones 841 (a)(1), \u00a0841 \u00a0 \u00a0(b)(1)(A)(i) \u00a0 \u00a0y \u00a0 846 \u00a0 del \u00a0 C\u00f3digo \u00a0 \u00a0 \u00a0 \u00a0de \u00a0 \u00a0 \u00a0 \u00a0los \u00a0 \u00a0 \u00a0 \u00a0Estados \u00a0 \u00a0 \u00a0 Unidos; \u00a0\u00a0<\/p>\n<p>Cargo \u00a0 \u00a0 \u00a0 \u00a0 \u00a0Dos: \u00a0 Concierto \u00a0 para \u00a0 importar \u00a0un \u00a0kilogramo \u00a0o \u00a0m\u00e1s \u00a0de una \u00a0sustancia \u00a0controlada (hero\u00edna) a los Estados Unidos \u00a0desde \u00a0un \u00a0lugar \u00a0fuera \u00a0de \u00a0los \u00a0Estados \u00a0Unidos, en \u00a0violaci\u00f3n \u00a0 \u00a0del \u00a0 T\u00edtulo \u00a0 21, \u00a0 Secciones \u00a0 952 \u00a0(a), \u00a0 y \u00a0963 \u00a0 del \u00a0C\u00f3digo de los Estados Unidos; y \u00a0\u00a0<\/p>\n<p>Cargo \u00a0 \u00a0 \u00a0 \u00a0 Tres: \u00a0 Concierto \u00a0para \u00a0cometer \u00a0delitos \u00a0de \u00a0lavado de dinero, \u00a0en \u00a0 \u00a0violaci\u00f3n \u00a0 \u00a0del \u00a0 \u00a0T\u00edtulo \u00a0 \u00a018, \u00a0Secciones \u00a0 \u00a0 1956 \u00a0(a)(1)(B)(i) \u00a0 \u00a0 \u00a0 \u00a0 y \u00a0 \u00a0 \u00a0 \u00a01956 \u00a0(h) del \u00a0C\u00f3digo \u00a0 de \u00a0 los \u00a0Estados \u00a0Unidos\u201d \u00a0(folios \u00a0 \u00a0 \u00a0 \u00a0 \u00a054 \u00a0 \u00a0 \u00a0 \u00a0 y \u00a0 \u00a0 \u00a0 \u00a061, carpeta). \u00a0\u00a0<\/p>\n<p>4. El Ministerio de Relaciones Exteriores, \u00a0anotando \u00a0 que \u00a0\u201cse \u00a0encuentra \u00a0vigente \u00a0entre \u00a0la \u00a0Rep\u00fablica \u00a0de \u00a0Colombia \u00a0y \u00a0los \u00a0Estados \u00a0Unidos \u00a0de \u00a0Am\u00e9rica, la \u2018Convenci\u00f3n \u00a0 de \u00a0Naciones \u00a0Unidas \u00a0contra \u00a0 \u00a0el \u00a0 \u00a0tr\u00e1fico \u00a0 \u00a0il\u00edcito \u00a0 \u00a0de \u00a0 \u00a0estupefacientes \u00a0 \u00a0y \u00a0 \u00a0sustancias \u00a0psicotr\u00f3picas\u2019, \u00a0suscrita \u00a0en \u00a0Viena \u00a0el \u00a020 \u00a0de diciembre de 1988\u201d, \u00a0as\u00ed \u00a0como \u00a0que \u00a0en \u00a0los \u00a0aspectos \u00a0 \u00a0no \u00a0 \u00a0regulados \u00a0 por \u00a0 el \u00a0 tratado, \u00a0 el \u00a0 tr\u00e1mite \u00a0 \u201cse \u00a0regir\u00e1 \u00a0por \u00a0lo \u00a0previsto en el \u00a0ordenamiento \u00a0 \u00a0jur\u00eddico \u00a0 \u00a0colombiano\u201d, \u00a0remiti\u00f3 \u00a0la \u00a0mencionada nota verbal y los documentos anexos \u00a0al \u00a0de Justicia y del Derecho, Oficina de Asuntos Internacionales, entidad que a \u00a0su \u00a0vez \u00a0envi\u00f3 tal documentaci\u00f3n a esta Corte, donde luego de proveerse porque \u00a0el \u00a0requerido \u00a0contara \u00a0con defensa adecuada, se orden\u00f3 correr el traslado para \u00a0pedir \u00a0 \u00a0 \u00a0pruebas \u00a0 \u00a0 \u00a0(folios \u00a0 \u00a0 32, \u00a0 carpeta, \u00a0 y \u00a0 1, \u00a0 6 y 12, c.o.). \u00a0\u00a0<\/p>\n<p>5. \u00a0 \u00a0Mediante \u00a0 auto \u00a0 del \u00a0 24 \u00a0de \u00a0septiembre de \u00a0 \u00a0 \u00a02014, \u00a0 \u00a0 la \u00a0 \u00a0 Sala \u00a0neg\u00f3 \u00a0la \u00a0solicitud \u00a0probatoria \u00a0elevada \u00a0por \u00a0el defensor \u00a0del \u00a0reclamado \u00a0 y \u00a0 orden\u00f3 \u00a0 surtir, \u00a0por \u00a0 el \u00a0 t\u00e9rmino \u00a0 de \u00a0 cinco \u00a0(5) \u00a0d\u00edas, \u00a0 el \u00a0traslado \u00a0para alegar a \u00a0 que \u00a0 alude \u00a0 el \u00a0art\u00edculo \u00a0500 \u00a0de \u00a0la \u00a0Ley \u00a0906 \u00a0de 2004. \u00a0Dicha \u00a0 atribuci\u00f3n \u00a0 s\u00f3lo \u00a0 fue \u00a0 ejercida \u00a0 por \u00a0el \u00a0delegado \u00a0de \u00a0Procuradur\u00eda \u00a0 (folios \u00a029 \u00a0 y \u00a0 45, c.o.). \u00a0\u00a0<\/p>\n<p>ALEGACI\u00d3N \u00a0 \u00a0 \u00a0DEL \u00a0 \u00a0 \u00a0MINISTERIO \u00a0P\u00daBLICO \u00a0\u00a0<\/p>\n<p>Luego de sintetizar la actuaci\u00f3n, consignar \u00a0unas \u00a0consideraciones \u00a0generales \u00a0sobre la procedencia de la extradici\u00f3n, citar \u00a0la \u00a0normatividad aplicable y precisar cu\u00e1les son los fundamentos del concepto a \u00a0cargo \u00a0de \u00a0la \u00a0Corte, \u00a0el \u00a0Procurador \u00a0Segundo \u00a0Delegado para la Casaci\u00f3n Penal \u00a0enuncia \u00a0los \u00a0documentos \u00a0aportados \u00a0con la solicitud de extradici\u00f3n y la forma \u00a0como \u00a0fueron \u00a0expedidos \u00a0y autenticados en el pa\u00eds de origen, para concluir que \u00a0est\u00e1 acreditada la validez formal de tal documentaci\u00f3n. \u00a0\u00a0<\/p>\n<p>En \u00a0 lo \u00a0 que \u00a0 tiene \u00a0 que \u00a0 ver \u00a0con \u00a0la \u00a0identificaci\u00f3n \u00a0plena \u00a0del \u00a0solicitado \u00a0en \u00a0extradici\u00f3n, \u00a0manifiesta que en la \u00a0informaci\u00f3n \u00a0allegada \u00a0por el gobierno petente, el requerido es distinguido con \u00a0el \u00a0nombre \u00a0de \u00a0MANUEL REINEL MART\u00cdNEZ SALAS, ciudadano colombiano, nacido el 3 \u00a0de \u00a0abril \u00a0de \u00a01957 \u00a0y \u00a0titular \u00a0de la c\u00e9dula de ciudadan\u00eda N\u00b0 17\u2019847.043 expedida en Maicao (Guajira), \u00a0lo \u00a0cual \u00a0se \u00a0corrobor\u00f3 al momento de su captura, pues, en los actos propios de \u00a0la \u00a0misma \u00a0se \u00a0le \u00a0identific\u00f3 \u00a0con el documento relacionado por las autoridades \u00a0extranjeras. \u00a0 \u00a0 Por \u00a0 \u00a0tal \u00a0 \u00a0raz\u00f3n, \u00a0 \u00a0opina, \u00a0 \u00a0se \u00a0 \u00a0cumple \u00a0 \u00a0con \u00a0 \u00a0\u00e9ste \u00a0requerimiento. \u00a0\u00a0<\/p>\n<p>Como el hecho que motiva la extradici\u00f3n debe \u00a0estar \u00a0previsto en la legislaci\u00f3n colombiana como delito, con pena privativa de \u00a0la \u00a0libertad \u00a0cuyo \u00a0m\u00ednimo no sea inferior a cuatro (4) a\u00f1os, el representante \u00a0de \u00a0la \u00a0sociedad \u00a0alude \u00a0a \u00a0los cargos se\u00f1alados en la acusaci\u00f3n for\u00e1nea para \u00a0determinar \u00a0que \u00a0las \u00a0conductas \u00a0descritas \u00a0tienen \u00a0en \u00a0nuestra \u00a0normatividad su \u00a0equivalente \u00a0jur\u00eddico \u00a0en el tipo penal de concierto \u00a0para \u00a0delinquir \u00a0agravado, previsto y sancionado en el \u00a0art\u00edculo \u00a0340 \u00a0del \u00a0C\u00f3digo \u00a0Penal, \u00a0con \u00a0penas superiores a dicha proporci\u00f3n. \u00a0Considera, \u00a0 por \u00a0 tanto, \u00a0 que \u00a0 se \u00a0 cumple \u00a0 con \u00a0 el \u00a0 requisito \u00a0 de \u00a0doble \u00a0incriminaci\u00f3n. \u00a0\u00a0<\/p>\n<p>En cuanto a la equivalencia de la providencia \u00a0proferida \u00a0en \u00a0el \u00a0extranjero con la resoluci\u00f3n acusatoria nacional, asevera el \u00a0Procurador \u00a0que \u00a0la \u00a0acusaci\u00f3n \u00a0proferida \u00a0en la Corte Distrital de los Estados \u00a0Unidos \u00a0para \u00a0el \u00a0Distrito \u00a0de \u00a0Puerto Rico guarda consonancia con los elementos \u00a0propios \u00a0de \u00a0la ley procesal colombiana, ya que en ambas providencias se indican \u00a0los \u00a0supuestos \u00a0de \u00a0hecho que fundamentan la decisi\u00f3n, establecen la persona en \u00a0quien \u00a0recae, tienen como prop\u00f3sito dar lugar a la etapa del juicio, y precisan \u00a0la \u00a0conducta \u00a0delictiva \u00a0por \u00a0la cual debe responder y defenderse el acusado. De \u00a0ah\u00ed entonces que se cumple igualmente con esta exigencia. \u00a0\u00a0<\/p>\n<p>Por \u00faltimo, el representante del Ministerio \u00a0P\u00fablico \u00a0sugiere \u00a0a la Corte que emita concepto favorable a la extradici\u00f3n del \u00a0ciudadano \u00a0colombiano MANUEL REINEL MART\u00cdNEZ SALAS, pero exhortando al Gobierno \u00a0Nacional \u00a0para \u00a0que \u00a0advierta al pa\u00eds reclamante, que adem\u00e1s de respetarle sus \u00a0derechos \u00a0y garantizarle el cumplimiento de las normas pertinentes del bloque de \u00a0constitucionalidad, \u00a0no \u00a0se \u00a0le juzgue por hechos diferentes a los que motivaron \u00a0su \u00a0pedido, \u00a0ni \u00a0sometido \u00a0a \u00a0pena \u00a0de \u00a0muerte, desaparici\u00f3n forzada, torturas, \u00a0tratos \u00a0o \u00a0penas \u00a0crueles, \u00a0inhumanos \u00a0o \u00a0degradantes, \u00a0ni \u00a0a \u00a0las \u00a0sanciones de \u00a0destierro, prisi\u00f3n perpetua y confiscaci\u00f3n. \u00a0\u00a0<\/p>\n<p>CONCEPTO DE LA CORTE \u00a0<\/p>\n<p>1. Aspectos generales. \u00a0<\/p>\n<p>La \u00a0competencia \u00a0de \u00a0la \u00a0Corte \u00a0dentro \u00a0del \u00a0tr\u00e1mite \u00a0de \u00a0extradici\u00f3n \u00a0est\u00e1 \u00a0enfocada \u00a0a \u00a0expresar \u00a0un \u00a0concepto \u00a0sobre la \u00a0procedencia \u00a0de \u00a0entregar \u00a0o no a la persona solicitada por un pa\u00eds extranjero, \u00a0despu\u00e9s \u00a0de examinar los puntos a que se refiere el art\u00edculo 502 de la Ley 906 \u00a0de \u00a02004, \u00a0sin \u00a0dejar \u00a0de \u00a0considerar \u00a0que \u00a0el \u00a0art\u00edculo 35 de la Constituci\u00f3n \u00a0Pol\u00edtica \u00a0en \u00a0su \u00a0inciso \u00a02\u00ba, reformado por el Acto Legislativo N\u00b0 1 de 1997, \u00a0autoriza \u00a0la \u00a0extradici\u00f3n \u00a0de \u00a0colombianos por nacimiento cuando son reclamados \u00a0por \u00a0delitos \u00a0cometidos \u00a0en \u00a0el \u00a0exterior \u00a0y las conductas que los originan as\u00ed \u00a0tambi\u00e9n se consideren en la legislaci\u00f3n penal colombiana. \u00a0\u00a0<\/p>\n<p>Sobre \u00a0este \u00faltimo aspecto, debe observarse \u00a0que \u00a0de \u00a0acuerdo \u00a0con la resoluci\u00f3n de acusaci\u00f3n N\u00b0 13-597(ADC), proferida en \u00a0la \u00a0Corte \u00a0Distrital de los Estados Unidos para el Distrito de Puerto Rico el 23 \u00a0de \u00a0agosto \u00a0de 2013, la imputaci\u00f3n que se le formul\u00f3 a MANUEL REINEL MART\u00cdNEZ \u00a0SALAS \u00a0corresponde \u00a0a \u00a0delitos relacionados con el tr\u00e1fico de estupefacientes y \u00a0lavado \u00a0 de \u00a0 utilidades \u00a0producto \u00a0del \u00a0mismo, \u00a0cometidos \u00a0entre \u00a0los \u00a0meses de agosto de 2012 y abril de \u00a02013, \u00a0en \u00a0los \u00a0Estados \u00a0Unidos, donde las conductas que se le endilgan tuvieron \u00a0incidencia \u00a0material, \u00a0a \u00a0pesar \u00a0de fraguarse desde este pa\u00eds, la conspiraci\u00f3n \u00a0para exportar y distribuir hero\u00edna. \u00a0\u00a0<\/p>\n<p>Significa \u00a0 lo \u00a0anterior, \u00a0que \u00a0 no \u00a0 aparece \u00a0motivo \u00a0constitucional \u00a0impediente de la extradici\u00f3n. \u00a0\u00a0<\/p>\n<p>2. \u00a0Validez \u00a0formal \u00a0de \u00a0la \u00a0documentaci\u00f3n \u00a0presentada. \u00a0\u00a0<\/p>\n<p>La \u00a0vice-c\u00f3nsul \u00a0de \u00a0Colombia en Washington \u00a0autentic\u00f3 \u00a0los \u00a0documentos \u00a0aportados \u00a0en apoyo de la solicitud de extradici\u00f3n \u00a0del \u00a0ciudadano \u00a0colombiano \u00a0MANUEL REINEL MART\u00cdNEZ SALAS, de conformidad con el \u00a0art\u00edculo \u00a0259 \u00a0del \u00a0C\u00f3digo de Procedimiento Civil, modificado por el art\u00edculo \u00a0251 \u00a0\u2013inciso \u00a02\u00b0- de la \u00a0Ley \u00a01564 de 2012, C\u00f3digo General del Proceso, as\u00ed como con los art\u00edculos 4 y \u00a05 \u00a0de \u00a0la \u00a0Resoluci\u00f3n \u00a02.201 \u00a0de 1997, expedida por el Ministerio de Relaciones \u00a0Exteriores (folio 70, carpeta). \u00a0\u00a0<\/p>\n<p>En \u00a0tal \u00a0forma, \u00a0la \u00a0mencionada \u00a0funcionaria \u00a0certifica \u00a0la firma de la Auxiliar de Autenticaciones del Departamento de Estado \u00a0de \u00a0los \u00a0Estados \u00a0Unidos \u00a0de Am\u00e9rica, quien a su vez avala la del Secretario de \u00a0Estado, \u00a0John \u00a0F. \u00a0Kerry, \u00a0y \u00a0est\u00e1 \u00a0la \u00a0r\u00fabrica de Eric H. Holder, Jr., Fiscal \u00a0General, \u00a0quien \u00a0certifica \u00a0la de Magdalena A. Boynton, Directora Asociada de la \u00a0Oficina \u00a0de \u00a0Asuntos Internacionales, Divisi\u00f3n de lo Penal, del Departamento de \u00a0Justicia \u00a0de \u00a0los \u00a0Estados Unidos, encargada de dar cuenta de la autenticidad de \u00a0las \u00a0 declaraciones \u00a0juradas \u00a0de \u00a0Elba \u00a0Gorbea, \u00a0fiscal \u00a0auxiliar, \u00a0y \u00a0Jos\u00e9 \u00a0M. \u00a0Betancourt, \u00a0 agente \u00a0 especial \u00a0 de \u00a0la \u00a0DEA \u00a0(folios \u00a071 \u00a0a \u00a074, \u00a0156 \u00a0y \u00a0157, \u00a0carpeta). \u00a0\u00a0<\/p>\n<p>Adicionalmente, el Jefe de Legalizaciones del \u00a0Ministerio \u00a0de \u00a0Relaciones \u00a0Exteriores abon\u00f3 la firma de la agente consular, el \u00a028 \u00a0de julio de 2014, como consta en la documentaci\u00f3n suscrita por \u00e9ste (folio \u00a069, carpeta). \u00a0\u00a0<\/p>\n<p>Como documento anexo y debidamente traducido, \u00a0aparece \u00a0la \u00a0acusaci\u00f3n N\u00b013-597(ADC), presentada el 23 de agosto de 2013 en la \u00a0Corte \u00a0Distrital \u00a0de \u00a0los \u00a0Estados Unidos para el Distrito de Puerto Rico contra \u00a0MANUEL \u00a0 REINEL \u00a0 MART\u00cdNEZ \u00a0 SALAS \u00a0\u2013y \u00a0otros-, \u00a0as\u00ed \u00a0como \u00a0la \u00a0orden \u00a0de \u00a0arresto librada por esa Corte \u00a0(folios 98, 112, 183 y 196, carpeta). \u00a0\u00a0<\/p>\n<p>Del \u00a0 mismo \u00a0 modo, \u00a0figuran \u00a0las \u00a0copias, \u00a0traducidas \u00a0en \u00a0debida \u00a0forma, \u00a0de \u00a0las disposiciones penales del C\u00f3digo de los \u00a0Estados \u00a0 Unidos \u00a0 aplicables \u00a0 al \u00a0 caso \u00a0 (folios \u00a0 83 \u00a0a \u00a096 \u00a0y \u00a0167 \u00a0a \u00a0180, \u00a0carpeta). \u00a0\u00a0<\/p>\n<p>De acuerdo con lo anterior, la documentaci\u00f3n \u00a0presentada \u00a0en \u00a0respaldo \u00a0del \u00a0pedido de extradici\u00f3n de MANUEL REINEL MART\u00cdNEZ \u00a0SALAS es formalmente v\u00e1lida. \u00a0\u00a0<\/p>\n<p>3. \u00a0 Identidad \u00a0plena \u00a0del \u00a0solicitado \u00a0en \u00a0extradici\u00f3n. \u00a0\u00a0<\/p>\n<p>De \u00a0acuerdo con las notas diplom\u00e1ticas Nos. \u00a00509 \u00a0 y \u00a01371, \u00a0MANUEL \u00a0REINEL \u00a0MART\u00cdNEZ \u00a0SALAS, \u00a0conocido \u00a0con \u00a0el \u00a0apodo \u00a0de \u00a0\u201cChino\u201d, \u00a0es ciudadano \u00a0colombiano, \u00a0naci\u00f3 \u00a0el \u00a03 \u00a0de \u00a0abril \u00a0de \u00a01957 \u00a0y \u00a0es \u00a0titular de la c\u00e9dula de \u00a0ciudadan\u00eda \u00a0 \u00a0 \u00a0 \u00a0N\u00b0 \u00a0 \u00a0 \u00a0 \u00a017\u2019847.043. \u00a0\u00a0<\/p>\n<p>Al \u00a0momento \u00a0de \u00a0ser \u00a0aprehendido, MART\u00cdNEZ \u00a0SALAS \u00a0se \u00a0identific\u00f3 \u00a0con \u00a0ese \u00a0documento, cuyo n\u00famero qued\u00f3 estampado en la \u00a0diligencia \u00a0de \u00a0notificaci\u00f3n \u00a0de la resoluci\u00f3n que orden\u00f3 su captura, el acta \u00a0de \u00a0derechos \u00a0del \u00a0capturado, \u00a0la \u00a0constancia \u00a0de \u00a0buen \u00a0trato, \u00a0y \u00a0en \u00a0diversas \u00a0actuaciones \u00a0surtidas \u00a0en \u00a0el \u00a0curso \u00a0del \u00a0tr\u00e1mite \u00a0ante \u00a0la Corte; adem\u00e1s, se \u00a0realiz\u00f3 \u00a0cotejo \u00a0dactilosc\u00f3pico \u00a0confirmatorio \u00a0y en este asunto no se puso en \u00a0cuesti\u00f3n lo atinente a su identidad. \u00a0\u00a0<\/p>\n<p>Este requisito, en consecuencia, se encuentra \u00a0satisfecho. \u00a0\u00a0<\/p>\n<p>4. \u00a0Equivalencia de la providencia proferida \u00a0en el extranjero. \u00a0\u00a0<\/p>\n<p>Como \u00a0 lo \u00a0 ha \u00a0 reiterado \u00a0 en \u00a0 diversas \u00a0oportunidades \u00a0la \u00a0Sala \u00a0de \u00a0Casaci\u00f3n Penal de la Corte Suprema de Justicia, se \u00a0cumple \u00a0con \u00a0el \u00a0requerimiento en menci\u00f3n acatando lo previsto en el inciso 2\u00b0 \u00a0del \u00a0art\u00edculo 493 de la Ley 906 de 2004: que por lo menos se haya dictado en el \u00a0exterior resoluci\u00f3n de acusaci\u00f3n o su equivalente. \u00a0\u00a0<\/p>\n<p>En \u00a0el \u00a0presente \u00a0evento, el 23 de agosto de \u00a02013 \u00a0el \u00a0Gran \u00a0Jurado \u00a0del \u00a0Tribunal \u00a0de Distrito de los Estados Unidos para el \u00a0Distrito \u00a0 de \u00a0 Puerto \u00a0Rico \u00a0profiri\u00f3 \u00a0la \u00a0acusaci\u00f3n \u00a0formal \u00a0o \u00a0\u201cindictment\u201d \u00a0No. \u00a013-197(ADC), \u00a0con \u00a0base \u00a0en \u00a0los \u00a0delitos se\u00f1alados anteriormente, acto procesal que equivale a la \u00a0resoluci\u00f3n \u00a0de \u00a0acusaci\u00f3n \u00a0prevista \u00a0en \u00a0el sistema procesal penal colombiano, \u00a0tanto \u00a0la \u00a0regulada \u00a0en \u00a0el art\u00edculo 398 de la Ley 600 de 2000, como el escrito \u00a0acusatorio del art\u00edculo 337 de la Ley 906 de 2004. \u00a0\u00a0<\/p>\n<p>Tales \u00a0 providencias, \u00a0 si \u00a0 bien \u00a0no \u00a0son \u00a0id\u00e9nticas, \u00a0 guardan \u00a0similitudes \u00a0que \u00a0las \u00a0tornan \u00a0equivalentes; \u00a0en \u00a0efecto, \u00a0contienen \u00a0un \u00a0pliego \u00a0de \u00a0cargos, \u00a0de los cuales se debe defender el acusado en \u00a0juicio. \u00a0A \u00a0su \u00a0vez, \u00a0constituyen presupuesto procesal para la iniciaci\u00f3n de la \u00a0etapa \u00a0de \u00a0juzgamiento, que culmina con el respectivo fallo de m\u00e9rito. En ellas \u00a0se \u00a0consigna \u00a0una \u00a0relaci\u00f3n \u00a0detallada de los hechos con especificaci\u00f3n de las \u00a0circunstancias \u00a0de \u00a0tiempo, \u00a0modo \u00a0y lugar en que ocurrieron, y la calificaci\u00f3n \u00a0jur\u00eddica \u00a0de \u00a0la \u00a0conducta \u00a0con \u00a0indicaci\u00f3n \u00a0de las disposiciones sustanciales \u00a0aplicables. \u00a0\u00a0<\/p>\n<p>Por \u00a0lo anterior, esta exigencia tambi\u00e9n se \u00a0cumple a cabalidad. \u00a0\u00a0<\/p>\n<p>5. \u00a0 \u00a0El \u00a0 \u00a0principio \u00a0 \u00a0de \u00a0 la \u00a0 doble \u00a0incriminaci\u00f3n. \u00a0\u00a0<\/p>\n<p>De \u00a0acuerdo con el numeral 1\u00b0 del art\u00edculo \u00a0493 \u00a0del \u00a0C\u00f3digo \u00a0de \u00a0Procedimiento \u00a0Penal, la doble incriminaci\u00f3n se presenta \u00a0cuando \u00a0 el \u00a0 hecho \u00a0 que \u00a0 es \u00a0 motivo \u00a0de \u00a0la \u00a0extradici\u00f3n \u00a0est\u00e1 \u00a0\u201cprevisto como delito en Colombia y reprimido con una sanci\u00f3n \u00a0privativa \u00a0 de \u00a0 la \u00a0 libertad \u00a0cuyo \u00a0m\u00ednimo \u00a0no \u00a0sea \u00a0inferior \u00a0a \u00a0cuatro \u00a0(4) \u00a0a\u00f1os\u201d. \u00a0\u00a0<\/p>\n<p>La \u00a0Corte tiene dicho que para establecer si \u00a0la \u00a0conducta \u00a0que \u00a0se \u00a0le \u00a0imputa \u00a0al \u00a0requerido \u00a0en \u00a0el \u00a0pa\u00eds \u00a0solicitante \u00a0es \u00a0considerada \u00a0como \u00a0delito \u00a0en \u00a0Colombia, debe hacerse una comparaci\u00f3n entre las \u00a0normas \u00a0que \u00a0all\u00ed \u00a0sustentan \u00a0la \u00a0sindicaci\u00f3n \u00a0con \u00a0las de orden interno, para \u00a0establecer \u00a0si \u00a0\u00e9stas \u00a0tambi\u00e9n \u00a0recogen los comportamientos contenidos en cada \u00a0uno de los cargos. \u00a0\u00a0<\/p>\n<p>Tal \u00a0 confrontaci\u00f3n \u00a0 se \u00a0 hace \u00a0 con \u00a0la \u00a0normatividad \u00a0que est\u00e1 en vigor al momento de rendir el concepto, puesto que lo \u00a0emite \u00a0dentro del tr\u00e1mite de un mecanismo de cooperaci\u00f3n internacional, raz\u00f3n \u00a0por \u00a0la cual la aplicaci\u00f3n del principio de favorabilidad que podr\u00eda arg\u00fcirse \u00a0como \u00a0producto \u00a0natural \u00a0de \u00a0la \u00a0sucesi\u00f3n \u00a0de \u00a0leyes no entrar\u00eda en juego, por \u00a0cuanto \u00a0las dom\u00e9sticas no son las que operar\u00e1n en el extranjero. Lo que a este \u00a0prop\u00f3sito \u00a0 determina \u00a0el \u00a0concepto \u00a0es \u00a0que, \u00a0sin \u00a0importar \u00a0la \u00a0denominaci\u00f3n \u00a0jur\u00eddica, \u00a0el \u00a0acto \u00a0desarrollado por el ciudadano cuya extradici\u00f3n se demanda \u00a0sea igualmente considerado como delictuoso en el territorio patrio. \u00a0\u00a0<\/p>\n<p>5.1. \u00a0En \u00a0la \u00a0acusaci\u00f3n \u00a0N\u00b0 \u00a013-597(ADC) \u00a0proferida \u00a0en \u00a0la \u00a0Corte \u00a0Distrital \u00a0de \u00a0los \u00a0Estados Unidos para el Distrito de \u00a0Puerto \u00a0Rico, \u00a0aparecen \u00a0los \u00a0cargos \u00a0formulados \u00a0contra \u00a0el \u00a0requerido, \u00a0de \u00a0la \u00a0siguiente manera: \u00a0\u00a0<\/p>\n<p>\u201cACUSACI\u00d3N \u00a0FORMAL \u00a0\u00a0<\/p>\n<p>EL GRAN JURADO ALEGA: \u00a0<\/p>\n<p>CARGO UNO \u00a0<\/p>\n<p>Asociaci\u00f3n \u00a0Delictuosa \u00a0para \u00a0Poseer \u00a0con \u00a0Intenci\u00f3n \u00a0 de \u00a0Distribuir \u00a0Sustancias \u00a0Controladas \u00a0T\u00edtulo \u00a021, \u00a0C\u00f3digo \u00a0 de \u00a0 los \u00a0 Estados \u00a0 Unidos, \u00a0Secciones 846 y 841 (a)(1) &amp; (b)(1)(A)(i); \u00a0\u00a0<\/p>\n<p>Desde \u00a0en \u00a0o \u00a0alrededor \u00a0de agosto de 2012 \u00a0hasta \u00a0en \u00a0o \u00a0alrededor de abril de 2013, en el Distrito de Puerto Rico y dentro \u00a0de \u00a0la \u00a0jurisdicci\u00f3n de este Tribunal: \u2026[7] MANUEL \u00a0REINEL \u00a0MART\u00cdNEZ \u00a0SALAS, \u00a0t\/c\/c \u00a0\u201cChino\u201d,\u2026 los \u00a0acusados \u00a0en \u00a0el \u00a0presente documento, a sabiendas e intencionalmente combinaron, \u00a0conspiraron, \u00a0y \u00a0estaban \u00a0de \u00a0acuerdo \u00a0entre \u00a0s\u00ed \u00a0y con diversas otras personas \u00a0desconocidas \u00a0por \u00a0el \u00a0Gran \u00a0Jurado, \u00a0para \u00a0cometer un delito contra los Estados \u00a0Unidos, \u00a0 es \u00a0 decir, \u00a0 poseer \u00a0 con \u00a0 intenci\u00f3n \u00a0 de \u00a0distribuir \u00a0un \u00a0(1) \u00a0kilogramo \u00a0o \u00a0m\u00e1s de una mezcla o sustancia que contiene \u00a0una \u00a0cantidad \u00a0detectable \u00a0de hero\u00edna, una sustancia \u00a0controlada \u00a0de \u00a0la \u00a0Lista \u00a0I de Sustancias Narc\u00f3ticas Controladas. Todo ello en \u00a0violaci\u00f3n \u00a0del \u00a0T\u00edtulo \u00a021, \u00a0C\u00f3digo de los Estados \u00a0Unidos, \u00a0 Secciones \u00a0 846 \u00a0 y \u00a0 841 \u00a0 (a)(1) \u00a0&amp; \u00a0(b)(1)(A)(i). \u00a0\u00a0<\/p>\n<p>(\u2026) \u00a0<\/p>\n<p>CARGO DOS \u00a0<\/p>\n<p>Asociaci\u00f3n \u00a0Delictuosa \u00a0para \u00a0importar \u00a0sustancias \u00a0controladas \u00a0T\u00edtulo \u00a021, \u00a0C\u00f3digo de los \u00a0Estados Unidos, Secciones 952 (a) y 963 \u00a0\u00a0<\/p>\n<p>Desde \u00a0en \u00a0o \u00a0alrededor de agosto de 2012 \u00a0hasta \u00a0en \u00a0o \u00a0alrededor de abril de 2013, en el Distrito de Puerto Rico y dentro \u00a0de \u00a0la \u00a0jurisdicci\u00f3n de este Tribunal: \u2026[7] MANUEL \u00a0REINEL \u00a0MART\u00cdNEZ \u00a0SALAS, \u00a0t\/c\/c \u00a0\u201cChino\u201d,\u2026 los \u00a0acusados \u00a0en \u00a0el \u00a0presente documento, a sabiendas e intencionalmente combinaron, \u00a0conspiraron, \u00a0y \u00a0estaban \u00a0de \u00a0acuerdo \u00a0entre \u00a0s\u00ed \u00a0y con diversas otras personas \u00a0desconocidas \u00a0por \u00a0el \u00a0Gran \u00a0Jurado, \u00a0para \u00a0cometer un delito contra los Estados \u00a0Unidos, \u00a0es decir, importar a los Estados Unidos desde un lugar fuera del mismo, \u00a0un \u00a0(1) \u00a0kilogramo \u00a0o m\u00e1s de una mezcla o sustancia \u00a0conteniendo \u00a0una cantidad detectable de hero\u00edna, una \u00a0sustancia \u00a0controlada \u00a0de la Lista I de Sustancias Narc\u00f3ticas Controladas. Todo \u00a0ello \u00a0en \u00a0violaci\u00f3n \u00a0del \u00a0T\u00edtulo 21, C\u00f3digo de los \u00a0Estados Unidos, Secciones 952 (a) y 963. \u00a0\u00a0<\/p>\n<p>CARGO TRES \u00a0<\/p>\n<p>Asociaci\u00f3n \u00a0Delictuosa \u00a0para \u00a0Blanquear \u00a0Instrumentos \u00a0Monetarios \u00a0T\u00edtulo \u00a018, C\u00f3digo de los \u00a0Estados \u00a0Unidos, Secciones 1956 (h) y 1956 (a)(1)(B) \u00a0(i); \u00a0\u00a0<\/p>\n<p>Desde \u00a0en \u00a0o \u00a0alrededor de agosto de 2012 \u00a0hasta \u00a0en \u00a0o \u00a0alrededor de abril de 2013, en el Distrito de Puerto Rico y dentro \u00a0de \u00a0la \u00a0jurisdicci\u00f3n de este Tribunal: \u2026[7] MANUEL \u00a0REINEL \u00a0MART\u00cdNEZ \u00a0SALAS, \u00a0t\/c\/c \u00a0\u201cChino\u201d,\u2026 los \u00a0acusados \u00a0en \u00a0el \u00a0presente \u00a0documento, \u00a0combinaron, \u00a0conspiraron, \u00a0y \u00a0estaban de \u00a0acuerdo \u00a0entre \u00a0s\u00ed \u00a0y \u00a0con \u00a0diversas otras personas desconocidas al Gran Jurado \u00a0para \u00a0cometer \u00a0delitos \u00a0contra \u00a0los Estados Unidos en violaci\u00f3n del t\u00edtulo 18, \u00a0C\u00f3digo \u00a0de los Estados Unidos, Secci\u00f3n 1956 (a)(1)(B)(i), a saber: a sabiendas \u00a0para \u00a0llevar \u00a0a \u00a0cabo \u00a0y \u00a0tratar \u00a0de llevar a cabo transacciones financieras que \u00a0afectan \u00a0 el \u00a0comercio \u00a0interestatal \u00a0y \u00a0extranjero, \u00a0transacciones \u00a0las \u00a0cuales \u00a0involucraron \u00a0el \u00a0producto \u00a0de una actividad il\u00edcita especificada, es decir, la \u00a0importaci\u00f3n, \u00a0recepci\u00f3n, \u00a0ocultamiento, \u00a0comprar, \u00a0venta, \u00a0o \u00a0de \u00a0otra \u00a0manera \u00a0criminal \u00a0la \u00a0negociaci\u00f3n \u00a0de \u00a0sustancias controladas (tal como se define en la \u00a0secci\u00f3n \u00a0102 \u00a0de \u00a0la \u00a0ley \u00a0de \u00a0Sustancias \u00a0Controladas), \u00a0punibles en virtud de \u00a0cualquier \u00a0ley \u00a0de \u00a0los \u00a0Estados \u00a0Unidos, incluyendo el T\u00edtulo 21, C\u00f3digo \u00a0 de \u00a0 los \u00a0 Estados \u00a0 Unidos, \u00a0Secciones \u00a0841 \u00a0(a)(1), 846, 952 (a) y 963, a sabiendas de que las transacciones \u00a0fueron \u00a0dise\u00f1adas \u00a0en \u00a0su \u00a0totalidad \u00a0o \u00a0en \u00a0parte \u00a0para ocultar y disfrazar la \u00a0naturaleza, \u00a0ubicaci\u00f3n, \u00a0fuente, \u00a0titularidad, \u00a0y \u00a0control \u00a0del \u00a0producto de la \u00a0actividad \u00a0ilegal \u00a0especificada, y que mientras realizaban y intentaban realizar \u00a0dichos \u00a0tipos de transacciones financieras, sab\u00edan que la propiedad involucrada \u00a0en \u00a0las \u00a0transacciones \u00a0financieras \u00a0representaba \u00a0el producto de alg\u00fan tipo de \u00a0actividad \u00a0 il\u00edcita. \u00a0 Todo \u00a0 en \u00a0 violaci\u00f3n \u00a0 del \u00a0T\u00edtulo \u00a018, \u00a0C\u00f3digo de \u00a0los \u00a0Estados \u00a0Unidos, \u00a0Secciones \u00a01956 \u00a0(h) \u00a0y \u00a01956 \u00a0(a)(1)(B) (i)\u201d. \u00a0\u00a0<\/p>\n<p>5.2. \u00a0 \u00a0 \u00a0 Los \u00a0 \u00a0 \u00a0 hechos \u00a0 que \u00a0 fundamentan \u00a0 la \u00a0 citada \u00a0incriminaci\u00f3n, \u00a0 son \u00a0 descritos \u00a0 por \u00a0 la \u00a0 autoridad \u00a0 extranjera \u00a0 de \u00a0esta \u00a0forma: \u00a0\u00a0<\/p>\n<p>\u201cLa \u00a0investigaci\u00f3n \u00a0ha revelado que los acusados son miembros de la organizaci\u00f3n de \u00a0tr\u00e1fico \u00a0de \u00a0narc\u00f3ticos \u00a0(DTO) \u00a0Mar\u00edn \u00a0Echeverri, \u00a0la \u00a0cual es responsable de \u00a0transportar \u00a0 hero\u00edna \u00a0 utilizando \u00a0\u2018correos\u2019 \u00a0humanos \u00a0y \u00a0paquetes \u00a0enviados \u00a0por \u00a0correo desde Colombia y Venezuela hacia los \u00a0Estados \u00a0Unidos. \u00a0Varios \u00a0cargamentos de hero\u00edna, directamente atribuibles a la \u00a0DTO \u00a0Mar\u00edn \u00a0Echeverri, \u00a0fueron \u00a0interceptados \u00a0por las fuerzas del orden de los \u00a0Estados \u00a0Unidos \u00a0entre \u00a0septiembre \u00a0del \u00a02012 \u00a0y \u00a0abril \u00a0del 2013 en aeropuertos \u00a0internacionales \u00a0y \u00a0en oficinas de correo en Miami, Florida; Queens, Nueva York; \u00a0Newark, \u00a0New \u00a0Jersey \u00a0y \u00a0San Juan, Puerto Rico, resultando en la incautaci\u00f3n de \u00a0aproximadamente \u00a040 \u00a0libras \u00a0de \u00a0hero\u00edna. \u00a0Adem\u00e1s, \u00a0miembros \u00a0de la DTO Mar\u00edn \u00a0Echeverri \u00a0transfirieron \u00a0utilidades \u00a0il\u00edcitas \u00a0provenientes \u00a0del \u00a0tr\u00e1fico \u00a0de \u00a0narc\u00f3ticos \u00a0v\u00eda \u00a0m\u00faltiples transferencias electr\u00f3nicas a trav\u00e9s del sistema \u00a0bancario \u00a0de \u00a0los \u00a0Estados \u00a0Unidos \u00a0en \u00a0un \u00a0esfuerzo \u00a0por ocultar la naturaleza, \u00a0origen, ubicaci\u00f3n y propiedad de dichas utilidades. \u00a0\u00a0<\/p>\n<p>Espec\u00edficamente, \u00a0 \u00a0conversaciones \u00a0telef\u00f3nicas \u00a0interceptadas \u00a0legalmente \u00a0por \u00a0autoridades \u00a0de Colombia confirman \u00a0que: \u00a0\u00a0<\/p>\n<p>(\u2026) \u00a0<\/p>\n<p>Manuel \u00a0Reinel \u00a0Mart\u00ednez \u00a0Salas \u00a0estuvo \u00a0involucrado \u00a0directamente en la facilitaci\u00f3n y en la entrega de los cargamentos \u00a0de \u00a0hero\u00edna, \u00a0reclut\u00f3 \u00a0miembros de la DTO en Colombia y en numerosas ocasiones \u00a0se \u00a0comunic\u00f3 con Mar\u00edn Echeverri y otros miembros de la DTO para suministrar o \u00a0recibir \u00a0nombres \u00a0de co-asociados y n\u00fameros de transacciones que se usaban para \u00a0enviar \u00a0o recibir utilidades provenientes de la venta de narc\u00f3ticos para la DTO \u00a0a trav\u00e9s de trasferencias electr\u00f3nicas\u201d. \u00a0\u00a0<\/p>\n<p>5.3. La \u00a0Secci\u00f3n \u00a0841 \u00a0del \u00a0T\u00edtulo 21 del C\u00f3digo de los Estados Unidos \u00a0establece: \u00a0 \u201cActos \u00a0 prohibidos \u00a0 A. \u00a0(a) \u00a0Actos \u00a0il\u00edcitos. \u00a0Salvo \u00a0lo \u00a0que \u00a0se \u00a0autorice \u00a0este \u00a0subcap\u00edtulo, \u00a0ser\u00e1 \u00a0ilegal que \u00a0cualquier \u00a0persona \u00a0con \u00a0conocimiento \u00a0de causa o intencionalmente (1) fabrique, \u00a0distribuya, \u00a0o \u00a0dispense, \u00a0o \u00a0posea \u00a0con \u00a0intenciones \u00a0de fabricar, distribuir o \u00a0dispensar, \u00a0 una \u00a0substancia \u00a0controlada\u2026 \u00a0(b) \u00a0Penas \u00a0\u2026El \u00a0que \u00a0delinca \u00a0en \u00a0violaci\u00f3n \u00a0de la subsecci\u00f3n (a) de esta secci\u00f3n ser\u00e1 castigado con las penas \u00a0siguientes: \u00a0(1)(A) \u00a0En \u00a0el caso de una violaci\u00f3n concerniente a la subsecci\u00f3n \u00a0(a) \u00a0de \u00a0esta \u00a0secci\u00f3n \u00a0que \u00a0trata \u00a0de \u00a0(i) un kilogramo o m\u00e1s de una mezcla o \u00a0sustancia \u00a0que contenga una cantidad perceptible de hero\u00edna\u2026 \u2026el que cometa \u00a0tal \u00a0violaci\u00f3n a la ley ser\u00e1 castigado con la pena de prisi\u00f3n por un t\u00e9rmino \u00a0de cuando menos 10 a\u00f1os y no mayor que la cadena perpetua\u2026\u201d. \u00a0\u00a0<\/p>\n<p>A \u00a0su \u00a0turno, \u00a0la \u00a0Secci\u00f3n \u00a0846 \u00a0del mismo \u00a0T\u00edtulo \u00a0se\u00f1ala: \u00a0\u201cTentativa \u00a0y concierto. El que \u00a0intente \u00a0 o \u00a0 concierte \u00a0 para \u00a0perpetrar \u00a0cualquier \u00a0delito \u00a0definido \u00a0en \u00a0este \u00a0subcap\u00edtulo \u00a0ser\u00e1 castigado con las mismas penas que se prev\u00e9n para el delito \u00a0cuya comisi\u00f3n era el objetivo de la tentativa o el concierto\u201d. \u00a0\u00a0<\/p>\n<p>En el mismo T\u00edtulo se encuentra la Secci\u00f3n \u00a0952, \u00a0que \u00a0consagra: \u00a0\u201cImportaci\u00f3n \u00a0de sustancias \u00a0controladas \u00a0(a) Sustancias controladas de la Tabla I o II y los estupefacientes \u00a0de \u00a0la \u00a0Taba \u00a0III, \u00a0IV \u00a0o V;\u2026 Ser\u00e1 ilegal la importaci\u00f3n hacia el territorio \u00a0aduanero \u00a0de \u00a0los Estados Unidos desde cualquier otro lugar fuera de \u00e9ste (pero \u00a0dentro \u00a0de los Estados Unidos) y la importaci\u00f3n hacia los Estados Unidos, desde \u00a0cualquier \u00a0otro \u00a0lugar fuera del pa\u00eds, de una substancia controlada de la Tabla \u00a0I \u00a0o \u00a0II \u00a0del subcap\u00edtulo I de este cap\u00edtulo, o de cualquier estupefaciente de \u00a0la Tabla III, IV o V del subcap\u00edtulo I de este cap\u00edtulo\u201d. \u00a0\u00a0<\/p>\n<p>Por \u00a0su parte, la Secci\u00f3n 963 Ib. \u00a0 \u00a0 \u00a0contempla: \u00a0 \u00a0 \u201cTentativa \u00a0 y \u00a0concierto. \u00a0El \u00a0que \u00a0intente \u00a0o \u00a0concierte \u00a0para \u00a0perpetrar \u00a0cualquier \u00a0delito \u00a0definido \u00a0en este subcap\u00edtulo ser\u00e1 castigado con \u00a0las \u00a0mismas \u00a0penas \u00a0que se prev\u00e9n para el delito cuya comisi\u00f3n era el objetivo \u00a0de la tentativa o el concierto\u201d. \u00a0\u00a0<\/p>\n<p>Finalmente, la Secci\u00f3n 1956 del T\u00edtulo 18 \u00a0del \u00a0 C\u00f3digo \u00a0 de \u00a0 los \u00a0 Estados \u00a0Unidos, \u00a0bajo \u00a0el \u00a0ep\u00edgrafe \u00a0de \u00a0 \u00a0 \u201cLavado \u00a0 \u00a0de \u00a0 \u00a0recursos \u00a0 \u00a0monetarios\u201d, \u00a0 \u00a0estatuye \u00a0 que \u00a0\u201c(a)(1) \u00a0El \u00a0que, \u00a0con \u00a0conocimiento \u00a0de \u00a0que \u00a0la \u00a0propiedad \u00a0involucrada en una transacci\u00f3n financiera \u00a0representa \u00a0las ganancias de alguna forma de actividad il\u00edcita, realice o trate \u00a0de \u00a0realizar \u00a0tal \u00a0transacci\u00f3n \u00a0financiera \u00a0y \u00a0de \u00a0hecho la misma involucra las \u00a0ganancias \u00a0de actividades il\u00edcitas especificadas \u2026(B) con conocimiento de que \u00a0la \u00a0transacci\u00f3n \u00a0fue \u00a0pensada \u00a0en \u00a0su \u00a0total \u00a0o \u00a0en parte\u2026 (i) para ocultar o \u00a0disfrazar \u00a0la naturaleza, la ubicaci\u00f3n, el origen, la titularidad, o el control \u00a0de \u00a0las \u00a0ganancias de actividades il\u00edcitas especificadas; o (ii) para evitar el \u00a0requisito \u00a0de \u00a0reportar una transacci\u00f3n seg\u00fan la ley estatal o federal \u2026 (h) \u00a0El \u00a0que \u00a0concierte \u00a0para cometer cualquier delito definido en esta secci\u00f3n o en \u00a0la \u00a0secci\u00f3n \u00a01957 \u00a0ser\u00e1 \u00a0castigado con las mismas penas que se prev\u00e9n para el \u00a0delito cuya comisi\u00f3n era el objeto del concierto\u201d. \u00a0\u00a0<\/p>\n<p>5.4. \u00a0Los \u00a0cargos \u00a0que \u00a0se \u00a0concretan en la \u00a0conspiraci\u00f3n \u00a0entre varias personas para cometer delitos (importar a territorio \u00a0de \u00a0los \u00a0Estados Unidos cantidades perceptibles de hero\u00edna, para distribuirla), \u00a0tienen \u00a0su \u00a0correspondencia \u00a0en el C\u00f3digo Penal colombiano, espec\u00edficamente en \u00a0el \u00a0art\u00edculo \u00a0340, \u00a0inciso 2\u00ba, modificado por los art\u00edculos 8\u00ba de la Ley 733 \u00a0de \u00a02002 y 19 de la Ley 1121 de 2006, preceptiva que castiga la conducta punible \u00a0de \u00a0 \u00a0 concierto \u00a0 \u00a0para \u00a0 \u00a0delinquir, \u00a0para \u00a0quien \u00a0se \u00a0asocie \u00a0para \u00a0cometer, \u00a0entre \u00a0otros, delitos de \u00a0tr\u00e1fico \u00a0 \u00a0 de \u00a0 \u00a0 drogas \u00a0 \u00a0 t\u00f3xicas, \u00a0 \u00a0 estupefacientes \u00a0 \u00a0 o \u00a0 \u00a0sustancias \u00a0psicotr\u00f3picas. \u00a0\u00a0<\/p>\n<p>El \u00a0texto \u00a0de \u00a0la citada disposici\u00f3n es de \u00a0este tenor: \u00a0\u00a0<\/p>\n<p>\u201cArt\u00edculo 340. \u00a0Modificado \u00a0por \u00a0el \u00a0art. \u00a08, \u00a0Ley \u00a0733 \u00a0de \u00a02002. \u00a0Concierto \u00a0para \u00a0delinquir. \u00a0Cuando \u00a0varias personas se concierten con el fin de cometer delitos, \u00a0cada \u00a0una de ellas ser\u00e1 penada, por esa sola conducta, con prisi\u00f3n de tres (3) \u00a0a seis (6) a\u00f1os. \u00a0\u00a0<\/p>\n<p>Modificado \u00a0por \u00a0 el \u00a0 art. \u00a0 19, \u00a0 Ley \u00a01121 \u00a0de \u00a02006. \u00a0 \u00a0 Cuando \u00a0el concierto sea para cometer delitos de genocidio, \u00a0desaparici\u00f3n \u00a0forzada \u00a0de personas, tortura, desplazamiento forzado, homicidio, \u00a0terrorismo, \u00a0narcotr\u00e1fico, \u00a0secuestro \u00a0extorsivo, \u00a0extorsi\u00f3n o para organizar, \u00a0promover, \u00a0armar \u00a0o \u00a0financiar grupos armados al margen de la ley, la pena ser\u00e1 \u00a0de \u00a0prisi\u00f3n \u00a0de \u00a0seis \u00a0(6) \u00a0a \u00a0doce (12) a\u00f1os y multa de dos mil (2.000) hasta \u00a0veinte mil (20.000) salarios m\u00ednimos mensuales legales vigentes. \u00a0\u00a0<\/p>\n<p>La \u00a0pena \u00a0privativa \u00a0de \u00a0la \u00a0libertad \u00a0se \u00a0aumentar\u00e1 \u00a0en \u00a0la \u00a0mitad \u00a0para quienes organicen, fomenten, promuevan, dirijan, \u00a0encabecen, \u00a0 constituyan \u00a0 o \u00a0financien \u00a0el \u00a0concierto \u00a0o \u00a0la \u00a0asociaci\u00f3n \u00a0para \u00a0delinquir\u201d. \u00a0\u00a0<\/p>\n<p>Adem\u00e1s, \u00a0la \u00a0acusaci\u00f3n \u00a0espec\u00edficamente \u00a0relacionada \u00a0con \u00a0la importaci\u00f3n de las sustancias vedadas al territorio de los \u00a0Estados \u00a0 Unidos \u00a0 y \u00a0su \u00a0distribuci\u00f3n, \u00a0tambi\u00e9n \u00a0tienen \u00a0equivalencia \u00a0en \u00a0la \u00a0legislaci\u00f3n \u00a0punitiva \u00a0patria, toda vez que el art\u00edculo 376 del C\u00f3digo Penal, \u00a0modificado \u00a0por \u00a0el \u00a0art\u00edculo \u00a011 de la Ley 1453 de 2011, tipifica el delito de \u00a0tr\u00e1fico, \u00a0 \u00a0 fabricaci\u00f3n \u00a0 \u00a0 o \u00a0 \u00a0 porte \u00a0 \u00a0 de \u00a0estupefacientes, de la siguiente manera: \u00a0\u00a0<\/p>\n<p>\u201cArt\u00edculo \u00a0376. \u00a0Tr\u00e1fico, fabricaci\u00f3n o porte de estupefacientes. Modificado \u00a0por \u00a0el art. 11, Ley 1453 de 2011. El que sin permiso de \u00a0autoridad \u00a0competente, \u00a0introduzca \u00a0al \u00a0pa\u00eds, \u00a0as\u00ed sea en tr\u00e1nsito o saque de \u00a0\u00e9l, \u00a0transporte, \u00a0lleve \u00a0consigo, \u00a0almacene, conserve, elabore, venda, ofrezca, \u00a0adquiera, \u00a0financie \u00a0o \u00a0suministre a cualquier t\u00edtulo sustancia estupefaciente, \u00a0sicotr\u00f3pica \u00a0o drogas sint\u00e9ticas que se encuentren contempladas en los cuadros \u00a0uno, \u00a0dos, \u00a0tres \u00a0y \u00a0cuatro del Convenio de las Naciones Unidas sobre Sustancias \u00a0Sicotr\u00f3picas, \u00a0incurrir\u00e1 \u00a0en prisi\u00f3n de ciento veintiocho (128) a trescientos \u00a0sesenta \u00a0(360) \u00a0meses \u00a0y \u00a0multa \u00a0de \u00a0mil \u00a0trescientos treinta y cuatro (1.334) a \u00a0cincuenta \u00a0 \u00a0 mil \u00a0 \u00a0 (50.000) \u00a0 \u00a0 salarios \u00a0 \u00a0 m\u00ednimos \u00a0 \u00a0legales \u00a0 \u00a0mensuales \u00a0vigentes. \u00a0\u00a0<\/p>\n<p>Si \u00a0la cantidad de droga no excede de mil \u00a0(1.000) \u00a0gramos \u00a0de \u00a0marihuana, \u00a0doscientos \u00a0(200) gramos de hach\u00eds, cien (100) \u00a0gramos \u00a0de \u00a0coca\u00edna \u00a0o \u00a0de sustancia estupefaciente a base de coca\u00edna o veinte \u00a0(20) \u00a0gramos \u00a0de \u00a0derivados \u00a0de \u00a0la \u00a0amapola, \u00a0doscientos \u00a0(200) gramos de droga \u00a0sint\u00e9tica, \u00a0sesenta \u00a0(60) \u00a0gramos \u00a0de \u00a0nitrato de amilo, sesenta (60) gramos de \u00a0ketamina \u00a0y \u00a0GHB, \u00a0la \u00a0pena \u00a0ser\u00e1 \u00a0de sesenta y cuatro (64) a ciento ocho (108) \u00a0meses \u00a0de prisi\u00f3n y multa de dos (2) a ciento cincuenta (150) salarios m\u00ednimos \u00a0legales mensuales vigentes. \u00a0\u00a0<\/p>\n<p>Si \u00a0la \u00a0cantidad \u00a0de \u00a0droga \u00a0excede \u00a0los \u00a0l\u00edmites \u00a0m\u00e1ximos \u00a0previstos \u00a0en \u00a0el \u00a0inciso \u00a0anterior \u00a0sin \u00a0pasar \u00a0de diez mil \u00a0(10.000) \u00a0gramos \u00a0de \u00a0marihuana, \u00a0tres \u00a0mil \u00a0(3.000) \u00a0gramos de hach\u00eds, dos mil \u00a0(2.000) \u00a0gramos \u00a0de \u00a0coca\u00edna o de sustancia estupefaciente a base de coca\u00edna o \u00a0sesenta \u00a0(60) \u00a0gramos \u00a0de \u00a0derivados de la amapola, cuatro mil (4.000) gramos de \u00a0droga \u00a0sint\u00e9tica, quinientos (500) gramos de nitrato de amilo, quinientos (500) \u00a0gramos \u00a0de \u00a0ketamina \u00a0y \u00a0GHB, \u00a0la \u00a0pena \u00a0ser\u00e1 \u00a0de \u00a0noventa y seis (96) a ciento \u00a0cuarenta \u00a0y \u00a0cuatro \u00a0(144) \u00a0meses \u00a0de prisi\u00f3n y multa de ciento veinte y cuatro \u00a0(124) \u00a0 a \u00a0 mil \u00a0 quinientos \u00a0 (1.500) \u00a0 salarios \u00a0 m\u00ednimos \u00a0legales \u00a0mensuales \u00a0vigentes\u201d. \u00a0\u00a0<\/p>\n<p>Por \u00a0\u00faltimo, \u00a0los \u00a0cargos \u00a0atinentes a las \u00a0transacciones \u00a0financieras \u00a0realizadas \u00a0con \u00a0dineros producto del narcotr\u00e1fico, \u00a0tambi\u00e9n \u00a0tienen \u00a0correspondencia \u00a0en \u00a0el Estatuto Penal de 2000, cuyo art\u00edculo \u00a0323, \u00a0modificado por los art\u00edculos 8\u00b0 de la Ley 747 de 2002, 17 de la Ley 1121 \u00a0de \u00a02006 \u00a0y \u00a042 \u00a0de \u00a0la \u00a0Ley \u00a01453 \u00a0de \u00a02011, consagra el delito de lavado \u00a0 \u00a0de \u00a0 \u00a0activos, \u00a0 \u00a0de \u00a0 \u00a0esta \u00a0forma: \u00a0\u00a0<\/p>\n<p>\u201cEl \u00a0que adquiera, resguarde, invierta, \u00a0transporte, \u00a0transforme, \u00a0almacene, \u00a0conserve, \u00a0custodie o administre bienes que \u00a0tengan \u00a0su \u00a0origen \u00a0mediato o inmediato en actividades de tr\u00e1fico de migrantes, \u00a0trata \u00a0de \u00a0personas, \u00a0extorsi\u00f3n, enriquecimiento il\u00edcito, secuestro extorsivo, \u00a0rebeli\u00f3n, \u00a0tr\u00e1fico \u00a0de \u00a0armas, \u00a0tr\u00e1fico de menores de edad, financiaci\u00f3n del \u00a0terrorismo \u00a0 y \u00a0 administraci\u00f3n \u00a0 de \u00a0 recursos \u00a0relacionados \u00a0con \u00a0actividades \u00a0terroristas, \u00a0 tr\u00e1fico \u00a0 de \u00a0 drogas \u00a0t\u00f3xicas, \u00a0estupefacientes \u00a0o \u00a0sustancias \u00a0sicotr\u00f3picas, \u00a0 delitos \u00a0 contra \u00a0el \u00a0sistema \u00a0financiero, \u00a0delitos \u00a0contra \u00a0la \u00a0administraci\u00f3n \u00a0p\u00fablica, \u00a0o \u00a0vinculados \u00a0con el producto de delitos ejecutados \u00a0bajo \u00a0concierto \u00a0para \u00a0delinquir, \u00a0o les d\u00e9 a los bienes provenientes de dichas \u00a0actividades \u00a0apariencia \u00a0de \u00a0legalidad \u00a0o \u00a0los \u00a0legalice, \u00a0oculte \u00a0o \u00a0encubra la \u00a0verdadera \u00a0naturaleza, \u00a0origen, ubicaci\u00f3n, destino, movimiento o derechos sobre \u00a0tales \u00a0bienes, \u00a0o \u00a0realice cualquier otro acto para ocultar o encubrir su origen \u00a0il\u00edcito \u00a0incurrir\u00e1, \u00a0por esa sola conducta, en prisi\u00f3n de diez (10) a treinta \u00a0(30) \u00a0a\u00f1os \u00a0y \u00a0multa \u00a0de \u00a0seiscientos \u00a0cincuenta (650) a cincuenta mil (50.000) \u00a0salarios m\u00ednimos legales mensuales vigentes. \u00a0\u00a0<\/p>\n<p>La \u00a0misma \u00a0pena \u00a0se \u00a0aplicar\u00e1 cuando las \u00a0conductas \u00a0descritas \u00a0en \u00a0el \u00a0inciso \u00a0anterior \u00a0se \u00a0realicen \u00a0sobre \u00a0bienes cuya \u00a0extinci\u00f3n de dominio haya sido declarada. \u00a0\u00a0<\/p>\n<p>El \u00a0lavado \u00a0de \u00a0activos ser\u00e1 punible aun \u00a0cuando \u00a0las \u00a0actividades \u00a0de \u00a0que provinieren los bienes, o los actos penados en \u00a0los \u00a0apartados \u00a0anteriores, \u00a0se \u00a0hubiesen realizado, total o parcialmente, en el \u00a0extranjero. \u00a0\u00a0<\/p>\n<p>Las \u00a0penas \u00a0privativas \u00a0de \u00a0la \u00a0libertad \u00a0previstas \u00a0en \u00a0el \u00a0presente \u00a0art\u00edculo \u00a0se aumentar\u00e1n de una tercera parte a la \u00a0mitad \u00a0cuando para la realizaci\u00f3n de las conductas se efectuaren operaciones de \u00a0cambio \u00a0o \u00a0de \u00a0comercio \u00a0exterior, \u00a0o \u00a0se introdujeren mercanc\u00edas al territorio \u00a0nacional. \u00a0\u00a0<\/p>\n<p>El \u00a0aumento de pena previsto en el inciso \u00a0anterior, \u00a0 tambi\u00e9n \u00a0 se \u00a0 aplicar\u00e1 \u00a0cuando \u00a0se \u00a0introdujeren \u00a0mercanc\u00edas \u00a0de \u00a0contrabando al territorio nacional\u201d. \u00a0\u00a0<\/p>\n<p>En \u00a0s\u00edntesis, \u00a0la \u00a0exigencia \u00a0de \u00a0la doble \u00a0incriminaci\u00f3n tambi\u00e9n se colma en el presente asunto. \u00a0\u00a0<\/p>\n<p>6. Concepto. \u00a0<\/p>\n<p>Habi\u00e9ndose \u00a0verificado \u00a0el cumplimiento de \u00a0todos \u00a0los \u00a0requisitos se\u00f1alados en el C\u00f3digo de Procedimiento Penal, la Corte \u00a0CONCEPT\u00daA \u00a0FAVORABLEMENTE a \u00a0la \u00a0extradici\u00f3n del ciudadano colombiano MANUEL REINEL \u00a0MART\u00cdNEZ \u00a0SALAS, \u00a0cuyas \u00a0notas \u00a0civiles y condiciones \u00a0personales \u00a0fueron \u00a0constatadas \u00a0en \u00a0el cuerpo de este pronunciamiento, conforme \u00a0con \u00a0la \u00a0notas \u00a0verbales \u00a0Nos. 0509 y 1371 del 7 de abril y 25 de julio de 2014, \u00a0respectivamente, \u00a0suscritas \u00a0por \u00a0la Embajada de los Estados Unidos de Am\u00e9rica, \u00a0por \u00a0el \u00a0cargo imputado en la resoluci\u00f3n de acusaci\u00f3n N\u00b0 13-597(ADC), dictada \u00a0el \u00a023 \u00a0de \u00a0agosto de 2013 ante la Corte Distrital de los Estados Unidos para el \u00a0Distrito de Puerto Rico. \u00a0\u00a0<\/p>\n<p>En \u00a0todo caso, habida cuenta que de acuerdo \u00a0con \u00a0las normas punitivas de los Estados Unidos aplicables a los delitos por los \u00a0que \u00a0solicit\u00f3 \u00a0la \u00a0extradici\u00f3n prev\u00e9n como sanci\u00f3n hasta cadena perpetua, la \u00a0cual \u00a0est\u00e1 \u00a0prohibida en Colombia (art\u00edculo 34 de la Constituci\u00f3n Pol\u00edtica), \u00a0le \u00a0corresponde \u00a0al \u00a0Gobierno \u00a0Nacional, \u00a0en \u00a0caso \u00a0de \u00a0que \u00a0conceda \u00a0la entrega \u00a0requerida, \u00a0condicionar la extradici\u00f3n a la conmutaci\u00f3n de la misma, as\u00ed como \u00a0imponer \u00a0las exigencias que considere oportunas para que se observe ese precepto \u00a0constitucional, \u00a0y \u00a0a \u00a0fin \u00a0de \u00a0que MART\u00cdNEZ SALAS no vaya a ser juzgado por un \u00a0hecho \u00a0anterior \u00a0al \u00a0que \u00a0motiva \u00a0la \u00a0extradici\u00f3n (art\u00edculo 494 del C\u00f3digo de \u00a0Procedimiento \u00a0Penal), \u00a0ni \u00a0sometido \u00a0a tratos crueles, inhumanos o degradantes. \u00a0Del \u00a0mismo \u00a0modo, para que se le reconozca como parte cumplida de la pena que se \u00a0le \u00a0llegare \u00a0a \u00a0imponer \u00a0en \u00a0el \u00a0pa\u00eds \u00a0requirente, el tiempo que ha permanecido \u00a0privado de la libertad por raz\u00f3n de este tr\u00e1mite. \u00a0\u00a0<\/p>\n<p>Tambi\u00e9n \u00a0es \u00a0preciso \u00a0advertir que como el \u00a0instrumento \u00a0de \u00a0la \u00a0extradici\u00f3n entre Estados Unidos de Am\u00e9rica y Colombia se \u00a0rige, \u00a0en \u00a0ausencia \u00a0de \u00a0un \u00a0instrumento internacional que regule los motivos de \u00a0procedencia, \u00a0requisitos, \u00a0tr\u00e1mite \u00a0y condiciones, por las normas contenidas en \u00a0la \u00a0Constituci\u00f3n \u00a0Pol\u00edtica \u00a0(art\u00edculo \u00a035) \u00a0y \u00a0en el C\u00f3digo de Procedimiento \u00a0Penal \u00a0(art\u00edculos \u00a0490 \u00a0a \u00a0514 \u00a0de \u00a0la \u00a0Ley \u00a0906 \u00a0de \u00a02004), cuando recae sobre \u00a0ciudadanos \u00a0 \u00a0 \u00a0 \u00a0 colombianos \u00a0 \u00a0 \u00a0 \u00a0 por \u00a0 \u00a0 \u00a0 \u00a0nacimiento \u00a0 \u00a0 \u00a0 \u00a0\u2013si \u00a0es \u00a0pasiva-, \u00a0es imperioso que el \u00a0Gobierno \u00a0Nacional \u00a0haga las exigencias que estime convenientes en aras a que en \u00a0el \u00a0pa\u00eds reclamante se le reconozcan todos los derechos y garant\u00edas inherentes \u00a0a \u00a0su \u00a0calidad \u00a0de \u00a0colombiano \u00a0y de procesado, en especial las contenidas en la \u00a0Carta \u00a0Fundamental, \u00a0entre ellas la prevista en el art\u00edculo 42, seg\u00fan la cual, \u00a0la \u00a0familia \u00a0es \u00a0el \u00a0n\u00facleo \u00a0central de la sociedad, motivo por el cual deber\u00e1 \u00a0permitirse a sus parientes mantener un contacto permanente. \u00a0\u00a0<\/p>\n<p>Asimismo, se deber\u00e1n acatar los derechos y \u00a0garant\u00edas \u00a0consagrados en el denominado bloque de constitucionalidad, es decir, \u00a0en \u00a0aquellos \u00a0convenios internacionales ratificados por Colombia que consagran y \u00a0desarrollan \u00a0derechos \u00a0humanos \u00a0(art\u00edculo \u00a093 de la Constituci\u00f3n, Declaraci\u00f3n \u00a0Universal \u00a0de Derechos Humanos, Convenci\u00f3n Americana de Derechos Humanos, Pacto \u00a0Internacional \u00a0de \u00a0Derechos \u00a0Civiles \u00a0y \u00a0Pol\u00edticos), \u00a0en \u00a0virtud \u00a0del \u00a0deber de \u00a0protecci\u00f3n \u00a0a \u00a0esos derechos que para todas las autoridades p\u00fablicas emana del \u00a0art\u00edculo 2\u00ba ib\u00eddem. \u00a0\u00a0<\/p>\n<p>Tales \u00a0condicionamientos \u00a0tienen \u00a0car\u00e1cter \u00a0imperioso, \u00a0porque \u00a0la \u00a0extradici\u00f3n \u00a0de un ciudadano colombiano por nacimiento, \u00a0cualquiera \u00a0sea \u00a0el \u00a0delito que dio lugar a su entrega a un pa\u00eds extranjero, no \u00a0implica \u00a0que \u00a0pierda \u00a0su \u00a0nacionalidad \u00a0ni \u00a0los derechos que le son anejos a tal \u00a0calidad. \u00a0Por \u00a0tanto, \u00a0el deber de protecci\u00f3n de las autoridades colombianas se \u00a0extiende \u00a0a \u00a0tal \u00a0punto, \u00a0que \u00a0han \u00a0de \u00a0vigilar que en el pa\u00eds reclamante se le \u00a0respete \u00a0los \u00a0derechos \u00a0y garant\u00edas tal como si fuese juzgado en Colombia. A lo \u00a0que \u00a0renuncia \u00a0el \u00a0Estado que accede a la entrega de un connacional es a ejercer \u00a0su \u00a0soberan\u00eda \u00a0jurisdiccional, de modo que en tanto aqu\u00e9l siga siendo s\u00fabdito \u00a0de \u00a0Colombia, conserva a su favor todas las prerrogativas, garant\u00edas y derechos \u00a0que \u00a0emanan \u00a0de \u00a0la \u00a0Constituci\u00f3n \u00a0y \u00a0la \u00a0ley, \u00a0en \u00a0particular, aquellos que se \u00a0relacionan \u00a0con \u00a0su \u00a0calidad \u00a0de \u00a0procesado y que tienen que ver con la dignidad \u00a0humana. \u00a0\u00a0<\/p>\n<p>Por \u00a0esa \u00a0raz\u00f3n, \u00a0de \u00a0conformidad \u00a0con \u00a0lo \u00a0establecido \u00a0por \u00a0el \u00a0art\u00edculo 189-2 de la Constituci\u00f3n Pol\u00edtica, al Gobierno \u00a0Nacional, \u00a0en \u00a0cabeza \u00a0del \u00a0se\u00f1or \u00a0Presidente \u00a0de \u00a0la \u00a0Rep\u00fablica \u00a0como supremo \u00a0director \u00a0de \u00a0la \u00a0pol\u00edtica \u00a0exterior \u00a0y \u00a0de \u00a0las relaciones internacionales, le \u00a0corresponde \u00a0hacer \u00a0estricto \u00a0seguimiento \u00a0del \u00a0cumplimiento por parte del pa\u00eds \u00a0requirente \u00a0de \u00a0los \u00a0condicionamientos \u00a0atr\u00e1s \u00a0referenciados y establecer, as\u00ed \u00a0mismo, \u00a0las \u00a0consecuencias \u00a0de su inobservancia (Cfr. CSJ CP, 23 feb. 2005, Rad. \u00a022375, entre otros). \u00a0\u00a0<\/p>\n<p>La \u00a0Secretar\u00eda de la Sala comunicar\u00e1 este \u00a0concepto \u00a0al solicitado MANUEL REINEL MART\u00cdNEZ SALAS y dem\u00e1s intervinientes en \u00a0el tr\u00e1mite de extradici\u00f3n. \u00a0\u00a0<\/p>\n<p>Devu\u00e9lvase \u00a0el expediente al Ministerio de \u00a0Justicia y del Derecho para lo de su competencia. \u00a0\u00a0<\/p>\n<p>FERNANDO ALBERTO CASTRO CABALLERO \u00a0<\/p>\n<p>JOS\u00c9 LUIS BARCEL\u00d3 CAMACHO \u00a0<\/p>\n<p>JOS\u00c9 LEONIDAS BUSTOS MART\u00cdNEZ \u00a0<\/p>\n<p>EUGENIO FERN\u00c1NDEZ CARLIER \u00a0<\/p>\n<p>MAR\u00cdA DEL ROSARIO GONZ\u00c1LEZ MU\u00d1OZ \u00a0<\/p>\n<p>GUSTAVO ENRIQUE MALO FERN\u00c1NDEZ \u00a0<\/p>\n<p>EYDER PATI\u00d1O CABRERA \u00a0<\/p>\n<p>PATRICIA SALAZAR CU\u00c9LLAR \u00a0<\/p>\n<p>LUIS GUILLERMO SALAZAR OTERO \u00a0<\/p>\n<p>Nubia Yolanda Nova Garc\u00eda \u00a0<\/p>\n<p>Secretaria \u00a0<\/p>\n<p>\u00a0 \u00a0\u00a0<\/p>\n<p><\/p>\n","protected":false},"excerpt":{"rendered":"<p>\u00a0 \u00a0 CORTE SUPREMA DE JUSTICIA \u00a0 SALA DE CASACI\u00d3N PENAL \u00a0 GUSTAVO ENRIQUE MALO FERN\u00c1NDEZ \u00a0 Magistrado Ponente \u00a0 CP184-2014 \u00a0 Radicado N\u00b0 44320. \u00a0 Aprobado acta No. 385, \u00a0 Bogot\u00e1, \u00a0D.C., doce (12) de noviembre de dos \u00a0mil catorce (2014). \u00a0\u00a0 VISTOS \u00a0 Dentro del presente tr\u00e1mite de extradici\u00f3n \u00a0que \u00a0 \u00a0se \u00a0 [&hellip;]<\/p>\n","protected":false},"author":1,"featured_media":0,"comment_status":"open","ping_status":"open","sticky":false,"template":"","format":"standard","meta":{"footnotes":""},"categories":[22],"tags":[],"class_list":["post-29935","post","type-post","status-publish","format-standard","hentry","category-22"],"_links":{"self":[{"href":"https:\/\/dmsjuridica.com\/buscador_20179478954\/salapenalcronologico20230723\/wp-json\/wp\/v2\/posts\/29935","targetHints":{"allow":["GET"]}}],"collection":[{"href":"https:\/\/dmsjuridica.com\/buscador_20179478954\/salapenalcronologico20230723\/wp-json\/wp\/v2\/posts"}],"about":[{"href":"https:\/\/dmsjuridica.com\/buscador_20179478954\/salapenalcronologico20230723\/wp-json\/wp\/v2\/types\/post"}],"author":[{"embeddable":true,"href":"https:\/\/dmsjuridica.com\/buscador_20179478954\/salapenalcronologico20230723\/wp-json\/wp\/v2\/users\/1"}],"replies":[{"embeddable":true,"href":"https:\/\/dmsjuridica.com\/buscador_20179478954\/salapenalcronologico20230723\/wp-json\/wp\/v2\/comments?post=29935"}],"version-history":[{"count":0,"href":"https:\/\/dmsjuridica.com\/buscador_20179478954\/salapenalcronologico20230723\/wp-json\/wp\/v2\/posts\/29935\/revisions"}],"wp:attachment":[{"href":"https:\/\/dmsjuridica.com\/buscador_20179478954\/salapenalcronologico20230723\/wp-json\/wp\/v2\/media?parent=29935"}],"wp:term":[{"taxonomy":"category","embeddable":true,"href":"https:\/\/dmsjuridica.com\/buscador_20179478954\/salapenalcronologico20230723\/wp-json\/wp\/v2\/categories?post=29935"},{"taxonomy":"post_tag","embeddable":true,"href":"https:\/\/dmsjuridica.com\/buscador_20179478954\/salapenalcronologico20230723\/wp-json\/wp\/v2\/tags?post=29935"}],"curies":[{"name":"wp","href":"https:\/\/api.w.org\/{rel}","templated":true}]}}