{"id":29889,"date":"2023-09-13T14:23:10","date_gmt":"2023-09-13T14:23:10","guid":{"rendered":"https:\/\/dmsjuridica.com\/buscador_20179478954\/salapenalcronologico20230723\/2023\/09\/13\/cp136-201443965\/"},"modified":"2023-09-13T14:23:10","modified_gmt":"2023-09-13T14:23:10","slug":"cp136-201443965","status":"publish","type":"post","link":"https:\/\/dmsjuridica.com\/buscador_20179478954\/salapenalcronologico20230723\/2023\/09\/13\/cp136-201443965\/","title":{"rendered":"CP136-2014(43965)"},"content":{"rendered":"\n<p>\u00a0 \u00a0 \u00a0\u00a0<\/p>\n<p>CORTE SUPREMA DE JUSTICIA \u00a0<\/p>\n<p>SALA DE CASACI\u00d3N PENAL \u00a0<\/p>\n<p>GUSTAVO ENRIQUE MALO FERN\u00c1NDEZ \u00a0<\/p>\n<p>Magistrado ponente \u00a0<\/p>\n<p>CP136-2014 \u00a0<\/p>\n<p>Radicaci\u00f3n n\u00b0 43965 \u00a0<\/p>\n<p>Aprobado acta No. 261. \u00a0<\/p>\n<p>Bogot\u00e1, D.C., trece (13) de agosto de dos mil \u00a0catorce (2014). \u00a0\u00a0<\/p>\n<p>VISTOS \u00a0<\/p>\n<p>Dentro \u00a0del presente tr\u00e1mite de extradici\u00f3n \u00a0que \u00a0 \u00a0se \u00a0 \u00a0adelanta \u00a0 \u00a0respecto \u00a0 \u00a0del \u00a0 ciudadano \u00a0 colombiano \u00a0 Erney \u00a0Narciso \u00a0Ar\u00e9valo Portilla requerido \u00a0por \u00a0el \u00a0Gobierno \u00a0de \u00a0los Estados Unidos de Am\u00e9rica, le corresponde a la Corte \u00a0emitir \u00a0 concepto, \u00a0 toda \u00a0vez \u00a0que \u00a0venci\u00f3 \u00a0el \u00a0t\u00e9rmino \u00a0de \u00a0traslado \u00a0a \u00a0los \u00a0intervinientes \u00a0para \u00a0alegar, \u00a0dentro \u00a0del \u00a0cual \u00a0se \u00a0pronunci\u00f3 el delegado del \u00a0Ministerio P\u00fablico. \u00a0\u00a0<\/p>\n<p>A N T E C E D E N T E S \u00a0<\/p>\n<p>1. \u00a0Mediante \u00a0nota \u00a0verbal \u00a0No. \u00a00587 \u00a0del \u00a02 \u00a0de \u00a0abril \u00a0de \u00a02014, el Gobierno de Estados Unidos de \u00a0Am\u00e9rica, \u00a0por \u00a0conducto de su Embajada en Colombia, solicit\u00f3 del Ministerio de \u00a0Relaciones \u00a0Exteriores \u00a0la \u00a0detenci\u00f3n provisional con fines de extradici\u00f3n del \u00a0ciudadano \u00a0 \u00a0colombiano \u00a0 \u00a0Erney \u00a0 Narciso \u00a0 Ar\u00e9valo \u00a0Portilla, \u00a0pues \u00a0la \u00a0Corte \u00a0Distrital \u00a0de \u00a0los Estados \u00a0Unidos \u00a0para \u00a0el \u00a0Distrito \u00a0Sur \u00a0de \u00a0Nueva \u00a0York \u00a0lo requiere para comparecer en \u00a0juicio, \u00a0toda \u00a0vez \u00a0que \u00a0all\u00ed \u00a0se \u00a0emiti\u00f3 \u00a0en \u00a0su \u00a0contra \u00a0la \u00a0acusaci\u00f3n \u00a0No. \u00a011\u2013CR\u2013483, \u00a0dictada el 6 de junio de 2011, en \u00a0la cual se le formulan cargos por delitos federales de narc\u00f3ticos. \u00a0\u00a0<\/p>\n<p>2. Con resoluci\u00f3n \u00a0del \u00a03 \u00a0de \u00a0abril \u00a0de \u00a02014, \u00a0el \u00a0se\u00f1or Fiscal General de la Naci\u00f3n orden\u00f3 la \u00a0captura \u00a0 de \u00a0Erney \u00a0Narciso \u00a0Ar\u00e9valo \u00a0Portilla, diligencia que se llev\u00f3 a cabo en \u00a0la \u00a0ciudad de Ipiales (Nari\u00f1o) el d\u00eda 7 de los mismos mes y a\u00f1o, por miembros \u00a0de \u00a0 la \u00a0Direcci\u00f3n \u00a0de \u00a0Investigaci\u00f3n \u00a0Criminal \u00a0e \u00a0Interpol \u00a0de \u00a0la \u00a0Polic\u00eda \u00a0Nacional. \u00a0\u00a0<\/p>\n<p>3. \u00a0La \u00a0mencionada \u00a0representaci\u00f3n \u00a0diplom\u00e1tica \u00a0formaliz\u00f3 \u00a0la \u00a0petici\u00f3n \u00a0de extradici\u00f3n con la \u00a0Nota \u00a0Verbal \u00a0No. \u00a00986 \u00a0del \u00a05 \u00a0de \u00a0junio de 2014, aclarando que \u00ab\u2026entre \u00a0la fecha de la nota diplom\u00e1tica anteriormente mencionada \u00a0No. \u00a00587, \u00a0y \u00a0la fecha de esta nota, la acusaci\u00f3n original dictada en el caso, \u00a0acusaci\u00f3n \u00a0 \u00a0 \u00a0 \u00a0 No. \u00a0 \u00a0 \u00a0 \u00a011\u2013CR\u2013483 \u00a0fue \u00a0sustituida \u00a0\u2026\u00bb, \u00a0por \u00a0la \u00a0acusaci\u00f3n \u00a0No. S1 11 Cr. \u00a0483(JMF), \u00a0dictada \u00a0el 16 de abril de 2014, en la Corte Distrital de los Estados \u00a0Unidos \u00a0para \u00a0el \u00a0Distrito \u00a0Sur \u00a0de \u00a0Nueva \u00a0York, \u00a0mediante \u00a0la cual se le acusa \u00a0de: \u00a0\u00a0<\/p>\n<p>Cargo \u00a0Uno: \u00a0Concierto para: (a) fabricar y \u00a0distribuir \u00a0una \u00a0sustancia \u00a0controlada (un kilogramo y m\u00e1s de hero\u00edna), con el \u00a0conocimiento \u00a0 y \u00a0 la \u00a0 intenci\u00f3n \u00a0de \u00a0que \u00a0dicha \u00a0sustancia \u00a0ser\u00eda \u00a0importada \u00a0il\u00edcitamente \u00a0a \u00a0los \u00a0Estados \u00a0Unidos, \u00a0lo \u00a0cual \u00a0es \u00a0en contra del T\u00edtulo 21, \u00a0Secciones \u00a0812, \u00a0959(a) \u00a0y \u00a0(c), \u00a0960(a)(3) \u00a0y \u00a0960(b)(1)(A) \u00a0del C\u00f3digo de los \u00a0Estados \u00a0Unidos; y (b) llevar y poseer a bordo de una aeronave que arrib\u00f3 a los \u00a0Estados \u00a0Unidos \u00a0y \u00a0al \u00a0territorio aduanero de los Estados Unidos, una sustancia \u00a0controlada \u00a0(un \u00a0kilogramo y m\u00e1s de hero\u00edna), la cual no era parte de la carga \u00a0registrada \u00a0en \u00a0el manifiesto de aduanas o parte de los suministros oficiales de \u00a0la \u00a0aeronave, \u00a0y \u00a0ayuda \u00a0y \u00a0facilitaci\u00f3n \u00a0de \u00a0dichos delitos, en violaci\u00f3n del \u00a0T\u00edtulo \u00a021, \u00a0Secciones \u00a0812, \u00a0955, \u00a0960(a)(2) y 960(b)(1)(A) del C\u00f3digo de los \u00a0Estados \u00a0Unidos, \u00a0todo en violaci\u00f3n del T\u00edtulo 21, Secci\u00f3n 963 del C\u00f3digo de \u00a0los \u00a0Estados \u00a0Unidos \u00a0y \u00a0del \u00a0T\u00edtulo \u00a018, Secciones 3238 y 2 del C\u00f3digo de los \u00a0Estados \u00a0Unidos. \u00a0La \u00a0hero\u00edna \u00a0es \u00a0una \u00a0sustancia \u00a0controlada \u00a0de la Lista I de \u00a0conformidad \u00a0con \u00a0el T\u00edtulo 21, Secci\u00f3n 812 del C\u00f3digo de los Estados Unidos; \u00a0y \u00a0\u00a0<\/p>\n<p>Cargo \u00a0Dos: \u00a0Concierto \u00a0para \u00a0fabricar \u00a0y \u00a0distribuir \u00a0una \u00a0sustancia controlada (cinco kilogramos y m\u00e1s de coca\u00edna), con \u00a0el \u00a0conocimiento \u00a0y \u00a0la \u00a0intenci\u00f3n \u00a0de \u00a0que \u00a0dicha \u00a0sustancia \u00a0ser\u00eda importada \u00a0il\u00edcitamente \u00a0a \u00a0los \u00a0Estados \u00a0Unidos, \u00a0lo \u00a0cual \u00a0es \u00a0en contra del T\u00edtulo 21, \u00a0Secciones \u00a0812, \u00a0959(a) \u00a0y \u00a0(c), \u00a0960(a)(3) \u00a0y \u00a0960(b)(1)(B) \u00a0del C\u00f3digo de los \u00a0Estados \u00a0Unidos, y ayuda y facilitaci\u00f3n de dicho delito, todo en violaci\u00f3n del \u00a0T\u00edtulo \u00a021, \u00a0Secci\u00f3n \u00a0963 \u00a0del C\u00f3digo de los Estados Unidos y del T\u00edtulo 18, \u00a0Secciones \u00a03238 \u00a0y \u00a02 \u00a0del \u00a0C\u00f3digo \u00a0de \u00a0los \u00a0Estados Unidos. La coca\u00edna es una \u00a0sustancia \u00a0controlada \u00a0de la Lista II de conformidad con el T\u00edtulo 21, Secci\u00f3n \u00a0812 del C\u00f3digo de los Estados Unidos. \u00a0\u00a0<\/p>\n<p>4.\u00a0 \u00a0 El \u00a0Ministerio \u00a0de Relaciones Exteriores, en el oficio DIAJI No. 1144 del 6 de junio \u00a0de \u00a0 2014, \u00a0 indic\u00f3 \u00a0que \u00a0es \u00a0aplicable \u00a0al \u00a0presente \u00a0caso \u00a0la \u00a0\u00ab\u2026Convenci\u00f3n \u00a0de Naciones Unidas contra \u00a0el \u00a0tr\u00e1fico \u00a0il\u00edcito \u00a0de estupefacientes y sustancias psicotr\u00f3picas, suscrita \u00a0en \u00a0Viena \u00a0el \u00a020 \u00a0de \u00a0diciembre \u00a0de \u00a01988\u00bb, \u00a0empero \u00a0explicando \u00a0que \u00a0\u00abSin \u00a0perjuicio \u00a0de lo anterior, el \u00a0art\u00edculo \u00a0 \u00a0 6, \u00a0 \u00a0 numerales \u00a0 \u00a0 4 \u00a0 \u00a0 y \u00a0 \u00a0 51 \u00a0del \u00a0precitado \u00a0instrumento \u00a0internacional \u00a0 \u00a0 \u00a0 \u00a0disponen\u2026\u201d, \u00a0que es procedente obrar de conformidad \u00a0con \u00a0 \u00a0el \u00a0 \u00a0ordenamiento \u00a0 \u00a0procesal \u00a0 \u00a0colombiano. \u00a0Entonces, \u00a0 remiti\u00f3 \u00a0 la \u00a0mencionada \u00a0nota \u00a0verbal \u00a0y \u00a0los documentos anexos al de Justicia y del Derecho, \u00a0entidad \u00a0que \u00a0a \u00a0su vez envi\u00f3 tal documentaci\u00f3n a esta Corte, donde se dispuso \u00a0que \u00a0el \u00a0requerido \u00a0designara \u00a0un \u00a0apoderado \u00a0que \u00a0lo \u00a0representara dentro de la \u00a0actuaci\u00f3n. \u00a0\u00a0<\/p>\n<p>5. En consideraci\u00f3n \u00a0a \u00a0que no se presentaron solicitudes probatorias, sin que la Corte advirtiera la \u00a0necesidad \u00a0de \u00a0incorporar \u00a0ninguna \u00a0evidencia, \u00a0se orden\u00f3 correr traslado a los \u00a0intervinientes \u00a0por \u00a0el \u00a0t\u00e9rmino \u00a0de \u00a0cinco \u00a0(5) \u00a0d\u00edas, \u00a0de conformidad con lo \u00a0preceptuado \u00a0en \u00a0el inciso 3\u00b0 del art\u00edculo 500 de la Ley 906 de 2004, para que \u00a0presentaran los alegatos. \u00a0\u00a0<\/p>\n<p>6. \u00a0\u00danicamente el \u00a0Procurador delegado entreg\u00f3 los argumentos. \u00a0\u00a0<\/p>\n<p>ARGUMENTOS DEL MINISTERIO P\u00daBLICO \u00a0<\/p>\n<p>El \u00a0Procurador \u00a0Segundo \u00a0Delegado \u00a0para \u00a0la \u00a0Casaci\u00f3n \u00a0Penal, \u00a0luego de relacionar de manera detallada los antecedentes, los \u00a0instrumentos \u00a0allegados \u00a0a \u00a0este \u00a0diligenciamiento \u00a0y \u00a0de \u00a0mencionar \u00a0las normas \u00a0aplicables \u00a0al \u00a0caso, \u00a0se\u00f1ala \u00a0que \u00a0las conductas punibles por las cuales se le \u00a0requiere, \u00a0fueron \u00a0cometidas en fecha conocida, por lo menos desde comienzos del \u00a0a\u00f1o \u00a02010 \u00a0y \u00a0hasta marzo de 2014, es decir, con posterioridad a la expedici\u00f3n \u00a0del \u00a0acto \u00a0legislativo \u00a0No. \u00a01 \u00a0de \u00a01997, \u00a0circunstancia que permite predicar el \u00a0cumplimiento de la exigencia temporal. \u00a0\u00a0<\/p>\n<p>Igualmente \u00a0dice \u00a0que \u00a0de \u00a0acuerdo \u00a0con \u00a0la \u00a0acusaci\u00f3n \u00a0dictada \u00a0por la autoridad judicial del Estado requirente, los hechos \u00a0se \u00a0cometieron \u00a0en \u00a0la \u00a0ciudad \u00a0de Nueva York y en otros lugares, por lo que sin \u00a0ninguna \u00a0dificultad \u00a0se \u00a0advierte \u00a0que \u00a0el \u00a0delito \u00a0fue cometido en el exterior. \u00a0\u00a0<\/p>\n<p>Se\u00f1ala que la normatividad aplicable en este \u00a0caso \u00a0 es \u00a0la \u00a0\u00ab\u2026Convenci\u00f3n \u00a0de \u00a0Naciones \u00a0Unidas \u00a0contra \u00a0el \u00a0tr\u00e1fico \u00a0il\u00edcito \u00a0de \u00a0estupefacientes y \u00a0sustancias \u00a0 psicotr\u00f3picas, \u00a0 suscrita \u00a0 en \u00a0 Viena \u00a0 el \u00a020 \u00a0de \u00a0diciembre \u00a0de \u00a01988\u00bb, \u00a0 \u00a0y \u00a0 \u00a0el \u00a0 \u00a0C\u00f3digo \u00a0 \u00a0de \u00a0 Procedimiento \u00a0Penal. \u00a0\u00a0<\/p>\n<p>En \u00a0relaci\u00f3n \u00a0con \u00a0la validez formal de los \u00a0documentos, \u00a0 el \u00a0 Estado \u00a0 solicitante \u00a0 aport\u00f3, \u00a0 debidamente \u00a0 traducidas \u00a0y \u00a0autenticadas, \u00a0la \u00a0providencia \u00a0acusatoria, en la cual se rese\u00f1a el lugar donde \u00a0ocurrieron \u00a0los hechos, las fechas y los delitos imputados, las normas penales y \u00a0las \u00a0declaraciones \u00a0de \u00a0apoyo a la solicitud de extradici\u00f3n, motivo por el cual \u00a0se cumple cabalmente con esta exigencia. \u00a0\u00a0<\/p>\n<p>Respecto \u00a0a \u00a0la \u00a0demostraci\u00f3n \u00a0plena \u00a0de la \u00a0identidad \u00a0del \u00a0requerido, \u00a0asevera \u00a0que \u00a0esa exigencia se encuentra satisfecha, \u00a0toda \u00a0vez \u00a0que los datos suministrados por las autoridades extranjeras coinciden \u00a0con \u00a0los \u00a0de la resoluci\u00f3n expedida por la Fiscal\u00eda General de la Naci\u00f3n, por \u00a0medio \u00a0de \u00a0la \u00a0cual \u00a0se \u00a0orden\u00f3 su captura. Agrega que se trata de Erney \u00a0Narciso Ar\u00e9valo Portilla, ciudadano \u00a0colombiano, \u00a0nacido \u00a0el \u00a019 \u00a0de \u00a0febrero \u00a0de \u00a01983 \u00a0y \u00a0portador de la c\u00e9dula de \u00a0ciudadan\u00eda \u00a0 \u00a0 \u00a0 n\u00famero \u00a0 \u00a0 \u00a0 14\u2019621.553 de Cali. \u00a0\u00a0<\/p>\n<p>En \u00a0lo que tiene que ver con el principio de \u00a0la \u00a0doble \u00a0incriminaci\u00f3n, \u00a0sostiene \u00a0que \u00a0los \u00a0cargos \u00a0imputados a Erney \u00a0 \u00a0Narciso \u00a0 \u00a0Ar\u00e9valo \u00a0 \u00a0Portilla, \u00a0encuentran \u00a0adecuaci\u00f3n \u00a0t\u00edpica \u00a0en los art\u00edculos 340 y 376 del C\u00f3digo Penal, \u00a0que \u00a0consagran \u00a0los delitos de concierto para delinquir y tr\u00e1fico, fabricaci\u00f3n \u00a0o \u00a0porte \u00a0de \u00a0estupefacientes, \u00a0cuya \u00a0pena \u00a0m\u00ednima \u00a0privativa de la libertad es \u00a0superior \u00a0a \u00a04 a\u00f1os, aspectos que conllevan a concluir que igualmente se cumple \u00a0con este postulado. \u00a0\u00a0<\/p>\n<p>Sobre \u00a0la \u00a0equivalencia \u00a0de las providencias \u00a0dictadas \u00a0en \u00a0el \u00a0pa\u00eds solicitante, tampoco encuentra inconveniente alguno, por \u00a0cuanto \u00a0la \u00a0acusaci\u00f3n \u00a0dictada en el extranjero detalla los comportamientos por \u00a0los \u00a0que \u00a0se \u00a0le \u00a0acusa. \u00a0Adem\u00e1s, \u00a0especifica \u00a0los \u00a0hechos \u00a0y \u00a0la calificaci\u00f3n \u00a0jur\u00eddica \u00a0de \u00a0las \u00a0conductas, \u00a0lo\u00a0 \u00a0cual \u00a0permite \u00a0colegir que dicha pieza \u00a0procesal \u00a0guarda \u00a0correspondencia \u00a0con la acusaci\u00f3n prevista en nuestro sistema \u00a0procesal penal. \u00a0\u00a0<\/p>\n<p>En \u00a0consecuencia, \u00a0estima \u00a0el \u00a0Delegado \u00a0del \u00a0Ministerio \u00a0P\u00fablico \u00a0que \u00a0en \u00a0este \u00a0caso las formalidades se cumplen cabalmente \u00a0para \u00a0que \u00a0la Corte proceda a emitir concepto favorable respecto de la solicitud \u00a0de \u00a0extradici\u00f3n del ciudadano colombiano Erney Narciso \u00a0Ar\u00e9valo Portilla. \u00a0\u00a0<\/p>\n<p>Asimismo, recomienda que la Corte exhorte al \u00a0Gobierno \u00a0Nacional \u00a0para \u00a0que, en caso de que se conceda, se condicione la misma \u00a0en \u00a0el \u00a0sentido \u00a0de \u00a0que \u00a0el \u00a0solicitado no sea juzgado por hechos anteriores ni \u00a0distintos \u00a0a \u00a0los \u00a0que motivan la extradici\u00f3n, ni sometido a prisi\u00f3n perpetua, \u00a0ni a tratos crueles, inhumanos o degradantes. \u00a0\u00a0<\/p>\n<p>CONCEPTO DE LA CORTE \u00a0<\/p>\n<p>\u00a0 \u00a0\u00a0<\/p>\n<p>1. Aspectos \u00a0generales \u00a0 \u00a0\u00a0<\/p>\n<p>La \u00a0Corte \u00a0tiene \u00a0sentado que su competencia \u00a0dentro \u00a0del tr\u00e1mite de extradici\u00f3n est\u00e1 enfocada a expresar un concepto sobre \u00a0la \u00a0procedencia \u00a0de \u00a0entregar \u00a0o \u00a0no \u00a0a \u00a0la \u00a0persona \u00a0solicitada \u00a0por \u00a0un \u00a0pa\u00eds \u00a0extranjero, \u00a0despu\u00e9s \u00a0de \u00a0examinar los puntos a que se refiere el art\u00edculo 502 \u00a0de \u00a0la \u00a0Ley \u00a0906 \u00a0de \u00a02004, \u00a0sin \u00a0dejar \u00a0de considerar que el art\u00edculo 35 de la \u00a0Constituci\u00f3n \u00a0Pol\u00edtica en su inciso 2, reformado por el Acto Legislativo No. 1 \u00a0de \u00a01997, \u00a0autoriza \u00a0la \u00a0extradici\u00f3n \u00a0de \u00a0colombianos por nacimiento cuando son \u00a0reclamados \u00a0por \u00a0delitos \u00a0cometidos \u00a0en \u00a0el \u00a0exterior \u00a0y \u00a0las \u00a0conductas que los \u00a0originan \u00a0tambi\u00e9n \u00a0as\u00ed \u00a0se \u00a0consideren \u00a0en \u00a0la \u00a0legislaci\u00f3n penal colombiana. \u00a0\u00a0<\/p>\n<p>Sobre \u00a0este \u00faltimo aspecto, debe observarse \u00a0que \u00a0de \u00a0acuerdo con la acusaci\u00f3n sustitutiva No. S1 11 Cr. 483(JMF), proferida \u00a0por \u00a0la Corte Distrital de los Estados Unidos para el Distrito Sur de Nueva York \u00a0el \u00a016 \u00a0de \u00a0abril \u00a0de \u00a02014, \u00a0la \u00a0imputaci\u00f3n \u00a0que se le formul\u00f3 a Erney \u00a0 \u00a0Narciso \u00a0 \u00a0Ar\u00e9valo \u00a0 \u00a0Portilla \u00a0corresponde \u00a0a \u00a0delitos \u00a0relacionados \u00a0con el tr\u00e1fico de estupefacientes en los \u00a0Estados Unidos, llevados a cabo entre el a\u00f1o 2010 y marzo de 2014. \u00a0\u00a0<\/p>\n<p>Significa \u00a0lo anterior que no aparece motivo \u00a0constitucional impediente de la extradici\u00f3n. \u00a0\u00a0<\/p>\n<p>2. \u00a0Validez \u00a0formal \u00a0de \u00a0la \u00a0documentaci\u00f3n \u00a0presentada \u00a0\u00a0<\/p>\n<p>La \u00a0Vice \u00a0C\u00f3nsul \u00a0de Colombia en Washington \u00a0autentic\u00f3 \u00a0los \u00a0documentos \u00a0aportados \u00a0en apoyo de la solicitud de extradici\u00f3n \u00a0del \u00a0 ciudadano \u00a0 colombiano \u00a0Erney \u00a0Narciso \u00a0Ar\u00e9valo \u00a0Portilla, \u00a0de \u00a0conformidad \u00a0con el art\u00edculo 251 de la \u00a0Ley 1564 de 2012. \u00a0\u00a0<\/p>\n<p>En \u00a0tal \u00a0forma, \u00a0la \u00a0mencionada \u00a0funcionaria \u00a0certifica \u00a0la firma de la Auxiliar de Autenticaciones del Departamento de Estado \u00a0de \u00a0los \u00a0Estados \u00a0Unidos \u00a0de Am\u00e9rica, quien a su vez avala la del Secretario de \u00a0Estado, \u00a0John \u00a0F. \u00a0Kerry, \u00a0y la r\u00fabrica de Eric H. Holder, Jr., Fiscal General, \u00a0quien \u00a0certifica la de John M. Gillies, Director Asociado Interino de la Oficina \u00a0de \u00a0Asuntos Internacionales, Divisi\u00f3n de lo Penal, del Departamento de Justicia \u00a0de \u00a0los \u00a0Estados \u00a0Unidos, \u00a0encargado \u00a0de \u00a0dar \u00a0cuenta \u00a0de la autenticidad de las \u00a0declaraciones \u00a0juradas de Daniel S. Noble, Fiscal Auxiliar de los Estados Unidos \u00a0y \u00a0de \u00a0Claudia \u00a0Caballero, \u00a0Agente \u00a0Especial de la Administraci\u00f3n de Control de \u00a0Drogas de los Estados Unidos de Am\u00e9rica. \u00a0\u00a0<\/p>\n<p>Adicionalmente, el Jefe de Legalizaciones del \u00a0Ministerio \u00a0de Relaciones Exteriores abon\u00f3 la firma de la Agente Consular, el 6 \u00a0de \u00a0junio \u00a0de \u00a02014, \u00a0como consta en el documento suscrito por \u00e9ste2. \u00a0\u00a0<\/p>\n<p>Como documento anexo y debidamente traducido, \u00a0aparece \u00a0la acusaci\u00f3n sustitutiva No. S1 11 Cr. 483(JMF), proferida en la Corte \u00a0Distrital \u00a0de \u00a0los \u00a0Estados \u00a0Unidos \u00a0para el Distrito Sur de Nueva York el 16 de \u00a0abril \u00a0 de \u00a0 2014, \u00a0 contra \u00a0 Erney \u00a0Narciso \u00a0Ar\u00e9valo \u00a0Portilla, \u00a0as\u00ed \u00a0como \u00a0la orden de arresto librada por \u00a0esa Corte. \u00a0\u00a0<\/p>\n<p>Del \u00a0 mismo \u00a0 modo, \u00a0figuran \u00a0las \u00a0copias, \u00a0traducidas \u00a0en \u00a0debida \u00a0forma, \u00a0de \u00a0las disposiciones penales del C\u00f3digo de los \u00a0Estados Unidos aplicables al caso. \u00a0\u00a0<\/p>\n<p>De acuerdo con lo anterior, la documentaci\u00f3n \u00a0presentada \u00a0en \u00a0respaldo \u00a0del pedido de extradici\u00f3n de \u00a0Erney \u00a0 Narciso \u00a0 Ar\u00e9valo \u00a0Portilla, \u00a0es \u00a0formalmente \u00a0v\u00e1lida. \u00a0\u00a0<\/p>\n<p>3. \u00a0 Identidad \u00a0plena \u00a0del \u00a0solicitado \u00a0en \u00a0extradici\u00f3n \u00a0\u00a0<\/p>\n<p>Es \u00a0claro \u00a0que \u00a0la \u00a0persona \u00a0reclamada \u00a0en \u00a0extradici\u00f3n \u00a0es \u00a0la misma que el 7 de abril de 2014 fue notificada en la ciudad \u00a0de \u00a0Ipiales, \u00a0por funcionarios de la Direcci\u00f3n de\u00a0 Investigaci\u00f3n Criminal \u00a0e \u00a0Interpol \u00a0de la Polic\u00eda Nacional, en cumplimiento de la orden de captura con \u00a0fines \u00a0de \u00a0extradici\u00f3n \u00a0emitida mediante resoluci\u00f3n del 3 de abril de 2014 por \u00a0el despacho del se\u00f1or Fiscal General de la Naci\u00f3n. \u00a0\u00a0<\/p>\n<p>De \u00a0acuerdo \u00a0con las notas diplom\u00e1ticas No. \u00a00587 \u00a0 del \u00a0 2 \u00a0 de \u00a0 abril \u00a0de \u00a02014 \u00a0y \u00a00986 \u00a0del \u00a05 \u00a0de \u00a0junio \u00a0de \u00a02014, \u00a0el \u00a0se\u00f1or \u00a0Ar\u00e9valo \u00a0Portilla, \u00a0tambi\u00e9n \u00a0 \u00a0conocido \u00a0 \u00a0como \u00a0 \u00a0\u00abErney\u00bb,\u00a0 \u00a0 \u00a0 \u00a0 \u00abMatteo\u00bb \u00a0 \u00a0 y \u00a0 \u00a0 \u00abEl \u00a0 \u00a0Enano\u00bb, \u00a0es \u00a0ciudadano \u00a0colombiano, nacido el 19 de febrero de 1983 y es \u00a0titular \u00a0 \u00a0 de \u00a0 \u00a0 la \u00a0 \u00a0 c\u00e9dula \u00a0 \u00a0 de \u00a0 \u00a0ciudadan\u00eda \u00a0 \u00a0No. \u00a0 \u00a014\u2019621.553. \u00a0\u00a0<\/p>\n<p>Al \u00a0 \u00a0ser \u00a0 \u00a0aprehendido, \u00a0 Erney \u00a0 Narciso \u00a0 Ar\u00e9valo \u00a0 Portilla \u00a0se \u00a0identific\u00f3 \u00a0con \u00a0ese \u00a0documento, cuyo n\u00famero qued\u00f3 estampado en la diligencia \u00a0de \u00a0notificaci\u00f3n \u00a0de \u00a0la \u00a0resoluci\u00f3n \u00a0que \u00a0orden\u00f3 \u00a0su \u00a0captura, en el acta de \u00a0derechos \u00a0del \u00a0capturado y en la constancia de buen trato; as\u00ed como en el poder \u00a0que \u00a0le \u00a0confiri\u00f3 \u00a0a \u00a0un \u00a0abogado \u00a0para \u00a0que \u00a0lo \u00a0representara \u00a0en \u00a0el presente \u00a0tr\u00e1mite. \u00a0\u00a0<\/p>\n<p>Adem\u00e1s, \u00a0de \u00a0acuerdo \u00a0con \u00a0el resultado del \u00a0informe \u00a0sobre \u00a0consulta extendido por la Direcci\u00f3n Nacional de Identificaci\u00f3n \u00a0de \u00a0la \u00a0Registradur\u00eda \u00a0Nacional del Estado Civil, la c\u00e9dula de ciudadan\u00eda No. \u00a014\u2019621.553, \u00a0se expidi\u00f3 a \u00a0nombre \u00a0de Erney Narciso Ar\u00e9valo Portilla. \u00a0\u00a0<\/p>\n<p>Asimismo, debe destacarse que en este asunto \u00a0no \u00a0se \u00a0puso \u00a0en \u00a0cuesti\u00f3n \u00a0la \u00a0identidad \u00a0del \u00a0solicitado, \u00a0por \u00a0manera que el \u00a0requisito de su plena identidad se encuentra satisfecho. \u00a0\u00a0<\/p>\n<p>4. \u00a0Equivalencia de la providencia proferida \u00a0en el extranjero \u00a0\u00a0<\/p>\n<p>Como \u00a0 lo \u00a0 ha \u00a0 reiterado \u00a0 en \u00a0 diversas \u00a0oportunidades \u00a0la \u00a0Sala \u00a0de \u00a0Casaci\u00f3n Penal de la Corte Suprema de Justicia, se \u00a0cumple \u00a0con \u00a0el requisito en menci\u00f3n acatando lo previsto en el art\u00edculo 493-1 \u00a0de \u00a0la \u00a0Ley \u00a0906 \u00a0de \u00a02004: \u00a0que \u00a0por \u00a0lo \u00a0menos \u00a0se haya dictado en el exterior \u00a0resoluci\u00f3n de acusaci\u00f3n o su equivalente. \u00a0\u00a0<\/p>\n<p>En el presente evento, el 16 de abril de 2014 \u00a0el \u00a0Gran \u00a0Jurado del Tribunal de Distrito de los Estados Unidos para el Distrito \u00a0Sur \u00a0de \u00a0Nueva York, profiri\u00f3 la acusaci\u00f3n sustitutiva No. S1 11 Cr. 483(JMF), \u00a0con \u00a0base \u00a0en los delitos se\u00f1alados anteriormente, acto procesal que equivale a \u00a0la \u00a0resoluci\u00f3n \u00a0de \u00a0acusaci\u00f3n prevista en el sistema procesal penal colombiano \u00a0\u2013tanto \u00a0la \u00a0regulada en el \u00a0art\u00edculo \u00a0398 \u00a0de \u00a0la Ley 600 de 2000, como el escrito acusatorio del art\u00edculo \u00a0337 \u00a0de la Ley 906 de 2004\u2013. \u00a0Tales \u00a0providencias, \u00a0si \u00a0bien \u00a0no \u00a0son \u00a0id\u00e9nticas, guardan similitudes que las \u00a0tornan \u00a0equivalentes, \u00a0con \u00a0lo \u00a0cual \u00a0el \u00a0requisito \u00a0legal \u00a0en estudio se estima \u00a0acreditado. \u00a0\u00a0<\/p>\n<p>En \u00a0efecto, \u00a0dichas \u00a0decisiones \u00a0judiciales \u00a0contienen \u00a0un \u00a0pliego \u00a0de \u00a0cargos, \u00a0de los cuales se debe defender el acusado en \u00a0juicio. \u00a0A \u00a0su \u00a0vez, \u00a0constituyen presupuesto procesal para la iniciaci\u00f3n de la \u00a0etapa \u00a0de \u00a0juzgamiento, que culmina con el respectivo fallo de m\u00e9rito. En ellas \u00a0se \u00a0consigna \u00a0una \u00a0relaci\u00f3n \u00a0detallada de los hechos con especificaci\u00f3n de las \u00a0circunstancias \u00a0de \u00a0tiempo, \u00a0modo \u00a0y \u00a0lugar en que ocurrieron y la calificaci\u00f3n \u00a0jur\u00eddica \u00a0de \u00a0la \u00a0conducta, \u00a0con \u00a0indicaci\u00f3n de las disposiciones sustanciales \u00a0aplicables. \u00a0\u00a0<\/p>\n<p>Por lo anterior, este requerimiento tambi\u00e9n \u00a0se cumple a cabalidad. \u00a0\u00a0<\/p>\n<p>5. \u00a0 \u00a0El \u00a0 \u00a0principio \u00a0 \u00a0de \u00a0 la \u00a0 doble \u00a0incriminaci\u00f3n \u00a0\u00a0<\/p>\n<p>De acuerdo con el numeral 1 del art\u00edculo 493 \u00a0del \u00a0C\u00f3digo \u00a0de Procedimiento Penal, la doble incriminaci\u00f3n se presenta cuando \u00a0el \u00a0hecho \u00a0que \u00a0es \u00a0motivo \u00a0de \u00a0la \u00a0extradici\u00f3n est\u00e1 \u00a0\u201cprevisto \u00a0como \u00a0delito \u00a0en Colombia y reprimido con una sanci\u00f3n privativa de \u00a0la \u00a0libertad \u00a0cuyo \u00a0m\u00ednimo \u00a0no \u00a0sea \u00a0inferior \u00a0a \u00a0cuatro \u00a0(4) a\u00f1os\u201d. \u00a0\u00a0<\/p>\n<p>La \u00a0Corte tiene dicho que para establecer si \u00a0la \u00a0conducta \u00a0que \u00a0se \u00a0le \u00a0imputa \u00a0al \u00a0requerido \u00a0en \u00a0el \u00a0pa\u00eds \u00a0solicitante \u00a0es \u00a0considerada \u00a0como \u00a0delito \u00a0en \u00a0Colombia, debe hacerse una comparaci\u00f3n entre las \u00a0normas \u00a0que \u00a0all\u00ed \u00a0sustentan \u00a0la \u00a0sindicaci\u00f3n, \u00a0con \u00a0las de orden interno para \u00a0establecer \u00a0si \u00a0\u00e9stas \u00a0tambi\u00e9n \u00a0recogen los comportamientos contenidos en cada \u00a0uno de los cargos. \u00a0\u00a0<\/p>\n<p>Tal \u00a0 confrontaci\u00f3n \u00a0 se \u00a0 hace \u00a0 con \u00a0la \u00a0normatividad \u00a0que est\u00e1 en vigor al momento de rendir el concepto, puesto que lo \u00a0emite \u00a0dentro del tr\u00e1mite de un mecanismo de cooperaci\u00f3n internacional, raz\u00f3n \u00a0por \u00a0la cual la aplicaci\u00f3n del principio de favorabilidad que podr\u00eda arg\u00fcirse \u00a0como \u00a0producto \u00a0natural \u00a0de \u00a0la \u00a0sucesi\u00f3n \u00a0de \u00a0leyes no entrar\u00eda en juego, por \u00a0cuanto \u00a0las dom\u00e9sticas no son las que operar\u00e1n en el extranjero. Lo que a este \u00a0prop\u00f3sito \u00a0 determina \u00a0el \u00a0concepto \u00a0es \u00a0que, \u00a0sin \u00a0importar \u00a0la \u00a0denominaci\u00f3n \u00a0jur\u00eddica, \u00a0el \u00a0acto \u00a0desarrollado por el ciudadano cuya extradici\u00f3n se demanda \u00a0sea igualmente considerado como delictuoso en el territorio patrio. \u00a0\u00a0<\/p>\n<p>5.1. De acuerdo con \u00a0las \u00a0notas \u00a0verbales \u00a0y \u00a0la \u00a0copia \u00a0de \u00a0la \u00a0acusaci\u00f3n \u00a0sustitutiva, \u00a0los cargos \u00a0formulados \u00a0 \u00a0contra \u00a0 \u00a0Erney \u00a0 \u00a0Narciso \u00a0 \u00a0Ar\u00e9valo \u00a0Portilla, \u00a0 \u00a0se \u00a0 \u00a0resumen \u00a0 \u00a0de \u00a0 \u00a0la \u00a0 \u00a0siguiente \u00a0manera: \u00a0\u00a0<\/p>\n<p>Cargo \u00a0Uno: Concierto para: (a) fabricar y \u00a0distribuir \u00a0una \u00a0sustancia \u00a0controlada (un kilogramo y m\u00e1s de hero\u00edna), con el \u00a0conocimiento \u00a0 y \u00a0 la \u00a0 intenci\u00f3n \u00a0de \u00a0que \u00a0dicha \u00a0sustancia \u00a0ser\u00eda \u00a0importada \u00a0il\u00edcitamente \u00a0a \u00a0los \u00a0Estados \u00a0Unidos, \u00a0lo \u00a0cual \u00a0es \u00a0en contra del T\u00edtulo 21, \u00a0Secciones \u00a0812, \u00a0959(a) \u00a0y \u00a0(c), \u00a0960(a)(3) \u00a0y \u00a0960(b)(1)(A) \u00a0del C\u00f3digo de los \u00a0Estados \u00a0Unidos; y (b) llevar y poseer a bordo de una aeronave que arrib\u00f3 a los \u00a0Estados \u00a0Unidos \u00a0y \u00a0al \u00a0territorio aduanero de los Estados Unidos, una sustancia \u00a0controlada \u00a0(un \u00a0kilogramo y m\u00e1s de hero\u00edna), la cual no era parte de la carga \u00a0registrada \u00a0en \u00a0el manifiesto de aduanas o parte de los suministros oficiales de \u00a0la \u00a0aeronave, \u00a0y \u00a0ayuda \u00a0y \u00a0facilitaci\u00f3n \u00a0de \u00a0dichos delitos, en violaci\u00f3n del \u00a0T\u00edtulo \u00a021, \u00a0Secciones \u00a0812, \u00a0955, \u00a0960(a)(2) y 960(b)(1)(A) del C\u00f3digo de los \u00a0Estados \u00a0Unidos, \u00a0todo en violaci\u00f3n del T\u00edtulo 21, Secci\u00f3n 963 del C\u00f3digo de \u00a0los \u00a0Estados \u00a0Unidos \u00a0y \u00a0del \u00a0T\u00edtulo \u00a018, Secciones 3238 y 2 del C\u00f3digo de los \u00a0Estados \u00a0Unidos. \u00a0La \u00a0hero\u00edna \u00a0es \u00a0una \u00a0sustancia \u00a0controlada \u00a0de la Lista I de \u00a0conformidad \u00a0con \u00a0el T\u00edtulo 21, Secci\u00f3n 812 del C\u00f3digo de los Estados Unidos; \u00a0y \u00a0\u00a0<\/p>\n<p>Cargo \u00a0Dos: \u00a0Concierto \u00a0para \u00a0fabricar \u00a0y \u00a0distribuir \u00a0una \u00a0sustancia controlada (cinco kilogramos y m\u00e1s de coca\u00edna), con \u00a0el \u00a0conocimiento \u00a0y \u00a0la \u00a0intenci\u00f3n \u00a0de \u00a0que \u00a0dicha \u00a0sustancia \u00a0ser\u00eda importada \u00a0il\u00edcitamente \u00a0a \u00a0los \u00a0Estados \u00a0Unidos, \u00a0lo \u00a0cual \u00a0es \u00a0en contra del T\u00edtulo 21, \u00a0Secciones \u00a0812, \u00a0959(a) \u00a0y \u00a0(c), \u00a0960(a)(3) \u00a0y \u00a0960(b)(1)(B) \u00a0del C\u00f3digo de los \u00a0Estados \u00a0Unidos, y ayuda y facilitaci\u00f3n de dicho delito, todo en violaci\u00f3n del \u00a0T\u00edtulo \u00a021, \u00a0Secci\u00f3n \u00a0963 \u00a0del C\u00f3digo de los Estados Unidos y del T\u00edtulo 18, \u00a0Secciones \u00a03238 \u00a0y \u00a02 \u00a0del \u00a0C\u00f3digo \u00a0de \u00a0los \u00a0Estados Unidos. La coca\u00edna es una \u00a0sustancia \u00a0controlada \u00a0de la Lista II de conformidad con el T\u00edtulo 21, Secci\u00f3n \u00a0812 del C\u00f3digo de los Estados Unidos. \u00a0\u00a0<\/p>\n<p>(\u2026) \u00a0<\/p>\n<p>La \u00a0investigaci\u00f3n revel\u00f3 que a comienzos \u00a0del \u00a02010, \u00a0o \u00a0aproximadamente \u00a0en \u00a0esa \u00a0fecha, \u00a0Erney Narciso Ar\u00e9valo Portilla \u00a0estuvo \u00a0involucrado \u00a0en \u00a0un \u00a0delito \u00a0de \u00a0concierto \u00a0para distribuir hero\u00edna con \u00a0destino \u00a0a \u00a0los \u00a0Estados \u00a0Unidos, \u00a0al \u00a0utilizar \u00a0contrabandistas que viajaban en \u00a0aviones \u00a0comerciales. \u00a0Durante \u00a0el \u00a0curso \u00a0del \u00a0delito de concierto, fuerzas del \u00a0orden \u00a0 de \u00a0 Colombia \u00a0interceptaron \u00a0comunicaciones \u00a0entre \u00a0los \u00a0co\u2013asociados, \u00a0 en \u00a0 las \u00a0cuales \u00a0ellos \u00a0acordaron \u00a0transportar, \u00a0a \u00a0trav\u00e9s \u00a0de \u00a0aerol\u00edneas comerciales, hero\u00edna desde \u00a0Ecuador \u00a0hacia \u00a0los Estados Unidos, espec\u00edficamente desde Quito, Ecuador, hacia \u00a0Newark, \u00a0Nueva \u00a0Jersey. \u00a0Con \u00a0la \u00a0hero\u00edna \u00a0adherida \u00a0con una cinta a su cuerpo, \u00a0Ar\u00e9valo \u00a0 \u00a0Portilla \u00a0 \u00a0y \u00a0 \u00a0sus \u00a0 co\u2013asociados \u00a0hicieron \u00a0los \u00a0arreglos para que un \u201ccorreo\u201d viajara \u00a0desde \u00a0 Quito \u00a0 hacia \u00a0 la \u00a0 ciudad \u00a0 de \u00a0Nueva \u00a0York \u00a0con \u00a0escala \u00a0en \u00a0Houston, \u00a0Texas. \u00a0\u00a0<\/p>\n<p>Con \u00a0 base \u00a0 en \u00a0 esas \u00a0interceptaciones \u00a0telef\u00f3nicas, \u00a0 el \u00a020 \u00a0de \u00a0mayo \u00a0de \u00a02010, \u00a0o \u00a0aproximadamente \u00a0en \u00a0esa \u00a0fecha, \u00a0autoridades \u00a0 de \u00a0 las \u00a0 fuerzas \u00a0 del \u00a0 orden \u00a0 de \u00a0Estados \u00a0Unidos \u00a0incautaron \u00a0aproximadamente \u00a04,6 \u00a0kilogramos \u00a0de \u00a0hero\u00edna, de un pasajero que viajaba desde \u00a0Ecuador \u00a0hacia \u00a0Newark, \u00a0Nueva Jersey, quien hab\u00eda adherido los narc\u00f3ticos con \u00a0una \u00a0cinta \u00a0a su cuerpo.\u00a0 Despu\u00e9s de la incautaci\u00f3n, fuerzas del orden de \u00a0Colombia \u00a0continuaron \u00a0con \u00a0la \u00a0interceptaci\u00f3n \u00a0de \u00a0llamadas telef\u00f3nicas entre \u00a0Ar\u00e9valo \u00a0 \u00a0Portilla \u00a0 \u00a0y \u00a0 \u00a0sus \u00a0 co\u2013asociados, \u00a0en \u00a0las \u00a0cuales \u00a0ellos \u00a0hablaron, entre otras cosas, de \u00a0c\u00f3mo \u00a0el \u00a0\u201ccorreo\u201d \u00a0no \u00a0pudo \u00a0llegar \u00a0al \u00a0\u00e1rea \u00a0de \u00a0Nueva York como estaba \u00a0planeado, \u00a0y c\u00f3mo ellos estaban teniendo problemas para ponerse en contacto con \u00a0el \u201ccorreo\u201d. \u00a0\u00a0<\/p>\n<p>La investigaci\u00f3n tambi\u00e9n ha revelado que \u00a0desde \u00a0por \u00a0lo \u00a0menos \u00a0diciembre \u00a0del \u00a02013 \u00a0hasta marzo del 2014, Erney Narciso \u00a0Ar\u00e9valo \u00a0Portilla \u00a0era \u00a0miembro de una organizaci\u00f3n de tr\u00e1fico de narc\u00f3ticos \u00a0(DTO) \u00a0que \u00a0transportaba \u00a0cientos \u00a0de \u00a0kilogramos \u00a0de \u00a0coca\u00edna desde Colombia a \u00a0trav\u00e9s \u00a0de \u00a0pa\u00edses \u00a0en \u00a0Centroam\u00e9rica utilizando peque\u00f1as aeronaves, para su \u00a0distribuci\u00f3n \u00a0final en los Estados Unidos. Ar\u00e9valo Portilla particip\u00f3 en esta \u00a0actividad \u00a0 de \u00a0 tr\u00e1fico \u00a0de \u00a0narc\u00f3ticos \u00a0con \u00a0representantes \u00a0del \u00a0cartel \u00a0de \u00a0narc\u00f3ticos \u00a0de \u00a0Sinaloa \u00a0(el \u00a0\u201cCartel\u201d) \u00a0que \u00a0operaba \u00a0en \u00a0Colombia. \u00a0Entre \u00a0diciembre \u00a0del \u00a02013 \u00a0y \u00a0marzo del 2014, Ar\u00e9valo Portilla ayud\u00f3 a organizar, a \u00a0trav\u00e9s \u00a0de \u00a0peque\u00f1as \u00a0aeronaves, \u00a0el \u00a0transporte \u00a0de \u00a0cientos de kilogramos de \u00a0coca\u00edna \u00a0desde \u00a0Colombia \u00a0por \u00a0pa\u00edses de Centroam\u00e9rica para su importaci\u00f3n a \u00a0los \u00a0Estados \u00a0Unidos. \u00a0Espec\u00edficamente, \u00a0Ar\u00e9valo \u00a0Portilla \u00a0ayud\u00f3 a localizar \u00a0pistas \u00a0de \u00a0aterrizaje \u00a0clandestinas \u00a0en \u00a0Colombia \u00a0para \u00a0que \u00a0las aeronaves las \u00a0utilizaran; \u00a0hizo \u00a0los \u00a0arreglos \u00a0para \u00a0el \u00a0transporte \u00a0de la coca\u00edna desde las \u00a0fuentes \u00a0de \u00a0suministro \u00a0en \u00a0Colombia \u00a0hacia las pistas de aterrizaje y ayud\u00f3 a \u00a0pagar \u00a0sobornos \u00a0a \u00a0oficiales \u00a0locales \u00a0y\/o \u00a0a \u00a0representantes \u00a0de la milicia en \u00a0Colombia \u00a0para \u00a0asegurarse \u00a0de \u00a0que \u00a0la coca\u00edna de las fuentes de suministro de \u00a0Colombia \u00a0pudiera \u00a0ser \u00a0llevada \u00a0a \u00a0las \u00a0pistas \u00a0de \u00a0aterrizaje y cargada en las \u00a0aeronaves. \u00a0 El \u00a030 \u00a0de \u00a0enero \u00a0de \u00a02014, \u00a0autoridades \u00a0de \u00a0Colombia \u00a0obtuvieron \u00a0autorizaci\u00f3n \u00a0judicial para realizar una requisa de un lugar cerca de una pista \u00a0de \u00a0aterrizaje \u00a0en \u00a0Ipiales, Colombia. La requisa result\u00f3 en la incautaci\u00f3n de \u00a0m\u00e1s \u00a0de 400 kilogramos de coca\u00edna, distintas armas y una aeronave tipo Cessna. \u00a0La \u00a0investigaci\u00f3n \u00a0revel\u00f3 \u00a0que \u00a0Ar\u00e9valo \u00a0Portilla fue el responsable\u00a0 de \u00a0ayudar \u00a0a \u00a0identificar \u00a0esa \u00a0pista de aterrizaje y de hacer los arreglos para el \u00a0despacho de la coca\u00edna incautada por las autoridades de Colombia. \u00a0\u00a0<\/p>\n<p>Y, \u00a0los \u00a0cargos \u00a0que \u00a0se \u00a0le \u00a0formularon \u00a0a \u00a0Erney \u00a0 \u00a0Narciso \u00a0 \u00a0Ar\u00e9valo \u00a0 \u00a0Portilla \u00a0en \u00a0la acusaci\u00f3n, se concretaron de la \u00a0siguiente manera: \u00a0\u00a0<\/p>\n<p>CARGO UNO \u00a0<\/p>\n<p>El Gran Jurado acusa: \u00a0<\/p>\n<p>1. \u00a0en \u00a0el \u00a0a\u00f1o \u00a02010 \u00a0o alrededor de esa \u00a0fecha, \u00a0ERNEY \u00a0AR\u00c9VALO PORTILLA, alias \u00abErney\u00bb,\u00a0 alias \u00abMatteo\u00bb, alias \u00a0\u00abEl \u00a0 Enano\u00bb, \u00a0 el \u00a0acusado, \u00a0y \u00a0otros \u00a0conocidos \u00a0y \u00a0desconocidos, \u00a0il\u00edcita, \u00a0intencionalmente \u00a0 y \u00a0 a \u00a0sabiendas \u00a0se \u00a0unieron, \u00a0conspiraron, \u00a0confabularon \u00a0y \u00a0acordaron \u00a0juntos los unos con los otros para violar las leyes sobre narc\u00f3ticos \u00a0de los Estados Unidos. \u00a0\u00a0<\/p>\n<p>2. Fue parte y objetivo del concierto para \u00a0delinquir \u00a0que ERNEY AR\u00c9VALO PORTILLA, alias \u00abErney\u00bb,\u00a0 alias \u00abMatteo\u00bb, \u00a0alias \u00a0\u00abEl \u00a0Enano\u00bb, \u00a0el acusado, y otros conocidos y desconocidos, mientras se \u00a0encontraban \u00a0fuera \u00a0de \u00a0la \u00a0jurisdicci\u00f3n \u00a0territorial \u00a0de \u00a0los \u00a0Estados Unidos, \u00a0fabricaran \u00a0y \u00a0distribuyeran y de hecho fabricaron y distribuyeron una sustancia \u00a0controlada, \u00a0sabiendo \u00a0y con la intenci\u00f3n de que tal sustancia ser\u00eda importada \u00a0il\u00edcitamente \u00a0a \u00a0los \u00a0Estados \u00a0Unidos \u00a0y \u00a0a aguas dentro de una distancia de 12 \u00a0millas \u00a0de \u00a0la \u00a0costa de los Estados Unidos, en violaci\u00f3n de las Secciones 812, \u00a0959(a) \u00a0 y \u00a0(c), \u00a0y \u00a0960 \u00a0(a)(3) \u00a0del \u00a0T\u00edtulo \u00a021 \u00a0del \u00a0C\u00f3digo \u00a0delos \u00a0Estados \u00a0Unidos. \u00a0\u00a0<\/p>\n<p>3. \u00a0Fue \u00a0parte \u00a0y \u00a0objetivo \u00a0adicional del \u00a0concierto \u00a0para \u00a0delinquir \u00a0que \u00a0ERNEY AR\u00c9VALO PORTILLA, alias \u00abErney\u00bb,\u00a0 \u00a0alias \u00a0 \u00abMatteo\u00bb, \u00a0alias \u00a0\u00abEl \u00a0Enano\u00bb, \u00a0el \u00a0acusado, \u00a0y \u00a0otros \u00a0conocidos \u00a0y \u00a0desconocidos, \u00a0traer\u00edan \u00a0y \u00a0poseer\u00edan \u00a0y de hecho trajeron y poseyeron\u00a0 a \u00a0bordo \u00a0de \u00a0una \u00a0aeronave \u00a0que \u00a0aterriz\u00f3 \u00a0en \u00a0los \u00a0Estados \u00a0Unidos \u00a0y dentro del \u00a0Territorio \u00a0de \u00a0aduanas \u00a0de \u00a0los \u00a0Estados \u00a0Unidos, \u00a0una \u00a0sustancia controlada de \u00a0categor\u00eda \u00a0I \u00a0o categor\u00eda II, la cual no formaba parte de la carga indicada en \u00a0el \u00a0manifiesto \u00a0ni \u00a0era \u00a0parte \u00a0de \u00a0los suministros oficiales de la aeronave, en \u00a0violaci\u00f3n \u00a0de las Secciones 812, 955 y 960 (a)(2) del T\u00edtulo 21 del C\u00f3digo de \u00a0los Estados Unidos. \u00a0\u00a0<\/p>\n<p>4. \u00a0La \u00a0sustancia \u00a0controlada \u00a0que \u00a0ERNEY \u00a0AR\u00c9VALO \u00a0PORTILLA, alias \u00abErney\u00bb,\u00a0 alias \u00abMatteo\u00bb, alias \u00abEl Enano\u00bb, \u00a0el \u00a0acusado, conspir\u00f3 a manufacturar y distribuir, sabiendo y con la intenci\u00f3n \u00a0de \u00a0que \u00a0tal \u00a0sustancia \u00a0ser\u00eda \u00a0importada \u00a0a \u00a0los Estados Unidos, y conspir\u00f3 a \u00a0poseer \u00a0y \u00a0traer \u00a0a \u00a0bordo de una aeronave dirigida a los Estados Unidos, fue un \u00a0kilogramo \u00a0o m\u00e1s de mezclas y sustancias que conten\u00edan una cantidad detectable \u00a0de \u00a0hero\u00edna, \u00a0en \u00a0violaci\u00f3n \u00a0de \u00a0la \u00a0Secci\u00f3n \u00a0960(b)(1)(A) del T\u00edtulo 21 del \u00a0C\u00f3digo de los Estados Unidos. \u00a0\u00a0<\/p>\n<p>Actos manifiestos \u00a0<\/p>\n<p>5. \u00a0Con \u00a0el \u00a0fin de fomentar tal concierto \u00a0para \u00a0delinquir \u00a0y \u00a0para \u00a0llevar \u00a0a \u00a0cabo \u00a0los objetivos il\u00edcitos del mismo, se \u00a0cometieron, entre otros, los siguientes actos manifiestos: \u00a0\u00a0<\/p>\n<p>a. El 21 de mayo de 2010 o alrededor de esa \u00a0fecha, \u00a0ERNEY \u00a0AR\u00c9VALO PORTILLA, alias \u00abErney\u00bb,\u00a0 alias \u00abMatteo\u00bb, alias \u00a0\u00abEl \u00a0Enano\u00bb, \u00a0el \u00a0acusado, \u00a0y \u00a0un \u00a0co\u2013conspirador \u00a0no \u00a0mencionado \u00a0como \u00a0acusado aqu\u00ed (\u201cCC\u20131\u201d), \u00a0 \u00a0participaron \u00a0 \u00a0en \u00a0 \u00a0una \u00a0conversaci\u00f3n \u00a0telef\u00f3nica \u00a0durante \u00a0la \u00a0cual \u00a0hablaron \u00a0de \u00a0que \u00a0no \u00a0se hab\u00edan \u00a0comunicado \u00a0 \u00a0 \u00a0con \u00a0 \u00a0 otro \u00a0 \u00a0 co\u2013conspirador \u00a0no \u00a0mencionado \u00a0como \u00a0acusado aqu\u00ed (\u201cCC\u20132\u201d), \u00a0quien \u00a0estaba \u00a0sirviendo \u00a0de \u00a0mensajero \u00a0de \u00a0drogas \u00a0y estaba supuesto a haber llegado a Newark, Nueva Jersey, \u00a0al \u00a0tiempo \u00a0de \u00a0la \u00a0conversaci\u00f3n \u00a0telef\u00f3nica, \u00a0y en lo sucesivo viajar a Nueva \u00a0York. \u00a0\u00a0<\/p>\n<p>(Secci\u00f3n 963 del T\u00edtulo 21 del C\u00f3digo de \u00a0los \u00a0Estados \u00a0Unidos, \u00a0Secciones \u00a02 \u00a0y \u00a03238 \u00a0del \u00a0T\u00edtulo 18 del C\u00f3digo de los \u00a0Estados Unidos) \u00a0\u00a0<\/p>\n<p>CARGO DOS \u00a0<\/p>\n<p>El Gran Jurado adem\u00e1s acusa: \u00a0<\/p>\n<p>6. Por lo menos desde diciembre de 2013, o \u00a0alrededor \u00a0de \u00a0esa \u00a0fecha, \u00a0hasta, \u00a0e \u00a0incluyendo, \u00a0el 7 de abril de 2014, ERNEY \u00a0AR\u00c9VALO \u00a0PORTILLA, alias \u00abErney\u00bb,\u00a0 alias \u00abMatteo\u00bb, alias \u00abEl Enano\u00bb, \u00a0el \u00a0acusado, \u00a0y \u00a0otros \u00a0conocidos y desconocidos, il\u00edcita, intencionalmente y a \u00a0sabiendas \u00a0se unieron, conspiraron, confabularon y acordaron juntos los unos con \u00a0los \u00a0 otros \u00a0 para \u00a0 violar \u00a0 las \u00a0 leyes \u00a0 sobre \u00a0narc\u00f3ticos \u00a0de \u00a0los \u00a0Estados \u00a0Unidos. \u00a0\u00a0<\/p>\n<p>7. Fue parte y objetivo del concierto para \u00a0delinquir \u00a0que ERNEY AR\u00c9VALO PORTILLA, alias \u00abErney\u00bb,\u00a0 alias \u00abMatteo\u00bb, \u00a0alias \u00a0\u00abEl \u00a0Enano\u00bb, \u00a0el acusado, y otros conocidos y desconocidos, mientras se \u00a0encontraban \u00a0fuera \u00a0de \u00a0la \u00a0jurisdicci\u00f3n \u00a0territorial \u00a0de \u00a0los \u00a0Estados Unidos, \u00a0fabricaran \u00a0y \u00a0distribuyeran y de hecho fabricaron y distribuyeron una sustancia \u00a0controlada, \u00a0sabiendo \u00a0y con la intenci\u00f3n de que tal sustancia ser\u00eda importada \u00a0il\u00edcitamente \u00a0a \u00a0los \u00a0Estados \u00a0Unidos \u00a0y \u00a0a aguas dentro de una distancia de 12 \u00a0millas \u00a0de \u00a0la \u00a0costa de los Estados Unidos, en violaci\u00f3n de las Secciones 812, \u00a0959(a) \u00a0 y \u00a0(c), \u00a0y \u00a0960 \u00a0(a)(3) \u00a0del \u00a0T\u00edtulo \u00a021 \u00a0del \u00a0C\u00f3digo \u00a0delos \u00a0Estados \u00a0Unidos. \u00a0\u00a0<\/p>\n<p>8. \u00a0La \u00a0sustancia \u00a0controlada \u00a0que \u00a0ERNEY \u00a0AR\u00c9VALO \u00a0PORTILLA, alias \u00abErney\u00bb,\u00a0 alias \u00abMatteo\u00bb, alias \u00abEl Enano\u00bb, \u00a0el \u00a0acusado, conspir\u00f3 a manufacturar y distribuir, sabiendo y con la intenci\u00f3n \u00a0de \u00a0que \u00a0tal \u00a0sustancia \u00a0ser\u00eda \u00a0importada \u00a0a \u00a0los Estados Unidos, y conspir\u00f3 a \u00a0poseer \u00a0y traer a bordo de una aeronave dirigida a los Estados Unidos, fue cinco \u00a0kilogramos \u00a0 y \u00a0m\u00e1s \u00a0de \u00a0mezclas \u00a0y \u00a0sustancias \u00a0que \u00a0conten\u00edan \u00a0una \u00a0cantidad \u00a0detectable \u00a0de \u00a0coca\u00edna, \u00a0en violaci\u00f3n de la Secci\u00f3n 960(b)(1)(B) del T\u00edtulo \u00a021 del C\u00f3digo de los Estados Unidos. \u00a0\u00a0<\/p>\n<p>Acto manifiesto \u00a0<\/p>\n<p>9. \u00a0Con \u00a0el \u00a0fin de fomentar tal concierto \u00a0para \u00a0delinquir \u00a0y \u00a0para \u00a0llevar \u00a0a \u00a0cabo \u00a0el \u00a0objetivo \u00a0il\u00edcito \u00a0del mismo, se \u00a0cometieron, entre otros, el siguiente acto manifiesto: \u00a0\u00a0<\/p>\n<p>a. En diciembre de 2013 o alrededor de esa \u00a0fecha, \u00a0ERNEY \u00a0AR\u00c9VALO PORTILLA, alias \u00abErney\u00bb,\u00a0 alias \u00abMatteo\u00bb, alias \u00a0\u00abEl \u00a0Enano\u00bb, \u00a0el \u00a0acusado, \u00a0se \u00a0reuni\u00f3 \u00a0con \u00a0un \u00a0conspirador no nombrado como \u00a0acusado \u00a0 en \u00a0 el \u00a0 presente \u00a0 (\u201cCC\u20133\u201d) \u00a0para vigilar una pista de aterrizaje en Colombia para usarla \u00a0en \u00a0el \u00a0transporte \u00a0a\u00e9reo \u00a0de \u00a0coca\u00edna \u00a0con \u00a0la intenci\u00f3n de importarla a los \u00a0Estados Unidos. \u00a0\u00a0<\/p>\n<p>(Secci\u00f3n 963 del T\u00edtulo 21 del C\u00f3digo de \u00a0los \u00a0Estados \u00a0Unidos, \u00a0Secciones \u00a02 \u00a0y \u00a03238 \u00a0del \u00a0T\u00edtulo 18 del C\u00f3digo de los \u00a0Estados Unidos). \u00a0\u00a0<\/p>\n<p>5.2. La Secci\u00f3n 2 \u00a0del \u00a0T\u00edtulo \u00a018 \u00a0del \u00a0C\u00f3digo \u00a0de \u00a0los \u00a0Estados Unidos, precept\u00faa: \u00a0\u00a0<\/p>\n<p>Principales, Auxiliar e Incitar \u00a0<\/p>\n<p>(a) El que comete un delito en contra de \u00a0los \u00a0Estados \u00a0Unidos \u00a0o \u00a0ayuda, \u00a0es \u00a0c\u00f3mplice \u00a0de, \u00a0aconseja, \u00a0manda, induce, o \u00a0(sic) obtiene su comisi\u00f3n, \u00a0es sancionado como principal. \u00a0\u00a0<\/p>\n<p>(b) El que adrede causa la realizaci\u00f3n de \u00a0un \u00a0acto, \u00a0que,\u00a0 \u00a0el \u00a0cual, si fuera directamente realizado por \u00e9l mismo o \u00a0por \u00a0 otro \u00a0ser\u00eda \u00a0delito \u00a0en \u00a0contra \u00a0de \u00a0los \u00a0EE. \u00a0UU., \u00a0es \u00a0sancionado \u00a0como \u00a0principal. \u00a0\u00a0<\/p>\n<p>A \u00a0su \u00a0vez, La secci\u00f3n 3238 del T\u00edtulo 18 \u00a0del C\u00f3digo de los Estados Unidos\u00a0 consagra: \u00a0\u00a0<\/p>\n<p>Delitos \u00a0 cometidos \u00a0 fuera \u00a0 de \u00a0 todo \u00a0distrito \u00a0\u00a0<\/p>\n<p>El \u00a0enjuiciamiento \u00a0de \u00a0todos \u00a0los delitos \u00a0comenzados \u00a0o \u00a0cometidos \u00a0en \u00a0alta \u00a0mar, \u00a0o \u00a0en cualquier otro lugar fuera de la \u00a0jurisdicci\u00f3n \u00a0de \u00a0cualquier \u00a0estado o distrito en particular, ser\u00e1 el distrito \u00a0en \u00a0el \u00a0cual el acusado, o cualquiera de dos o m\u00e1s co-acusados, sea arrestado o \u00a0capturado; \u00a0pero \u00a0si \u00a0tal \u00a0acusado \u00a0o acusados no son arrestados o presentados a \u00a0cualquier \u00a0distrito, \u00a0una acusaci\u00f3n u hoja de informaci\u00f3n puede ser presentada \u00a0en \u00a0el distrito de la \u00faltima residencia conocida del acusado o de cualquiera de \u00a0dos \u00a0o \u00a0m\u00e1s co-acusados, o si no se conoce tal residencia, la acusaci\u00f3n u hoja \u00a0de \u00a0informaci\u00f3n \u00a0puede \u00a0ser \u00a0presentada en el Distrito de Columbia. \u2019\u2019 \u00a0\u00a0<\/p>\n<p>Delitos sin la pena de muerte \u00a0<\/p>\n<p>A menos de que sea expresamente estipulado \u00a0por \u00a0la \u00a0ley, ninguna persona ser\u00e1 procesada, juzgada o castigada por un delito \u00a0no \u00a0conminado \u00a0con \u00a0la pena de muerte a menos que la acusaci\u00f3n sea dictada o el \u00a0informe \u00a0sea \u00a0presentado dentro de los cinco a\u00f1os siguientes a la perpetraci\u00f3n \u00a0de tal delito. \u00a0\u00a0<\/p>\n<p>La \u00a0Secci\u00f3n 812 del T\u00edtulo 21 del C\u00f3digo \u00a0de los Estados Unidos, expresa: \u00a0\u00a0<\/p>\n<p>Listas \u00a0 de \u00a0 Sustancias \u00a0 controladas. \u00a0\u00a0<\/p>\n<p>(a) Establecimiento. \u00a0<\/p>\n<p>Hay cinco listas establecidas de sustancias \u00a0controladas, \u00a0a \u00a0conocerse \u00a0como \u00a0las \u00a0listas \u00a0I, \u00a0II, III, IV y V. Tales listas \u00a0consistir\u00e1n \u00a0inicialmente \u00a0en \u00a0las sustancias que figuran en esta secci\u00f3n. Las \u00a0listas \u00a0establecidas \u00a0por \u00a0esta secci\u00f3n se actualizar\u00e1n y volver\u00e1n a publicar \u00a0semestralmente \u00a0durante el periodo de dos a\u00f1os a partir de un a\u00f1o despu\u00e9s del \u00a027 \u00a0de \u00a0octubre \u00a0de 1970, y se actualizar\u00e1 y volver\u00e1n a publicar anualmente en \u00a0lo sucesivo. \u00a0\u00a0<\/p>\n<p>Tabla I \u00a0<\/p>\n<p>(b) A menos que haya sido espec\u00edficamente \u00a0exceptuado \u00a0o \u00a0a \u00a0menos \u00a0que se encuentre enumerada en otra tabla, cualquiera de \u00a0las \u00a0siguientes \u00a0sustancias \u00a0alucin\u00f3genas, \u00a0o la que contenga cualquiera de sus \u00a0sales, \u00a0sus is\u00f3meros y las sales de sus is\u00f3meros siempre y cuando la exigencia \u00a0de \u00a0tales \u00a0sales, \u00a0is\u00f3meros \u00a0y \u00a0sales \u00a0de \u00a0is\u00f3meros \u00a0sea \u00a0posible dentro de la \u00a0designaci\u00f3n qu\u00edmica especifica: \u00a0\u00a0<\/p>\n<p>(10) Hero\u00edna \u00a0<\/p>\n<p>Lista II \u00a0<\/p>\n<p>\u00a0 \u00a0 \u00a0<\/p>\n<p>a. A menos que \u00a0se \u00a0except\u00fae \u00a0espec\u00edficamente, \u00a0o a menos que figure en otra lista, cualquiera \u00a0de \u00a0las sustancias siguientes, sean producidas directamente o indirectamente por \u00a0extracci\u00f3n \u00a0a \u00a0sustancias \u00a0de origen vegetal, o independientemente por medio de \u00a0s\u00edntesis \u00a0 qu\u00edmica, \u00a0 o \u00a0por \u00a0una \u00a0combinaci\u00f3n \u00a0de \u00a0extracci\u00f3n \u00a0y \u00a0s\u00edntesis \u00a0qu\u00edmica; \u00a0 \u00a0\u00a0<\/p>\n<p>(4) \u00a0hojas \u00a0de coca, salvo hojas de coca y \u00a0extractos \u00a0de \u00a0hojas \u00a0de \u00a0coca \u00a0de \u00a0las \u00a0que \u00a0coca\u00edna, \u00a0ecgonina y derivados de \u00a0ecgonina \u00a0o \u00a0sus sales se han extra\u00eddo; coca\u00edna, sus sales, is\u00f3meros \u00f3pticos \u00a0y \u00a0geom\u00e9tricos \u00a0y \u00a0sales \u00a0de \u00a0is\u00f3meros;\u2026 \u00a0o \u00a0cualquier \u00a0compuesto, \u00a0mezcla o \u00a0preparaci\u00f3n \u00a0que \u00a0contenga cualquier cantidad de cualquiera de las sustancias a \u00a0las que hace referencia este p\u00e1rrafo. \u00a0\u00a0<\/p>\n<p>La \u00a0Secci\u00f3n 955 del T\u00edtulo 21 del C\u00f3digo \u00a0de los Estados Unidos, se\u00f1ala: \u00a0\u00a0<\/p>\n<p>Posesi\u00f3n \u00a0a bordo de embarcaciones, etc., \u00a0llegando o partiendo de Estados Unidos \u00a0\u00a0<\/p>\n<p>Ser\u00e1 \u00a0il\u00edcito \u00a0para \u00a0cualquier \u00a0persona \u00a0llevar \u00a0o \u00a0poseer \u00a0a \u00a0bordo \u00a0de \u00a0una \u00a0embarcaci\u00f3n \u00a0o \u00a0aeronave, o a bordo de un \u00a0veh\u00edculo \u00a0de \u00a0una \u00a0transportista, que llegue o parta de los Estados Unidos o el \u00a0territorio \u00a0de aduana de los Estados Unidos, una sustancia controlada categor\u00eda \u00a0I \u00a0o \u00a0II o una droga narc\u00f3tica categor\u00eda III o IV, a menos que tal sustancia o \u00a0droga \u00a0sea \u00a0parte \u00a0de \u00a0la \u00a0carga \u00a0indicada \u00a0en \u00a0el \u00a0manifiesto \u00a0o \u00a0parte \u00a0de los \u00a0suministros \u00a0oficiales \u00a0de \u00a0la \u00a0embarcaci\u00f3n, \u00a0aeronave \u00a0o veh\u00edculo. \u00a0\u00a0<\/p>\n<p>El \u00a0T\u00edtulo 21, Secci\u00f3n 959 del C\u00f3digo de \u00a0los Estados Unidos precept\u00faa: \u00a0\u00a0<\/p>\n<p>(a) Fabricaci\u00f3n o distribuci\u00f3n con fines \u00a0de \u00a0importaci\u00f3n \u00a0il\u00edcita. \u00a0Ser\u00e1 \u00a0ilegal \u00a0que \u00a0cualquier \u00a0persona \u00a0fabrique \u00a0o \u00a0distribuya \u00a0una sustancia controlada de la\u00a0 Tabla \u00a0I o II o flunitrazepam o qu\u00edmico listado &#8211; \u00a0\u00a0<\/p>\n<p>(1) \u00a0 Con \u00a0la \u00a0intenci\u00f3n \u00a0de \u00a0que \u00a0esa \u00a0sustancia \u00a0o \u00a0ese \u00a0qu\u00edmico sea importado il\u00edcitamente \u00a0a \u00a0los Estados Unidos o a las aguas dentro de las 12 \u00a0millas \u00a0de \u00a0la \u00a0costa \u00a0de \u00a0los \u00a0Estados \u00a0Unidos;\u00a0 \u00a0o \u00a0\u00a0<\/p>\n<p>(2) Con conocimiento de que esa sustancia o \u00a0ese \u00a0qu\u00edmico \u00a0ser\u00e1 \u00a0importado \u00a0il\u00edcitamente \u00a0a los \u00a0Estados \u00a0Unidos \u00a0o \u00a0a \u00a0las \u00a0aguas \u00a0dentro \u00a0de \u00a0las \u00a012 \u00a0millas \u00a0de \u00a0la \u00a0costa de \u00a0los \u00a0 \u00a0 \u00a0 \u00a0 Estados \u00a0 \u00a0 \u00a0 \u00a0 Unidos\u201d. \u00a0\u00a0<\/p>\n<p>(b) \u00a0 \u00a0Posesi\u00f3n, \u00a0 \u00a0fabricaci\u00f3n, \u00a0 o \u00a0distribuci\u00f3n por persona a bordo de una aeronave. \u00a0\u00a0<\/p>\n<p>Ser\u00e1 \u00a0il\u00edcito \u00a0para \u00a0cualquier ciudadano \u00a0estadounidense \u00a0a \u00a0bordo \u00a0de \u00a0cualquier aeronave, o cualquier persona a bordo de \u00a0una \u00a0aeronave \u00a0perteneciendo \u00a0a \u00a0un ciudadano estadounidense o registrado en los \u00a0Estados Unidos, el \u2013 \u00a0\u00a0<\/p>\n<p>(1) \u00a0fabricar \u00a0o \u00a0distribuir una sustancia \u00a0controlada o qu\u00edmico listado; o \u00a0\u00a0<\/p>\n<p>(2) \u00a0poseer \u00a0una \u00a0sustancia \u00a0controlada \u00a0o \u00a0qu\u00edmico listado con la intenci\u00f3n de distribuirlo. \u00a0\u00a0<\/p>\n<p>(c) \u00a0Actos realizados fuera del territorio \u00a0de los Estados Unidos; competencia territorial \u00a0\u00a0<\/p>\n<p>Esta \u00a0secci\u00f3n est\u00e1 pensada para extender \u00a0la \u00a0competencia \u00a0a \u00a0actos \u00a0de \u00a0fabricaci\u00f3n \u00a0o distribuci\u00f3n cometidos fuera del \u00a0territorio \u00a0de \u00a0los \u00a0Estados Unidos. Cualquier persona que viole a esta secci\u00f3n \u00a0ser\u00e1 \u00a0 juzgada \u00a0 en \u00a0el \u00a0tribunal \u00a0de \u00a0distrito de los Estados Unidos competente para el punto de entrada \u00a0en \u00a0donde esa persona ingrese a los Estados Unidos, o en el Tribunal de Distrito \u00a0para el Distrito de Columbia. \u00a0\u00a0<\/p>\n<p>La \u00a0Secci\u00f3n 960 del T\u00edtulo 21 del C\u00f3digo \u00a0de los Estados Unidos, dispone: \u00a0\u00a0<\/p>\n<p>(a) Actos il\u00edcitos \u00a0<\/p>\n<p>El \u00a0 \u00a0 \u00a0 que \u00a0 \u00a0 \u00a0 \u2013 \u00a0\u00a0<\/p>\n<p>(2) \u00a0en \u00a0violaci\u00f3n \u00a0de la Secci\u00f3n 955 de \u00a0este \u00a0t\u00edtulo, \u00a0con \u00a0conocimiento o intencionalmente lleve o posea una sustancia \u00a0controlada a bordo de una nave, aeronave o veh\u00edculo, o \u00a0\u00a0<\/p>\n<p>(3) \u00a0en \u00a0violaci\u00f3n \u00a0de la Secci\u00f3n 959 de \u00a0este \u00a0t\u00edtulo, \u00a0fabrique, \u00a0posea \u00a0con \u00a0intenci\u00f3n \u00a0de \u00a0distribuir, \u00a0o distribuya \u00a0sustancia controlada, \u00a0\u00a0<\/p>\n<p>\u2026ser\u00e1 \u00a0castigado \u00a0de \u00a0acuerdo \u00a0con \u00a0lo \u00a0previsto en la subsecci\u00f3n (b) de esta secci\u00f3n. \u00a0\u00a0<\/p>\n<p>\u00a0 \u00a0 \u00a0<\/p>\n<p>a. Las \u00a0penas \u00a0 \u00a0\u00a0<\/p>\n<p>\u00a0 \u00a0\u00a0<\/p>\n<p>1. En caso de \u00a0una \u00a0 violaci\u00f3n \u00a0de \u00a0la \u00a0sub-secci\u00f3n \u00a0(a) \u00a0de \u00a0esta \u00a0secci\u00f3n, \u00a0que \u00a0trata \u00a0de \u00a0 \u00a0\u00a0<\/p>\n<p>(A) \u00a01 \u00a0kilogramo \u00a0o \u00a0m\u00e1s de una mezcla o \u00a0sustancia que contenga una cantidad perceptible de hero\u00edna; \u00a0\u00a0<\/p>\n<p>(B) \u00a05 \u00a0kilogramos \u00a0o m\u00e1s de una mezcla o \u00a0sustancia que contenga una cantidad perceptible de \u00a0\u00a0<\/p>\n<p>(ii) \u00a0coca\u00edna, \u00a0sus \u00a0sales, sus is\u00f3meros \u00a0\u00f3pticos y geom\u00e9tricos, y las sales de los is\u00f3meros; \u00a0\u00a0<\/p>\n<p>El \u00a0que \u00a0cometa \u00a0tal \u00a0violaci\u00f3n de la ley \u00a0ser\u00e1 \u00a0castigado \u00a0con \u00a0la \u00a0pena \u00a0de \u00a0prisi\u00f3n por un t\u00e9rmino de cuando menos 10 \u00a0a\u00f1os \u00a0y \u00a0no mayor que la cadena perpetua\u2026con una multa que no deber\u00e1 exceder \u00a0de \u00a0 \u00a0 lo \u00a0 \u00a0 autorizado \u00a0 \u00a0en \u00a0 \u00a0el \u00a0 \u00a0T\u00edtulo \u00a0 \u00a018, \u00a0 \u00a0o \u00a0 \u00a0US$10\u2019000.000 \u00a0si \u00a0el reo es individuo\u2026 o \u00a0con \u00a0 ambas \u00a0penas \u00a0\u2026 \u00a0cualquier \u00a0sentencia \u00a0impuesta \u00a0bajo \u00a0este \u00a0p\u00e1rrafo\u2026 \u00a0incluir\u00e1 \u00a0un \u00a0t\u00e9rmino \u00a0de libertas supervisada de por lo menos 5 a\u00f1os adem\u00e1s \u00a0del t\u00e9rmino de prisi\u00f3n. \u00a0\u00a0<\/p>\n<p>Y, \u00a0la \u00a0Secci\u00f3n \u00a0963, \u00a0del \u00a0T\u00edtulo 21 del \u00a0C\u00f3digo de los Estados Unidos, prev\u00e9: \u00a0\u00a0<\/p>\n<p>Tentativa \u00a0y \u00a0concierto. \u00a0El que intente o \u00a0concierte \u00a0para \u00a0cometer \u00a0cualquier \u00a0delito \u00a0definido en este subcap\u00edtulo ser\u00e1 \u00a0castigado \u00a0con las mismas penas que se prev\u00e9n para el delito cuya comisi\u00f3n era \u00a0el \u00a0 \u00a0 objetivo \u00a0 \u00a0 de \u00a0 \u00a0 la \u00a0 \u00a0 tentativa \u00a0 \u00a0 o \u00a0 \u00a0el \u00a0 \u00a0concierto. \u00a0\u00a0<\/p>\n<p>5.3. Los anteriores \u00a0cargos, \u00a0concretados \u00a0en \u00a0la conspiraci\u00f3n entre varias personas para importar a \u00a0territorio \u00a0de \u00a0los \u00a0Estados \u00a0Unidos \u00a0cantidades \u00a0perceptibles \u00a0de hero\u00edna y de \u00a0coca\u00edna, \u00a0para \u00a0distribuirla, \u00a0tienen \u00a0su \u00a0correspondencia \u00a0en el C\u00f3digo Penal \u00a0colombiano, \u00a0espec\u00edficamente \u00a0en \u00a0el \u00a0art\u00edculo 340, inciso 2\u00ba, modificado por \u00a0los \u00a0art\u00edculos \u00a08\u00ba \u00a0de la Ley 733 de 2002, 14 de la Ley 890 de 2004 y 19 de la \u00a0Ley \u00a01121 \u00a0de 2006, preceptiva que establece una pena que hoy va de 8 a 18 a\u00f1os \u00a0de \u00a0prisi\u00f3n \u00a0y \u00a0multa que de 2.700 a 30.000 salarios m\u00ednimos legales mensuales \u00a0vigentes, \u00a0para \u00a0quien \u00a0se \u00a0concierte \u00a0para \u00a0cometer, \u00a0entre \u00a0otros, \u00a0delitos de \u00a0narcotr\u00e1fico. \u00a0\u00a0<\/p>\n<p>Del \u00a0mismo \u00a0modo, \u00a0tanto \u00a0conspirar \u00a0como \u00a0concertar \u00a0envuelven \u00a0la \u00a0idea \u00a0de \u00a0acordar \u00a0voluntades \u00a0para adelantar precisas \u00a0actividades \u00a0y \u00a0obtener \u00a0un \u00a0fin, \u00a0el \u00a0cual \u00a0ser\u00eda, en este caso, el de cometer \u00a0delitos de tr\u00e1fico de estupefacientes. \u00a0\u00a0<\/p>\n<p>Adem\u00e1s, \u00a0los \u00a0cargos \u00a0relacionados \u00a0con la \u00a0concreta \u00a0importaci\u00f3n \u00a0de \u00a0las \u00a0sustancias vedadas al territorio de los Estados \u00a0Unidos \u00a0y \u00a0su \u00a0distribuci\u00f3n, tienen correspondencia en la legislaci\u00f3n punitiva \u00a0patria, \u00a0toda vez que el art\u00edculo 376, modificado por el art\u00edculo 11 de la Ley \u00a01453 \u00a0de \u00a02011, \u00a0tipifica \u00a0el \u00a0delito \u00a0de \u00a0tr\u00e1fico, \u00a0fabricaci\u00f3n \u00a0o \u00a0porte \u00a0de \u00a0estupefacientes, de la siguiente manera: \u00a0\u00a0<\/p>\n<p>El que sin permiso de autoridad competente, \u00a0introduzca \u00a0al \u00a0pa\u00eds, \u00a0as\u00ed \u00a0sea en tr\u00e1nsito o saque de \u00e9l, transporte, lleve \u00a0consigo, \u00a0almacene, \u00a0conserve, \u00a0elabore, \u00a0venda, \u00a0ofrezca, \u00a0adquiera, financie o \u00a0suministre \u00a0a \u00a0cualquier t\u00edtulo sustancia estupefaciente, sicotr\u00f3pica o drogas \u00a0sint\u00e9ticas \u00a0que \u00a0se \u00a0encuentren \u00a0contempladas \u00a0en \u00a0los cuadros uno, dos, tres y \u00a0cuatro \u00a0del \u00a0Convenio \u00a0de \u00a0las \u00a0Naciones Unidas sobre Sustancias Sicotr\u00f3picas,, \u00a0incurrir\u00e1 \u00a0en \u00a0prisi\u00f3n \u00a0de ciento veintiocho (128) a trescientos sesenta (360) \u00a0meses \u00a0y \u00a0multa \u00a0de mil trescientos treinta y cuatro mil (1.334) a cincuenta mil \u00a0(50.000) \u00a0 \u00a0salarios \u00a0 \u00a0m\u00ednimos \u00a0 \u00a0legales \u00a0 \u00a0mensuales \u00a0 \u00a0vigentes. \u00a0\u00a0<\/p>\n<p>6. \u00a0Habi\u00e9ndose \u00a0verificado \u00a0el \u00a0cumplimiento de todos los requisitos se\u00f1alados en el C\u00f3digo de \u00a0Procedimiento \u00a0 \u00a0Penal, \u00a0 \u00a0la \u00a0 \u00a0Corte \u00a0 \u00a0CONCEPT\u00daA \u00a0FAVORABLEMENTE \u00a0 a \u00a0 la \u00a0extradici\u00f3n \u00a0del \u00a0ciudadano \u00a0colombiano Erney Narciso Ar\u00e9valo Portilla, \u00a0cuyas \u00a0notas \u00a0civiles y condiciones personales fueron constatadas \u00a0en \u00a0el cuerpo de este pronunciamiento, conforme con la notas verbales No. 0587 y \u00a00986, \u00a0del \u00a02 \u00a0de abril y del 5 de junio de 2014, respectivamente, suscritas por \u00a0la \u00a0Embajada \u00a0de \u00a0los Estados Unidos de Am\u00e9rica, por los cargos imputados en la \u00a0acusaci\u00f3n \u00a0sustitutiva \u00a0No. S1 11 Cr. 483(JMF), proferida en la Corte Distrital \u00a0de \u00a0los \u00a0Estados \u00a0Unidos \u00a0para \u00a0el \u00a0Distrito Sur de Nueva York el 16 de abril de \u00a02014. \u00a0\u00a0<\/p>\n<p>6.1. En todo caso, \u00a0habida \u00a0cuenta \u00a0que de acuerdo con las normas punitivas de los Estados Unidos de \u00a0Am\u00e9rica \u00a0aplicables a los delitos por los que solicit\u00f3 la extradici\u00f3n prev\u00e9n \u00a0como \u00a0sanci\u00f3n \u00a0hasta \u00a0cadena \u00a0perpetua, \u00a0la \u00a0cual \u00a0est\u00e1 \u00a0prohibida en Colombia \u00a0(art\u00edculo \u00a034 \u00a0de \u00a0la \u00a0Constituci\u00f3n \u00a0Pol\u00edtica), \u00a0le \u00a0corresponde \u00a0al Gobierno \u00a0Nacional, \u00a0 en \u00a0caso \u00a0de \u00a0que \u00a0conceda \u00a0la \u00a0entrega \u00a0requerida, \u00a0condicionar \u00a0la \u00a0extradici\u00f3n \u00a0a \u00a0la \u00a0conmutaci\u00f3n \u00a0de la misma, as\u00ed como imponer las exigencias \u00a0que \u00a0considere \u00a0oportunas \u00a0para \u00a0que se observe ese precepto constitucional, y a \u00a0fin \u00a0 de \u00a0 que \u00a0 Erney \u00a0 Narciso \u00a0 Ar\u00e9valo \u00a0Portilla \u00a0no \u00a0vaya \u00a0a \u00a0ser \u00a0juzgado por un hecho anterior al que \u00a0motiva \u00a0la \u00a0extradici\u00f3n \u00a0(art\u00edculo 494 del C\u00f3digo de Procedimiento Penal), ni \u00a0sometido a tratos crueles, inhumanos o degradantes. \u00a0\u00a0<\/p>\n<p>Del \u00a0mismo \u00a0modo, \u00a0para \u00a0que a Erney \u00a0Narciso \u00a0Ar\u00e9valo \u00a0Portilla, \u00a0se le \u00a0reconozca \u00a0como \u00a0parte \u00a0cumplida \u00a0de \u00a0la \u00a0pena que se le llegare a imponer en el \u00a0pa\u00eds \u00a0requirente, \u00a0el \u00a0tiempo \u00a0que \u00a0ha \u00a0permanecido \u00a0privado de la libertad por \u00a0raz\u00f3n de este tr\u00e1mite. \u00a0\u00a0<\/p>\n<p>6.2. \u00a0Tambi\u00e9n es \u00a0preciso \u00a0advertir \u00a0que \u00a0como \u00a0la extradici\u00f3n entre Estados Unidos de Am\u00e9rica y \u00a0Colombia \u00a0se \u00a0rige, \u00a0en \u00a0ausencia de un instrumento internacional que regule los \u00a0motivos \u00a0de \u00a0procedencia, \u00a0requisitos, \u00a0tr\u00e1mite \u00a0y \u00a0condiciones, por las normas \u00a0contenidas \u00a0en \u00a0la \u00a0Constituci\u00f3n \u00a0Pol\u00edtica \u00a0(art\u00edculo \u00a035) y en el C\u00f3digo de \u00a0Procedimiento \u00a0Penal \u00a0(art\u00edculos 490 a 514 de la Ley 906 de 2004), cuando recae \u00a0sobre \u00a0 \u00a0 \u00a0ciudadanos \u00a0 \u00a0 \u00a0colombianos \u00a0 \u00a0 \u00a0por \u00a0 \u00a0 \u00a0nacimiento \u00a0 \u00a0 \u2013si \u00a0 \u00a0 \u00a0es \u00a0 \u00a0 \u00a0pasiva\u2013, es imperioso que el Gobierno Nacional \u00a0haga \u00a0las \u00a0exigencias que estime convenientes para que en el pa\u00eds reclamante se \u00a0le \u00a0reconozcan \u00a0todos \u00a0los \u00a0derechos \u00a0y \u00a0garant\u00edas \u00a0inherentes \u00a0a su calidad de \u00a0colombiano \u00a0y \u00a0de procesado, en especial las contenidas en la Carta Fundamental, \u00a0entre \u00a0ellas \u00a0la \u00a0contenida en el art\u00edculo 42, seg\u00fan la cual, la familia es el \u00a0n\u00facleo \u00a0central \u00a0de \u00a0la \u00a0sociedad, \u00a0motivo por el cual deber\u00e1 permitirse a sus \u00a0parientes mantener un contacto permanente. \u00a0\u00a0<\/p>\n<p>Asimismo, se deber\u00e1n acatar los derechos y \u00a0garant\u00edas \u00a0consagrados en el denominado bloque de constitucionalidad, es decir, \u00a0en \u00a0aquellos \u00a0convenios internacionales ratificados por Colombia que consagran y \u00a0desarrollan \u00a0derechos \u00a0humanos \u00a0(art\u00edculo \u00a093 de la Constituci\u00f3n, Declaraci\u00f3n \u00a0Universal \u00a0de Derechos Humanos, Convenci\u00f3n Americana de Derechos Humanos, Pacto \u00a0Internacional \u00a0de \u00a0Derechos \u00a0Civiles \u00a0y \u00a0Pol\u00edticos), \u00a0en \u00a0virtud \u00a0del \u00a0deber de \u00a0protecci\u00f3n \u00a0a \u00a0esos derechos que para todas las autoridades p\u00fablicas emana del \u00a0art\u00edculo 2\u00ba ib\u00eddem. \u00a0\u00a0<\/p>\n<p>Tales \u00a0condicionamientos \u00a0tienen \u00a0car\u00e1cter \u00a0imperioso, \u00a0porque \u00a0la \u00a0extradici\u00f3n \u00a0de un ciudadano colombiano por nacimiento, \u00a0cualquiera \u00a0sea \u00a0el \u00a0delito que dio lugar a su entrega a un pa\u00eds extranjero, no \u00a0implica \u00a0que \u00a0pierda \u00a0su \u00a0nacionalidad \u00a0ni \u00a0los derechos que le son anejos a tal \u00a0calidad. \u00a0Por \u00a0tanto, \u00a0el deber de protecci\u00f3n de las autoridades colombianas se \u00a0extiende \u00a0a \u00a0tal \u00a0punto, \u00a0que \u00a0han \u00a0de \u00a0vigilar que en el pa\u00eds reclamante se le \u00a0respeten \u00a0los \u00a0derechos y garant\u00edas tal como si fuese juzgado en Colombia. A lo \u00a0que \u00a0renuncia \u00a0el \u00a0Estado que accede a la entrega de un connacional es a ejercer \u00a0su \u00a0soberan\u00eda \u00a0jurisdiccional, de modo que en tanto aqu\u00e9l siga siendo s\u00fabdito \u00a0de \u00a0Colombia, conserva a su favor todas las prerrogativas, garant\u00edas y derechos \u00a0que \u00a0emanan \u00a0de \u00a0la \u00a0Constituci\u00f3n \u00a0y \u00a0la \u00a0ley, \u00a0en \u00a0particular, aquellos que se \u00a0relacionan \u00a0con \u00a0su \u00a0calidad \u00a0de \u00a0procesado y que tienen que ver con la dignidad \u00a0humana. \u00a0\u00a0<\/p>\n<p>Por \u00a0esa \u00a0raz\u00f3n, \u00a0de \u00a0conformidad \u00a0con \u00a0lo \u00a0establecido \u00a0por \u00a0el \u00a0art\u00edculo 189-2 de la Constituci\u00f3n Pol\u00edtica, al Gobierno \u00a0Nacional, \u00a0en \u00a0cabeza \u00a0del \u00a0se\u00f1or \u00a0Presidente \u00a0de \u00a0la \u00a0Rep\u00fablica \u00a0como supremo \u00a0director \u00a0de \u00a0la \u00a0pol\u00edtica \u00a0exterior \u00a0y \u00a0de \u00a0las relaciones internacionales, le \u00a0corresponde \u00a0hacer \u00a0estricto \u00a0seguimiento \u00a0del \u00a0cumplimiento por parte del pa\u00eds \u00a0requirente \u00a0de \u00a0los \u00a0condicionamientos \u00a0atr\u00e1s \u00a0referenciados y establecer, as\u00ed \u00a0mismo, las consecuencias de su inobservancia. \u00a0\u00a0<\/p>\n<p>La \u00a0Secretar\u00eda de la Sala comunicar\u00e1 este \u00a0concepto \u00a0 al \u00a0 solicitado \u00a0 Erney \u00a0Narciso \u00a0Ar\u00e9valo \u00a0Portilla, y a los dem\u00e1s intervinientes en el tr\u00e1mite \u00a0de extradici\u00f3n. \u00a0\u00a0<\/p>\n<p>Devu\u00e9lvase \u00a0el expediente al Ministerio de \u00a0Justicia y del Derecho para lo de su competencia. \u00a0\u00a0<\/p>\n<p>FERNANDO ALBERTO CASTRO CABALLERO \u00a0<\/p>\n<p>JOS\u00c9 LUIS BARCEL\u00d3 CAMACHO \u00a0<\/p>\n<p>JOS\u00c9 LEONIDAS BUSTOS MART\u00cdNEZ \u00a0<\/p>\n<p>EUGENIO FERN\u00c1NDEZ CARLIER \u00a0<\/p>\n<p>MAR\u00cdA DEL ROSARIO GONZ\u00c1LEZ MU\u00d1OZ \u00a0<\/p>\n<p>GUSTAVO ENRIQUE MALO FERN\u00c1NDEZ \u00a0<\/p>\n<p>EYDER PATI\u00d1O CABRERA \u00a0<\/p>\n<p>PATRICIA SALAZAR CU\u00c9LLAR \u00a0<\/p>\n<p>LUIS GUILLERMO SALAZAR OTERO \u00a0<\/p>\n<p>NUBIA YOLANDA NOVA GARC\u00cdA \u00a0<\/p>\n<p>Secretaria \u00a0 \u00a0<\/p>\n<p>1 \u00a0ART\u00cdCULO \u00a06 \u00a0EXTRADICI\u00d3N. (\u2026) 4. Las Partes que no supediten la extradici\u00f3n \u00a0a \u00a0la \u00a0existencia \u00a0de un tratado reconocer\u00e1n los delitos a los que se aplica el \u00a0presente \u00a0art\u00edculo \u00a0como \u00a0casos de extradici\u00f3n entre ellas. 5. La extradici\u00f3n \u00a0estar\u00e1 \u00a0sujeta \u00a0a \u00a0las \u00a0condiciones \u00a0previstas \u00a0por la legislaci\u00f3n de la Parte \u00a0requerida \u00a0o \u00a0por los tratados de extradici\u00f3n aplicables, incluidos los motivos \u00a0por los que la Parte requerida puede denegar la extradici\u00f3n. (&#8230;) \u00a0\u00a0<\/p>\n<p>2 \u00a0Carpeta, fol. 41 \u00a0 \u00a0\u00a0<\/p>\n<p><\/p>\n","protected":false},"excerpt":{"rendered":"<p>\u00a0 \u00a0 \u00a0\u00a0 CORTE SUPREMA DE JUSTICIA \u00a0 SALA DE CASACI\u00d3N PENAL \u00a0 GUSTAVO ENRIQUE MALO FERN\u00c1NDEZ \u00a0 Magistrado ponente \u00a0 CP136-2014 \u00a0 Radicaci\u00f3n n\u00b0 43965 \u00a0 Aprobado acta No. 261. \u00a0 Bogot\u00e1, D.C., trece (13) de agosto de dos mil \u00a0catorce (2014). \u00a0\u00a0 VISTOS \u00a0 Dentro \u00a0del presente tr\u00e1mite de extradici\u00f3n \u00a0que \u00a0 \u00a0se [&hellip;]<\/p>\n","protected":false},"author":1,"featured_media":0,"comment_status":"open","ping_status":"open","sticky":false,"template":"","format":"standard","meta":{"footnotes":""},"categories":[22],"tags":[],"class_list":["post-29889","post","type-post","status-publish","format-standard","hentry","category-22"],"_links":{"self":[{"href":"https:\/\/dmsjuridica.com\/buscador_20179478954\/salapenalcronologico20230723\/wp-json\/wp\/v2\/posts\/29889","targetHints":{"allow":["GET"]}}],"collection":[{"href":"https:\/\/dmsjuridica.com\/buscador_20179478954\/salapenalcronologico20230723\/wp-json\/wp\/v2\/posts"}],"about":[{"href":"https:\/\/dmsjuridica.com\/buscador_20179478954\/salapenalcronologico20230723\/wp-json\/wp\/v2\/types\/post"}],"author":[{"embeddable":true,"href":"https:\/\/dmsjuridica.com\/buscador_20179478954\/salapenalcronologico20230723\/wp-json\/wp\/v2\/users\/1"}],"replies":[{"embeddable":true,"href":"https:\/\/dmsjuridica.com\/buscador_20179478954\/salapenalcronologico20230723\/wp-json\/wp\/v2\/comments?post=29889"}],"version-history":[{"count":0,"href":"https:\/\/dmsjuridica.com\/buscador_20179478954\/salapenalcronologico20230723\/wp-json\/wp\/v2\/posts\/29889\/revisions"}],"wp:attachment":[{"href":"https:\/\/dmsjuridica.com\/buscador_20179478954\/salapenalcronologico20230723\/wp-json\/wp\/v2\/media?parent=29889"}],"wp:term":[{"taxonomy":"category","embeddable":true,"href":"https:\/\/dmsjuridica.com\/buscador_20179478954\/salapenalcronologico20230723\/wp-json\/wp\/v2\/categories?post=29889"},{"taxonomy":"post_tag","embeddable":true,"href":"https:\/\/dmsjuridica.com\/buscador_20179478954\/salapenalcronologico20230723\/wp-json\/wp\/v2\/tags?post=29889"}],"curies":[{"name":"wp","href":"https:\/\/api.w.org\/{rel}","templated":true}]}}