{"id":29632,"date":"2023-09-13T14:23:01","date_gmt":"2023-09-13T14:23:01","guid":{"rendered":"https:\/\/dmsjuridica.com\/buscador_20179478954\/salapenalcronologico20230723\/2023\/09\/13\/ap7658-201443410\/"},"modified":"2023-09-13T14:23:01","modified_gmt":"2023-09-13T14:23:01","slug":"ap7658-201443410","status":"publish","type":"post","link":"https:\/\/dmsjuridica.com\/buscador_20179478954\/salapenalcronologico20230723\/2023\/09\/13\/ap7658-201443410\/","title":{"rendered":"AP7658-2014(43410)"},"content":{"rendered":"\n<p>\u00a0 \u00a0 CORTE SUPREMA DE JUSTICIA \u00a0<\/p>\n<p>SALA DE CASACI\u00d3N PENAL \u00a0<\/p>\n<p>Eyder Pati\u00f1o Cabrera \u00a0<\/p>\n<p>Magistrado Ponente \u00a0<\/p>\n<p>AP7658-2014 \u00a0<\/p>\n<p>Radicado N\u00b0 43.410 \u00a0<\/p>\n<p>(Aprobado Acta N\u00ba 428) \u00a0<\/p>\n<p>Bogot\u00e1, D. C., diez (10) de diciembre dos mil \u00a0catorce (2014). \u00a0\u00a0<\/p>\n<p>ASUNTO \u00a0<\/p>\n<p>\u00a0\u00a0\u00a0\u00a0\u00a0\u00a0\u00a0 La \u00a0Sala \u00a0resuelve el impedimento manifestado por el Magistrado Gustavo Enrique Malo \u00a0Fern\u00e1ndez. \u00a0\u00a0<\/p>\n<p>HECHOS \u00a0<\/p>\n<p>Al \u00a0 decir \u00a0 del \u00a0 accionante1, \u00a0 \u00a0 la \u00a0investigaci\u00f3n \u00a0tuvo origen en la denuncia instaurada por Domingo Rafael Garc\u00eda \u00a0P\u00e9rez, \u00a0Contralor Municipal de Villanueva (Bol\u00edvar),\u00a0 contra Adolfo \u00a0Del \u00a0Cristo \u00a0Cajiga Botet, Director \u00a0del \u00a0Fondo \u00a0de \u00a0Vivienda \u00a0de \u00a0Inter\u00e9s \u00a0Social \u00a0y \u00a0Reforma \u00a0Urbana \u00a0de \u00a0la misma \u00a0municipalidad. \u00a0\u00a0<\/p>\n<p>Se aleg\u00f3 en esa oportunidad que al ejecutar \u00a0sumas \u00a0de \u00a0dineros p\u00fablicos entre el 19 de marzo\u00a0 de 1993 y el 15 de marzo \u00a0de \u00a01995, \u00a0se \u00a0encontr\u00f3 que los respectivos soportes contables no obraban en el \u00a0archivo de la Tesorer\u00eda Municipal ni en el del Fondo a su cargo. \u00a0\u00a0<\/p>\n<p>Por \u00a0esos \u00a0hechos \u00a0se \u00a0inici\u00f3 \u00a0proceso \u00a0de \u00a0responsabilidad \u00a0 fiscal \u00a0 en \u00a0 el \u00a0 que \u00a0 se \u00a0 estableci\u00f3 \u00a0 el \u00a0 faltante \u00a0 de \u00a0$5.570.000. \u00a0\u00a0<\/p>\n<p>ANTECEDENTES2 \u00a0\u00a0<\/p>\n<p>\u00a0 \u00a0\u00a0<\/p>\n<p>1. El \u00a019 \u00a0de \u00a0diciembre \u00a0de \u00a02000 se \u00a0profiri\u00f3 \u00a0 \u00a0resoluci\u00f3n \u00a0 \u00a0de \u00a0 \u00a0acusaci\u00f3n \u00a0 \u00a0en \u00a0 \u00a0contra \u00a0 de \u00a0 Adolfo \u00a0Del \u00a0Cristo \u00a0Cajiga \u00a0Botet \u00a0por el \u00a0delito \u00a0de \u00a0peculado \u00a0por \u00a0apropiaci\u00f3n, decisi\u00f3n \u00a0que \u00a0confirm\u00f3 la Fiscal\u00eda 2\u00aa Delegada ante el Tribunal \u00a0Superior de Cartagena el 24 de abril de 2003. \u00a0 \u00a0\u00a0<\/p>\n<p>\u00a0 \u00a0\u00a0<\/p>\n<p>1. El Juzgado 1\u00ba Penal del Circuito de \u00a0esa \u00a0misma \u00a0ciudad lo absolvi\u00f3 del cargo imputado, en sentencia proferida el 19 \u00a0de noviembre de 2008. \u00a0 \u00a0\u00a0<\/p>\n<p>\u00a0 \u00a0\u00a0<\/p>\n<p>1. Por virtud del recurso de apelaci\u00f3n \u00a0interpuesto \u00a0por \u00a0el Ministerio P\u00fablico, la Sala Penal del Tribunal Superior de \u00a0Cartagena \u00a0revoc\u00f3 \u00a0el \u00a0fallo \u00a0de instancia el 22 de septiembre de 2010, y en su \u00a0lugar \u00a0conden\u00f3 \u00a0a \u00a070 \u00a0meses \u00a0de prisi\u00f3n, al pago de multa de $400.000 y a las \u00a0accesorias \u00a0de \u00a0interdicci\u00f3n \u00a0de \u00a0derechos \u00a0y \u00a0funciones \u00a0p\u00fablicas, como autor \u00a0responsable del delito de peculado por apropiaci\u00f3n. \u00a0 \u00a0\u00a0<\/p>\n<p>\u00a0 \u00a0\u00a0<\/p>\n<p>1. Adolfo \u00a0 del \u00a0 Cristo \u00a0 Cajiga \u00a0Botet, \u00a0a \u00a0trav\u00e9s de apoderado, pretende la revisi\u00f3n \u00a0del \u00a0fallo \u00a0dictado por el Tribunal Superior del Distrito Judicial de Cartagena, \u00a0con \u00a0fundamento \u00a0en \u00a0las \u00a0causales \u00a03\u00aa y 5\u00aa del art\u00edculo 220 de la Ley 600 de \u00a02000. \u00a0 \u00a0\u00a0<\/p>\n<p>LOS \u00a0IMPEDIMENTOS \u00a0\u00a0<\/p>\n<p>\u00a0 \u00a0\u00a0<\/p>\n<p>1. El Magistrado Gustavo Enrique Malo \u00a0Fern\u00e1ndez \u00a0manifest\u00f3 \u00a0la imposibilidad para conocer de esta acci\u00f3n, por estar \u00a0incurso \u00a0en \u00a0la \u00a0causal \u00a06 \u00a0de \u00a0impedimento \u00a0del \u00a0art\u00edculo \u00a099 de la Ley 600 de \u00a02000. \u00a0 \u00a0\u00a0<\/p>\n<p>\u00a0 \u00a0\u00a0<\/p>\n<p>1. Adujo que como magistrado de la Sala \u00a0Penal \u00a0del \u00a0Tribunal \u00a0Superior \u00a0de Cartagena (Bol\u00edvar), suscribi\u00f3 la sentencia \u00a0del \u00a0 22 \u00a0 de \u00a0 septiembre \u00a0de \u00a02010 \u00a0\u2014demandada \u00a0 \u00a0 \u00a0 \u00a0por \u00a0 \u00a0 \u00a0 v\u00eda \u00a0 \u00a0 \u00a0 de \u00a0 \u00a0 \u00a0 revisi\u00f3n\u2014, \u00a0a \u00a0trav\u00e9s de la cual se revoc\u00f3 el \u00a0fallo \u00a0absolutorio que el Juzgado Penal del Circuito de esa ciudad emiti\u00f3 el 19 \u00a0de \u00a0noviembre \u00a0de \u00a02008 \u00a0a \u00a0favor \u00a0de Adolfo del Cristo \u00a0Cajiga \u00a0 Botet \u00a0 y, \u00a0 en \u00a0su \u00a0defecto, \u00a0se \u00a0imparti\u00f3 \u00a0condena3. \u00a0 \u00a0\u00a0<\/p>\n<p>CONSIDERACIONES \u00a0\u00a0<\/p>\n<p>\u00a0 \u00a0\u00a0<\/p>\n<p>1. El \u00a0art\u00edculo \u00a099 de la Ley 600 de \u00a02000 \u00a0trata \u00a0de \u00a0las \u00a0causales \u00a0de impedimento, y en su numeral 6\u00ba, entre otras \u00a0eventualidades, \u00a0 \u00a0se \u00a0 \u00a0refiere \u00a0 \u00a0su \u00a0 \u00a0concurrencia \u00a0 cuando \u00a0 \u00ab(\u2026) \u00a0el \u00a0funcionario \u00a0haya \u00a0(\u2026) \u00a0dictado \u00a0la \u00a0providencia \u00a0cuya \u00a0revisi\u00f3n se trata (\u2026)\u00bb. \u00a0\u00a0<\/p>\n<p>2. En \u00a0el expediente obra copia de la \u00a0sentencia \u00a0que \u00a0la \u00a0Sala \u00a0Penal \u00a0del \u00a0Tribunal \u00a0Superior de Cartagena (Bol\u00edvar) \u00a0profiri\u00f3 \u00a0el \u00a022 \u00a0de \u00a0septiembre de 2010, a trav\u00e9s de la cual revoc\u00f3 el fallo \u00a0absolutorio \u00a0impartido \u00a0por el Juzgado Penal del Circuito de esa ciudad el 19 de \u00a0noviembre \u00a0de \u00a02008 a favor de Adolfo del Cristo Cajiga \u00a0Botet \u00a0y, en su defecto, imparti\u00f3 condena4. \u00a0 \u00a0\u00a0<\/p>\n<p>Esa \u00a0 Sala \u00a0 la \u00a0 conform\u00f3, \u00a0entre \u00a0otros \u00a0magistrados, quien advierte del impedimento. \u00a0\u00a0<\/p>\n<p>\u00a0 \u00a0\u00a0<\/p>\n<p>1. El \u00a0cumplimiento de la prevenci\u00f3n \u00a0legal \u00a0se \u00a0evidencia \u00a0con la sentencia objeto de demanda de revisi\u00f3n, en la que \u00a0el \u00a0doctor Malo Fern\u00e1ndez particip\u00f3 en su discusi\u00f3n y de contera, suscribi\u00f3, \u00a0cuando \u00a0 ejerci\u00f3 \u00a0 como \u00a0 magistrado \u00a0 del \u00a0 Tribunal \u00a0Superior \u00a0de \u00a0Cartagena. \u00a0 \u00a0\u00a0<\/p>\n<p>\u00a0 \u00a0\u00a0<\/p>\n<p>1. Al \u00a0configurarse \u00a0la \u00a0causal \u00a0de \u00a0impedimento \u00a0invocada, \u00a0se \u00a0torna \u00a0imperiosa la aceptaci\u00f3n de lo manifestado y, \u00a0congruente, su separaci\u00f3n del conocimiento del tr\u00e1mite. \u00a0 \u00a0\u00a0<\/p>\n<p>\u00a0 \u00a0\u00a0<\/p>\n<p>1. No se hace necesario, por ahora, el \u00a0nombramiento \u00a0de \u00a0conjuez \u00a0en \u00a0raz\u00f3n \u00a0a que con los restantes magistrados de la \u00a0Sala \u00a0de \u00a0Casaci\u00f3n \u00a0Penal \u00a0se \u00a0alcanza \u00a0la \u00a0mayor\u00eda necesaria para deliberar y \u00a0decidir5. \u00a0 \u00a0\u00a0<\/p>\n<p>En \u00a0m\u00e9rito \u00a0de \u00a0lo \u00a0expuesto, \u00a0la \u00a0Sala \u00a0de \u00a0Casaci\u00f3n Penal de la Corte Suprema de Justicia, \u00a0\u00a0<\/p>\n<p>RESUELVE: \u00a0\u00a0<\/p>\n<p>Primero. ACEPTAR el \u00a0impedimento \u00a0 \u00a0expresado \u00a0 \u00a0por \u00a0 \u00a0el \u00a0 \u00a0Magistrado \u00a0 \u00a0Gustavo \u00a0 \u00a0Enrique \u00a0 Malo \u00a0Fern\u00e1ndez. \u00a0\u00a0<\/p>\n<p>Segundo. \u00a0SEPARARLO, \u00a0 \u00a0consecuentemente, \u00a0 del \u00a0conocimiento \u00a0de esta acci\u00f3n. \u00a0\u00a0<\/p>\n<p>Tercero. \u00a0Contra \u00a0 esta \u00a0 decisi\u00f3n \u00a0 no \u00a0 proceden \u00a0 \u00a0 \u00a0 \u00a0 \u00a0 \u00a0 \u00a0recursos. \u00a0\u00a0<\/p>\n<p>Comun\u00edquese \u00a0 \u00a0y \u00a0c\u00famplase. \u00a0\u00a0<\/p>\n<p>Fernando Alberto Castro Caballero \u00a0<\/p>\n<p>Jos\u00e9 Luis Barcel\u00f3 Camacho \u00a0<\/p>\n<p>Jos\u00e9 Leonidas Bustos Mart\u00ednez \u00a0<\/p>\n<p>Eugenio Fern\u00e1ndez Carlier \u00a0<\/p>\n<p>Mar\u00eda del Rosario Gonz\u00e1lez Mu\u00f1oz \u00a0<\/p>\n<p>Eyder Pati\u00f1o Cabrera \u00a0<\/p>\n<p>Patricia Salazar Cu\u00e9llar \u00a0<\/p>\n<p>Luis Guillermo Salazar Otero \u00a0<\/p>\n<p>Nubia Yolanda Nova Garc\u00eda \u00a0<\/p>\n<p>Secretaria. \u00a0 \u00a0<\/p>\n<p>1 No se \u00a0allegaron copia de las sentencias. \u00a0\u00a0<\/p>\n<p>2 \u00a0Seg\u00fan lo narrado en la demanda. \u00a0\u00a0<\/p>\n<p>3 \u00a0A \u00a0la\u00a0 \u00a0pena \u00a0principal \u00a0de \u00a070 \u00a0meses \u00a0de \u00a0prisi\u00f3n \u00a0y \u00a0al \u00a0pago \u00a0de multa de \u00a0$400.000,00, \u00a0 a \u00a0las \u00a0accesorias \u00a0de \u00a0interdicci\u00f3n \u00a0de \u00a0derechos \u00a0y \u00a0funciones \u00a0p\u00fablicas \u00a0por \u00a0t\u00e9rmino \u00a0igual \u00a0al \u00a0de \u00a0la pena principal, al encontrarlo autor \u00a0responsable \u00a0 del \u00a0delito \u00a0de \u00a0peculado \u00a0por \u00a0apropiaci\u00f3n. \u00a0Neg\u00f3 \u00a0adem\u00e1s, \u00a0el \u00a0subrogado \u00a0de \u00a0la \u00a0suspensi\u00f3n \u00a0condicional \u00a0de \u00a0la \u00a0Ejecuci\u00f3n \u00a0de la pena y la \u00a0prisi\u00f3n domiciliaria. \u00a0\u00a0<\/p>\n<p>4 \u00a0A \u00a0la\u00a0 \u00a0pena \u00a0principal \u00a0de \u00a070 \u00a0meses \u00a0de \u00a0prisi\u00f3n \u00a0y \u00a0al \u00a0pago \u00a0de multa de \u00a0$400.000,00, \u00a0 a \u00a0las \u00a0accesorias \u00a0de \u00a0interdicci\u00f3n \u00a0de \u00a0derechos \u00a0y \u00a0funciones \u00a0p\u00fablicas \u00a0por \u00a0t\u00e9rmino \u00a0igual \u00a0al \u00a0de \u00a0la pena principal, al encontrarlo autor \u00a0responsable \u00a0 del \u00a0delito \u00a0de \u00a0peculado \u00a0por \u00a0apropiaci\u00f3n. \u00a0Neg\u00f3 \u00a0adem\u00e1s, \u00a0el \u00a0subrogado \u00a0de \u00a0la \u00a0suspensi\u00f3n \u00a0condicional \u00a0de \u00a0la \u00a0Ejecuci\u00f3n \u00a0de la pena y la \u00a0prisi\u00f3n domiciliaria. \u00a0\u00a0<\/p>\n<p>5 \u00a0Art\u00edculo \u00a054 \u00a0de \u00a0la Ley Estatutaria de la Administraci\u00f3n de Justicia (Ley 270 \u00a0de \u00a01996), en concordancia con el 5\u00ba del Reglamento General de la Corte Suprema \u00a0de Justicia. \u00a0 \u00a0\u00a0<\/p>\n<p><\/p>\n","protected":false},"excerpt":{"rendered":"<p>\u00a0 \u00a0 CORTE SUPREMA DE JUSTICIA \u00a0 SALA DE CASACI\u00d3N PENAL \u00a0 Eyder Pati\u00f1o Cabrera \u00a0 Magistrado Ponente \u00a0 AP7658-2014 \u00a0 Radicado N\u00b0 43.410 \u00a0 (Aprobado Acta N\u00ba 428) \u00a0 Bogot\u00e1, D. C., diez (10) de diciembre dos mil \u00a0catorce (2014). \u00a0\u00a0 ASUNTO \u00a0 \u00a0\u00a0\u00a0\u00a0\u00a0\u00a0\u00a0 La \u00a0Sala \u00a0resuelve el impedimento manifestado por el Magistrado Gustavo [&hellip;]<\/p>\n","protected":false},"author":1,"featured_media":0,"comment_status":"open","ping_status":"open","sticky":false,"template":"","format":"standard","meta":{"footnotes":""},"categories":[22],"tags":[],"class_list":["post-29632","post","type-post","status-publish","format-standard","hentry","category-22"],"_links":{"self":[{"href":"https:\/\/dmsjuridica.com\/buscador_20179478954\/salapenalcronologico20230723\/wp-json\/wp\/v2\/posts\/29632","targetHints":{"allow":["GET"]}}],"collection":[{"href":"https:\/\/dmsjuridica.com\/buscador_20179478954\/salapenalcronologico20230723\/wp-json\/wp\/v2\/posts"}],"about":[{"href":"https:\/\/dmsjuridica.com\/buscador_20179478954\/salapenalcronologico20230723\/wp-json\/wp\/v2\/types\/post"}],"author":[{"embeddable":true,"href":"https:\/\/dmsjuridica.com\/buscador_20179478954\/salapenalcronologico20230723\/wp-json\/wp\/v2\/users\/1"}],"replies":[{"embeddable":true,"href":"https:\/\/dmsjuridica.com\/buscador_20179478954\/salapenalcronologico20230723\/wp-json\/wp\/v2\/comments?post=29632"}],"version-history":[{"count":0,"href":"https:\/\/dmsjuridica.com\/buscador_20179478954\/salapenalcronologico20230723\/wp-json\/wp\/v2\/posts\/29632\/revisions"}],"wp:attachment":[{"href":"https:\/\/dmsjuridica.com\/buscador_20179478954\/salapenalcronologico20230723\/wp-json\/wp\/v2\/media?parent=29632"}],"wp:term":[{"taxonomy":"category","embeddable":true,"href":"https:\/\/dmsjuridica.com\/buscador_20179478954\/salapenalcronologico20230723\/wp-json\/wp\/v2\/categories?post=29632"},{"taxonomy":"post_tag","embeddable":true,"href":"https:\/\/dmsjuridica.com\/buscador_20179478954\/salapenalcronologico20230723\/wp-json\/wp\/v2\/tags?post=29632"}],"curies":[{"name":"wp","href":"https:\/\/api.w.org\/{rel}","templated":true}]}}