{"id":29559,"date":"2023-09-13T14:22:19","date_gmt":"2023-09-13T14:22:19","guid":{"rendered":"https:\/\/dmsjuridica.com\/buscador_20179478954\/salapenalcronologico20230723\/2023\/09\/13\/ap7451-201443800\/"},"modified":"2023-09-13T14:22:19","modified_gmt":"2023-09-13T14:22:19","slug":"ap7451-201443800","status":"publish","type":"post","link":"https:\/\/dmsjuridica.com\/buscador_20179478954\/salapenalcronologico20230723\/2023\/09\/13\/ap7451-201443800\/","title":{"rendered":"AP7451-2014(43800)"},"content":{"rendered":"\n<p>\u00a0 \u00a0 \u00a0\u00a0<\/p>\n<p>CORTE SUPREMA DE JUSTICIA \u00a0<\/p>\n<p>SALA DE CASACI\u00d3N PENAL \u00a0<\/p>\n<p>EYDER PATI\u00d1O CABRERA \u00a0<\/p>\n<p>Magistrado \u00a0Ponente \u00a0\u00a0<\/p>\n<p>AP7451-2014 \u00a0<\/p>\n<p>Radicaci\u00f3n \u00a0 \u00a0 N\u00b0 \u00a0 \u00a0 43800 \u00a0\u00a0<\/p>\n<p>(Aprobado Acta N\u00b0 \u00a0420) \u00a0\u00a0<\/p>\n<p>Bogot\u00e1 \u00a0D.C., \u00a0tres (3) de diciembre de dos \u00a0mil catorce (2014). \u00a0\u00a0<\/p>\n<p>MOTIVO DE LA DECISI\u00d3N \u00a0<\/p>\n<p>Se \u00a0pronuncia \u00a0la \u00a0Sala \u00a0sobre el recurso de \u00a0reposici\u00f3n \u00a0interpuesto por el defensor del requerido \u00a0en \u00a0extradici\u00f3n Jorge Isaac \u00a0Rengifo \u00a0 \u00a0 Valentierra, \u00a0 \u00a0contra \u00a0 \u00a0el \u00a0 \u00a0prove\u00eddo \u00a0 \u00a0del \u00a0 \u00a024 \u00a0 \u00a0 \u00a0 \u00a0 de \u00a0 \u00a0 \u00a0 \u00a0septiembre \u00a0 \u00a0 de \u00a0 \u00a02014, \u00a0 \u00a0 a \u00a0 \u00a0trav\u00e9s \u00a0 \u00a0del cual se neg\u00f3 la pr\u00e1ctica de pruebas. \u00a0\u00a0<\/p>\n<p>ANTECEDENTES \u00a0<\/p>\n<p>1. \u00a0Mediante Nota \u00a0Verbal \u00a0N\u00ba \u00a02457 \u00a0del \u00a020 \u00a0de \u00a0noviembre \u00a0de \u00a020131, \u00a0la \u00a0Embajada de los Estados \u00a0Unidos \u00a0 de \u00a0 Am\u00e9rica \u00a0 solicit\u00f3 \u00a0 la \u00a0detenci\u00f3n \u00a0provisional \u00a0con \u00a0fines \u00a0de \u00a0extradici\u00f3n \u00a0del \u00a0ciudadano \u00a0colombiano \u00a0Jorge Isaac \u00a0Rengifo \u00a0Valentierra, petici\u00f3n que se formaliz\u00f3 con \u00a0la \u00a0 comunicaci\u00f3n \u00a0 diplom\u00e1tica \u00a0 N\u00ba \u00a0 0798 \u00a0 del \u00a0 7 \u00a0 de \u00a0 mayo \u00a0 del \u00a0a\u00f1o \u00a0posterior2. \u00a0\u00a0<\/p>\n<p>2. \u00a0Lo anterior, \u00a0con \u00a0 \u00a0 \u00a0fundamento \u00a0 \u00a0 \u00a0en \u00a0 \u00a0 la \u00a0 \u00a0 Acusaci\u00f3n \u00a0 \u00a0 Formal \u00a0 \u00a0 Sellada \u00a0 \u00a0 N\u00ba \u00a08:13-cr-169-T-27TBM3, \u00a0proferida \u00a0el 4 de abril de \u00a02013 \u00a0por el Tribunal de Distrito de los Estados Unidos para el Distrito Central \u00a0de \u00a0 \u00a0 \u00a0 \u00a0Florida \u00a0 \u00a0 \u00a0 \u00a0Divisi\u00f3n \u00a0 \u00a0 \u00a0 Tampa4, \u00a0donde \u00a0se le formularon los \u00a0siguientes cargos: \u00a0\u00a0<\/p>\n<p>Cargo \u00a0Uno: Concierto para distribuir cinco \u00a0kilogramos \u00a0o m\u00e1s de coca\u00edna, con el conocimiento y la intenci\u00f3n de que dicha \u00a0sustancia \u00a0ser\u00eda \u00a0importada ilegalmente a los Estados Unidos, en violaci\u00f3n del \u00a0T\u00edtulo \u00a021, \u00a0Secci\u00f3n 959 del C\u00f3digo de los Estados Unidos; todo en violaci\u00f3n \u00a0del \u00a0T\u00edtulo21, \u00a0Secci\u00f3n \u00a0963 \u00a0y \u00a0960(b)(1)(B)(ii) \u00a0del \u00a0C\u00f3digo de los Estados \u00a0Unidos; y \u00a0\u00a0<\/p>\n<p>Cargo \u00a0Dos: \u00a0Concierto \u00a0para \u00a0poseer con la \u00a0intenci\u00f3n \u00a0de \u00a0distribuir \u00a0cinco \u00a0kilogramos \u00a0o \u00a0m\u00e1s \u00a0de coca\u00edna, mientras se \u00a0encontraba \u00a0a bordo de una embarcaci\u00f3n sujeta a la jurisdicci\u00f3n de los Estados \u00a0Unidos, \u00a0en \u00a0violaci\u00f3n \u00a0del T\u00edtulo 46, Secciones 70503(a) y 70506(a) y (b) del \u00a0C\u00f3digo \u00a0de \u00a0los Estados Unidos; y del T\u00edtulo 21, Secci\u00f3n 960(b)(1)(B)(ii) del \u00a0C\u00f3digo de los Estados Unidos. \u00a0\u00a0<\/p>\n<p>3. \u00a0El Ministerio de Justicia y del Derecho \u00a0remiti\u00f3 \u00a0a \u00a0la \u00a0Corte \u00a0la documentaci\u00f3n enviada por la Embajada de los Estados \u00a0Unidos \u00a0 \u00a0de \u00a0 Am\u00e9rica, \u00a0 debidamente \u00a0 traducida \u00a0 y \u00a0 autenticada5, \u00a0 previo \u00a0concepto \u00a0de \u00a0su \u00a0hom\u00f3logo \u00a0de Relaciones Exteriores sobre la vigencia entre la \u00a0Republica \u00a0de \u00a0Colombia \u00a0y \u00a0los \u00a0Estados \u00a0Unidos \u00a0de Am\u00e9rica de la \u00abConvenci\u00f3n \u00a0de \u00a0las \u00a0Naciones \u00a0Unidas \u00a0contra \u00a0 \u00a0el \u00a0 \u00a0tr\u00e1fico \u00a0 \u00a0il\u00edcito \u00a0 \u00a0de \u00a0 \u00a0estupefacientes \u00a0 \u00a0y \u00a0 \u00a0sustancias \u00a0psicotr\u00f3picas\u00bb, suscrita \u00a0en \u00a0Viena el 20 de diciembre de 1988, aclarando que en los aspectos no regulados \u00a0por \u00a0el \u00a0precepto \u00a0aludido, \u00a0se \u00a0regir\u00eda \u00a0por \u00a0lo \u00a0previsto \u00a0en el ordenamiento \u00a0jur\u00eddico colombiano. \u00a0\u00a0<\/p>\n<p>4. \u00a0La \u00a0Fiscal\u00eda \u00a0General \u00a0de \u00a0la Naci\u00f3n, \u00a0mediante \u00a0resoluci\u00f3n del 26 de noviembre de 2013, decret\u00f3 la captura con fines \u00a0de \u00a0extradici\u00f3n \u00a0de \u00a0Rengifo Valentierra6, \u00a0la \u00a0cual \u00a0se efectu\u00f3 el 9 de marzo del a\u00f1o en curso, siendo las \u00a018:10 \u00a0horas, \u00a0en \u00a0la \u00abv\u00eda \u00a0publica \u00a0(sic) \u00a0sobre \u00a0la \u00a0carrera \u00a063 \u00a0frente \u00a0al \u00a0n\u00famero 69-68\u00bb del barrio El \u00a0Dorado \u00a0 \u00a0de \u00a0 \u00a0la \u00a0 \u00a0ciudad \u00a0 \u00a0de \u00a0 \u00a0Buenaventura7. \u00a0\u00a0<\/p>\n<p>5. El pasado 5 de \u00a0junio \u00a0siguiente, \u00a0el \u00a0requerido \u00a0present\u00f3 \u00a0poder \u00a0conferido \u00a0a \u00a0su \u00a0abogado de \u00a0confianza8, \u00a0quien \u00a0el \u00a025 \u00a0de \u00a0ese \u00a0mes \u00a0pidi\u00f3 \u00a0para su decreto y pr\u00e1ctica \u00a0algunos \u00a0 \u00a0 \u00a0 medios \u00a0 \u00a0 \u00a0 de \u00a0 \u00a0 \u00a0 convicci\u00f3n9. \u00a0\u00a0<\/p>\n<p>\u00a0 \u00a0 \u00a0 \u00a0 \u00a0<\/p>\n<p>6. \u00a0El \u00a021 \u00a0de \u00a0julio \u00a0de esa anualidad el requerido revoc\u00f3 el mandato \u00a0conferido \u00a0y \u00a0manifest\u00f3 \u00a0no \u00a0poseer \u00a0recursos \u00a0econ\u00f3micos \u00a0para \u00a0designar otro \u00a0profesional \u00a0del \u00a0derecho, \u00a0raz\u00f3n por la cual la Corte ofici\u00f3 a la Defensor\u00eda \u00a0del \u00a0Pueblo \u00a0para \u00a0que \u00a0por \u00a0su \u00a0intermedio \u00a0lo hiciera, en virtud de lo cual un \u00a0abogado \u00a0 adscrito \u00a0 a \u00a0 esa \u00a0 entidad \u00a0tom\u00f3 \u00a0posesi\u00f3n \u00a0del \u00a0cargo \u00a010. \u00a0\u00a0<\/p>\n<p>Posteriormente, \u00a0 \u00a0una \u00a0 vez \u00a0 resuelto \u00a0lo \u00a0concerniente a la defensa del pedido, \u00a0el \u00a012 \u00a0de \u00a0agosto \u00a0de \u00a0ese \u00a0a\u00f1o, \u00a0se \u00a0le \u00a0notific\u00f3 el auto que \u00a0dispuso \u00a0correr \u00a0traslado a los intervinientes con el \u00a0prop\u00f3sito \u00a0de \u00a0que \u00a0solicitara \u00a0las \u00a0pruebas \u00a0a \u00a0que \u00a0hubiera lugar11. \u00a0\u00a0<\/p>\n<p>Trascurrido \u00a0 dicho \u00a0termino, \u00a0el \u00a0Ministerio \u00a0P\u00fablico \u00a0manifest\u00f3 \u00a0que no estimaba necesario \u00a0efectuar \u00a0 \u00a0 \u00a0 \u00a0 \u00a0alguna \u00a0 \u00a0 \u00a0 \u00a0 \u00a0petici\u00f3n12, \u00a0y el apoderado judicial, \u00a0estando tambi\u00e9n dentro del t\u00e9rmino legal, exhort\u00f3 \u00a0el \u00a0 decreto \u00a0 y \u00a0 pr\u00e1ctica \u00a0 de \u00a0 algunos \u00a0medios \u00a0de \u00a0convicci\u00f3n13. \u00a0\u00a0<\/p>\n<p>Teniendo en cuenta que los dos mandatarios \u00a0presentaron \u00a0escrito \u00a0petitorio \u00a0de \u00a0pruebas dentro del plazo establecido, y que \u00a0\u00abcada \u00a0 procesado \u00a0 no \u00a0 puede \u00a0 tener \u00a0 sino \u00a0 un \u00a0defensor\u00bb \u00a0(CSJ \u00a0AP, 30 \u00a0may. \u00a02008, \u00a0Rad. 22435), es menester manifestar que de acuerdo con el art\u00edculo \u00a02190 \u00a0del \u00a0C\u00f3digo Civil, 69 del C\u00f3digo de Procedimiento Civil y 76 del C\u00f3digo \u00a0General \u00a0 \u00a0 \u00a0 \u00a0 \u00a0 \u00a0del \u00a0 \u00a0 \u00a0 \u00a0 \u00a0 \u00a0Proceso14, \u00a0cuando se otorga poder a \u00a0un \u00a0nuevo apoderado se entiende revocado t\u00e1citamente el anterior, raz\u00f3n por la \u00a0cual \u00a0este \u00faltimo es el \u00fanico legitimado para efectuar dichas peticiones y, en \u00a0virtud \u00a0 de \u00a0 ello, \u00a0 la \u00a0 Sala \u00a0 se \u00a0 pronunci\u00f3 \u00a0 exclusivamente \u00a0respecto \u00a0de \u00a0estas. \u00a0\u00a0<\/p>\n<p>La \u00a0 \u00a0 defensa \u00a0 \u00a0 pidi\u00f3 \u00a0 \u00a0a \u00a0 \u00a0la \u00a0Corporaci\u00f3n15: \u00a0\u00a0<\/p>\n<p>PRUEBAS \u00a0TESTIMONIALES: \u00a0(\u2026) solicito se \u00a0reciba la declaraci\u00f3n de las siguientes personas: \u00a0\u00a0<\/p>\n<p>\u00a0 \u00a0\u00a0<\/p>\n<p>* Se\u00f1ora \u00a0NUBIA \u00a0LUCIA \u00a0VIVEROS, \u00a0mayor \u00a0de \u00a0edad \u00a0a quien se puede \u00a0notificar \u00a0 en \u00a0 la \u00a0 Carrera \u00a0 41 \u00a0B\u201304 Barrio Bellavista de la ciudad de Buenaventura. \u00a0\u00a0<\/p>\n<p>* Se\u00f1ora \u00a0ROCIO MORENO, mayor de edad a quien se puede notificar en \u00a0la \u00a0 \u00a0Carrera \u00a0 40 \u00a0 A \u00a0 N\u00b0 \u00a0 5-56 \u00a0 Barrio \u00a0 Roquefele \u00a0 de \u00a0 la \u00a0 ciudad \u00a0 de \u00a0Buenaventura. \u00a0\u00a0<\/p>\n<p>* Se\u00f1ora \u00a0LILIANA \u00a0MORENO \u00a0ARIAS, \u00a0mayor \u00a0de \u00a0edad a quien se puede \u00a0notificar \u00a0en \u00a0la \u00a0Calle \u00a04 \u00a0Carrera \u00a043-38 \u00a0Barrio \u00a0Bellavista \u00a0de la ciudad de \u00a0Buenaventura. \u00a0\u00a0<\/p>\n<p>* Se\u00f1ora \u00a0ZULMA \u00a0REGINA \u00a0MORENO \u00a0mayor \u00a0de \u00a0edad \u00a0a \u00a0quien se puede \u00a0notificar \u00a0en \u00a0la \u00a0Carrera \u00a041 \u00a0Calle \u00a01 \u00a0Barrio \u00a0Bellavista \u00a0de \u00a0la \u00a0ciudad \u00a0de \u00a0Buenaventura. \u00a0\u00a0<\/p>\n<p>* Se\u00f1ora \u00a0ESTHER \u00a0JULIA \u00a0VIVEROS, \u00a0mayor \u00a0de \u00a0edad a quien se puede \u00a0notificar \u00a0en \u00a0la \u00a0Calle \u00a05 \u00a0B \u00a0N\u00b0 \u00a041 \u00a0C \u00a059 \u00a0Barrio Marugenia de la ciudad de \u00a0Buenaventura. \u00a0\u00a0<\/p>\n<p>* Se\u00f1ora \u00a0ESPERANZA \u00a0IBARGUEN, \u00a0mayor \u00a0de \u00a0edad \u00a0a \u00a0quien \u00a0se puede \u00a0notificar \u00a0 en \u00a0 la \u00a0 Calle \u00a0 1 \u00a0 A \u00a0 30 \u00a0Barrio \u00a0Bellavista \u00a0de \u00a0la \u00a0ciudad \u00a0de \u00a0Buenaventura. \u00a0\u00a0<\/p>\n<p>* Se\u00f1ora \u00a0NOEMI \u00a0PALACIO \u00a0CIFUENTES, mayor de edad a quien se puede \u00a0notificar \u00a0en \u00a0la \u00a0Calle \u00a04 \u00a0N\u00b0 \u00a052-29 \u00a0Barrio \u00a0Transformaci\u00f3n de la ciudad de \u00a0Buenaventura. \u00a0\u00a0<\/p>\n<p>* Se\u00f1or \u00a0FAUSTO \u00a0GENARO \u00a0REGIFO, \u00a0mayor \u00a0de \u00a0edad \u00a0a quien se puede \u00a0notificar en la Calle 4 A Carrera 43-38 de la ciudad de \u00a0 \u00a0\u00a0<\/p>\n<p>Buenaventura. \u00a0<\/p>\n<p>Con \u00a0el fin de recepcionar los testimonios \u00a0de \u00a0las personas arriba mencionadas le solicito a su se\u00f1or\u00eda se comisione a la \u00a0unidad \u00a0de \u00a0Fiscal\u00edas \u00a0Seccionales \u00a0o \u00a0autoridades \u00a0competentes en la ciudad de \u00a0Buenaventura. \u00a0\u00a0<\/p>\n<p>\u00a0 \u00a0\u00a0<\/p>\n<p>* Igualmente \u00a0le \u00a0solicito \u00a0tener \u00a0como \u00a0prueba \u00a0la \u00a0identidad de mi \u00a0defendido, \u00a0 y \u00a0 el \u00a0escrito \u00a0de \u00a0acusaci\u00f3n \u00a0de \u00a0fecha \u00a04 \u00a0de \u00a0abril \u00a0del \u00a0a\u00f1o \u00a02013. \u00a0 \u00a0\u00a0<\/p>\n<p>Solicito \u00a0de \u00a0igual \u00a0manera \u00a0se analice la \u00a0declaraci\u00f3n del Agente especial del FBI, IVETTE R. BARRI (\u2026). \u00a0\u00a0<\/p>\n<p>EL AUTO RECURRIDO \u00a0<\/p>\n<p>En \u00a0 la \u00a0 providencia \u00a0 impugnada, \u00a0 la \u00a0Corte \u00a0neg\u00f3 las \u00a0peticiones \u00a0probatorias \u00a0 de \u00a0 la \u00a0defensa \u00a0y no \u00a0decret\u00f3 \u00a0la \u00a0pr\u00e1ctica \u00a0oficiosa de \u00a0pruebas. \u00a0\u00a0<\/p>\n<p>LA IMPUGNACI\u00d3N \u00a0<\/p>\n<p>El \u00a0recurrente \u00a0present\u00f3 \u00a0 recurso \u00a0de \u00a0reposici\u00f3n \u00a0contra \u00a0dicho \u00a0auto, \u00a0 mediante \u00a0el \u00a0cual insiste \u00a0 \u00a0 \u00a0en \u00a0 \u00a0 \u00a0que \u00a0 \u00a0 \u00abse decreten y practiquen las pruebas \u00a0solicitadas \u00a0en \u00a0su debida oportunidad\u00bb, \u00a0 pues, \u00a0 con \u00a0ellas \u00a0demostrara \u00a0la \u00a0inocencia \u00a0 del \u00a0 requerido \u00a0 en \u00a0 la \u00a0comisi\u00f3n \u00a0de \u00a0los \u00a0delitos \u00a0por \u00a0 los \u00a0 cuales \u00a0 es \u00a0acusado \u00a0 por \u00a0 parte \u00a0 del \u00a0 \u00a0pa\u00eds \u00a0 \u00a0peticionario \u00a0 \u00a0porque \u00a0 \u00a0nunca \u00a0 ha \u00a0 viajado \u00a0 \u00a0a \u00a0 \u00a0dicho \u00a0 \u00a0territorio, \u00a0y con el fin de que no se \u00a0sigan \u00a0 \u00a0 \u00a0cometiendo \u00a0 \u00a0 \u00a0errores \u00a0 \u00a0 \u00a0como \u00a0 \u00a0 \u00a0los \u00a0 \u00a0 \u00a0del \u00a0 \u00a0 \u00a0\u201cCarpintero\u201d. \u00a0\u00a0<\/p>\n<p>CONSIDERACIONES DE LA CORTE \u00a0<\/p>\n<p>La \u00a0finalidad \u00a0del recurso de reposici\u00f3n, \u00a0como \u00a0de \u00a0manera \u00a0pac\u00edfica \u00a0lo \u00a0ha \u00a0expuesto \u00a0la \u00a0Sala, \u00a0es \u00a0la \u00a0de permitir al \u00a0funcionario \u00a0judicial \u00a0que \u00a0dict\u00f3 \u00a0la \u00a0providencia que por esa v\u00eda se impugna, \u00a0que \u00a0revise \u00a0la \u00a0misma, \u00a0para \u00a0que \u00a0cuente \u00a0con \u00a0la \u00a0posibilidad \u00a0de \u00a0corregir \u00a0yerros \u00a0de \u00a0talante \u00a0f\u00e1ctico \u00a0o jur\u00eddico en los que \u00a0hubiere \u00a0podido \u00a0incurrir \u00a0y \u00a0en \u00a0tal \u00a0caso, \u00a0proceda \u00a0a \u00a0revocarla, reformarla, \u00a0aclararla \u00a0o adicionarla en los aspectos frente a los cuales las inconformidades \u00a0que se hayan expuesto encuentren constataci\u00f3n. \u00a0\u00a0<\/p>\n<p>En \u00a0el presente caso, en trat\u00e1ndose de la \u00a0petici\u00f3n \u00a0del \u00a0apoderado, \u00a0se \u00a0advierte que la carga \u00a0procesal \u00a0no \u00a0se \u00a0encuentra \u00a0satisfecha, \u00a0por \u00a0cuanto no precisa los errores que \u00a0pretende \u00a0sean \u00a0corregidos \u00a0por la Corte, pues, en esencia, se limita a reiterar \u00a0la \u00a0petici\u00f3n esgrimida originalmente, abandonando de esta forma el deber que le \u00a0asiste \u00a0de exponer los motivos de inconformidad a la \u00a0providencia atacada. \u00a0\u00a0<\/p>\n<p>En \u00a0tales \u00a0condiciones, \u00a0se \u00a0reitera \u00a0al \u00a0defensor \u00a0 del \u00a0 requerido \u00a0 Jorge \u00a0 Isaac \u00a0Rengifo \u00a0Valentierra, \u00a0que las solicitudes probatorias que se \u00a0hagan \u00a0en \u00a0el \u00a0tr\u00e1mite de extradici\u00f3n, deben tener relaci\u00f3n con los elementos \u00a0que \u00a0 \u00a0analiza \u00a0 \u00a0la \u00a0 \u00a0Corte \u00a0 \u00a0al \u00a0 \u00a0momento \u00a0 \u00a0de \u00a0 \u00a0emitir \u00a0 \u00a0el \u00a0 \u00a0concepto \u00a0correspondiente. \u00a0\u00a0<\/p>\n<p>As\u00ed las cosas, como no se acredit\u00f3 que en \u00a0el \u00a0prove\u00eddo \u00a0recurrido \u00a0se \u00a0haya \u00a0cometido \u00a0un \u00a0error, sino que simplemente se \u00a0insiste \u00a0en \u00a0la \u00a0pr\u00e1ctica \u00a0de las pruebas denegadas, se mantendr\u00e1 inc\u00f3lume la \u00a0decisi\u00f3n \u00a0 \u00a0atacada \u00a0 \u00a0por \u00a0 v\u00eda \u00a0 del \u00a0 recurso \u00a0horizontal. \u00a0\u00a0<\/p>\n<p>Como \u00a0quiera que el art\u00edculo 189 procesal \u00a0exige \u00a0que \u00a0el \u00a0recurrente \u00a0debe sustentar la reposici\u00f3n, esto es, expresar las \u00a0razones \u00a0de \u00a0hecho \u00a0y \u00a0de \u00a0derecho \u00a0del \u00a0desacuerdo, \u00a0es claro para la Sala que, \u00a0conforme \u00a0a \u00a0lo \u00a0razonado \u00a0en \u00a0precedencia,\u00a0 \u00a0el \u00a0escrito presentado por el \u00a0apoderado \u00a0no \u00a0cumple \u00a0con \u00a0el objeto del recurso horizontal, por tanto \u00e9ste se \u00a0declarar\u00e1 desierto. \u00a0\u00a0<\/p>\n<p>En m\u00e9rito de lo expuesto, la CORTE \u00a0SUPREMA \u00a0DE \u00a0JUSTICIA, \u00a0SALA DE CASACI\u00d3N PENAL, \u00a0\u00a0<\/p>\n<p>RESUELVE \u00a0<\/p>\n<p>DECLARAR \u00a0 \u00a0DESIERTO \u00a0 \u00a0el \u00a0 recurso \u00a0 de \u00a0reposici\u00f3n \u00a0interpuesto \u00a0por \u00a0el \u00a0apoderado \u00a0del \u00a0requerido Jorge \u00a0 \u00a0 \u00a0 \u00a0 Isaac \u00a0 \u00a0 \u00a0 \u00a0 Rengifo \u00a0 \u00a0 \u00a0 \u00a0Valentierra. \u00a0\u00a0<\/p>\n<p>Contra \u00a0esta \u00a0decisi\u00f3n no procede recurso \u00a0alguno. \u00a0\u00a0<\/p>\n<p>SEGUNDO: \u00a0De \u00a0conformidad \u00a0con \u00a0el \u00a0inciso \u00a0final \u00a0del \u00a0art\u00edculo \u00a0500 \u00a0de la Ley 906 de 2004, \u00a0CORRER \u00a0TRASLADO \u00a0a \u00a0los \u00a0intervinientes \u00a0 por \u00a0el \u00a0t\u00e9rmino \u00a0de \u00a0cinco \u00a0(5) \u00a0d\u00edas, \u00a0para \u00a0que, \u00a0una \u00a0vez \u00a0ejecutoriada \u00a0la presente decisi\u00f3n, aporten los alegatos previos al concepto de \u00a0la Corte.\u00a0 \u00a0\u00a0<\/p>\n<p>C\u00f3piese, \u00a0 \u00a0 \u00a0notif\u00edquese \u00a0 \u00a0 \u00a0y \u00a0c\u00famplase \u00a0\u00a0<\/p>\n<p>FERNANDO \u00a0 \u00a0 \u00a0ALBERTO \u00a0 \u00a0 \u00a0CASTRO \u00a0CABALLERO \u00a0\u00a0<\/p>\n<p>JOS\u00c9 LUIS BARCEL\u00d3 CAMACHO \u00a0<\/p>\n<p>JOS\u00c9 LEONIDAS BUSTOS MART\u00cdNEZ \u00a0<\/p>\n<p>EUGENIO FERN\u00c1NDEZ CARLIER \u00a0<\/p>\n<p>MAR\u00cdA \u00a0 \u00a0DEL \u00a0 \u00a0ROSARIO \u00a0 \u00a0GONZ\u00c1LEZ \u00a0MU\u00d1OZ \u00a0\u00a0<\/p>\n<p>GUSTAVO ENRIQUE MALO FERN\u00c1NDEZ \u00a0<\/p>\n<p>EYDER PATI\u00d1O CABRERA \u00a0<\/p>\n<p>PATRICIA SALAZAR CU\u00c9LLAR \u00a0<\/p>\n<p>LUIS GUILLERMO SALAZAR OTERO \u00a0<\/p>\n<p>NUBIA YOLANDA NOVA GARC\u00cdA \u00a0<\/p>\n<p>Secretaria \u00a0 \u00a0<\/p>\n<p>1 \u00a0Folios \u00a0 134 \u00a0 a \u00a0 138, \u00a0 y \u00a0 139 \u00a0 a \u00a0 143 \u00a0(traducci\u00f3n \u00a0no \u00a0oficial) \u00a0carpeta \u00a0anexa. \u00a0\u00a0<\/p>\n<p>2 \u00a0Folios 26 a 31, y 32 a 38 Ib\u00eddem. \u00a0\u00a0<\/p>\n<p>3 \u00a0Folios 70 a 73, y 114 a 117 Ib\u00eddem. \u00a0\u00a0<\/p>\n<p>4 \u00a0Folios 27, y 33 Ib\u00eddem. \u00a0\u00a0<\/p>\n<p>5 \u00a0Folios 1 a 2 cuaderno de la Corte. \u00a0\u00a0<\/p>\n<p>6 \u00a0Folios 20 a 22 carpeta anexa. \u00a0\u00a0<\/p>\n<p>7 \u00a0Folios 6 a 7 Ib\u00eddem. \u00a0\u00a0<\/p>\n<p>8 \u00a0Folio \u00a0 \u00a0 \u00a0 \u00a0 \u00a0 \u00a08 \u00a0 \u00a0 \u00a0 \u00a0 \u00a0 \u00a0Ib\u00eddem. \u00a0\u00a0<\/p>\n<p>9 \u00a0Folio \u00a0 \u00a0 \u00a0 \u00a0 \u00a0 \u00a014 \u00a0 \u00a0 \u00a0 \u00a0 \u00a0 \u00a0Ib\u00eddem. \u00a0\u00a0<\/p>\n<p>10 \u00a0Folio \u00a0 \u00a0 \u00a0 \u00a0 \u00a0 \u00a024 \u00a0 \u00a0 \u00a0 \u00a0 \u00a0 \u00a0Ib\u00eddem. \u00a0\u00a0<\/p>\n<p>11 \u00a0Folio 27 Ib\u00eddem. \u00a0\u00a0<\/p>\n<p>12 \u00a0Folio \u00a0 \u00a0 \u00a0 \u00a0 \u00a0 \u00a029 \u00a0 \u00a0 \u00a0 \u00a0 \u00a0 \u00a0Ib\u00eddem. \u00a0\u00a0<\/p>\n<p>13 \u00a0Folios 30 a 31 Ib\u00eddem. \u00a0\u00a0<\/p>\n<p>14 Es \u00a0de \u00a0anotar \u00a0que \u00abcomo ninguna norma del estatuto adjetivo penal presta utilidad \u00a0para \u00a0 solucionar \u00a0esa \u00a0problem\u00e1tica, \u00a0es \u00a0necesario \u00a0acudir \u00a0al \u00a0principio \u00a0de \u00a0remisi\u00f3n, \u00a0contemplado \u00a0en \u00a0el art\u00edculo 23 de la misma obra, de acuerdo con el \u00a0cual \u00a0\u201c(E)n \u00a0aquellas materias que no se hallen expresamente reguladas en este \u00a0C\u00f3digo \u00a0son \u00a0aplicables \u00a0las disposiciones del C\u00f3digo de Procedimiento Civil y \u00a0de \u00a0otros \u00a0ordenamientos \u00a0procesales, \u00a0siempre que no se opongan a la naturaleza \u00a0del procedimiento penal.\u201d\u00bb (CSJ AP, 31 mar. 2008, Rad. 28889) \u00a0\u00a0<\/p>\n<p>15 \u00a0Ib\u00eddem. \u00a0 \u00a0\u00a0<\/p>\n<p><\/p>\n","protected":false},"excerpt":{"rendered":"<p>\u00a0 \u00a0 \u00a0\u00a0 CORTE SUPREMA DE JUSTICIA \u00a0 SALA DE CASACI\u00d3N PENAL \u00a0 EYDER PATI\u00d1O CABRERA \u00a0 Magistrado \u00a0Ponente \u00a0\u00a0 AP7451-2014 \u00a0 Radicaci\u00f3n \u00a0 \u00a0 N\u00b0 \u00a0 \u00a0 43800 \u00a0\u00a0 (Aprobado Acta N\u00b0 \u00a0420) \u00a0\u00a0 Bogot\u00e1 \u00a0D.C., \u00a0tres (3) de diciembre de dos \u00a0mil catorce (2014). \u00a0\u00a0 MOTIVO DE LA DECISI\u00d3N \u00a0 Se \u00a0pronuncia \u00a0la [&hellip;]<\/p>\n","protected":false},"author":1,"featured_media":0,"comment_status":"open","ping_status":"open","sticky":false,"template":"","format":"standard","meta":{"footnotes":""},"categories":[22],"tags":[],"class_list":["post-29559","post","type-post","status-publish","format-standard","hentry","category-22"],"_links":{"self":[{"href":"https:\/\/dmsjuridica.com\/buscador_20179478954\/salapenalcronologico20230723\/wp-json\/wp\/v2\/posts\/29559","targetHints":{"allow":["GET"]}}],"collection":[{"href":"https:\/\/dmsjuridica.com\/buscador_20179478954\/salapenalcronologico20230723\/wp-json\/wp\/v2\/posts"}],"about":[{"href":"https:\/\/dmsjuridica.com\/buscador_20179478954\/salapenalcronologico20230723\/wp-json\/wp\/v2\/types\/post"}],"author":[{"embeddable":true,"href":"https:\/\/dmsjuridica.com\/buscador_20179478954\/salapenalcronologico20230723\/wp-json\/wp\/v2\/users\/1"}],"replies":[{"embeddable":true,"href":"https:\/\/dmsjuridica.com\/buscador_20179478954\/salapenalcronologico20230723\/wp-json\/wp\/v2\/comments?post=29559"}],"version-history":[{"count":0,"href":"https:\/\/dmsjuridica.com\/buscador_20179478954\/salapenalcronologico20230723\/wp-json\/wp\/v2\/posts\/29559\/revisions"}],"wp:attachment":[{"href":"https:\/\/dmsjuridica.com\/buscador_20179478954\/salapenalcronologico20230723\/wp-json\/wp\/v2\/media?parent=29559"}],"wp:term":[{"taxonomy":"category","embeddable":true,"href":"https:\/\/dmsjuridica.com\/buscador_20179478954\/salapenalcronologico20230723\/wp-json\/wp\/v2\/categories?post=29559"},{"taxonomy":"post_tag","embeddable":true,"href":"https:\/\/dmsjuridica.com\/buscador_20179478954\/salapenalcronologico20230723\/wp-json\/wp\/v2\/tags?post=29559"}],"curies":[{"name":"wp","href":"https:\/\/api.w.org\/{rel}","templated":true}]}}