{"id":29532,"date":"2023-09-13T14:22:17","date_gmt":"2023-09-13T14:22:17","guid":{"rendered":"https:\/\/dmsjuridica.com\/buscador_20179478954\/salapenalcronologico20230723\/2023\/09\/13\/ap7298-201442806\/"},"modified":"2023-09-13T14:22:17","modified_gmt":"2023-09-13T14:22:17","slug":"ap7298-201442806","status":"publish","type":"post","link":"https:\/\/dmsjuridica.com\/buscador_20179478954\/salapenalcronologico20230723\/2023\/09\/13\/ap7298-201442806\/","title":{"rendered":"AP7298-2014(42806)"},"content":{"rendered":"\n<p>\u00a0 \u00a0 \u00a0\u00a0<\/p>\n<p>CORTE SUPREMA DE JUSTICIA \u00a0<\/p>\n<p>SALA DE CASACI\u00d3N PENAL \u00a0<\/p>\n<p>JOS\u00c9 LEONIDAS BUSTOS MART\u00cdNEZ \u00a0<\/p>\n<p>Magistrado Ponente \u00a0<\/p>\n<p>AP7298-2014 \u00a0<\/p>\n<p>Radicaci\u00f3n N\u00b042806 \u00a0<\/p>\n<p>(Aprobado \u00a0 Acta \u00a0No.407) \u00a0\u00a0<\/p>\n<p>Bogot\u00e1 D.C., veintis\u00e9is (26) de noviembre de \u00a0dos mil catorce (2014). \u00a0\u00a0<\/p>\n<p>Se \u00a0pronuncia \u00a0la \u00a0Corte \u00a0sobre el recurso de \u00a0reposici\u00f3n \u00a0interpuesto \u00a0por \u00a0el \u00a0apoderado de MAR\u00cdA \u00a0LUC\u00cdA \u00a0HINCAP\u00cdE \u00a0y \u00a0ROGER \u00a0FRANK \u00a0HERN\u00c1NDEZ G\u00d3MEZ contra el auto de 27 de agosto \u00a0del \u00a0a\u00f1o \u00a0en \u00a0curso, \u00a0mediante \u00a0el \u00a0cual \u00a0inadmiti\u00f3 \u00a0la \u00a0demanda \u00a0de revisi\u00f3n \u00a0promovida contra los fallos de instancia. \u00a0\u00a0<\/p>\n<p>SE CONSIDERA \u00a0<\/p>\n<p>1. El 27 de agosto del a\u00f1o en curso la Sala \u00a0inadmiti\u00f3 \u00a0la \u00a0demanda de revisi\u00f3n presentada por el apoderado de MAR\u00cdA \u00a0LUC\u00cdA \u00a0HINCAPI\u00c9 \u00a0y \u00a0ROGER \u00a0FRANK \u00a0HERN\u00c1NDEZ \u00a0G\u00d3MEZ \u00a0contra la \u00a0sentencia \u00a0dictada \u00a0en \u00a0segunda instancia por el Tribunal Superior de Cali el 11 \u00a0de \u00a0noviembre \u00a0de 2004, en el proceso adelantado en su contra por los delitos de \u00a0secuestro extorsivo agravado y hurto calificado. \u00a0\u00a0<\/p>\n<p>2. El 29 de agosto, la Secretar\u00eda de la Sala \u00a0envi\u00f3 \u00a0telegrama al apoderado de los accionantes comunicando el contenido de la \u00a0decisi\u00f3n \u00a0adoptada \u00a0y la posibilidad de interponer recurso de reposici\u00f3n en su \u00a0contra. \u00a0El \u00a0primero \u00a0de \u00a0septiembre la notific\u00f3 personalmente al representante \u00a0del \u00a0ministerio \u00a0p\u00fablico, \u00a0y \u00a0el \u00a012 de septiembre lo hizo por estado, cobrando \u00a0ejecutoria el d\u00eda 17 a las 5 de la tarde. \u00a0\u00a0<\/p>\n<p>3. \u00a0La Secretar\u00eda de la Sala informa que el \u00a0escrito \u00a0 de \u00a0 reposici\u00f3n \u00a0 suscrito \u00a0 por \u00a0 el \u00a0 apoderado \u00a0 de \u00a0 MAR\u00cdA \u00a0LUC\u00cdA \u00a0HINCAPI\u00c9 \u00a0y \u00a0ROGER \u00a0FRANK HERN\u00c1NDEZ G\u00d3MEZ fue recibido \u00a0v\u00eda \u00a0fax el d\u00eda 18 de septiembre, a las 3:38 p. m., es decir, un d\u00eda despu\u00e9s \u00a0de \u00a0haberse \u00a0vencido \u00a0el t\u00e9rmino establecido para su interposici\u00f3n, situaci\u00f3n \u00a0que \u00a0determina \u00a0que no pueda ser tenido en cuenta, por haber sido interpuesto en \u00a0forma extempor\u00e1nea.\u00a0\u00a0 \u00a0\u00a0<\/p>\n<p>En \u00a0m\u00e9rito de lo expuesto, LA CORTE SUPREMA \u00a0DE JUSTICIA, SALA DE CASACI\u00d3N PENAL, \u00a0\u00a0<\/p>\n<p>RESUELVE \u00a0<\/p>\n<p>Declarar \u00a0 extempor\u00e1neo \u00a0 el \u00a0recurso \u00a0de \u00a0reposici\u00f3n \u00a0interpuesto \u00a0por \u00a0el \u00a0apoderado \u00a0de MAR\u00cdA \u00a0LUC\u00cdA \u00a0 HINCAPI\u00c9 \u00a0y \u00a0ROGER \u00a0FRANK \u00a0HERN\u00c1NDEZ G\u00d3MEZ contra el auto 27 de agosto de \u00a02014, mediante el cual la Sala inadmiti\u00f3 la demanda revisi\u00f3n. \u00a0\u00a0<\/p>\n<p>Contra \u00a0 esta \u00a0 decisi\u00f3n \u00a0 no \u00a0 proceden \u00a0recursos. \u00a0\u00a0<\/p>\n<p>\u00a0 \u00a0\u00a0 \u00a0\u00a0 \u00a0\u00a0NOTIF\u00cdQUESE y C\u00daMPLASE \u00a0\u00a0<\/p>\n<p>\u00a0 \u00a0\u00a0 \u00a0 \u00a0\u00a0 \u00a0 \u00a0 \u00a0\u00a0FERNANDO \u00a0 \u00a0 \u00a0ALBERTO \u00a0 \u00a0 CASTRO \u00a0CABALLERO \u00a0\u00a0<\/p>\n<p>JOS\u00c9 LUIS BARCEL\u00d3 CAMACHO \u00a0<\/p>\n<p>JOS\u00c9 LEONIDAS BUSTOS MART\u00cdNEZ \u00a0<\/p>\n<p>EUGENIO FERN\u00c1NDEZ CARLIER \u00a0<\/p>\n<p>MAR\u00cdA DEL ROSARIO GONZ\u00c1LEZ MU\u00d1OZ \u00a0<\/p>\n<p>GUSTAVO ENRIQUE MALO FERN\u00c1NDEZ \u00a0<\/p>\n<p>EYDER PATI\u00d1O CABRERA \u00a0<\/p>\n<p>PATRICIA SALAZAR CU\u00c9LLAR \u00a0<\/p>\n<p>LUIS GUILLERMO SALAZAR OTERO \u00a0<\/p>\n<p>NUBIA YOLANDA NOVA GARC\u00cdA \u00a0<\/p>\n<p>Secretaria \u00a0<\/p>\n<p>\u00a0 \u00a0\u00a0<\/p>\n<p><\/p>\n","protected":false},"excerpt":{"rendered":"<p>\u00a0 \u00a0 \u00a0\u00a0 CORTE SUPREMA DE JUSTICIA \u00a0 SALA DE CASACI\u00d3N PENAL \u00a0 JOS\u00c9 LEONIDAS BUSTOS MART\u00cdNEZ \u00a0 Magistrado Ponente \u00a0 AP7298-2014 \u00a0 Radicaci\u00f3n N\u00b042806 \u00a0 (Aprobado \u00a0 Acta \u00a0No.407) \u00a0\u00a0 Bogot\u00e1 D.C., veintis\u00e9is (26) de noviembre de \u00a0dos mil catorce (2014). \u00a0\u00a0 Se \u00a0pronuncia \u00a0la \u00a0Corte \u00a0sobre el recurso de \u00a0reposici\u00f3n \u00a0interpuesto \u00a0por \u00a0el [&hellip;]<\/p>\n","protected":false},"author":1,"featured_media":0,"comment_status":"open","ping_status":"open","sticky":false,"template":"","format":"standard","meta":{"footnotes":""},"categories":[22],"tags":[],"class_list":["post-29532","post","type-post","status-publish","format-standard","hentry","category-22"],"_links":{"self":[{"href":"https:\/\/dmsjuridica.com\/buscador_20179478954\/salapenalcronologico20230723\/wp-json\/wp\/v2\/posts\/29532","targetHints":{"allow":["GET"]}}],"collection":[{"href":"https:\/\/dmsjuridica.com\/buscador_20179478954\/salapenalcronologico20230723\/wp-json\/wp\/v2\/posts"}],"about":[{"href":"https:\/\/dmsjuridica.com\/buscador_20179478954\/salapenalcronologico20230723\/wp-json\/wp\/v2\/types\/post"}],"author":[{"embeddable":true,"href":"https:\/\/dmsjuridica.com\/buscador_20179478954\/salapenalcronologico20230723\/wp-json\/wp\/v2\/users\/1"}],"replies":[{"embeddable":true,"href":"https:\/\/dmsjuridica.com\/buscador_20179478954\/salapenalcronologico20230723\/wp-json\/wp\/v2\/comments?post=29532"}],"version-history":[{"count":0,"href":"https:\/\/dmsjuridica.com\/buscador_20179478954\/salapenalcronologico20230723\/wp-json\/wp\/v2\/posts\/29532\/revisions"}],"wp:attachment":[{"href":"https:\/\/dmsjuridica.com\/buscador_20179478954\/salapenalcronologico20230723\/wp-json\/wp\/v2\/media?parent=29532"}],"wp:term":[{"taxonomy":"category","embeddable":true,"href":"https:\/\/dmsjuridica.com\/buscador_20179478954\/salapenalcronologico20230723\/wp-json\/wp\/v2\/categories?post=29532"},{"taxonomy":"post_tag","embeddable":true,"href":"https:\/\/dmsjuridica.com\/buscador_20179478954\/salapenalcronologico20230723\/wp-json\/wp\/v2\/tags?post=29532"}],"curies":[{"name":"wp","href":"https:\/\/api.w.org\/{rel}","templated":true}]}}