{"id":29500,"date":"2023-09-13T14:22:15","date_gmt":"2023-09-13T14:22:15","guid":{"rendered":"https:\/\/dmsjuridica.com\/buscador_20179478954\/salapenalcronologico20230723\/2023\/09\/13\/ap7221-201441491\/"},"modified":"2023-09-13T14:22:15","modified_gmt":"2023-09-13T14:22:15","slug":"ap7221-201441491","status":"publish","type":"post","link":"https:\/\/dmsjuridica.com\/buscador_20179478954\/salapenalcronologico20230723\/2023\/09\/13\/ap7221-201441491\/","title":{"rendered":"AP7221-2014(41491)"},"content":{"rendered":"\n<p>\u00a0 \u00a0 CORTE SUPREMA DE JUSTICIA \u00a0<\/p>\n<p>SALA DE CASACI\u00d3N PENAL \u00a0<\/p>\n<p>\u00a0 \u00a0 \u00a0 \u00a0 \u00a0<\/p>\n<p>Eyder Pati\u00f1o Cabrera \u00a0<\/p>\n<p>Magistrado Ponente \u00a0<\/p>\n<p>AP7221-2014 \u00a0<\/p>\n<p>Radicaci\u00f3n N\u00b0 41.491 \u00a0<\/p>\n<p>(Aprobado \u00a0Acta N\u00b0 \u00a0397) \u00a0\u00a0<\/p>\n<p>Bogot\u00e1 D.C., veinte (20) de noviembre de dos \u00a0mil catorce (2014). \u00a0\u00a0<\/p>\n<p>ASUNTO \u00a0<\/p>\n<p>Se \u00a0resuelve el desistimiento del recurso de \u00a0reposici\u00f3n \u00a0presentado \u00a0por \u00a0Darwin Alexander Valencia \u00a0Cort\u00e9s, \u00a0a \u00a0trav\u00e9s \u00a0de \u00a0apoderado, \u00a0dentro \u00a0de \u00a0la \u00a0presente acci\u00f3n de revisi\u00f3n. \u00a0\u00a0<\/p>\n<p>ANTECEDENTES \u00a0\u00a0<\/p>\n<p>\u00a0 \u00a0\u00a0<\/p>\n<p>1. Toda \u00a0vez \u00a0que \u00a0a la demanda no se \u00a0anexaron \u00a0las \u00a0sentencias por medio de las cuales se declar\u00f3 la responsabilidad \u00a0penal \u00a0de Valencia Cort\u00e9s, la \u00a0Sala \u00a0se \u00a0remite \u00a0a \u00a0los hechos consignados en el fallo de Casaci\u00f3n1: \u00a0 \u00a0\u00a0<\/p>\n<p>\u00ab[S]iendo aproximadamente las 10 y 30 de la \u00a0ma\u00f1ana \u00a0del \u00a029 de febrero de 2008, el se\u00f1or Marlon de Jes\u00fas Guti\u00e9rrez Aguas \u00a0junto \u00a0 con \u00a0 su \u00a0 hermano \u00a0 Manuel \u00a0Dar\u00edo \u00a0Guti\u00e9rrez \u00a0Aguas, \u00a0arreglaban \u00a0una \u00a0alcantarilla \u00a0tapada, \u00a0cerca \u00a0de su casa ubicada en la carrera 4 con calle 44 de \u00a0esta \u00a0ciudad (Barranquilla) y de Adelaine Patricia Guti\u00e9rrez Aguas \u2014hermana de los anteriores\u2014 \u00a0se \u00a0encontraba \u00a0en \u00a0la terraza, del \u00a0mismo \u00a0inmueble, \u00a0como \u00a0a \u00a03 \u00a0o \u00a04 \u00a0metros \u00a0de \u00a0distancia, \u00a0de donde estaban sus \u00a0consangu\u00edneos, \u00a0adem\u00e1s, \u00a0la \u00a0madre \u00a0de \u00a0esas \u00a0personas se dirig\u00eda a la tienda \u00a0\u2014hacia \u00a0 la \u00a0 Carrera \u00a05ta\u2014 se\u00f1ora Lina Andrea \u00a0Aguas \u00a0Aguas, \u00a0a \u00a0comprar \u00a0el \u00a0mercado \u00a0para \u00a0el \u00a0almuerzo, \u00a0instante \u00a0en que se \u00a0present\u00f3 \u00a0una \u00a0motocicleta AX 100, al parecer azul o negra, con dos (2) sujetos \u00a0y \u00a0el \u00a0parrillero, \u00a0sin \u00a0nada \u00a0que \u00a0ocultara \u00a0su \u00a0rostro, \u00a0un \u00a0fulano de mediana \u00a0estatura, \u00a0moreno o negro, grueso, cabellos cortos o bajitos, su\u00e9ter azul y con \u00a0una \u00a0pistola en la mano le dispar\u00f3 a Marlon de Jes\u00fas Guti\u00e9rrez Aguas, cayendo \u00a0inmediatamente \u00a0al \u00a0piso, \u00a0donde \u00a0lo remat\u00f3 con dos disparos m\u00e1s en la cabeza, \u00a0caus\u00e1ndole \u00a0la \u00a0muerte \u00a0de \u00a0forma inmediata, todo lo cual fue observado por los \u00a0hermanos \u00a0y \u00a0madre \u00a0del \u00a0obitado ya que tuvieron al asesino a dos, tres y cuatro \u00a0metros \u00a0de distancia, despu\u00e9s el victimario subi\u00f3 al rodante, que lo esperaba, \u00a0y huyeron\u00bb. \u00a0\u00a0<\/p>\n<p>\u00a0 \u00a0\u00a0<\/p>\n<p>1. El 2 de marzo de 2008, ante el Juez \u00a02\u00ba \u00a0Penal \u00a0Municipal con funciones de control de garant\u00edas de Barranquilla, se \u00a0adelantaron \u00a0 las \u00a0 audiencias \u00a0 preliminares \u00a0de \u00a0legalizaci\u00f3n \u00a0de \u00a0captura \u00a0y \u00a0formulaci\u00f3n \u00a0de \u00a0la \u00a0imputaci\u00f3n \u00a0en \u00a0contra de Darwin \u00a0Alexander \u00a0Valencia \u00a0Cort\u00e9s por el delito de homicidio \u00a0agravado, e imposici\u00f3n de medida de aseguramiento. \u00a0 \u00a0\u00a0<\/p>\n<p>\u00a0 \u00a0\u00a0<\/p>\n<p>1. El 30 de enero de 2009, el Juzgado \u00a04\u00ba \u00a0Penal \u00a0del \u00a0Circuito \u00a0de \u00a0esa \u00a0ciudad, previo anuncio del sentido de fallo, \u00a0conden\u00f3 \u00a0al \u00a0acusado \u00a0a \u00a0la \u00a0pena \u00a0principal \u00a0de \u00a0412 \u00a0meses \u00a0de prisi\u00f3n, a la \u00a0accesoria \u00a0 de \u00a0inhabilitaci\u00f3n \u00a0para \u00a0el \u00a0ejercicio \u00a0de \u00a0derechos \u00a0y \u00a0funciones \u00a0p\u00fablicas \u00a0por el mismo lapso, en su condici\u00f3n de autor del delito de homicidio \u00a0agravado. \u00a0De \u00a0igual modo, se le conden\u00f3 a la pena accesoria de inhabilitaci\u00f3n \u00a0para \u00a0 \u00a0el \u00a0 ejercicio \u00a0 de \u00a0 derechos \u00a0 y \u00a0 funciones \u00a0 p\u00fablicas \u00a0 por \u00a0 lapso \u00a0igual. \u00a0 \u00a0\u00a0<\/p>\n<p>\u00a0 \u00a0\u00a0<\/p>\n<p>1. Impugnada la anterior decisi\u00f3n por \u00a0la \u00a0defensa, \u00a0fue \u00a0confirmada \u00a0por \u00a0la \u00a0Sala \u00a0Penal \u00a0del \u00a0Tribunal \u00a0Superior \u00a0de \u00a0Barranquilla el 19 de marzo siguiente. \u00a0 \u00a0\u00a0<\/p>\n<p>\u00a0 \u00a0\u00a0<\/p>\n<p>1. Mediante \u00a0auto del 19 de agosto de \u00a02009, \u00a0esta \u00a0Corporaci\u00f3n \u00a0inadmiti\u00f3 la demanda de casaci\u00f3n interpuesta contra \u00a0la \u00a0anterior \u00a0decisi\u00f3n; \u00a0sin \u00a0embargo, \u00a0el \u00a023 \u00a0de septiembre cas\u00f3 de oficio y \u00a0parcialmente \u00a0la \u00a0sentencia, \u00a0para \u00a0fijar \u00a0en \u00a020 \u00a0a\u00f1os \u00a0la \u00a0pena \u00a0accesoria de \u00a0inhabilitaci\u00f3n \u00a0 \u00a0 para \u00a0 \u00a0 el \u00a0 \u00a0ejercicio \u00a0 \u00a0de \u00a0 \u00a0derechos \u00a0 \u00a0y \u00a0 \u00a0funciones \u00a0p\u00fablicas. \u00a0 \u00a0\u00a0<\/p>\n<p>\u00a0 \u00a0\u00a0<\/p>\n<p>1. El \u00a0apoderado \u00a0de \u00a0Valencia \u00a0 Cort\u00e9s \u00a0present\u00f3 \u00a0demanda \u00a0de \u00a0revisi\u00f3n \u00a0y el 28 de mayo de 2014 se inadmiti\u00f3, por no allegarse: i) elementos \u00a0de \u00a0juicio \u00a0que \u00a0demostraran las causales invocadas, ii) copia aut\u00e9ntica de las \u00a0decisiones \u00a0 \u00a0 cuya \u00a0 \u00a0 revisi\u00f3n \u00a0 \u00a0demanda, \u00a0 \u00a0ni, \u00a0 \u00a0iii) \u00a0 \u00a0constancia \u00a0 \u00a0de \u00a0ejecutoria. \u00a0 \u00a0\u00a0<\/p>\n<p>Ese prove\u00eddo fue notificado personalmente al \u00a0libelista, \u00a0quien \u00a0en \u00a0escrito \u00a0presentado \u00a0el \u00a025 de julio de 2014 interpuso el \u00a0recurso de reposici\u00f3n, sin que obre su sustentaci\u00f3n \u00a0\u00a0<\/p>\n<p>\u00a0 \u00a0\u00a0<\/p>\n<p>1. En \u00a0memorial \u00a0del \u00a04 \u00a0de \u00a0agosto \u00a0cursante, \u00a0el apoderado de Valencia Cort\u00e9s desisti\u00f3 del tr\u00e1mite. \u00a0 \u00a0\u00a0<\/p>\n<p>CONSIDERACIONES \u00a0\u00a0<\/p>\n<p>\u00a0 \u00a0\u00a0<\/p>\n<p>1. Estas diligencias se gobernaron por \u00a0la \u00a0 Ley \u00a0906 \u00a0de \u00a02004, \u00a0disposici\u00f3n \u00a0que \u00a0en \u00a0su \u00a0art\u00edculo \u00a0179F2, \u00a0prev\u00e9 que, \u00a0\u00ab[p]odr\u00e1 \u00a0desistirse \u00a0de \u00a0los \u00a0recursos \u00a0antes \u00a0de \u00a0que \u00a0el \u00a0funcionario \u00a0judicial \u00a0los decida\u00bb. \u00a0 \u00a0\u00a0<\/p>\n<p>\u00a0 \u00a0\u00a0<\/p>\n<p>1. Revisado el expediente, se advierte \u00a0que \u00a0al\u00a0 \u00a0presentarse el escrito de desistimiento, el proceso se encontraba \u00a0pendiente \u00a0de \u00a0resolver \u00a0la \u00a0impugnaci\u00f3n \u00a0interpuesta \u00a0por la defensa contra la \u00a0providencia del 28 de mayo de 2014. \u00a0 \u00a0\u00a0<\/p>\n<p>\u00a0 \u00a0\u00a0<\/p>\n<p>1. As\u00ed las cosas, conforme al precepto \u00a0legal citado, se torna viable acceder a la solicitud elevada. \u00a0 \u00a0\u00a0<\/p>\n<p>Por lo expuesto, \u00a0la \u00a0Sala de Casaci\u00f3n Penal \u00a0de \u00a0 la \u00a0 Corte \u00a0 \u00a0 \u00a0Suprema \u00a0 \u00a0 de Justicia, \u00a0\u00a0<\/p>\n<p>RESUELVE: \u00a0<\/p>\n<p>ACEPTAR \u00a0 el \u00a0desistimiento \u00a0del recurso de reposici\u00f3n interpuesto \u00a0contra \u00a0la \u00a0providencia \u00a0del \u00a028 \u00a0de \u00a0mayo \u00a0de \u00a02014, presentado por \u00a0 \u00a0 el \u00a0 \u00a0apoderado \u00a0 \u00a0de \u00a0 \u00a0 Darwin \u00a0 \u00a0 Alexander \u00a0 \u00a0 Valencia \u00a0Cort\u00e9s. \u00a0\u00a0<\/p>\n<p>Contra \u00a0esta \u00a0decisi\u00f3n \u00a0no procede ning\u00fan \u00a0recurso. \u00a0\u00a0<\/p>\n<p>Notif\u00edquese y c\u00famplase. \u00a0<\/p>\n<p>Fernando Alberto Castro Caballero \u00a0<\/p>\n<p>Jos\u00e9 Luis Barcel\u00f3 Camacho \u00a0<\/p>\n<p>Jos\u00e9 Leonidas Bustos Mart\u00ednez \u00a0<\/p>\n<p>(Impedido) \u00a0<\/p>\n<p>Eugenio Fern\u00e1ndez Carlier \u00a0<\/p>\n<p>Mar\u00eda Del Rosario Gonz\u00e1lez Mu\u00f1oz \u00a0<\/p>\n<p>(Impedida) \u00a0\u00a0<\/p>\n<p>Gustavo Enrique Malo Fern\u00e1ndez \u00a0<\/p>\n<p>Eyder Pati\u00f1o Cabrera \u00a0<\/p>\n<p>Patricia Salazar Cu\u00e9llar \u00a0<\/p>\n<p>Luis Guillermo Salazar Otero \u00a0<\/p>\n<p>Nubia Yolanda Nova Garc\u00eda \u00a0<\/p>\n<p>Secretaria \u00a0 \u00a0<\/p>\n<p>1 \u00a0Corresponde \u00a0al \u00a0radicado \u00a032.318, \u00a0decisi\u00f3n \u00a0del \u00a023 \u00a0de \u00a0septiembre \u00a0de 2009, \u00a0allegado \u00a0al \u00a0presente \u00a0tr\u00e1mite \u00a0por virtud de los impedimentos presentados por \u00a0algunos de los integrantes de la Sala. \u00a0\u00a0<\/p>\n<p>2 \u00a0Adicionado \u00a0 \u00a0 \u00a0 \u00a0 por \u00a0 \u00a0 \u00a0 \u00a0el \u00a0 \u00a0 \u00a0 \u00a0art\u00edculo\u00a097\u00a0de la Ley 1395 de 2010. \u00a0 \u00a0\u00a0<\/p>\n<p><\/p>\n","protected":false},"excerpt":{"rendered":"<p>\u00a0 \u00a0 CORTE SUPREMA DE JUSTICIA \u00a0 SALA DE CASACI\u00d3N PENAL \u00a0 \u00a0 \u00a0 \u00a0 \u00a0 \u00a0 Eyder Pati\u00f1o Cabrera \u00a0 Magistrado Ponente \u00a0 AP7221-2014 \u00a0 Radicaci\u00f3n N\u00b0 41.491 \u00a0 (Aprobado \u00a0Acta N\u00b0 \u00a0397) \u00a0\u00a0 Bogot\u00e1 D.C., veinte (20) de noviembre de dos \u00a0mil catorce (2014). \u00a0\u00a0 ASUNTO \u00a0 Se \u00a0resuelve el desistimiento del recurso [&hellip;]<\/p>\n","protected":false},"author":1,"featured_media":0,"comment_status":"open","ping_status":"open","sticky":false,"template":"","format":"standard","meta":{"footnotes":""},"categories":[22],"tags":[],"class_list":["post-29500","post","type-post","status-publish","format-standard","hentry","category-22"],"_links":{"self":[{"href":"https:\/\/dmsjuridica.com\/buscador_20179478954\/salapenalcronologico20230723\/wp-json\/wp\/v2\/posts\/29500","targetHints":{"allow":["GET"]}}],"collection":[{"href":"https:\/\/dmsjuridica.com\/buscador_20179478954\/salapenalcronologico20230723\/wp-json\/wp\/v2\/posts"}],"about":[{"href":"https:\/\/dmsjuridica.com\/buscador_20179478954\/salapenalcronologico20230723\/wp-json\/wp\/v2\/types\/post"}],"author":[{"embeddable":true,"href":"https:\/\/dmsjuridica.com\/buscador_20179478954\/salapenalcronologico20230723\/wp-json\/wp\/v2\/users\/1"}],"replies":[{"embeddable":true,"href":"https:\/\/dmsjuridica.com\/buscador_20179478954\/salapenalcronologico20230723\/wp-json\/wp\/v2\/comments?post=29500"}],"version-history":[{"count":0,"href":"https:\/\/dmsjuridica.com\/buscador_20179478954\/salapenalcronologico20230723\/wp-json\/wp\/v2\/posts\/29500\/revisions"}],"wp:attachment":[{"href":"https:\/\/dmsjuridica.com\/buscador_20179478954\/salapenalcronologico20230723\/wp-json\/wp\/v2\/media?parent=29500"}],"wp:term":[{"taxonomy":"category","embeddable":true,"href":"https:\/\/dmsjuridica.com\/buscador_20179478954\/salapenalcronologico20230723\/wp-json\/wp\/v2\/categories?post=29500"},{"taxonomy":"post_tag","embeddable":true,"href":"https:\/\/dmsjuridica.com\/buscador_20179478954\/salapenalcronologico20230723\/wp-json\/wp\/v2\/tags?post=29500"}],"curies":[{"name":"wp","href":"https:\/\/api.w.org\/{rel}","templated":true}]}}