{"id":29492,"date":"2023-09-13T14:22:15","date_gmt":"2023-09-13T14:22:15","guid":{"rendered":"https:\/\/dmsjuridica.com\/buscador_20179478954\/salapenalcronologico20230723\/2023\/09\/13\/ap7212-201441542\/"},"modified":"2023-09-13T14:22:15","modified_gmt":"2023-09-13T14:22:15","slug":"ap7212-201441542","status":"publish","type":"post","link":"https:\/\/dmsjuridica.com\/buscador_20179478954\/salapenalcronologico20230723\/2023\/09\/13\/ap7212-201441542\/","title":{"rendered":"AP7212-2014(41542)"},"content":{"rendered":"\n<p>\u00a0 \u00a0 CORTE SUPREMA DE JUSTICIA \u00a0<\/p>\n<p>SALA DE CASACI\u00d3N PENAL \u00a0<\/p>\n<p>Eyder Pati\u00f1o Cabrera \u00a0<\/p>\n<p>Magistrado Ponente \u00a0<\/p>\n<p>AP7212-2014 \u00a0<\/p>\n<p>Radicaci\u00f3n \u00a0 \u00a0 \u00a0N\u00ba \u00a0 \u00a0 41.542 \u00a0\u00a0<\/p>\n<p>(Aprobado Acta N\u00ba 397) \u00a0<\/p>\n<p>Bogot\u00e1 D.C., veinte (20) de noviembre de dos \u00a0mil catorce (2014). \u00a0\u00a0<\/p>\n<p>ASUNTO \u00a0<\/p>\n<p>La Corte se pronuncia sobre la admisi\u00f3n de la \u00a0demanda \u00a0de \u00a0revisi\u00f3n \u00a0presentada \u00a0por \u00a0el \u00a0Instituto \u00a0Colombiano de Desarrollo \u00a0Rural, INCODER. \u00a0\u00a0<\/p>\n<p>ANTECEDENTES \u00a0\u00a0<\/p>\n<p>El \u00a010 \u00a0de \u00a0marzo \u00a0de \u00a02011, \u00a0magistrado con \u00a0funci\u00f3n \u00a0de \u00a0control \u00a0de \u00a0garant\u00edas \u00a0de la Sala de Justicia y Paz del Tribunal \u00a0Superior \u00a0de \u00a0Medell\u00edn, \u00a0profiri\u00f3 auto a trav\u00e9s del cual orden\u00f3 el embargo y \u00a0la \u00a0 entrega \u00a0provisional \u00a0de \u00a0unos \u00a0bienes \u00a0a \u00a0la \u00a0agencia \u00a0estatal \u00a0\u201cAcci\u00f3n \u00a0Social\u201d, \u00a0dentro \u00a0de \u00a0la \u00a0causa seguida contra Freddy \u00a0Rend\u00f3n Herrera. \u00a0\u00a0<\/p>\n<p>Esa \u00a0 providencia \u00a0 fue \u00a0apelada \u00a0por \u00a0los \u00a0representantes \u00a0de \u00a0algunas de las v\u00edctimas del il\u00edcito y al desatar la alzada \u00a0esta \u00a0Sala, \u00a0el \u00a08 \u00a0de \u00a0junio \u00a0de 2011 revoc\u00f3 la decisi\u00f3n y orden\u00f3 la entrega \u00a0provisional \u00a0 de \u00a0 la \u00a0 posesi\u00f3n \u00a0 y \u00a0unas \u00a0mejoras1. \u00a0\u00a0<\/p>\n<p>LA DEMANDA \u00a0<\/p>\n<p>\u00a0 \u00a0\u00a0<\/p>\n<p>1. A trav\u00e9s de apoderado, el Instituto \u00a0Colombiano \u00a0 \u00a0de \u00a0 \u00a0Desarrollo \u00a0 \u00a0Rural, \u00a0 \u00a0INCODER, \u00a0 \u00a0present\u00f3 \u00a0 \u00abRecurso \u00a0Extraordinario de Revisi\u00f3n\u00bb2, \u00a0contra \u00a0 el \u00a0 auto \u00a0 del \u00a0 8 \u00a0 de \u00a0 junio \u00a0 de \u00a020113, \u00a0con \u00a0fundamento en la causal \u00a014 \u00a0del art\u00edculo 380 del C\u00f3digo de Procedimiento Civil. \u00a0 \u00a0\u00a0<\/p>\n<p>\u00a0 \u00a0\u00a0<\/p>\n<p>1. Solicit\u00f3 \u00a0dejar \u00a0sin \u00a0efectos \u00a0la \u00a0\u00absentencia\u00bb \u00a0(sic)5 \u00a0del \u00a08 \u00a0de \u00a0junio \u00a0de \u00a02011, \u00a0emitida por esta Sala en el radicado \u00a036.071, \u00a0tramitado \u00a0en \u00a0la \u00a0causa \u00a0seguida al amparo de la Ley de Justicia y Paz \u00a0contra \u00a0 \u00a0 el \u00a0 \u00a0 desmovilizado \u00a0 \u00a0 Fredy \u00a0 \u00a0Rend\u00f3n \u00a0Herrera, \u00a0 por \u00a0 estar \u00a0 frente \u00a0 a \u00a0 la \u00a0 causal \u00a0de \u00a0\u00abnulidad\u00bb \u00a0 \u00a0(sic). \u00a0 \u00a0\u00a0<\/p>\n<p>El sustento de su tesis la hace consistir en: \u00a0\u00ab[h]aberse \u00a0 \u00a0(sic) \u00a0encontrado \u00a0despu\u00e9s de pronunciada la sentencia documentos que habr\u00edan variado \u00a0la \u00a0decisi\u00f3n \u00a0contenida \u00a0en ella, nulidad comprendida \u00a0en \u00a0el \u00a0art\u00edculo \u00a0140, numeral 3 del C\u00f3digo de Procedimiento Civil\u00bb. \u00a0\u00a0<\/p>\n<p>CONSIDERACIONES \u00a0<\/p>\n<p>\u00a0 \u00a0\u00a0<\/p>\n<p>1. Para empezar, la Sala destaca que la \u00a0decisi\u00f3n \u00a0objeto \u00a0de \u00a0acci\u00f3n de revisi\u00f3n la tramit\u00f3 la Corte al amparo de la \u00a0Ley \u00a0 de \u00a0 Justicia \u00a0y \u00a0Paz, \u00a0dentro \u00a0del \u00a0proceso \u00a0que \u00a0curs\u00f3 \u00a0en \u00a0contra \u00a0del \u00a0desmovilizado \u00a0 Fredy \u00a0 Rend\u00f3n \u00a0 Herrera. \u00a0 \u00a0\u00a0<\/p>\n<p>\u00a0 \u00a0\u00a0<\/p>\n<p>1. En el caso concreto, se observa que \u00a0el \u00a0l\u00edbelo \u00a0tiene \u00a0como prop\u00f3sito atacar la providencia adoptada el 8 de junio \u00a0de \u00a02011, \u00a0a \u00a0trav\u00e9s de la cual se desat\u00f3 la alzada interpuesta contra el auto \u00a0interlocutorio \u00a0proferido \u00a0por Magistrado con funciones de control de garant\u00edas \u00a0de \u00a0la Sala de Justicia y Paz del Tribunal Superior de Medell\u00edn, el 10 de marzo \u00a0del \u00a0mismo \u00a0a\u00f1o, \u00a0raz\u00f3n \u00a0por \u00a0la \u00a0cual, \u00a0f\u00e1cil y tempranamente se concluye la \u00a0improcedencia de la demanda. \u00a0 \u00a0\u00a0<\/p>\n<p>En \u00a0efecto, \u00a0de conformidad con lo dispuesto \u00a0por \u00a0el \u00a0art\u00edculo \u00a0192 \u00a0de \u00a0la Ley 906 de 2004, la acci\u00f3n de revisi\u00f3n procede \u00a0contra \u00a0sentencias \u00a0ejecutoriadas, calidad que, como viene de verse, no tiene la \u00a0decisi\u00f3n \u00a0 de \u00a0 segunda \u00a0instancia \u00a0objeto \u00a0de \u00a0ataque, \u00a0de \u00a0donde \u00a0deviene \u00a0su \u00a0inadmisi\u00f3n. \u00a0\u00a0<\/p>\n<p>En \u00a0m\u00e9rito \u00a0de \u00a0lo \u00a0expuesto, \u00a0la \u00a0Sala \u00a0de \u00a0Casaci\u00f3n Penal de la Corte Suprema de Justicia, \u00a0\u00a0<\/p>\n<p>RESUELVE: \u00a0<\/p>\n<p>INADMITIR la demanda \u00a0de \u00a0revisi\u00f3n \u00a0presentada \u00a0por \u00a0el \u00a0Instituto \u00a0Colombiano \u00a0de \u00a0Desarrollo Rural, \u00a0INCODER, a trav\u00e9s de apoderado, conforme a lo considerado. \u00a0\u00a0<\/p>\n<p>Contra \u00a0esta decisi\u00f3n procede el recurso de \u00a0reposici\u00f3n. \u00a0\u00a0<\/p>\n<p>Notif\u00edquese y c\u00famplase. \u00a0<\/p>\n<p>Eugenio Fern\u00e1ndez Carlier \u00a0<\/p>\n<p>Magistrado \u00a0<\/p>\n<p>Gustavo Enrique Malo Fern\u00e1ndez \u00a0<\/p>\n<p>Magistrado \u00a0<\/p>\n<p>Eyder Pati\u00f1o Cabrera \u00a0<\/p>\n<p>Magistrado \u00a0<\/p>\n<p>Patricia Salazar Cu\u00e9llar \u00a0<\/p>\n<p>Magistrada \u00a0<\/p>\n<p>Luis Guillermo Salazar Otero \u00a0<\/p>\n<p>Magistrado \u00a0<\/p>\n<p>Nubia Yolanda Nova Garc\u00eda \u00a0<\/p>\n<p>Secretaria. \u00a0 \u00a0\u00a0<\/p>\n<p>1 Sobre \u00a0los \u00a0lotes denominados \u201cEl Para\u00edso\u201d, \u201cLa Escuela\u201d y \u201cPlaya Soledad\u201d \u00a0del \u00a0 \u00a0corregimiento \u00a0 \u00a0El \u00a0 Rufino, \u00a0 Vereda \u00a0 Pinorroa, \u00a0 del \u00a0 municipio \u00a0 de \u00a0Acand\u00ed. \u00a0\u00a0<\/p>\n<p>2 \u00a0Fol. 93, CO 1. \u00a0\u00a0<\/p>\n<p>3 \u00a0A \u00a0trav\u00e9s \u00a0del cual orden\u00f3 la entrega provisional de la posesi\u00f3n y mejoras sobre \u00a0los \u00a0 lotes \u00a0 innominados \u00a0 \u201cEl \u00a0 Para\u00edso\u201d, \u00a0\u201cLa \u00a0Escuela\u201d \u00a0y \u00a0\u201cPlaya \u00a0Soledad\u201d, \u00a0 \u00a0del \u00a0 \u00a0corregimiento \u00a0 \u00a0El \u00a0 \u00a0Rufino, \u00a0 \u00a0Vereda \u00a0 \u00a0Pinorroa \u00a0 \u00a0de \u00a0Acand\u00ed. \u00a0\u00a0<\/p>\n<p>4 \u00a0\u00abHaberse \u00a0 encontrado \u00a0despu\u00e9s \u00a0de \u00a0pronunciada \u00a0la \u00a0sentencia \u00a0documentos \u00a0que \u00a0habr\u00edan \u00a0variado \u00a0la \u00a0decisi\u00f3n \u00a0contenida \u00a0en ella, y que el recurrente no pudo aportarlos al proceso \u00a0por \u00a0 \u00a0fuerza \u00a0 \u00a0mayor \u00a0 \u00a0o \u00a0 caso \u00a0 fortuito \u00a0 o \u00a0 por \u00a0 obra \u00a0 de \u00a0 la \u00a0 parte \u00a0contraria.\u00bb \u00a0\u00a0<\/p>\n<p>5 \u00a0Revisada \u00a0la \u00a0providencia, \u00a0se \u00a0verific\u00f3 \u00a0que \u00a0se \u00a0trata \u00a0de \u00a0una \u00a0decisi\u00f3n de \u00a0car\u00e1cter interlocutoria. \u00a0 \u00a0\u00a0<\/p>\n<p><\/p>\n","protected":false},"excerpt":{"rendered":"<p>\u00a0 \u00a0 CORTE SUPREMA DE JUSTICIA \u00a0 SALA DE CASACI\u00d3N PENAL \u00a0 Eyder Pati\u00f1o Cabrera \u00a0 Magistrado Ponente \u00a0 AP7212-2014 \u00a0 Radicaci\u00f3n \u00a0 \u00a0 \u00a0N\u00ba \u00a0 \u00a0 41.542 \u00a0\u00a0 (Aprobado Acta N\u00ba 397) \u00a0 Bogot\u00e1 D.C., veinte (20) de noviembre de dos \u00a0mil catorce (2014). \u00a0\u00a0 ASUNTO \u00a0 La Corte se pronuncia sobre la admisi\u00f3n [&hellip;]<\/p>\n","protected":false},"author":1,"featured_media":0,"comment_status":"open","ping_status":"open","sticky":false,"template":"","format":"standard","meta":{"footnotes":""},"categories":[22],"tags":[],"class_list":["post-29492","post","type-post","status-publish","format-standard","hentry","category-22"],"_links":{"self":[{"href":"https:\/\/dmsjuridica.com\/buscador_20179478954\/salapenalcronologico20230723\/wp-json\/wp\/v2\/posts\/29492","targetHints":{"allow":["GET"]}}],"collection":[{"href":"https:\/\/dmsjuridica.com\/buscador_20179478954\/salapenalcronologico20230723\/wp-json\/wp\/v2\/posts"}],"about":[{"href":"https:\/\/dmsjuridica.com\/buscador_20179478954\/salapenalcronologico20230723\/wp-json\/wp\/v2\/types\/post"}],"author":[{"embeddable":true,"href":"https:\/\/dmsjuridica.com\/buscador_20179478954\/salapenalcronologico20230723\/wp-json\/wp\/v2\/users\/1"}],"replies":[{"embeddable":true,"href":"https:\/\/dmsjuridica.com\/buscador_20179478954\/salapenalcronologico20230723\/wp-json\/wp\/v2\/comments?post=29492"}],"version-history":[{"count":0,"href":"https:\/\/dmsjuridica.com\/buscador_20179478954\/salapenalcronologico20230723\/wp-json\/wp\/v2\/posts\/29492\/revisions"}],"wp:attachment":[{"href":"https:\/\/dmsjuridica.com\/buscador_20179478954\/salapenalcronologico20230723\/wp-json\/wp\/v2\/media?parent=29492"}],"wp:term":[{"taxonomy":"category","embeddable":true,"href":"https:\/\/dmsjuridica.com\/buscador_20179478954\/salapenalcronologico20230723\/wp-json\/wp\/v2\/categories?post=29492"},{"taxonomy":"post_tag","embeddable":true,"href":"https:\/\/dmsjuridica.com\/buscador_20179478954\/salapenalcronologico20230723\/wp-json\/wp\/v2\/tags?post=29492"}],"curies":[{"name":"wp","href":"https:\/\/api.w.org\/{rel}","templated":true}]}}