{"id":29386,"date":"2023-09-13T14:19:11","date_gmt":"2023-09-13T14:19:11","guid":{"rendered":"https:\/\/dmsjuridica.com\/buscador_20179478954\/salapenalcronologico20230723\/2023\/09\/13\/ap6648-201444911\/"},"modified":"2023-09-13T14:19:11","modified_gmt":"2023-09-13T14:19:11","slug":"ap6648-201444911","status":"publish","type":"post","link":"https:\/\/dmsjuridica.com\/buscador_20179478954\/salapenalcronologico20230723\/2023\/09\/13\/ap6648-201444911\/","title":{"rendered":"AP6648-2014(44911)"},"content":{"rendered":"\n<p>\u00a0 \u00a0 \u00a0\u00a0<\/p>\n<p>CORTE SUPREMA DE JUSTICIA \u00a0<\/p>\n<p>SALA DE CASACI\u00d3N PENAL \u00a0<\/p>\n<p>JOS\u00c9 LUIS BARCEL\u00d3 CAMACHO \u00a0<\/p>\n<p>Magistrado Ponente \u00a0<\/p>\n<p>AP6648-2014 \u00a0<\/p>\n<p>Radicaci\u00f3n N\u00b0 44911 \u00a0<\/p>\n<p>(Aprobado acta N\u00ba 365)\u00a0 \u00a0<\/p>\n<p>Bogot\u00e1, D.C., veintiocho (28) de octubre de \u00a0dos mil catorce (2014). \u00a0\u00a0<\/p>\n<p>Define la Corte la competencia para conocer \u00a0del \u00a0tr\u00e1mite \u00a0adelantado \u00a0en \u00a0contra de M\u00d3NICA JANETH \u00a0LONDO\u00d1O \u00a0 \u00a0 \u00a0ARISTIZABAL \u00a0 \u00a0 \u00a0y \u00a0 \u00a0 CARMEN \u00a0CECILIA \u00a0MARI\u00d1O \u00a0FL\u00d3REZ, por las \u00a0conductas \u00a0punibles \u00a0de \u00a0rebeli\u00f3n \u00a0y \u00a0concierto \u00a0para delinquir agravado.\u00a0 \u00a0\u00a0<\/p>\n<p>A N T E C E D E N T E S \u00a0<\/p>\n<p>1. \u00a0Conforme \u00a0el escrito de acusaci\u00f3n, las \u00a0diligencias \u00a0tuvieron \u00a0su \u00a0origen \u00a0a \u00a0trav\u00e9s de denuncia formulada en el mes de \u00a0marzo \u00a0de \u00a02007, \u00a0ante el Departamento Administrativo de Seguridad, en la que se \u00a0inform\u00f3 \u00a0acerca \u00a0de una serie de delitos cometidos por integrantes de las FARC, \u00a0espec\u00edficamente \u00a0 por \u00a0 el \u00a0 Bloque \u00a0Magdalena \u00a0Medio, \u00a0dando \u00a0paso \u00a0a \u00a0que \u00a0se \u00a0investigaran \u00a0las \u00a0actividades \u00a0llevadas \u00a0a cabo por los frentes 4, 20, 24 y las \u00a0compa\u00f1\u00edas \u00a0\u201cGerardo \u00a0Guevara\u201d y \u201cRa\u00fal Eduardo Mahecha\u201d. De este modo, \u00a0se \u00a0identificaron \u00a0y judicializaron varias personas que brindaron informaci\u00f3n a \u00a0las \u00a0autoridades \u00a0con \u00a0la \u00a0se ubic\u00f3 un campamento de la subversi\u00f3n en el sitio \u00a0conocido \u00a0como \u00a0Moriba, \u00a0municipio \u00a0de \u00a0San \u00a0Pablo (Bol\u00edvar), siendo capturadas \u00a0M\u00d3NICA \u00a0JANETH \u00a0LONDO\u00d1O \u00a0ARIST\u00cdZABAL \u00a0y \u00a0 \u00a0CARMEN \u00a0 CECILIA \u00a0 MARI\u00d1O \u00a0 FLOREZ \u00a0por \u00a0miembros \u00a0del \u00a0Ej\u00e9rcito \u00a0que adem\u00e1s incautaron \u00a0all\u00ed armamento y material de intendencia. \u00a0\u00a0<\/p>\n<p>2. Radicado escrito de acusaci\u00f3n por estos \u00a0hechos \u00a0ante el Juzgado Primero Penal del Circuito Especializado de Bucaramanga, \u00a0se \u00a0instal\u00f3 \u00a0la \u00a0audiencia de formulaci\u00f3n respectiva el 14 de octubre de 2014, \u00a0en \u00a0la \u00a0cual \u00a0la \u00a0Fiscal\u00eda \u00a0puso \u00a0a \u00a0consideraci\u00f3n \u00a0de ese estrado judicial un \u00a0preacuerdo \u00a0al \u00a0que \u00a0arrib\u00f3 \u00a0con \u00a0las \u00a0implicadas. \u00a0No obstante, el titular del \u00a0despacho \u00a0en \u00a0cita, \u00a0se \u00a0declar\u00f3 \u00a0incompetente \u00a0para conocer de las diligencias \u00a0aduciendo \u00a0que \u00a0los \u00a0sucesos \u00a0materia \u00a0de tr\u00e1mite fueron cometidos en distintos \u00a0lugares \u00a0diferentes \u00a0al departamento de Santander, esto es, en los departamentos \u00a0de \u00a0Bol\u00edvar \u00a0y Antioquia, por lo que conforme los art\u00edculos 32, numeral 4\u00ba, y \u00a054 \u00a0del \u00a0C\u00f3digo \u00a0de \u00a0Procedimiento Penal, remiti\u00f3 el expediente a la Sala para \u00a0dirimir el particular. \u00a0\u00a0<\/p>\n<p>CONSIDERACIONES\u00a0 \u00a0 DE\u00a0 \u00a0 LA\u00a0 \u00a0CORTE \u00a0\u00a0<\/p>\n<p>1. \u00a0La \u00a0Sala es competente para definir la controversia planteada en el \u00a0presente \u00a0asunto \u00a0de acuerdo con los art\u00edculos 32, numeral 4\u00ba, y 341 de la Ley \u00a0906 \u00a0de \u00a02004, \u00a0por cuanto en el debate acerca del funcionario llamado a conocer \u00a0del \u00a0tr\u00e1mite \u00a0se \u00a0involucran \u00a0juzgadores \u00a0que pertenecen a diferentes distritos \u00a0judiciales. \u00a0\u00a0<\/p>\n<p>2. \u00a0 Habilitada \u00a0 as\u00ed \u00a0 la \u00a0 Corte \u00a0para \u00a0pronunciarse, \u00a0se \u00a0tiene \u00a0que el criterio general que asigna la competencia para \u00a0conocer \u00a0del \u00a0juzgamiento \u00a0al funcionario del sitio en el que ocurri\u00f3 el delito \u00a0(factor \u00a0territorial) \u00a0resulta \u00a0insuficiente \u00a0en \u00a0este \u00a0caso, atendiendo que los \u00a0injustos \u00a0 \u00a0endilgados \u00a0 \u00a0a \u00a0 LONDO\u00d1O \u00a0 ARIST\u00cdZABAL \u00a0y \u00a0 \u00a0 \u00a0 \u00a0MARI\u00d1O \u00a0FL\u00d3REZ, \u00a0 de \u00a0 acuerdo \u00a0con \u00a0el \u00a0recuento \u00a0f\u00e1ctico \u00a0realizado \u00a0 en \u00a0la \u00a0audiencia \u00a0de \u00a0formulaci\u00f3n \u00a0de \u00a0imputaci\u00f3n, \u00a0se \u00a0catalogan \u00a0ejecutados \u00a0 en \u00a0 distintos \u00a0 puntos \u00a0geogr\u00e1ficos, \u00a0en \u00a0concreto, \u00a0\u201cla \u00a0 zona \u00a0 donde \u00a0 fueron \u00a0 capturadas \u00a0 y \u00a0sus \u00a0corredores \u00a0de \u00a0movilidad\u201d1, \u00a0haci\u00e9ndose \u00a0menci\u00f3n, \u00a0inclusive, de \u00a0diversos \u00a0municipios \u00a0del \u00a0departamento \u00a0de \u00a0Antioquia \u00a0y Bol\u00edvar, entre otros, \u00a0Yond\u00f3, Cantagallo y San Jacinto. \u00a0\u00a0<\/p>\n<p>En estas condiciones, al tenor del art\u00edculo \u00a043, \u00a0inciso \u00a02\u00ba, de la Ley 906 de 2004, -cuyo contenido fue pasado por alto por \u00a0el \u00a0Juez \u00a0Primero \u00a0Penal \u00a0del \u00a0Circuito Especializado de Bucaramanga-, cuando no \u00a0fuere \u00a0posible \u00a0determinar \u00a0el \u00a0lugar \u00a0de \u00a0ocurrencia del hecho, este se hubiere \u00a0realizado \u00a0en varios lugares, en uno incierto o en el extranjero, la competencia \u00a0del \u00a0juez \u00a0de \u00a0conocimiento se fija por el lugar en el que se formule acusaci\u00f3n \u00a0por \u00a0la \u00a0Fiscal\u00eda \u00a0General de la Naci\u00f3n, siendo el par\u00e1metro para proceder de \u00a0conformidad \u00a0la \u00a0localizaci\u00f3n de sus elementos fundamentales y estos, seg\u00fan la \u00a0relaci\u00f3n \u00a0aportada \u00a0en \u00a0el \u00a0anexo \u00a0correspondiente, \u00a0reposan en su mayor\u00eda, al \u00a0parecer, \u00a0en \u00a0esa \u00a0ciudad. Lo mismo sucede con varios testigos que eventualmente \u00a0se \u00a0ubican \u00a0all\u00ed \u00a0y \u00a0en Barrancabermeja, conforme se colige del relato f\u00e1ctico \u00a0realizado \u00a0al \u00a0formularse la imputaci\u00f3n, ya que se trata de militares adscritos \u00a0a \u00a0la \u00a0Quinta \u00a0Brigada del Ej\u00e9rcito y al Batall\u00f3n de Artiller\u00eda Nueva Granada \u00a0con \u00a0 \u00a0 \u00a0sede \u00a0 \u00a0 \u00a0en \u00a0 \u00a0 \u00a0dichas \u00a0 \u00a0 \u00a0ciudades.2 \u00a0\u00a0<\/p>\n<p>Aunado \u00a0a lo anterior, ha se\u00f1alado la Sala \u00a0trat\u00e1ndose \u00a0del \u00a0delito \u00a0de \u00a0rebeli\u00f3n, \u00a0-el \u00a0cual, \u00a0por \u00a0conexidad, \u00a0ha de ser \u00a0tramitado \u00a0en \u00a0conjunto \u00a0con \u00a0el \u00a0de concierto para delinquir agravado y por los \u00a0jueces \u00a0 penales \u00a0 del \u00a0 circuito \u00a0 especializados3-, lo siguiente: \u00a0\u00a0<\/p>\n<p>\u201cEl \u00a0\u00e1mbito \u00a0territorial \u00a0del \u00a0delito de \u00a0rebeli\u00f3n \u00a0es \u00a0todo \u00a0el \u00a0suelo \u00a0patrio, \u00a0pues es el gobierno el que pretende ser \u00a0derrocado, \u00a0o \u00a0su \u00a0r\u00e9gimen \u00a0constitucional o legal suprimido o modificado, y en \u00a0ese \u00a0sentido \u00a0las organizaciones armadas, como sucede en este caso son las FARC, \u00a0responden \u00a0a \u00a0una \u00a0sola \u00a0acci\u00f3n \u00a0nacional \u00a0y \u00a0no a la espec\u00edfica regi\u00f3n donde \u00a0adelantan \u00a0 \u00a0 operaciones \u00a0 \u00a0 sus \u00a0 \u00a0 frentes\u201d4. \u00a0\u00a0<\/p>\n<p>Por \u00a0consiguiente, \u00a0el \u00a0factor \u00a0llamado \u00a0a \u00a0solucionar \u00a0el \u00a0problema \u00a0planteado, \u00a0no \u00a0es \u00a0el \u00a0territorial \u00a0(inciso \u00a01\u00ba \u00a0del \u00a0art\u00edculo \u00a043 \u00a0Ley \u00a0906 \u00a0de \u00a02004), \u00a0pues bajo ese criterio cualquier juez de la \u00a0rep\u00fablica \u00a0por \u00a0la \u00a0naturaleza \u00a0del \u00a0asunto tendr\u00eda competencia para asumir el \u00a0conocimiento de la actuaci\u00f3n. \u00a0\u00a0<\/p>\n<p>Sin \u00a0embargo en asuntos como el trazado, la \u00a0norma en cita en su inciso segundo se refiere a \u00e9ste t\u00f3pico as\u00ed: \u00a0\u00a0<\/p>\n<p>\u201cCuando \u00a0no \u00a0fuere \u00a0posible determinar el \u00a0lugar \u00a0de ocurrencia del hecho, \u00e9ste se hubiere realizado en varios lugares, en \u00a0uno \u00a0incierto \u00a0o \u00a0en el extranjero, la competencia del \u00a0juez \u00a0de \u00a0conocimiento \u00a0se \u00a0fija por el lugar donde se \u00a0formule \u00a0acusaci\u00f3n por parte de la Fiscal\u00eda General \u00a0de \u00a0la \u00a0Naci\u00f3n, \u00a0lo cual se har\u00e1 donde se encuentren \u00a0los \u00a0elementos \u00a0fundamentales \u00a0de \u00a0la \u00a0acusaci\u00f3n\u201d. \u00a0(Negrilla y subrayas de la Sala). \u00a0\u00a0<\/p>\n<p>De \u00a0lo \u00a0anterior \u00a0se \u00a0tiene \u00a0que \u00a0cuando la \u00a0consumaci\u00f3n \u00a0de \u00a0un \u00a0delito \u00a0se \u00a0produce \u00a0en \u00a0diferentes lugares del territorio \u00a0nacional, \u00a0es \u00a0la \u00a0Fiscal\u00eda \u00a0General \u00a0de \u00a0la Naci\u00f3n quien tiene la potestad de \u00a0elegir el juez de conocimiento. \u00a0\u00a0<\/p>\n<p>Pero \u00a0dicha \u00a0facultad \u00a0no \u00a0es arbitraria ni \u00a0omn\u00edmoda \u00a0sino \u00a0que \u00a0tal elecci\u00f3n est\u00e1 limitada por el lugar de ubicaci\u00f3n de \u00a0la \u00a0 mayor \u00a0 cantidad \u00a0 y \u00a0calidad \u00a0de \u00a0los \u00a0\u201celementos \u00a0fundamentales \u00a0de \u00a0la \u00a0acusaci\u00f3n\u201d, \u00a0ello \u00a0con \u00a0base en un marcado inter\u00e9s por agilizar y hacer m\u00e1s \u00a0expedita \u00a0la \u00a0presentaci\u00f3n \u00a0de los elementos materiales probatorios en la etapa \u00a0el \u00a0 juicio\u201d. \u00a0 (CSJ \u00a0 AP, \u00a0 14 \u00a0 Mar \u00a02012, \u00a0Rad. \u00a038550) \u00a0\u00a0<\/p>\n<p>3. \u00a0De \u00a0esta \u00a0manera, \u00a0ninguna anomal\u00eda se \u00a0advierte \u00a0en el proceder de la Fiscal\u00eda respecto a la presentaci\u00f3n del escrito \u00a0de \u00a0acusaci\u00f3n \u00a0en \u00a0la \u00a0ciudad \u00a0de \u00a0Bucaramanga, por lo tanto se devolver\u00e1n las \u00a0diligencias \u00a0al \u00a0funcionario remitente para que contin\u00fae con el tr\u00e1mite.\u00a0 \u00a0\u00a0<\/p>\n<p>En \u00a0m\u00e9rito \u00a0de \u00a0lo \u00a0expuesto, LA \u00a0 \u00a0SALA \u00a0 DE \u00a0 CASACI\u00d3N \u00a0 PENAL \u00a0 DE \u00a0 LA \u00a0 CORTE \u00a0 SUPREMA \u00a0 DE \u00a0JUSTICIA, \u00a0\u00a0<\/p>\n<p>R E S U E L V E \u00a0<\/p>\n<p>DECLARAR \u00a0que \u00a0la \u00a0competencia \u00a0 para \u00a0conocer \u00a0del \u00a0proceso \u00a0seguido \u00a0en \u00a0contra \u00a0de \u00a0M\u00d3NICA \u00a0JANETH \u00a0LONDO\u00d1O \u00a0ARISTIZABAL \u00a0y \u00a0CARMEN \u00a0 \u00a0CECILIA \u00a0 \u00a0MARI\u00d1O \u00a0 \u00a0FL\u00d3REZ \u00a0 por \u00a0las \u00a0conductas \u00a0punibles \u00a0de \u00a0rebeli\u00f3n \u00a0y \u00a0concierto \u00a0para \u00a0delinquir \u00a0 \u00a0 \u00a0 \u00a0 agravado, \u00a0 \u00a0 \u00a0 \u00a0corresponde \u00a0al Juzgado Primero Penal del Circuito Especializado de \u00a0Bucaramanga, despacho al que se remitir\u00e1 la actuaci\u00f3n. \u00a0\u00a0<\/p>\n<p>Contra esta decisi\u00f3n no \u00a0procede ning\u00fan recurso \u00a0\u00a0<\/p>\n<p>Comun\u00edquese \u00a0 \u00a0y \u00a0c\u00famplase \u00a0\u00a0<\/p>\n<p>FERNANDO ALBERTO CASTRO CABALLERO \u00a0<\/p>\n<p>Presidente \u00a0<\/p>\n<p>JOS\u00c9 LUIS BARCEL\u00d3 CAMACHO \u00a0<\/p>\n<p>JOS\u00c9 LEONIDAS BUSTOS MART\u00cdNEZ \u00a0<\/p>\n<p>EUGENIO FERN\u00c1NDEZ CARLIER \u00a0<\/p>\n<p>MAR\u00cdA \u00a0 \u00a0 DEL \u00a0 \u00a0ROSARIO \u00a0 \u00a0GONZ\u00c1LEZ \u00a0MU\u00d1OZ \u00a0\u00a0<\/p>\n<p>GUSTAVO ENRIQUE MALO FERN\u00c1NDEZ \u00a0<\/p>\n<p>EYDER PATI\u00d1O CABRERA \u00a0<\/p>\n<p>PATRICIA SALAZAR CU\u00c9LLAR \u00a0<\/p>\n<p>LUIS GUILLERMO SALAZAR OTERO \u00a0<\/p>\n<p>NUBIA YOLANDA NOVA GARC\u00cdA \u00a0<\/p>\n<p>Secretaria \u00a0<\/p>\n<p>\u00a0 \u00a0\u00a0<\/p>\n<p>1 \u00a0Cfr. r\u00e9cord 1:45:15 \u00a0\u00a0<\/p>\n<p>2 \u00a0Cfr. Fl. 24 cuaderno actuaci\u00f3n \u00a0\u00a0<\/p>\n<p>3 \u00a0Art\u00edculos \u00a0 51 \u00a0y \u00a052, \u00a0inciso \u00a0final, \u00a0Ley \u00a0906 \u00a0de \u00a02004 \u00a0\u00a0<\/p>\n<p>4 \u00a0Autos \u00a0del \u00a017 de junio de 2007, Radicado 27.567; 6 de \u00a0abril \u00a0de \u00a02005, \u00a0Radicado 23.501; 22 de octubre de 2002, Radicado 19.946, y del \u00a030 de mayo de 2000, Radicado 17.034, entre otros. \u00a0 \u00a0\u00a0<\/p>\n<p><\/p>\n","protected":false},"excerpt":{"rendered":"<p>\u00a0 \u00a0 \u00a0\u00a0 CORTE SUPREMA DE JUSTICIA \u00a0 SALA DE CASACI\u00d3N PENAL \u00a0 JOS\u00c9 LUIS BARCEL\u00d3 CAMACHO \u00a0 Magistrado Ponente \u00a0 AP6648-2014 \u00a0 Radicaci\u00f3n N\u00b0 44911 \u00a0 (Aprobado acta N\u00ba 365)\u00a0 \u00a0 Bogot\u00e1, D.C., veintiocho (28) de octubre de \u00a0dos mil catorce (2014). \u00a0\u00a0 Define la Corte la competencia para conocer \u00a0del \u00a0tr\u00e1mite \u00a0adelantado \u00a0en [&hellip;]<\/p>\n","protected":false},"author":1,"featured_media":0,"comment_status":"open","ping_status":"open","sticky":false,"template":"","format":"standard","meta":{"footnotes":""},"categories":[22],"tags":[],"class_list":["post-29386","post","type-post","status-publish","format-standard","hentry","category-22"],"_links":{"self":[{"href":"https:\/\/dmsjuridica.com\/buscador_20179478954\/salapenalcronologico20230723\/wp-json\/wp\/v2\/posts\/29386","targetHints":{"allow":["GET"]}}],"collection":[{"href":"https:\/\/dmsjuridica.com\/buscador_20179478954\/salapenalcronologico20230723\/wp-json\/wp\/v2\/posts"}],"about":[{"href":"https:\/\/dmsjuridica.com\/buscador_20179478954\/salapenalcronologico20230723\/wp-json\/wp\/v2\/types\/post"}],"author":[{"embeddable":true,"href":"https:\/\/dmsjuridica.com\/buscador_20179478954\/salapenalcronologico20230723\/wp-json\/wp\/v2\/users\/1"}],"replies":[{"embeddable":true,"href":"https:\/\/dmsjuridica.com\/buscador_20179478954\/salapenalcronologico20230723\/wp-json\/wp\/v2\/comments?post=29386"}],"version-history":[{"count":0,"href":"https:\/\/dmsjuridica.com\/buscador_20179478954\/salapenalcronologico20230723\/wp-json\/wp\/v2\/posts\/29386\/revisions"}],"wp:attachment":[{"href":"https:\/\/dmsjuridica.com\/buscador_20179478954\/salapenalcronologico20230723\/wp-json\/wp\/v2\/media?parent=29386"}],"wp:term":[{"taxonomy":"category","embeddable":true,"href":"https:\/\/dmsjuridica.com\/buscador_20179478954\/salapenalcronologico20230723\/wp-json\/wp\/v2\/categories?post=29386"},{"taxonomy":"post_tag","embeddable":true,"href":"https:\/\/dmsjuridica.com\/buscador_20179478954\/salapenalcronologico20230723\/wp-json\/wp\/v2\/tags?post=29386"}],"curies":[{"name":"wp","href":"https:\/\/api.w.org\/{rel}","templated":true}]}}