{"id":29315,"date":"2023-09-13T14:19:07","date_gmt":"2023-09-13T14:19:07","guid":{"rendered":"https:\/\/dmsjuridica.com\/buscador_20179478954\/salapenalcronologico20230723\/2023\/09\/13\/ap6440-201443794\/"},"modified":"2023-09-13T14:19:07","modified_gmt":"2023-09-13T14:19:07","slug":"ap6440-201443794","status":"publish","type":"post","link":"https:\/\/dmsjuridica.com\/buscador_20179478954\/salapenalcronologico20230723\/2023\/09\/13\/ap6440-201443794\/","title":{"rendered":"AP6440-2014(43794)"},"content":{"rendered":"\n<p>\u00a0 \u00a0 CORTE SUPREMA DE JUSTICIA \u00a0<\/p>\n<p>SALA DE CASACI\u00d3N PENAL \u00a0<\/p>\n<p>\u00a0 \u00a0 \u00a0 \u00a0 \u00a0<\/p>\n<p>Eyder Pati\u00f1o Cabrera \u00a0<\/p>\n<p>Magistrado Ponente \u00a0<\/p>\n<p>AP6440-2014 \u00a0<\/p>\n<p>Radicaci\u00f3n N\u00b0 43.794 \u00a0<\/p>\n<p>(Aprobado \u00a0Acta N\u00b0 \u00a0349) \u00a0\u00a0<\/p>\n<p>Bogot\u00e1 \u00a0D.C., \u00a0veintid\u00f3s (22) de octubre de \u00a0dos mil catorce (2014). \u00a0\u00a0<\/p>\n<p>ASUNTO: \u00a0\u00a0<\/p>\n<p>La \u00a0Corte decide acerca de la manifestaci\u00f3n \u00a0de \u00a0desistimiento \u00a0de \u00a0la \u00a0acci\u00f3n \u00a0de revisi\u00f3n, presentada por el apoderado de \u00a0Joel \u00a0 \u00a0 \u00a0 \u00a0 Reyes \u00a0 \u00a0 \u00a0 \u00a0Calder\u00f3n. \u00a0\u00a0<\/p>\n<p>ANTECEDENTES: \u00a0\u00a0<\/p>\n<p>\u00a0 \u00a0\u00a0<\/p>\n<p>1. Mediante sentencia proferida el 19 \u00a0de \u00a0abril \u00a0de 2013, el Juzgado 55 Penal del Circuito Adjunto de Bogot\u00e1 conden\u00f3 \u00a0a \u00a0Joel \u00a0Reyes Calder\u00f3n a la \u00a0pena \u00a0de \u00a056 \u00a0meses \u00a0de prisi\u00f3n, al encontrarlo autor responsable del delito de \u00a0obtenci\u00f3n \u00a0de \u00a0documento p\u00fablico falso, \u00a0 agravado \u00a0por \u00a0el \u00a0uso, \u00a0agotado \u00a0en \u00a0concurso \u00a0con \u00a0fraude procesal. \u00a0\u00a0<\/p>\n<p>2. La Sala Penal del Tribunal Superior \u00a0de \u00a0Bogot\u00e1 \u00a0confirm\u00f3 el fallo de primer grado en decisi\u00f3n del 4 de septiembre \u00a0de 2013. \u00a0 \u00a0\u00a0<\/p>\n<p>\u00a0 \u00a0\u00a0<\/p>\n<p>1. El \u00a0apoderado \u00a0de \u00a0Joel \u00a0Reyes \u00a0Calder\u00f3n interpuso demanda de \u00a0revisi\u00f3n \u00a0contra \u00a0el fallo condenatorio, la cual fue repartida el 19 de mayo de \u00a02014. \u00a0 \u00a0\u00a0<\/p>\n<p>\u00a0 \u00a0\u00a0<\/p>\n<p>1. El \u00a02 de julio siguiente, el\u00a0 \u00a0mandatario comunic\u00f3 su desistimiento de la acci\u00f3n. \u00a0 \u00a0\u00a0<\/p>\n<p>CONSIDERACIONES \u00a0\u00a0<\/p>\n<p>\u00a0 \u00a0\u00a0<\/p>\n<p>1. Estas diligencias se gobernaron por \u00a0la \u00a0Ley \u00a0600 \u00a0de \u00a02000, \u00a0disposici\u00f3n \u00a0que \u00a0en \u00a0su \u00a0art\u00edculo \u00a0230 \u00a0prev\u00e9 \u00a0que, \u00a0\u00abpodr\u00e1 \u00a0desistirse de (\u2026) la acci\u00f3n de revisi\u00f3n \u00a0antes \u00a0 de \u00a0 que \u00a0la \u00a0Sala \u00a0las \u00a0decida\u00bb. \u00a0 \u00a0\u00a0<\/p>\n<p>\u00a0 \u00a0\u00a0<\/p>\n<p>1. Revisado el expediente, se advierte \u00a0que \u00a0al\u00a0 \u00a0presentarse \u00a0el \u00a0escrito de desistimiento el proceso se encuentra \u00a0para \u00a0 el \u00a0 estudio \u00a0 de \u00a0 los \u00a0 requisitos \u00a0formales \u00a0de \u00a0admisibilidad \u00a0de \u00a0la \u00a0demanda. \u00a0 \u00a0\u00a0<\/p>\n<p>\u00a0 \u00a0\u00a0<\/p>\n<p>1. Toda vez que a\u00fan no se ha adoptado \u00a0una \u00a0decisi\u00f3n \u00a0sobre \u00a0este t\u00f3pico en particular, que orienta el tr\u00e1mite de la \u00a0actuaci\u00f3n \u00a0a \u00a0seguir \u00a0por \u00a0parte \u00a0de \u00a0esta Sala, es raz\u00f3n por la cual se torna \u00a0viable acceder a lo solicitado, conforme al precepto legal citado. \u00a0 \u00a0\u00a0<\/p>\n<p>Por lo expuesto, \u00a0la \u00a0Sala de Casaci\u00f3n Penal \u00a0de \u00a0 la \u00a0 Corte \u00a0 \u00a0 \u00a0Suprema \u00a0 \u00a0 \u00a0de Justicia, \u00a0\u00a0<\/p>\n<p>RESUELVE: \u00a0<\/p>\n<p>Primero. RECONOCER \u00a0al \u00a0 \u00a0abogado \u00a0 \u00a0William \u00a0 \u00a0de \u00a0 \u00a0Jes\u00fas \u00a0 \u00a0Velasco \u00a0Roberto, \u00a0 \u00a0cedulado \u00a0 \u00a0con \u00a0 \u00a0el \u00a0 \u00a0N\u00ba \u00a0 \u00a079.236.249 \u00a0 \u00a0y \u00a0 \u00a0tarjeta \u00a0 \u00a0 \u00a0 \u00a0 \u00a0 profesional \u00a0 \u00a0 \u00a0 \u00a0 N\u00ba \u00a0 \u00a076.461, \u00a0 como \u00a0 apoderado \u00a0 de \u00a0Joel \u00a0Reyes Calder\u00f3n, en los \u00a0t\u00e9rminos del poder conferido. \u00a0\u00a0<\/p>\n<p>Segundo. \u00a0ACEPTAR \u00a0el \u00a0 desistimiento \u00a0 de \u00a0 la \u00a0acci\u00f3n \u00a0de \u00a0revisi\u00f3n \u00a0presentada \u00a0 \u00a0por \u00a0 \u00a0el \u00a0 apoderado \u00a0 de \u00a0 \u00a0Joel \u00a0 Reyes \u00a0 Calder\u00f3n. \u00a0\u00a0<\/p>\n<p>Contra \u00a0esta \u00a0decisi\u00f3n \u00a0no procede ning\u00fan \u00a0recurso. \u00a0\u00a0<\/p>\n<p>Notif\u00edquese \u00a0y \u00a0c\u00famplase. \u00a0\u00a0<\/p>\n<p>Fernando Alberto Castro Caballero \u00a0<\/p>\n<p>Jos\u00e9 Luis Barcel\u00f3 Camacho \u00a0<\/p>\n<p>Jos\u00e9 Leonidas Bustos Mart\u00ednez \u00a0<\/p>\n<p>Eugenio Fern\u00e1ndez Carlier \u00a0<\/p>\n<p>Mar\u00eda del Rosario Gonz\u00e1lez Mu\u00f1oz \u00a0<\/p>\n<p>Gustavo Enrique Malo Fern\u00e1ndez \u00a0<\/p>\n<p>Eyder Pati\u00f1o Cabrera \u00a0<\/p>\n<p>Patricia Salazar Cu\u00e9llar \u00a0<\/p>\n<p>Luis Guillermo Salazar Otero \u00a0<\/p>\n<p>Nubia Yolanda Nova Garc\u00eda \u00a0<\/p>\n<p>Secretaria. \u00a0 \u00a0\u00a0<\/p>\n<p><\/p>\n","protected":false},"excerpt":{"rendered":"<p>\u00a0 \u00a0 CORTE SUPREMA DE JUSTICIA \u00a0 SALA DE CASACI\u00d3N PENAL \u00a0 \u00a0 \u00a0 \u00a0 \u00a0 \u00a0 Eyder Pati\u00f1o Cabrera \u00a0 Magistrado Ponente \u00a0 AP6440-2014 \u00a0 Radicaci\u00f3n N\u00b0 43.794 \u00a0 (Aprobado \u00a0Acta N\u00b0 \u00a0349) \u00a0\u00a0 Bogot\u00e1 \u00a0D.C., \u00a0veintid\u00f3s (22) de octubre de \u00a0dos mil catorce (2014). \u00a0\u00a0 ASUNTO: \u00a0\u00a0 La \u00a0Corte decide acerca de la [&hellip;]<\/p>\n","protected":false},"author":1,"featured_media":0,"comment_status":"open","ping_status":"open","sticky":false,"template":"","format":"standard","meta":{"footnotes":""},"categories":[22],"tags":[],"class_list":["post-29315","post","type-post","status-publish","format-standard","hentry","category-22"],"_links":{"self":[{"href":"https:\/\/dmsjuridica.com\/buscador_20179478954\/salapenalcronologico20230723\/wp-json\/wp\/v2\/posts\/29315","targetHints":{"allow":["GET"]}}],"collection":[{"href":"https:\/\/dmsjuridica.com\/buscador_20179478954\/salapenalcronologico20230723\/wp-json\/wp\/v2\/posts"}],"about":[{"href":"https:\/\/dmsjuridica.com\/buscador_20179478954\/salapenalcronologico20230723\/wp-json\/wp\/v2\/types\/post"}],"author":[{"embeddable":true,"href":"https:\/\/dmsjuridica.com\/buscador_20179478954\/salapenalcronologico20230723\/wp-json\/wp\/v2\/users\/1"}],"replies":[{"embeddable":true,"href":"https:\/\/dmsjuridica.com\/buscador_20179478954\/salapenalcronologico20230723\/wp-json\/wp\/v2\/comments?post=29315"}],"version-history":[{"count":0,"href":"https:\/\/dmsjuridica.com\/buscador_20179478954\/salapenalcronologico20230723\/wp-json\/wp\/v2\/posts\/29315\/revisions"}],"wp:attachment":[{"href":"https:\/\/dmsjuridica.com\/buscador_20179478954\/salapenalcronologico20230723\/wp-json\/wp\/v2\/media?parent=29315"}],"wp:term":[{"taxonomy":"category","embeddable":true,"href":"https:\/\/dmsjuridica.com\/buscador_20179478954\/salapenalcronologico20230723\/wp-json\/wp\/v2\/categories?post=29315"},{"taxonomy":"post_tag","embeddable":true,"href":"https:\/\/dmsjuridica.com\/buscador_20179478954\/salapenalcronologico20230723\/wp-json\/wp\/v2\/tags?post=29315"}],"curies":[{"name":"wp","href":"https:\/\/api.w.org\/{rel}","templated":true}]}}