{"id":29175,"date":"2023-09-13T14:18:59","date_gmt":"2023-09-13T14:18:59","guid":{"rendered":"https:\/\/dmsjuridica.com\/buscador_20179478954\/salapenalcronologico20230723\/2023\/09\/13\/ap5902-201443353\/"},"modified":"2023-09-13T14:18:59","modified_gmt":"2023-09-13T14:18:59","slug":"ap5902-201443353","status":"publish","type":"post","link":"https:\/\/dmsjuridica.com\/buscador_20179478954\/salapenalcronologico20230723\/2023\/09\/13\/ap5902-201443353\/","title":{"rendered":"AP5902-2014(43353)"},"content":{"rendered":"\n<p>\u00a0 \u00a0 CORTE SUPREMA DE JUSTICIA \u00a0<\/p>\n<p>SALA DE CASACI\u00d3N PENAL \u00a0<\/p>\n<p>JOS\u00c9 LEONIDAS BUSTOS MART\u00cdNEZ \u00a0<\/p>\n<p>Magistrado Ponente \u00a0<\/p>\n<p>AP5902-2014 \u00a0<\/p>\n<p>Radicaci\u00f3n N\u00b043353 \u00a0<\/p>\n<p>(Aprobado \u00a0 Acta \u00a0No.318) \u00a0\u00a0<\/p>\n<p>Bogot\u00e1 D.C., veinticuatro (24) de septiembre \u00a0de dos mil catorce (2014). \u00a0\u00a0<\/p>\n<p>Los \u00a0Magistrados \u00a0doctores Eugenio Fern\u00e1ndez \u00a0Carlier, \u00a0Jos\u00e9 \u00a0Luis \u00a0Barcel\u00f3 \u00a0Camacho, \u00a0Fernando \u00a0Alberto \u00a0Castro Caballero y \u00a0Mar\u00eda \u00a0del Rosario Gonz\u00e1lez Mu\u00f1oz se declaran impedidos\u00a0 para intervenir \u00a0en \u00a0el \u00a0tr\u00e1mite y decisi\u00f3n de esta acci\u00f3n de revisi\u00f3n, por cuanto el primero \u00a0de \u00a0ellos, siendo Magistrado del Tribunal Superior de Bucaramanga, suscribi\u00f3 el \u00a0fallo \u00a0de segunda instancia del 27 de octubre de 2009, y los restantes adoptaron \u00a0la \u00a0providencia \u00a0del \u00a018 \u00a0de \u00a0mayo de 2011, mediante la cual se inadmitieron las \u00a0demandas \u00a0de \u00a0casaci\u00f3n \u00a0en \u00a0el \u00a0asunto \u00a0que \u00a0ahora \u00a0es \u00a0objeto de la acci\u00f3n de \u00a0revisi\u00f3n. \u00a0\u00a0<\/p>\n<p>Como la raz\u00f3n expuesta por los Magistrados se \u00a0halla \u00a0consagrada \u00a0como causal de inhibici\u00f3n en los art\u00edculos 99.6 y 228 de la \u00a0Ley \u00a0600 \u00a0de \u00a02000, \u00a0estatuto \u00a0aplicable \u00a0al \u00a0caso \u00a0en virtud de la fecha en que \u00a0ocurrieron \u00a0los hechos, la Sala aceptar\u00e1 el impedimento manifestado por ellos y \u00a0dispondr\u00e1 \u00a0su \u00a0separaci\u00f3n del conocimiento del asunto, sin que haya lugar a su \u00a0reemplazo, \u00a0en \u00a0virtud \u00a0de \u00a0lo \u00a0dispuesto \u00a0en \u00a0el \u00a0art\u00edculo 54 de la Ley 270 de \u00a01996.\u00a0 \u00a0\u00a0<\/p>\n<p>En m\u00e9rito de lo expuesto, LA CORTE SUPREMA DE \u00a0JUSTICIA, SALA DE CASACION PENAL, \u00a0\u00a0<\/p>\n<p>R E S U E L V E \u00a0<\/p>\n<p>\u00a0 \u00a0\u00a0 \u00a0\u00a0 \u00a0\u00a0Aceptar los impedimentos manifestados por \u00a0los \u00a0doctores \u00a0Eugenio Fern\u00e1ndez Carlier, Jos\u00e9 Luis Barcel\u00f3 Camacho, Fernando \u00a0Alberto \u00a0Castro \u00a0Caballero \u00a0y \u00a0Mar\u00eda del Rosario Gonz\u00e1lez Mu\u00f1oz, y ordenar su \u00a0separaci\u00f3n del conocimiento del asunto. \u00a0\u00a0<\/p>\n<p>Contra \u00a0 esta \u00a0 decisi\u00f3n \u00a0 no \u00a0 proceden \u00a0recursos. \u00a0\u00a0<\/p>\n<p>\u00a0 \u00a0\u00a0 \u00a0\u00a0 \u00a0\u00a0NOTIF\u00cdQUESE y C\u00daMPLASE \u00a0\u00a0<\/p>\n<p>JOS\u00c9 LEONIDAS BUSTOS MART\u00cdNEZ \u00a0<\/p>\n<p>GUSTAVO ENRIQUE MALO FERN\u00c1NDEZ \u00a0<\/p>\n<p>EYDER PATI\u00d1O CABRERA \u00a0<\/p>\n<p>PATRICIA SALAZAR CU\u00c9LLAR \u00a0<\/p>\n<p>LUIS GUILLERMO SALAZAR OTERO \u00a0<\/p>\n<p>NUBIA YOLANDA NOVA GARC\u00cdA \u00a0<\/p>\n<p>Secretaria \u00a0<\/p>\n<p>\u00a0 \u00a0\u00a0<\/p>\n<p><\/p>\n","protected":false},"excerpt":{"rendered":"<p>\u00a0 \u00a0 CORTE SUPREMA DE JUSTICIA \u00a0 SALA DE CASACI\u00d3N PENAL \u00a0 JOS\u00c9 LEONIDAS BUSTOS MART\u00cdNEZ \u00a0 Magistrado Ponente \u00a0 AP5902-2014 \u00a0 Radicaci\u00f3n N\u00b043353 \u00a0 (Aprobado \u00a0 Acta \u00a0No.318) \u00a0\u00a0 Bogot\u00e1 D.C., veinticuatro (24) de septiembre \u00a0de dos mil catorce (2014). \u00a0\u00a0 Los \u00a0Magistrados \u00a0doctores Eugenio Fern\u00e1ndez \u00a0Carlier, \u00a0Jos\u00e9 \u00a0Luis \u00a0Barcel\u00f3 \u00a0Camacho, \u00a0Fernando \u00a0Alberto \u00a0Castro [&hellip;]<\/p>\n","protected":false},"author":1,"featured_media":0,"comment_status":"open","ping_status":"open","sticky":false,"template":"","format":"standard","meta":{"footnotes":""},"categories":[22],"tags":[],"class_list":["post-29175","post","type-post","status-publish","format-standard","hentry","category-22"],"_links":{"self":[{"href":"https:\/\/dmsjuridica.com\/buscador_20179478954\/salapenalcronologico20230723\/wp-json\/wp\/v2\/posts\/29175","targetHints":{"allow":["GET"]}}],"collection":[{"href":"https:\/\/dmsjuridica.com\/buscador_20179478954\/salapenalcronologico20230723\/wp-json\/wp\/v2\/posts"}],"about":[{"href":"https:\/\/dmsjuridica.com\/buscador_20179478954\/salapenalcronologico20230723\/wp-json\/wp\/v2\/types\/post"}],"author":[{"embeddable":true,"href":"https:\/\/dmsjuridica.com\/buscador_20179478954\/salapenalcronologico20230723\/wp-json\/wp\/v2\/users\/1"}],"replies":[{"embeddable":true,"href":"https:\/\/dmsjuridica.com\/buscador_20179478954\/salapenalcronologico20230723\/wp-json\/wp\/v2\/comments?post=29175"}],"version-history":[{"count":0,"href":"https:\/\/dmsjuridica.com\/buscador_20179478954\/salapenalcronologico20230723\/wp-json\/wp\/v2\/posts\/29175\/revisions"}],"wp:attachment":[{"href":"https:\/\/dmsjuridica.com\/buscador_20179478954\/salapenalcronologico20230723\/wp-json\/wp\/v2\/media?parent=29175"}],"wp:term":[{"taxonomy":"category","embeddable":true,"href":"https:\/\/dmsjuridica.com\/buscador_20179478954\/salapenalcronologico20230723\/wp-json\/wp\/v2\/categories?post=29175"},{"taxonomy":"post_tag","embeddable":true,"href":"https:\/\/dmsjuridica.com\/buscador_20179478954\/salapenalcronologico20230723\/wp-json\/wp\/v2\/tags?post=29175"}],"curies":[{"name":"wp","href":"https:\/\/api.w.org\/{rel}","templated":true}]}}