{"id":29037,"date":"2023-09-13T14:12:24","date_gmt":"2023-09-13T14:12:24","guid":{"rendered":"https:\/\/dmsjuridica.com\/buscador_20179478954\/salapenalcronologico20230723\/2023\/09\/13\/ap547-201443101\/"},"modified":"2023-09-13T14:12:24","modified_gmt":"2023-09-13T14:12:24","slug":"ap547-201443101","status":"publish","type":"post","link":"https:\/\/dmsjuridica.com\/buscador_20179478954\/salapenalcronologico20230723\/2023\/09\/13\/ap547-201443101\/","title":{"rendered":"AP547-2014(43101)"},"content":{"rendered":"\n<p>\u00a0 \u00a0 \u00a0\u00a0<\/p>\n<p>CORTE SUPREMA DE JUSTICIA \u00a0<\/p>\n<p>SALA DE CASACI\u00d3N PENAL \u00a0<\/p>\n<p>Eyder Pati\u00f1o Cabrera \u00a0<\/p>\n<p>Magistrado \u00a0Ponente \u00a0\u00a0<\/p>\n<p>AP547-2014 \u00a0<\/p>\n<p>Radicaci\u00f3n N\u00b0 43.101 \u00a0<\/p>\n<p>(Aprobado Acta No. 38) \u00a0<\/p>\n<p>Bogot\u00e1, \u00a0D.C., \u00a0once (11) de febrero de dos \u00a0mil catorce (2014) \u00a0\u00a0<\/p>\n<p>MOTIVO DE LA DECISI\u00d3N \u00a0<\/p>\n<p>La Sala se pronuncia sobre la definici\u00f3n de \u00a0competencia \u00a0propuesta \u00a0por \u00a0la Juez \u00danica (E) Penal del Circuito Especializado \u00a0de \u00a0Barranquilla, \u00a0para \u00a0conocer del impedimento manifestado por su hom\u00f3logo de \u00a0la \u00a0ciudad de Cartagena, dentro del proceso adelantado en contra de Robinson \u00a0Castilla \u00a0Ortiz \u00a0y \u00a0otros \u00a0(Rd. \u00a02012-0104), \u00a0por \u00a0los \u00a0delitos \u00a0de concierto para delinquir, homicidio agravado, \u00a0extorsi\u00f3n, entre otros. \u00a0\u00a0<\/p>\n<p>ANTECEDENTES \u00a0<\/p>\n<p>1. Del escrito de acusaci\u00f3n, se extrae que, \u00a0a \u00a0 ra\u00edz \u00a0 de \u00a0 la \u00a0 investigaci\u00f3n \u00a0 adelantada \u00a0por \u00a0la \u00a0SIJIN, \u00a0Robinson \u00a0 \u00a0Castilla \u00a0 Ortiz \u00a0 y \u00a0 otros \u00a0integraban \u00a0la \u00a0organizaci\u00f3n \u00a0criminal \u00a0denominada \u00a0\u00abLos \u00a0Rastrojos\u00bb \u00a0que \u00a0se \u00a0dedicaban \u00a0 a \u00a0realizar \u00a0hechos \u00a0delictivos \u00a0como \u00a0narcotr\u00e1fico, \u00a0homicidios \u00a0y \u00a0extorsiones en la ciudad Cartagena. \u00a0\u00a0<\/p>\n<p>2. El 7 de agosto de 2012, ante el Juez 1\u00ba \u00a0Penal \u00a0Municipal \u00a0ambulante \u00a0con funci\u00f3n de control de garant\u00edas de Cartagena, \u00a0se \u00a0realiz\u00f3 \u00a0audiencia de formulaci\u00f3n de imputaci\u00f3n en contra de Robinson \u00a0Castilla \u00a0Ortiz, \u00a0Jorge \u00a0Ivan \u00a0D\u00edaz Recio, Carlos Alberto \u00a0Caicedo, \u00a0Hernando \u00a0Alberto \u00a0Noriega \u00a0Castro, \u00a0Nicol\u00e1s \u00a0Hurtado \u00a0Garc\u00eda, David \u00a0Jhonatan \u00a0Paz Luna, Juan Bautista Preciado Cortez, Javir Mauricio Correa Vargas, \u00a0Ra\u00fal \u00a0Eduardo \u00a0Correa \u00a0Vargas, \u00a0Tony \u00a0Antonio \u00a0Oliveros \u00a0Navarro, \u00c1ngel Manuel \u00a0Ram\u00edrez \u00a0 \u00a0 \u00a0P\u00e9rez, \u00a0 \u00a0 \u00a0Ever \u00a0 \u00a0 Luis \u00a0 \u00a0 Morales \u00a0 \u00a0 Mej\u00eda \u00a0 \u00a0 y \u00a0 Deivis \u00a0Hoyos \u00a0Molinares, \u00a0por los delitos antes referidos a los cuales no se allanaron. De \u00a0igual \u00a0modo, \u00a0fueron \u00a0cobijados \u00a0con \u00a0medida \u00a0de \u00a0aseguramiento \u00a0consistente \u00a0en \u00a0detenci\u00f3n preventiva. \u00a0\u00a0<\/p>\n<p>3. \u00a0El \u00a07 \u00a0de \u00a0noviembre del mismo a\u00f1o, la \u00a0Fiscal\u00eda \u00a032\u00a0 \u00a0Especializada \u00a0de \u00a0la \u00a0Unidad Nacional de Antinarc\u00f3ticos e \u00a0Interdicci\u00f3n \u00a0Mar\u00edtima, \u00a0present\u00f3 \u00a0escrito \u00a0de \u00a0acusaci\u00f3n por los delitos de \u00a0concierto \u00a0para \u00a0delinquir, \u00a0homicidio \u00a0agravado, extorsi\u00f3n agravada, tr\u00e1fico, \u00a0fabricaci\u00f3n \u00a0y \u00a0porte \u00a0de \u00a0estupefacientes \u00a0y tr\u00e1fico, fabricaci\u00f3n y porte de \u00a0armas de fuego. \u00a0\u00a0<\/p>\n<p>4. \u00a0El \u00a0reparto le correspondi\u00f3 al Juzgado \u00a0\u00danico \u00a0Penal \u00a0del \u00a0Circuito \u00a0Especializado \u00a0de Cartagena, cuyo titular, el 8 de \u00a0octubre \u00a0 \u00a0 \u00a0 \u00a0de \u00a0 \u00a0 \u00a0 \u00a02013 \u00a0 \u00a0 \u00a0 \u00a0siguiente1, \u00a0manifest\u00f3 \u00a0estar \u00a0impedido \u00a0para \u00a0conocer, \u00a0ya que al interior de la actuaci\u00f3n fungi\u00f3 como juez de control \u00a0de garant\u00edas. \u00a0\u00a0<\/p>\n<p>Raz\u00f3n por la cual remiti\u00f3 las diligencias \u00a0a \u00a0su \u00a0hom\u00f3logo \u00a0de \u00a0Barranquilla, \u00a0al \u00a0estimar que si bien es cierto existe un \u00a0juzgado \u00a0de \u00a0descongesti\u00f3n, tambi\u00e9n lo es que su permanencia resulta ef\u00edmera, \u00a0pues \u00a0\u00abde \u00a0conformidad al Acuerdo PSAA13-9991 del 26 \u00a0de \u00a0septiembre \u00a0de \u00a02013, dicho Juzgado de Descongesti\u00f3n solo funcionar\u00e1 hasta \u00a0el \u00a031 \u00a0de \u00a0diciembre \u00a0de \u00a0la \u00a0presente \u00a0anualidad, \u00a0t\u00e9rmino en el cual resulta \u00a0imposible \u00a0realizar las audiencias de acusaci\u00f3n, preparatoria e incluso algunos \u00a0juicios\u00bb. \u00a0\u00a0<\/p>\n<p>5. \u00a0Por \u00a0su parte, el Juez \u00danico Penal del \u00a0Circuito \u00a0 Especializado \u00a0de \u00a0Barranquilla \u00a0en \u00a0auto \u00a0del \u00a020 \u00a0de \u00a0diciembre \u00a0de \u00a020132, \u00a0 orden\u00f3 \u00a0enviar \u00a0la \u00a0causa \u00a0al \u00a0juzgado \u00a0de \u00a0descongesti\u00f3n \u00a0de \u00a0Cartagena, \u00a0ya \u00a0que, \u00a0mediante \u00a0Acuerdo \u00a0No. PSAA13-10065 del 19 de diciembre de \u00a02013, \u00a0la \u00a0Sala \u00a0Administrativa del Consejo Superior de la Judicatura ampli\u00f3 la \u00a0competencia \u00a0 \u00a0de \u00a0 \u00a0ese \u00a0 \u00a0despacho \u00a0 \u00a0para \u00a0 \u00a0que \u00a0 \u00a0conociera \u00a0 \u00a0\u00abde los procesos sobre los impedimentos \u00a0y recusaciones del Juez titular\u00bb. \u00a0\u00a0<\/p>\n<p>Adujo \u00a0que ese acto administrativo consulta \u00a0el \u00a0principio \u00a0de \u00a0racionalizaci\u00f3n del gasto p\u00fablico, pues no se justifica que \u00a0el \u00a0Estado tenga que sufragar los vi\u00e1ticos de \u00e9l y su conductor para viajar de \u00a0Barranquilla a Cartagena (art\u00edculo 44 de la Ley 906 de 2004). \u00a0\u00a0<\/p>\n<p>6. \u00a0El \u00a07 \u00a0de \u00a0enero \u00a0de \u00a020143, \u00a0el Juez de \u00a0Descongesti\u00f3n \u00a0de \u00a0Cartagena \u00a0devolvi\u00f3 \u00a0la \u00a0causa \u00a0a \u00a0Barranquilla \u00a0ya \u00a0que el \u00a0art\u00edculo \u00a03\u00ba \u00a0del \u00a0referido \u00a0Acuerdo estipul\u00f3 que el mismo empezaba a regir a \u00a0partir \u00a0de \u00a0su publicaci\u00f3n en la Gaceta de la Judicatura, raz\u00f3n por la cual es \u00a0imposible aplicarlo de manera retroactiva. \u00a0\u00a0<\/p>\n<p>Resalt\u00f3 \u00a0que \u00a0s\u00f3lo \u00a0recibe \u00a0procesos \u00a0del \u00a0despacho \u00a0judicial \u00a0que \u00a0est\u00e1 \u00a0descongestionando. \u00a0En \u00a0ese \u00a0orden, \u00a0no \u00a0observa \u00a0fundamento \u00a0alguno \u00a0para \u00a0acoger \u00a0una \u00a0causa \u00a0de \u00a0una \u00a0autoridad \u00a0diferente \u00a0que \u00a0pertenece a otro distrito judicial. \u00a0\u00a0<\/p>\n<p>7. \u00a0En vista de lo anterior, en auto del 21 \u00a0de \u00a0 \u00a0 \u00a0 \u00a0enero \u00a0 \u00a0 \u00a0 de \u00a0 \u00a0 \u00a0 este \u00a0 \u00a0 \u00a0 a\u00f1o4, \u00a0la Juez (E) de Barranquilla \u00a0reiter\u00f3 \u00a0sus \u00a0argumentos \u00a0y \u00a0remiti\u00f3 \u00a0el \u00a0proceso a esta Corporaci\u00f3n para que \u00a0defina la autoridad que debe conocer. \u00a0\u00a0<\/p>\n<p>CONSIDERACIONES \u00a0<\/p>\n<p>1. Acotaci\u00f3n previa. \u00a0<\/p>\n<p>La \u00a0Sala \u00a0reiterar\u00e1 la postura plasmada en \u00a0las \u00a0providencias \u00a0CSJ AP, 29 en. 2014, Rad. 208-2014; CSJ AP, 29 en. 2014, Rad. \u00a0209-2014; \u00a0CSJ \u00a0AP, \u00a029 \u00a0en. \u00a02014, \u00a0Rad. \u00a0210-2014; \u00a0CSJ \u00a0AP, 29 en. 2014, Rad. \u00a0213-2014; \u00a0CSJ \u00a0AP, \u00a029 \u00a0en. \u00a02014, \u00a0Rad. \u00a0214-2014; \u00a0CSJ \u00a0AP, 29 en. 2014, Rad. \u00a0215-2014 \u00a0y \u00a0CSJ AP, 29 en. 2014, Rad. 227-2014, toda vez que al interior de las \u00a0mismas \u00a0se \u00a0resolvieron \u00a0asuntos \u00a0de \u00a0id\u00e9ntica \u00a0connotaci\u00f3n \u00a0donde \u00a0estuvieron \u00a0involucrados \u00a0 los \u00a0mismos \u00a0despachos \u00a0judiciales \u00a0de \u00a0la \u00a0presente \u00a0actuaci\u00f3n. \u00a0\u00a0<\/p>\n<p>2. Competencia. \u00a0<\/p>\n<p>De \u00a0conformidad con el art\u00edculo 32 ordinal \u00a04\u00ba \u00a0de \u00a0la \u00a0Ley \u00a0906 \u00a0de \u00a02004, \u00a0a \u00a0la Corte Suprema de Justicia le corresponde \u00a0definir la competencia en los siguientes eventos: \u00a0\u00a0<\/p>\n<p>(\u2026) \u00a0 1.- \u00a0Cuando \u00a0la \u00a0declaratoria \u00a0de \u00a0incompetencia \u00a0se produzca dentro de actuaci\u00f3n en la que el acusado tenga fuero \u00a0constitucional o fuero legal. \u00a0\u00a0<\/p>\n<p>2.- Cuando la declaratoria de incompetencia \u00a0proviene \u00a0de \u00a0un \u00a0tribunal superior o la autoridad que as\u00ed lo hace, es decir un \u00a0juzgado cualquiera, se\u00f1ala que el competente es un Tribunal. \u00a0\u00a0<\/p>\n<p>3.- Cuando la declaratoria de incompetencia \u00a0provenga \u00a0de \u00a0un \u00a0juzgado penal del circuito especializado, penal del circuito o \u00a0penal \u00a0municipal, que manifiesta que el competente es un juzgado que pertenece a \u00a0otro \u00a0 \u00a0 \u00a0 \u00a0 \u00a0 distrito \u00a0 \u00a0 \u00a0 \u00a0 \u00a0 judicial5. \u00a0\u00a0<\/p>\n<p>En \u00a0este \u00a0caso, \u00a0se consolida la situaci\u00f3n \u00a0prevista \u00a0en \u00a0el \u00a0numeral \u00a03\u00ba, por cuanto la Juez \u00danica (E) Penal del Circuito \u00a0Especializado \u00a0de \u00a0Barranquilla \u00a0considera que su hom\u00f3logo de descongesti\u00f3n de \u00a0la \u00a0ciudad de Cartagena es el llamado por la ley para conocer de las diligencias \u00a0adelantadas \u00a0en \u00a0contra \u00a0de \u00a0Robinson \u00a0Castilla \u00a0Ortiz \u00a0y otros. \u00a0\u00a0<\/p>\n<p>El \u00a0 \u00a0art\u00edculo \u00a0 \u00a054 \u00a0 \u00a0ib\u00eddem, \u00a0estableci\u00f3 \u00a0que \u00a0este \u00a0es \u00a0un \u00a0mecanismo \u00a0orientado \u00a0a \u00a0determinar de manera \u00e1gil, perentoria y definitiva, el \u00a0competente \u00a0para \u00a0conocer \u00a0de \u00a0la \u00a0fase \u00a0procesal \u00a0del \u00a0juzgamiento. \u00a0Cuando \u00a0el \u00a0funcionario \u00a0ante \u00a0quien \u00a0se \u00a0haya \u00a0presentado \u00a0la \u00a0acusaci\u00f3n \u00a0o \u00a0solicitado la \u00a0preclusi\u00f3n \u00a0as\u00ed \u00a0lo \u00a0considere, \u00a0lo har\u00e1 saber a las partes y lo remitir\u00e1 al \u00a0que deba definirla. \u00a0\u00a0<\/p>\n<p>3. El caso en concreto. \u00a0<\/p>\n<p>La \u00a0Sala \u00a0entra \u00a0a establecer el competente \u00a0para \u00a0 \u00a0 \u00a0 \u00a0conocer \u00a0 \u00a0 \u00a0 \u00a0la \u00a0 \u00a0 \u00a0 \u00a0manifestaci\u00f3n \u00a0 \u00a0 \u00a0 \u00a0de \u00a0 \u00a0 \u00a0 impedimento presentada por el Juez Penal \u00a0del \u00a0Circuito Especializado de Cartagena dentro del proceso adelantado en contra \u00a0Robinson \u00a0Castilla \u00a0Ortiz \u00a0y \u00a0otros por los delitos antes referidos. \u00a0\u00a0<\/p>\n<p>Ahora, \u00a0se \u00a0observa \u00a0que la Juez \u00danica (E) \u00a0Penal \u00a0del \u00a0Circuito \u00a0Especializado \u00a0de \u00a0Barranquilla \u00a0rehus\u00f3 la competencia al \u00a0considerar \u00a0que \u00a0el \u00a0conocimiento \u00a0del \u00a0expediente \u00a0se \u00a0le \u00a0deb\u00eda \u00a0asignar a su \u00a0hom\u00f3logo \u00a0 de \u00a0 descongesti\u00f3n \u00a0 de \u00a0 Cartagena, \u00a0en \u00a0virtud \u00a0del \u00a0Acuerdo \u00a0No. \u00a0PSAA13-10065 del 19 de diciembre de 2013. \u00a0\u00a0<\/p>\n<p>El \u00a0referido \u00a0acto \u00a0administrativo dispuso: \u00a0\u00ab[A]signar \u00a0 al \u00a0 Juzgado \u00a0 Penal \u00a0 del \u00a0 Circuito \u00a0Especializado \u00a0 de \u00a0 Descongesti\u00f3n \u00a0 de \u00a0 Cartagena, \u00a0creado \u00a0mediante \u00a0Acuerdo \u00a0PSAA13-9952 \u00a0del \u00a031 \u00a0de julio de 2013 el conocimiento \u00a0de \u00a0los \u00a0procesos \u00a0sobre \u00a0los impedimentos y recusaciones del Juez titular Penal \u00a0del \u00a0Circuito Especializado de Cartagena\u00bb.(subrayas y negrillas fuera del texto original). \u00a0\u00a0<\/p>\n<p>Es \u00a0claro \u00a0que \u00a0la \u00a0Sala Administrativa del \u00a0Consejo \u00a0Superior \u00a0de \u00a0la \u00a0Judicatura \u00a0busc\u00f3 subsanar los inconvenientes que se \u00a0est\u00e1n \u00a0presentando \u00a0en el Distrito Judicial de Cartagena, al interior del cual, \u00a0el \u00a0 titular \u00a0 del \u00a0 Juzgado \u00a0 Penal \u00a0del \u00a0Circuito \u00a0Especializado \u00a0fungi\u00f3 \u00a0con \u00a0anterioridad \u00a0como \u00a0Juez \u00a02\u00ba Penal Municipal Ambulante con funciones de control \u00a0de \u00a0garant\u00edas, \u00a0raz\u00f3n \u00a0por \u00a0la \u00a0cual \u00a0en \u00a0varias actuaciones se ha visto en la \u00a0obligaci\u00f3n \u00a0de \u00a0declararse \u00a0impedido \u00a0de \u00a0conformidad \u00a0con lo establecido en el \u00a0numeral 13\u00ba del art\u00edculo 56 de la Ley 906 de 2004. \u00a0\u00a0<\/p>\n<p>En \u00a0 ese \u00a0 orden \u00a0 de \u00a0ideas, \u00a0tanto \u00a0los \u00a0impedimentos \u00a0como \u00a0las \u00a0recusaciones deber\u00e1n ser estudiadas por el despacho de \u00a0descongesti\u00f3n \u00a0de \u00a0Cartagena, \u00a0quien \u00a0est\u00e1 \u00a0obligado a resolver el incidente y \u00a0determinar si es o no competente para conocer el asunto. \u00a0\u00a0<\/p>\n<p>Asignar \u00a0la \u00a0competencia \u00a0a los juzgados de \u00a0Barranquilla \u00a0ser\u00eda, \u00a0en la pr\u00e1ctica, radicar casi de forma permanente, a esos \u00a0funcionarios \u00a0en Cartagena, de conformidad con lo establecido en el art\u00edculo 44 \u00a0de \u00a0 \u00a0 \u00a0 la \u00a0 \u00a0 \u00a0Ley \u00a0 \u00a0 \u00a0906 \u00a0 \u00a0 \u00a0de \u00a0 \u00a0 \u00a020046, \u00a0m\u00e1xime \u00a0si \u00a0se \u00a0tiene \u00a0en \u00a0cuenta \u00a0el \u00a0gran c\u00famulo de expedientes que est\u00e1n en las mismas circunstancias, \u00a0lo \u00a0cual \u00a0genera \u00a0un \u00a0gasto \u00a0desorbitante \u00a0en \u00a0los \u00a0vi\u00e1ticos \u00a0que la judicatura \u00a0tendr\u00eda \u00a0que \u00a0sufragar \u00a0para \u00a0trasladar \u00a0al \u00a0juez, el conductor y alguno de sus \u00a0subalternos. \u00a0\u00a0<\/p>\n<p>Es \u00a0de \u00a0resaltar, \u00a0que la Corte no pretende \u00a0desconocer \u00a0el\u00a0 precedente jurisprudencial aplicado en los autos CSJ AP, 25 \u00a0sep. \u00a02013, \u00a0Rad. \u00a042322 \u00a0y \u00a0CSJ. \u00a0AP, \u00a030 \u00a0sep. \u00a02013, Rad. 42.329, pues en esa \u00a0oportunidad \u00a0se \u00a0radic\u00f3 \u00a0la \u00a0competencia \u00a0en \u00a0los \u00a0juzgados \u00a0especializados \u00a0de \u00a0Barranquilla \u00a0debido \u00a0a \u00a0que el de descongesti\u00f3n de Cartagena no hab\u00eda entrado \u00a0en \u00a0funcionamiento \u00a0y \u00a0su \u00a0creaci\u00f3n \u00a0fue tan s\u00f3lo por un mes. En cambio, en el \u00a0presente \u00a0asunto \u00a0se \u00a0trata \u00a0de \u00a0una medida de descongesti\u00f3n espec\u00edfica que ha \u00a0sido \u00a0prorrogada \u00a0en dos oportunidades y que tiene vigencia, por ahora, hasta el \u00a030 de mayo de 2014. \u00a0\u00a0<\/p>\n<p>Por \u00a0consiguiente, \u00a0raz\u00f3n le asisti\u00f3 a la \u00a0Juez \u00a0 \u00danica \u00a0(E) \u00a0Penal \u00a0del \u00a0Circuito \u00a0Especializado \u00a0de \u00a0Barranquilla, \u00a0para \u00a0sustraerse del estudio del presente tr\u00e1mite. \u00a0\u00a0<\/p>\n<p>Son estos los motivos que llevan a la Sala a \u00a0concluir \u00a0que \u00a0la \u00a0competencia \u00a0para \u00a0conocer el presente tr\u00e1mite, radica en el \u00a0Juzgado \u00a0Penal \u00a0del \u00a0Circuito \u00a0Especializado \u00a0de \u00a0Descongesti\u00f3n \u00a0de \u00a0Cartagena, \u00a0despacho \u00a0que \u00a0se \u00a0deber\u00e1 pronunciar sobre la manifestaci\u00f3n de impedimento del \u00a0Juez \u00a0Penal \u00a0del \u00a0Circuito Especializado de Cartagena y, si es del caso, iniciar \u00a0el juicio oral. \u00a0\u00a0<\/p>\n<p>En \u00a0m\u00e9rito \u00a0de \u00a0lo \u00a0expuesto, \u00a0la \u00a0Sala de \u00a0Casaci\u00f3n Penal de la Corte Suprema de Justicia, \u00a0\u00a0<\/p>\n<p>RESUELVE \u00a0<\/p>\n<p>Primero. \u00a0Declarar \u00a0que la competencia \u00a0para \u00a0conocer \u00a0del \u00a0impedimento \u00a0manifestado \u00a0por \u00a0el \u00a0Juez \u00a0Penal \u00a0del Circuito \u00a0Especializado \u00a0 de \u00a0 Cartagena, \u00a0 corresponde \u00a0al \u00a0Juzgado \u00a0Penal \u00a0del \u00a0Circuito \u00a0Especializado \u00a0 \u00a0 de \u00a0 \u00a0 Descongesti\u00f3n de la misma sede, a donde se remitir\u00e1 el asunto. \u00a0\u00a0<\/p>\n<p>Segundo. \u00a0Inf\u00f3rmese esta decisi\u00f3n al \u00a0Juzgado \u00a0\u00danico \u00a0Penal \u00a0del Circuito Especializado de Barranquilla y a todos los \u00a0intervinientes en este tr\u00e1mite procesal. \u00a0\u00a0<\/p>\n<p>Tercero. \u00a0Contra \u00a0esta providencia no procede recurso alguno. \u00a0\u00a0<\/p>\n<p>Comun\u00edquese y c\u00famplase. \u00a0<\/p>\n<p>Fernando Alberto Castro Caballero \u00a0<\/p>\n<p>Jos\u00e9 Luis Barcel\u00f3 Camacho \u00a0<\/p>\n<p>Jos\u00e9 Leonidas Bustos Mart\u00ednez \u00a0<\/p>\n<p>Eugenio Fern\u00e1ndez Carlier \u00a0<\/p>\n<p>Mar\u00eda \u00a0 \u00a0del \u00a0 \u00a0Rosario \u00a0 \u00a0Gonz\u00e1lez \u00a0Mu\u00f1oz \u00a0\u00a0<\/p>\n<p>Gustavo Enrique Malo Fern\u00e1ndez \u00a0<\/p>\n<p>Eyder Pati\u00f1o Cabrera \u00a0<\/p>\n<p>Luis Guillermo Salazar Otero \u00a0<\/p>\n<p>Nubia Yolanda Nova Garc\u00eda \u00a0<\/p>\n<p>Secretaria \u00a0<\/p>\n<p>\u00a0 \u00a0\u00a0<\/p>\n<p>1 Cfr. \u00a0Folios 189 y 190 cuaderno anexo. \u00a0\u00a0<\/p>\n<p>2 Cfr. \u00a0Folios 96 y 97 ib\u00eddem. \u00a0\u00a0<\/p>\n<p>3 Cfr. \u00a0Folios 200 a 202 ib\u00eddem. \u00a0\u00a0<\/p>\n<p>4 Cfr. \u00a0Folios 206 a 213 ib\u00eddem. \u00a0\u00a0<\/p>\n<p>5 CSJ \u00a0AP, 10 oct. 2006, Rad. 26.201. \u00a0\u00a0<\/p>\n<p>6 \u00a0 \u00a0 (\u2026)COMPETENCIA \u00a0 EXCEPCIONAL. \u00a0Cuando \u00a0en \u00a0el lugar en que debiera adelantarse la actuaci\u00f3n no haya juez, o el \u00a0juez \u00a0\u00fanico \u00a0o \u00a0todos \u00a0los \u00a0jueces disponibles se hallaren impedidos, las salas \u00a0administrativas \u00a0 del \u00a0 Consejo \u00a0Superior \u00a0de \u00a0la \u00a0Judicatura, \u00a0o \u00a0los \u00a0consejos \u00a0seccionales, \u00a0seg\u00fan \u00a0su \u00a0competencia, \u00a0podr\u00e1n \u00a0a \u00a0petici\u00f3n \u00a0de \u00a0parte, y para \u00a0preservar \u00a0los \u00a0principios de concentraci\u00f3n, eficacia, menor costo del servicio \u00a0de \u00a0 justicia \u00a0e \u00a0inmediaci\u00f3n, \u00a0ordenar \u00a0el \u00a0traslado \u00a0temporal \u00a0del \u00a0juez \u00a0que \u00a0razonablemente \u00a0se \u00a0considere el m\u00e1s pr\u00f3ximo, as\u00ed sea de diferente municipio, \u00a0circuito \u00a0o distrito, para atender esas diligencias o el desarrollo del proceso. \u00a0La \u00a0designaci\u00f3n \u00a0deber\u00e1 \u00a0recaer \u00a0en \u00a0funcionario \u00a0de \u00a0igual \u00a0categor\u00eda, \u00a0cuya \u00a0competencia se entiende v\u00e1lidamente prorrogada.\u00bb (\u2026) \u00a0 \u00a0\u00a0<\/p>\n<p><\/p>\n","protected":false},"excerpt":{"rendered":"<p>\u00a0 \u00a0 \u00a0\u00a0 CORTE SUPREMA DE JUSTICIA \u00a0 SALA DE CASACI\u00d3N PENAL \u00a0 Eyder Pati\u00f1o Cabrera \u00a0 Magistrado \u00a0Ponente \u00a0\u00a0 AP547-2014 \u00a0 Radicaci\u00f3n N\u00b0 43.101 \u00a0 (Aprobado Acta No. 38) \u00a0 Bogot\u00e1, \u00a0D.C., \u00a0once (11) de febrero de dos \u00a0mil catorce (2014) \u00a0\u00a0 MOTIVO DE LA DECISI\u00d3N \u00a0 La Sala se pronuncia sobre la definici\u00f3n [&hellip;]<\/p>\n","protected":false},"author":1,"featured_media":0,"comment_status":"open","ping_status":"open","sticky":false,"template":"","format":"standard","meta":{"footnotes":""},"categories":[22],"tags":[],"class_list":["post-29037","post","type-post","status-publish","format-standard","hentry","category-22"],"_links":{"self":[{"href":"https:\/\/dmsjuridica.com\/buscador_20179478954\/salapenalcronologico20230723\/wp-json\/wp\/v2\/posts\/29037","targetHints":{"allow":["GET"]}}],"collection":[{"href":"https:\/\/dmsjuridica.com\/buscador_20179478954\/salapenalcronologico20230723\/wp-json\/wp\/v2\/posts"}],"about":[{"href":"https:\/\/dmsjuridica.com\/buscador_20179478954\/salapenalcronologico20230723\/wp-json\/wp\/v2\/types\/post"}],"author":[{"embeddable":true,"href":"https:\/\/dmsjuridica.com\/buscador_20179478954\/salapenalcronologico20230723\/wp-json\/wp\/v2\/users\/1"}],"replies":[{"embeddable":true,"href":"https:\/\/dmsjuridica.com\/buscador_20179478954\/salapenalcronologico20230723\/wp-json\/wp\/v2\/comments?post=29037"}],"version-history":[{"count":0,"href":"https:\/\/dmsjuridica.com\/buscador_20179478954\/salapenalcronologico20230723\/wp-json\/wp\/v2\/posts\/29037\/revisions"}],"wp:attachment":[{"href":"https:\/\/dmsjuridica.com\/buscador_20179478954\/salapenalcronologico20230723\/wp-json\/wp\/v2\/media?parent=29037"}],"wp:term":[{"taxonomy":"category","embeddable":true,"href":"https:\/\/dmsjuridica.com\/buscador_20179478954\/salapenalcronologico20230723\/wp-json\/wp\/v2\/categories?post=29037"},{"taxonomy":"post_tag","embeddable":true,"href":"https:\/\/dmsjuridica.com\/buscador_20179478954\/salapenalcronologico20230723\/wp-json\/wp\/v2\/tags?post=29037"}],"curies":[{"name":"wp","href":"https:\/\/api.w.org\/{rel}","templated":true}]}}