{"id":29022,"date":"2023-09-13T14:16:50","date_gmt":"2023-09-13T14:16:50","guid":{"rendered":"https:\/\/dmsjuridica.com\/buscador_20179478954\/salapenalcronologico20230723\/2023\/09\/13\/ap5397-201444259\/"},"modified":"2023-09-13T14:16:50","modified_gmt":"2023-09-13T14:16:50","slug":"ap5397-201444259","status":"publish","type":"post","link":"https:\/\/dmsjuridica.com\/buscador_20179478954\/salapenalcronologico20230723\/2023\/09\/13\/ap5397-201444259\/","title":{"rendered":"AP5397-2014(44259)"},"content":{"rendered":"\n<p>\u00a0 \u00a0 \u00a0\u00a0<\/p>\n<p>CORTE SUPREMA DE JUSTICIA \u00a0<\/p>\n<p>SALA DE CASACI\u00d3N PENAL \u00a0<\/p>\n<p>GUSTAVO ENRIQUE MALO FERN\u00c1NDEZ \u00a0<\/p>\n<p>Magistrado Ponente \u00a0<\/p>\n<p>AP5397-2014 \u00a0<\/p>\n<p>Radicado N\u00b0 44259. \u00a0<\/p>\n<p>Aprobado acta N\u00b0 298. \u00a0<\/p>\n<p>Bogot\u00e1, D.C., diez (10) de septiembre de dos \u00a0mil catorce (2014). \u00a0\u00a0<\/p>\n<p>V I S T O S \u00a0<\/p>\n<p>Una \u00a0vez \u00a0vencido \u00a0el \u00a0t\u00e9rmino \u00a0de \u00a0traslado \u00a0previsto \u00a0en \u00a0el \u00a0art\u00edculo \u00a0500 \u00a0de la Ley 906 de 2004, se pronuncia la Sala en \u00a0relaci\u00f3n \u00a0a \u00a0la \u00a0petici\u00f3n \u00a0de \u00a0pruebas \u00a0elevada \u00a0por el defensor del ciudadano \u00a0colombiano \u00a0 JAVIER \u00a0 ENRIQUE \u00a0 MART\u00cdNEZ \u00a0MALDONADO, \u00a0quien \u00a0es \u00a0solicitado \u00a0en \u00a0extradici\u00f3n por el Gobierno de los Estados Unidos de Am\u00e9rica. \u00a0\u00a0<\/p>\n<p>A N T E C E D E N T E S \u00a0<\/p>\n<p>1.\u00a0 \u00a0Mediante \u00a0Nota \u00a0Verbal \u00a0No. \u00a00696 \u00a0del 6 de mayo de 2014, el Gobierno de Estados Unidos de \u00a0Am\u00e9rica, \u00a0por \u00a0conducto de su Embajada en Colombia, solicit\u00f3 del Ministerio de \u00a0Relaciones \u00a0Exteriores \u00a0la \u00a0detenci\u00f3n provisional con fines de extradici\u00f3n del \u00a0ciudadano \u00a0 colombiano \u00a0 JAVIER \u00a0ENRIQUE \u00a0MART\u00cdNEZ \u00a0MALDONADO, \u00a0pues \u00a0la \u00a0Corte \u00a0Distrital \u00a0de \u00a0los \u00a0Estados \u00a0Unidos \u00a0para el Distrito Sur de Florida lo requiere \u00a0para \u00a0comparecer \u00a0en \u00a0juicio, \u00a0toda \u00a0vez \u00a0que \u00a0all\u00ed \u00a0se emiti\u00f3 en su contra la \u00a0acusaci\u00f3n \u00a0No. \u00a013-20874-CR-Graham, \u00a0dictada \u00a0el 21 de noviembre de 2013, en la \u00a0cual se le formulan cargos por delitos federales de narc\u00f3ticos. \u00a0\u00a0<\/p>\n<p>2. Con resoluci\u00f3n \u00a0del \u00a020 \u00a0de \u00a0mayo \u00a0de \u00a02014, \u00a0el se\u00f1or Fiscal General de la Naci\u00f3n decret\u00f3 la \u00a0captura \u00a0con \u00a0fines \u00a0de \u00a0extradici\u00f3n \u00a0de \u00a0JAVIER \u00a0ENRIQUE \u00a0MART\u00cdNEZ MALDONADO, \u00a0diligencia \u00a0que \u00a0se llev\u00f3 a cabo el 22 de mayo del a\u00f1o 2014 por miembros de la \u00a0Polic\u00eda Nacional. \u00a0\u00a0<\/p>\n<p>3. \u00a0 \u00a0 La \u00a0representaci\u00f3n \u00a0diplom\u00e1tica \u00a0del Estado solicitante formaliz\u00f3 la petici\u00f3n de \u00a0extradici\u00f3n \u00a0del \u00a0ciudadano colombiano, mediante la Nota Verbal No. 1300 del 18 \u00a0de \u00a0 julio \u00a0de \u00a02014, \u00a0indicando \u00a0que \u00a0en \u00a0su \u00a0contra \u00a0pesa \u00a0la \u00a0acusaci\u00f3n \u00a0No. \u00a013-20874-CR-Graham \u00a0dictada \u00a0el 21 de noviembre de 2013 en la Corte Distrital de \u00a0los \u00a0Estados \u00a0Unidos para el Distrito Sur de Florida y en la cual se le formulan \u00a0los siguientes cargos: \u00a0\u00a0<\/p>\n<p>Cargos \u00a0Tres \u00a0y Cuatro: Importaci\u00f3n de una \u00a0sustancia \u00a0controlada \u00a0(por \u00a0lo \u00a0menos 100 gramos de hero\u00edna en el Cargo Tres y \u00a0por \u00a0lo \u00a0menos \u00a0un \u00a0kilogramo \u00a0de \u00a0hero\u00edna \u00a0en \u00a0el \u00a0Cargo \u00a0Cuatro), \u00a0y \u00a0ayuda y \u00a0facilitaci\u00f3n \u00a0de \u00a0dicho delito, en violaci\u00f3n del T\u00edtulo 21, Secciones 952(a), \u00a0960(b)(1)(A) \u00a0y 960(b)(2)(A) del C\u00f3digo de los Estados Unidos y del T\u00edtulo 18, \u00a0Secci\u00f3n 2 del C\u00f3digo de los Estados Unidos; y \u00a0\u00a0<\/p>\n<p>Cargo \u00a0Cinco: Importaci\u00f3n de una sustancia \u00a0controlada \u00a0(por \u00a0lo \u00a0menos \u00a0100 gramos de hero\u00edna), y ayuda y facilitaci\u00f3n de \u00a0dicho \u00a0delito, en violaci\u00f3n del T\u00edtulo 21, Secciones 952(a) y 960(b)(2)(A) del \u00a0C\u00f3digo \u00a0de \u00a0los Estados Unidos, y del T\u00edtulo 18, Secci\u00f3n 2 del C\u00f3digo de los \u00a0Estados Unidos. \u00a0\u00a0<\/p>\n<p>La \u00a0acusaci\u00f3n \u00a0tambi\u00e9n incluye la pena de \u00a0decomiso \u00a0de \u00a0conformidad \u00a0con \u00a0el \u00a0T\u00edtulo \u00a021, Secci\u00f3n 853 del C\u00f3digo de los \u00a0Estados \u00a0Unidos, \u00a0la \u00a0cual \u00a0busca \u00a0el \u00a0decomiso de todos los bienes que se hayan \u00a0derivado \u00a0de ingresos obtenidos como resultado de la comisi\u00f3n de los anteriores \u00a0delitos. \u00a0Si \u00a0dichos bienes no estuvieren disponibles, la norma anterior permite \u00a0que otros bienes del acusado sean decomisados. \u00a0\u00a0<\/p>\n<p>4.\u00a0 \u00a0 El \u00a0Ministerio \u00a0 de \u00a0 Relaciones \u00a0 Exteriores, \u00a0 anotando \u00a0 que \u00a0 \u201c\u2026por \u00a0 no \u00a0 existir \u00a0tratado \u00a0aplicable \u00a0al \u00a0caso \u00a0en \u00a0menci\u00f3n, \u00a0es \u00a0procedente \u00a0 obrar \u00a0 de \u00a0 conformidad \u00a0 con \u00a0 el \u00a0 ordenamiento \u00a0procesal \u00a0penal \u00a0colombiano\u201d, remiti\u00f3 \u00a0la \u00a0mencionada \u00a0nota \u00a0verbal \u00a0y los documentos anexos a su \u00a0hom\u00f3logo \u00a0de \u00a0Justicia \u00a0y \u00a0del \u00a0Derecho, \u00a0entidad \u00a0que \u00a0a \u00a0su \u00a0vez \u00a0envi\u00f3 \u00a0tal \u00a0documentaci\u00f3n \u00a0a \u00a0esta \u00a0Corte, \u00a0donde \u00a0se dispuso que el requerido designara un \u00a0apoderado que lo representara dentro de la actuaci\u00f3n \u00a0\u00a0<\/p>\n<p>5.\u00a0 Despu\u00e9s de \u00a0los \u00a0tr\u00e1mites \u00a0relativos \u00a0a \u00a0la designaci\u00f3n de un defensor para JAVIER ENRIQUE \u00a0MART\u00cdNEZ \u00a0MALDONADO, se corri\u00f3 traslado a los intervinientes para solicitud de \u00a0pruebas. \u00a0 El \u00a0se\u00f1or \u00a0Procurador \u00a0Segundo \u00a0Delegado \u00a0para \u00a0la \u00a0Casaci\u00f3n \u00a0Penal \u00a0manifest\u00f3 \u00a0por \u00a0escrito \u00a0que \u00a0no \u00a0formular\u00eda solicitudes probatorias. Mientras \u00a0que, \u00a0el \u00a0defensor \u00a0p\u00fablico \u00a0asignado \u00a0al \u00a0ciudadano \u00a0solicitado, pidi\u00f3 que se \u00a0decretaran las siguientes pruebas: \u00a0\u00a0<\/p>\n<p>1\u00ba. \u00a0Oficiar \u00a0a la Fiscal\u00eda General de la \u00a0Naci\u00f3n \u00a0 Oficina \u00a0 de \u00a0 Asuntos \u00a0 Internacionales, \u00a0con \u00a0el \u00a0fin \u00a0de \u00a0solicitar \u00a0certificaci\u00f3n \u00a0si \u00a0existe \u00a0proceso \u00a0penal \u00a0en Colombia por los mismos hechos de \u00a0esta \u00a0extradici\u00f3n, \u00a0en \u00a0contra \u00a0de \u00a0JAVIER \u00a0ENRIQUE \u00a0MARTINEZ \u00a0MALDONADO.\u00a0 \u00a0\u00a0<\/p>\n<p>2\u00ba. Oficiar a la Registradur\u00eda General de \u00a0la \u00a0Naci\u00f3n \u00a0con \u00a0el fin de solicitar copia de la tarjeta decadactilar de JAVIER \u00a0ENRIQUE \u00a0MARTINEZ \u00a0MALDONADO, \u00a0con \u00a0el \u00a0fin \u00a0de constatar la plena identidad del \u00a0solicitado en extradici\u00f3n. \u00a0\u00a0<\/p>\n<p>C O N S I D E R A C I O N \u00a0E S\u00a0 \u00a0\u00a0<\/p>\n<p>Reiteradamente \u00a0ha sostenido la Corte que el \u00a0objeto \u00a0del \u00a0concepto que debe rendir dentro de la fase judicial del tr\u00e1mite de \u00a0extradici\u00f3n \u00a0est\u00e1 \u00a0delimitado \u00a0por los elementos a que se refiere el art\u00edculo \u00a0502 \u00a0de \u00a0la \u00a0Ley \u00a0906 \u00a0de \u00a02004 \u00a0y, \u00a0en \u00a0raz\u00f3n \u00a0de ello, las pruebas que pueden \u00a0solicitarse \u00a0y \u00a0practicarse \u00a0ser\u00e1n las que conduzcan y resulten necesarias para \u00a0establecer \u00a0esos \u00a0aspectos, \u00a0es \u00a0decir, \u00a0la \u00a0validez formal de la documentaci\u00f3n \u00a0presentada, \u00a0la demostraci\u00f3n plena de la identidad del solicitado, el principio \u00a0de \u00a0la \u00a0doble \u00a0incriminaci\u00f3n, la equivalencia de la providencia proferida en el \u00a0extranjero \u00a0y \u00a0el \u00a0cumplimiento de lo previsto en los tratados p\u00fablicos, cuando \u00a0fuere el caso. \u00a0\u00a0<\/p>\n<p>1. \u00a0Lo primero que \u00a0debe \u00a0se\u00f1alarse \u00a0es \u00a0que \u00a0si bien la doctrina en vigor de la Corte admite tener \u00a0como \u00a0circunstancia \u00a0impediente \u00a0de \u00a0la \u00a0extradici\u00f3n que en Colombia la persona \u00a0solicitada \u00a0por un Gobierno extranjero haya sido condenada por los mismos hechos \u00a0por \u00a0los \u00a0cuales \u00a0est\u00e1 \u00a0siendo \u00a0reclamada \u00a0con \u00a0anterioridad \u00a0a la petici\u00f3n de \u00a0entrega1, \u00a0como se extrae del contenido del art\u00edculo 29 de la Constituci\u00f3n \u00a0Pol\u00edtica, \u00a0aspecto \u00a0\u00e9ste \u00a0al \u00a0que \u00a0apunta el primero de los requerimientos del \u00a0defensor \u00a0 \u00a0p\u00fablico, \u00a0 \u00a0tambi\u00e9n \u00a0 \u00a0lo \u00a0 \u00a0es \u00a0 \u00a0que \u00a0 \u00a0esta \u00a0 Corporaci\u00f3n \u00a0 ha \u00a0precisado2: \u00a0\u00a0<\/p>\n<p>[El] \u00a0 imperativo \u00a0 de \u00a0 verificar \u00a0 esta \u00a0circunstancia \u00a0se presenta en situaciones en las que existe evidencia que apunte \u00a0a \u00a0demostrar \u00a0la \u00a0eventual lesi\u00f3n del derecho fundamental al debido proceso por \u00a0desconocimiento \u00a0del \u00a0principio \u00a0de cosa juzgada, en la medida que el afectado o \u00a0su \u00a0defensor \u00a0informen \u00a0que \u00a0el \u00a0asunto \u00a0fue investigado y juzgado en Colombia y \u00a0suministren \u00a0 la \u00a0 informaci\u00f3n \u00a0 relacionada \u00a0con \u00a0las \u00a0autoridades \u00a0judiciales \u00a0colombianas \u00a0que \u00a0hubieren \u00a0conocido \u00a0de la actuaci\u00f3n; o que por cualquier otro \u00a0medio \u00a0fundadamente \u00a0se \u00a0pueda suponer el ejercicio previo de jurisdicci\u00f3n, por \u00a0ejemplo, \u00a0porque la orden de captura con fines de extradici\u00f3n se cumple estando \u00a0la \u00a0persona \u00a0privada de libertad y resulte necesario establecer la raz\u00f3n por la \u00a0cual se dispuso la limitaci\u00f3n de ese derecho al requerido. \u00a0\u00a0<\/p>\n<p>As\u00ed \u00a0las \u00a0cosas, \u00a0en \u00a0el presente asunto no \u00a0existe \u00a0esa \u00a0m\u00ednima \u00a0evidencia, \u00a0sin que la persona reclamada, su defensor o el \u00a0Delegado \u00a0del \u00a0Ministerio \u00a0P\u00fablico hicieran alusi\u00f3n, siquiera tangencial, a la \u00a0posibilidad \u00a0de \u00a0que \u00a0en \u00a0Colombia \u00a0se \u00a0le hubiese investigado y juzgado por los \u00a0mismos \u00a0hechos \u00a0referidos \u00a0en \u00a0la \u00a0petici\u00f3n \u00a0de \u00a0extradici\u00f3n \u00a0realizada por el \u00a0gobierno \u00a0de los Estados Unidos de Norteam\u00e9rica, lo que resulta suficiente para \u00a0desvirtuar \u00a0la \u00a0lesi\u00f3n \u00a0o amenaza del derecho fundamental al debido proceso del \u00a0reclamado \u00a0JAVIER ENRIQUE MART\u00cdNEZ MALDONADO, en lo que se refiere al principio \u00a0de \u00a0cosa \u00a0juzgada, \u00a0motivo por el cual resulta inconducente la prueba solicitada \u00a0sobre el particular. \u00a0\u00a0<\/p>\n<p>2. En relaci\u00f3n a la \u00a0solicitud \u00a0probatoria \u00a0consistente \u00a0en \u00a0oficiar a la Registradur\u00eda Nacional del \u00a0Estado \u00a0Civil \u00a0para \u00a0que \u00a0allegue \u00a0copia \u00a0de \u00a0la \u00a0tarjeta decadactilar de JAVIER \u00a0ENRIQUE \u00a0MARTINEZ MALDONADO y as\u00ed constatar la plena identidad del requerido en \u00a0extradici\u00f3n; \u00a0la \u00a0misma \u00a0se \u00a0denegar\u00e1 \u00a0por \u00a0su \u00a0falta \u00a0de utilidad dado que el \u00a0documento \u00a0proveniente \u00a0de la Registradur\u00eda en el que constan los datos civiles \u00a0y \u00a0las \u00a0huellas decadactilares de quien responde a aqu\u00e9l nombre y se identifica \u00a0con \u00a0la c\u00e9dula de ciudadan\u00eda No 80.392.581, ya reposa en la actuaci\u00f3n a folio \u00a09 \u00a0como \u00a0uno \u00a0de los anexos del informe de investigador de laboratorio del 22 de \u00a0mayo \u00a0de \u00a02014. \u00a0Es m\u00e1s, ese documento tambi\u00e9n fue aportado por la Embajada de \u00a0los \u00a0Estados \u00a0Unidos \u00a0de \u00a0Am\u00e9rica \u00a0con la Nota verbal No 1300, tal y como puede \u00a0constatarse a folios 106 y 163 de la carpeta. \u00a0\u00a0<\/p>\n<p>3. \u00a0Sin \u00a0embargo, \u00a0resulta \u00a0indispensable \u00a0decretar \u00a0oficiosamente una prueba tendiente a verificar \u00a0la \u00a0plena \u00a0identidad \u00a0del \u00a0solicitado \u00a0en \u00a0extradici\u00f3n, \u00a0pues \u00a0si \u00a0bien \u00a0en las \u00a0diligencias \u00a0remitidas por el Director de Gesti\u00f3n Internacional de la Fiscal\u00eda \u00a0General \u00a0de \u00a0la Naci\u00f3n, obra el Informe No S-2014-0121\/AREIN-GRUIC-29 del 22 de \u00a0mayo \u00a0de \u00a020143 \u00a0mediante \u00a0el \u00a0cual \u00a0se \u00a0comunic\u00f3 \u00a0la \u00a0captura \u00a0de \u00a0JAVIER ENRIQUE \u00a0MART\u00cdNEZ \u00a0 MALDONADO \u00a0 y \u00a0 otros, \u00a0en \u00a0el \u00a0cual \u00a0se \u00a0anunci\u00f3 \u00a0un \u00a0\u201cAnexo: \u00a0Cuatro \u00a0(Plena identidad)\u201d y, \u00a0adem\u00e1s, \u00a0se \u00a0adjunt\u00f3 \u00a0un \u00a0Informe \u00a0de \u00a0investigador de laboratorio de la misma \u00a0fecha4 \u00a0que \u00a0constituir\u00eda \u00a0el \u00a0referido \u00a0anexo porque su objeto fue el de \u00a0\u201crealizar \u00a0 rese\u00f1a \u00a0 y \u00a0 plena \u00a0 identidad&#8230;\u201d \u00a0de \u00a0dicho \u00a0capturado; lo cierto es que este \u00faltimo se \u00a0alleg\u00f3 \u00a0incompleto \u00a0pues \u00a0no \u00a0contiene la p\u00e1gina en la que se debieron exponer \u00a0las \u00a0conclusiones \u00a0del \u00a0dictamen \u00a0de \u00a0cotejo \u00a0de \u00a0identidad. \u00a0Tan es as\u00ed que el \u00a0encabezado \u00a0del \u00a0informe \u00a0anuncia \u00a0que \u00a0se encuentra contenido en dos p\u00e1ginas y \u00a0s\u00f3lo se alleg\u00f3 la primera. \u00a0\u00a0<\/p>\n<p>En ese orden, con el objeto de corroborar la \u00a0plena \u00a0identidad \u00a0del \u00a0solicitado, \u00a0se \u00a0oficiar\u00e1 \u00a0a \u00a0la \u00a0Direcci\u00f3n de Gesti\u00f3n \u00a0Internacional \u00a0de \u00a0la \u00a0Fiscal\u00eda \u00a0General \u00a0de la Naci\u00f3n para que en el t\u00e9rmino \u00a0m\u00e1ximo \u00a0de \u00a0diez \u00a0(10) \u00a0d\u00edas complete la documentaci\u00f3n remitida para fines de \u00a0extradici\u00f3n \u00a0de \u00a0JAVIER \u00a0ENRIQUE \u00a0MART\u00cdNEZ \u00a0MALDONADO, espec\u00edficamente lo que \u00a0tiene \u00a0que \u00a0ver \u00a0con \u00a0el \u00a0Informe \u00a0de Investigador de Laboratorio antes referido \u00a0mediante el cual se verific\u00f3 la plena identidad de aqu\u00e9l. \u00a0\u00a0<\/p>\n<p>En \u00a0m\u00e9rito de lo expuesto, la Corte Suprema \u00a0de Justicia, Sala de Casaci\u00f3n Penal, \u00a0\u00a0<\/p>\n<p>R E S U E L V E \u00a0<\/p>\n<p>Primero: \u00a0\u00a0 \u00a0\u00a0 \u00a0\u00a0 \u00a0\u00a0Negar la \u00a0pr\u00e1ctica \u00a0de \u00a0la \u00a0prueba \u00a0consistente \u00a0en \u00a0oficiar a la Fiscal\u00eda General de la \u00a0Naci\u00f3n \u00a0con \u00a0el \u00a0objeto \u00a0de \u00a0que \u00a0certifique si contra JAVIER ENRIQUE MART\u00cdNEZ \u00a0MALDONADO \u00a0existe proceso penal en Colombia por los mismos hechos por los cuales \u00a0es solicitado en extradici\u00f3n. \u00a0\u00a0<\/p>\n<p>Segundo: \u00a0\u00a0 \u00a0\u00a0 \u00a0\u00a0 \u00a0\u00a0Negar la \u00a0pr\u00e1ctica \u00a0de \u00a0la prueba consistente en oficiar a la Registradur\u00eda Nacional del \u00a0Estado \u00a0Civil \u00a0para \u00a0que \u00a0allegue \u00a0copia \u00a0de \u00a0la \u00a0tarjeta decadactilar de JAVIER \u00a0ENRIQUE \u00a0MART\u00cdNEZ \u00a0MALDONADO \u00a0y as\u00ed verificar la plena identidad del requerido \u00a0en extradici\u00f3n. \u00a0\u00a0<\/p>\n<p>Tercero: Decretar \u00a0oficiosamente \u00a0la \u00a0prueba \u00a0consistente \u00a0en \u00a0oficiar \u00a0a \u00a0la \u00a0Direcci\u00f3n \u00a0de Gesti\u00f3n \u00a0Internacional \u00a0de \u00a0la \u00a0Fiscal\u00eda \u00a0General de la Naci\u00f3n, para que en el t\u00e9rmino \u00a0m\u00e1ximo \u00a0de \u00a0diez \u00a0(10) \u00a0d\u00edas complete la documentaci\u00f3n remitida para fines de \u00a0extradici\u00f3n \u00a0de \u00a0JAVIER \u00a0ENRIQUE \u00a0MART\u00cdNEZ \u00a0MALDONADO, espec\u00edficamente lo que \u00a0tiene \u00a0que \u00a0ver \u00a0con el Informe de Investigador de Laboratorio del 22 de mayo de \u00a02014 mediante el cual se verific\u00f3 la plena identidad de aqu\u00e9l. \u00a0\u00a0<\/p>\n<p>Contra \u00a0esta decisi\u00f3n procede el recurso de \u00a0reposici\u00f3n. \u00a0\u00a0<\/p>\n<p>Notif\u00edquese y c\u00famplase \u00a0<\/p>\n<p>FERNANDO ALBERTO CASTRO CABALLERO \u00a0<\/p>\n<p>JOS\u00c9 LUIS BARCEL\u00d3 CAMACHO \u00a0<\/p>\n<p>JOS\u00c9 LEONIDAS BUSTOS MART\u00cdNEZ \u00a0<\/p>\n<p>EUGENIO FERN\u00c1NDEZ CARLIER \u00a0<\/p>\n<p>MAR\u00cdA DEL ROSARIO GONZ\u00c1LEZ MU\u00d1OZ \u00a0<\/p>\n<p>GUSTAVO ENRIQUE MALO FERN\u00c1NDEZ \u00a0<\/p>\n<p>EYDER PATI\u00d1O CABRERA \u00a0<\/p>\n<p>PATRICIA SALAZAR CU\u00c9LLAR \u00a0<\/p>\n<p>LUIS GUILLERMO SALAZAR OTERO \u00a0<\/p>\n<p>Nubia Yolanda Nova Garc\u00eda \u00a0<\/p>\n<p>Secretaria \u00a0 \u00a0<\/p>\n<p>1\u00a0 \u00a0Concepto del 19 de febrero de 2009, radicaci\u00f3n 30374. \u00a0\u00a0<\/p>\n<p>2\u00a0 \u00a0Auto del 26 de agosto de 2009, radicado 31951. \u00a0\u00a0<\/p>\n<p>3 Folio \u00a02 de la Carpeta. \u00a0\u00a0<\/p>\n<p>4 Folio \u00a08 ib\u00eddem. \u00a0 \u00a0\u00a0<\/p>\n<p><\/p>\n","protected":false},"excerpt":{"rendered":"<p>\u00a0 \u00a0 \u00a0\u00a0 CORTE SUPREMA DE JUSTICIA \u00a0 SALA DE CASACI\u00d3N PENAL \u00a0 GUSTAVO ENRIQUE MALO FERN\u00c1NDEZ \u00a0 Magistrado Ponente \u00a0 AP5397-2014 \u00a0 Radicado N\u00b0 44259. \u00a0 Aprobado acta N\u00b0 298. \u00a0 Bogot\u00e1, D.C., diez (10) de septiembre de dos \u00a0mil catorce (2014). \u00a0\u00a0 V I S T O S \u00a0 Una \u00a0vez \u00a0vencido \u00a0el [&hellip;]<\/p>\n","protected":false},"author":1,"featured_media":0,"comment_status":"open","ping_status":"open","sticky":false,"template":"","format":"standard","meta":{"footnotes":""},"categories":[22],"tags":[],"class_list":["post-29022","post","type-post","status-publish","format-standard","hentry","category-22"],"_links":{"self":[{"href":"https:\/\/dmsjuridica.com\/buscador_20179478954\/salapenalcronologico20230723\/wp-json\/wp\/v2\/posts\/29022","targetHints":{"allow":["GET"]}}],"collection":[{"href":"https:\/\/dmsjuridica.com\/buscador_20179478954\/salapenalcronologico20230723\/wp-json\/wp\/v2\/posts"}],"about":[{"href":"https:\/\/dmsjuridica.com\/buscador_20179478954\/salapenalcronologico20230723\/wp-json\/wp\/v2\/types\/post"}],"author":[{"embeddable":true,"href":"https:\/\/dmsjuridica.com\/buscador_20179478954\/salapenalcronologico20230723\/wp-json\/wp\/v2\/users\/1"}],"replies":[{"embeddable":true,"href":"https:\/\/dmsjuridica.com\/buscador_20179478954\/salapenalcronologico20230723\/wp-json\/wp\/v2\/comments?post=29022"}],"version-history":[{"count":0,"href":"https:\/\/dmsjuridica.com\/buscador_20179478954\/salapenalcronologico20230723\/wp-json\/wp\/v2\/posts\/29022\/revisions"}],"wp:attachment":[{"href":"https:\/\/dmsjuridica.com\/buscador_20179478954\/salapenalcronologico20230723\/wp-json\/wp\/v2\/media?parent=29022"}],"wp:term":[{"taxonomy":"category","embeddable":true,"href":"https:\/\/dmsjuridica.com\/buscador_20179478954\/salapenalcronologico20230723\/wp-json\/wp\/v2\/categories?post=29022"},{"taxonomy":"post_tag","embeddable":true,"href":"https:\/\/dmsjuridica.com\/buscador_20179478954\/salapenalcronologico20230723\/wp-json\/wp\/v2\/tags?post=29022"}],"curies":[{"name":"wp","href":"https:\/\/api.w.org\/{rel}","templated":true}]}}