{"id":28801,"date":"2023-09-13T14:16:36","date_gmt":"2023-09-13T14:16:36","guid":{"rendered":"https:\/\/dmsjuridica.com\/buscador_20179478954\/salapenalcronologico20230723\/2023\/09\/13\/ap4500-201443907\/"},"modified":"2023-09-13T14:16:36","modified_gmt":"2023-09-13T14:16:36","slug":"ap4500-201443907","status":"publish","type":"post","link":"https:\/\/dmsjuridica.com\/buscador_20179478954\/salapenalcronologico20230723\/2023\/09\/13\/ap4500-201443907\/","title":{"rendered":"AP4500-2014(43907)"},"content":{"rendered":"\n<p>\u00a0 \u00a0 \u00a0\u00a0<\/p>\n<p>CORTE SUPREMA DE JUSTICIA \u00a0<\/p>\n<p>SALA DE CASACI\u00d3N PENAL \u00a0<\/p>\n<p>PATRICIA SALAZAR CU\u00c9LLAR \u00a0<\/p>\n<p>MAGISTRADA PONENTE \u00a0<\/p>\n<p>AP4500-2014 \u00a0<\/p>\n<p>Radicaci\u00f3n No.: 43.907 \u00a0<\/p>\n<p>Acta No. 254 \u00a0<\/p>\n<p>Bogot\u00e1 D.C.,\u00a0 cinco (5) de agosto de dos \u00a0mil catorce (2014). \u00a0\u00a0<\/p>\n<p>VISTOS \u00a0<\/p>\n<p>Vencido el t\u00e9rmino contemplado en el inciso \u00a02\u00ba \u00a0del \u00a0art\u00edculo \u00a0500 \u00a0del \u00a0C\u00f3digo \u00a0de \u00a0Procedimiento \u00a0Penal, \u00a0se \u00a0pronuncia \u00a0la \u00a0Sala sobre la solicitud probatoria elevada por el \u00a0defensor \u00a0de \u00a0OSCAR \u00a0ALONSO \u00a0MEDINA LE\u00d3N, \u00a0requerido \u00a0en \u00a0extradici\u00f3n \u00a0por \u00a0el \u00a0Gobierno \u00a0de \u00a0los \u00a0 \u00a0 \u00a0 \u00a0Estados \u00a0 \u00a0 \u00a0 Unidos \u00a0 \u00a0 \u00a0 de \u00a0 \u00a0 \u00a0 Am\u00e9rica. \u00a0\u00a0<\/p>\n<p>ANTECEDENTES \u00a0<\/p>\n<p>1. \u00a0Mediante \u00a0nota verbal No. 2084 del 2 de octubre de 2013, el Gobierno \u00a0de \u00a0los \u00a0Estados \u00a0Unidos \u00a0de \u00a0Am\u00e9rica \u00a0por conducto de su Embajada en Colombia, \u00a0solicit\u00f3 \u00a0al \u00a0Ministerio \u00a0de Relaciones Exteriores la detenci\u00f3n preventiva con \u00a0fines \u00a0 de \u00a0 extradici\u00f3n \u00a0 de \u00a0OSCAR \u00a0ALONSO \u00a0MEDINA \u00a0LE\u00d3N, \u00a0ciudadano colombiano requerido para comparecer \u00a0a \u00a0juicio \u00a0por \u00a0delitos \u00a0federales \u00a0de \u00a0narc\u00f3ticos, \u00a0seg\u00fan \u00a0la \u00a0acusaci\u00f3n No. \u00a012-829(SDW), \u00a0dictada \u00a0el \u00a017 \u00a0de diciembre de 2012 en la Corte Distrital de los \u00a0Estados \u00a0Unidos \u00a0para \u00a0el \u00a0Distrito \u00a0de Nueva Jersey1. \u00a0\u00a0<\/p>\n<p>2. \u00a0Mediante \u00a0resoluci\u00f3n \u00a0del 16 \u00a0de octubre de \u00a02013, el Fiscal General de \u00a0la \u00a0Naci\u00f3n \u00a0decret\u00f3 \u00a0su \u00a0captura \u00a0con fines de extradici\u00f3n, la que llevaron a \u00a0cabo \u00a0 integrantes \u00a0 de \u00a0 la \u00a0Polic\u00eda \u00a0Nacional \u00a0el \u00a028 \u00a0 \u00a0de \u00a0 marzo \u00a0de 2014, \u00a0en \u00a0las \u00a0instalaciones \u00a0de la Sala de retenidos de la \u00a0DIJIN e INTERPOL de la ciudad de Bogot\u00e1. \u00a0\u00a0<\/p>\n<p>Precis\u00f3 un funcionario la DIJIN que MEDINA \u00a0LE\u00d3N \u00a0se \u00a0encontraba detenido en esas instalaciones, por hechos ocurridos el 21 \u00a0de \u00a0marzo \u00a0anterior, \u00a0por \u00a0la \u00a0presunta \u00a0comisi\u00f3n \u00a0del \u00a0delito \u00a0de \u00a0tr\u00e1fico de \u00a0estupefacientes, \u00a0fecha \u00a0en \u00a0la \u00a0que \u00a0se hall\u00f3 en su \u00a0poder \u00a0 alrededor \u00a0 de \u00a0 18 \u00a0 kilogramos \u00a0 \u00a0de \u00a0 \u00a0clorhidrato \u00a0 de \u00a0 coca\u00edna2. \u00a0\u00a0<\/p>\n<p>3. \u00a0Mediante \u00a0 \u00a0 \u00a0 \u00a0 nota \u00a0 \u00a0 \u00a0 \u00a0 verbal \u00a0 \u00a0 \u00a0 \u00a0No. \u00a0 \u00a0 \u00a0 \u00a00871 \u00a0del \u00a023 \u00a0de \u00a0 mayo \u00a0 de \u00a0 la \u00a0presente \u00a0anualidad3, \u00a0 \u00a0la \u00a0referida \u00a0 representaci\u00f3n \u00a0diplom\u00e1tica \u00a0formaliz\u00f3 \u00a0el \u00a0requerimiento \u00a0de \u00a0extradici\u00f3n \u00a0de \u00a0OSCAR \u00a0ALONSO \u00a0MEDINA LE\u00d3N, aportando la \u00a0documentaci\u00f3n pertinente para el tr\u00e1mite. \u00a0\u00a0<\/p>\n<p>4. \u00a0El Ministerio \u00a0de \u00a0 Relaciones \u00a0 Exteriores \u00a0 conceptu\u00f3 \u00a0 que \u00a0 para \u00a0 el \u00a0 caso \u00a0\u00ab\u2026se \u00a0 encuentra \u00a0 vigente \u00a0entre \u00a0la \u00a0Rep\u00fablica \u00a0de \u00a0Colombia \u00a0y los Estados Unidos de Am\u00e9rica, la \u201cConvenci\u00f3n de \u00a0Naciones \u00a0Unidas \u00a0contra \u00a0el \u00a0tr\u00e1fico \u00a0il\u00edcito de estupefacientes y sustancias \u00a0psicotr\u00f3picas\u201d \u00a0 \u00a0suscrita \u00a0 \u00a0en \u00a0 \u00a0Viena \u00a0 \u00a0el \u00a0 \u00a020 \u00a0 \u00a0de \u00a0 \u00a0diciembre \u00a0 de \u00a01988,\u2026\u00bb \u00a0 y \u00a0adem\u00e1s, \u00a0que \u00a0en \u00a0los \u00a0aspectos \u00a0no \u00a0regulados \u00a0por la Convenci\u00f3n, el tr\u00e1mite debe regirse por los art\u00edculos 491 y \u00a0496 \u00a0 del \u00a0 C\u00f3digo \u00a0 de \u00a0Procedimiento \u00a0Penal \u00a0(Ley \u00a0906 \u00a0de \u00a02004)4. \u00a0\u00a0<\/p>\n<p>Remiti\u00f3 \u00a0adem\u00e1s la nota verbal referida y \u00a0los \u00a0correspondientes \u00a0anexos \u00a0al \u00a0Ministerio de Justicia y del Derecho, entidad \u00a0que \u00a0a \u00a0su \u00a0vez \u00a0dispuso el \u00a0env\u00edo \u00a0del \u00a0expediente \u00a0a \u00a0la \u00a0Sala \u00a0de \u00a0Casaci\u00f3n Penal de la Corte Suprema de \u00a0Justicia. \u00a0\u00a0<\/p>\n<p>5. \u00a0Mediante \u00a0auto del 5 de junio siguiente, se dio inicio \u00a0al \u00a0tr\u00e1mite \u00a0en \u00a0esta \u00a0Corporaci\u00f3n.\u00a0 \u00a0En orden a garantizar el derecho de \u00a0defensa \u00a0del \u00a0solicitado \u00a0y \u00a0como no design\u00f3 representante, la Sala design\u00f3 de \u00a0oficio \u00a0a \u00a0un \u00a0miembro \u00a0de la Defensor\u00eda del Pueblo y le reconoci\u00f3 personer\u00eda \u00a0mediante \u00a0 auto \u00a0 del \u00a0 25 \u00a0 del \u00a0 mismo \u00a0 mes, \u00a0en \u00a0el \u00a0cual \u00a0tambi\u00e9n \u00a0orden\u00f3 \u00a0correr \u00a0 \u00a0el \u00a0 \u00a0traslado \u00a0contemplado \u00a0en \u00a0el \u00a0art\u00edculo \u00a0500 \u00a0de \u00a0la \u00a0Ley \u00a0906 \u00a0de \u00a02004 \u00a0para \u00a0presentar \u00a0pruebas. \u00a0\u00a0<\/p>\n<p>Dentro \u00a0de \u00a0ese \u00a0t\u00e9rmino, \u00a0el \u00a0Ministerio \u00a0P\u00fablico \u00a0precis\u00f3 \u00a0que \u00a0si bien OSCAR ALONSO ya estaba retenido por la presunta \u00a0comisi\u00f3n \u00a0del punible de tr\u00e1fico de estupefacientes por hechos ocurridos el 21 \u00a0de \u00a0marzo \u00a0de \u00a02014, \u00a0fue \u00a0requerido \u00a0por \u00a0las \u00a0autoridades \u00a0norteamericanas por \u00a0circunstancias \u00a0relacionadas \u00a0con \u00a0la \u00a0misma \u00a0conducta, \u00a0pero cometidas el 14 de \u00a0diciembre \u00a0de \u00a02010, lo que no vulneraba la garant\u00eda del non bis in \u00eddem, como \u00a0ya lo ha se\u00f1alado la jurisprudencia de la Sala. \u00a0\u00a0<\/p>\n<p>Por \u00a0lo tanto \u00abal \u00a0no \u00a0haber \u00a0coincidencia en las fechas de los hechos por los que fue solicitado y \u00a0por \u00a0los \u00a0que \u00a0fue \u00a0inicialmente \u00a0capturado en Colombia, considera el Ministerio \u00a0P\u00fablico \u00a0que \u00a0de \u00a0la \u00a0actuaci\u00f3n no se desprende ning\u00fan elemento de juicio que \u00a0permita \u00a0 considerar \u00a0razonablemente \u00a0un \u00a0posible \u00a0compromiso \u00a0de \u00a0la \u00a0garant\u00eda \u00a0aludida\u00bb \u00a0y \u00a0en \u00a0tal \u00a0raz\u00f3n, \u00a0no \u00a0estim\u00f3 \u00a0necesario \u00a0solicitar pruebas al respecto. \u00a0\u00a0<\/p>\n<p>Por \u00a0su \u00a0parte, \u00a0el \u00a0defensor \u00a0p\u00fablico \u00a0de \u00a0OSCAR \u00a0ALONSO \u00a0MEDINA \u00a0LE\u00d3N \u00a0pidi\u00f3 \u00a0que \u00a0se oficiara a la Oficina de Asuntos Internacionales de la Fiscal\u00eda \u00a0General \u00a0de \u00a0la \u00a0Naci\u00f3n, \u00a0para que informara si en contra del requerido existen \u00a0procesos \u00a0penales \u00a0en \u00a0Colombia \u00a0por \u00a0hechos relacionados con narcotr\u00e1fico y en \u00a0caso \u00a0de \u00a0ser \u00a0afirmativa la respuesta, allegara a este tr\u00e1mite la informaci\u00f3n \u00a0respectiva sobre los mismos. \u00a0\u00a0<\/p>\n<p>CONSIDERACIONES \u00a0<\/p>\n<p>1. \u00a0 De \u00a0manera \u00a0reiterada \u00a0y pac\u00edfica, la Corte ha se\u00f1alado que el concepto que debe dictar al \u00a0interior \u00a0del \u00a0tr\u00e1mite \u00a0de \u00a0extradici\u00f3n, \u00a0se \u00a0contrae \u00a0a verificar \u00a0la validez formal de la documentaci\u00f3n \u00a0presentada, \u00a0la demostraci\u00f3n plena de la identidad del solicitado, el principio \u00a0de \u00a0la \u00a0doble \u00a0incriminaci\u00f3n, la equivalencia de la providencia proferida en el \u00a0extranjero \u00a0y \u00a0el \u00a0cumplimiento de lo previsto en los tratados p\u00fablicos, cuando \u00a0fuere \u00a0el \u00a0caso, \u00a0como \u00a0as\u00ed \u00a0lo dispone el art\u00edculo 502 de la Ley 906 de 2004. \u00a0\u00a0<\/p>\n<p>Lo \u00a0anterior, significa que la \u00a0Corte \u00a0 solo \u00a0 est\u00e1 \u00a0 habilitada \u00a0 para \u00a0decretar \u00a0aquellas \u00a0pruebas \u00a0que \u00a0sean \u00a0conducentes, \u00a0 pertinentes \u00a0 y \u00a0 \u00fatiles, \u00a0\u00fanicamente \u00a0en \u00a0relaci\u00f3n \u00a0con \u00a0los \u00a0t\u00f3picos \u00a0estipulados en \u00a0la normatividad citada. \u00a0\u00a0<\/p>\n<p>Por \u00a0lo \u00a0tanto, \u00a0otros \u00a0aspectos ajenos al \u00a0tr\u00e1mite \u00a0que \u00a0se propongan acreditar los intervinientes, exceden la naturaleza, \u00a0alcances \u00a0y \u00a0limitaciones del concepto que debe rendir esta Corporaci\u00f3n, por lo \u00a0que \u00a0las \u00a0pruebas \u00a0que \u00a0tengan \u00a0como \u00a0prop\u00f3sito \u00a0la verificaci\u00f3n de cuestiones \u00a0extra\u00f1as al mismo, son impertinentes. \u00a0\u00a0<\/p>\n<p>2. \u00a0 La \u00a0 pretensi\u00f3n \u00a0 probatoria \u00a0del \u00a0defensor \u00a0que \u00a0agencia \u00a0los intereses de OSCAR ALONSO \u00a0MEDINA \u00a0 LE\u00d3N \u00a0 en \u00a0este \u00a0tr\u00e1mite, \u00a0se \u00a0contrae \u00a0a \u00a0constatar \u00a0si \u00a0\u00e9ste \u00a0ha \u00a0sido juzgado en Colombia por los mismos hechos por los \u00a0cuales \u00a0es \u00a0requerido \u00a0por \u00a0las \u00a0autoridades \u00a0de \u00a0los Estados Unidos, en orden a \u00a0salvaguardar el principio de cosa juzgada. \u00a0\u00a0<\/p>\n<p>No obstante, de manera reiterada ha expuesto \u00a0la \u00a0Sala que no basta con enunciar tal solicitud de forma gen\u00e9rica, sino que es \u00a0deber \u00a0de quien la eleva, aportar informaci\u00f3n concreta que permita, a partir de \u00a0una \u00a0base \u00a0racional, al menos advertir una investigaci\u00f3n o condena en Colombia, \u00a0frente a quien es requerido por los hechos materia de extradici\u00f3n. \u00a0\u00a0<\/p>\n<p>As\u00ed \u00a0lo \u00a0ha \u00a0precisado \u00a0la \u00a0Corte en varias \u00a0oportunidades: \u00a0\u00a0<\/p>\n<p>\u2026el imperativo \u00a0de \u00a0verificar \u00a0esta \u00a0circunstancia \u00a0se presenta en situaciones en las que existe \u00a0evidencia \u00a0que apunte a demostrar la eventual lesi\u00f3n del derecho fundamental al \u00a0debido \u00a0proceso \u00a0por desconocimiento del principio de cosa juzgada, en la medida \u00a0que \u00a0el \u00a0afectado o su defensor informen que el asunto fue investigado y juzgado \u00a0en \u00a0Colombia \u00a0y \u00a0suministren \u00a0la \u00a0informaci\u00f3n \u00a0relacionada \u00a0con las autoridades \u00a0judiciales \u00a0colombianas \u00a0que \u00a0hubieren \u00a0conocido \u00a0de \u00a0la \u00a0actuaci\u00f3n; \u00a0o que por \u00a0cualquier \u00a0otro \u00a0medio \u00a0fundadamente \u00a0se \u00a0pueda \u00a0suponer \u00a0el ejercicio previo de \u00a0jurisdicci\u00f3n, \u00a0 por \u00a0 ejemplo, \u00a0 porque \u00a0la \u00a0orden \u00a0de \u00a0captura \u00a0con \u00a0fines \u00a0de \u00a0extradici\u00f3n \u00a0se \u00a0cumple \u00a0estando \u00a0la \u00a0persona \u00a0privada \u00a0de \u00a0libertad \u00a0y resulte \u00a0necesario \u00a0establecer \u00a0la \u00a0raz\u00f3n \u00a0por \u00a0la cual se dispuso la limitaci\u00f3n de ese \u00a0derecho \u00a0al \u00a0requerido (En \u00a0ese \u00a0 \u00a0 sentido, \u00a0 \u00a0 CSJ \u00a0 \u00a0AP1605 \u00a0 \u00a0\u2013 \u00a0 \u00a0 \u00a0 2014, \u00a0 \u00a0 \u00a0CSJ \u00a0AP, \u00a02 \u00a0sept. \u00a02009, \u00a0Rad. 32231 y CSJ AP, 9 febr. 2011, Rad. \u00a035452). \u00a0\u00a0<\/p>\n<p>En \u00a0el presente \u00a0evento, \u00a0como el defensor \u00a0de \u00a0 \u00a0OSCAR \u00a0 \u00a0ALONSO \u00a0 MEDINA \u00a0 LE\u00d3N \u00a0no \u00a0precis\u00f3 \u00a0con \u00a0base \u00a0en \u00a0qu\u00e9 \u00a0elementos \u00a0de \u00a0juicio podr\u00eda \u00a0colegirse \u00a0que \u00a0el \u00a0requerido \u00a0haya \u00a0sido \u00a0juzgado \u00a0en \u00a0Colombia \u00a0por los hechos \u00a0materia \u00a0de \u00a0extradici\u00f3n, \u00a0se \u00a0negar\u00e1 la petici\u00f3n \u00a0probatoria \u00a0 \u00a0encaminada \u00a0 \u00a0a \u00a0 oficiar \u00a0 con \u00a0 ese \u00a0fin, \u00a0de manera gen\u00e9rica, a la Fiscal\u00eda General de \u00a0la Naci\u00f3n. \u00a0\u00a0<\/p>\n<p>3. No obstante \u00a0lo \u00a0 \u00a0 anterior, \u00a0 \u00a0 se \u00a0 \u00a0observa \u00a0 \u00a0que \u00a0 la \u00a0 captura \u00a0 con \u00a0 fines \u00a0 de \u00a0extradici\u00f3n \u00a0 se \u00a0 llev\u00f3 \u00a0 a \u00a0 cabo \u00a0 estando \u00a0 OSCAR \u00a0ALONSO \u00a0privado \u00a0de \u00a0la \u00a0libertad por la \u00a0 \u00a0presunta \u00a0 comisi\u00f3n \u00a0 de \u00a0 un \u00a0 delito \u00a0 de \u00a0 tr\u00e1fico \u00a0 de \u00a0estupefacientes, \u00a0al parecer ocurrido el 21 \u00a0de \u00a0marzo de 2014 en la vereda la Caba\u00f1a, ubicada en \u00a0el \u00a0 \u00a0kil\u00f3metro \u00a0 \u00a099 \u00a0 \u00a0de \u00a0 \u00a0la \u00a0 autopista \u00a0 Bogot\u00e1 \u00a0 Medell\u00edn, \u00a0encontr\u00e1ndose a disposici\u00f3n de la \u00a0Fiscal\u00eda \u00a0 \u00a0 Quinta \u00a0 \u00a0 Especializada \u00a0 \u00a0 UNAIM, \u00a0 \u00a0 dentro \u00a0 \u00a0 del \u00a0 \u00a0radicado \u00a011006000098201480157, \u00a0 \u00a0 \u00a0 \u00a0 \u00a0como as\u00ed lo inform\u00f3 un funcionario de la DIJIN. \u00a0\u00a0<\/p>\n<p>En \u00a0 \u00a0 \u00a0 el \u00a0 \u00a0 \u00a0 indictment, \u00a0 \u00a0se \u00a0 \u00a0consign\u00f3 \u00a0 que \u00a0las \u00a0circunstancias \u00a0por \u00a0las \u00a0que \u00a0es requerido por \u00a0las \u00a0 \u00a0 \u00a0autoridades \u00a0 \u00a0 \u00a0de \u00a0 \u00a0 \u00a0los \u00a0 \u00a0 \u00a0Estados \u00a0 \u00a0 \u00a0Unidos, \u00a0 \u00a0 acaecieron \u00a0 \u00a0 \u00a0 \u00a0 \u00abdel \u00a02 \u00a0de diciembre de 2010, o alrededor de esa fecha, hasta el \u00a014 \u00a0 de \u00a0 diciembre \u00a0 de \u00a0 2010, \u00a0 o \u00a0 alrededor \u00a0 de \u00a0 esa \u00a0fecha\u00bb5, lo que se \u00a0refrenda \u00a0con \u00a0la declaraci\u00f3n jurada de Charles Shields Jr., Agente Especial de \u00a0la \u00a0 \u00a0Oficina \u00a0 \u00a0Federal \u00a0 \u00a0de \u00a0 \u00a0Investigaci\u00f3n \u00a0 (FBI), \u00a0 quien \u00a0 se\u00f1al\u00f3 lo siguiente: \u00a0\u00a0<\/p>\n<p>La \u00a0investigaci\u00f3n \u00a0revel\u00f3 \u00a0que \u00a0del 2 de \u00a0diciembre \u00a0de \u00a02010 \u00a0al \u00a014 \u00a0de \u00a0diciembre \u00a0de \u00a02010\u2026Oscar Alonso Medina Le\u00f3n \u00a0(Medina \u00a0 Le\u00f3n) \u00a0fueron \u00a0miembros \u00a0de \u00a0una \u00a0organizaci\u00f3n \u00a0narcotraficante \u00a0que \u00a0conspir\u00f3 \u00a0para \u00a0distribuir \u00a0y \u00a0distribuy\u00f3 \u00a0coca\u00edna \u00a0de Colombia a los Estados \u00a0Unidos.6 \u00a0\u00a0<\/p>\n<p>Las \u00a0circunstancias \u00a0descritas, \u00a0permiten \u00a0suponer \u00a0que \u00a0en \u00a0Colombia se sigui\u00f3 o se adelanta un proceso penal por delitos \u00a0de \u00a0narcotr\u00e1fico en contra del requerido, raz\u00f3n por \u00a0la \u00a0 cual, \u00a0en \u00a0orden \u00a0a \u00a0garantizar \u00a0la \u00a0protecci\u00f3n \u00a0en \u00a0el \u00a0caso \u00a0del \u00a0axioma \u00a0constitucional \u00a0del \u00a0non \u00a0bis \u00a0in \u00a0\u00eddem, \u00a0 de \u00a0 manera \u00a0 oficiosa \u00a0se \u00a0dispondr\u00e1 requerir a la Fiscal\u00eda \u00a0General \u00a0de \u00a0la \u00a0Naci\u00f3n, Direcci\u00f3n Especializada UNAIM, para que indique si en \u00a0contra \u00a0de OSCAR ALONSO MEDINA LE\u00d3N cursa proceso penal en nuestro pa\u00eds por el \u00a0delito \u00a0de \u00a0tr\u00e1fico \u00a0de \u00a0estupefacientes \u00a0y \u00a0en \u00a0caso \u00a0afirmativo \u00a0qu\u00e9 \u00a0hechos \u00a0abarca.\u00a0 \u00a0Igualmente, \u00a0deber\u00e1 \u00a0informar \u00a0el \u00a0estado actual del sumario con \u00a0radicaci\u00f3n \u00a011006000098201480157, \u00a0adem\u00e1s de expedir copias de las actuaciones \u00a0relevantes que all\u00ed se hayan adelantado. \u00a0\u00a0<\/p>\n<p>En \u00a0m\u00e9rito \u00a0de lo expuesto, la CORTE \u00a0SUPREMA \u00a0DE \u00a0JUSTICIA, \u00a0SALA \u00a0DE \u00a0CASACI\u00d3N PENAL, \u00a0\u00a0<\/p>\n<p>RESUELVE \u00a0<\/p>\n<p>1. \u00a0\u00a0 \u00a0\u00a0 \u00a0\u00a0 \u00a0 \u00a0NEGAR \u00a0 las \u00a0solicitudes \u00a0probatorias \u00a0formuladas \u00a0por el defensor del reclamado OSCAR \u00a0 \u00a0ALONSO \u00a0 \u00a0MEDINA \u00a0 LE\u00d3N, \u00a0 de \u00a0conformidad \u00a0 \u00a0con \u00a0 lo \u00a0 expuesto \u00a0 en \u00a0 la \u00a0 parte \u00a0 considerativa \u00a0 de \u00a0 esta \u00a0providencia. \u00a0\u00a0<\/p>\n<p>2. \u00a0\u00a0 \u00a0\u00a0 \u00a0\u00a0 \u00a0 \u00a0De \u00a0oficio, \u00a0requerir \u00a0a \u00a0la \u00a0Fiscal\u00eda \u00a0General \u00a0de \u00a0la \u00a0Naci\u00f3n, Direcci\u00f3n Especializada UNAIM, para que indique si en \u00a0contra \u00a0de OSCAR ALONSO MEDINA LE\u00d3N cursa proceso penal en nuestro pa\u00eds por el \u00a0delito \u00a0de \u00a0tr\u00e1fico \u00a0de \u00a0estupefacientes \u00a0y \u00a0en \u00a0caso \u00a0afirmativo \u00a0qu\u00e9 \u00a0hechos \u00a0abarca.\u00a0 \u00a0Igualmente, \u00a0deber\u00e1 \u00a0informar \u00a0el \u00a0estado actual del sumario con \u00a0radicaci\u00f3n \u00a011006000098201480157, \u00a0adem\u00e1s de expedir copias de las actuaciones \u00a0relevantes que all\u00ed se hayan adelantado. \u00a0\u00a0<\/p>\n<p>Contra \u00a0este \u00a0auto \u00a0procede \u00a0el \u00a0recurso \u00a0de \u00a0reposici\u00f3n. \u00a0\u00a0<\/p>\n<p>C\u00f3piese, notif\u00edquese y c\u00famplase \u00a0<\/p>\n<p>FERNANDO ALBERTO CASTRO CABALLERO \u00a0<\/p>\n<p>JOS\u00c9 LUIS BARCEL\u00d3 CAMACHO \u00a0<\/p>\n<p>JOS\u00c9 LEONIDAS BUSTOS MART\u00cdNEZ \u00a0<\/p>\n<p>EUGENIO FERN\u00c1NDEZ CARLIER \u00a0<\/p>\n<p>MAR\u00cdA \u00a0 \u00a0 DEL \u00a0 \u00a0ROSARIO \u00a0 \u00a0GONZ\u00c1LEZ \u00a0MU\u00d1OZ \u00a0\u00a0<\/p>\n<p>GUSTAVO ENRIQUE MALO FERN\u00c1NDEZ \u00a0<\/p>\n<p>EYDER PATI\u00d1O CABRERA \u00a0<\/p>\n<p>PATRICIA SALAZAR CU\u00c9LLAR \u00a0<\/p>\n<p>LUIS GUILLERMO SALAZAR OTERO \u00a0<\/p>\n<p>NUBIA YOLANDA NOVA GARC\u00cdA \u00a0<\/p>\n<p>Secretaria \u00a0<\/p>\n<p>\u00a0 \u00a0\u00a0<\/p>\n<p>1 \u00a0Folios 3 a 6 de la carpeta. \u00a0\u00a0<\/p>\n<p>2 Folio \u00a016 de la carpeta. \u00a0\u00a0<\/p>\n<p>3 \u00a0Folios 34 a 37 de la carpeta. \u00a0\u00a0<\/p>\n<p>4 \u00a0Mediante \u00a0oficio DIAJI No. 1044 del 26 de mayo de 2014, obrante a folios 31 y 32 \u00a0de la carpeta. \u00a0\u00a0<\/p>\n<p>5 Folio \u00a0132 de la carpeta. \u00a0\u00a0<\/p>\n<p>6 Folio \u00a0144 de la carpeta. \u00a0 \u00a0\u00a0<\/p>\n<p><\/p>\n","protected":false},"excerpt":{"rendered":"<p>\u00a0 \u00a0 \u00a0\u00a0 CORTE SUPREMA DE JUSTICIA \u00a0 SALA DE CASACI\u00d3N PENAL \u00a0 PATRICIA SALAZAR CU\u00c9LLAR \u00a0 MAGISTRADA PONENTE \u00a0 AP4500-2014 \u00a0 Radicaci\u00f3n No.: 43.907 \u00a0 Acta No. 254 \u00a0 Bogot\u00e1 D.C.,\u00a0 cinco (5) de agosto de dos \u00a0mil catorce (2014). \u00a0\u00a0 VISTOS \u00a0 Vencido el t\u00e9rmino contemplado en el inciso \u00a02\u00ba \u00a0del \u00a0art\u00edculo \u00a0500 [&hellip;]<\/p>\n","protected":false},"author":1,"featured_media":0,"comment_status":"open","ping_status":"open","sticky":false,"template":"","format":"standard","meta":{"footnotes":""},"categories":[22],"tags":[],"class_list":["post-28801","post","type-post","status-publish","format-standard","hentry","category-22"],"_links":{"self":[{"href":"https:\/\/dmsjuridica.com\/buscador_20179478954\/salapenalcronologico20230723\/wp-json\/wp\/v2\/posts\/28801","targetHints":{"allow":["GET"]}}],"collection":[{"href":"https:\/\/dmsjuridica.com\/buscador_20179478954\/salapenalcronologico20230723\/wp-json\/wp\/v2\/posts"}],"about":[{"href":"https:\/\/dmsjuridica.com\/buscador_20179478954\/salapenalcronologico20230723\/wp-json\/wp\/v2\/types\/post"}],"author":[{"embeddable":true,"href":"https:\/\/dmsjuridica.com\/buscador_20179478954\/salapenalcronologico20230723\/wp-json\/wp\/v2\/users\/1"}],"replies":[{"embeddable":true,"href":"https:\/\/dmsjuridica.com\/buscador_20179478954\/salapenalcronologico20230723\/wp-json\/wp\/v2\/comments?post=28801"}],"version-history":[{"count":0,"href":"https:\/\/dmsjuridica.com\/buscador_20179478954\/salapenalcronologico20230723\/wp-json\/wp\/v2\/posts\/28801\/revisions"}],"wp:attachment":[{"href":"https:\/\/dmsjuridica.com\/buscador_20179478954\/salapenalcronologico20230723\/wp-json\/wp\/v2\/media?parent=28801"}],"wp:term":[{"taxonomy":"category","embeddable":true,"href":"https:\/\/dmsjuridica.com\/buscador_20179478954\/salapenalcronologico20230723\/wp-json\/wp\/v2\/categories?post=28801"},{"taxonomy":"post_tag","embeddable":true,"href":"https:\/\/dmsjuridica.com\/buscador_20179478954\/salapenalcronologico20230723\/wp-json\/wp\/v2\/tags?post=28801"}],"curies":[{"name":"wp","href":"https:\/\/api.w.org\/{rel}","templated":true}]}}