{"id":28800,"date":"2023-09-13T14:12:23","date_gmt":"2023-09-13T14:12:23","guid":{"rendered":"https:\/\/dmsjuridica.com\/buscador_20179478954\/salapenalcronologico20230723\/2023\/09\/13\/ap450-201442391\/"},"modified":"2023-09-13T14:12:23","modified_gmt":"2023-09-13T14:12:23","slug":"ap450-201442391","status":"publish","type":"post","link":"https:\/\/dmsjuridica.com\/buscador_20179478954\/salapenalcronologico20230723\/2023\/09\/13\/ap450-201442391\/","title":{"rendered":"AP450-2014(42391)"},"content":{"rendered":"\n<p>\u00a0 \u00a0 CORTE SUPREMA DE JUSTICIA \u00a0<\/p>\n<p>SALA DE CASACION PENAL \u00a0<\/p>\n<p>PATRICIA SALAZAR CU\u00c9LLAR \u00a0<\/p>\n<p>Magistrada Ponente \u00a0<\/p>\n<p>AP450-2014 \u00a0<\/p>\n<p>Radicaci\u00f3n n\u00ba 42391 \u00a0<\/p>\n<p>(Aprobado Acta No.153) \u00a0<\/p>\n<p>Bogot\u00e1 D. C., veintiuno (21) de mayo \u00a0 \u00a0de \u00a0 \u00a0dos \u00a0 mil \u00a0 catorce (2014) \u00a0\u00a0<\/p>\n<p>VISTOS \u00a0<\/p>\n<p>\u00a0 \u00a0\u00a0 \u00a0\u00a0 \u00a0\u00a0Se \u00a0decide \u00a0sobre \u00a0el \u00a0impedimento \u00a0expresado \u00a0por el H. Magistrado \u00a0EUGENIO \u00a0FERN\u00c1NDEZ \u00a0CARLIER, \u00a0quien \u00a0invoca \u00a0la \u00a0causal especial prevista en el \u00a0art\u00edculo 197 de la Ley 906 de 2004. \u00a0\u00a0<\/p>\n<p>ANTECEDENTES \u00a0<\/p>\n<p>\u00a0 \u00a0 \u00a0 \u00a0 \u00a0<\/p>\n<p>JOS\u00c9 \u00a0LUIS \u00a0MU\u00d1OZ \u00a0S\u00c1NCHEZ \u00a0y\u00a0 PEDRO \u00a0PABLO \u00a0ARDILA \u00a0RODR\u00cdGUEZ por medio del Procurador 362 \u00a0Judicial \u00a0 Penal \u00a0 II, \u00a0solicitaron \u00a0la \u00a0revisi\u00f3n \u00a0de \u00a0la \u00a0sentencia \u00a0proferida \u00a0el \u00a010 \u00a0de \u00a0diciembre \u00a0de 2008, por la Sala Penal del \u00a0Tribunal \u00a0Superior \u00a0de \u00a0Bucaramanga, \u00a0que \u00a0confirm\u00f3 el fallo emitido en primera \u00a0instancia \u00a0el \u00a031 \u00a0de octubre de 2008, a trav\u00e9s del cual fueron condenados a la \u00a0pena \u00a0principal \u00a0de \u00a0cien \u00a0(100) meses de prisi\u00f3n y multa de cuatrocientos diez \u00a0(410) \u00a0salarios \u00a0m\u00ednimos \u00a0legales mensuales vigentes, como coautores del delito \u00a0de tentativa de extorsi\u00f3n agravada. \u00a0\u00a0<\/p>\n<p>Dicha decisi\u00f3n fue suscrita por el entonces \u00a0H. \u00a0Magistrado \u00a0del \u00a0Tribunal \u00a0de \u00a0Bucaramanga \u00a0y \u00a0ahora \u00a0Magistrado de la Corte \u00a0Suprema \u00a0de \u00a0Justicia \u00a0Doctor \u00a0EUGENIO \u00a0FERN\u00c1NDEZ \u00a0CARLIER, \u00a0quien \u00a0se declar\u00f3 \u00a0impedido \u00a0para \u00a0conocer \u00a0de \u00a0la \u00a0presente \u00a0demanda \u00a0de \u00a0revisi\u00f3n, \u00a0aduciendo la \u00a0concurrencia \u00a0de la causal especial de impedimento de que trata el art\u00edculo 197 \u00a0de \u00a0la \u00a0Ley \u00a0906 \u00a0de \u00a02004, \u00a0esto \u00a0es, \u00a0\u201cno \u00a0podr\u00e1 \u00a0intervenir \u00a0en \u00a0el \u00a0tr\u00e1mite \u00a0y decisi\u00f3n de esta acci\u00f3n ning\u00fan magistrado que \u00a0haya \u00a0 \u00a0suscrito \u00a0 \u00a0la \u00a0 \u00a0decisi\u00f3n \u00a0 \u00a0objeto \u00a0 \u00a0de \u00a0 \u00a0la \u00a0 misma\u201d. \u00a0\u00a0<\/p>\n<p>CONSIDERACIONES \u00a0<\/p>\n<p>\u00a0 \u00a0\u00a0 \u00a0\u00a0 \u00a0\u00a0La \u00a0acci\u00f3n \u00a0de \u00a0revisi\u00f3n promovida por el Procurador 362 Judicial \u00a0Penal \u00a0II, \u00a0se \u00a0dirige \u00a0contra \u00a0el \u00a0fallo \u00a0de segunda instancia proferido por el \u00a0Tribunal \u00a0Superior \u00a0de Bucaramanga el 10 de diciembre \u00a0de 2008. \u00a0\u00a0<\/p>\n<p>Como \u00a0quiera que la decisi\u00f3n que se revisa \u00a0fue \u00a0suscrita \u00a0por \u00a0el \u00a0H. \u00a0Magistrado \u00a0EUGENIO \u00a0FERN\u00c1NDEZ CARLIER, quien en su \u00a0momento \u00a0actu\u00f3 \u00a0como \u00a0ponente, \u00a0a \u00a0criterio \u00a0de la Sala, se configura la causal \u00a0impeditiva \u00a0del \u00a0art\u00edculo \u00a0197 \u00a0del \u00a0C\u00f3digo de Procedimiento Penal (Ley 906 de \u00a02004), \u00a0prevista \u00a0para \u00a0eventos \u00a0en \u00a0los cuales, \u201cno \u00a0podr\u00e1 \u00a0intervenir en el tr\u00e1mite y decisi\u00f3n de esta acci\u00f3n ning\u00fan magistrado \u00a0que \u00a0haya suscrito la decisi\u00f3n objeto de la misma\u201d, \u00a0en consecuencia se le separar\u00e1 del conocimiento del caso. \u00a0\u00a0<\/p>\n<p>\u00a0 \u00a0\u00a0 \u00a0\u00a0 \u00a0\u00a0En \u00a0m\u00e9rito \u00a0de \u00a0lo expuesto, la Corte Suprema de Justicia, en Sala \u00a0de Casaci\u00f3n Penal, \u00a0\u00a0<\/p>\n<p>RESUELVE \u00a0<\/p>\n<p>Aceptar \u00a0el impedimento expresado por el H. \u00a0Magistrado \u00a0 Doctor \u00a0EUGENIO \u00a0FERN\u00c1NDEZ \u00a0CARLIER, \u00a0a \u00a0quien, en consecuencia, se le separa del conocimiento del caso. \u00a0\u00a0<\/p>\n<p>Comun\u00edquese y C\u00famplase \u00a0<\/p>\n<p>FERNANDO \u00a0ALBERTO CASTRO CABALLERO \u00a0\u00a0<\/p>\n<p>JOS\u00c9 LUIS BARCEL\u00d3 CAMACHO \u00a0<\/p>\n<p>JOS\u00c9 LEONIDAS BUSTOS MART\u00cdNEZ \u00a0<\/p>\n<p>MARIA DEL ROSARIO GONZ\u00c1LEZ MU\u00d1OZ \u00a0<\/p>\n<p>GUSTAVO ENRIQUE MALO FERN\u00c1NDEZ \u00a0<\/p>\n<p>EYDER PATI\u00d1O CABRERA \u00a0<\/p>\n<p>PATRICIA SALAZAR CU\u00c9LLAR \u00a0<\/p>\n<p>LU\u00cdS GUILLERMO SALAZAR OTERO \u00a0<\/p>\n<p>NUBIA YOLANDA NOVA GARC\u00cdA \u00a0<\/p>\n<p>Secretaria \u00a0<\/p>\n<p>\u00a0 \u00a0\u00a0<\/p>\n<p><\/p>\n","protected":false},"excerpt":{"rendered":"<p>\u00a0 \u00a0 CORTE SUPREMA DE JUSTICIA \u00a0 SALA DE CASACION PENAL \u00a0 PATRICIA SALAZAR CU\u00c9LLAR \u00a0 Magistrada Ponente \u00a0 AP450-2014 \u00a0 Radicaci\u00f3n n\u00ba 42391 \u00a0 (Aprobado Acta No.153) \u00a0 Bogot\u00e1 D. C., veintiuno (21) de mayo \u00a0 \u00a0de \u00a0 \u00a0dos \u00a0 mil \u00a0 catorce (2014) \u00a0\u00a0 VISTOS \u00a0 \u00a0 \u00a0\u00a0 \u00a0\u00a0 \u00a0\u00a0Se \u00a0decide \u00a0sobre \u00a0el [&hellip;]<\/p>\n","protected":false},"author":1,"featured_media":0,"comment_status":"open","ping_status":"open","sticky":false,"template":"","format":"standard","meta":{"footnotes":""},"categories":[22],"tags":[],"class_list":["post-28800","post","type-post","status-publish","format-standard","hentry","category-22"],"_links":{"self":[{"href":"https:\/\/dmsjuridica.com\/buscador_20179478954\/salapenalcronologico20230723\/wp-json\/wp\/v2\/posts\/28800","targetHints":{"allow":["GET"]}}],"collection":[{"href":"https:\/\/dmsjuridica.com\/buscador_20179478954\/salapenalcronologico20230723\/wp-json\/wp\/v2\/posts"}],"about":[{"href":"https:\/\/dmsjuridica.com\/buscador_20179478954\/salapenalcronologico20230723\/wp-json\/wp\/v2\/types\/post"}],"author":[{"embeddable":true,"href":"https:\/\/dmsjuridica.com\/buscador_20179478954\/salapenalcronologico20230723\/wp-json\/wp\/v2\/users\/1"}],"replies":[{"embeddable":true,"href":"https:\/\/dmsjuridica.com\/buscador_20179478954\/salapenalcronologico20230723\/wp-json\/wp\/v2\/comments?post=28800"}],"version-history":[{"count":0,"href":"https:\/\/dmsjuridica.com\/buscador_20179478954\/salapenalcronologico20230723\/wp-json\/wp\/v2\/posts\/28800\/revisions"}],"wp:attachment":[{"href":"https:\/\/dmsjuridica.com\/buscador_20179478954\/salapenalcronologico20230723\/wp-json\/wp\/v2\/media?parent=28800"}],"wp:term":[{"taxonomy":"category","embeddable":true,"href":"https:\/\/dmsjuridica.com\/buscador_20179478954\/salapenalcronologico20230723\/wp-json\/wp\/v2\/categories?post=28800"},{"taxonomy":"post_tag","embeddable":true,"href":"https:\/\/dmsjuridica.com\/buscador_20179478954\/salapenalcronologico20230723\/wp-json\/wp\/v2\/tags?post=28800"}],"curies":[{"name":"wp","href":"https:\/\/api.w.org\/{rel}","templated":true}]}}