{"id":288,"date":"2023-09-07T20:27:17","date_gmt":"2023-09-07T20:27:17","guid":{"rendered":"https:\/\/dmsjuridica.com\/buscador_20179478954\/salapenalcronologico20230723\/2023\/09\/07\/10277-27-02-96\/"},"modified":"2023-09-07T20:27:17","modified_gmt":"2023-09-07T20:27:17","slug":"10277-27-02-96","status":"publish","type":"post","link":"https:\/\/dmsjuridica.com\/buscador_20179478954\/salapenalcronologico20230723\/2023\/09\/07\/10277-27-02-96\/","title":{"rendered":"10277 (27-02-96)"},"content":{"rendered":"\n<p>\u00a0 \u00a0 LIBERTAD \u00a0PROVISIONAL\/ \u00a0ANTECEDENTES \u00a0\u00a0<\/p>\n<p>La \u00a0liberaci\u00f3n provisional se autoriza antes \u00a0de \u00a0 proferirse \u00a0sentencia, \u00a0como \u00a0quiera \u00a0que \u00a0es \u00a0en \u00a0\u00e9sta \u00a0donde \u00a0se \u00a0decide \u00a0definitivamente \u00a0si \u00a0se \u00a0concede o no el beneficio a que se refiere el art\u00edculo \u00a068 del C.P. \u00a0\u00a0<\/p>\n<p>No basta con que se cumplan las dos terceras \u00a0partes \u00a0de \u00a0la \u00a0pena de prisi\u00f3n impuesta, para merecer de manera autom\u00e1tica la \u00a0libertad \u00a0provisional. \u00a0Ya se dijo y enseguida ha de reiterarse, que al anterior \u00a0aspecto \u00a0debe \u00a0sumarse \u00a0un \u00a0diagn\u00f3stico \u00a0favorable \u00a0sobre \u00a0la valoraci\u00f3n de la \u00a0personalidad \u00a0del \u00a0autor \u00a0observada \u00a0a \u00a0trav\u00e9s \u00a0de \u00a0la \u00a0realizaci\u00f3n \u00a0del hecho \u00a0concreto.\u00a0\u00a0 \u00a0\u00a0<\/p>\n<p>Proceso No.\u00a0 10277 \u00a0<\/p>\n<p>\u00a0 \u00a0\u00a0 \u00a0\u00a0 \u00a0\u00a0CORTE SUPREMA DE JUSTICIA \u00a0\u00a0<\/p>\n<p>\u00a0 \u00a0\u00a0 \u00a0\u00a0 \u00a0\u00a0SALA DE CASACION PENAL \u00a0\u00a0<\/p>\n<p>\u00a0 \u00a0\u00a0 \u00a0\u00a0 \u00a0\u00a0Magistrado Ponente Dr: \u00a0\u00a0<\/p>\n<p>\u00a0 \u00a0\u00a0 \u00a0\u00a0 \u00a0\u00a0CARLOS AUGUSTO GALVEZ ARGOTE \u00a0\u00a0<\/p>\n<p>\u00a0 \u00a0\u00a0 \u00a0\u00a0 \u00a0\u00a0Aprobado Acta No.29 \u00a0\u00a0<\/p>\n<p>\u00a0\u00a0\u00a0\u00a0 Santaf\u00e9 de Bogot\u00e1, \u00a0D.C., \u00a0 veintisiete \u00a0 (27) \u00a0 de \u00a0febrero \u00a0de \u00a0mil \u00a0novecientos \u00a0noventa \u00a0y \u00a0seis \u00a0(1996). \u00a0\u00a0<\/p>\n<p>\u00a0 \u00a0\u00a0 \u00a0\u00a0 \u00a0VISTOS: \u00a0\u00a0<\/p>\n<p>\u00a0\u00a0\u00a0\u00a0 \u00a0 Nuevamente, \u00a0el \u00a0procesado \u00a0JOSE \u00a0JOAQUIN \u00a0GUTIERREZ \u00a0QUIEBRAHOYA, \u00a0detenido \u00a0en \u00a0la C\u00e1rcel para \u00a0miembros \u00a0de la Polic\u00eda Nacional de Facatativ\u00e1 (Cundinamarca), solicita le sea \u00a0concedida la libertad provisional. \u00a0\u00a0<\/p>\n<p>\u00a0 \u00a0\u00a0 \u00a0\u00a0 \u00a0CONSIDERACIONES: \u00a0\u00a0<\/p>\n<p>\u00a0\u00a0\u00a0\u00a0 \u00a0a) \u00a0Mediante autos \u00a0del \u00a023 \u00a0de \u00a0noviembre \u00a0y 12 de diciembre de 1995, la Sala neg\u00f3 al procesado la \u00a0libertad \u00a0provisional \u00a0impetrada, no obstante ya en esta \u00faltima fecha completar \u00a0entre \u00a0el tiempo efectivo de reclusi\u00f3n y el descuento a que se hac\u00eda merecedor \u00a0por \u00a0concepto de trabajo acreditado, un total superior a las dos terceras partes \u00a0de \u00a0la \u00a0pena \u00a0de 48 meses de prisi\u00f3n a que fuera condenado como infractor de la \u00a0Ley 30 de 1986. \u00a0\u00a0<\/p>\n<p>\u00a0\u00a0\u00a0\u00a0 En tal oportunidad, \u00a0la \u00a0Corte \u00a0precis\u00f3 que no obstante la constataci\u00f3n del factor objetivo exigido \u00a0por \u00a0el \u00a0art. \u00a072 del C\u00f3digo Penal, esto es, el relacionado con el cumplimiento \u00a0de \u00a0 las \u00a0dos \u00a0terceras \u00a0partes \u00a0en \u00a0comento \u00a0y \u00a0empece, \u00a0tambi\u00e9n, \u00a0a \u00a0que \u00a0con \u00a0anterioridad \u00a0no \u00a0se \u00a0conocen \u00a0antecedentes delictivos o contravencionales en su \u00a0contra, \u00a0siendo \u00a0por \u00a0dem\u00e1s \u00a0calificado \u00a0su \u00a0comportamiento \u00a0de \u00a0ejemplar en el \u00a0establecimiento \u00a0carcelario y su dedicaci\u00f3n permanente a labores de trabajo, le \u00a0ser\u00eda \u00a0negada \u00a0la libertad solicitada, precisamente por la naturaleza misma del \u00a0hecho \u00a0punible \u00a0por el que fuera condenado y las condiciones espec\u00edficas en que \u00a0el mismo se cometi\u00f3. \u00a0\u00a0<\/p>\n<p>\u00a0\u00a0\u00a0\u00a0 \u00a0b) \u00a0Interpuesto el \u00a0recurso \u00a0de reposici\u00f3n contra esta determinaci\u00f3n, la Corte la mantuvo mediante \u00a0auto del 26 de enero del corriente a\u00f1o. \u00a0\u00a0<\/p>\n<p>\u00a0\u00a0\u00a0\u00a0 \u00a0c) \u00a0Por \u00a0otra vez, \u00a0GUTIERREZ \u00a0QUIEBRAHOYA \u00a0solicita \u00a0la \u00a0libertad provisional. En esta oportunidad, \u00a0considerando \u00a0en \u00a0principio \u00a0que \u00a0concurren las causales contempladas en el art. \u00a0415 del C. de P.P., num. 1 y 2. \u00a0\u00a0<\/p>\n<p>\u00a0\u00a0\u00a0\u00a0 Sobre el particular \u00a0impera \u00a0precisar que a trav\u00e9s de la primera de ellas la liberaci\u00f3n provisional \u00a0se \u00a0autoriza antes de proferirse sentencia, como quiera que es en \u00e9sta donde se \u00a0decide \u00a0definitivamente \u00a0si \u00a0se \u00a0concede \u00a0o n\u00f3 el beneficio a que se refiere el \u00a0art. 68 del C.P. \u00a0\u00a0<\/p>\n<p>\u00a0\u00a0\u00a0\u00a0 De otro lado, en lo \u00a0relacionado \u00a0con la segunda, no basta con que se cumplan las dos terceras partes \u00a0de \u00a0la pena de prisi\u00f3n impuesta, para merecer de manera autom\u00e1tica la libertad \u00a0provisional, \u00a0conforme \u00a0lo \u00a0entiende \u00a0el procesado. Ya se dijo y enseguida ha de \u00a0reiterarse, \u00a0que \u00a0al \u00a0anterior \u00a0aspecto \u00a0debe \u00a0sumarse un diagn\u00f3stico favorable \u00a0sobre \u00a0la \u00a0valoraci\u00f3n \u00a0de \u00a0la \u00a0personalidad del autor observada a trav\u00e9s de la \u00a0realizaci\u00f3n del hecho concreto. \u00a0\u00a0<\/p>\n<p>\u00a0\u00a0\u00a0\u00a0 \u00a0 As\u00ed, \u00a0 en \u00a0 el \u00a0an\u00e1lisis \u00a0de \u00a0este \u00a0extremo \u00a0condicionado por las circunstancias personales del \u00a0procesado, \u00a0que \u00a0han persuadido a la Corte a cerca de la necesidad de que cumpla \u00a0la \u00a0 totalidad \u00a0 de \u00a0pena \u00a0que \u00a0le \u00a0fuera \u00a0impuesta, \u00a0se \u00a0anot\u00f3 \u00a0en \u00a0pret\u00e9rita \u00a0ocasi\u00f3n: \u00a0\u00a0<\/p>\n<p>\u00a0 \u00a0\u00a0 \u00a0\u00a0 \u00a0&#8220;Lo \u00a0anterior, \u00a0por \u00a0consiguiente, impide que sobre la sola base de \u00a0unas \u00a0bondadosas referencias personales pueda operar esa valoraci\u00f3n integral, y \u00a0sobre \u00a0todo prescindiendo de las condiciones bajo las cuales se lleg\u00f3 a cometer \u00a0la \u00a0infracci\u00f3n \u00a0juzgada, \u00a0porque \u00a0si \u00a0el \u00a0actor \u00a0del \u00a0il\u00edcito \u00a0es un empleado, \u00a0trabajador \u00a0o \u00a0funcionario \u00a0p\u00fablico que est\u00e9 encargado de investigar, juzgar o \u00a0custodiar \u00a0a \u00a0personas \u00a0u \u00a0objetos \u00a0comprometidos \u00a0en \u00a0delitos \u00a0o contravenciones de que trata la Ley 30 de \u00a01986, \u00a0procura \u00a0la \u00a0impunidad, o la ocultaci\u00f3n, alteraci\u00f3n o sustrae o apropia \u00a0en \u00a0todo \u00a0o \u00a0en \u00a0parte aquellos elementos o sustancias o facilita la evasi\u00f3n de \u00a0las \u00a0personas \u00a0capturadas, \u00a0jam\u00e1s podr\u00e1 equipararse esta valoraci\u00f3n para slos \u00a0casos \u00a0 de \u00a0un \u00a0delito \u00a0pasional \u00a0u \u00a0ocasional, \u00a0con \u00a0las \u00a0que \u00a0se \u00a0refieren \u00a0al \u00a0narcotr\u00e1fico \u00a0 cuya \u00a0 comisi\u00f3n \u00a0ha \u00a0implicado \u00a0el \u00a0montaje \u00a0de \u00a0una \u00a0verdadera \u00a0empresa. \u00a0\u00a0<\/p>\n<p>\u00a0 \u00a0\u00a0 \u00a0\u00a0 \u00a0Debe \u00a0agregar \u00a0la \u00a0Sala, \u00a0que \u00a0respecto de los antecedentes de todo \u00a0orden, \u00a0tienen \u00a0especial \u00a0significaci\u00f3n \u00a0para \u00a0efectos \u00a0de la valoraci\u00f3n de la \u00a0personalidad \u00a0del \u00a0solicitante, \u00a0que \u00a0en tan solo trece (13) meses y veintitr\u00e9s \u00a0(23) \u00a0d\u00edas \u00a0de \u00a0servicio \u00a0activo \u00a0a la Polic\u00eda Nacional, fue objeto de tre (3) \u00a0sanciones \u00a0disciplinarias, dos de las cuales consistieron en arresto severo (fl. \u00a0134 -Cuad. No.1)&#8221;. (Auto del 12 de diciembre de 1995). \u00a0\u00a0<\/p>\n<p>\u00a0\u00a0\u00a0\u00a0 Por lo anteriormente \u00a0expuesto, la CORTE SUPREMA DE JUSTICIA, SALA DE CASACION PENAL, \u00a0\u00a0<\/p>\n<p>\u00a0 \u00a0\u00a0 \u00a0\u00a0 \u00a0RESUELVE: \u00a0\u00a0<\/p>\n<p>\u00a0\u00a0\u00a0\u00a0 \u00a0 \u00a0N \u00a0E \u00a0G \u00a0A \u00a0R \u00a0a \u00a0JOSE JOAQUIN GUTIERREZ \u00a0QUIEBRAHOYA la libertad provisional solicitada. \u00a0\u00a0<\/p>\n<p>\u00a0\u00a0\u00a0\u00a0 \u00a0 Notif\u00edquese \u00a0y \u00a0C\u00famplase \u00a0\u00a0<\/p>\n<p>FERNANDO \u00a0 \u00a0 \u00a0 \u00a0 \u00a0ARBOLEDA \u00a0RIPOLL\u00a0\u00a0\u00a0\u00a0\u00a0\u00a0 RICARDO CALVETE RANGEL \u00a0\u00a0<\/p>\n<p>No firmo \u00a0<\/p>\n<p>JORGE \u00a0 \u00a0 \u00a0 \u00a0E. \u00a0 \u00a0 \u00a0 \u00a0CORDOBA \u00a0POVEDA\u00a0\u00a0\u00a0\u00a0\u00a0\u00a0\u00a0 \u00a0 \u00a0 \u00a0CARLOS \u00a0 \u00a0 \u00a0A. \u00a0 \u00a0 \u00a0GALVEZ \u00a0ARGOTE \u00a0\u00a0<\/p>\n<p>CARLOS \u00a0 \u00a0 \u00a0 \u00a0 E. \u00a0 \u00a0 \u00a0 \u00a0MEJIA \u00a0ESCOBAR\u00a0\u00a0\u00a0\u00a0\u00a0\u00a0\u00a0 \u00a0 \u00a0 \u00a0 \u00a0 \u00a0 DIDIMO \u00a0 \u00a0 \u00a0 \u00a0 \u00a0PAEZ \u00a0VELANDIA \u00a0\u00a0<\/p>\n<p>NILSON \u00a0 \u00a0 \u00a0 \u00a0 \u00a0 PINILLA \u00a0PINILLA\u00a0\u00a0\u00a0\u00a0\u00a0\u00a0\u00a0\u00a0 \u00a0 JUAN \u00a0 MANUEL \u00a0 TORRES \u00a0FRESNEDA \u00a0\u00a0<\/p>\n<p>\u00a0 \u00a0\u00a0 \u00a0 \u00a0PATRICIA SALAZAR CUELLAR \u00a0\u00a0<\/p>\n<p>\u00a0 \u00a0\u00a0 \u00a0 \u00a0Secretaria \u00a0\u00a0<\/p>\n<p>\u00a0 \u00a0 \u00a0<\/p>\n<p><\/p>\n","protected":false},"excerpt":{"rendered":"<p>\u00a0 \u00a0 LIBERTAD \u00a0PROVISIONAL\/ \u00a0ANTECEDENTES \u00a0\u00a0 La \u00a0liberaci\u00f3n provisional se autoriza antes \u00a0de \u00a0 proferirse \u00a0sentencia, \u00a0como \u00a0quiera \u00a0que \u00a0es \u00a0en \u00a0\u00e9sta \u00a0donde \u00a0se \u00a0decide \u00a0definitivamente \u00a0si \u00a0se \u00a0concede o no el beneficio a que se refiere el art\u00edculo \u00a068 del C.P. \u00a0\u00a0 No basta con que se cumplan las dos terceras \u00a0partes \u00a0de \u00a0la [&hellip;]<\/p>\n","protected":false},"author":1,"featured_media":0,"comment_status":"open","ping_status":"open","sticky":false,"template":"","format":"standard","meta":{"footnotes":""},"categories":[4],"tags":[],"class_list":["post-288","post","type-post","status-publish","format-standard","hentry","category-4"],"_links":{"self":[{"href":"https:\/\/dmsjuridica.com\/buscador_20179478954\/salapenalcronologico20230723\/wp-json\/wp\/v2\/posts\/288","targetHints":{"allow":["GET"]}}],"collection":[{"href":"https:\/\/dmsjuridica.com\/buscador_20179478954\/salapenalcronologico20230723\/wp-json\/wp\/v2\/posts"}],"about":[{"href":"https:\/\/dmsjuridica.com\/buscador_20179478954\/salapenalcronologico20230723\/wp-json\/wp\/v2\/types\/post"}],"author":[{"embeddable":true,"href":"https:\/\/dmsjuridica.com\/buscador_20179478954\/salapenalcronologico20230723\/wp-json\/wp\/v2\/users\/1"}],"replies":[{"embeddable":true,"href":"https:\/\/dmsjuridica.com\/buscador_20179478954\/salapenalcronologico20230723\/wp-json\/wp\/v2\/comments?post=288"}],"version-history":[{"count":0,"href":"https:\/\/dmsjuridica.com\/buscador_20179478954\/salapenalcronologico20230723\/wp-json\/wp\/v2\/posts\/288\/revisions"}],"wp:attachment":[{"href":"https:\/\/dmsjuridica.com\/buscador_20179478954\/salapenalcronologico20230723\/wp-json\/wp\/v2\/media?parent=288"}],"wp:term":[{"taxonomy":"category","embeddable":true,"href":"https:\/\/dmsjuridica.com\/buscador_20179478954\/salapenalcronologico20230723\/wp-json\/wp\/v2\/categories?post=288"},{"taxonomy":"post_tag","embeddable":true,"href":"https:\/\/dmsjuridica.com\/buscador_20179478954\/salapenalcronologico20230723\/wp-json\/wp\/v2\/tags?post=288"}],"curies":[{"name":"wp","href":"https:\/\/api.w.org\/{rel}","templated":true}]}}