{"id":28711,"date":"2023-09-13T14:16:03","date_gmt":"2023-09-13T14:16:03","guid":{"rendered":"https:\/\/dmsjuridica.com\/buscador_20179478954\/salapenalcronologico20230723\/2023\/09\/13\/ap4338-201444211\/"},"modified":"2023-09-13T14:16:03","modified_gmt":"2023-09-13T14:16:03","slug":"ap4338-201444211","status":"publish","type":"post","link":"https:\/\/dmsjuridica.com\/buscador_20179478954\/salapenalcronologico20230723\/2023\/09\/13\/ap4338-201444211\/","title":{"rendered":"AP4338-2014(44211)"},"content":{"rendered":"\n<p>\u00a0 \u00a0 \u00a0\u00a0<\/p>\n<p>CORTE SUPREMA DE JUSTICIA \u00a0<\/p>\n<p>SALA DE CASACI\u00d3N PENAL \u00a0<\/p>\n<p>GUSTAVO ENRIQUE MALO FERN\u00c1NDEZ \u00a0<\/p>\n<p>Magistrado ponente \u00a0<\/p>\n<p>AP4338-2014 \u00a0<\/p>\n<p>Radicaci\u00f3n n\u00b0 44211. \u00a0<\/p>\n<p>Aprobado acta No. 245. \u00a0<\/p>\n<p>Bogot\u00e1, D.C., treinta y uno (31) de julio de \u00a0dos mil catorce (2014). \u00a0\u00a0<\/p>\n<p>VISTOS \u00a0<\/p>\n<p>Se pronuncia la Corte sobre la declaratoria \u00a0de \u00a0incompetencia \u00a0que realiz\u00f3 la Sala de Decisi\u00f3n Penal del Tribunal Superior \u00a0de \u00a0 Medell\u00edn, \u00a0 mediante \u00a0 auto \u00a0 del \u00a0 15 \u00a0de \u00a0julio \u00a0de \u00a02014, \u00a0para \u00a0conocer \u00a0en \u00a0segunda \u00a0instancia \u00a0de \u00a0la sentencia proferida a \u00a0favor \u00a0 \u00a0 de \u00a0 \u00a0 Horacio \u00a0 \u00a0de \u00a0 \u00a0Jes\u00fas \u00a0 \u00a0Alzate \u00a0Holgu\u00edn, \u00a0por el delito de \u00a0fabricaci\u00f3n, \u00a0tr\u00e1fico, \u00a0porte o tenencia de armas de fuego, accesorios, partes \u00a0o municiones. \u00a0\u00a0<\/p>\n<p>\u00a0 ANTECEDENTES \u00a0\u00a0<\/p>\n<p>En el fallo de primera instancia se narraron \u00a0como se transcribe a continuaci\u00f3n: \u00a0\u00a0<\/p>\n<p>Seg\u00fan \u00a0 se \u00a0explica \u00a0en \u00a0el \u00a0escrito \u00a0de \u00a0acusaci\u00f3n, \u00a0 a \u00a0 eso \u00a0de \u00a0las \u00a010:40 \u00a0a.m. \u00a0del \u00a03 \u00a0de \u00a0marzo \u00a0de \u00a0la \u00a0presente \u00a0anualidad1, \u00a0funcionarios del orden, previamente alertados desde la Estaci\u00f3n \u00a0de \u00a0Polic\u00eda \u00a0del \u00a0municipio de Jeric\u00f3, se desplazaron hasta el almac\u00e9n Auteco \u00a0de \u00a0esa \u00a0localidad, lugar en el cual se hab\u00edan producido disparos y en donde se \u00a0ven\u00eda \u00a0presentando \u00a0una \u00a0acalorada discusi\u00f3n entre su administrador, el se\u00f1or \u00a0HORACIO \u00a0DE \u00a0JES\u00daS \u00a0ALZATE \u00a0HOLGU\u00cdN y dos personas, una de las cuales conocida \u00a0como \u00a0\u201cLim\u00f3n\u201d \u00a0y \u00a0la \u00a0otra \u00a0de nombre V\u00edctor, quienes una vez conjurada la \u00a0disputa \u00a0indicaron a los guardianes de la ley que aqu\u00e9l les exhibi\u00f3 un arma de \u00a0fuego \u00a0y les hizo un disparo, lo que origin\u00f3 el registro del establecimiento de \u00a0comercio \u00a0encontr\u00e1ndose \u00a0dentro \u00a0de \u00a0la \u00a0gaveta \u00a0derecha \u00a0de \u00a0su \u00a0escritorio un \u00a0rev\u00f3lver \u00a0marca \u00a0Smith \u00a0Wesson, \u00a0calibre \u00a032 largo, con n\u00famero interno 60723 y \u00a0externo \u00a0590741, \u00a0con \u00a0cachas \u00a0de madera caf\u00e9s en regular estado, con capacidad \u00a0para \u00a06 \u00a0proyectiles, \u00a0de fabricaci\u00f3n industrial, hecha en Estados Unidos y con \u00a0seis \u00a0 cartuchos \u00a0dentro \u00a0de \u00a0su \u00a0tambor, \u00a0uno \u00a0de \u00a0ellos \u00a0percutido. \u00a0\u00a0<\/p>\n<p>ACTUACI\u00d3N PROCESAL \u00a0<\/p>\n<p>El \u00a04 \u00a0de \u00a0marzo \u00a0de \u00a02013, la Fiscal\u00eda 125 \u00a0Seccional \u00a0de \u00a0Jeric\u00f3 \u00a0(Antioquia) \u00a0present\u00f3 \u00a0solicit\u00f3 \u00a0del Juzgado Promiscuo \u00a0Municipal, \u00a0con \u00a0funciones \u00a0de \u00a0control \u00a0de \u00a0garant\u00edas, del mismo municipio, la \u00a0celebraci\u00f3n \u00a0de \u00a0una \u00a0audiencia concentrada en curso de la cual se legaliz\u00f3 la \u00a0captura \u00a0 \u00a0 de \u00a0 \u00a0Horacio \u00a0 \u00a0de \u00a0 \u00a0Jes\u00fas \u00a0 \u00a0Alzate \u00a0Holgu\u00edn, \u00a0a \u00a0quien \u00a0se \u00a0le \u00a0formul\u00f3 \u00a0imputaci\u00f3n \u00a0por \u00a0el delito de fabricaci\u00f3n, \u00a0tr\u00e1fico, \u00a0 porte \u00a0 o \u00a0 tenencia \u00a0 de \u00a0armas \u00a0de \u00a0fuego, \u00a0accesorios, \u00a0partes \u00a0o \u00a0municiones \u00a0y \u00a0se \u00a0le \u00a0impuso \u00a0medida de aseguramiento \u00a0consistente \u00a0en \u00a0detenci\u00f3n en el lugar de domicilio. El imputado no acept\u00f3 los \u00a0cargos. \u00a0\u00a0<\/p>\n<p>La Fiscal\u00eda present\u00f3 escrito de acusaci\u00f3n \u00a0contra \u00a0 el \u00a0 se\u00f1or \u00a0 Alzate \u00a0 Holgu\u00edn, \u00a0ante el Juez Promiscuo del Circuito de \u00a0T\u00e1mesis, por el delito imputado. \u00a0\u00a0<\/p>\n<p>El citado despacho celebr\u00f3 las audiencias de \u00a0formulaci\u00f3n \u00a0de \u00a0acusaci\u00f3n, preparatoria y del juicio oral, anunciando en esta \u00a0\u00faltima \u00a0oportunidad el sentido del fallo de car\u00e1cter absolutorio, cuya lectura \u00a0tuvo \u00a0lugar \u00a0el 28 de noviembre de 2013 y que fue recurrido en apelaci\u00f3n por el \u00a0delegado de la Fiscal\u00eda General de la Naci\u00f3n. \u00a0\u00a0<\/p>\n<p>El expediente, en consecuencia, fue remitido \u00a0a \u00a0la \u00a0Sala \u00a0Penal \u00a0del \u00a0Tribunal \u00a0Superior \u00a0de \u00a0Antioquia, Corporaci\u00f3n que, el \u00a028 \u00a0de \u00a0mayo del a\u00f1o en curso, dando cumplimiento al \u00a0Acuerdo \u00a0No. \u00a0PSAA14-10145 \u00a0del 28 de abril de 2014 emanado del Consejo Superior \u00a0de \u00a0la \u00a0Judicatura, \u00a0remiti\u00f3 la actuaci\u00f3n a su hom\u00f3loga de Medell\u00edn, para la \u00a0emisi\u00f3n de la sentencia de segunda instancia. \u00a0\u00a0<\/p>\n<p>No obstante, mediante pronunciamiento del 15 \u00a0de \u00a0julio \u00a0\u00faltimo, la Sala Penal del Tribunal Superior de Medell\u00edn se declar\u00f3 \u00a0incompetente \u00a0para \u00a0conocer \u00a0del \u00a0asunto, \u00a0en raz\u00f3n a que no se cumpl\u00eda con el \u00a0factor territorial. \u00a0\u00a0<\/p>\n<p>Al \u00a0efecto, \u00a0parti\u00f3 \u00a0por \u00a0aclarar \u00a0que \u00a0el \u00a0juzgado \u00a0que \u00a0emiti\u00f3 \u00a0el \u00a0fallo \u00a0que \u00a0se \u00a0debe revisar, pertenece a un Distrito \u00a0Judicial \u00a0diferente; \u00a0por \u00a0ello, \u00a0argumenta \u00a0que \u00a0la \u00a0medida \u00a0de \u00a0descongesti\u00f3n \u00a0adoptada \u00a0por \u00a0el Consejo Superior de la Judicatura desconoce el art\u00edculo 63 de \u00a0la \u00a0Ley \u00a0Estatutaria \u00a0de \u00a0la \u00a0Administraci\u00f3n \u00a0de \u00a0Justicia, el cual autoriza la \u00a0redistribuci\u00f3n \u00a0de \u00a0procesos, \u00a0siempre \u00a0y \u00a0cuando \u00a0se \u00a0respete \u00a0la \u00a0competencia \u00a0territorial. \u00a0\u00a0<\/p>\n<p>En \u00a0sustento \u00a0de \u00a0lo anotado, transcribe la \u00a0norma \u00a0en \u00a0comento, \u00a0con \u00a0el \u00a0fin \u00a0de \u00a0resaltar \u00a0que \u00a0el \u00a0acto administrativo la \u00a0quebranta, \u00a0pues, con su modificaci\u00f3n se consagraron unas facultades limitadas, \u00a0en \u00a0la medida en que debe respetarse la especialidad funcional y territorial. De \u00a0igual \u00a0modo, \u00a0trae \u00a0a \u00a0colaci\u00f3n \u00a0las \u00a0discusiones \u00a0que \u00a0sobre \u00a0el particular se \u00a0suscitaron \u00a0el \u00a0Congreso \u00a0de \u00a0la \u00a0Rep\u00fablica, asevera que el precepto infringido \u00a0tiene \u00a0 la \u00a0 categor\u00eda \u00a0 de \u00a0 Ley \u00a0Estatutaria \u00a0y \u00a0hace \u00a0parte \u00a0del \u00a0bloque \u00a0de \u00a0constitucionalidad, \u00a0y recuerda que el derecho a ser juzgado por el juez natural \u00a0hace parte de la garant\u00eda constitucional del debido proceso. \u00a0\u00a0<\/p>\n<p>En \u00a0tales \u00a0condiciones, \u00a0orden\u00f3 remitir el \u00a0proceso \u00a0 \u00a0a \u00a0 esta \u00a0 Corporaci\u00f3n, \u00a0 con \u00a0 el \u00a0 objeto \u00a0 de \u00a0 que \u00a0 defina \u00a0 la \u00a0competencia. \u00a0\u00a0<\/p>\n<p>CONSIDERACIONES DE LA SALA \u00a0<\/p>\n<p>En ejercicio de la atribuci\u00f3n consagrada en \u00a0los \u00a0art\u00edculos \u00a032, \u00a0numeral \u00a04\u00ba, y 54 de la Ley 906 de 2004, la Corte entra a \u00a0resolver \u00a0lo que corresponda frente a la declaratoria de incompetencia realizada \u00a0por \u00a0 la \u00a0 Sala \u00a0 Penal \u00a0 del \u00a0 Tribunal \u00a0Superior \u00a0del \u00a0Distrito \u00a0Judicial \u00a0de \u00a0Medell\u00edn, \u00a0para \u00a0conocer \u00a0en \u00a0segunda instancia de la \u00a0sentencia \u00a0absolutoria proferida en el proceso seguido \u00a0contra \u00a0Horacio de Jes\u00fas Alzate Holgu\u00edn, \u00a0 por \u00a0 el \u00a0 delito \u00a0de \u00a0fabricaci\u00f3n, \u00a0tr\u00e1fico, \u00a0 porte \u00a0 o \u00a0 tenencia \u00a0 de \u00a0armas \u00a0de \u00a0fuego, \u00a0accesorios, \u00a0partes \u00a0o \u00a0municiones. \u00a0\u00a0<\/p>\n<p>De entrada, la Sala debe aclarar que respecto \u00a0del \u00a0tema \u00a0se \u00a0hicieron \u00a0llegar \u00a0a \u00a0la \u00a0Corporaci\u00f3n un gran n\u00famero de procesos \u00a0signados \u00a0por \u00a0las \u00a0mismas \u00a0circunstancias \u00a0f\u00e1cticas \u00a0y \u00a0jur\u00eddicas, \u00a0pues, \u00a0en \u00a0cumplimiento \u00a0de \u00a0lo \u00a0dispuesto \u00a0por \u00a0el \u00a0Consejo \u00a0Superior de la Judicatura, el \u00a0Tribunal \u00a0de Antioquia envi\u00f3 m\u00faltiples procesos pendientes de fallo de segundo \u00a0grado a su par de Medell\u00edn. \u00a0\u00a0<\/p>\n<p>Precisamente, \u00a0en estudio detenido de uno de \u00a0esos \u00a0procesos, \u00a0la \u00a0Corte \u00a0ya resolvi\u00f3 la cuesti\u00f3n central planteada en todos \u00a0ellos \u00a0(CSJ \u00a0AP, \u00a030 \u00a0de \u00a0julio \u00a0de \u00a02014, Rad. 44202), raz\u00f3n por la cual, para \u00a0evitar \u00a0innecesarias \u00a0disquisiciones \u00a0y advertido que consulta estrictamente los \u00a0temas, \u00a0normas \u00a0jur\u00eddicas \u00a0y \u00a0hechos \u00a0trascendentes \u00a0aqu\u00ed examinados, entiende \u00a0suficiente transcribir lo all\u00ed definido. \u00a0\u00a0<\/p>\n<p>Esto anot\u00f3, entonces, la Sala: \u00a0<\/p>\n<p>En \u00a0orden \u00a0a \u00a0adoptar \u00a0la \u00a0decisi\u00f3n que en \u00a0derecho \u00a0corresponda, \u00a0impera recordar en primer lugar que el concepto de bloque \u00a0de \u00a0 constitucionalidad, \u00a0 fue \u00a0 sistematizado \u00a0en \u00a0la \u00a0sentencia \u00a0C\u2013225 \u00a0 \u00a0de \u00a0 1995, \u00a0 pronunciamiento \u00a0reiterado \u00a0en \u00a0la \u00a0jurisprudencia \u00a0constitucional posterior sobre la materia, en \u00a0los siguientes t\u00e9rminos: \u00a0\u00a0<\/p>\n<p>El \u00a0bloque \u00a0de \u00a0constitucionalidad \u00a0est\u00e1 \u00a0compuesto \u00a0por \u00a0aquellas normas y principios que, sin aparecer formalmente en el \u00a0articulado \u00a0del \u00a0texto \u00a0constitucional, \u00a0son \u00a0utilizados \u00a0como \u00a0par\u00e1metros \u00a0del \u00a0control \u00a0de \u00a0constitucionalidad de las leyes, por cuanto han sido normativamente \u00a0integrados \u00a0a \u00a0la \u00a0Constituci\u00f3n, \u00a0por diversas v\u00edas y por mandato de la propia \u00a0Constituci\u00f3n. \u00a0 Son \u00a0 pues \u00a0 verdaderos\u00a0 \u00a0 principios \u00a0 y \u00a0 reglas \u00a0 de \u00a0valor \u00a0constitucional, \u00a0esto \u00a0es, \u00a0son \u00a0normas \u00a0situadas \u00a0en el nivel constitucional, a \u00a0pesar \u00a0de \u00a0que \u00a0puedan a veces contener mecanismos de reforma diversos al de las \u00a0normas del articulado constitucional\u00a0stricto sensu. \u00a0\u00a0<\/p>\n<p>La \u00a0evoluci\u00f3n \u00a0del \u00a0instituto jur\u00eddico en \u00a0comento \u00a0 implic\u00f3, \u00a0 entre \u00a0 otras, \u00a0 la \u00a0 distinci\u00f3n \u00a0 entre \u00a0 el \u00a0bloque \u00a0de \u00a0constitucionalidad \u00a0en \u00a0sentido \u00a0estricto \u00a0y \u00a0en \u00a0sentido lato. El primero, \u00abse \u00a0encuentra \u00a0conformado por aquellos principios y normas\u00a0de valor constitucional, \u00a0los \u00a0que \u00a0se \u00a0reducen \u00a0al \u00a0texto \u00a0de \u00a0la Constituci\u00f3n propiamente dicha y a los \u00a0tratados \u00a0internacionales \u00a0que \u00a0consagren \u00a0derechos \u00a0humanos cuya limitaci\u00f3n se \u00a0encuentre \u00a0prohibida \u00a0durante \u00a0los \u00a0estados de excepci\u00f3n\u00bb; en tanto el segundo \u00a0\u00abestar\u00eda \u00a0conformado \u00a0no \u00a0s\u00f3lo \u00a0por \u00a0el \u00a0articulado de la Constituci\u00f3n sino, \u00a0entre \u00a0otros, \u00a0por \u00a0los tratados internacionales de que trata el art\u00edculo 93 de \u00a0la \u00a0Carta, \u00a0por \u00a0las \u00a0leyes \u00a0org\u00e1nicas \u00a0y, en algunas \u00a0ocasiones, \u00a0por \u00a0las \u00a0leyes \u00a0estatutarias\u00bb. \u00a0 \u00a0(Sentencia \u00a0 C \u00a0 \u2013 191 de 1998. \u00c9nfasis propio). \u00a0\u00a0<\/p>\n<p>La integraci\u00f3n de las leyes estatutarias al \u00a0bloque \u00a0de \u00a0constitucionalidad \u00a0no es una regla general sino una excepci\u00f3n, que \u00a0opera \u00a0exclusivamente cuando \u00a0una \u00a0disposici\u00f3n \u00a0de \u00a0rango \u00a0superior \u00a0as\u00ed \u00a0lo \u00a0indica. \u00a0El \u00a0m\u00e1ximo \u00a0Tribunal \u00a0Constitucional lo ha precisado de la siguiente manera: \u00a0\u00a0<\/p>\n<p>De \u00a0 los \u00a0 criterios \u00a0 jurisprudenciales \u00a0expuestos, \u00a0se \u00a0destaca \u00a0el \u00a0hecho \u00a0de \u00a0que \u00a0algunas \u00a0leyes \u00a0pueden \u00a0integrar el \u00a0mencionado \u00a0bloque de constitucionalidad en sentido\u00a0lato, siempre que la propia \u00a0Carta \u00a0lo \u00a0haya \u00a0ordenado, \u00a0en \u00a0forma \u00a0directa \u00a0y espec\u00edfica, de manera que sus \u00a0mandatos \u00a0sean \u00a0respetados \u00a0por \u00a0las \u00a0leyes ordinarias y logren instituirse como \u00a0par\u00e1metros de un control de constitucionalidad sobre las mismas. \u00a0\u00a0<\/p>\n<p>[\u2026] \u00a0<\/p>\n<p>De manera pues que, el apoyo del demandante \u00a0en \u00a0el \u00a0fallo de constitucionalidad C-191 de 1998, para afirmar categ\u00f3ricamente \u00a0que \u00a0 la \u00a0 Ley \u00a0 270 \u00a0 de \u00a0 1996\u00a0\u201cEstatutaria \u00a0 de \u00a0 la \u00a0 Administraci\u00f3n \u00a0de \u00a0Justicia\u201d\u00a0-en \u00a0los \u00a0art\u00edculos que el actor menciona y en forma determinante- \u00a0integra \u00a0el \u00a0bloque \u00a0de constitucionalidad, fue equivocado por no haber existido \u00a0en \u00a0la \u00a0misma \u00a0referencia \u00a0ni \u00a0an\u00e1lisis \u00a0pertinente que permitiera llegar a esa \u00a0conclusi\u00f3n. \u00a0\u00a0<\/p>\n<p>[\u2026] \u00a0<\/p>\n<p>Con base en los criterios jurisprudenciales \u00a0mencionados \u00a0y \u00a0el \u00a0contenido \u00a0normativo \u00a0de \u00a0esas \u00a0preceptivas legales, la Sala \u00a0concluye \u00a0 que \u00a0las \u00a0mismas \u00a0no \u00a0pueden \u00a0invocarse \u00a0como \u00a0transgredidas \u00a0por \u00a0la \u00a0disposici\u00f3n\u00a0sub \u00a0examine, \u00a0en \u00a0cuanto no integran el \u00a0bloque \u00a0de constitucionalidad lato sensu, pues debe insistirse en que no todo el \u00a0contenido \u00a0de una ley estatutaria es apto para ostentar esa condici\u00f3n, s\u00f3lo es \u00a0viable \u00a0a \u00a0trav\u00e9s \u00a0de \u00a0un \u00a0mandato expreso del Constituyente de 1991 que apunte \u00a0hacia \u00a0esa direcci\u00f3n y en la Carta Pol\u00edtica no se observa canon alguno que las \u00a0reconozca \u00a0 como \u00a0 reglas \u00a0de \u00a0valor \u00a0constitucional. \u00a0(Sentencia \u00a0C \u00a0\u2013 \u00a0708 de \u00a01999. Subrayas propias). \u00a0\u00a0<\/p>\n<p>El \u00a0 mismo \u00a0error \u00a0detectado \u00a0en \u00a0aquella \u00a0oportunidad \u00a0por la Alta Corporaci\u00f3n se presenta en la interpretaci\u00f3n ofrecida \u00a0por \u00a0la \u00a0Sala \u00a0Penal del Tribunal de Medell\u00edn, pues su planteamiento se basa en \u00a0que \u00a0 el \u00a0 Acuerdo \u00a0PSAA14-10145 \u00a0del \u00a0Consejo \u00a0Superior \u00a0de \u00a0la \u00a0Judicatura \u00a0es \u00a0inconstitucional, \u00a0en tanto desconoce el art\u00edculo 63 de la Ley 270 de 1996, que \u00a0en \u00a0virtud \u00a0de \u00a0la \u00a0modificaci\u00f3n \u00a0introducida por el canon 15 de la Ley 1285 de \u00a02009, \u00a0 establece: \u00a0 \u00abel \u00a0 Consejo \u00a0Superior \u00a0de \u00a0la \u00a0Judicatura, \u00a0respetando \u00a0la \u00a0especialidad funcional y \u00a0la \u00a0competencia territorial \u00a0podr\u00e1 \u00a0redistribuir los asuntos que los Tribunales y Juzgados tengan para fallo \u00a0asign\u00e1ndolos \u00a0a \u00a0despachos \u00a0de la misma jerarqu\u00eda que tengan una carga laboral \u00a0que, \u00a0a \u00a0juicio \u00a0de \u00a0la \u00a0misma \u00a0Sala, \u00a0lo \u00a0permita\u00bb \u00a0(resalto \u00a0fuera \u00a0del texto \u00a0original). \u00a0\u00a0<\/p>\n<p>La \u00a0conclusi\u00f3n \u00a0obtenida es err\u00f3nea, dado \u00a0que \u00a0parte \u00a0de \u00a0la equivocada premisa, seg\u00fan la cual la disposici\u00f3n en comento \u00a0hace \u00a0parte \u00a0del \u00a0bloque \u00a0de \u00a0constitucionalidad. \u00a0Como \u00a0se expuso, aunque est\u00e9 \u00a0contenida \u00a0en \u00a0la Ley Estatutaria de Administraci\u00f3n de Justicia, para que fuera \u00a0tomada \u00a0como \u00a0criterio \u00a0de constitucionalidad tendr\u00eda que existir autorizaci\u00f3n \u00a0expresa \u00a0en la Carta Pol\u00edtica, pero \u00e9sta no fue consagrada en ning\u00fan apartado \u00a0del texto superior. \u00a0\u00a0<\/p>\n<p>Por \u00a0lo \u00a0tanto, \u00a0cuando \u00a0el \u00a0Tribunal \u00a0de \u00a0Medell\u00edn \u00a0opt\u00f3 \u00a0por \u00a0inaplicar \u00a0el acuerdo mencionado haciendo uso del control \u00a0difuso \u00a0 \u00a0de \u00a0 \u00a0constitucionalidad, \u00a0 \u00a0tambi\u00e9n \u00a0 \u00a0denominado \u00a0 \u00a0excepci\u00f3n \u00a0 de \u00a0inconstitucionalidad; \u00a0en \u00a0realidad \u00a0no \u00a0lo \u00a0confront\u00f3 \u00a0con \u00a0una norma de rango \u00a0constitucional, sino legal. \u00a0\u00a0<\/p>\n<p>Si \u00a0ello \u00a0es as\u00ed, como en efecto lo es, la \u00a0consecuencia \u00a0l\u00f3gica \u00a0es que no le estaba dado a aquella colegiatura desconocer \u00a0el \u00a0contenido \u00a0del \u00a0acto \u00a0administrativo \u00a0emanado \u00a0del \u00a0Consejo \u00a0Superior \u00a0de la \u00a0Judicatura, \u00a0pues \u00a0no \u00a0le \u00a0correspond\u00eda \u00a0decidir \u00a0si \u00a0se \u00a0ajustaba \u00a0o \u00a0no a las \u00a0previsiones \u00a0de \u00a0la \u00a0Ley \u00a0270 de 1996, ya que la facultad para tal efecto es del \u00a0resorte \u00a0 \u00a0 exclusivo \u00a0 \u00a0 de \u00a0 \u00a0 la \u00a0 \u00a0 jurisdicci\u00f3n \u00a0 \u00a0de \u00a0 \u00a0lo \u00a0 \u00a0contencioso \u00a0administrativo. \u00a0\u00a0<\/p>\n<p>En \u00a0el \u00a0mismo \u00a0sentido, \u00a0el \u00a0incidente \u00a0de \u00a0definici\u00f3n \u00a0de \u00a0competencia \u00a0no \u00a0es \u00a0el \u00a0escenario \u00a0pertinente para efectuar el \u00a0juicio \u00a0de \u00a0legalidad \u00a0de \u00a0los \u00a0acuerdos \u00a0emitidos por el Consejo Superior de la \u00a0Judicatura, \u00a0dado \u00a0que \u00a0ello desbordar\u00eda el \u00e1mbito de injerencia de la Sala de \u00a0Casaci\u00f3n \u00a0Penal, \u00a0e \u00a0invadir\u00eda \u00a0indebidamente \u00a0el \u00a0de \u00a0la justicia contencioso \u00a0administrativa. \u00a0\u00a0<\/p>\n<p>En desarrollo de lo anterior, en pret\u00e9ritas \u00a0oportunidades \u00a0se \u00a0ha \u00a0reconocido \u00a0que \u00a0\u00abel \u00a0Consejo \u00a0Superior de la Judicatura \u00a0ostenta \u00a0la \u00a0expresa \u00a0facultad para reasignar los procesos cuando la congesti\u00f3n \u00a0de \u00a0determinados \u00a0despachos \u00a0judiciales lo ameritan\u00bb, por lo que los acuerdos a \u00a0trav\u00e9s \u00a0de \u00a0los \u00a0cuales \u00a0se \u00a0materializa \u00a0dicha \u00a0funci\u00f3n, ostentan el rango de \u00a0normas \u00a0 atributivas \u00a0 de \u00a0 competencia \u00a0 (Cfr. \u00a0 CSJ \u00a0SP, \u00a022 \u00a0Ene \u00a02014, \u00a0Rad. \u00a038725). \u00a0\u00a0<\/p>\n<p>En el presente asunto, el art\u00edculo 1\u00ba del \u00a0Acuerdo \u00a0PSAA14-10145 del Consejo Superior de la Judicatura, orden\u00f3 \u00abtrasladar \u00a0260 \u00a0procesos \u00a0en \u00a0estado \u00a0de \u00a0fallo \u00a0de \u00a0Ley 906, de la Sala Penal del Tribunal \u00a0Superior \u00a0de \u00a0Antioquia, \u00a0a excepci\u00f3n del despacho de la Dra. Nancy \u00c1vila, del \u00a0m\u00e1s \u00a0reciente \u00a0al \u00a0menos \u00a0reciente, para ser distribuidos entre 13 despachos de \u00a0magistrados de la Sala Penal del Tribunal Superior de Medell\u00edn\u00bb. \u00a0\u00a0<\/p>\n<p>Dicho \u00a0acto \u00a0administrativo \u00a0se \u00a0encuentra \u00a0vigente \u00a0y \u00a0es \u00a0de \u00a0obligatorio \u00a0acatamiento, pues su legalidad se presume hasta \u00a0tanto \u00a0el \u00a0juez \u00a0natural \u00a0no \u00a0resuelva \u00a0lo \u00a0contrario. \u00a0En cumplimiento de dicho \u00a0mandato, \u00a0es \u00a0posible \u00a0e \u00a0incluso \u00a0imperativo, \u00a0exceptuar \u00a0la \u00a0regla \u00a0general de \u00a0competencia \u00a0territorial para la resoluci\u00f3n de aquellas 260 actuaciones, una de \u00a0las \u00a0 \u00a0 cuales \u00a0 \u00a0 es \u00a0 \u00a0 precisamente \u00a0 \u00a0 la \u00a0 \u00a0que \u00a0 \u00a0motiva \u00a0 \u00a0el \u00a0 \u00a0presente \u00a0pronunciamiento. \u00a0\u00a0<\/p>\n<p>En \u00a0tales condiciones, resulta claro que no \u00a0est\u00e1n \u00a0dados \u00a0los \u00a0presupuestos \u00a0para \u00a0resolver \u00a0el incidente de definici\u00f3n de \u00a0competencia \u00a0propuesto \u00a0por \u00a0la Sala de Decisi\u00f3n Penal del Tribunal Superior de \u00a0Medell\u00edn, \u00a0 a \u00a0 donde \u00a0se \u00a0remitir\u00e1n \u00a0de \u00a0inmediato, \u00a0para \u00a0que \u00a0d\u00e9 \u00a0estricto \u00a0cumplimiento \u00a0al \u00a0Acuerdo \u00a0tantas \u00a0veces \u00a0mencionado. \u00a0Esta determinaci\u00f3n ser\u00e1 \u00a0comunicada \u00a0 a \u00a0 su \u00a0 hom\u00f3loga \u00a0 con \u00a0 jurisdicci\u00f3n \u00a0 en \u00a0el \u00a0departamento \u00a0de \u00a0Antioquia\u00bb. \u00a0\u00a0<\/p>\n<p>Por \u00a0virtud de lo transcrito, se enviar\u00e1 lo \u00a0actuado \u00a0a \u00a0la \u00a0Sala Penal del Tribunal Superior de Medell\u00edn y de ello se dar\u00e1 \u00a0noticia a su hom\u00f3logo de Antioquia. \u00a0\u00a0<\/p>\n<p>DECISI\u00d3N \u00a0<\/p>\n<p>En \u00a0m\u00e9rito \u00a0a \u00a0lo \u00a0expuesto, \u00a0la Corte Suprema de Justicia, Sala de Casaci\u00f3n Penal, \u00a0\u00a0<\/p>\n<p>RESUELVE \u00a0<\/p>\n<p>1. \u00a0ABSTENERSE \u00a0de \u00a0pronunciarse \u00a0sobre \u00a0el incidente de definici\u00f3n de competencia propuesto por el \u00a0Tribunal Superior de Medell\u00edn. \u00a0\u00a0<\/p>\n<p>2. \u00a0DEVOLVER \u00a0la \u00a0actuaci\u00f3n \u00a0a \u00a0la \u00a0Sala \u00a0de \u00a0Decisi\u00f3n Penal del Tribunal Superior de Medell\u00edn, \u00a0para \u00a0que \u00a0d\u00e9 \u00a0estricto \u00a0cumplimiento \u00a0a \u00a0lo ordenado en el Acuerdo \u00a0PSAA14-10145 del Consejo Superior de la \u00a0Judicatura. \u00a0\u00a0<\/p>\n<p>3. \u00a0COMUNICAR \u00a0la \u00a0presente \u00a0 determinaci\u00f3n \u00a0 a \u00a0 la \u00a0 Sala \u00a0 Penal \u00a0 del \u00a0 Tribunal \u00a0Superior \u00a0de \u00a0Antioquia. \u00a0\u00a0<\/p>\n<p>Contra \u00a0esta \u00a0decisi\u00f3n \u00a0no \u00a0procede recurso \u00a0alguno. \u00a0\u00a0<\/p>\n<p>C\u00famplase. \u00a0\u00a0<\/p>\n<p>FERNANDO ALBERTO CASTRO CABALLERO \u00a0<\/p>\n<p>JOS\u00c9 LUIS BARCEL\u00d3 CAMACHO \u00a0<\/p>\n<p>JOS\u00c9 LEONIDAS BUSTOS MART\u00cdNEZ \u00a0<\/p>\n<p>EUGENIO FERN\u00c1NDEZ CARLIER \u00a0<\/p>\n<p>MAR\u00cdA DEL ROSARIO GONZ\u00c1LEZ MU\u00d1OZ \u00a0<\/p>\n<p>GUSTAVO ENRIQUE MALO FERN\u00c1NDEZ \u00a0<\/p>\n<p>Excusa\u00a0 Justificada \u00a0<\/p>\n<p>EYDER PATI\u00d1O CABRERA \u00a0<\/p>\n<p>PATRICIA SALAZAR CU\u00c9LLAR \u00a0<\/p>\n<p>LUIS GUILLERMO SALAZAR OTERO \u00a0<\/p>\n<p>Nubia Yolanda Nova Garc\u00eda \u00a0<\/p>\n<p>Secretaria \u00a0 \u00a0<\/p>\n<p>1 Del \u00a0a\u00f1o 2013, aclara la Sala \u00a0 \u00a0\u00a0<\/p>\n<p><\/p>\n","protected":false},"excerpt":{"rendered":"<p>\u00a0 \u00a0 \u00a0\u00a0 CORTE SUPREMA DE JUSTICIA \u00a0 SALA DE CASACI\u00d3N PENAL \u00a0 GUSTAVO ENRIQUE MALO FERN\u00c1NDEZ \u00a0 Magistrado ponente \u00a0 AP4338-2014 \u00a0 Radicaci\u00f3n n\u00b0 44211. \u00a0 Aprobado acta No. 245. \u00a0 Bogot\u00e1, D.C., treinta y uno (31) de julio de \u00a0dos mil catorce (2014). \u00a0\u00a0 VISTOS \u00a0 Se pronuncia la Corte sobre la declaratoria [&hellip;]<\/p>\n","protected":false},"author":1,"featured_media":0,"comment_status":"open","ping_status":"open","sticky":false,"template":"","format":"standard","meta":{"footnotes":""},"categories":[22],"tags":[],"class_list":["post-28711","post","type-post","status-publish","format-standard","hentry","category-22"],"_links":{"self":[{"href":"https:\/\/dmsjuridica.com\/buscador_20179478954\/salapenalcronologico20230723\/wp-json\/wp\/v2\/posts\/28711","targetHints":{"allow":["GET"]}}],"collection":[{"href":"https:\/\/dmsjuridica.com\/buscador_20179478954\/salapenalcronologico20230723\/wp-json\/wp\/v2\/posts"}],"about":[{"href":"https:\/\/dmsjuridica.com\/buscador_20179478954\/salapenalcronologico20230723\/wp-json\/wp\/v2\/types\/post"}],"author":[{"embeddable":true,"href":"https:\/\/dmsjuridica.com\/buscador_20179478954\/salapenalcronologico20230723\/wp-json\/wp\/v2\/users\/1"}],"replies":[{"embeddable":true,"href":"https:\/\/dmsjuridica.com\/buscador_20179478954\/salapenalcronologico20230723\/wp-json\/wp\/v2\/comments?post=28711"}],"version-history":[{"count":0,"href":"https:\/\/dmsjuridica.com\/buscador_20179478954\/salapenalcronologico20230723\/wp-json\/wp\/v2\/posts\/28711\/revisions"}],"wp:attachment":[{"href":"https:\/\/dmsjuridica.com\/buscador_20179478954\/salapenalcronologico20230723\/wp-json\/wp\/v2\/media?parent=28711"}],"wp:term":[{"taxonomy":"category","embeddable":true,"href":"https:\/\/dmsjuridica.com\/buscador_20179478954\/salapenalcronologico20230723\/wp-json\/wp\/v2\/categories?post=28711"},{"taxonomy":"post_tag","embeddable":true,"href":"https:\/\/dmsjuridica.com\/buscador_20179478954\/salapenalcronologico20230723\/wp-json\/wp\/v2\/tags?post=28711"}],"curies":[{"name":"wp","href":"https:\/\/api.w.org\/{rel}","templated":true}]}}