{"id":28601,"date":"2023-09-13T14:15:57","date_gmt":"2023-09-13T14:15:57","guid":{"rendered":"https:\/\/dmsjuridica.com\/buscador_20179478954\/salapenalcronologico20230723\/2023\/09\/13\/ap3993-201442543\/"},"modified":"2023-09-13T14:15:57","modified_gmt":"2023-09-13T14:15:57","slug":"ap3993-201442543","status":"publish","type":"post","link":"https:\/\/dmsjuridica.com\/buscador_20179478954\/salapenalcronologico20230723\/2023\/09\/13\/ap3993-201442543\/","title":{"rendered":"AP3993-2014(42543)"},"content":{"rendered":"\n<p>\u00a0 \u00a0 CORTE SUPREMA DE JUSTICIA \u00a0<\/p>\n<p>SALA DE CASACI\u00d3N PENAL \u00a0<\/p>\n<p>GUSTAVO ENRIQUE MALO FERNANDEZ \u00a0<\/p>\n<p>Magistrado ponente \u00a0<\/p>\n<p>AP3993-2014\u00a0\u00a0\u00a0\u00a0\u00a0 \u00a0\u00a0<\/p>\n<p>Radicaci\u00f3n N\u00b0 42543 \u00a0<\/p>\n<p>(Aprobado \u00a0 Acta \u00a0No.226) \u00a0\u00a0<\/p>\n<p>Bogot\u00e1 D.C., diecis\u00e9is (16) de julio de dos \u00a0mil catorce (2014). \u00a0\u00a0<\/p>\n<p>\u00a0\u00a0\u00a0\u00a0\u00a0\u00a0\u00a0\u00a0\u00a0 \u00a0 \u00a0La \u00a0 \u00a0Sala \u00a0resuelve \u00a0la \u00a0solicitud \u00a0de \u00a0pruebas \u00a0presentada \u00a0por el defensor del requerido, \u00a0dentro \u00a0del tr\u00e1mite de extradici\u00f3n que a solicitud del Gobierno de Panam\u00e1, se \u00a0adelanta \u00a0frente \u00a0al \u00a0ciudadano \u00a0costarricense \u00a0Johnny \u00a0Alberto Glenn Calvo. \u00a0\u00a0<\/p>\n<p>ANTECEDENTES \u00a0<\/p>\n<p>1. Mediante Nota Verbal EP\/COL\/No. 820\/13 del \u00a011 \u00a0 \u00a0 \u00a0 \u00a0de \u00a0 \u00a0 \u00a0 \u00a0julio \u00a0 \u00a0 \u00a0 \u00a0de \u00a0 \u00a0 \u00a0 20131, \u00a0 la \u00a0 Embajada \u00a0de \u00a0Panam\u00e1 \u00a0solicit\u00f3 \u00a0la \u00a0detenci\u00f3n \u00a0preventiva \u00a0con \u00a0fines \u00a0de extradici\u00f3n del ciudadano \u00a0costarricense \u00a0Johnny \u00a0Alberto Glenn Calvo, \u00a0petici\u00f3n \u00a0que \u00a0formaliz\u00f3 con la Nota Verbal EP\/COL\/No. 1150 del \u00a010 \u00a0 \u00a0 \u00a0 \u00a0 de \u00a0 \u00a0 \u00a0 \u00a0octubre \u00a0 \u00a0 \u00a0 \u00a0siguiente2. \u00a0\u00a0<\/p>\n<p>2. \u00a0 \u00a0Glenn \u00a0Calvo, \u00a0 \u00a0es \u00a0requerido para comparecer a terminar de cumplir la pena impuesta \u00a0por \u00a0el Segundo Tribunal Superior de Justicia, por el delito de homicidio doloso \u00a0agravado, \u00a0 \u00a0 tal \u00a0 \u00a0 y \u00a0 \u00a0como \u00a0 \u00a0consta \u00a0 \u00a0en \u00a0 \u00a0la \u00a0 \u00a0citada \u00a0 \u00a0comunicaci\u00f3n \u00a0diplom\u00e1tica. \u00a0\u00a0<\/p>\n<p>3. \u00a0La \u00a0Fiscal\u00eda \u00a0General \u00a0de la Naci\u00f3n, a \u00a0trav\u00e9s \u00a0de \u00a0resoluci\u00f3n \u00a0del \u00a020 \u00a0de agosto de 20133, decret\u00f3 la captura con fines \u00a0de \u00a0extradici\u00f3n \u00a0del \u00a0ciudadano \u00a0Johnny Alberto Glenn \u00a0Calvo. \u00a0\u00a0<\/p>\n<p>4. \u00a0Se\u00f1al\u00f3 el Ministerio de Justicia y del \u00a0derecho, \u00a0previo \u00a0concepto \u00a0de \u00a0su \u00a0hom\u00f3logo \u00a0de \u00a0Relaciones \u00a0Exteriores que el \u00a0tratado \u00a0 aplicable \u00a0al \u00a0presente \u00a0caso \u00a0es \u00a0el \u00a0\u00abde \u00a0extradici\u00f3n, \u00a0celebrado \u00a0entre \u00a0la \u00a0Rep\u00fablica \u00a0de \u00a0Colombia \u00a0y \u00a0la \u00a0Rep\u00fablica \u00a0Panam\u00e1, \u00a0 suscrito \u00a0 en \u00a0 Panam\u00e1 \u00a0 el \u00a024 \u00a0de \u00a0diciembre \u00a0de \u00a01927\u00bb, \u00a0mediante oficio No. OFI13-0027140-OAI-1100 del 22 de octubre de \u00a02013 \u00a0remiti\u00f3 \u00a0a la Corte la documentaci\u00f3n enviada por la Embajada de Panam\u00e1, \u00a0debidamente \u00a0 \u00a0 \u00a0 \u00a0 \u00a0 \u00a0 \u00a0 \u00a0autenticada4. \u00a0\u00a0<\/p>\n<p>5. Mediante auto del 23 de octubre pasado, se \u00a0requiri\u00f3 \u00a0a \u00a0Glenn Calvo para \u00a0que \u00a0 \u00a0 \u00a0 \u00a0 \u00a0 designara \u00a0 \u00a0 \u00a0 \u00a0 \u00a0 defensor5, \u00a0 vencido \u00a0 el \u00a0t\u00e9rmino, \u00a0a \u00a0trav\u00e9s \u00a0de \u00a0comunicaci\u00f3n \u00a0de \u00e9sta Corporaci\u00f3n a la Defensor\u00eda del Pueblo se \u00a0solicit\u00f3 \u00a0nombrar un profesional del derecho adscrito a esa Entidad6, el cual tom\u00f3 \u00a0posesi\u00f3n \u00a0 \u00a0el \u00a0 \u00a01 \u00a0 \u00a0de \u00a0 noviembre \u00a0 de \u00a0 20137. \u00a0\u00a0<\/p>\n<p>6. \u00a0Una \u00a0vez \u00a0resuelto \u00a0lo concerniente a la \u00a0defensa \u00a0del \u00a0requerido, \u00a0la Sala de Casaci\u00f3n Penal, en fecha 5 del mismo mes y \u00a0a\u00f1o \u00a0dispuso \u00a0correr \u00a0traslado \u00a0a \u00a0los \u00a0intervinientes para que solicitaran las \u00a0pruebas \u00a0 \u00a0 \u00a0a \u00a0 \u00a0 \u00a0que \u00a0 \u00a0 \u00a0hubiera \u00a0 \u00a0 \u00a0lugar8. \u00a0\u00a0<\/p>\n<p>7. \u00a0Transcurrido dicho t\u00e9rmino, los sujetos \u00a0se pronunciaron de la siguiente forma: \u00a0\u00a0<\/p>\n<p>7.1 \u00a0El \u00a0Procurador Segundo Delegado para la \u00a0Casaci\u00f3n \u00a0Penal, \u00a0consider\u00f3 \u00a0que \u00a0no \u00a0se \u00a0hac\u00eda \u00a0necesaria \u00a0la \u00a0pr\u00e1ctica \u00a0de \u00a0pruebas9. \u00a0\u00a0<\/p>\n<p>7.2. \u00a0La \u00a0defensa \u00a0solicit\u00f3 \u00a0el \u00a0decreto \u00a0y \u00a0pr\u00e1ctica \u00a0de \u00a0los \u00a0siguientes medios de convicci\u00f3n10: \u00a0\u00a0<\/p>\n<p>\u00ab1. Oficiar a la \u00a0Oficina \u00a0de \u00a0Asuntos Internacionales de la Fiscal\u00eda General de la Naci\u00f3n, para \u00a0que \u00a0nos informe si en contra del aqu\u00ed requerido en Extradici\u00f3n, existen (sic) \u00a0Colombia penales en tr\u00e1mite. \u00a0\u00a0<\/p>\n<p>2. \u00a0Las \u00a0dem\u00e1s \u00a0pruebas \u00a0que el despacho \u00a0ordene.\u00bb \u00a0\u00a0<\/p>\n<p>CONSIDERACIONES \u00a0<\/p>\n<p>\u00a0 \u00a0\u00a0<\/p>\n<p>1. Cuestiones Previas \u00a0 \u00a0\u00a0<\/p>\n<p>El art\u00edculo 35 de la Constituci\u00f3n Pol\u00edtica \u00a0establece que: \u00a0\u00a0<\/p>\n<p>\u00ab \u00a0 (\u2026) \u00a0 La \u00a0extradici\u00f3n \u00a0se \u00a0podr\u00e1 \u00a0solicitar, \u00a0conceder \u00a0u \u00a0ofrecer \u00a0de acuerdo con los tratados p\u00fablicos y, en su \u00a0defecto, con la ley. \u00a0\u00a0<\/p>\n<p>Adem\u00e1s, la extradici\u00f3n de los colombianos \u00a0por \u00a0nacimiento se conceder\u00e1 por delitos cometidos en el exterior, considerados \u00a0como tales en la legislaci\u00f3n penal colombiana. \u00a0\u00a0<\/p>\n<p>La \u00a0extradici\u00f3n \u00a0no proceder\u00e1 por delitos \u00a0pol\u00edticos. \u00a0\u00a0<\/p>\n<p>No \u00a0proceder\u00e1 \u00a0la \u00a0extradici\u00f3n \u00a0cuando se \u00a0trate \u00a0de \u00a0hechos \u00a0cometidos \u00a0con anterioridad a la promulgaci\u00f3n de la presente \u00a0norma\u00bb. \u00a0\u00a0<\/p>\n<p>En el caso, como lo conceptu\u00f3 el Ministerio \u00a0de \u00a0Relaciones \u00a0Exteriores, \u00a0es \u00a0preciso aplicar el \u00ab \u00a0Tratado \u00a0de \u00a0extradici\u00f3n, \u00a0celebrado \u00a0entre \u00a0la \u00a0Rep\u00fablica \u00a0de \u00a0Colombia \u00a0y la \u00a0Rep\u00fablica \u00a0Panam\u00e1, \u00a0suscrito en Panam\u00e1 el 24 de diciembre de 1927\u00bb \u00a0 en \u00a0el \u00a0cual \u00a0las \u00a0partes \u00a0se\u00a0 \u00a0obligan, \u00a0 en \u00a0aplicaci\u00f3n \u00a0del \u00a0art\u00edculo \u00a01\u00ba, \u00a0a \u00a0la \u00a0entrega \u00a0rec\u00edproca \u00a0de \u00a0\u00abpr\u00f3fugos \u00a0de \u00a0la justicia que se encuentren dentro \u00a0de \u00a0sus \u00a0respectivas \u00a0jurisdicciones\u00bb siempre que, se \u00a0cumpla \u00a0 con \u00a0 lo \u00a0 se\u00f1alado \u00a0 en \u00a0el \u00a0art\u00edculo \u00a02\u00ba \u00a0del \u00a0mismo \u00a0instrumento, \u00a0\u00abuna \u00a0 \u00a0pena \u00a0 \u00a0no \u00a0 \u00a0menor \u00a0 a \u00a0 dos \u00a0 a\u00f1os \u00a0 de \u00a0prisi\u00f3n\u00bb. \u00a0\u00a0<\/p>\n<p>A \u00a0su \u00a0vez, \u00a0en el art\u00edculo 12 se\u00f1ala como \u00a0presupuestos de la solicitud los siguientes: \u00a0\u00a0<\/p>\n<p>\u00abLa extradici\u00f3n \u00a0ser\u00e1 \u00a0solicitada \u00a0por \u00a0los \u00a0agentes \u00a0Diplom\u00e1ticos \u00a0y a falta de estos, por los \u00a0consulares \u00a0o \u00a0directamente de Gobierno a Gobierno, y estar\u00e1 acompa\u00f1ada de los \u00a0siguientes: \u00a0\u00a0<\/p>\n<p>\u00a0 \u00a0 \u00a0<\/p>\n<p>a. Copia \u00a0o transcripci\u00f3n aut\u00e9ntica de la sentencia firme, cuando el \u00a0pr\u00f3fugo \u00a0 hubiere \u00a0sido \u00a0condenado, \u00a0y \u00a0cuando \u00a0se \u00a0trate \u00a0de \u00a0un \u00a0procesado \u00a0o \u00a0perseguido, \u00a0 \u00a0copia \u00a0 \u00a0del \u00a0 auto \u00a0 de \u00a0 detenci\u00f3n \u00a0 dictado \u00a0 por \u00a0 autoridad \u00a0competente. \u00a0\u00a0<\/p>\n<p>b. Indicaci\u00f3n \u00a0exacta \u00a0de \u00a0los \u00a0actos \u00a0que determinan la solicitud de \u00a0extradici\u00f3n \u00a0y \u00a0del \u00a0lugar \u00a0y \u00a0la \u00a0fecha \u00a0de su ejecuci\u00f3n, cuando esto pudiere \u00a0precisarse. \u00a0\u00a0<\/p>\n<p>c. Todos \u00a0los \u00a0datos \u00a0que posea el Estado requirente y que sirvan para \u00a0establecer \u00a0 \u00a0la \u00a0 \u00a0identidad \u00a0 \u00a0de \u00a0 \u00a0la \u00a0 \u00a0persona \u00a0 \u00a0cuya \u00a0 extradici\u00f3n \u00a0 se \u00a0solicita. \u00a0\u00a0<\/p>\n<p>d. Copia \u00a0 aut\u00e9ntica \u00a0de \u00a0las \u00a0disposiciones \u00a0penales \u00a0aplicables \u00a0al \u00a0caso. \u00a0 \u00a0\u00a0<\/p>\n<p>Los documentos de que aqu\u00ed se tratan ser\u00e1n \u00a0expedidos \u00a0 en \u00a0 la \u00a0 forma \u00a0 prescrita \u00a0 por \u00a0 la \u00a0 legislaci\u00f3n \u00a0 del \u00a0 Estado \u00a0reclamante\u00bb. \u00a0\u00a0<\/p>\n<p>\u00a0 \u00a0\u00a0<\/p>\n<p>1. Caso particular \u00a0 \u00a0\u00a0<\/p>\n<p>La \u00a0Sala \u00a0no acceder\u00e1 a la pr\u00e1ctica de las \u00a0peticiones \u00a0probatorias \u00a0requeridas \u00a0por el defensor del solicitado Johnny \u00a0Alberto \u00a0Glenn \u00a0Calvo, \u00a0por cuanto, \u00a0dentro \u00a0del \u00a0presente \u00a0tr\u00e1mite \u00a0solo \u00a0podr\u00e1 decretar las que sean conducentes, \u00a0pertinentes y \u00fatiles. \u00a0\u00a0<\/p>\n<p>En \u00a0el \u00a0presente, \u00a0el \u00a0apoderado \u00a0solicita \u00a0establecer \u00a0 si \u00a0 contra \u00a0 Glenn \u00a0Calvo \u00a0existen \u00a0en \u00a0Colombia \u00a0tr\u00e1mites \u00a0penales; \u00a0al respecto, la Corte ha \u00a0sostenido \u00a0que \u00a0las \u00a0pruebas encaminadas a establecer si en contra de la persona \u00a0solicitada \u00a0en \u00a0extradici\u00f3n \u00a0se \u00a0adelantan \u00a0o adelant\u00f3 un proceso en el pa\u00eds, \u00a0s\u00f3lo \u00a0son \u00a0procedentes \u00a0siempre \u00a0que \u00a0el \u00a0memorial \u00a0petitorio \u00a0de \u00a0\u00e9sta \u00a0o \u00a0el \u00a0expediente, \u00a0 suministren \u00a0informaci\u00f3n \u00a0espec\u00edfica \u00a0que \u00a0permitan \u00a0inferir \u00a0su \u00a0existencia, \u00a0 y \u00a0 por \u00a0 ende, \u00a0 evitar \u00a0la \u00a0eventual \u00a0violaci\u00f3n \u00a0del \u00a0principio \u00a0non bis in \u00eddem. \u00a0\u00a0<\/p>\n<p>En \u00a0\u00e9ste \u00a0asunto \u00a0ni \u00a0el \u00a0solicitado \u00a0ni su \u00a0defensor \u00a0proporcionaron referencia alguna relacionada con la posibilidad de que \u00a0el \u00a0 Estado \u00a0 colombiano \u00a0 lo \u00a0 hubiere \u00a0 investigado, \u00a0juzgado \u00a0y \u00a0sentenciado, \u00a0absolvi\u00e9ndolo \u00a0o conden\u00e1ndolo por los mismos o diversos hechos a los que alude \u00a0el \u00a0pedido de extradici\u00f3n elevado por el gobierno de Panam\u00e1, circunstancia que \u00a0resulta \u00a0suficiente \u00a0para \u00a0desvirtuar \u00a0una posible lesi\u00f3n o amenaza del derecho \u00a0fundamental \u00a0al \u00a0debido \u00a0proceso \u00a0del \u00a0ciudadano Johnny \u00a0Alberto Glenn Calvo. \u00a0\u00a0<\/p>\n<p>Ahora bien, es cierto que la notificaci\u00f3n de \u00a0la \u00a0orden \u00a0de captura con fines de extradici\u00f3n se surti\u00f3 en el establecimiento \u00a0carcelario \u00a0en \u00a0el \u00a0cual \u00a0se \u00a0encuentra \u00a0recluido \u00a0a \u00a0\u00f3rdenes \u00a0del Juzgado 4 de \u00a0Ejecuci\u00f3n \u00a0de \u00a0Penas de Valledupar por el delito de Actos Sexuales con menor de \u00a0catorce \u00a0a\u00f1os, tal y como consta en oficio No. S-2013-183361-DIJIN\/OCN INTERPOL \u00a0\u2013 GRUIN-25.1011, \u00a0es decir, \u00a0versa \u00a0 \u00a0sobre \u00a0 \u00a0hechos \u00a0 distintos \u00a0 a \u00a0 los \u00a0 se\u00f1alados \u00a0 en \u00a0 la \u00a0 presente \u00a0solicitud. \u00a0\u00a0<\/p>\n<p>CONCLUSI\u00d3N \u00a0<\/p>\n<p>Con lo expuesto anteriormente se advierte la \u00a0inconducencia \u00a0 de \u00a0 las \u00a0 pruebas \u00a0 solicitadas \u00a0por \u00a0el \u00a0defensor, \u00a0raz\u00f3n \u00a0por \u00a0la \u00a0cual \u00a0no \u00a0se ordenar\u00e1 \u00a0recaudar la informaci\u00f3n requerida. \u00a0\u00a0<\/p>\n<p>Finalmente, \u00a0como \u00a0la \u00a0Corte \u00a0estima que los \u00a0documentos \u00a0aportados \u00a0al \u00a0tr\u00e1mite \u00a0se \u00a0aprecian \u00a0suficientes \u00a0para \u00a0emitir \u00a0su \u00a0concepto, \u00a0no \u00a0decretar\u00e1 \u00a0la \u00a0pr\u00e1ctica \u00a0oficiosa \u00a0de \u00a0pruebas \u00a0y dispondr\u00e1 el \u00a0traslado \u00a0 \u00a0 para \u00a0 \u00a0 la \u00a0 \u00a0 presentaci\u00f3n \u00a0 \u00a0de \u00a0 \u00a0los \u00a0 \u00a0estudios \u00a0 \u00a0de \u00a0 \u00a0los \u00a0intervinientes. \u00a0\u00a0<\/p>\n<p>\u00a0 \u00a0\u00a0 \u00a0\u00a0 \u00a0\u00a0Dado \u00a0que, \u00a0no \u00a0existen \u00a0medios \u00a0de \u00a0convicci\u00f3n \u00a0por \u00a0efectuar, \u00a0de \u00a0conformidad \u00a0con \u00a0lo \u00a0previsto por el art\u00edculo 500 del C\u00f3digo de Procedimiento \u00a0Penal \u00a0de \u00a02004, es del caso disponer que por la Secretar\u00eda de la Sala SE CORRA \u00a0TRASLADO, \u00a0 durante \u00a0 el \u00a0 t\u00e9rmino \u00a0 de \u00a0cinco \u00a0(5) \u00a0d\u00edas, \u00a0al \u00a0solicitado \u00a0en \u00a0extradici\u00f3n, \u00a0Johnny \u00a0Alberto Glenn Calvo, \u00a0a \u00a0su \u00a0defensor \u00a0y al Procurador Delegado, para que presenten sus \u00a0correspondientes alegatos previos al concepto de la Corte. \u00a0\u00a0<\/p>\n<p>\u00a0 \u00a0\u00a0 \u00a0\u00a0 \u00a0\u00a0En \u00a0 m\u00e9rito \u00a0de \u00a0lo \u00a0expuesto, \u00a0LA \u00a0CORTE \u00a0SUPREMA \u00a0 DE \u00a0 JUSTICIA, \u00a0 SALA \u00a0DE \u00a0CASACI\u00d3N \u00a0PENAL, \u00a0\u00a0<\/p>\n<p>RESUELVE \u00a0\u00a0<\/p>\n<p>PRIMERO: \u00a0NEGAR por \u00a0improcedente \u00a0la \u00a0pr\u00e1ctica \u00a0de \u00a0las \u00a0pruebas \u00a0solicitadas \u00a0por \u00a0el Defensor del \u00a0requerido \u00a0 en \u00a0 extradici\u00f3n \u00a0 Johnny \u00a0Alberto \u00a0Glenn \u00a0Calvo. \u00a0\u00a0<\/p>\n<p>SEGUNDO: No ordenar \u00a0pruebas de oficio. \u00a0\u00a0<\/p>\n<p>TERCERO: \u00a0Correr \u00a0traslado del expediente a los \u00a0intervinientes \u00a0para \u00a0que presenten alegatos de conformidad con el art\u00edculo 500 \u00a0del \u00a0C\u00f3digo \u00a0de \u00a0Procedimiento \u00a0Penal, \u00a0Ley \u00a0906 \u00a0de 2004, una vez haya cobrado \u00a0ejecutoria. \u00a0\u00a0<\/p>\n<p>Contra esta decisi\u00f3n procede el recurso de \u00a0reposici\u00f3n. \u00a0\u00a0<\/p>\n<p>Notif\u00edquese y c\u00famplase \u00a0<\/p>\n<p>FERNANDO ALBERTO CASTRO CABALLERO \u00a0<\/p>\n<p>JOS\u00c9 LUIS BARCEL\u00d3 CAMACHO \u00a0<\/p>\n<p>JOS\u00c9 LEONIDAS BUSTOS MART\u00cdNEZ \u00a0<\/p>\n<p>EUGENIO FERN\u00c1NDEZ CARLIER \u00a0<\/p>\n<p>MAR\u00cdA \u00a0 \u00a0DEL \u00a0 \u00a0ROSARIO \u00a0 \u00a0GONZ\u00c1LEZ \u00a0MU\u00d1OZ \u00a0\u00a0<\/p>\n<p>GUSTAVO ENRIQUE MALO FERN\u00c1NDEZ \u00a0<\/p>\n<p>EYDER PATI\u00d1O CABRERA \u00a0<\/p>\n<p>PATRICIA SALAZAR CU\u00c9LLAR \u00a0<\/p>\n<p>LUIS GUILLERMO SALAZAR OTERO \u00a0<\/p>\n<p>NUBIA YOLANDA NOVA GARC\u00cdA \u00a0<\/p>\n<p>Secretaria \u00a0 \u00a0<\/p>\n<p>1 Cfr. \u00a0folio 61 de la carpeta. \u00a0\u00a0<\/p>\n<p>2 Folio \u00a015 ib\u00eddem. \u00a0\u00a0<\/p>\n<p>3 Folio \u00a010 al 12 ib\u00eddem \u00a0\u00a0<\/p>\n<p>4 \u00a0Folios 1 y 2 ib\u00eddem. \u00a0\u00a0<\/p>\n<p>5 \u00a0Folio 6 cuaderno de la Corte. \u00a0\u00a0<\/p>\n<p>6 \u00a0Folio 8 del cuaderno de la Corte. \u00a0\u00a0<\/p>\n<p>7 Folio \u00a010 del cuaderno de la Corte. \u00a0\u00a0<\/p>\n<p>8 Folio \u00a012 ib\u00eddem. \u00a0\u00a0<\/p>\n<p>9 \u00a0Folio 18 del cuaderno de la Corte. \u00a0\u00a0<\/p>\n<p>10 \u00a0Folio 17 del cuaderno de la Corte. \u00a0\u00a0<\/p>\n<p>11 \u00a0Folio 2 del Cuaderno de la Corte. \u00a0 \u00a0\u00a0<\/p>\n<p><\/p>\n","protected":false},"excerpt":{"rendered":"<p>\u00a0 \u00a0 CORTE SUPREMA DE JUSTICIA \u00a0 SALA DE CASACI\u00d3N PENAL \u00a0 GUSTAVO ENRIQUE MALO FERNANDEZ \u00a0 Magistrado ponente \u00a0 AP3993-2014\u00a0\u00a0\u00a0\u00a0\u00a0 \u00a0\u00a0 Radicaci\u00f3n N\u00b0 42543 \u00a0 (Aprobado \u00a0 Acta \u00a0No.226) \u00a0\u00a0 Bogot\u00e1 D.C., diecis\u00e9is (16) de julio de dos \u00a0mil catorce (2014). \u00a0\u00a0 \u00a0\u00a0\u00a0\u00a0\u00a0\u00a0\u00a0\u00a0\u00a0 \u00a0 \u00a0La \u00a0 \u00a0Sala \u00a0resuelve \u00a0la \u00a0solicitud \u00a0de \u00a0pruebas \u00a0presentada \u00a0por [&hellip;]<\/p>\n","protected":false},"author":1,"featured_media":0,"comment_status":"open","ping_status":"open","sticky":false,"template":"","format":"standard","meta":{"footnotes":""},"categories":[22],"tags":[],"class_list":["post-28601","post","type-post","status-publish","format-standard","hentry","category-22"],"_links":{"self":[{"href":"https:\/\/dmsjuridica.com\/buscador_20179478954\/salapenalcronologico20230723\/wp-json\/wp\/v2\/posts\/28601","targetHints":{"allow":["GET"]}}],"collection":[{"href":"https:\/\/dmsjuridica.com\/buscador_20179478954\/salapenalcronologico20230723\/wp-json\/wp\/v2\/posts"}],"about":[{"href":"https:\/\/dmsjuridica.com\/buscador_20179478954\/salapenalcronologico20230723\/wp-json\/wp\/v2\/types\/post"}],"author":[{"embeddable":true,"href":"https:\/\/dmsjuridica.com\/buscador_20179478954\/salapenalcronologico20230723\/wp-json\/wp\/v2\/users\/1"}],"replies":[{"embeddable":true,"href":"https:\/\/dmsjuridica.com\/buscador_20179478954\/salapenalcronologico20230723\/wp-json\/wp\/v2\/comments?post=28601"}],"version-history":[{"count":0,"href":"https:\/\/dmsjuridica.com\/buscador_20179478954\/salapenalcronologico20230723\/wp-json\/wp\/v2\/posts\/28601\/revisions"}],"wp:attachment":[{"href":"https:\/\/dmsjuridica.com\/buscador_20179478954\/salapenalcronologico20230723\/wp-json\/wp\/v2\/media?parent=28601"}],"wp:term":[{"taxonomy":"category","embeddable":true,"href":"https:\/\/dmsjuridica.com\/buscador_20179478954\/salapenalcronologico20230723\/wp-json\/wp\/v2\/categories?post=28601"},{"taxonomy":"post_tag","embeddable":true,"href":"https:\/\/dmsjuridica.com\/buscador_20179478954\/salapenalcronologico20230723\/wp-json\/wp\/v2\/tags?post=28601"}],"curies":[{"name":"wp","href":"https:\/\/api.w.org\/{rel}","templated":true}]}}