{"id":28571,"date":"2023-09-13T14:15:55","date_gmt":"2023-09-13T14:15:55","guid":{"rendered":"https:\/\/dmsjuridica.com\/buscador_20179478954\/salapenalcronologico20230723\/2023\/09\/13\/ap3774-201443714\/"},"modified":"2023-09-13T14:15:55","modified_gmt":"2023-09-13T14:15:55","slug":"ap3774-201443714","status":"publish","type":"post","link":"https:\/\/dmsjuridica.com\/buscador_20179478954\/salapenalcronologico20230723\/2023\/09\/13\/ap3774-201443714\/","title":{"rendered":"AP3774-2014(43714)"},"content":{"rendered":"\n<p>\u00a0 \u00a0 \u00a0\u00a0<\/p>\n<p>CORTE SUPREMA DE JUSTICIA \u00a0<\/p>\n<p>SALA DE CASACI\u00d3N PENAL \u00a0<\/p>\n<p>GUSTAVO ENRIQUE MALO FERN\u00c1NDEZ \u00a0<\/p>\n<p>Magistrado Ponente \u00a0<\/p>\n<p>AP3774-2014 \u00a0<\/p>\n<p>Radicaci\u00f3n N\u00b0 43714 \u00a0<\/p>\n<p>Aprobado acta No. 216. \u00a0<\/p>\n<p>Bogot\u00e1, \u00a0D.C., nueve (9) de julio de dos mil \u00a0catorce (2014). \u00a0\u00a0<\/p>\n<p>VISTOS \u00a0<\/p>\n<p>Vencido el t\u00e9rmino de traslado de que trata \u00a0el \u00a0inciso \u00a01\u00b0 \u00a0del \u00a0art\u00edculo \u00a0500 \u00a0de la Ley 906 de 2004, dentro del presente \u00a0tr\u00e1mite \u00a0de \u00a0extradici\u00f3n \u00a0que \u00a0se \u00a0adelanta \u00a0respecto del ciudadano colombiano \u00a0CRISTIAN \u00a0 \u00a0FELIPE \u00a0 VILLADA \u00a0 CASTA\u00d1O, \u00a0 reclamado \u00a0por \u00a0el \u00a0gobierno \u00a0de \u00a0la \u00a0Rep\u00fablica \u00a0de \u00a0Ecuador, \u00a0le \u00a0corresponde \u00a0a la Corte \u00a0pronunciarse \u00a0 sobre \u00a0la \u00a0solicitud \u00a0probatoria \u00a0oportunamente \u00a0elevada \u00a0por \u00a0su \u00a0defensor. \u00a0\u00a0<\/p>\n<p>ANTECEDENTES \u00a0<\/p>\n<p>1. \u00a0Mediante \u00a0la \u00a0nota \u00a0 verbal \u00a0No. \u00a04-2-063\/2014 \u00a0del \u00a011 \u00a0 \u00a0de \u00a0 \u00a0febrero \u00a0 \u00a0del \u00a0 \u00a0a\u00f1o \u00a0 \u00a0en \u00a0curso, \u00a0la \u00a0Embajada de la Rep\u00fablica de Ecuador \u00a0 en \u00a0 Colombia \u00a0 solicit\u00f3 \u00a0al \u00a0Ministerio \u00a0de \u00a0Relaciones \u00a0Exteriores \u00a0de \u00a0este \u00a0pa\u00eds, \u00a0la detenci\u00f3n preventiva \u00a0con \u00a0 \u00a0fines \u00a0 \u00a0de \u00a0 \u00a0extradici\u00f3n \u00a0 del \u00a0 ciudadano \u00a0 colombiano \u00a0 CRISTIAN \u00a0 FELIPE \u00a0 VILLADA \u00a0 CASTA\u00d1O, \u00a0quien \u00a0es \u00a0requerido \u00a0por \u00a0el \u00a0Tribunal \u00a0Primero \u00a0de \u00a0garant\u00edas \u00a0 \u00a0penales \u00a0 \u00a0de \u00a0 El \u00a0 Oro, \u00a0 toda \u00a0 vez \u00a0que \u00a0el \u00a0Juzgado \u00a0Octavo de garant\u00edas penales de esa \u00a0ciudad \u00a0 dict\u00f3 \u00a0 auto \u00a0 de \u00a0 llamamiento \u00a0a \u00a0juicio \u00a0en \u00a0su \u00a0contra, \u00a0 por \u00a0 el \u00a0 delito \u00a0de \u00a0tenencia \u00a0ilegal \u00a0de \u00a0armas, \u00a0el \u00a017 \u00a0de \u00a0septiembre de 2010. \u00a0\u00a0<\/p>\n<p>De igual manera, se hace saber que en contra \u00a0del \u00a0mencionado \u00a0se \u00a0emiti\u00f3 \u00a0orden \u00a0de captura y prisi\u00f3n preventiva, motivo por el \u00a0cual \u00a0 se \u00a0libr\u00f3 \u00a0mandato \u00a0de \u00a0detenci\u00f3n, \u00a0en \u00a0los \u00a0t\u00e9rminos \u00a0 \u00a0 del \u00a0 \u00a0 art\u00edculo \u00a0 \u00a0 9\u00b0 \u00a0 \u00a0 del \u00a0 \u00a0 Acuerdo \u00a0 \u00a0Bolivariano \u00a0 \u00a0de \u00a0Extradici\u00f3n. \u00a0\u00a0<\/p>\n<p>2. Con resoluci\u00f3n \u00a0del \u00a0 \u00a0 11 \u00a0 \u00a0de \u00a0 \u00a0febrero \u00a0 \u00a0de \u00a0 \u00a02014, \u00a0 \u00a0 \u00a0 \u00a0 \u00a0 \u00a0 el \u00a0se\u00f1or \u00a0Fiscal General de la Naci\u00f3n \u00a0(e) orden\u00f3, para los fines \u00a0indicados, \u00a0la \u00a0captura de \u00a0VILLADA \u00a0CASTA\u00d1O, \u00a0quien \u00a0hab\u00eda \u00a0sido \u00a0aprehendido \u00a0en \u00a0la \u00a0ciudad \u00a0de Pereira \u00a0(Risaralda) \u00a0el \u00a04 \u00a0de \u00a0febrero anterior, ya que en su \u00a0contra \u00a0reg\u00eda \u00a0circular \u00a0roja \u00a0de \u00a0la \u00a0INTERPOL, \u00a0expedida con fundamento en lo \u00a0dispuesto \u00a0 \u00a0 \u00a0por \u00a0 \u00a0 \u00a0el \u00a0 \u00a0 citado \u00a0 \u00a0 despacho \u00a0 \u00a0 judicial \u00a0 \u00a0 ecuatoriano. \u00a0\u00a0<\/p>\n<p>3. \u00a0Posteriormente, mediante la nota verbal \u00a0N\u00b0 \u00a04-2-173\/2014 del 22 de \u00a0abril \u00a0de 2014, la referida \u00a0representaci\u00f3n \u00a0 \u00a0 \u00a0diplom\u00e1tica \u00a0 \u00a0 \u00a0del \u00a0 \u00a0 \u00a0gobierno \u00a0 \u00a0 de \u00a0 \u00a0 Ecuador \u00a0 envi\u00f3 \u00a0 al \u00a0 Ministerio \u00a0 de \u00a0Relaciones \u00a0 Exteriores \u00a0 de \u00a0 Colombia, \u00a0 Direcci\u00f3n \u00a0 de \u00a0 Asuntos \u00a0Jur\u00eddicos \u00a0Internacionales, \u00a0el \u00a0cuaderno \u00a0de \u00a0extradici\u00f3n activa del ciudadano colombiano \u00a0CRISTIAN \u00a0 \u00a0FELIPE \u00a0 VILLADA \u00a0 CASTA\u00d1O, \u00a0formalizando \u00a0as\u00ed \u00a0el pedido de extradici\u00f3n, para que responda \u00a0por \u00a0el delito de tenencia ilegal de armas \u00a0que \u00a0se juzga \u00a0en \u00a0 \u00a0el \u00a0 Tribunal \u00a0Primero \u00a0de \u00a0garant\u00edas \u00a0penales \u00a0de \u00a0El \u00a0Oro. \u00a0\u00a0<\/p>\n<p>4. \u00a0Al \u00a0encontrar \u00a0perfeccionado \u00a0el \u00a0expediente \u00a0la Oficina de Asuntos \u00a0Internacionales \u00a0del \u00a0Ministerio \u00a0de \u00a0Justicia y del Derecho, lo remiti\u00f3 a esta \u00a0Sala, \u00a0 incorporando \u00a0 el \u00a0concepto \u00a0emitido \u00a0por \u00a0su \u00a0hom\u00f3logo \u00a0de \u00a0Relaciones \u00a0Exteriores \u00a0relativo \u00a0a \u00a0que \u00a0entre las Rep\u00fablicas de \u00a0Colombia \u00a0y \u00a0Ecuador \u00a0est\u00e1 \u00a0vigente \u00a0el \u2018Acuerdo \u00a0 \u00a0 \u00a0 \u00a0 \u00a0 \u00a0 sobre \u00a0extradici\u00f3n\u2019, \u00a0suscrito \u00a0 en \u00a0 Caracas \u00a0(Venezuela) \u00a0el \u00a018 \u00a0de \u00a0julio \u00a0de 1911, en \u00a0el \u00a0marco \u00a0del Congreso Bolivariano, \u00a0aclarando \u00a0que \u00a0el \u00a0il\u00edcito \u00a0por \u00a0el \u00a0cual se solicita a VILLADA CASTA\u00d1O no se \u00a0encuentra enunciado en \u00e9ste tratado. \u00a0\u00a0<\/p>\n<p>De \u00a0 la \u00a0misma \u00a0forma, \u00a0dicho \u00a0Ministerio \u00a0consider\u00f3 \u00a0 \u00a0 \u00a0 \u201cpertinente \u00a0 \u00a0 \u00a0traer \u00a0 \u00a0 \u00a0a \u00a0colaci\u00f3n\u201d \u00a0 \u00a0 \u00a0 \u00a0 \u00a0la \u00a0 \u00a0 \u00a0 \u00a0 \u201cConvenci\u00f3n \u00a0 \u00a0 \u00a0 \u00a0de \u00a0 \u00a0 \u00a0 \u00a0Extradici\u00f3n\u201d \u00a0 \u00a0 \u00a0 suscrita \u00a0en \u00a0Montevideo \u00a0(Uruguay) \u00a0el \u00a026 \u00a0de \u00a0diciembre \u00a0de 1933, \u00a0aclarando \u00a0que \u00a0la \u00a0misma \u00a0no \u00a0es \u00a0aplicable entre las Rep\u00fablicas de Colombia y \u00a0Ecuador. \u00a0\u00a0<\/p>\n<p>5. \u00a0Recibida \u00a0la \u00a0actuaci\u00f3n \u00a0 \u00a0en \u00a0 \u00a0la \u00a0 Corte \u00a0 el \u00a0 6 \u00a0 \u00a0de \u00a0 mayo \u00a0 de \u00a0 2014 \u00a0y \u00a0provisto \u00a0el reclamado \u00a0 \u00a0con \u00a0 \u00a0defensa \u00a0 \u00a0adecuada, \u00a0 \u00a0el \u00a029 \u00a0de \u00a0mayo \u00a0posterior \u00a0se \u00a0orden\u00f3 \u00a0correr \u00a0el \u00a0traslado para pedir pruebas, \u00a0t\u00e9rmino \u00a0 dentro \u00a0 del \u00a0 cual \u00a0 s\u00f3lo \u00a0se \u00a0pronunci\u00f3 \u00a0el \u00a0defensor1, \u00a0solicitando: \u00a0\u00a0<\/p>\n<p>\u201cOficiar a la \u00a0Registradur\u00eda \u00a0 Nacional \u00a0 de \u00a0 Estado \u00a0 civil \u00a0con \u00a0el \u00a0fin \u00a0de \u00a0solicitar \u00a0 copia \u00a0 de \u00a0 la \u00a0 tarjeta \u00a0decadactilar \u00a0 de \u00a0 CRISTIAN \u00a0 FELIPE \u00a0 VILLADA \u00a0 CASTA\u00d1O, \u00a0 seg\u00fan \u00a0la identificaci\u00f3n que aparece dentro \u00a0del \u00a0 diligenciamiento, \u00a0 con \u00a0 el \u00a0 fin \u00a0 de \u00a0constatar \u00a0la \u00a0plena \u00a0 identidad \u00a0 del \u00a0 solicitado \u00a0en \u00a0extradici\u00f3n\u201d. \u00a0\u00a0<\/p>\n<p>CONSIDERACIONES DE LA CORTE \u00a0<\/p>\n<p>1. \u00a0La \u00a0Sala, \u00a0advierte \u00a0 desde \u00a0 ahora, \u00a0 negar\u00e1 \u00a0 la \u00a0solicitud \u00a0probatoria \u00a0 \u00a0elevada \u00a0 \u00a0por \u00a0 \u00a0el \u00a0 \u00a0defensor \u00a0del \u00a0requerido \u00a0CRISTIAN \u00a0 \u00a0 \u00a0 \u00a0 FELIPE \u00a0 \u00a0 \u00a0 \u00a0VILLADA \u00a0 \u00a0 \u00a0 \u00a0CASTA\u00d1O. \u00a0\u00a0<\/p>\n<p>Al \u00a0efecto, se parte por reiterar c\u00f3mo la \u00a0Corte \u00a0ha \u00a0sostenido \u00a0que si el objeto del concepto que debe rendir dentro de la \u00a0fase \u00a0judicial del tr\u00e1mite de extradici\u00f3n est\u00e1 delimitado por los elementos a \u00a0que \u00a0se refiere el art\u00edculo 502 de la Ley 906 de 2004, las pruebas susceptibles \u00a0de \u00a0ser solicitadas y practicadas ser\u00e1n las que conduzcan y resulten necesarias \u00a0para \u00a0 establecer \u00a0 esos \u00a0 aspectos, \u00a0 cuales \u00a0son: \u00a0la \u00a0validez \u00a0formal \u00a0de \u00a0la \u00a0documentaci\u00f3n \u00a0 presentada, \u00a0 la \u00a0 demostraci\u00f3n \u00a0plena \u00a0de \u00a0la \u00a0identidad \u00a0del \u00a0solicitado, \u00a0el \u00a0principio \u00a0de \u00a0la \u00a0doble \u00a0incriminaci\u00f3n, la equivalencia de la \u00a0providencia \u00a0proferida \u00a0en el extranjero y el cumplimiento de lo previsto en los \u00a0tratados \u00a0p\u00fablicos, \u00a0cuando fuere el caso (CJ AP, 13 \u00a0jun. 2012, Rad. 38942, entre otros). \u00a0\u00a0<\/p>\n<p>En este orden de ideas, aunque lo deprecado \u00a0por \u00a0 \u00a0 \u00a0 el \u00a0memorialista \u00a0tiene \u00a0que \u00a0ver con la identidad plena \u00a0del \u00a0requerido, ninguna insinuaci\u00f3n hace en orden a poner en tela de juicio que \u00a0la \u00a0persona \u00a0solicitada \u00a0en \u00a0las \u00a0notas verbales y la \u00a0documentaci\u00f3n \u00a0 adjunta \u00a0 aportada \u00a0 por \u00a0 el \u00a0gobierno \u00a0requirente, \u00a0 \u00a0 \u00a0 \u00a0como \u00a0 \u00a0 \u00a0 CRISTIAN \u00a0 FELIPE \u00a0 VILLADA \u00a0 CASTA\u00d1O, \u00a0ciudadano \u00a0colombiano, \u00a0nacido \u00a0 \u00a0el \u00a0 14 \u00a0 de \u00a0septiembre \u00a0de \u00a01989 \u00a0y \u00a0titular \u00a0 \u00a0 de \u00a0 \u00a0la \u00a0 \u00a0c\u00e9dula \u00a0 \u00a0de \u00a0 \u00a0ciudadan\u00eda \u00a0 \u00a0n\u00famero \u00a0 \u00a01.088.271.770, no es el mismo capturado \u00a0por \u00a0las \u00a0autoridades \u00a0colombianas \u00a0el \u00a04 \u00a0de \u00a0febrero \u00a0del corriente a\u00f1o, ni a la que en esa misma fecha \u00a0se \u00a0le \u00a0tom\u00f3 rese\u00f1a decadactilar en formato de la DIJIN, la cual fue comparada \u00a0con \u00a0el \u00a0informe de consulta AFIS de la Registradur\u00eda Nacional del Estado Civil \u00a0del \u00a0referido n\u00famero de c\u00e9dula expedido a nombre de \u00a0CRISTIAN \u00a0 FELIPE \u00a0 VILLADA \u00a0 CASTA\u00d1O, \u00a0estudio \u00a0con \u00a0 el \u00a0 que \u00a0 fue \u00a0 establecida \u00a0 la \u00a0 uniprocedencia \u00a0 de \u00a0 las \u00a0impresiones \u00a0digitales. \u00a0\u00a0<\/p>\n<p>Acorde \u00a0con \u00a0lo \u00a0anterior, \u00a0est\u00e1 \u00a0 \u00a0 \u00a0 claro \u00a0 \u00a0 \u00a0 que \u00a0 \u00a0 \u00a0 se \u00a0 \u00a0 \u00a0 torna \u00a0 \u00a0 \u00a0innecesario \u00a0y \u00a0repetitivo insistir en \u00a0el \u00a0aporte \u00a0de \u00a0la tarjeta decadactilar del requerido \u00a0por \u00a0 parte \u00a0 de \u00a0 la \u00a0 Registradur\u00eda \u00a0Nacional \u00a0del \u00a0Estado \u00a0Civil, \u00a0cuando \u00a0es \u00a0lo cierto no solo que ya obra certificaci\u00f3n de esa \u00a0entidad, \u00a0 \u00a0 sino \u00a0tambi\u00e9n \u00a0que \u00a0no existe \u00a0ning\u00fan \u00a0motivo \u00a0para \u00a0cuestionar \u00a0su \u00a0identidad dentro del presente tr\u00e1mite de \u00a0extradici\u00f3n. \u00a0\u00a0<\/p>\n<p>Se \u00a0negar\u00e1, \u00a0por \u00a0tanto, \u00a0la prueba \u00a0 \u00a0 \u00a0 \u00a0 \u00a0 pedida por la defensa del reclamado. \u00a0\u00a0<\/p>\n<p>2. \u00a0De \u00a0oficio, \u00a0la \u00a0Corte ordenar\u00e1 \u00a0 \u00a0 \u00a0 \u00a0 \u00a0 requerir \u00a0al \u00a0Ministerio de Relaciones \u00a0Exteriores \u00a0de \u00a0Colombia \u00a0con \u00a0el \u00a0fin \u00a0de \u00a0que aclare qu\u00e9 instrumentos internacionales son aplicables en \u00a0este asunto. \u00a0\u00a0<\/p>\n<p>Ello \u00a0porque, \u00a0por un lado, concept\u00faa \u00a0que el delito imputado al solicitado no hace parte del \u00a0Acuerdo \u00a0 Bolivariano \u00a0 de \u00a0 extradici\u00f3n \u00a0 y, \u00a0 por \u00a0otro, \u00a0asegura \u00a0que \u00a0la Convenci\u00f3n de Montevideo \u00a0 \u00a0 no \u00a0 \u00a0 aplica \u00a0 \u00a0 entre \u00a0 \u00a0 las \u00a0 \u00a0 Rep\u00fablicas \u00a0 \u00a0 \u00a0de \u00a0 \u00a0 \u00a0Colombia \u00a0 \u00a0 \u00a0y \u00a0 \u00a0 Ecuador, \u00a0 \u00a0 contrariando de esta manera lo afirmado \u00a0por \u00a0 \u00a0las \u00a0 autoridades \u00a0 judiciales \u00a0 del \u00a0 pa\u00eds \u00a0requirente. \u00a0\u00a0<\/p>\n<p>Lo \u00a0anterior se \u00a0har\u00e1 \u00a0en \u00a0el \u00a0t\u00e9rmino \u00a0de \u00a0(10) \u00a0d\u00edas, \u00a0que comenzar\u00e1n a contabilizarse a la \u00a0ejecutoria de este prove\u00eddo. \u00a0\u00a0<\/p>\n<p>DECISI\u00d3N \u00a0<\/p>\n<p>En \u00a0 m\u00e9rito \u00a0de \u00a0lo \u00a0expuesto, \u00a0la Corte Suprema de Justicia, Sala de Casaci\u00f3n Penal, \u00a0\u00a0<\/p>\n<p>RESUELVE \u00a0<\/p>\n<p>1. \u00a0 NEGAR \u00a0 la \u00a0solicitud probatoria del defensor de requerido. \u00a0\u00a0<\/p>\n<p>2. \u00a0De \u00a0oficio, se \u00a0ordena \u00a0requerir \u00a0al \u00a0Ministerio de Relaciones Exteriores de Colombia con el fin \u00a0de \u00a0que precise qu\u00e9 instrumentos internacionales son aplicables en este asunto, \u00a0acorde con lo indicado en la parte motiva de esta providencia. \u00a0\u00a0<\/p>\n<p>Contra \u00a0\u00e9ste \u00a0auto \u00a0procede \u00a0el \u00a0recurso de \u00a0reposici\u00f3n. \u00a0\u00a0<\/p>\n<p>C\u00f3piese, \u00a0 \u00a0 \u00a0notif\u00edquese \u00a0 \u00a0 \u00a0y \u00a0c\u00famplase. \u00a0\u00a0<\/p>\n<p>FERNANDO ALBERTO CASTRO CABALLERO \u00a0<\/p>\n<p>JOS\u00c9 LUIS BARCEL\u00d3 CAMACHO \u00a0<\/p>\n<p>JOS\u00c9 LEONIDAS BUSTOS MART\u00cdNEZ \u00a0<\/p>\n<p>EUGENIO FERN\u00c1NDEZ CARLIER \u00a0<\/p>\n<p>MAR\u00cdA DEL ROSARIO GONZ\u00c1LEZ MU\u00d1OZ \u00a0<\/p>\n<p>GUSTAVO ENRIQUE MALO FERN\u00c1NDEZ \u00a0<\/p>\n<p>EYDER PATI\u00d1O CABRERA \u00a0<\/p>\n<p>PATRICIA SALAZAR CU\u00c9LLAR \u00a0<\/p>\n<p>LUIS GUILLERMO SALAZAR OTERO \u00a0<\/p>\n<p>Nubia Yolanda Nova Garc\u00eda \u00a0<\/p>\n<p>Secretaria \u00a0 \u00a0<\/p>\n<p>1 Se \u00a0aclara \u00a0s\u00ed, \u00a0que el Procurador Segundo delegado para la Casaci\u00f3n Penal alleg\u00f3 \u00a0memorial \u00a0 \u00a0 en \u00a0 \u00a0 que \u00a0 \u00a0 manifest\u00f3 \u00a0 \u00a0que \u00a0 \u00a0no \u00a0 \u00a0formular\u00eda \u00a0 \u00a0peticiones \u00a0probatorias. \u00a0 \u00a0\u00a0<\/p>\n<p><\/p>\n","protected":false},"excerpt":{"rendered":"<p>\u00a0 \u00a0 \u00a0\u00a0 CORTE SUPREMA DE JUSTICIA \u00a0 SALA DE CASACI\u00d3N PENAL \u00a0 GUSTAVO ENRIQUE MALO FERN\u00c1NDEZ \u00a0 Magistrado Ponente \u00a0 AP3774-2014 \u00a0 Radicaci\u00f3n N\u00b0 43714 \u00a0 Aprobado acta No. 216. \u00a0 Bogot\u00e1, \u00a0D.C., nueve (9) de julio de dos mil \u00a0catorce (2014). \u00a0\u00a0 VISTOS \u00a0 Vencido el t\u00e9rmino de traslado de que trata \u00a0el [&hellip;]<\/p>\n","protected":false},"author":1,"featured_media":0,"comment_status":"open","ping_status":"open","sticky":false,"template":"","format":"standard","meta":{"footnotes":""},"categories":[22],"tags":[],"class_list":["post-28571","post","type-post","status-publish","format-standard","hentry","category-22"],"_links":{"self":[{"href":"https:\/\/dmsjuridica.com\/buscador_20179478954\/salapenalcronologico20230723\/wp-json\/wp\/v2\/posts\/28571","targetHints":{"allow":["GET"]}}],"collection":[{"href":"https:\/\/dmsjuridica.com\/buscador_20179478954\/salapenalcronologico20230723\/wp-json\/wp\/v2\/posts"}],"about":[{"href":"https:\/\/dmsjuridica.com\/buscador_20179478954\/salapenalcronologico20230723\/wp-json\/wp\/v2\/types\/post"}],"author":[{"embeddable":true,"href":"https:\/\/dmsjuridica.com\/buscador_20179478954\/salapenalcronologico20230723\/wp-json\/wp\/v2\/users\/1"}],"replies":[{"embeddable":true,"href":"https:\/\/dmsjuridica.com\/buscador_20179478954\/salapenalcronologico20230723\/wp-json\/wp\/v2\/comments?post=28571"}],"version-history":[{"count":0,"href":"https:\/\/dmsjuridica.com\/buscador_20179478954\/salapenalcronologico20230723\/wp-json\/wp\/v2\/posts\/28571\/revisions"}],"wp:attachment":[{"href":"https:\/\/dmsjuridica.com\/buscador_20179478954\/salapenalcronologico20230723\/wp-json\/wp\/v2\/media?parent=28571"}],"wp:term":[{"taxonomy":"category","embeddable":true,"href":"https:\/\/dmsjuridica.com\/buscador_20179478954\/salapenalcronologico20230723\/wp-json\/wp\/v2\/categories?post=28571"},{"taxonomy":"post_tag","embeddable":true,"href":"https:\/\/dmsjuridica.com\/buscador_20179478954\/salapenalcronologico20230723\/wp-json\/wp\/v2\/tags?post=28571"}],"curies":[{"name":"wp","href":"https:\/\/api.w.org\/{rel}","templated":true}]}}