{"id":28562,"date":"2023-09-13T14:15:55","date_gmt":"2023-09-13T14:15:55","guid":{"rendered":"https:\/\/dmsjuridica.com\/buscador_20179478954\/salapenalcronologico20230723\/2023\/09\/13\/ap3754-201442794\/"},"modified":"2023-09-13T14:15:55","modified_gmt":"2023-09-13T14:15:55","slug":"ap3754-201442794","status":"publish","type":"post","link":"https:\/\/dmsjuridica.com\/buscador_20179478954\/salapenalcronologico20230723\/2023\/09\/13\/ap3754-201442794\/","title":{"rendered":"AP3754-2014(42794)"},"content":{"rendered":"\n<p>\u00a0 \u00a0 \u00a0\u00a0<\/p>\n<p>CORTE SUPREMA DE JUSTICIA \u00a0<\/p>\n<p>SALA DE CASACI\u00d3N PENAL \u00a0<\/p>\n<p>EYDER PATI\u00d1O CABRERA \u00a0<\/p>\n<p>Magistrado ponente \u00a0<\/p>\n<p>AP3754-2014 \u00a0<\/p>\n<p>Radicaci\u00f3n N\u00b0. 42794 \u00a0<\/p>\n<p>(Aprobado \u00a0Acta N\u00b0 \u00a0163A) \u00a0\u00a0<\/p>\n<p>Bogot\u00e1 D.C., veintiocho (28) de mayo de dos \u00a0mil catorce (2014). \u00a0\u00a0<\/p>\n<p>OBJETO \u00a0 \u00a0DE \u00a0 \u00a0LA \u00a0DECISI\u00d3N \u00a0\u00a0<\/p>\n<p>\u00a0\u00a0\u00a0\u00a0\u00a0\u00a0\u00a0 La \u00a0Sala \u00a0decide \u00a0sobre los impedimentos manifestados por los Honorables Magistrados \u00a0Jos\u00e9 \u00a0Luis \u00a0Barcel\u00f3 Camacho, Jos\u00e9 Leonidas Bustos Mart\u00ednez, Fernando Alberto \u00a0Castro \u00a0Caballero, \u00a0Mar\u00eda \u00a0Del \u00a0Rosario \u00a0Gonz\u00e1lez Mu\u00f1oz, Gustavo Enrique Malo \u00a0Fern\u00e1ndez y Luis Guillermo Salazar Otero. \u00a0\u00a0<\/p>\n<p>ANTECEDENTES \u00a0 \u00a0Y \u00a0CONSIDERACIONES \u00a0\u00a0<\/p>\n<p>\u00a0\u00a0\u00a0\u00a0\u00a0\u00a0\u00a0\u00a0\u00a0 \u00a01. El condenado V\u00edctor \u00a0Rafael Rodr\u00edguez C\u00e1ceres, quien \u00a0act\u00faa \u00a0en nombre propio al exhibir su calidad de abogado, solicita \u201crevisar \u00a0 \u00a0el \u00a0 \u00a0injusto \u00a0 \u00a0fallo \u00a0 \u00a0condenatorio \u00a0 de \u00a0 segunda \u00a0instancia\u201d, \u00a0 \u00a0a \u00a0 \u00a0cargo \u00a0 \u00a0de \u00a0 \u00a0la \u00a0 Sala \u00a0 de \u00a0Decisi\u00f3n \u00a0 Penal \u00a0 del \u00a0Tribunal \u00a0Superior \u00a0del \u00a0Distrito \u00a0Judicial \u00a0de Bucaramanga, confirmatoria de la \u00a0proferida \u00a0por \u00a0el \u00a0Juzgado \u00a02\u00ba \u00a0Penal Municipal de esa ciudad, que lo conden\u00f3 \u00a0como autor del delito de invasi\u00f3n de terrenos o edificaciones. \u00a0\u00a0<\/p>\n<p>\u00a0\u00a0\u00a0\u00a0\u00a0\u00a0\u00a0 \u00a02. \u00a0 \u00a0Los \u00a0 \u00a0Honorables \u00a0Magistrados \u00a0Jos\u00e9 \u00a0Luis \u00a0Barcel\u00f3 \u00a0Camacho, \u00a0Jos\u00e9 \u00a0Leonidas \u00a0Bustos Mart\u00ednez, \u00a0Fernando \u00a0Alberto Castro Caballero, Mar\u00eda Del Rosario Gonz\u00e1lez Mu\u00f1oz, Gustavo \u00a0Enrique \u00a0Malo \u00a0Fern\u00e1ndez \u00a0y \u00a0Luis \u00a0Guillermo \u00a0Salazar \u00a0Otero han manifestado su \u00a0impedimento \u00a0para \u00a0conocer \u00a0del presente asunto, en virtud de lo dispuesto en la \u00a0causal \u00a0de \u00a0impedimento \u00a0especial contenida en el art\u00edculo 197 de la Ley 906 de \u00a02004, \u00a0por \u00a0cuanto \u00a0suscribieron \u00a0la decisi\u00f3n mediante la cual se inadmiti\u00f3 el \u00a0recurso \u00a0 extraordinario \u00a0 de \u00a0 casaci\u00f3n \u00a0 interpuesto \u00a0 por \u00a0el \u00a0apoderado \u00a0de \u00a0V\u00edctor \u00a0 Rafael \u00a0 Rodr\u00edguez \u00a0 C\u00e1ceres. \u00a0\u00a0<\/p>\n<p>\u00a0\u00a0\u00a0\u00a0\u00a0\u00a0\u00a0\u00a0 3. \u00a0De conformidad con lo dispuesto en el \u00a0art\u00edculo \u00a059 \u00a0ej\u00fasdem, si \u00a0la \u00a0causal \u00a0de \u00a0impedimento \u00a0se extiende a varios Magistrados integrantes de una \u00a0Sala \u00a0de \u00a0Decisi\u00f3n, \u00a0hip\u00f3tesis que se presenta en este caso, debe decidirse en \u00a0forma conjunta sobre el particular. \u00a0\u00a0<\/p>\n<p>\u00a0\u00a0\u00a0\u00a0\u00a0\u00a0\u00a0\u00a0 4. \u00a0En \u00a0efecto, se constata en autos, que \u00a0la \u00a0decisi\u00f3n \u00a0proferida \u00a0por \u00a0la \u00a0Corte, \u00a0calendada \u00a0el \u00a028 \u00a0de agosto de 2013, \u00a0radicado \u00a0No. \u00a040886, \u00a0anterior \u00a0a \u00a0la \u00a0demanda \u00a0de \u00a0revisi\u00f3n presentada por el \u00a0libelista, \u00a0efectivamente fue suscrita por los Honorables Magistrados que se han \u00a0declarado impedidos. \u00a0\u00a0<\/p>\n<p>\u00a0\u00a0\u00a0\u00a0\u00a0\u00a0\u00a0 \u00a0El \u00a0art\u00edculo \u00a0197 \u00a0de \u00a0la \u00a0normatividad \u00a0procesal \u00a0penal \u00a0del \u00a02004 precept\u00faa, \u00a0\u201cRevisi\u00f3n de la sentencia\u2026 Impedimento especial: \u00a0No \u00a0podr\u00e1 \u00a0intervenir \u00a0en \u00a0el \u00a0tr\u00e1mite \u00a0y \u00a0decisi\u00f3n \u00a0de \u00a0esta acci\u00f3n ning\u00fan \u00a0Magistrado que haya suscrito la decisi\u00f3n objeto de la misma\u201d. \u00a0\u00a0<\/p>\n<p>\u00a0\u00a0\u00a0\u00a0\u00a0\u00a0\u00a0 \u00a0As\u00ed \u00a0las cosas, es claro que les asiste raz\u00f3n a los \u00a0Honorables \u00a0Magistrados \u00a0cuando \u00a0manifiestan \u00a0estar \u00a0impedidos \u00a0para conocer del \u00a0presente \u00a0asunto, \u00a0y \u00a0por \u00a0lo \u00a0tanto \u00a0se \u00a0impone \u00a0la aceptaci\u00f3n del impedimento \u00a0presentado. \u00a0\u00a0<\/p>\n<p>\u00a0\u00a0\u00a0\u00a0\u00a0\u00a0\u00a0 \u00a0En \u00a0m\u00e9rito \u00a0de \u00a0lo \u00a0expuesto, la Sala de Casaci\u00f3n Penal de la Corte Suprema de \u00a0Justicia, \u00a0\u00a0<\/p>\n<p>RESUELVE \u00a0<\/p>\n<p>Primero. \u00a0ACEPTAR \u00a0el \u00a0impedimento \u00a0expresado \u00a0por \u00a0los \u00a0Honorables \u00a0Magistrados, Doctores Jos\u00e9 Luis \u00a0Barcel\u00f3 \u00a0Camacho, \u00a0Jos\u00e9 \u00a0Leonidas \u00a0Bustos \u00a0Mart\u00ednez, \u00a0Fernando Alberto Castro \u00a0Caballero, \u00a0Mar\u00eda Del Rosario Gonz\u00e1lez Mu\u00f1oz, Gustavo Enrique Malo Fern\u00e1ndez \u00a0y \u00a0Luis \u00a0Guillermo \u00a0Salazar \u00a0Otero, \u00a0para \u00a0conocer \u00a0de \u00a0la \u00a0acci\u00f3n de revisi\u00f3n \u00a0impetrada \u00a0 \u00a0 por \u00a0 \u00a0V\u00edctor \u00a0 \u00a0Rafael \u00a0 \u00a0Rodr\u00edguez \u00a0C\u00e1ceres. \u00a0\u00a0<\/p>\n<p>Segundo. SEPARAR, \u00a0en \u00a0consecuencia, \u00a0del \u00a0conocimiento \u00a0del \u00a0presente \u00a0asunto, \u00a0a \u00a0los \u00a0Honorables \u00a0Magistrados cuyo impedimento se acepta. \u00a0\u00a0<\/p>\n<p>Contra \u00a0 esta \u00a0 decisi\u00f3n \u00a0 no \u00a0 procede \u00a0recurso alguno. \u00a0\u00a0<\/p>\n<p>C\u00f3piese, \u00a0 \u00a0 \u00a0comun\u00edquese \u00a0 \u00a0 \u00a0y \u00a0c\u00famplase. \u00a0\u00a0<\/p>\n<p>EYDER PATI\u00d1O CABRERA \u00a0<\/p>\n<p>Magistrado \u00a0<\/p>\n<p>EUGENIO FERN\u00c1NDEZ CARLIER \u00a0<\/p>\n<p>Magistrado \u00a0<\/p>\n<p>PATRICIA SALAZAR CUELLAR \u00a0<\/p>\n<p>Magistrado \u00a0<\/p>\n<p>LUIS BERNARDO ALZATE G\u00d3MEZ \u00a0<\/p>\n<p>Conjuez \u00a0<\/p>\n<p>GUILLERMO ANGULO GONZ\u00c1LEZ \u00a0<\/p>\n<p>Conjuez \u00a0<\/p>\n<p>DIEGO EUGENIO CORREDOR BELTR\u00c1N \u00a0<\/p>\n<p>Conjuez \u00a0<\/p>\n<p>HUGO QUINTERO BERNATE \u00a0<\/p>\n<p>Conjuez \u00a0<\/p>\n<p>LUIS GONZALO VEL\u00c1SQUEZ POSADA \u00a0<\/p>\n<p>Conjuez \u00a0<\/p>\n<p>YEZID VIVEROS CASTELLANOS \u00a0<\/p>\n<p>Conjuez \u00a0<\/p>\n<p>NUBIA YOLANDA NOVA GARC\u00cdA \u00a0<\/p>\n<p>Secretaria \u00a0 \u00a0<\/p>\n<p><\/p>\n","protected":false},"excerpt":{"rendered":"<p>\u00a0 \u00a0 \u00a0\u00a0 CORTE SUPREMA DE JUSTICIA \u00a0 SALA DE CASACI\u00d3N PENAL \u00a0 EYDER PATI\u00d1O CABRERA \u00a0 Magistrado ponente \u00a0 AP3754-2014 \u00a0 Radicaci\u00f3n N\u00b0. 42794 \u00a0 (Aprobado \u00a0Acta N\u00b0 \u00a0163A) \u00a0\u00a0 Bogot\u00e1 D.C., veintiocho (28) de mayo de dos \u00a0mil catorce (2014). \u00a0\u00a0 OBJETO \u00a0 \u00a0DE \u00a0 \u00a0LA \u00a0DECISI\u00d3N \u00a0\u00a0 \u00a0\u00a0\u00a0\u00a0\u00a0\u00a0\u00a0 La \u00a0Sala \u00a0decide \u00a0sobre [&hellip;]<\/p>\n","protected":false},"author":1,"featured_media":0,"comment_status":"open","ping_status":"open","sticky":false,"template":"","format":"standard","meta":{"footnotes":""},"categories":[22],"tags":[],"class_list":["post-28562","post","type-post","status-publish","format-standard","hentry","category-22"],"_links":{"self":[{"href":"https:\/\/dmsjuridica.com\/buscador_20179478954\/salapenalcronologico20230723\/wp-json\/wp\/v2\/posts\/28562","targetHints":{"allow":["GET"]}}],"collection":[{"href":"https:\/\/dmsjuridica.com\/buscador_20179478954\/salapenalcronologico20230723\/wp-json\/wp\/v2\/posts"}],"about":[{"href":"https:\/\/dmsjuridica.com\/buscador_20179478954\/salapenalcronologico20230723\/wp-json\/wp\/v2\/types\/post"}],"author":[{"embeddable":true,"href":"https:\/\/dmsjuridica.com\/buscador_20179478954\/salapenalcronologico20230723\/wp-json\/wp\/v2\/users\/1"}],"replies":[{"embeddable":true,"href":"https:\/\/dmsjuridica.com\/buscador_20179478954\/salapenalcronologico20230723\/wp-json\/wp\/v2\/comments?post=28562"}],"version-history":[{"count":0,"href":"https:\/\/dmsjuridica.com\/buscador_20179478954\/salapenalcronologico20230723\/wp-json\/wp\/v2\/posts\/28562\/revisions"}],"wp:attachment":[{"href":"https:\/\/dmsjuridica.com\/buscador_20179478954\/salapenalcronologico20230723\/wp-json\/wp\/v2\/media?parent=28562"}],"wp:term":[{"taxonomy":"category","embeddable":true,"href":"https:\/\/dmsjuridica.com\/buscador_20179478954\/salapenalcronologico20230723\/wp-json\/wp\/v2\/categories?post=28562"},{"taxonomy":"post_tag","embeddable":true,"href":"https:\/\/dmsjuridica.com\/buscador_20179478954\/salapenalcronologico20230723\/wp-json\/wp\/v2\/tags?post=28562"}],"curies":[{"name":"wp","href":"https:\/\/api.w.org\/{rel}","templated":true}]}}