{"id":28488,"date":"2023-09-13T14:15:51","date_gmt":"2023-09-13T14:15:51","guid":{"rendered":"https:\/\/dmsjuridica.com\/buscador_20179478954\/salapenalcronologico20230723\/2023\/09\/13\/ap3438-201444010\/"},"modified":"2023-09-13T14:15:51","modified_gmt":"2023-09-13T14:15:51","slug":"ap3438-201444010","status":"publish","type":"post","link":"https:\/\/dmsjuridica.com\/buscador_20179478954\/salapenalcronologico20230723\/2023\/09\/13\/ap3438-201444010\/","title":{"rendered":"AP3438-2014(44010)"},"content":{"rendered":"\n<p>\u00a0 \u00a0 CORTE SUPREMA DE JUSTICIA \u00a0<\/p>\n<p>SALA DE CASACI\u00d3N PENAL \u00a0<\/p>\n<p>FERNANDO ALBERTO CASTRO CABALLERO \u00a0<\/p>\n<p>Magistrado \u00a0 \u00a0 \u00a0Ponente: \u00a0\u00a0<\/p>\n<p>Radicado No.\u00a0 44010 \u00a0<\/p>\n<p>AP3438-2014 \u00a0<\/p>\n<p>Aprobado Acta N\u00b0 195 \u00a0<\/p>\n<p>Bogot\u00e1, \u00a0D. \u00a0C.,\u00a0 \u00a0veinticinco (25) de \u00a0junio de dos mil catorce (2014). \u00a0\u00a0<\/p>\n<p>VISTOS: \u00a0<\/p>\n<p>La Sala define la competencia para adelantar \u00a0el \u00a0juzgamiento \u00a0de \u00a0LU\u00cdS \u00a0FERNANDO \u00a0SARMIENTO \u00a0REYES, \u00a0acusado \u00a0del \u00a0delito de \u00a0concierto \u00a0 para \u00a0delinquir \u00a0agravado, \u00a0ante \u00a0manifestaciones \u00a0de \u00a0incompetencia \u00a0formuladas \u00a0por \u00a0el Juez Segundo Penal del Circuito Especializado de Bucaramanga \u00a0con Funciones de Conocimiento. \u00a0\u00a0<\/p>\n<p>HECHOS \u00a0<\/p>\n<p>\u00a0 \u00a0\u00a0 \u00a0\u00a0 \u00a0\u00a0Conforme \u00a0obra en el escrito de acusaci\u00f3n, el 4 de julio de 2012 la \u00a0Fiscal\u00eda \u00a067 \u00a0Especializada \u00a0de \u00a0la \u00a0Unidad contra Bandas emergentes, logr\u00f3 la \u00a0captura \u00a0y \u00a0judicializaci\u00f3n de 36 personas de la banda criminal \u201cAutodefensas \u00a0Norte \u00a0Santandereanas\u201d, \u00a0la \u00a0cual se encontraba asentada desde el a\u00f1o 2011 en \u00a0C\u00facuta y su \u00e1rea metropolitana. \u00a0\u00a0<\/p>\n<p>Igualmente \u00a0 se \u00a0afirma, \u00a0en \u00a0el \u00a0referido \u00a0documento, \u00a0que \u00a0los \u00a0integrantes de esa organizaci\u00f3n al momento de allanarse a \u00a0los \u00a0cargos \u00a0que \u00a0les fueron imputados manifestaron su deseo de colaborar con la \u00a0administraci\u00f3n \u00a0de \u00a0justicia \u00a0suministrando \u00a0informaci\u00f3n \u00a0sobre \u00a0la estructura \u00a0delincuencial. \u00a0\u00a0<\/p>\n<p>Es \u00a0as\u00ed como se logr\u00f3 establecer que LU\u00cdS \u00a0FERNANDO \u00a0SARMIENTO \u00a0REYES, alias \u00abcuello ronco\u00bb, fungiendo como comandante de \u00a0la \u00a0 referida \u00a0 organizaci\u00f3n, \u00a0 se \u00a0 concert\u00f3 \u00a0 con \u00a0la \u00a0banda \u00a0\u00abLos \u00a0Urabe\u00f1os\u00bb \u00a0para mantener el control \u00a0de \u00a0las \u00a0actividades \u00a0il\u00edcitas \u00a0que se comet\u00edan en el departamento de Norte de \u00a0Santander, \u00a0entre \u00a0ellas, narcotr\u00e1fico, terrorismo, homicidio, extorsi\u00f3n y uso \u00a0de menores de edad para la comisi\u00f3n de delitos. \u00a0\u00a0<\/p>\n<p>ANTECEDENTES \u00a0\u00a0<\/p>\n<p>Tras \u00a0la captura de LU\u00cdS FERNANDO SARMIENTO \u00a0REYES, \u00a0el \u00a015 \u00a0de \u00a0octubre \u00a0del 2013 ante el Juzgado Primero Penal Municipal de \u00a0Bucaramanga \u00a0con \u00a0funciones \u00a0de Control de Garant\u00edas Ambulante se le imput\u00f3 la \u00a0conducta \u00a0punible \u00a0de \u00a0concierto \u00a0para \u00a0delinquir \u00a0agravada \u00a0por el inciso 3 del \u00a0art\u00edculo \u00a0340 \u00a0del \u00a0C\u00f3digo \u00a0Penal \u00a0y, \u00a0seguidamente, se le impuso la medida de \u00a0aseguramiento \u00a0privativa \u00a0de \u00a0la \u00a0libertad, recluy\u00e9ndosele desde entonces en la \u00a0\u00abC\u00e1rcel Modelo\u00bb de la referida ciudad. \u00a0\u00a0<\/p>\n<p>Posteriormente, \u00a0ante \u00a0la \u00a0manifestaci\u00f3n de \u00a0aceptaci\u00f3n \u00a0de \u00a0responsabilidad \u00a0por \u00a0parte \u00a0del \u00a0imputado \u00a0frente al delito de \u00a0concierto \u00a0para delinquir agravado, la Fiscal\u00eda present\u00f3 escrito de acusaci\u00f3n \u00a0en \u00a0 el \u00a0 centro \u00a0de \u00a0servicios \u00a0judiciales \u00a0de \u00a0la \u00a0mencionada \u00a0sede \u00a0judicial, \u00a0correspondi\u00e9ndole \u00a0conocer \u00a0de \u00a0dicha actuaci\u00f3n procesal al Juez Segundo Penal \u00a0del \u00a0Circuito \u00a0Especializado de Bucaramanga, quien se declar\u00f3 incompetente para \u00a0adelantar \u00a0la verificaci\u00f3n de la legalidad del allanamiento a cargos y proferir \u00a0el \u00a0correspondiente fallo condenatorio, argumentando que en los t\u00e9rminos en que \u00a0fuera \u00a0presentada \u00a0la \u00a0imputaci\u00f3n \u00a0f\u00e1ctica \u00a0por \u00a0parte \u00a0del \u00a0ente acusador, se \u00a0establec\u00eda \u00a0con \u00a0claridad \u00a0meridiana \u00a0que \u00a0la \u00a0conducta \u00a0il\u00edcita \u00a0atribuida \u00a0a \u00a0SARMIENTO \u00a0REYES hab\u00eda sido cometida en el territorio del departamento de Norte \u00a0de \u00a0Santander, \u00a0raz\u00f3n \u00a0por la cual, estima que el competente es su hom\u00f3logo de \u00a0la ciudad de C\u00facuta. \u00a0\u00a0<\/p>\n<p>Con \u00a0 fundamento \u00a0 en \u00a0 lo \u00a0anterior, \u00a0las \u00a0diligencias \u00a0fueron \u00a0remitidas a esta Colegiatura para que se pronuncie sobre el \u00a0particular, \u00a0 dado \u00a0que \u00a0se \u00a0encuentran \u00a0involucrados \u00a0despachos \u00a0judiciales \u00a0de \u00a0diferentes distritos judiciales. \u00a0\u00a0<\/p>\n<p>CONSIDERACIONES DE LA SALA \u00a0<\/p>\n<p>La \u00a0Corte \u00a0es \u00a0la \u00a0llamada \u00a0a \u00a0resolver \u00a0la \u00a0definici\u00f3n de competencia formulada por el \u00a0 Juez \u00a0Segundo \u00a0Penal \u00a0del \u00a0Circuito \u00a0Especializado \u00a0 \u00a0 de \u00a0 \u00a0Bucaramanga \u00a0 \u00a0con \u00a0 Funciones \u00a0 de \u00a0 Conocimiento, \u00a0de \u00a0acuerdo \u00a0con \u00a0lo \u00a0normado \u00a0en \u00a0los art\u00edculos 32 y 341 \u00a0de la Ley 906 de 2004. \u00a0\u00a0<\/p>\n<p>La definici\u00f3n de competencia es el mecanismo \u00a0previsto \u00a0por \u00a0la \u00a0Ley \u00a0906 de 2004 para precisar, en caso de duda, cu\u00e1l de los \u00a0distintos \u00a0jueces \u00a0es \u00a0el \u00a0indicado \u00a0para presidir el juzgamiento de determinado \u00a0asunto, de acuerdo con los factores que la determinan. \u00a0\u00a0<\/p>\n<p>Para \u00a0 efectos \u00a0de \u00a0la \u00a0determinaci\u00f3n \u00a0de \u00a0competencia, \u00a0 \u00a0el \u00a0 \u00a0art\u00edculo \u00a0 \u00a054 \u00a0 \u00a0del \u00a0 \u00a0referido \u00a0 compendio \u00a0 normativo \u00a0se\u00f1ala: \u00a0\u00a0<\/p>\n<p>\u201cART\u00cdCULO \u00a054. \u00a0TR\u00c1MITE. \u00a0Cuando el juez ante el cual se \u00a0haya \u00a0presentado \u00a0la acusaci\u00f3n manifieste su incompetencia, as\u00ed lo har\u00e1 saber \u00a0a \u00a0las \u00a0partes \u00a0en \u00a0la \u00a0misma \u00a0audiencia y remitir\u00e1 el asunto inmediatamente al \u00a0funcionario \u00a0que \u00a0deba definirla, quien en el t\u00e9rmino improrrogable de tres (3) \u00a0d\u00edas \u00a0decidir\u00e1 \u00a0de \u00a0plano. Igual procedimiento se aplicar\u00e1 cuando se trate de \u00a0lo \u00a0 \u00a0 \u00a0previsto \u00a0 \u00a0 \u00a0en \u00a0 \u00a0 \u00a0el \u00a0 \u00a0 \u00a0art\u00edculo \u00a0 \u00a0 \u00a0286 \u00a0de \u00a0este \u00a0c\u00f3digo \u00a0y \u00a0cuando \u00a0la \u00a0incompetencia \u00a0la \u00a0proponga \u00a0la \u00a0defensa.\u201d \u00a0\u00a0<\/p>\n<p>Ahora \u00a0bien, es importante precisar que as\u00ed \u00a0como \u00a0la acusaci\u00f3n constituye el marco f\u00e1ctico y jur\u00eddico que fija las reglas \u00a0dentro \u00a0de \u00a0las \u00a0cuales \u00a0se \u00a0desarrollar\u00e1 \u00a0el \u00a0debate \u00a0propio \u00a0en \u00a0la \u00a0fase \u00a0de \u00a0juzgamiento, \u00a0de \u00a0igual \u00a0manera \u00a0tal \u00a0pieza \u00a0procesal \u00a0ha \u00a0de \u00a0ser \u00a0la base para \u00a0determinar \u00a0el \u00a0juez a cargo de quien debe quedar la tramitaci\u00f3n de dicha etapa \u00a0de \u00a0 la \u00a0 actuaci\u00f3n, \u00a0 sin \u00a0que \u00a0sea \u00a0pertinente \u00a0para \u00a0ese \u00a0efecto \u00a0considerar \u00a0circunstancias no contempladas en el pliego de cargos. \u00a0\u00a0<\/p>\n<p>\u00a0 \u00a0\u00a0 \u00a0\u00a0 \u00a0\u00a0Tal \u00a0es \u00a0el \u00a0criterio \u00a0que \u00a0de \u00a0anta\u00f1o \u00a0\u00e9sta Sala ha prohijado con \u00a0respecto \u00a0al \u00a0procedimiento \u00a0establecido \u00a0en \u00a0la Ley 600 de 2000, pero que igual \u00a0resulta \u00a0aplicable \u00a0frente \u00a0a \u00a0la \u00a0Ley 906 de 2004, pues sobre el particular los \u00a0fundamentos \u00a0teleol\u00f3gicos de los dos sistemas son similares. Pertinente resulta \u00a0evocar dicha postura jurisprudencial: \u00a0\u00a0<\/p>\n<p>\u00abLa \u00a0 resoluci\u00f3n \u00a0acusatoria \u00a0es \u00a0pieza \u00a0procesal \u00a0fundamental, \u00a0que \u00a0una \u00a0vez \u00a0ejecutoriada \u00a0se\u00f1ala \u00a0el marco general y \u00a0lim\u00edtrofe \u00a0para \u00a0el \u00a0desarrollo \u00a0de \u00a0la \u00a0fase \u00a0del \u00a0juicio, \u00a0en acatamiento del \u00a0principio \u00a0 de \u00a0congruencia; \u00a0por \u00a0tanto, \u00a0para \u00a0determinar \u00a0cu\u00e1l \u00a0es \u00a0el \u00a0Juez \u00a0competente \u00a0para dirigir la causa a que da lugar esa espec\u00edfica pieza procesal, \u00a0no \u00a0es \u00a0factible \u00a0hacer \u00a0deducciones \u00a0ni \u00a0inferencias \u00a0a \u00a0partir de elementos de \u00a0convicci\u00f3n \u00a0que \u00a0no \u00a0forman parte del sumario, \u00f3 raciocinios que no hayan sido \u00a0tenidos \u00a0en \u00a0cuenta \u00a0en el propio pliego de cargos\u00bb1. \u00a0\u00a0<\/p>\n<p>As\u00ed \u00a0las cosas, en el escrito de acusaci\u00f3n \u00a0del \u00a0sub \u00a0judice \u00a0la \u00a0Fiscal\u00eda afirm\u00f3 que los elementos materiales probatorios \u00a0recolectados \u00a0durante \u00a0la \u00a0etapa \u00a0de indagaci\u00f3n daban cuenta que LU\u00cdS FERNANDO \u00a0SARMIENTO \u00a0REYES \u00a0era \u00a0\u00abcomandante de las Autodefensas \u00a0Norte \u00a0 \u00a0 \u00a0 \u00a0 \u00a0 \u00a0 \u00a0 \u00a0 \u00a0Santadereanas2,organizaci\u00f3n \u00a0 criminal \u00a0 que \u00a0 ven\u00eda \u00a0 afectando \u00a0la \u00a0convivencia \u00a0ciudadana, \u00a0lo \u00a0que origin\u00f3 el aumento de los \u00edndices de criminalidad y redujo \u00a0la \u00a0 percepci\u00f3n \u00a0de \u00a0seguridad \u00a0ante \u00a0la \u00a0comisi\u00f3n \u00a0de \u00a0homicidios \u00a0selectivos \u00a0producto, \u00a0especialmente, \u00a0de la confrontaci\u00f3n que libran con la banda criminal \u00a0\u201clos \u00a0rastrojos\u201d \u00a0y \u00a0\u201clos \u00a0Urabe\u00f1os\u201d \u00a0por \u00a0el \u00a0control de las rutas del \u00a0narcotr\u00e1fico \u00a0y \u00a0la \u00a0micro \u00a0extorsi\u00f3n \u00a0como \u00a0fuente \u00a0de \u00a0financiamiento \u00a0de la \u00a0estructura \u00a0 \u00a0 \u00a0 \u00a0 \u00a0 \u00a0 \u00a0 \u00a0criminal.\u00bb3 \u00a0\u00a0<\/p>\n<p>Igualmente \u00a0 se \u00a0afirma, \u00a0en \u00a0el \u00a0referido \u00a0documento, \u00a0 \u00a0que \u00a0 \u00ablos \u00a0 miembros \u00a0 de \u00a0 \u00a0[las \u00a0 \u00a0Autodefensas \u00a0 \u00a0Norte \u00a0 Santadereanas]\u2026 \u00a0 se \u00a0concertaron con el fin de cometer diferentes actos delictivos en \u00a0los \u00a0municipios \u00a0de \u00a0C\u00facuta, Villa del Rosario, Los Patios, El Zulia y sectores \u00a0conocidos \u00a0como \u00a0La \u00a0Libertad, \u00a0Atalaya, Aeropuerto, Astilleros y Alejandr\u00eda\u2026 \u00a0actuaciones \u00a0con \u00a0las \u00a0que \u00a0buscan \u00a0el \u00a0mantenimiento \u00a0y \u00a0la \u00a0expansi\u00f3n \u00a0de \u00a0la \u00a0organizaci\u00f3n \u00a0y \u00a0erradicar \u00a0a las otras bandas delincuenciales con presencia en \u00a0el \u00a0 \u00a0 \u00a0 \u00a0 \u00a0 \u00a0 \u00a0 \u00a0 \u00a0 territorio\u00bb.4 \u00a0\u00a0<\/p>\n<p>Y \u00a0en \u00a0la \u00a0parte \u00a0final \u00a0de la imputaci\u00f3n \u00a0f\u00e1ctica se precis\u00f3: \u00a0\u00a0<\/p>\n<p>\u00abpor \u00a0lo \u00a0precedente \u00a0no cabe duda que LUIS \u00a0FERNANDO \u00a0SARMIENTO \u00a0REYES, \u00a0se \u00a0concert\u00f3 \u00a0con \u00a0los dem\u00e1s miembros de la banda \u00a0\u201clos \u00a0Urabe\u00f1os\u201d \u00a0y \u00a0las \u00a0\u201cANS\u201d \u00a0que delinquen la ciudad de C\u00facuta y su \u00a0zona \u00a0 metropolitana, \u00a0 para \u00a0que \u00a0la \u00a0banda \u00a0criminal \u00a0cometiera \u00a0delitos \u00a0como \u00a0extorsi\u00f3n \u00a0 \u00a0 \u00a0 \u00a0y \u00a0 \u00a0 \u00a0 homicidios.\u00bb \u00a0 \u00a0 \u00a0 5 \u00a0\u00a0<\/p>\n<p>Conforme \u00a0 a \u00a0 los \u00a0apartes \u00a0anteriormente \u00a0transcritos \u00a0de \u00a0la \u00a0acusaci\u00f3n, \u00a0puede inferirse que el concierto se plasm\u00f3 en \u00a0alguno \u00a0de \u00a0los \u00a0referidos \u00a0municipios del departamento del Norte de Santander-, \u00a0pues \u00a0en \u00a0ese lugar era donde deb\u00edan ejecutarse las conductas que dieron origen \u00a0al acuerdo ilegal. \u00a0\u00a0<\/p>\n<p>De \u00a0tal \u00a0forma \u00a0que, \u00a0en \u00a0efecto, \u00a0el \u00a0marco \u00a0f\u00e1ctico \u00a0del escrito de acusaci\u00f3n permite establecer el lugar de comisi\u00f3n del \u00a0delito \u00a0de \u00a0concierto \u00a0para delinquir agravado, resultando aplicable lo previsto \u00a0en \u00a0el \u00a0inciso \u00a0primero \u00a0del \u00a0art\u00edculo \u00a043 \u00a0de \u00a0la Ley 906 de 2004 a efectos de \u00a0determinar la competencia, a cuyo tenor literal se expresa: \u00a0\u00a0<\/p>\n<p>ART\u00cdCULO \u00a043. \u00a0COMPETENCIA. \u00a0Es competente para conocer del \u00a0juzgamiento el juez del lugar donde ocurri\u00f3 el delito&#8230;\u00bb \u00a0\u00a0<\/p>\n<p>Por \u00a0lo \u00a0tanto, \u00a0sin \u00a0mayor esfuerzo hay que \u00a0concluir \u00a0que \u00a0al Juez Penal del Circuito Especializado de C\u00facuta es a quien le \u00a0corresponde \u00a0adelantar el juicio contra SARMIENTO REYES y no al Juez de la misma \u00a0categor\u00eda de Bucaramanga. \u00a0\u00a0<\/p>\n<p>En \u00a0m\u00e9rito \u00a0de \u00a0lo \u00a0expuesto \u00a0la \u00a0Sala \u00a0de \u00a0Casaci\u00f3n Penal de la Corte Suprema de Justicia, \u00a0\u00a0<\/p>\n<p>RESUELVE \u00a0<\/p>\n<p>Definir que el Juez \u00a0Penal \u00a0del \u00a0Circuito \u00a0Especializado \u00a0de \u00a0C\u00facuta, Norte de Santander, \u00a0es \u00a0el \u00a0competente \u00a0para \u00a0verificar la \u00a0legalidad \u00a0del \u00a0allanamiento a cargos de LU\u00cdS FERNANDO SARMIENTO REYES, acusado \u00a0de \u00a0la \u00a0comisi\u00f3n \u00a0del \u00a0delito de concierto para delinquir agravado, y emitir el \u00a0correspondiente fallo condenatorio. \u00a0\u00a0<\/p>\n<p>\u00a0 \u00a0\u00a0 \u00a0\u00a0 \u00a0Rem\u00edtase \u00a0el \u00a0expediente a la autoridad indicada, haci\u00e9ndole saber \u00a0que \u00a0 el \u00a0 acusado, \u00a0 quien \u00a0 se \u00a0 encuentra \u00a0 recluido \u00a0 en \u00a0 la \u00a0 \u00abC\u00e1rcel \u00a0Modelo de Bucaramanga\u00bb, queda \u00a0a su disposici\u00f3n. \u00a0\u00a0<\/p>\n<p>Contra \u00a0esta \u00a0decisi\u00f3n \u00a0no \u00a0procede recurso \u00a0alguno. \u00a0\u00a0<\/p>\n<p>Comun\u00edquese y c\u00famplase. \u00a0<\/p>\n<p>FERNANDO ALBERTO CASTRO CABALLERO \u00a0<\/p>\n<p>JOS\u00c9 LUIS BARCEL\u00d3 CAMACHO \u00a0<\/p>\n<p>JOS\u00c9 LEONIDAS BUSTOS MART\u00cdNEZ \u00a0<\/p>\n<p>EUGENIO FERN\u00c1NDEZ CARLIER \u00a0<\/p>\n<p>MAR\u00cdA \u00a0 \u00a0DEL \u00a0 \u00a0ROSARIO \u00a0 \u00a0GONZ\u00c1LEZ \u00a0MU\u00d1OZ \u00a0\u00a0<\/p>\n<p>GUSTAVO ENRIQUE MALO FERN\u00c1NDEZ \u00a0<\/p>\n<p>EYDER PATI\u00d1O CABRERA \u00a0<\/p>\n<p>PATRICIA SALAZAR CU\u00c9LLAR \u00a0<\/p>\n<p>LUIS GUILLERMO SALAZAR OTERO \u00a0<\/p>\n<p>NUBIA YOLANDA NOVA GARC\u00cdA \u00a0<\/p>\n<p>Secretaria \u00a0 \u00a0<\/p>\n<p>1 CSJ SP del 6 de octubre de 2004. Radicaci\u00f3n 22738. \u00a0\u00a0<\/p>\n<p>2 Folio \u00a015 de la carpeta de la investigaci\u00f3n No. 110016000000201400189. \u00a0\u00a0<\/p>\n<p>3 \u00a0Ib\u00eddem, a folio 16. \u00a0\u00a0<\/p>\n<p>4 \u00a0Ib\u00eddem, folio 16. \u00a0\u00a0<\/p>\n<p>5 \u00a0Ib\u00eddem, folio 15. \u00a0 \u00a0\u00a0<\/p>\n<p><\/p>\n","protected":false},"excerpt":{"rendered":"<p>\u00a0 \u00a0 CORTE SUPREMA DE JUSTICIA \u00a0 SALA DE CASACI\u00d3N PENAL \u00a0 FERNANDO ALBERTO CASTRO CABALLERO \u00a0 Magistrado \u00a0 \u00a0 \u00a0Ponente: \u00a0\u00a0 Radicado No.\u00a0 44010 \u00a0 AP3438-2014 \u00a0 Aprobado Acta N\u00b0 195 \u00a0 Bogot\u00e1, \u00a0D. \u00a0C.,\u00a0 \u00a0veinticinco (25) de \u00a0junio de dos mil catorce (2014). \u00a0\u00a0 VISTOS: \u00a0 La Sala define la competencia para adelantar [&hellip;]<\/p>\n","protected":false},"author":1,"featured_media":0,"comment_status":"open","ping_status":"open","sticky":false,"template":"","format":"standard","meta":{"footnotes":""},"categories":[22],"tags":[],"class_list":["post-28488","post","type-post","status-publish","format-standard","hentry","category-22"],"_links":{"self":[{"href":"https:\/\/dmsjuridica.com\/buscador_20179478954\/salapenalcronologico20230723\/wp-json\/wp\/v2\/posts\/28488","targetHints":{"allow":["GET"]}}],"collection":[{"href":"https:\/\/dmsjuridica.com\/buscador_20179478954\/salapenalcronologico20230723\/wp-json\/wp\/v2\/posts"}],"about":[{"href":"https:\/\/dmsjuridica.com\/buscador_20179478954\/salapenalcronologico20230723\/wp-json\/wp\/v2\/types\/post"}],"author":[{"embeddable":true,"href":"https:\/\/dmsjuridica.com\/buscador_20179478954\/salapenalcronologico20230723\/wp-json\/wp\/v2\/users\/1"}],"replies":[{"embeddable":true,"href":"https:\/\/dmsjuridica.com\/buscador_20179478954\/salapenalcronologico20230723\/wp-json\/wp\/v2\/comments?post=28488"}],"version-history":[{"count":0,"href":"https:\/\/dmsjuridica.com\/buscador_20179478954\/salapenalcronologico20230723\/wp-json\/wp\/v2\/posts\/28488\/revisions"}],"wp:attachment":[{"href":"https:\/\/dmsjuridica.com\/buscador_20179478954\/salapenalcronologico20230723\/wp-json\/wp\/v2\/media?parent=28488"}],"wp:term":[{"taxonomy":"category","embeddable":true,"href":"https:\/\/dmsjuridica.com\/buscador_20179478954\/salapenalcronologico20230723\/wp-json\/wp\/v2\/categories?post=28488"},{"taxonomy":"post_tag","embeddable":true,"href":"https:\/\/dmsjuridica.com\/buscador_20179478954\/salapenalcronologico20230723\/wp-json\/wp\/v2\/tags?post=28488"}],"curies":[{"name":"wp","href":"https:\/\/api.w.org\/{rel}","templated":true}]}}