{"id":28481,"date":"2023-09-13T14:15:50","date_gmt":"2023-09-13T14:15:50","guid":{"rendered":"https:\/\/dmsjuridica.com\/buscador_20179478954\/salapenalcronologico20230723\/2023\/09\/13\/ap3428-201439197\/"},"modified":"2023-09-13T14:15:50","modified_gmt":"2023-09-13T14:15:50","slug":"ap3428-201439197","status":"publish","type":"post","link":"https:\/\/dmsjuridica.com\/buscador_20179478954\/salapenalcronologico20230723\/2023\/09\/13\/ap3428-201439197\/","title":{"rendered":"AP3428-2014(39197)"},"content":{"rendered":"\n<p>\u00a0 \u00a0 CORTE SUPREMA DE JUSTICIA \u00a0<\/p>\n<p>SALA DE CASACI\u00d3N PENAL \u00a0<\/p>\n<p>PATRICIA SALAZAR CU\u00c9LLAR \u00a0<\/p>\n<p>Magistrada ponente \u00a0<\/p>\n<p>AP 3428 &#8211; 2014 \u00a0<\/p>\n<p>Radicaci\u00f3n 39197 \u00a0<\/p>\n<p>(Aprobado \u00a0Acta No. \u00a0195) \u00a0\u00a0<\/p>\n<p>Bogot\u00e1 \u00a0D.C., \u00a0junio veinticinco (25) de dos \u00a0mil catorce (2014). \u00a0\u00a0<\/p>\n<p>VISTOS: \u00a0<\/p>\n<p>Se \u00a0pronuncia \u00a0la \u00a0Sala \u00a0en \u00a0relaci\u00f3n con el \u00a0desistimiento \u00a0 del \u00a0recurso \u00a0extraordinario \u00a0de \u00a0casaci\u00f3n \u00a0presentado \u00a0por \u00a0el \u00a0defensor del procesado JOS\u00c9 WILLIAM GRACIA. \u00a0\u00a0<\/p>\n<p>ANTECEDENTES \u00a0 Y \u00a0 CONSIDERACIONES \u00a0DE \u00a0LA \u00a0CORTE: \u00a0\u00a0<\/p>\n<p>1. \u00a0El Juzgado 3\u00ba \u00a0Penal \u00a0del \u00a0Circuito Especializado de Villavicencio, mediante sentencia del 3 de \u00a0junio \u00a0de \u00a02011, conden\u00f3 al mencionado por el cargo de fabricaci\u00f3n, tr\u00e1fico o \u00a0porte \u00a0de \u00a0armas \u00a0de \u00a0fuego \u00a0o municiones de las Fuerzas Militares (art. 366 del \u00a0C.P.), \u00a0a \u00a036 \u00a0meses \u00a0de \u00a0prisi\u00f3n y, por igual t\u00e9rmino, a la pena accesoria de \u00a0inhabilitaci\u00f3n \u00a0para \u00a0el \u00a0ejercicio \u00a0de \u00a0derechos \u00a0y funciones p\u00fablicas. No le \u00a0concedi\u00f3 \u00a0la \u00a0condena \u00a0de \u00a0ejecuci\u00f3n \u00a0condicional ni la prisi\u00f3n domiciliaria. \u00a0\u00a0<\/p>\n<p>2. La defensa, con \u00a0la \u00a0pretensi\u00f3n \u00a0de lograr para su representado el otorgamiento de la condena de \u00a0ejecuci\u00f3n \u00a0condicional o la prisi\u00f3n domiciliaria, apel\u00f3 ese pronunciamiento y \u00a0el \u00a0Tribunal \u00a0Superior \u00a0de \u00a0Villavicencio, \u00a0a \u00a0trav\u00e9s \u00a0del \u00a0fallo \u00a0recurrido en \u00a0casaci\u00f3n, \u00a0 \u00a0expedido \u00a0 \u00a0el \u00a0 \u00a08 \u00a0 \u00a0de \u00a0 \u00a0marzo \u00a0 \u00a0de \u00a0 \u00a02012, \u00a0 le \u00a0 imparti\u00f3 \u00a0confirmaci\u00f3n. \u00a0\u00a0<\/p>\n<p>\u00a0 \u00a0\u00a0 \u00a0\u00a0 \u00a0\u00a03. \u00a0 Despu\u00e9s \u00a0 de \u00a0 admitir \u00a0 la \u00a0 Corte \u00a0\u2013con \u00a0superaci\u00f3n \u00a0de sus \u00a0defectos\u2014 \u00a0la \u00a0demanda de \u00a0casaci\u00f3n \u00a0presentada \u00a0por el apoderado del procesado y de fijar como fecha para \u00a0su \u00a0 sustentaci\u00f3n \u00a0 el \u00a0 26 \u00a0 de \u00a0 junio \u00a0pr\u00f3ximo, \u00a0el \u00a0profesional \u00a0present\u00f3 \u00a0desistimiento \u00a0del \u00a0recurso \u00a0extraordinario, \u00a0el cual se admitir\u00e1 al advertirse \u00a0voluntario \u00a0y haberse expresado antes de decidir la Sala, seg\u00fan lo prescribe el \u00a0art\u00edculo 199 de la Ley 906 de 2004. \u00a0\u00a0<\/p>\n<p>\u00a0 \u00a0\u00a0 \u00a0\u00a0 \u00a0\u00a0En \u00a0virtud \u00a0de \u00a0lo \u00a0expuesto, la Sala de Casaci\u00f3n Penal de la Corte \u00a0Suprema de Justicia, \u00a0\u00a0<\/p>\n<p>RESUELVE: \u00a0<\/p>\n<p>\u00a0 \u00a0\u00a0 \u00a0\u00a0 \u00a0 \u00a0ACEPTAR \u00a0el \u00a0desistimiento \u00a0 del \u00a0recurso \u00a0de \u00a0casaci\u00f3n \u00a0interpuesto \u00a0por \u00a0el \u00a0defensor \u00a0del \u00a0procesado JOS\u00c9 WILLIAM GRACIA. \u00a0\u00a0<\/p>\n<p>\u00a0 \u00a0\u00a0 \u00a0\u00a0 \u00a0\u00a0Contra \u00a0 \u00a0 la \u00a0 \u00a0 presente \u00a0 \u00a0 decisi\u00f3n \u00a0 \u00a0procede \u00a0 \u00a0recurso \u00a0 \u00a0de \u00a0reposici\u00f3n. \u00a0\u00a0<\/p>\n<p>NOTIF\u00cdQUESE Y C\u00daMPLASE. \u00a0<\/p>\n<p>FERNANDO ALBERTO CASTRO CABALLERO \u00a0<\/p>\n<p>JOS\u00c9 LUIS BARCEL\u00d3 CAMACHO \u00a0<\/p>\n<p>JOS\u00c9 LEONIDAS BUSTOS MART\u00cdNEZ \u00a0<\/p>\n<p>EUGENIO FERN\u00c1NDEZ CARLIER \u00a0<\/p>\n<p>MAR\u00cdA DEL ROSARIO GONZ\u00c1LEZ MU\u00d1OZ \u00a0<\/p>\n<p>GUSTAVO ENRIQUE MALO FERN\u00c1NDEZ \u00a0<\/p>\n<p>EYDER PATI\u00d1O CABRERA \u00a0<\/p>\n<p>PATRICIA SALAZAR CU\u00c9LLAR \u00a0<\/p>\n<p>LUIS GUILLERMO SALAZAR OTERO \u00a0<\/p>\n<p>NUBIA YOLANDA NOVA GARC\u00cdA \u00a0<\/p>\n<p>Secretaria \u00a0<\/p>\n<p>\u00a0 \u00a0\u00a0<\/p>\n<p><\/p>\n","protected":false},"excerpt":{"rendered":"<p>\u00a0 \u00a0 CORTE SUPREMA DE JUSTICIA \u00a0 SALA DE CASACI\u00d3N PENAL \u00a0 PATRICIA SALAZAR CU\u00c9LLAR \u00a0 Magistrada ponente \u00a0 AP 3428 &#8211; 2014 \u00a0 Radicaci\u00f3n 39197 \u00a0 (Aprobado \u00a0Acta No. \u00a0195) \u00a0\u00a0 Bogot\u00e1 \u00a0D.C., \u00a0junio veinticinco (25) de dos \u00a0mil catorce (2014). \u00a0\u00a0 VISTOS: \u00a0 Se \u00a0pronuncia \u00a0la \u00a0Sala \u00a0en \u00a0relaci\u00f3n con el \u00a0desistimiento \u00a0 [&hellip;]<\/p>\n","protected":false},"author":1,"featured_media":0,"comment_status":"open","ping_status":"open","sticky":false,"template":"","format":"standard","meta":{"footnotes":""},"categories":[22],"tags":[],"class_list":["post-28481","post","type-post","status-publish","format-standard","hentry","category-22"],"_links":{"self":[{"href":"https:\/\/dmsjuridica.com\/buscador_20179478954\/salapenalcronologico20230723\/wp-json\/wp\/v2\/posts\/28481","targetHints":{"allow":["GET"]}}],"collection":[{"href":"https:\/\/dmsjuridica.com\/buscador_20179478954\/salapenalcronologico20230723\/wp-json\/wp\/v2\/posts"}],"about":[{"href":"https:\/\/dmsjuridica.com\/buscador_20179478954\/salapenalcronologico20230723\/wp-json\/wp\/v2\/types\/post"}],"author":[{"embeddable":true,"href":"https:\/\/dmsjuridica.com\/buscador_20179478954\/salapenalcronologico20230723\/wp-json\/wp\/v2\/users\/1"}],"replies":[{"embeddable":true,"href":"https:\/\/dmsjuridica.com\/buscador_20179478954\/salapenalcronologico20230723\/wp-json\/wp\/v2\/comments?post=28481"}],"version-history":[{"count":0,"href":"https:\/\/dmsjuridica.com\/buscador_20179478954\/salapenalcronologico20230723\/wp-json\/wp\/v2\/posts\/28481\/revisions"}],"wp:attachment":[{"href":"https:\/\/dmsjuridica.com\/buscador_20179478954\/salapenalcronologico20230723\/wp-json\/wp\/v2\/media?parent=28481"}],"wp:term":[{"taxonomy":"category","embeddable":true,"href":"https:\/\/dmsjuridica.com\/buscador_20179478954\/salapenalcronologico20230723\/wp-json\/wp\/v2\/categories?post=28481"},{"taxonomy":"post_tag","embeddable":true,"href":"https:\/\/dmsjuridica.com\/buscador_20179478954\/salapenalcronologico20230723\/wp-json\/wp\/v2\/tags?post=28481"}],"curies":[{"name":"wp","href":"https:\/\/api.w.org\/{rel}","templated":true}]}}