{"id":284,"date":"2023-09-07T20:27:17","date_gmt":"2023-09-07T20:27:17","guid":{"rendered":"https:\/\/dmsjuridica.com\/buscador_20179478954\/salapenalcronologico20230723\/2023\/09\/07\/10242-29-10-96\/"},"modified":"2023-09-07T20:27:17","modified_gmt":"2023-09-07T20:27:17","slug":"10242-29-10-96","status":"publish","type":"post","link":"https:\/\/dmsjuridica.com\/buscador_20179478954\/salapenalcronologico20230723\/2023\/09\/07\/10242-29-10-96\/","title":{"rendered":"10242 (29-10-96)"},"content":{"rendered":"\n<p>\u00a0 \u00a0 PRECLUSION \u00a0 \u00a0DE \u00a0 \u00a0LA \u00a0 \u00a0INVESTIGACION\/ \u00a0RECEPTACION \u00a0\u00a0<\/p>\n<p>PROCESO \u00a0 \u00a0 \u00a0\u00a0 \u00a0\u00a0 \u00a0 \u00a0 \u00a0 \u00a0 \u00a0\u00a0 \u00a0 \u00a0 \u00a0 \u00a0 \u00a0 \u00a0\u00a0 \u00a0: 10242 \u00a0\u00a0<\/p>\n<p>\u00a0 \u00a0\u00a0 \u00a0\u00a0 \u00a0\u00a0CORTE SUPREMA DE JUSTICIA \u00a0\u00a0<\/p>\n<p>\u00a0 \u00a0\u00a0 \u00a0\u00a0 \u00a0\u00a0SALA DE CASACION PENAL \u00a0\u00a0<\/p>\n<p>\u00a0 \u00a0\u00a0 \u00a0\u00a0 \u00a0\u00a0Magistrado Ponente: \u00a0\u00a0<\/p>\n<p>\u00a0 \u00a0\u00a0 \u00a0\u00a0 \u00a0\u00a0Dr. JORGE E. CORDOBA POVEDA \u00a0\u00a0<\/p>\n<p>\u00a0 \u00a0\u00a0 \u00a0\u00a0 \u00a0\u00a0Aprobado \u00a0 \u00a0 \u00a0acta \u00a0 \u00a0 N\ufffd153 \u00a0\u00a0<\/p>\n<p>Santaf\u00e9 \u00a0de Bogot\u00e1, D.C., veintinueve (29) \u00a0de octubre de mil novecientos noventa y seis (1996). \u00a0\u00a0<\/p>\n<p>\u00a0 \u00a0\u00a0 \u00a0\u00a0 \u00a0\u00a0V I S T O S \u00a0\u00a0<\/p>\n<p>Procede \u00a0la Corte a resolver la solicitud de \u00a0preclusi\u00f3n \u00a0de \u00a0la \u00a0investigaci\u00f3n \u00a0presentada \u00a0por \u00a0el \u00a0defensor del procesado \u00a0MIGUEL \u00a0 \u00a0 ANTONIO \u00a0 \u00a0 ROA \u00a0 \u00a0 VANEGAS. \u00a0\u00a0<\/p>\n<p>\u00a0 \u00a0\u00a0 \u00a0\u00a0 \u00a0A N T E C E D E N T E S \u00a0\u00a0<\/p>\n<p>1.-\u00a0 \u00a0La \u00a0Sala de Casaci\u00f3n Penal de la \u00a0Corte \u00a0Suprema \u00a0de \u00a0Justicia, \u00a0mediante \u00a0providencia \u00a0del \u00a011 \u00a0de julio de 1995, \u00a0resolvi\u00f3 \u00a0la \u00a0situaci\u00f3n \u00a0jur\u00eddica \u00a0del \u00a0procesado \u00a0Miguel Antonio Roa Vanegas \u00a0profiri\u00e9ndole \u00a0medida \u00a0de \u00a0aseguramiento de detenci\u00f3n preventiva como presunto \u00a0autor \u00a0del delito de encubrimiento en la modalidad de receptaci\u00f3n (art. 177 del \u00a0C.P.). \u00a0\u00a0<\/p>\n<p>Adem\u00e1s, \u00a0 \u00a0en \u00a0 esta \u00a0 providencia \u00a0 se \u00a0dijo: \u00a0\u00a0<\/p>\n<p>\u00a0 \u00a0\u00a0 \u00a0\u00a0 \u00a0&#8220;Fuera \u00a0de \u00a0este comportamiento, se vislumbra la comisi\u00f3n de otros \u00a0hechos \u00a0punibles \u00a0atentatorios de la fe p\u00fablica, originados en la adulteraci\u00f3n \u00a0de \u00a0las \u00a0marcas de identificaci\u00f3n del campero sustra\u00eddo al denunciante y en el \u00a0contenido \u00a0de \u00a0la \u00a0tarjeta \u00a0de propiedad que supuestamente ampara la titularidad \u00a0del \u00a0 \u00a0se\u00f1or \u00a0 \u00a0Roa \u00a0 \u00a0Vanegas \u00a0 \u00a0respecto \u00a0 \u00a0de \u00a0 \u00a0un \u00a0 \u00a0automotor \u00a0 \u00a0de \u00a0 \u00a0su \u00a0propiedad&#8230;&#8221;. \u00a0\u00a0<\/p>\n<p>2.-\u00a0 \u00a0El 16 de abril del a\u00f1o en curso, \u00a0la \u00a0Sala \u00a0reconoci\u00f3 \u00a0como \u00a0parte \u00a0civil \u00a0dentro \u00a0de \u00a0este asunto al se\u00f1or Luis \u00a0Guillermo Urrutia Molano. \u00a0\u00a0<\/p>\n<p>3.-\u00a0 \u00a0Los \u00a0da\u00f1os\u00a0 \u00a0y \u00a0perjuicios \u00a0fueron \u00a0tasados \u00a0en \u00a0la \u00a0suma \u00a0de $ 5.243.337,90, seg\u00fan dictamen rendido por un \u00a0perito \u00a0adscrito al Cuerpo T\u00e9cnico de investigaci\u00f3n de la Fiscal\u00eda General de \u00a0la Naci\u00f3n. \u00a0\u00a0<\/p>\n<p>4.-\u00a0 El pasado 17 de octubre del a\u00f1o en \u00a0curso se clausur\u00f3 la investigaci\u00f3n. \u00a0\u00a0<\/p>\n<p>\u00a0 \u00a0\u00a0 \u00a0\u00a0 \u00a0L A\u00a0\u00a0\u00a0 P E T I C I O N \u00a0\u00a0<\/p>\n<p>El \u00a0defensor \u00a0del \u00a0procesado \u00a0Roa \u00a0Vanegas, \u00a0mediante \u00a0memorial solicita que se de aplicaci\u00f3n al art\u00edculo 39 del C\u00f3digo de \u00a0Procedimiento \u00a0penal, \u00a0ya \u00a0que \u00a0ha \u00a0sido reparado integralmente el da\u00f1o causado \u00a0&#8220;con \u00a0la \u00a0conducta \u00a0que \u00a0se \u00a0atribuye a mi representado, y tal reparaci\u00f3n se ha \u00a0hecho \u00a0de \u00a0conformidad a la tasaci\u00f3n que se hiciera en el dictamen pericial, el \u00a0que \u00a0se \u00a0encuentra \u00a0en \u00a0firme \u00a0y \u00a0ha \u00a0sido \u00a0aceptado \u00a0\u00edntegramente por la parte \u00a0civil&#8221;. \u00a0\u00a0<\/p>\n<p>Por \u00a0lo mismo, solicita la preclusi\u00f3n de la \u00a0investigaci\u00f3n, \u00a0adjuntando \u00a0escrito \u00a0por \u00a0medio \u00a0del cual tanto el perjudicado, \u00a0constituido \u00a0 en \u00a0 parte \u00a0civil, \u00a0como \u00a0su \u00a0apoderado \u00a0coadyuvan \u00a0la \u00a0mencionada \u00a0petici\u00f3n. \u00a0\u00a0<\/p>\n<p>\u00a0 \u00a0\u00a0 \u00a0\u00a0 \u00a0CONSIDERACIONES DE LA CORTE \u00a0\u00a0<\/p>\n<p>El art\u00edculo 39 del C\u00f3digo de Procedimiento \u00a0Penal, \u00a0modificado \u00a0por \u00a0el \u00a0art\u00edculo \u00a07\ufffd \u00a0de \u00a0la Ley 81 de 1993, contempla como causal de preclusi\u00f3n de la \u00a0investigaci\u00f3n \u00a0o \u00a0cesaci\u00f3n \u00a0de \u00a0procedimiento, \u00a0seg\u00fan \u00a0el \u00a0caso, la de que el \u00a0sujeto \u00a0pasivo \u00a0de la acci\u00f3n penal repare integralmente el da\u00f1o ocasionado con \u00a0la \u00a0comisi\u00f3n \u00a0del hecho punible respecto de los delitos culposos de homicidio y \u00a0lesiones \u00a0personales, \u00a0cuando \u00a0no \u00a0concurra \u00a0las \u00a0circunstancias \u00a0de agravaci\u00f3n \u00a0previstas \u00a0en \u00a0los \u00a0art\u00edculo \u00a0330 \u00a0y \u00a0341 \u00a0del \u00a0C\u00f3digo \u00a0Penal. \u00a0Igualmente, se \u00a0aplicar\u00e1 \u00a0en \u00a0los procesos por los delitos contra el patrimonio econ\u00f3mico cuya \u00a0cuant\u00eda \u00a0no exceda de doscientos (200) salarios m\u00ednimos legales mensuales, con \u00a0excepci\u00f3n del hurto calificado y la extorsi\u00f3n. \u00a0\u00a0<\/p>\n<p>As\u00ed \u00a0las \u00a0cosas, \u00a0f\u00e1cil es concluir que la \u00a0petici\u00f3n \u00a0elevada por el defensor del sindicado y coadyuvada por la parte civil \u00a0es \u00a0improcedente, \u00a0toda \u00a0vez \u00a0que \u00a0la \u00a0imputaci\u00f3n \u00a0que se hace contra el se\u00f1or \u00a0Miguel \u00a0Antonio Roa Vanegas lo es por el delito de encubrimiento en la modalidad \u00a0de \u00a0receptaci\u00f3n, hecho punible que no se encuentra enlistado dentro de aquellos \u00a0que \u00a0la \u00a0norma \u00a0citada \u00a0contempla \u00a0como susceptibles de extinci\u00f3n de la acci\u00f3n \u00a0penal por indemnizaci\u00f3n integral. \u00a0\u00a0<\/p>\n<p>En \u00a0efecto, \u00a0los \u00a0punibles \u00a0de \u00a0homicidio \u00a0y \u00a0lesiones \u00a0 personales \u00a0culposos, \u00a0as\u00ed \u00a0como \u00a0aquellos \u00a0que \u00a0atentan \u00a0contra \u00a0el \u00a0patrimonio \u00a0econ\u00f3mico, \u00a0son \u00a0los \u00a0que, \u00a0por \u00a0mandato \u00a0legal, admiten esta forma \u00a0objetiva \u00a0de \u00a0extinci\u00f3n \u00a0de \u00a0la acci\u00f3n penal, lo que excluye la posibilidad de \u00a0que \u00a0pueda \u00a0incluirse \u00a0alg\u00fan \u00a0otro \u00a0injusto \u00a0t\u00edpico que no pertenezca a los ya \u00a0citados. \u00a0\u00a0<\/p>\n<p>Siendo \u00a0evidente \u00a0que \u00a0el \u00a0encubrimiento por \u00a0receptaci\u00f3n \u00a0 es \u00a0 un \u00a0delito \u00a0que \u00a0atenta \u00a0contra \u00a0el \u00a0bien \u00a0jur\u00eddico \u00a0de \u00a0la \u00a0administraci\u00f3n \u00a0de \u00a0justicia, surge claro entonces que no procede la solicitada \u00a0preclusi\u00f3n \u00a0de \u00a0la \u00a0investigaci\u00f3n \u00a0por reparaci\u00f3n integral del da\u00f1o causado, \u00a0menos \u00a0a\u00fan \u00a0cuando, \u00a0como \u00a0sucede \u00a0en \u00a0este caso, se vislumbra la existencia de \u00a0otros hechos punibles atentatorios contra la fe p\u00fablica. \u00a0\u00a0<\/p>\n<p>Por \u00a0lo \u00a0anterior, la Corte no precluir\u00e1 la \u00a0instrucci\u00f3n en favor del procesado. \u00a0\u00a0<\/p>\n<p>En \u00a0m\u00e9rito \u00a0de \u00a0lo \u00a0expuesto, \u00a0LA \u00a0 \u00a0SALA \u00a0 DE \u00a0 CASACION \u00a0 PENAL \u00a0 DE \u00a0 LA \u00a0 CORTE \u00a0 SUPREMA \u00a0 DE \u00a0JUSTICIA, \u00a0\u00a0<\/p>\n<p>\u00a0 \u00a0\u00a0 \u00a0\u00a0 \u00a0R E S U E L V E \u00a0\u00a0<\/p>\n<p>NO \u00a0PRECLUIR \u00a0LA \u00a0INVESTIGACION \u00a0en favor del aforado MIGUEL ANTONIO ROA \u00a0VANEGAS, \u00a0conforme \u00a0a \u00a0las \u00a0razones expuestas en esta \u00a0providencia. \u00a0\u00a0<\/p>\n<p>C\u00f3piese, \u00a0 \u00a0 \u00a0notif\u00edquese \u00a0 \u00a0 \u00a0y \u00a0c\u00famplase. \u00a0\u00a0<\/p>\n<p>FERNANDO \u00a0E. \u00a0ARBOLEDA \u00a0RIPOLL \u00a0\u00a0 \u00a0\u00a0 \u00a0\u00a0 \u00a0\u00a0 \u00a0\u00a0 \u00a0\u00a0 \u00a0 \u00a0 \u00a0\u00a0 \u00a0 \u00a0 \u00a0\u00a0RICARDO \u00a0 \u00a0 CALVETE \u00a0RANGEL \u00a0\u00a0<\/p>\n<p>JORGE \u00a0 E. \u00a0 CORDOBA \u00a0 POVEDA \u00a0 \u00a0 \u00a0 \u00a0 \u00a0\u00a0 \u00a0 \u00a0 \u00a0 \u00a0 \u00a0\u00a0 \u00a0\u00a0 \u00a0 \u00a0 \u00a0 \u00a0 \u00a0\u00a0 \u00a0\u00a0CARLOS AUGUSTO GALVEZ ARGOTE \u00a0\u00a0<\/p>\n<p>JORGE \u00a0ANIBAL \u00a0GOMEZ \u00a0GALLEGO \u00a0\u00a0 \u00a0\u00a0 \u00a0\u00a0 \u00a0\u00a0 \u00a0 \u00a0\u00a0 \u00a0 \u00a0 \u00a0 \u00a0 \u00a0 \u00a0CARLOS \u00a0 \u00a0E. \u00a0 \u00a0MEJIA \u00a0ESCOBAR \u00a0\u00a0 \u00a0\u00a0 \u00a0\u00a0 \u00a0\u00a0 \u00a0\u00a0 \u00a0\u00a0 \u00a0\u00a0 \u00a0\u00a0 \u00a0 \u00a0\u00a0 \u00a0 \u00a0 \u00a0 \u00a0 \u00a0 \u00a0 \u00a0 \u00a0 \u00a0 \u00a0 \u00a0\u00a0 \u00a0\u00a0<\/p>\n<p>DIDIMO \u00a0 \u00a0PAEZ \u00a0 \u00a0VELANDIA \u00a0\u00a0 \u00a0\u00a0 \u00a0\u00a0 \u00a0\u00a0 \u00a0 \u00a0\u00a0 \u00a0 \u00a0 \u00a0 \u00a0 \u00a0 \u00a0 \u00a0 \u00a0 \u00a0 \u00a0 \u00a0\u00a0 \u00a0 \u00a0 \u00a0\u00a0 \u00a0\u00a0 \u00a0\u00a0 \u00a0\u00a0 \u00a0\u00a0 \u00a0\u00a0 \u00a0\u00a0NILSON \u00a0PINILLA \u00a0 \u00a0 PINILLA \u00a0 \u00a0\u00a0 \u00a0 \u00a0\u00a0 \u00a0 \u00a0\u00a0 \u00a0\u00a0 \u00a0\u00a0<\/p>\n<p>JUAN \u00a0MANUEL \u00a0TORRES \u00a0FRESNEDA \u00a0\u00a0 \u00a0\u00a0 \u00a0\u00a0 \u00a0\u00a0 \u00a0 \u00a0\u00a0 \u00a0 \u00a0 \u00a0\u00a0 \u00a0 \u00a0 \u00a0PATRICIA \u00a0 \u00a0 SALAZAR \u00a0CUELLAR \u00a0\u00a0<\/p>\n<p>\u00a0 \u00a0\u00a0 \u00a0 \u00a0 \u00a0\u00a0 \u00a0\u00a0 \u00a0\u00a0 \u00a0\u00a0 \u00a0 \u00a0\u00a0 \u00a0 \u00a0 \u00a0 \u00a0 \u00a0 \u00a0 \u00a0 \u00a0 \u00a0 \u00a0 \u00a0\u00a0 \u00a0 \u00a0 \u00a0\u00a0 \u00a0\u00a0 \u00a0\u00a0 \u00a0\u00a0 \u00a0\u00a0 \u00a0\u00a0 \u00a0\u00a0 \u00a0 \u00a0\u00a0 \u00a0 \u00a0Secretaria \u00a0\u00a0<\/p>\n<p>\u00a0 \u00a0 \u00a0<\/p>\n<p><\/p>\n","protected":false},"excerpt":{"rendered":"<p>\u00a0 \u00a0 PRECLUSION \u00a0 \u00a0DE \u00a0 \u00a0LA \u00a0 \u00a0INVESTIGACION\/ \u00a0RECEPTACION \u00a0\u00a0 PROCESO \u00a0 \u00a0 \u00a0\u00a0 \u00a0\u00a0 \u00a0 \u00a0 \u00a0 \u00a0 \u00a0\u00a0 \u00a0 \u00a0 \u00a0 \u00a0 \u00a0 \u00a0\u00a0 \u00a0: 10242 \u00a0\u00a0 \u00a0 \u00a0\u00a0 \u00a0\u00a0 \u00a0\u00a0CORTE SUPREMA DE JUSTICIA \u00a0\u00a0 \u00a0 \u00a0\u00a0 \u00a0\u00a0 \u00a0\u00a0SALA DE CASACION PENAL \u00a0\u00a0 \u00a0 \u00a0\u00a0 \u00a0\u00a0 \u00a0\u00a0Magistrado Ponente: \u00a0\u00a0 \u00a0 \u00a0\u00a0 \u00a0\u00a0 [&hellip;]<\/p>\n","protected":false},"author":1,"featured_media":0,"comment_status":"open","ping_status":"open","sticky":false,"template":"","format":"standard","meta":{"footnotes":""},"categories":[4],"tags":[],"class_list":["post-284","post","type-post","status-publish","format-standard","hentry","category-4"],"_links":{"self":[{"href":"https:\/\/dmsjuridica.com\/buscador_20179478954\/salapenalcronologico20230723\/wp-json\/wp\/v2\/posts\/284","targetHints":{"allow":["GET"]}}],"collection":[{"href":"https:\/\/dmsjuridica.com\/buscador_20179478954\/salapenalcronologico20230723\/wp-json\/wp\/v2\/posts"}],"about":[{"href":"https:\/\/dmsjuridica.com\/buscador_20179478954\/salapenalcronologico20230723\/wp-json\/wp\/v2\/types\/post"}],"author":[{"embeddable":true,"href":"https:\/\/dmsjuridica.com\/buscador_20179478954\/salapenalcronologico20230723\/wp-json\/wp\/v2\/users\/1"}],"replies":[{"embeddable":true,"href":"https:\/\/dmsjuridica.com\/buscador_20179478954\/salapenalcronologico20230723\/wp-json\/wp\/v2\/comments?post=284"}],"version-history":[{"count":0,"href":"https:\/\/dmsjuridica.com\/buscador_20179478954\/salapenalcronologico20230723\/wp-json\/wp\/v2\/posts\/284\/revisions"}],"wp:attachment":[{"href":"https:\/\/dmsjuridica.com\/buscador_20179478954\/salapenalcronologico20230723\/wp-json\/wp\/v2\/media?parent=284"}],"wp:term":[{"taxonomy":"category","embeddable":true,"href":"https:\/\/dmsjuridica.com\/buscador_20179478954\/salapenalcronologico20230723\/wp-json\/wp\/v2\/categories?post=284"},{"taxonomy":"post_tag","embeddable":true,"href":"https:\/\/dmsjuridica.com\/buscador_20179478954\/salapenalcronologico20230723\/wp-json\/wp\/v2\/tags?post=284"}],"curies":[{"name":"wp","href":"https:\/\/api.w.org\/{rel}","templated":true}]}}